{"id":7514,"date":"2021-11-10T05:42:00","date_gmt":"2021-11-10T08:42:00","guid":{"rendered":"https:\/\/www.padreeustaquio.com.br\/?p=7514"},"modified":"2021-11-09T15:24:39","modified_gmt":"2021-11-09T18:24:39","slug":"hace-veinticuatro-anos-el-milagro-estaba-siendo-analizado-en-su-fase-final-para-su-beatificacion","status":"publish","type":"post","link":"https:\/\/www.padreeustaquio.com.br\/es\/hace-veinticuatro-anos-el-milagro-estaba-siendo-analizado-en-su-fase-final-para-su-beatificacion\/","title":{"rendered":"Hace veinticuatro a\u00f1os se estaba analizando un milagro en su fase final para su Beatificaci\u00f3n."},"content":{"rendered":"<p>El 12 de noviembre de 1997, el entonces Postulador General de la Congregaci\u00f3n de los Sagrados Corazones, Padre \u00c1ngel Lucas, ss.cc., solicit\u00f3 al grupo m\u00e9dico del Vaticano un an\u00e1lisis para evaluar el extraordinario suceso ocurrido en la garganta del Padre Gon\u00e7alo Bel\u00e9m. El sacerdote hab\u00eda pedido la curaci\u00f3n del c\u00e1ncer y, por intercesi\u00f3n del Padre Eust\u00e1quio, hab\u00eda recibido esta gracia.<\/p>\n\n\n\n<p>Despu\u00e9s de pasar por gran parte del proceso de Beatificaci\u00f3n\/Canonizaci\u00f3n, que es la investigaci\u00f3n de la vida de santidad de una persona, el candidato, en nuestro caso el Padre Eustaquio, necesita haber comprobado la curaci\u00f3n milagrosa de una enfermedad, en vista de su intercesi\u00f3n ante Dios.<\/p>\n\n\n\n<p>Tras ser proclamado Siervo de Dios, el Padre Eustaquio fue considerado un verdadero h\u00e9roe de la fe, recibiendo el t\u00edtulo de Venerable Padre Eustaquio. Ahora, era momento de analizar el suceso ocurrido con el Padre Bel\u00e9n. <\/p>\n\n\n\n<p>Luego vino la sorprendente curaci\u00f3n del c\u00e1ncer por intercesi\u00f3n del Padre Eust\u00e1quio en beneficio del sacerdote de Belo Horizonte, lo cual fue cient\u00edficamente comprobado. V\u00e9ase el relato del Cardenal Dom Serafim Fernandes de Ara\u00fajo, Arzobispo de Belo Horizonte\/MG (1986-2004):<\/p>\n\n\n\n<p>\u201c<em>Un jueves por la ma\u00f1ana, el padre Gon\u00e7alo Bel\u00e9m Rocha nos pidi\u00f3 a Dom Jo\u00e3o y a m\u00ed que lo recibi\u00e9ramos. Se desped\u00eda de nosotros, pues le hab\u00edan diagnosticado c\u00e1ncer de garganta. Est\u00e1bamos desconsolados. El padre Bel\u00e9m llor\u00f3, y ambos lloramos con nuestro amigo y nuestro hijo. As\u00ed nos despedimos. Dom Jo\u00e3o me mir\u00f3, yo mir\u00e9 a Dom Jo\u00e3o, y me inspir\u00f3 una idea. Dije: \u2018Dom Jo\u00e3o, subamos a la capilla y pidamos a Dios con fervor que, por la intercesi\u00f3n del padre Eust\u00e1quio, cure al padre Bel\u00e9m\u2019. Rezamos unos minutos. Y pusimos a ese sacerdote en manos del padre Eust\u00e1quio, cuyo proceso de canonizaci\u00f3n hab\u00edamos iniciado poco antes. Durante la operaci\u00f3n del lunes, ocurri\u00f3 algo impensable. Los m\u00e9dicos se miraron, pero la radiograf\u00eda confirm\u00f3 que \u2018no hab\u00eda nada que extirpar\u2019; \u00a1alguien se hab\u00eda adelantado!... El padre Bel\u00e9m vivi\u00f3 50 a\u00f1os m\u00e1s. &quot;Santo es santo, un torbellino de Dios que nadie puede detener.&quot;\u201d<\/em>.<\/p>\n\n\n\n<p>Una vez finalizado el an\u00e1lisis por parte del clero local (dirigido por el postulador), el caso se env\u00eda al Vaticano, lo que ocurri\u00f3 en enero de 1998. El an\u00e1lisis lo lleva a cabo un grupo llamado Consulta Romana, con m\u00e1s de 80 m\u00e9dicos, en su mayor\u00eda italianos. En cada investigaci\u00f3n suelen participar entre seis y siete personas de diversas especialidades. Su tarea no es estampar ning\u00fan milagro en su expediente; al contrario, la Iglesia les pide una explicaci\u00f3n de una curaci\u00f3n en particular. Si los m\u00e9dicos no logran encontrar esta raz\u00f3n, la Iglesia puede concluir que hubo una curaci\u00f3n divina.<\/p>\n\n\n\n<p>El milagro en la garganta del padre Bel\u00e9m fue investigado por una junta m\u00e9dica y llevado a conocimiento del Papa Benedicto XVI, quien lo aprob\u00f3 efectivamente en 2005, conduciendo as\u00ed a su beatificaci\u00f3n.<\/p>\n\n\n\n<p><\/p>","protected":false},"excerpt":{"rendered":"<p>Foi no dia 12 de novembro de 1997, que o ent\u00e3o postulador-geral da Congrega\u00e7\u00e3o dos Sagrados Cora\u00e7\u00f5es, o padre Angel Lucas, ss.cc., dava entrada com o pedido de an\u00e1lise junto ao grupo m\u00e9dico do Vaticano para avaliar o fato extraordin\u00e1rio ocorrido na garganta do Padre Gon\u00e7alo Bel\u00e9m. O sacerdote havia pedido a cura de um c\u00e2ncer e, por intercess\u00e3o de Padre Eust\u00e1quio, conseguiu alcan\u00e7ar a gra\u00e7a. Depois de passar pela maior parte de um processo de Beatifica\u00e7\u00e3o\/Canoniza\u00e7\u00e3o, que \u00e9 a investiga\u00e7\u00e3o da vida de santidade de uma pessoa, o candidato, no nosso caso Padre Eust\u00e1quio precisa ter comprovado a cura [&hellip;]<\/p>\n","protected":false},"author":2,"featured_media":7515,"comment_status":"open","ping_status":"closed","sticky":false,"template":"","format":"standard","meta":{"_acf_changed":false,"footnotes":""},"categories":[611],"tags":[],"class_list":["post-7514","post","type-post","status-publish","format-standard","has-post-thumbnail","hentry","category-noticias"],"acf":[],"yoast_head":"<!-- This site is optimized with the Yoast SEO plugin v27.2 - https:\/\/yoast.com\/product\/yoast-seo-wordpress\/ -->\n<title>H\u00e1 24 anos milagre era analisado em fase final para a Beatifica\u00e7\u00e3o<\/title>\n<meta name=\"description\" content=\"Foi no dia 12 de novembro de 1997, que o ent\u00e3o postulador-geral da Congrega\u00e7\u00e3o dos Sagrados Cora\u00e7\u00f5es, o padre Angel Lucas, ss.cc., dava entrada com o pedido de an\u00e1lise junto ao grupo m\u00e9dico do Vaticano para avaliar o fato extraordin\u00e1rio ocorrido na garganta do Padre Gon\u00e7alo Bel\u00e9m.\" \/>\n<meta name=\"robots\" content=\"index, follow, max-snippet:-1, max-image-preview:large, max-video-preview:-1\" \/>\n<link rel=\"canonical\" href=\"https:\/\/www.padreeustaquio.com.br\/es\/hace-veinticuatro-anos-el-milagro-estaba-siendo-analizado-en-su-fase-final-para-su-beatificacion\/\" \/>\n<meta property=\"og:locale\" content=\"es_ES\" \/>\n<meta property=\"og:type\" content=\"article\" \/>\n<meta property=\"og:title\" content=\"H\u00e1 24 anos milagre era analisado em fase final para a Beatifica\u00e7\u00e3o\" \/>\n<meta property=\"og:description\" content=\"Foi no dia 12 de novembro de 1997, que o ent\u00e3o postulador-geral da Congrega\u00e7\u00e3o dos Sagrados Cora\u00e7\u00f5es, o padre Angel Lucas, ss.cc., dava entrada com o pedido de an\u00e1lise junto ao grupo m\u00e9dico do Vaticano para avaliar o fato extraordin\u00e1rio ocorrido na garganta do Padre Gon\u00e7alo Bel\u00e9m.\" \/>\n<meta property=\"og:url\" content=\"https:\/\/www.padreeustaquio.com.br\/es\/hace-veinticuatro-anos-el-milagro-estaba-siendo-analizado-en-su-fase-final-para-su-beatificacion\/\" \/>\n<meta property=\"og:site_name\" content=\"Padre Eust\u00e1quio\" \/>\n<meta property=\"article:publisher\" content=\"https:\/\/www.facebook.com\/beatopadreeustaquio\/\" \/>\n<meta property=\"article:published_time\" content=\"2021-11-10T08:42:00+00:00\" \/>\n<meta property=\"og:image\" content=\"https:\/\/www.padreeustaquio.com.br\/wp-content\/uploads\/2021\/11\/1525-scaled.jpg\" \/>\n\t<meta property=\"og:image:width\" content=\"2560\" \/>\n\t<meta property=\"og:image:height\" content=\"1702\" \/>\n\t<meta property=\"og:image:type\" content=\"image\/jpeg\" \/>\n<meta name=\"author\" content=\"@sscc\" \/>\n<meta name=\"twitter:card\" content=\"summary_large_image\" \/>\n<meta name=\"twitter:creator\" content=\"@beatopeustaquio\" \/>\n<meta name=\"twitter:site\" content=\"@beatopeustaquio\" \/>\n<meta name=\"twitter:label1\" content=\"Escrito por\" \/>\n\t<meta name=\"twitter:data1\" content=\"@sscc\" \/>\n\t<meta name=\"twitter:label2\" content=\"Tiempo de lectura\" \/>\n\t<meta name=\"twitter:data2\" content=\"3 minutos\" \/>\n<script type=\"application\/ld+json\" class=\"yoast-schema-graph\">{\"@context\":\"https:\/\/schema.org\",\"@graph\":[{\"@type\":\"Article\",\"@id\":\"https:\/\/www.padreeustaquio.com.br\/ha-24-anos-milagre-era-analisado-em-fase-final-para-a-beatificacao\/#article\",\"isPartOf\":{\"@id\":\"https:\/\/www.padreeustaquio.com.br\/ha-24-anos-milagre-era-analisado-em-fase-final-para-a-beatificacao\/\"},\"author\":{\"name\":\"@sscc\",\"@id\":\"https:\/\/www.padreeustaquio.com.br\/#\/schema\/person\/a2a51db1d00f1a7af0204a0f1ddb1566\"},\"headline\":\"H\u00e1 24 anos milagre era analisado em fase final para a Beatifica\u00e7\u00e3o\",\"datePublished\":\"2021-11-10T08:42:00+00:00\",\"mainEntityOfPage\":{\"@id\":\"https:\/\/www.padreeustaquio.com.br\/ha-24-anos-milagre-era-analisado-em-fase-final-para-a-beatificacao\/\"},\"wordCount\":541,\"commentCount\":0,\"publisher\":{\"@id\":\"https:\/\/www.padreeustaquio.com.br\/#organization\"},\"image\":{\"@id\":\"https:\/\/www.padreeustaquio.com.br\/ha-24-anos-milagre-era-analisado-em-fase-final-para-a-beatificacao\/#primaryimage\"},\"thumbnailUrl\":\"https:\/\/www.padreeustaquio.com.br\/wp-content\/uploads\/2021\/11\/1525-scaled.jpg\",\"articleSection\":[\"Not\u00edcias\"],\"inLanguage\":\"es\",\"potentialAction\":[{\"@type\":\"CommentAction\",\"name\":\"Comment\",\"target\":[\"https:\/\/www.padreeustaquio.com.br\/ha-24-anos-milagre-era-analisado-em-fase-final-para-a-beatificacao\/#respond\"]}]},{\"@type\":\"WebPage\",\"@id\":\"https:\/\/www.padreeustaquio.com.br\/ha-24-anos-milagre-era-analisado-em-fase-final-para-a-beatificacao\/\",\"url\":\"https:\/\/www.padreeustaquio.com.br\/ha-24-anos-milagre-era-analisado-em-fase-final-para-a-beatificacao\/\",\"name\":\"H\u00e1 24 anos milagre era analisado em fase final para a Beatifica\u00e7\u00e3o\",\"isPartOf\":{\"@id\":\"https:\/\/www.padreeustaquio.com.br\/#website\"},\"primaryImageOfPage\":{\"@id\":\"https:\/\/www.padreeustaquio.com.br\/ha-24-anos-milagre-era-analisado-em-fase-final-para-a-beatificacao\/#primaryimage\"},\"image\":{\"@id\":\"https:\/\/www.padreeustaquio.com.br\/ha-24-anos-milagre-era-analisado-em-fase-final-para-a-beatificacao\/#primaryimage\"},\"thumbnailUrl\":\"https:\/\/www.padreeustaquio.com.br\/wp-content\/uploads\/2021\/11\/1525-scaled.jpg\",\"datePublished\":\"2021-11-10T08:42:00+00:00\",\"description\":\"Foi no dia 12 de novembro de 1997, que o ent\u00e3o postulador-geral da Congrega\u00e7\u00e3o dos Sagrados Cora\u00e7\u00f5es, o padre Angel Lucas, ss.cc., dava entrada com o pedido de an\u00e1lise junto ao grupo m\u00e9dico do Vaticano para avaliar o fato extraordin\u00e1rio ocorrido na garganta do Padre Gon\u00e7alo Bel\u00e9m.\",\"breadcrumb\":{\"@id\":\"https:\/\/www.padreeustaquio.com.br\/ha-24-anos-milagre-era-analisado-em-fase-final-para-a-beatificacao\/#breadcrumb\"},\"inLanguage\":\"es\",\"potentialAction\":[{\"@type\":\"ReadAction\",\"target\":[\"https:\/\/www.padreeustaquio.com.br\/ha-24-anos-milagre-era-analisado-em-fase-final-para-a-beatificacao\/\"]}]},{\"@type\":\"ImageObject\",\"inLanguage\":\"es\",\"@id\":\"https:\/\/www.padreeustaquio.com.br\/ha-24-anos-milagre-era-analisado-em-fase-final-para-a-beatificacao\/#primaryimage\",\"url\":\"https:\/\/www.padreeustaquio.com.br\/wp-content\/uploads\/2021\/11\/1525-scaled.jpg\",\"contentUrl\":\"https:\/\/www.padreeustaquio.com.br\/wp-content\/uploads\/2021\/11\/1525-scaled.jpg\",\"width\":2560,\"height\":1702,\"caption\":\"O miraculado Padre Gon\u00e7alo Bel\u00e9m (de \u00f3culos) sendo cumprimentado por D. Luciano Mendes de Almeida, no dia da Beatifica\u00e7\u00e3o\"},{\"@type\":\"BreadcrumbList\",\"@id\":\"https:\/\/www.padreeustaquio.com.br\/ha-24-anos-milagre-era-analisado-em-fase-final-para-a-beatificacao\/#breadcrumb\",\"itemListElement\":[{\"@type\":\"ListItem\",\"position\":1,\"name\":\"In\u00edcio\",\"item\":\"https:\/\/www.padreeustaquio.com.br\/\"},{\"@type\":\"ListItem\",\"position\":2,\"name\":\"H\u00e1 24 anos milagre era analisado em fase final para a Beatifica\u00e7\u00e3o\"}]},{\"@type\":\"WebSite\",\"@id\":\"https:\/\/www.padreeustaquio.com.br\/#website\",\"url\":\"https:\/\/www.padreeustaquio.com.br\/\",\"name\":\"Padre Eust\u00e1quio\",\"description\":\"Sa\u00fade e Paz\",\"publisher\":{\"@id\":\"https:\/\/www.padreeustaquio.com.br\/#organization\"},\"potentialAction\":[{\"@type\":\"SearchAction\",\"target\":{\"@type\":\"EntryPoint\",\"urlTemplate\":\"https:\/\/www.padreeustaquio.com.br\/?s={search_term_string}\"},\"query-input\":{\"@type\":\"PropertyValueSpecification\",\"valueRequired\":true,\"valueName\":\"search_term_string\"}}],\"inLanguage\":\"es\"},{\"@type\":\"Organization\",\"@id\":\"https:\/\/www.padreeustaquio.com.br\/#organization\",\"name\":\"Padre Eust\u00e1quio\",\"url\":\"https:\/\/www.padreeustaquio.com.br\/\",\"logo\":{\"@type\":\"ImageObject\",\"inLanguage\":\"es\",\"@id\":\"https:\/\/www.padreeustaquio.com.br\/#\/schema\/logo\/image\/\",\"url\":\"https:\/\/www.padreeustaquio.com.br\/wp-content\/uploads\/2019\/08\/marca.png\",\"contentUrl\":\"https:\/\/www.padreeustaquio.com.br\/wp-content\/uploads\/2019\/08\/marca.png\",\"width\":350,\"height\":400,\"caption\":\"Padre Eust\u00e1quio\"},\"image\":{\"@id\":\"https:\/\/www.padreeustaquio.com.br\/#\/schema\/logo\/image\/\"},\"sameAs\":[\"https:\/\/www.facebook.com\/beatopadreeustaquio\/\",\"https:\/\/x.com\/beatopeustaquio\",\"https:\/\/www.instagram.com\/beatopadreeustaquio\/\",\"https:\/\/www.youtube.com\/channel\/UCRhw7vfabnajwLxb1ZXMeIw\"]},{\"@type\":\"Person\",\"@id\":\"https:\/\/www.padreeustaquio.com.br\/#\/schema\/person\/a2a51db1d00f1a7af0204a0f1ddb1566\",\"name\":\"@sscc\",\"image\":{\"@type\":\"ImageObject\",\"inLanguage\":\"es\",\"@id\":\"https:\/\/secure.gravatar.com\/avatar\/68cfafa5f44617fea54071e215026e0ff06be366c3d54a8425f04fdcb86f8c5f?s=96&d=mm&r=g\",\"url\":\"https:\/\/secure.gravatar.com\/avatar\/68cfafa5f44617fea54071e215026e0ff06be366c3d54a8425f04fdcb86f8c5f?s=96&d=mm&r=g\",\"contentUrl\":\"https:\/\/secure.gravatar.com\/avatar\/68cfafa5f44617fea54071e215026e0ff06be366c3d54a8425f04fdcb86f8c5f?s=96&d=mm&r=g\",\"caption\":\"@sscc\"},\"url\":\"https:\/\/www.padreeustaquio.com.br\/es\/author\/sscc\/\"}]}<\/script>\n<!-- \/ Yoast SEO plugin. -->","yoast_head_json":{"title":"Hace veinticuatro a\u00f1os se estaba analizando un milagro en su fase final para su Beatificaci\u00f3n.","description":"Fue el 12 de noviembre de 1997, que el entonces Postulador General de la Congregaci\u00f3n de los Sagrados Corazones, Padre \u00c1ngel Lucas, ss.cc., present\u00f3 una solicitud al grupo m\u00e9dico vaticano para que se le hicieran an\u00e1lisis para evaluar el extraordinario suceso ocurrido en la garganta del Padre Gon\u00e7alo Bel\u00e9m.","robots":{"index":"index","follow":"follow","max-snippet":"max-snippet:-1","max-image-preview":"max-image-preview:large","max-video-preview":"max-video-preview:-1"},"canonical":"https:\/\/www.padreeustaquio.com.br\/es\/hace-veinticuatro-anos-el-milagro-estaba-siendo-analizado-en-su-fase-final-para-su-beatificacion\/","og_locale":"es_ES","og_type":"article","og_title":"H\u00e1 24 anos milagre era analisado em fase final para a Beatifica\u00e7\u00e3o","og_description":"Foi no dia 12 de novembro de 1997, que o ent\u00e3o postulador-geral da Congrega\u00e7\u00e3o dos Sagrados Cora\u00e7\u00f5es, o padre Angel Lucas, ss.cc., dava entrada com o pedido de an\u00e1lise junto ao grupo m\u00e9dico do Vaticano para avaliar o fato extraordin\u00e1rio ocorrido na garganta do Padre Gon\u00e7alo Bel\u00e9m.","og_url":"https:\/\/www.padreeustaquio.com.br\/es\/hace-veinticuatro-anos-el-milagro-estaba-siendo-analizado-en-su-fase-final-para-su-beatificacion\/","og_site_name":"Padre Eust\u00e1quio","article_publisher":"https:\/\/www.facebook.com\/beatopadreeustaquio\/","article_published_time":"2021-11-10T08:42:00+00:00","og_image":[{"width":2560,"height":1702,"url":"https:\/\/www.padreeustaquio.com.br\/wp-content\/uploads\/2021\/11\/1525-scaled.jpg","type":"image\/jpeg"}],"author":"@sscc","twitter_card":"summary_large_image","twitter_creator":"@beatopeustaquio","twitter_site":"@beatopeustaquio","twitter_misc":{"Escrito por":"@sscc","Tiempo de lectura":"3 minutos"},"schema":{"@context":"https:\/\/schema.org","@graph":[{"@type":"Article","@id":"https:\/\/www.padreeustaquio.com.br\/ha-24-anos-milagre-era-analisado-em-fase-final-para-a-beatificacao\/#article","isPartOf":{"@id":"https:\/\/www.padreeustaquio.com.br\/ha-24-anos-milagre-era-analisado-em-fase-final-para-a-beatificacao\/"},"author":{"name":"@sscc","@id":"https:\/\/www.padreeustaquio.com.br\/#\/schema\/person\/a2a51db1d00f1a7af0204a0f1ddb1566"},"headline":"H\u00e1 24 anos milagre era analisado em fase final para a Beatifica\u00e7\u00e3o","datePublished":"2021-11-10T08:42:00+00:00","mainEntityOfPage":{"@id":"https:\/\/www.padreeustaquio.com.br\/ha-24-anos-milagre-era-analisado-em-fase-final-para-a-beatificacao\/"},"wordCount":541,"commentCount":0,"publisher":{"@id":"https:\/\/www.padreeustaquio.com.br\/#organization"},"image":{"@id":"https:\/\/www.padreeustaquio.com.br\/ha-24-anos-milagre-era-analisado-em-fase-final-para-a-beatificacao\/#primaryimage"},"thumbnailUrl":"https:\/\/www.padreeustaquio.com.br\/wp-content\/uploads\/2021\/11\/1525-scaled.jpg","articleSection":["Not\u00edcias"],"inLanguage":"es","potentialAction":[{"@type":"CommentAction","name":"Comment","target":["https:\/\/www.padreeustaquio.com.br\/ha-24-anos-milagre-era-analisado-em-fase-final-para-a-beatificacao\/#respond"]}]},{"@type":"WebPage","@id":"https:\/\/www.padreeustaquio.com.br\/ha-24-anos-milagre-era-analisado-em-fase-final-para-a-beatificacao\/","url":"https:\/\/www.padreeustaquio.com.br\/ha-24-anos-milagre-era-analisado-em-fase-final-para-a-beatificacao\/","name":"Hace veinticuatro a\u00f1os se estaba analizando un milagro en su fase final para su Beatificaci\u00f3n.","isPartOf":{"@id":"https:\/\/www.padreeustaquio.com.br\/#website"},"primaryImageOfPage":{"@id":"https:\/\/www.padreeustaquio.com.br\/ha-24-anos-milagre-era-analisado-em-fase-final-para-a-beatificacao\/#primaryimage"},"image":{"@id":"https:\/\/www.padreeustaquio.com.br\/ha-24-anos-milagre-era-analisado-em-fase-final-para-a-beatificacao\/#primaryimage"},"thumbnailUrl":"https:\/\/www.padreeustaquio.com.br\/wp-content\/uploads\/2021\/11\/1525-scaled.jpg","datePublished":"2021-11-10T08:42:00+00:00","description":"Fue el 12 de noviembre de 1997, que el entonces Postulador General de la Congregaci\u00f3n de los Sagrados Corazones, Padre \u00c1ngel Lucas, ss.cc., present\u00f3 una solicitud al grupo m\u00e9dico vaticano para que se le hicieran an\u00e1lisis para evaluar el extraordinario suceso ocurrido en la garganta del Padre Gon\u00e7alo Bel\u00e9m.","breadcrumb":{"@id":"https:\/\/www.padreeustaquio.com.br\/ha-24-anos-milagre-era-analisado-em-fase-final-para-a-beatificacao\/#breadcrumb"},"inLanguage":"es","potentialAction":[{"@type":"ReadAction","target":["https:\/\/www.padreeustaquio.com.br\/ha-24-anos-milagre-era-analisado-em-fase-final-para-a-beatificacao\/"]}]},{"@type":"ImageObject","inLanguage":"es","@id":"https:\/\/www.padreeustaquio.com.br\/ha-24-anos-milagre-era-analisado-em-fase-final-para-a-beatificacao\/#primaryimage","url":"https:\/\/www.padreeustaquio.com.br\/wp-content\/uploads\/2021\/11\/1525-scaled.jpg","contentUrl":"https:\/\/www.padreeustaquio.com.br\/wp-content\/uploads\/2021\/11\/1525-scaled.jpg","width":2560,"height":1702,"caption":"O miraculado Padre Gon\u00e7alo Bel\u00e9m (de \u00f3culos) sendo cumprimentado por D. Luciano Mendes de Almeida, no dia da Beatifica\u00e7\u00e3o"},{"@type":"BreadcrumbList","@id":"https:\/\/www.padreeustaquio.com.br\/ha-24-anos-milagre-era-analisado-em-fase-final-para-a-beatificacao\/#breadcrumb","itemListElement":[{"@type":"ListItem","position":1,"name":"In\u00edcio","item":"https:\/\/www.padreeustaquio.com.br\/"},{"@type":"ListItem","position":2,"name":"H\u00e1 24 anos milagre era analisado em fase final para a Beatifica\u00e7\u00e3o"}]},{"@type":"WebSite","@id":"https:\/\/www.padreeustaquio.com.br\/#website","url":"https:\/\/www.padreeustaquio.com.br\/","name":"Padre Eustace","description":"Salud y Paz","publisher":{"@id":"https:\/\/www.padreeustaquio.com.br\/#organization"},"potentialAction":[{"@type":"SearchAction","target":{"@type":"EntryPoint","urlTemplate":"https:\/\/www.padreeustaquio.com.br\/?s={search_term_string}"},"query-input":{"@type":"PropertyValueSpecification","valueRequired":true,"valueName":"search_term_string"}}],"inLanguage":"es"},{"@type":"Organization","@id":"https:\/\/www.padreeustaquio.com.br\/#organization","name":"Padre Eustace","url":"https:\/\/www.padreeustaquio.com.br\/","logo":{"@type":"ImageObject","inLanguage":"es","@id":"https:\/\/www.padreeustaquio.com.br\/#\/schema\/logo\/image\/","url":"https:\/\/www.padreeustaquio.com.br\/wp-content\/uploads\/2019\/08\/marca.png","contentUrl":"https:\/\/www.padreeustaquio.com.br\/wp-content\/uploads\/2019\/08\/marca.png","width":350,"height":400,"caption":"Padre Eust\u00e1quio"},"image":{"@id":"https:\/\/www.padreeustaquio.com.br\/#\/schema\/logo\/image\/"},"sameAs":["https:\/\/www.facebook.com\/beatopadreeustaquio\/","https:\/\/x.com\/beatopeustaquio","https:\/\/www.instagram.com\/beatopadreeustaquio\/","https:\/\/www.youtube.com\/channel\/UCRhw7vfabnajwLxb1ZXMeIw"]},{"@type":"Person","@id":"https:\/\/www.padreeustaquio.com.br\/#\/schema\/person\/a2a51db1d00f1a7af0204a0f1ddb1566","name":"@sscc","image":{"@type":"ImageObject","inLanguage":"es","@id":"https:\/\/secure.gravatar.com\/avatar\/68cfafa5f44617fea54071e215026e0ff06be366c3d54a8425f04fdcb86f8c5f?s=96&d=mm&r=g","url":"https:\/\/secure.gravatar.com\/avatar\/68cfafa5f44617fea54071e215026e0ff06be366c3d54a8425f04fdcb86f8c5f?s=96&d=mm&r=g","contentUrl":"https:\/\/secure.gravatar.com\/avatar\/68cfafa5f44617fea54071e215026e0ff06be366c3d54a8425f04fdcb86f8c5f?s=96&d=mm&r=g","caption":"@sscc"},"url":"https:\/\/www.padreeustaquio.com.br\/es\/author\/sscc\/"}]}},"_links":{"self":[{"href":"https:\/\/www.padreeustaquio.com.br\/es\/wp-json\/wp\/v2\/posts\/7514","targetHints":{"allow":["GET"]}}],"collection":[{"href":"https:\/\/www.padreeustaquio.com.br\/es\/wp-json\/wp\/v2\/posts"}],"about":[{"href":"https:\/\/www.padreeustaquio.com.br\/es\/wp-json\/wp\/v2\/types\/post"}],"author":[{"embeddable":true,"href":"https:\/\/www.padreeustaquio.com.br\/es\/wp-json\/wp\/v2\/users\/2"}],"replies":[{"embeddable":true,"href":"https:\/\/www.padreeustaquio.com.br\/es\/wp-json\/wp\/v2\/comments?post=7514"}],"version-history":[{"count":0,"href":"https:\/\/www.padreeustaquio.com.br\/es\/wp-json\/wp\/v2\/posts\/7514\/revisions"}],"wp:featuredmedia":[{"embeddable":true,"href":"https:\/\/www.padreeustaquio.com.br\/es\/wp-json\/wp\/v2\/media\/7515"}],"wp:attachment":[{"href":"https:\/\/www.padreeustaquio.com.br\/es\/wp-json\/wp\/v2\/media?parent=7514"}],"wp:term":[{"taxonomy":"category","embeddable":true,"href":"https:\/\/www.padreeustaquio.com.br\/es\/wp-json\/wp\/v2\/categories?post=7514"},{"taxonomy":"post_tag","embeddable":true,"href":"https:\/\/www.padreeustaquio.com.br\/es\/wp-json\/wp\/v2\/tags?post=7514"}],"curies":[{"name":"wp","href":"https:\/\/api.w.org\/{rel}","templated":true}]}}