{"id":7438,"date":"2021-11-01T10:58:00","date_gmt":"2021-11-01T13:58:00","guid":{"rendered":"https:\/\/www.padreeustaquio.com.br\/?p=7438"},"modified":"2021-11-01T10:58:55","modified_gmt":"2021-11-01T13:58:55","slug":"el-vicepostulador-preside-la-misa-de-clausura-de-la-reunion-de-la-tercera-edad","status":"publish","type":"post","link":"https:\/\/www.padreeustaquio.com.br\/es\/el-vicepostulador-preside-la-misa-de-clausura-de-la-reunion-de-la-tercera-edad\/","title":{"rendered":"El vicepostulador preside la Misa de clausura del Encuentro de la Tercera Edad."},"content":{"rendered":"<p>La Misa de clausura del XXII Encuentro Nacional de Personas Mayores (Dedo de Prosa) fue presidida por el Padre Vin\u00edcius Maciel, ss.cc., vicepostulador, responsable de la Causa de Canonizaci\u00f3n del Beato Padre Eust\u00e1quio en Brasil. La celebraci\u00f3n, celebrada el domingo 31 a las 15:00 h, estuvo marcada por una gran fe y emoci\u00f3n.<\/p>\n\n\n\n<p>Con el lema &quot;Veo flores en ti&quot;, el encuentro reuni\u00f3 a unas 800 personas de diversas partes del pa\u00eds. Tras casi dos a\u00f1os sin un evento importante, el encuentro &quot;Dedo de Prosa&quot; regres\u00f3 con fuerza. Fue un evento integral de cuatro d\u00edas que incluy\u00f3 un festival de talentos, talleres, actividades, espect\u00e1culos, bailes tem\u00e1ticos, una misa, playa, sol, mar y momentos de conexi\u00f3n con gente maravillosa de todo el pa\u00eds.<\/p>\n\n\n\n<div class=\"wp-block-image\"><figure class=\"alignleft size-full is-resized\"><img fetchpriority=\"high\" decoding=\"async\" src=\"https:\/\/www.padreeustaquio.com.br\/wp-content\/uploads\/2021\/11\/Padre-Vinicius-no-Dedo-de-Prosa-ok.jpeg\" alt=\"\" class=\"wp-image-7441\" width=\"316\" height=\"257\" srcset=\"https:\/\/www.padreeustaquio.com.br\/wp-content\/uploads\/2021\/11\/Padre-Vinicius-no-Dedo-de-Prosa-ok.jpeg 576w, https:\/\/www.padreeustaquio.com.br\/wp-content\/uploads\/2021\/11\/Padre-Vinicius-no-Dedo-de-Prosa-ok-300x244.jpeg 300w\" sizes=\"(max-width: 316px) 100vw, 316px\" \/><\/figure><\/div>\n\n\n\n<p>Durante la Celebraci\u00f3n Eucar\u00edstica, los participantes tuvieron momentos de reflexi\u00f3n y oraci\u00f3n, adem\u00e1s de escuchar las palabras del Padre Vin\u00edcius Maciel, quien centr\u00f3 su homil\u00eda en la esperanza, meditando principalmente sobre el dif\u00edcil momento de la pandemia, pero siempre buscando vivir cada minuto de la vida con intensidad, ahora que todo est\u00e1 pasando. Muchas personas mayores se emocionaron, especialmente en la inauguraci\u00f3n del evento el d\u00eda 28, cuando el sacerdote entr\u00f3 en el teatro principal, acompa\u00f1ado de voluntarios que portaron la imagen de Cristo Resucitado como signo de fe y esperanza.<\/p>\n\n\n\n<p>El encuentro tuvo lugar en el Sesc Praia Formosa, en Aracruz, Esp\u00edrito Santo, un centro tur\u00edstico ubicado a pocos metros de la playa y a unos 50 kil\u00f3metros del Aeropuerto de Vit\u00f3ria, cerca de aldeas ind\u00edgenas que ofrecen la oportunidad de conocer de cerca la cultura de los pueblos ind\u00edgenas de la regi\u00f3n.<\/p>\n\n\n\n<p>El &quot;Encuentro Dedo de Prosa&quot; surgi\u00f3 del &quot;Programa Dedo de Prosa&quot;, el primer programa de televisi\u00f3n brasile\u00f1o dirigido a personas mayores. Conducido por Juarez Elisi\u00e1rio, es una excelente opci\u00f3n de entretenimiento y un espacio para debatir sobre el envejecimiento activo en la poblaci\u00f3n.<\/p>","protected":false},"excerpt":{"rendered":"<p>A Santa Missa de encerramento do 22\u00ba Encontro Nacional Dedo de Prosa da Melhor idade foi presidida pelo padre Vin\u00edcius Maciel, ss.cc., vice-postulador, respons\u00e1vel pela Causa de Canoniza\u00e7\u00e3o do Beato Padre Eust\u00e1quio no Brasil. A celebra\u00e7\u00e3o realizada ness domingo, dia 31, \u00e0s 15h, foi marcada por muita f\u00e9 e emo\u00e7\u00e3o. Com o tema \u201cEu vejo flores em voc\u00ea\u201d o encontro reuniu cerca de 800 pessoas de v\u00e1rias partes do pa\u00eds. Depois de ficar quase dois anos sem a realiza\u00e7\u00e3o de um grande evento, o encontro \u201cDedo de Prosa\u201d voltou com for\u00e7a total. Foram quatro dias de um evento completo, com [&hellip;]<\/p>\n","protected":false},"author":2,"featured_media":7439,"comment_status":"open","ping_status":"closed","sticky":false,"template":"","format":"standard","meta":{"_acf_changed":false,"footnotes":""},"categories":[611],"tags":[],"class_list":["post-7438","post","type-post","status-publish","format-standard","has-post-thumbnail","hentry","category-noticias"],"acf":[],"yoast_head":"<!-- This site is optimized with the Yoast SEO plugin v27.2 - https:\/\/yoast.com\/product\/yoast-seo-wordpress\/ -->\n<title>Vice-postulador preside missa em encerramento de Encontro da 3\u00aa idade<\/title>\n<meta name=\"description\" content=\"A Santa Missa de encerramento do 22\u00ba Encontro Nacional Dedo de Prosa da Melhor idade foi presidida pelo padre Vin\u00edcius Maciel, ss.cc., vice-postulador, respons\u00e1vel pela Causa de Canoniza\u00e7\u00e3o do Beato Padre Eust\u00e1quio no Brasil. A celebra\u00e7\u00e3o realizada ness domingo, dia 31, \u00e0s 15h, foi marcada por muita f\u00e9 e emo\u00e7\u00e3o.\" \/>\n<meta name=\"robots\" content=\"index, follow, max-snippet:-1, max-image-preview:large, max-video-preview:-1\" \/>\n<link rel=\"canonical\" href=\"https:\/\/www.padreeustaquio.com.br\/es\/el-vicepostulador-preside-la-misa-de-clausura-de-la-reunion-de-la-tercera-edad\/\" \/>\n<meta property=\"og:locale\" content=\"es_ES\" \/>\n<meta property=\"og:type\" content=\"article\" \/>\n<meta property=\"og:title\" content=\"Vice-postulador preside missa em encerramento de Encontro da 3\u00aa idade\" \/>\n<meta property=\"og:description\" content=\"A Santa Missa de encerramento do 22\u00ba Encontro Nacional Dedo de Prosa da Melhor idade foi presidida pelo padre Vin\u00edcius Maciel, ss.cc., vice-postulador, respons\u00e1vel pela Causa de Canoniza\u00e7\u00e3o do Beato Padre Eust\u00e1quio no Brasil. A celebra\u00e7\u00e3o realizada ness domingo, dia 31, \u00e0s 15h, foi marcada por muita f\u00e9 e emo\u00e7\u00e3o.\" \/>\n<meta property=\"og:url\" content=\"https:\/\/www.padreeustaquio.com.br\/es\/el-vicepostulador-preside-la-misa-de-clausura-de-la-reunion-de-la-tercera-edad\/\" \/>\n<meta property=\"og:site_name\" content=\"Padre Eust\u00e1quio\" \/>\n<meta property=\"article:publisher\" content=\"https:\/\/www.facebook.com\/beatopadreeustaquio\/\" \/>\n<meta property=\"article:published_time\" content=\"2021-11-01T13:58:00+00:00\" \/>\n<meta property=\"article:modified_time\" content=\"2021-11-01T13:58:55+00:00\" \/>\n<meta property=\"og:image\" content=\"https:\/\/www.padreeustaquio.com.br\/wp-content\/uploads\/2021\/11\/Missa-encerramento-Dedo-de-Prosa.jpeg\" \/>\n\t<meta property=\"og:image:width\" content=\"1600\" \/>\n\t<meta property=\"og:image:height\" content=\"1200\" \/>\n\t<meta property=\"og:image:type\" content=\"image\/jpeg\" \/>\n<meta name=\"author\" content=\"@sscc\" \/>\n<meta name=\"twitter:card\" content=\"summary_large_image\" \/>\n<meta name=\"twitter:creator\" content=\"@beatopeustaquio\" \/>\n<meta name=\"twitter:site\" content=\"@beatopeustaquio\" \/>\n<meta name=\"twitter:label1\" content=\"Escrito por\" \/>\n\t<meta name=\"twitter:data1\" content=\"@sscc\" \/>\n\t<meta name=\"twitter:label2\" content=\"Tiempo de lectura\" \/>\n\t<meta name=\"twitter:data2\" content=\"2 minutos\" \/>\n<script type=\"application\/ld+json\" class=\"yoast-schema-graph\">{\"@context\":\"https:\/\/schema.org\",\"@graph\":[{\"@type\":\"Article\",\"@id\":\"https:\/\/www.padreeustaquio.com.br\/vice-postulador-preside-missa-no-encerramento-do-encontro-da-3a-idade\/#article\",\"isPartOf\":{\"@id\":\"https:\/\/www.padreeustaquio.com.br\/vice-postulador-preside-missa-no-encerramento-do-encontro-da-3a-idade\/\"},\"author\":{\"name\":\"@sscc\",\"@id\":\"https:\/\/www.padreeustaquio.com.br\/#\/schema\/person\/a2a51db1d00f1a7af0204a0f1ddb1566\"},\"headline\":\"Vice-postulador preside missa em encerramento de Encontro da 3\u00aa idade\",\"datePublished\":\"2021-11-01T13:58:00+00:00\",\"dateModified\":\"2021-11-01T13:58:55+00:00\",\"mainEntityOfPage\":{\"@id\":\"https:\/\/www.padreeustaquio.com.br\/vice-postulador-preside-missa-no-encerramento-do-encontro-da-3a-idade\/\"},\"wordCount\":350,\"commentCount\":0,\"publisher\":{\"@id\":\"https:\/\/www.padreeustaquio.com.br\/#organization\"},\"image\":{\"@id\":\"https:\/\/www.padreeustaquio.com.br\/vice-postulador-preside-missa-no-encerramento-do-encontro-da-3a-idade\/#primaryimage\"},\"thumbnailUrl\":\"https:\/\/www.padreeustaquio.com.br\/wp-content\/uploads\/2021\/11\/Missa-encerramento-Dedo-de-Prosa.jpeg\",\"articleSection\":[\"Not\u00edcias\"],\"inLanguage\":\"es\",\"potentialAction\":[{\"@type\":\"CommentAction\",\"name\":\"Comment\",\"target\":[\"https:\/\/www.padreeustaquio.com.br\/vice-postulador-preside-missa-no-encerramento-do-encontro-da-3a-idade\/#respond\"]}]},{\"@type\":\"WebPage\",\"@id\":\"https:\/\/www.padreeustaquio.com.br\/vice-postulador-preside-missa-no-encerramento-do-encontro-da-3a-idade\/\",\"url\":\"https:\/\/www.padreeustaquio.com.br\/vice-postulador-preside-missa-no-encerramento-do-encontro-da-3a-idade\/\",\"name\":\"Vice-postulador preside missa em encerramento de Encontro da 3\u00aa idade\",\"isPartOf\":{\"@id\":\"https:\/\/www.padreeustaquio.com.br\/#website\"},\"primaryImageOfPage\":{\"@id\":\"https:\/\/www.padreeustaquio.com.br\/vice-postulador-preside-missa-no-encerramento-do-encontro-da-3a-idade\/#primaryimage\"},\"image\":{\"@id\":\"https:\/\/www.padreeustaquio.com.br\/vice-postulador-preside-missa-no-encerramento-do-encontro-da-3a-idade\/#primaryimage\"},\"thumbnailUrl\":\"https:\/\/www.padreeustaquio.com.br\/wp-content\/uploads\/2021\/11\/Missa-encerramento-Dedo-de-Prosa.jpeg\",\"datePublished\":\"2021-11-01T13:58:00+00:00\",\"dateModified\":\"2021-11-01T13:58:55+00:00\",\"description\":\"A Santa Missa de encerramento do 22\u00ba Encontro Nacional Dedo de Prosa da Melhor idade foi presidida pelo padre Vin\u00edcius Maciel, ss.cc., vice-postulador, respons\u00e1vel pela Causa de Canoniza\u00e7\u00e3o do Beato Padre Eust\u00e1quio no Brasil. A celebra\u00e7\u00e3o realizada ness domingo, dia 31, \u00e0s 15h, foi marcada por muita f\u00e9 e emo\u00e7\u00e3o.\",\"breadcrumb\":{\"@id\":\"https:\/\/www.padreeustaquio.com.br\/vice-postulador-preside-missa-no-encerramento-do-encontro-da-3a-idade\/#breadcrumb\"},\"inLanguage\":\"es\",\"potentialAction\":[{\"@type\":\"ReadAction\",\"target\":[\"https:\/\/www.padreeustaquio.com.br\/vice-postulador-preside-missa-no-encerramento-do-encontro-da-3a-idade\/\"]}]},{\"@type\":\"ImageObject\",\"inLanguage\":\"es\",\"@id\":\"https:\/\/www.padreeustaquio.com.br\/vice-postulador-preside-missa-no-encerramento-do-encontro-da-3a-idade\/#primaryimage\",\"url\":\"https:\/\/www.padreeustaquio.com.br\/wp-content\/uploads\/2021\/11\/Missa-encerramento-Dedo-de-Prosa.jpeg\",\"contentUrl\":\"https:\/\/www.padreeustaquio.com.br\/wp-content\/uploads\/2021\/11\/Missa-encerramento-Dedo-de-Prosa.jpeg\",\"width\":1600,\"height\":1200},{\"@type\":\"BreadcrumbList\",\"@id\":\"https:\/\/www.padreeustaquio.com.br\/vice-postulador-preside-missa-no-encerramento-do-encontro-da-3a-idade\/#breadcrumb\",\"itemListElement\":[{\"@type\":\"ListItem\",\"position\":1,\"name\":\"In\u00edcio\",\"item\":\"https:\/\/www.padreeustaquio.com.br\/\"},{\"@type\":\"ListItem\",\"position\":2,\"name\":\"Vice-postulador preside missa em encerramento de Encontro da 3\u00aa idade\"}]},{\"@type\":\"WebSite\",\"@id\":\"https:\/\/www.padreeustaquio.com.br\/#website\",\"url\":\"https:\/\/www.padreeustaquio.com.br\/\",\"name\":\"Padre Eust\u00e1quio\",\"description\":\"Sa\u00fade e Paz\",\"publisher\":{\"@id\":\"https:\/\/www.padreeustaquio.com.br\/#organization\"},\"potentialAction\":[{\"@type\":\"SearchAction\",\"target\":{\"@type\":\"EntryPoint\",\"urlTemplate\":\"https:\/\/www.padreeustaquio.com.br\/?s={search_term_string}\"},\"query-input\":{\"@type\":\"PropertyValueSpecification\",\"valueRequired\":true,\"valueName\":\"search_term_string\"}}],\"inLanguage\":\"es\"},{\"@type\":\"Organization\",\"@id\":\"https:\/\/www.padreeustaquio.com.br\/#organization\",\"name\":\"Padre Eust\u00e1quio\",\"url\":\"https:\/\/www.padreeustaquio.com.br\/\",\"logo\":{\"@type\":\"ImageObject\",\"inLanguage\":\"es\",\"@id\":\"https:\/\/www.padreeustaquio.com.br\/#\/schema\/logo\/image\/\",\"url\":\"https:\/\/www.padreeustaquio.com.br\/wp-content\/uploads\/2019\/08\/marca.png\",\"contentUrl\":\"https:\/\/www.padreeustaquio.com.br\/wp-content\/uploads\/2019\/08\/marca.png\",\"width\":350,\"height\":400,\"caption\":\"Padre Eust\u00e1quio\"},\"image\":{\"@id\":\"https:\/\/www.padreeustaquio.com.br\/#\/schema\/logo\/image\/\"},\"sameAs\":[\"https:\/\/www.facebook.com\/beatopadreeustaquio\/\",\"https:\/\/x.com\/beatopeustaquio\",\"https:\/\/www.instagram.com\/beatopadreeustaquio\/\",\"https:\/\/www.youtube.com\/channel\/UCRhw7vfabnajwLxb1ZXMeIw\"]},{\"@type\":\"Person\",\"@id\":\"https:\/\/www.padreeustaquio.com.br\/#\/schema\/person\/a2a51db1d00f1a7af0204a0f1ddb1566\",\"name\":\"@sscc\",\"image\":{\"@type\":\"ImageObject\",\"inLanguage\":\"es\",\"@id\":\"https:\/\/secure.gravatar.com\/avatar\/68cfafa5f44617fea54071e215026e0ff06be366c3d54a8425f04fdcb86f8c5f?s=96&d=mm&r=g\",\"url\":\"https:\/\/secure.gravatar.com\/avatar\/68cfafa5f44617fea54071e215026e0ff06be366c3d54a8425f04fdcb86f8c5f?s=96&d=mm&r=g\",\"contentUrl\":\"https:\/\/secure.gravatar.com\/avatar\/68cfafa5f44617fea54071e215026e0ff06be366c3d54a8425f04fdcb86f8c5f?s=96&d=mm&r=g\",\"caption\":\"@sscc\"},\"url\":\"https:\/\/www.padreeustaquio.com.br\/es\/author\/sscc\/\"}]}<\/script>\n<!-- \/ Yoast SEO plugin. -->","yoast_head_json":{"title":"El vicepostulador preside la Misa de clausura del Encuentro de la Tercera Edad.","description":"La Misa de clausura del XXII Encuentro Nacional de Personas Mayores (Dedo de Prosa) fue presidida por el Padre Vin\u00edcius Maciel, ss.cc., vicepostulador, responsable de la Causa de Canonizaci\u00f3n del Beato Padre Eust\u00e1quio en Brasil. La celebraci\u00f3n, celebrada el domingo 31 a las 15:00 h, estuvo marcada por una gran fe y emoci\u00f3n.","robots":{"index":"index","follow":"follow","max-snippet":"max-snippet:-1","max-image-preview":"max-image-preview:large","max-video-preview":"max-video-preview:-1"},"canonical":"https:\/\/www.padreeustaquio.com.br\/es\/el-vicepostulador-preside-la-misa-de-clausura-de-la-reunion-de-la-tercera-edad\/","og_locale":"es_ES","og_type":"article","og_title":"Vice-postulador preside missa em encerramento de Encontro da 3\u00aa idade","og_description":"A Santa Missa de encerramento do 22\u00ba Encontro Nacional Dedo de Prosa da Melhor idade foi presidida pelo padre Vin\u00edcius Maciel, ss.cc., vice-postulador, respons\u00e1vel pela Causa de Canoniza\u00e7\u00e3o do Beato Padre Eust\u00e1quio no Brasil. A celebra\u00e7\u00e3o realizada ness domingo, dia 31, \u00e0s 15h, foi marcada por muita f\u00e9 e emo\u00e7\u00e3o.","og_url":"https:\/\/www.padreeustaquio.com.br\/es\/el-vicepostulador-preside-la-misa-de-clausura-de-la-reunion-de-la-tercera-edad\/","og_site_name":"Padre Eust\u00e1quio","article_publisher":"https:\/\/www.facebook.com\/beatopadreeustaquio\/","article_published_time":"2021-11-01T13:58:00+00:00","article_modified_time":"2021-11-01T13:58:55+00:00","og_image":[{"width":1600,"height":1200,"url":"https:\/\/www.padreeustaquio.com.br\/wp-content\/uploads\/2021\/11\/Missa-encerramento-Dedo-de-Prosa.jpeg","type":"image\/jpeg"}],"author":"@sscc","twitter_card":"summary_large_image","twitter_creator":"@beatopeustaquio","twitter_site":"@beatopeustaquio","twitter_misc":{"Escrito por":"@sscc","Tiempo de lectura":"2 minutos"},"schema":{"@context":"https:\/\/schema.org","@graph":[{"@type":"Article","@id":"https:\/\/www.padreeustaquio.com.br\/vice-postulador-preside-missa-no-encerramento-do-encontro-da-3a-idade\/#article","isPartOf":{"@id":"https:\/\/www.padreeustaquio.com.br\/vice-postulador-preside-missa-no-encerramento-do-encontro-da-3a-idade\/"},"author":{"name":"@sscc","@id":"https:\/\/www.padreeustaquio.com.br\/#\/schema\/person\/a2a51db1d00f1a7af0204a0f1ddb1566"},"headline":"Vice-postulador preside missa em encerramento de Encontro da 3\u00aa idade","datePublished":"2021-11-01T13:58:00+00:00","dateModified":"2021-11-01T13:58:55+00:00","mainEntityOfPage":{"@id":"https:\/\/www.padreeustaquio.com.br\/vice-postulador-preside-missa-no-encerramento-do-encontro-da-3a-idade\/"},"wordCount":350,"commentCount":0,"publisher":{"@id":"https:\/\/www.padreeustaquio.com.br\/#organization"},"image":{"@id":"https:\/\/www.padreeustaquio.com.br\/vice-postulador-preside-missa-no-encerramento-do-encontro-da-3a-idade\/#primaryimage"},"thumbnailUrl":"https:\/\/www.padreeustaquio.com.br\/wp-content\/uploads\/2021\/11\/Missa-encerramento-Dedo-de-Prosa.jpeg","articleSection":["Not\u00edcias"],"inLanguage":"es","potentialAction":[{"@type":"CommentAction","name":"Comment","target":["https:\/\/www.padreeustaquio.com.br\/vice-postulador-preside-missa-no-encerramento-do-encontro-da-3a-idade\/#respond"]}]},{"@type":"WebPage","@id":"https:\/\/www.padreeustaquio.com.br\/vice-postulador-preside-missa-no-encerramento-do-encontro-da-3a-idade\/","url":"https:\/\/www.padreeustaquio.com.br\/vice-postulador-preside-missa-no-encerramento-do-encontro-da-3a-idade\/","name":"El vicepostulador preside la Misa de clausura del Encuentro de la Tercera Edad.","isPartOf":{"@id":"https:\/\/www.padreeustaquio.com.br\/#website"},"primaryImageOfPage":{"@id":"https:\/\/www.padreeustaquio.com.br\/vice-postulador-preside-missa-no-encerramento-do-encontro-da-3a-idade\/#primaryimage"},"image":{"@id":"https:\/\/www.padreeustaquio.com.br\/vice-postulador-preside-missa-no-encerramento-do-encontro-da-3a-idade\/#primaryimage"},"thumbnailUrl":"https:\/\/www.padreeustaquio.com.br\/wp-content\/uploads\/2021\/11\/Missa-encerramento-Dedo-de-Prosa.jpeg","datePublished":"2021-11-01T13:58:00+00:00","dateModified":"2021-11-01T13:58:55+00:00","description":"La Misa de clausura del XXII Encuentro Nacional de Personas Mayores (Dedo de Prosa) fue presidida por el Padre Vin\u00edcius Maciel, ss.cc., vicepostulador, responsable de la Causa de Canonizaci\u00f3n del Beato Padre Eust\u00e1quio en Brasil. La celebraci\u00f3n, celebrada el domingo 31 a las 15:00 h, estuvo marcada por una gran fe y emoci\u00f3n.","breadcrumb":{"@id":"https:\/\/www.padreeustaquio.com.br\/vice-postulador-preside-missa-no-encerramento-do-encontro-da-3a-idade\/#breadcrumb"},"inLanguage":"es","potentialAction":[{"@type":"ReadAction","target":["https:\/\/www.padreeustaquio.com.br\/vice-postulador-preside-missa-no-encerramento-do-encontro-da-3a-idade\/"]}]},{"@type":"ImageObject","inLanguage":"es","@id":"https:\/\/www.padreeustaquio.com.br\/vice-postulador-preside-missa-no-encerramento-do-encontro-da-3a-idade\/#primaryimage","url":"https:\/\/www.padreeustaquio.com.br\/wp-content\/uploads\/2021\/11\/Missa-encerramento-Dedo-de-Prosa.jpeg","contentUrl":"https:\/\/www.padreeustaquio.com.br\/wp-content\/uploads\/2021\/11\/Missa-encerramento-Dedo-de-Prosa.jpeg","width":1600,"height":1200},{"@type":"BreadcrumbList","@id":"https:\/\/www.padreeustaquio.com.br\/vice-postulador-preside-missa-no-encerramento-do-encontro-da-3a-idade\/#breadcrumb","itemListElement":[{"@type":"ListItem","position":1,"name":"In\u00edcio","item":"https:\/\/www.padreeustaquio.com.br\/"},{"@type":"ListItem","position":2,"name":"Vice-postulador preside missa em encerramento de Encontro da 3\u00aa idade"}]},{"@type":"WebSite","@id":"https:\/\/www.padreeustaquio.com.br\/#website","url":"https:\/\/www.padreeustaquio.com.br\/","name":"Padre Eustace","description":"Salud y Paz","publisher":{"@id":"https:\/\/www.padreeustaquio.com.br\/#organization"},"potentialAction":[{"@type":"SearchAction","target":{"@type":"EntryPoint","urlTemplate":"https:\/\/www.padreeustaquio.com.br\/?s={search_term_string}"},"query-input":{"@type":"PropertyValueSpecification","valueRequired":true,"valueName":"search_term_string"}}],"inLanguage":"es"},{"@type":"Organization","@id":"https:\/\/www.padreeustaquio.com.br\/#organization","name":"Padre Eustace","url":"https:\/\/www.padreeustaquio.com.br\/","logo":{"@type":"ImageObject","inLanguage":"es","@id":"https:\/\/www.padreeustaquio.com.br\/#\/schema\/logo\/image\/","url":"https:\/\/www.padreeustaquio.com.br\/wp-content\/uploads\/2019\/08\/marca.png","contentUrl":"https:\/\/www.padreeustaquio.com.br\/wp-content\/uploads\/2019\/08\/marca.png","width":350,"height":400,"caption":"Padre Eust\u00e1quio"},"image":{"@id":"https:\/\/www.padreeustaquio.com.br\/#\/schema\/logo\/image\/"},"sameAs":["https:\/\/www.facebook.com\/beatopadreeustaquio\/","https:\/\/x.com\/beatopeustaquio","https:\/\/www.instagram.com\/beatopadreeustaquio\/","https:\/\/www.youtube.com\/channel\/UCRhw7vfabnajwLxb1ZXMeIw"]},{"@type":"Person","@id":"https:\/\/www.padreeustaquio.com.br\/#\/schema\/person\/a2a51db1d00f1a7af0204a0f1ddb1566","name":"@sscc","image":{"@type":"ImageObject","inLanguage":"es","@id":"https:\/\/secure.gravatar.com\/avatar\/68cfafa5f44617fea54071e215026e0ff06be366c3d54a8425f04fdcb86f8c5f?s=96&d=mm&r=g","url":"https:\/\/secure.gravatar.com\/avatar\/68cfafa5f44617fea54071e215026e0ff06be366c3d54a8425f04fdcb86f8c5f?s=96&d=mm&r=g","contentUrl":"https:\/\/secure.gravatar.com\/avatar\/68cfafa5f44617fea54071e215026e0ff06be366c3d54a8425f04fdcb86f8c5f?s=96&d=mm&r=g","caption":"@sscc"},"url":"https:\/\/www.padreeustaquio.com.br\/es\/author\/sscc\/"}]}},"_links":{"self":[{"href":"https:\/\/www.padreeustaquio.com.br\/es\/wp-json\/wp\/v2\/posts\/7438","targetHints":{"allow":["GET"]}}],"collection":[{"href":"https:\/\/www.padreeustaquio.com.br\/es\/wp-json\/wp\/v2\/posts"}],"about":[{"href":"https:\/\/www.padreeustaquio.com.br\/es\/wp-json\/wp\/v2\/types\/post"}],"author":[{"embeddable":true,"href":"https:\/\/www.padreeustaquio.com.br\/es\/wp-json\/wp\/v2\/users\/2"}],"replies":[{"embeddable":true,"href":"https:\/\/www.padreeustaquio.com.br\/es\/wp-json\/wp\/v2\/comments?post=7438"}],"version-history":[{"count":0,"href":"https:\/\/www.padreeustaquio.com.br\/es\/wp-json\/wp\/v2\/posts\/7438\/revisions"}],"wp:featuredmedia":[{"embeddable":true,"href":"https:\/\/www.padreeustaquio.com.br\/es\/wp-json\/wp\/v2\/media\/7439"}],"wp:attachment":[{"href":"https:\/\/www.padreeustaquio.com.br\/es\/wp-json\/wp\/v2\/media?parent=7438"}],"wp:term":[{"taxonomy":"category","embeddable":true,"href":"https:\/\/www.padreeustaquio.com.br\/es\/wp-json\/wp\/v2\/categories?post=7438"},{"taxonomy":"post_tag","embeddable":true,"href":"https:\/\/www.padreeustaquio.com.br\/es\/wp-json\/wp\/v2\/tags?post=7438"}],"curies":[{"name":"wp","href":"https:\/\/api.w.org\/{rel}","templated":true}]}}