{"id":7429,"date":"2021-11-02T06:29:00","date_gmt":"2021-11-02T09:29:00","guid":{"rendered":"https:\/\/www.padreeustaquio.com.br\/?p=7429"},"modified":"2021-11-01T14:02:09","modified_gmt":"2021-11-01T17:02:09","slug":"la-familia-van-lieshout-una-familia-que-siempre-ha-servido-al-senor","status":"publish","type":"post","link":"https:\/\/www.padreeustaquio.com.br\/es\/la-familia-van-lieshout-una-familia-que-siempre-ha-servido-al-senor\/","title":{"rendered":"La familia van Lieshout: una familia que siempre ha servido al Se\u00f1or."},"content":{"rendered":"<p>La familia del Padre Eustace era muy cat\u00f3lica y dedic\u00f3 su vida a servir al Se\u00f1or y a ayudar al pr\u00f3jimo. William Lieshout y Elizabeth van den Meulenhoff, los padres del Beato, formaron una familia numerosa que sigui\u00f3 los pasos de sus padres en su amor a Dios.<\/p>\n\n\n\n<p>Prueba de su adhesi\u00f3n a la Palabra del Se\u00f1or es que, de los nueve hijos de William y Elizabeth, cuatro siguieron la vida religiosa. Adem\u00e1s del Padre Eustace, tres hijas se hicieron monjas sirviendo a Dios en otra congregaci\u00f3n: Petronella Michilia van Lieshout (Hermana Pac\u00edfica), Joanna van Lieshout (Hermana Eustace) y Francesca van Lieshout (Hermana Faustina).<\/p>\n\n\n\n<p>Las hermanas siguieron su vocaci\u00f3n religiosa en la Congregaci\u00f3n de las Hermanas de Schijndel, que dirig\u00edan la Escuela Beek en Donk, a la que asistieron cuando eran ni\u00f1as.<\/p>\n\n\n\n<p><\/p>","protected":false},"excerpt":{"rendered":"<p>A fam\u00edlia de Padre Eust\u00e1quio foi uma fam\u00edlia muito cat\u00f3lica que dedicou a vida a servir ao Senhor e a ajudar o pr\u00f3ximo. Guilherme Lieshout e Elizabeth van den Meulenhoff, pais do Beato, formaram uma fam\u00edlia numerosa que seguiu os passos dos pais no amor \u00e0 Deus. Prova da viv\u00eancia \u00e0 Palavra do Senhor \u00e9 que dos nove filhos que nasceram da uni\u00e3o de Guilherme e Elizabeth, quatro seguiram a vida religiosa. Al\u00e9m de Padre Eust\u00e1quio, tr\u00eas filhas se tornaram freiras servindo a Deus em outra congrega\u00e7\u00e3o: Petronella Michilia van Lieshout (Irm\u00e3 Pac\u00edfica), Joanna van Lieshout (Irm\u00e3 Eust\u00e1quia) e Francisca [&hellip;]<\/p>\n","protected":false},"author":2,"featured_media":7430,"comment_status":"open","ping_status":"closed","sticky":false,"template":"","format":"standard","meta":{"_acf_changed":false,"footnotes":""},"categories":[611],"tags":[],"class_list":["post-7429","post","type-post","status-publish","format-standard","has-post-thumbnail","hentry","category-noticias"],"acf":[],"yoast_head":"<!-- This site is optimized with the Yoast SEO plugin v27.2 - https:\/\/yoast.com\/product\/yoast-seo-wordpress\/ -->\n<title>Fam\u00edlia van Lieshout: uma fam\u00edlia que sempre serviu ao senhor<\/title>\n<meta name=\"description\" content=\"A fam\u00edlia de Padre Eust\u00e1quio foi uma fam\u00edlia muito cat\u00f3lica que dedicou a vida a servir ao Senhor e a ajudar o pr\u00f3ximo. Guilherme Lieshout e Elizabeth van den Meulenhoff, pais do Beato, formaram uma fam\u00edlia numerosa que seguiu os passos dos pais no amor \u00e0 Deus.\" \/>\n<meta name=\"robots\" content=\"index, follow, max-snippet:-1, max-image-preview:large, max-video-preview:-1\" \/>\n<link rel=\"canonical\" href=\"https:\/\/www.padreeustaquio.com.br\/es\/la-familia-van-lieshout-una-familia-que-siempre-ha-servido-al-senor\/\" \/>\n<meta property=\"og:locale\" content=\"es_ES\" \/>\n<meta property=\"og:type\" content=\"article\" \/>\n<meta property=\"og:title\" content=\"Fam\u00edlia van Lieshout: uma fam\u00edlia que sempre serviu ao senhor\" \/>\n<meta property=\"og:description\" content=\"A fam\u00edlia de Padre Eust\u00e1quio foi uma fam\u00edlia muito cat\u00f3lica que dedicou a vida a servir ao Senhor e a ajudar o pr\u00f3ximo. Guilherme Lieshout e Elizabeth van den Meulenhoff, pais do Beato, formaram uma fam\u00edlia numerosa que seguiu os passos dos pais no amor \u00e0 Deus.\" \/>\n<meta property=\"og:url\" content=\"https:\/\/www.padreeustaquio.com.br\/es\/la-familia-van-lieshout-una-familia-que-siempre-ha-servido-al-senor\/\" \/>\n<meta property=\"og:site_name\" content=\"Padre Eust\u00e1quio\" \/>\n<meta property=\"article:publisher\" content=\"https:\/\/www.facebook.com\/beatopadreeustaquio\/\" \/>\n<meta property=\"article:published_time\" content=\"2021-11-02T09:29:00+00:00\" \/>\n<meta property=\"og:image\" content=\"https:\/\/www.padreeustaquio.com.br\/wp-content\/uploads\/2021\/10\/Padre-eustaquio-e-duas-de-suas-irmas-freiras-e1635600975880.jpeg\" \/>\n\t<meta property=\"og:image:width\" content=\"1280\" \/>\n\t<meta property=\"og:image:height\" content=\"716\" \/>\n\t<meta property=\"og:image:type\" content=\"image\/jpeg\" \/>\n<meta name=\"author\" content=\"@sscc\" \/>\n<meta name=\"twitter:card\" content=\"summary_large_image\" \/>\n<meta name=\"twitter:creator\" content=\"@beatopeustaquio\" \/>\n<meta name=\"twitter:site\" content=\"@beatopeustaquio\" \/>\n<meta name=\"twitter:label1\" content=\"Escrito por\" \/>\n\t<meta name=\"twitter:data1\" content=\"@sscc\" \/>\n\t<meta name=\"twitter:label2\" content=\"Tiempo de lectura\" \/>\n\t<meta name=\"twitter:data2\" content=\"1 minuto\" \/>\n<script type=\"application\/ld+json\" class=\"yoast-schema-graph\">{\"@context\":\"https:\/\/schema.org\",\"@graph\":[{\"@type\":\"Article\",\"@id\":\"https:\/\/www.padreeustaquio.com.br\/familia-van-lieshout-uma-familia-que-sempre-serviu-ao-senhor\/#article\",\"isPartOf\":{\"@id\":\"https:\/\/www.padreeustaquio.com.br\/familia-van-lieshout-uma-familia-que-sempre-serviu-ao-senhor\/\"},\"author\":{\"name\":\"@sscc\",\"@id\":\"https:\/\/www.padreeustaquio.com.br\/#\/schema\/person\/a2a51db1d00f1a7af0204a0f1ddb1566\"},\"headline\":\"Fam\u00edlia van Lieshout: uma fam\u00edlia que sempre serviu ao senhor\",\"datePublished\":\"2021-11-02T09:29:00+00:00\",\"mainEntityOfPage\":{\"@id\":\"https:\/\/www.padreeustaquio.com.br\/familia-van-lieshout-uma-familia-que-sempre-serviu-ao-senhor\/\"},\"wordCount\":158,\"commentCount\":0,\"publisher\":{\"@id\":\"https:\/\/www.padreeustaquio.com.br\/#organization\"},\"image\":{\"@id\":\"https:\/\/www.padreeustaquio.com.br\/familia-van-lieshout-uma-familia-que-sempre-serviu-ao-senhor\/#primaryimage\"},\"thumbnailUrl\":\"https:\/\/www.padreeustaquio.com.br\/wp-content\/uploads\/2021\/10\/Padre-eustaquio-e-duas-de-suas-irmas-freiras-e1635600975880.jpeg\",\"articleSection\":[\"Not\u00edcias\"],\"inLanguage\":\"es\",\"potentialAction\":[{\"@type\":\"CommentAction\",\"name\":\"Comment\",\"target\":[\"https:\/\/www.padreeustaquio.com.br\/familia-van-lieshout-uma-familia-que-sempre-serviu-ao-senhor\/#respond\"]}]},{\"@type\":\"WebPage\",\"@id\":\"https:\/\/www.padreeustaquio.com.br\/familia-van-lieshout-uma-familia-que-sempre-serviu-ao-senhor\/\",\"url\":\"https:\/\/www.padreeustaquio.com.br\/familia-van-lieshout-uma-familia-que-sempre-serviu-ao-senhor\/\",\"name\":\"Fam\u00edlia van Lieshout: uma fam\u00edlia que sempre serviu ao senhor\",\"isPartOf\":{\"@id\":\"https:\/\/www.padreeustaquio.com.br\/#website\"},\"primaryImageOfPage\":{\"@id\":\"https:\/\/www.padreeustaquio.com.br\/familia-van-lieshout-uma-familia-que-sempre-serviu-ao-senhor\/#primaryimage\"},\"image\":{\"@id\":\"https:\/\/www.padreeustaquio.com.br\/familia-van-lieshout-uma-familia-que-sempre-serviu-ao-senhor\/#primaryimage\"},\"thumbnailUrl\":\"https:\/\/www.padreeustaquio.com.br\/wp-content\/uploads\/2021\/10\/Padre-eustaquio-e-duas-de-suas-irmas-freiras-e1635600975880.jpeg\",\"datePublished\":\"2021-11-02T09:29:00+00:00\",\"description\":\"A fam\u00edlia de Padre Eust\u00e1quio foi uma fam\u00edlia muito cat\u00f3lica que dedicou a vida a servir ao Senhor e a ajudar o pr\u00f3ximo. Guilherme Lieshout e Elizabeth van den Meulenhoff, pais do Beato, formaram uma fam\u00edlia numerosa que seguiu os passos dos pais no amor \u00e0 Deus.\",\"breadcrumb\":{\"@id\":\"https:\/\/www.padreeustaquio.com.br\/familia-van-lieshout-uma-familia-que-sempre-serviu-ao-senhor\/#breadcrumb\"},\"inLanguage\":\"es\",\"potentialAction\":[{\"@type\":\"ReadAction\",\"target\":[\"https:\/\/www.padreeustaquio.com.br\/familia-van-lieshout-uma-familia-que-sempre-serviu-ao-senhor\/\"]}]},{\"@type\":\"ImageObject\",\"inLanguage\":\"es\",\"@id\":\"https:\/\/www.padreeustaquio.com.br\/familia-van-lieshout-uma-familia-que-sempre-serviu-ao-senhor\/#primaryimage\",\"url\":\"https:\/\/www.padreeustaquio.com.br\/wp-content\/uploads\/2021\/10\/Padre-eustaquio-e-duas-de-suas-irmas-freiras-e1635600975880.jpeg\",\"contentUrl\":\"https:\/\/www.padreeustaquio.com.br\/wp-content\/uploads\/2021\/10\/Padre-eustaquio-e-duas-de-suas-irmas-freiras-e1635600975880.jpeg\",\"width\":1280,\"height\":716},{\"@type\":\"BreadcrumbList\",\"@id\":\"https:\/\/www.padreeustaquio.com.br\/familia-van-lieshout-uma-familia-que-sempre-serviu-ao-senhor\/#breadcrumb\",\"itemListElement\":[{\"@type\":\"ListItem\",\"position\":1,\"name\":\"In\u00edcio\",\"item\":\"https:\/\/www.padreeustaquio.com.br\/\"},{\"@type\":\"ListItem\",\"position\":2,\"name\":\"Fam\u00edlia van Lieshout: uma fam\u00edlia que sempre serviu ao senhor\"}]},{\"@type\":\"WebSite\",\"@id\":\"https:\/\/www.padreeustaquio.com.br\/#website\",\"url\":\"https:\/\/www.padreeustaquio.com.br\/\",\"name\":\"Padre Eust\u00e1quio\",\"description\":\"Sa\u00fade e Paz\",\"publisher\":{\"@id\":\"https:\/\/www.padreeustaquio.com.br\/#organization\"},\"potentialAction\":[{\"@type\":\"SearchAction\",\"target\":{\"@type\":\"EntryPoint\",\"urlTemplate\":\"https:\/\/www.padreeustaquio.com.br\/?s={search_term_string}\"},\"query-input\":{\"@type\":\"PropertyValueSpecification\",\"valueRequired\":true,\"valueName\":\"search_term_string\"}}],\"inLanguage\":\"es\"},{\"@type\":\"Organization\",\"@id\":\"https:\/\/www.padreeustaquio.com.br\/#organization\",\"name\":\"Padre Eust\u00e1quio\",\"url\":\"https:\/\/www.padreeustaquio.com.br\/\",\"logo\":{\"@type\":\"ImageObject\",\"inLanguage\":\"es\",\"@id\":\"https:\/\/www.padreeustaquio.com.br\/#\/schema\/logo\/image\/\",\"url\":\"https:\/\/www.padreeustaquio.com.br\/wp-content\/uploads\/2019\/08\/marca.png\",\"contentUrl\":\"https:\/\/www.padreeustaquio.com.br\/wp-content\/uploads\/2019\/08\/marca.png\",\"width\":350,\"height\":400,\"caption\":\"Padre Eust\u00e1quio\"},\"image\":{\"@id\":\"https:\/\/www.padreeustaquio.com.br\/#\/schema\/logo\/image\/\"},\"sameAs\":[\"https:\/\/www.facebook.com\/beatopadreeustaquio\/\",\"https:\/\/x.com\/beatopeustaquio\",\"https:\/\/www.instagram.com\/beatopadreeustaquio\/\",\"https:\/\/www.youtube.com\/channel\/UCRhw7vfabnajwLxb1ZXMeIw\"]},{\"@type\":\"Person\",\"@id\":\"https:\/\/www.padreeustaquio.com.br\/#\/schema\/person\/a2a51db1d00f1a7af0204a0f1ddb1566\",\"name\":\"@sscc\",\"image\":{\"@type\":\"ImageObject\",\"inLanguage\":\"es\",\"@id\":\"https:\/\/secure.gravatar.com\/avatar\/68cfafa5f44617fea54071e215026e0ff06be366c3d54a8425f04fdcb86f8c5f?s=96&d=mm&r=g\",\"url\":\"https:\/\/secure.gravatar.com\/avatar\/68cfafa5f44617fea54071e215026e0ff06be366c3d54a8425f04fdcb86f8c5f?s=96&d=mm&r=g\",\"contentUrl\":\"https:\/\/secure.gravatar.com\/avatar\/68cfafa5f44617fea54071e215026e0ff06be366c3d54a8425f04fdcb86f8c5f?s=96&d=mm&r=g\",\"caption\":\"@sscc\"},\"url\":\"https:\/\/www.padreeustaquio.com.br\/es\/author\/sscc\/\"}]}<\/script>\n<!-- \/ Yoast SEO plugin. -->","yoast_head_json":{"title":"La familia van Lieshout: una familia que siempre ha servido al Se\u00f1or.","description":"La familia del Padre Eustace era muy cat\u00f3lica y dedic\u00f3 su vida a servir al Se\u00f1or y a ayudar al pr\u00f3jimo. William Lieshout y Elizabeth van den Meulenhoff, los padres del Beato, formaron una familia numerosa que sigui\u00f3 los pasos de sus padres en su amor a Dios.","robots":{"index":"index","follow":"follow","max-snippet":"max-snippet:-1","max-image-preview":"max-image-preview:large","max-video-preview":"max-video-preview:-1"},"canonical":"https:\/\/www.padreeustaquio.com.br\/es\/la-familia-van-lieshout-una-familia-que-siempre-ha-servido-al-senor\/","og_locale":"es_ES","og_type":"article","og_title":"Fam\u00edlia van Lieshout: uma fam\u00edlia que sempre serviu ao senhor","og_description":"A fam\u00edlia de Padre Eust\u00e1quio foi uma fam\u00edlia muito cat\u00f3lica que dedicou a vida a servir ao Senhor e a ajudar o pr\u00f3ximo. Guilherme Lieshout e Elizabeth van den Meulenhoff, pais do Beato, formaram uma fam\u00edlia numerosa que seguiu os passos dos pais no amor \u00e0 Deus.","og_url":"https:\/\/www.padreeustaquio.com.br\/es\/la-familia-van-lieshout-una-familia-que-siempre-ha-servido-al-senor\/","og_site_name":"Padre Eust\u00e1quio","article_publisher":"https:\/\/www.facebook.com\/beatopadreeustaquio\/","article_published_time":"2021-11-02T09:29:00+00:00","og_image":[{"width":1280,"height":716,"url":"https:\/\/www.padreeustaquio.com.br\/wp-content\/uploads\/2021\/10\/Padre-eustaquio-e-duas-de-suas-irmas-freiras-e1635600975880.jpeg","type":"image\/jpeg"}],"author":"@sscc","twitter_card":"summary_large_image","twitter_creator":"@beatopeustaquio","twitter_site":"@beatopeustaquio","twitter_misc":{"Escrito por":"@sscc","Tiempo de lectura":"1 minuto"},"schema":{"@context":"https:\/\/schema.org","@graph":[{"@type":"Article","@id":"https:\/\/www.padreeustaquio.com.br\/familia-van-lieshout-uma-familia-que-sempre-serviu-ao-senhor\/#article","isPartOf":{"@id":"https:\/\/www.padreeustaquio.com.br\/familia-van-lieshout-uma-familia-que-sempre-serviu-ao-senhor\/"},"author":{"name":"@sscc","@id":"https:\/\/www.padreeustaquio.com.br\/#\/schema\/person\/a2a51db1d00f1a7af0204a0f1ddb1566"},"headline":"Fam\u00edlia van Lieshout: uma fam\u00edlia que sempre serviu ao senhor","datePublished":"2021-11-02T09:29:00+00:00","mainEntityOfPage":{"@id":"https:\/\/www.padreeustaquio.com.br\/familia-van-lieshout-uma-familia-que-sempre-serviu-ao-senhor\/"},"wordCount":158,"commentCount":0,"publisher":{"@id":"https:\/\/www.padreeustaquio.com.br\/#organization"},"image":{"@id":"https:\/\/www.padreeustaquio.com.br\/familia-van-lieshout-uma-familia-que-sempre-serviu-ao-senhor\/#primaryimage"},"thumbnailUrl":"https:\/\/www.padreeustaquio.com.br\/wp-content\/uploads\/2021\/10\/Padre-eustaquio-e-duas-de-suas-irmas-freiras-e1635600975880.jpeg","articleSection":["Not\u00edcias"],"inLanguage":"es","potentialAction":[{"@type":"CommentAction","name":"Comment","target":["https:\/\/www.padreeustaquio.com.br\/familia-van-lieshout-uma-familia-que-sempre-serviu-ao-senhor\/#respond"]}]},{"@type":"WebPage","@id":"https:\/\/www.padreeustaquio.com.br\/familia-van-lieshout-uma-familia-que-sempre-serviu-ao-senhor\/","url":"https:\/\/www.padreeustaquio.com.br\/familia-van-lieshout-uma-familia-que-sempre-serviu-ao-senhor\/","name":"La familia van Lieshout: una familia que siempre ha servido al Se\u00f1or.","isPartOf":{"@id":"https:\/\/www.padreeustaquio.com.br\/#website"},"primaryImageOfPage":{"@id":"https:\/\/www.padreeustaquio.com.br\/familia-van-lieshout-uma-familia-que-sempre-serviu-ao-senhor\/#primaryimage"},"image":{"@id":"https:\/\/www.padreeustaquio.com.br\/familia-van-lieshout-uma-familia-que-sempre-serviu-ao-senhor\/#primaryimage"},"thumbnailUrl":"https:\/\/www.padreeustaquio.com.br\/wp-content\/uploads\/2021\/10\/Padre-eustaquio-e-duas-de-suas-irmas-freiras-e1635600975880.jpeg","datePublished":"2021-11-02T09:29:00+00:00","description":"La familia del Padre Eustace era muy cat\u00f3lica y dedic\u00f3 su vida a servir al Se\u00f1or y a ayudar al pr\u00f3jimo. William Lieshout y Elizabeth van den Meulenhoff, los padres del Beato, formaron una familia numerosa que sigui\u00f3 los pasos de sus padres en su amor a Dios.","breadcrumb":{"@id":"https:\/\/www.padreeustaquio.com.br\/familia-van-lieshout-uma-familia-que-sempre-serviu-ao-senhor\/#breadcrumb"},"inLanguage":"es","potentialAction":[{"@type":"ReadAction","target":["https:\/\/www.padreeustaquio.com.br\/familia-van-lieshout-uma-familia-que-sempre-serviu-ao-senhor\/"]}]},{"@type":"ImageObject","inLanguage":"es","@id":"https:\/\/www.padreeustaquio.com.br\/familia-van-lieshout-uma-familia-que-sempre-serviu-ao-senhor\/#primaryimage","url":"https:\/\/www.padreeustaquio.com.br\/wp-content\/uploads\/2021\/10\/Padre-eustaquio-e-duas-de-suas-irmas-freiras-e1635600975880.jpeg","contentUrl":"https:\/\/www.padreeustaquio.com.br\/wp-content\/uploads\/2021\/10\/Padre-eustaquio-e-duas-de-suas-irmas-freiras-e1635600975880.jpeg","width":1280,"height":716},{"@type":"BreadcrumbList","@id":"https:\/\/www.padreeustaquio.com.br\/familia-van-lieshout-uma-familia-que-sempre-serviu-ao-senhor\/#breadcrumb","itemListElement":[{"@type":"ListItem","position":1,"name":"In\u00edcio","item":"https:\/\/www.padreeustaquio.com.br\/"},{"@type":"ListItem","position":2,"name":"Fam\u00edlia van Lieshout: uma fam\u00edlia que sempre serviu ao senhor"}]},{"@type":"WebSite","@id":"https:\/\/www.padreeustaquio.com.br\/#website","url":"https:\/\/www.padreeustaquio.com.br\/","name":"Padre Eustace","description":"Salud y Paz","publisher":{"@id":"https:\/\/www.padreeustaquio.com.br\/#organization"},"potentialAction":[{"@type":"SearchAction","target":{"@type":"EntryPoint","urlTemplate":"https:\/\/www.padreeustaquio.com.br\/?s={search_term_string}"},"query-input":{"@type":"PropertyValueSpecification","valueRequired":true,"valueName":"search_term_string"}}],"inLanguage":"es"},{"@type":"Organization","@id":"https:\/\/www.padreeustaquio.com.br\/#organization","name":"Padre Eustace","url":"https:\/\/www.padreeustaquio.com.br\/","logo":{"@type":"ImageObject","inLanguage":"es","@id":"https:\/\/www.padreeustaquio.com.br\/#\/schema\/logo\/image\/","url":"https:\/\/www.padreeustaquio.com.br\/wp-content\/uploads\/2019\/08\/marca.png","contentUrl":"https:\/\/www.padreeustaquio.com.br\/wp-content\/uploads\/2019\/08\/marca.png","width":350,"height":400,"caption":"Padre Eust\u00e1quio"},"image":{"@id":"https:\/\/www.padreeustaquio.com.br\/#\/schema\/logo\/image\/"},"sameAs":["https:\/\/www.facebook.com\/beatopadreeustaquio\/","https:\/\/x.com\/beatopeustaquio","https:\/\/www.instagram.com\/beatopadreeustaquio\/","https:\/\/www.youtube.com\/channel\/UCRhw7vfabnajwLxb1ZXMeIw"]},{"@type":"Person","@id":"https:\/\/www.padreeustaquio.com.br\/#\/schema\/person\/a2a51db1d00f1a7af0204a0f1ddb1566","name":"@sscc","image":{"@type":"ImageObject","inLanguage":"es","@id":"https:\/\/secure.gravatar.com\/avatar\/68cfafa5f44617fea54071e215026e0ff06be366c3d54a8425f04fdcb86f8c5f?s=96&d=mm&r=g","url":"https:\/\/secure.gravatar.com\/avatar\/68cfafa5f44617fea54071e215026e0ff06be366c3d54a8425f04fdcb86f8c5f?s=96&d=mm&r=g","contentUrl":"https:\/\/secure.gravatar.com\/avatar\/68cfafa5f44617fea54071e215026e0ff06be366c3d54a8425f04fdcb86f8c5f?s=96&d=mm&r=g","caption":"@sscc"},"url":"https:\/\/www.padreeustaquio.com.br\/es\/author\/sscc\/"}]}},"_links":{"self":[{"href":"https:\/\/www.padreeustaquio.com.br\/es\/wp-json\/wp\/v2\/posts\/7429","targetHints":{"allow":["GET"]}}],"collection":[{"href":"https:\/\/www.padreeustaquio.com.br\/es\/wp-json\/wp\/v2\/posts"}],"about":[{"href":"https:\/\/www.padreeustaquio.com.br\/es\/wp-json\/wp\/v2\/types\/post"}],"author":[{"embeddable":true,"href":"https:\/\/www.padreeustaquio.com.br\/es\/wp-json\/wp\/v2\/users\/2"}],"replies":[{"embeddable":true,"href":"https:\/\/www.padreeustaquio.com.br\/es\/wp-json\/wp\/v2\/comments?post=7429"}],"version-history":[{"count":0,"href":"https:\/\/www.padreeustaquio.com.br\/es\/wp-json\/wp\/v2\/posts\/7429\/revisions"}],"wp:featuredmedia":[{"embeddable":true,"href":"https:\/\/www.padreeustaquio.com.br\/es\/wp-json\/wp\/v2\/media\/7430"}],"wp:attachment":[{"href":"https:\/\/www.padreeustaquio.com.br\/es\/wp-json\/wp\/v2\/media?parent=7429"}],"wp:term":[{"taxonomy":"category","embeddable":true,"href":"https:\/\/www.padreeustaquio.com.br\/es\/wp-json\/wp\/v2\/categories?post=7429"},{"taxonomy":"post_tag","embeddable":true,"href":"https:\/\/www.padreeustaquio.com.br\/es\/wp-json\/wp\/v2\/tags?post=7429"}],"curies":[{"name":"wp","href":"https:\/\/api.w.org\/{rel}","templated":true}]}}