{"id":7412,"date":"2021-10-29T12:38:38","date_gmt":"2021-10-29T15:38:38","guid":{"rendered":"https:\/\/www.padreeustaquio.com.br\/?p=7412"},"modified":"2021-10-30T10:21:22","modified_gmt":"2021-10-30T13:21:22","slug":"causa-de-canonizacion-se-hace-presente-en-encuentro-nacional-de-ancianos","status":"publish","type":"post","link":"https:\/\/www.padreeustaquio.com.br\/es\/causa-de-canonizacion-se-hace-presente-en-encuentro-nacional-de-ancianos\/","title":{"rendered":"Causa de Canonizaci\u00f3n se hace presente en Encuentro Nacional de Personas Mayores"},"content":{"rendered":"<p>El responsable del proceso de Canonizaci\u00f3n del Beato Padre Eust\u00e1quio, P. Vin\u00edcius Maciel, ss.cc, el gerente administrativo de la Acci\u00f3n Social Padre Eust\u00e1quio, Carlos Henrique Ferreira, y la gerente de la Tienda Padre Eust\u00e1quio, Denise Dellaretti, se encuentran en Esp\u00edrito Santo participando del 22\u00ba Encuentro Nacional de la Tercera Edad.<\/p>\n\n\n\n<div class=\"wp-block-image is-style-default\"><figure class=\"alignleft size-medium\"><img fetchpriority=\"high\" decoding=\"async\" width=\"300\" height=\"169\" src=\"https:\/\/www.padreeustaquio.com.br\/wp-content\/uploads\/2021\/10\/vice-postulacao-no-encontro-dedo-de-prosa-1-300x169.jpeg\" alt=\"\" class=\"wp-image-7414\" srcset=\"https:\/\/www.padreeustaquio.com.br\/wp-content\/uploads\/2021\/10\/vice-postulacao-no-encontro-dedo-de-prosa-1-300x169.jpeg 300w, https:\/\/www.padreeustaquio.com.br\/wp-content\/uploads\/2021\/10\/vice-postulacao-no-encontro-dedo-de-prosa-1-768x432.jpeg 768w, https:\/\/www.padreeustaquio.com.br\/wp-content\/uploads\/2021\/10\/vice-postulacao-no-encontro-dedo-de-prosa-1-400x225.jpeg 400w, https:\/\/www.padreeustaquio.com.br\/wp-content\/uploads\/2021\/10\/vice-postulacao-no-encontro-dedo-de-prosa-1-600x338.jpeg 600w, https:\/\/www.padreeustaquio.com.br\/wp-content\/uploads\/2021\/10\/vice-postulacao-no-encontro-dedo-de-prosa-1-800x450.jpeg 800w, https:\/\/www.padreeustaquio.com.br\/wp-content\/uploads\/2021\/10\/vice-postulacao-no-encontro-dedo-de-prosa-1.jpeg 1024w\" sizes=\"(max-width: 300px) 100vw, 300px\" \/><\/figure><\/div>\n\n\n\n<p>La delegaci\u00f3n se encarga de promover al Beato Padre Eust\u00e1quio y de las sesiones de oraci\u00f3n del encuentro. Ayer, 28 de marzo, durante la inauguraci\u00f3n del evento, el Padre Vin\u00edcius Maciel ingres\u00f3 al Centro de Convenciones Sesc Lagoa Formosa con una imagen de Cristo Resucitado. La figura representa a quien venci\u00f3 a la muerte, en alusi\u00f3n al regreso de las actividades tras un per\u00edodo triste debido a la pandemia. Mucha gente se emocion\u00f3, ya que este es el primer evento tras dos a\u00f1os sin el &quot;Dedo de Prosa&quot;.<\/p>\n\n\n\n<div class=\"wp-block-image\"><figure class=\"alignright size-large is-resized\"><img decoding=\"async\" src=\"https:\/\/www.padreeustaquio.com.br\/wp-content\/uploads\/2021\/10\/vice-postulacao-no-encontro-dedo-de-prosa-2-1024x768.jpeg\" alt=\"\" class=\"wp-image-7415\" width=\"308\" height=\"231\" srcset=\"https:\/\/www.padreeustaquio.com.br\/wp-content\/uploads\/2021\/10\/vice-postulacao-no-encontro-dedo-de-prosa-2-1024x768.jpeg 1024w, https:\/\/www.padreeustaquio.com.br\/wp-content\/uploads\/2021\/10\/vice-postulacao-no-encontro-dedo-de-prosa-2-300x225.jpeg 300w, https:\/\/www.padreeustaquio.com.br\/wp-content\/uploads\/2021\/10\/vice-postulacao-no-encontro-dedo-de-prosa-2-768x576.jpeg 768w, https:\/\/www.padreeustaquio.com.br\/wp-content\/uploads\/2021\/10\/vice-postulacao-no-encontro-dedo-de-prosa-2-1536x1152.jpeg 1536w, https:\/\/www.padreeustaquio.com.br\/wp-content\/uploads\/2021\/10\/vice-postulacao-no-encontro-dedo-de-prosa-2-180x135.jpeg 180w, https:\/\/www.padreeustaquio.com.br\/wp-content\/uploads\/2021\/10\/vice-postulacao-no-encontro-dedo-de-prosa-2-400x300.jpeg 400w, https:\/\/www.padreeustaquio.com.br\/wp-content\/uploads\/2021\/10\/vice-postulacao-no-encontro-dedo-de-prosa-2-600x450.jpeg 600w, https:\/\/www.padreeustaquio.com.br\/wp-content\/uploads\/2021\/10\/vice-postulacao-no-encontro-dedo-de-prosa-2-800x600.jpeg 800w, https:\/\/www.padreeustaquio.com.br\/wp-content\/uploads\/2021\/10\/vice-postulacao-no-encontro-dedo-de-prosa-2-1200x900.jpeg 1200w, https:\/\/www.padreeustaquio.com.br\/wp-content\/uploads\/2021\/10\/vice-postulacao-no-encontro-dedo-de-prosa-2.jpeg 1600w\" sizes=\"(max-width: 308px) 100vw, 308px\" \/><\/figure><\/div>\n\n\n\n<p>En el stand de Acci\u00f3n Social, montado para promover el trabajo y vender productos que ayudan a financiar el Secretariado Nacional para la Causa de Canonizaci\u00f3n, muchas personas pueden conocer la vida e historia del Padre Eust\u00e1quio, adem\u00e1s de tener la oportunidad de encontrar objetos relacionados con el Beato.<\/p>\n\n\n\n<p>El domingo, el Padre Vin\u00edcius oficiar\u00e1 la misa de clausura del evento, que re\u00fane a unas 800 personas en Aracruz, Esp\u00edrito Santo. Se est\u00e1n implementando y respetando todas las medidas sanitarias y de distanciamiento social para garantizar la protecci\u00f3n de la salud de todos.<\/p>\n\n\n\n<p><\/p>","protected":false},"excerpt":{"rendered":"<p>O respons\u00e1vel pelo processo de Canoniza\u00e7\u00e3o do Beato Padre Eust\u00e1quio, Pe. Vin\u00edcius Maciel, ss.cc, o gerente administrativo da A\u00e7\u00e3o Social Padre Eust\u00e1quio, Carlos Henrique Ferreira e a gerente da Loja do Padre Eust\u00e1quio, Denise Dellaretti, est\u00e3o no Esp\u00edrito Santo participando do 22\u00ba Encontro Nacional Dedo de Prosa da Melhor idade. A comitiva est\u00e1 respons\u00e1vel pela divulga\u00e7\u00e3o do Beato Padre Eust\u00e1quio e pelos momentos de ora\u00e7\u00e3o do encontro. Ontem, dia 28, durante a abertura do evento, Pe. Vin\u00edcius Maciel entrou no Centro de Conven\u00e7\u00f5es do Sesc Lagoa Formosa com a imagem do Cristo Ressuscitado. A figura representa aquele que venceu a [&hellip;]<\/p>\n","protected":false},"author":2,"featured_media":7413,"comment_status":"open","ping_status":"closed","sticky":false,"template":"","format":"standard","meta":{"_acf_changed":false,"footnotes":""},"categories":[611],"tags":[],"class_list":["post-7412","post","type-post","status-publish","format-standard","has-post-thumbnail","hentry","category-noticias"],"acf":[],"yoast_head":"<!-- This site is optimized with the Yoast SEO plugin v27.2 - https:\/\/yoast.com\/product\/yoast-seo-wordpress\/ -->\n<title>Causa de Canoniza\u00e7\u00e3o marca presen\u00e7a em Encontro Nacional da 3\u00aa idade<\/title>\n<meta name=\"description\" content=\"administrativo da A\u00e7\u00e3o Social Padre Eust\u00e1quio, Carlos Henrique Ferreira e a gerente da Loja do Padre Eust\u00e1quio, Denise Dellaretti, est\u00e3o no Esp\u00edrito Santo participando do 22\u00ba Encontro Nacional Dedo de Prosa da Melhor idade.\" \/>\n<meta name=\"robots\" content=\"index, follow, max-snippet:-1, max-image-preview:large, max-video-preview:-1\" \/>\n<link rel=\"canonical\" href=\"https:\/\/www.padreeustaquio.com.br\/es\/causa-de-canonizacion-se-hace-presente-en-encuentro-nacional-de-ancianos\/\" \/>\n<meta property=\"og:locale\" content=\"es_ES\" \/>\n<meta property=\"og:type\" content=\"article\" \/>\n<meta property=\"og:title\" content=\"Causa de Canoniza\u00e7\u00e3o marca presen\u00e7a em Encontro Nacional da 3\u00aa idade\" \/>\n<meta property=\"og:description\" content=\"administrativo da A\u00e7\u00e3o Social Padre Eust\u00e1quio, Carlos Henrique Ferreira e a gerente da Loja do Padre Eust\u00e1quio, Denise Dellaretti, est\u00e3o no Esp\u00edrito Santo participando do 22\u00ba Encontro Nacional Dedo de Prosa da Melhor idade.\" \/>\n<meta property=\"og:url\" content=\"https:\/\/www.padreeustaquio.com.br\/es\/causa-de-canonizacion-se-hace-presente-en-encuentro-nacional-de-ancianos\/\" \/>\n<meta property=\"og:site_name\" content=\"Padre Eust\u00e1quio\" \/>\n<meta property=\"article:publisher\" content=\"https:\/\/www.facebook.com\/beatopadreeustaquio\/\" \/>\n<meta property=\"article:published_time\" content=\"2021-10-29T15:38:38+00:00\" \/>\n<meta property=\"article:modified_time\" content=\"2021-10-30T13:21:22+00:00\" \/>\n<meta property=\"og:image\" content=\"https:\/\/www.padreeustaquio.com.br\/wp-content\/uploads\/2021\/10\/vice-postulacao-no-encontro-dedo-de-prosa.jpeg\" \/>\n\t<meta property=\"og:image:width\" content=\"1024\" \/>\n\t<meta property=\"og:image:height\" content=\"576\" \/>\n\t<meta property=\"og:image:type\" content=\"image\/jpeg\" \/>\n<meta name=\"author\" content=\"@sscc\" \/>\n<meta name=\"twitter:card\" content=\"summary_large_image\" \/>\n<meta name=\"twitter:creator\" content=\"@beatopeustaquio\" \/>\n<meta name=\"twitter:site\" content=\"@beatopeustaquio\" \/>\n<meta name=\"twitter:label1\" content=\"Escrito por\" \/>\n\t<meta name=\"twitter:data1\" content=\"@sscc\" \/>\n\t<meta name=\"twitter:label2\" content=\"Tiempo de lectura\" \/>\n\t<meta name=\"twitter:data2\" content=\"2 minutos\" \/>\n<script type=\"application\/ld+json\" class=\"yoast-schema-graph\">{\"@context\":\"https:\/\/schema.org\",\"@graph\":[{\"@type\":\"Article\",\"@id\":\"https:\/\/www.padreeustaquio.com.br\/causa-de-canonizacao-marca-presenca-em-encontro-nacional-da-3a-idade\/#article\",\"isPartOf\":{\"@id\":\"https:\/\/www.padreeustaquio.com.br\/causa-de-canonizacao-marca-presenca-em-encontro-nacional-da-3a-idade\/\"},\"author\":{\"name\":\"@sscc\",\"@id\":\"https:\/\/www.padreeustaquio.com.br\/#\/schema\/person\/a2a51db1d00f1a7af0204a0f1ddb1566\"},\"headline\":\"Causa de Canoniza\u00e7\u00e3o marca presen\u00e7a em Encontro Nacional da 3\u00aa idade\",\"datePublished\":\"2021-10-29T15:38:38+00:00\",\"dateModified\":\"2021-10-30T13:21:22+00:00\",\"mainEntityOfPage\":{\"@id\":\"https:\/\/www.padreeustaquio.com.br\/causa-de-canonizacao-marca-presenca-em-encontro-nacional-da-3a-idade\/\"},\"wordCount\":267,\"commentCount\":0,\"publisher\":{\"@id\":\"https:\/\/www.padreeustaquio.com.br\/#organization\"},\"image\":{\"@id\":\"https:\/\/www.padreeustaquio.com.br\/causa-de-canonizacao-marca-presenca-em-encontro-nacional-da-3a-idade\/#primaryimage\"},\"thumbnailUrl\":\"https:\/\/www.padreeustaquio.com.br\/wp-content\/uploads\/2021\/10\/vice-postulacao-no-encontro-dedo-de-prosa.jpeg\",\"articleSection\":[\"Not\u00edcias\"],\"inLanguage\":\"es\",\"potentialAction\":[{\"@type\":\"CommentAction\",\"name\":\"Comment\",\"target\":[\"https:\/\/www.padreeustaquio.com.br\/causa-de-canonizacao-marca-presenca-em-encontro-nacional-da-3a-idade\/#respond\"]}]},{\"@type\":\"WebPage\",\"@id\":\"https:\/\/www.padreeustaquio.com.br\/causa-de-canonizacao-marca-presenca-em-encontro-nacional-da-3a-idade\/\",\"url\":\"https:\/\/www.padreeustaquio.com.br\/causa-de-canonizacao-marca-presenca-em-encontro-nacional-da-3a-idade\/\",\"name\":\"Causa de Canoniza\u00e7\u00e3o marca presen\u00e7a em Encontro Nacional da 3\u00aa idade\",\"isPartOf\":{\"@id\":\"https:\/\/www.padreeustaquio.com.br\/#website\"},\"primaryImageOfPage\":{\"@id\":\"https:\/\/www.padreeustaquio.com.br\/causa-de-canonizacao-marca-presenca-em-encontro-nacional-da-3a-idade\/#primaryimage\"},\"image\":{\"@id\":\"https:\/\/www.padreeustaquio.com.br\/causa-de-canonizacao-marca-presenca-em-encontro-nacional-da-3a-idade\/#primaryimage\"},\"thumbnailUrl\":\"https:\/\/www.padreeustaquio.com.br\/wp-content\/uploads\/2021\/10\/vice-postulacao-no-encontro-dedo-de-prosa.jpeg\",\"datePublished\":\"2021-10-29T15:38:38+00:00\",\"dateModified\":\"2021-10-30T13:21:22+00:00\",\"description\":\"administrativo da A\u00e7\u00e3o Social Padre Eust\u00e1quio, Carlos Henrique Ferreira e a gerente da Loja do Padre Eust\u00e1quio, Denise Dellaretti, est\u00e3o no Esp\u00edrito Santo participando do 22\u00ba Encontro Nacional Dedo de Prosa da Melhor idade.\",\"breadcrumb\":{\"@id\":\"https:\/\/www.padreeustaquio.com.br\/causa-de-canonizacao-marca-presenca-em-encontro-nacional-da-3a-idade\/#breadcrumb\"},\"inLanguage\":\"es\",\"potentialAction\":[{\"@type\":\"ReadAction\",\"target\":[\"https:\/\/www.padreeustaquio.com.br\/causa-de-canonizacao-marca-presenca-em-encontro-nacional-da-3a-idade\/\"]}]},{\"@type\":\"ImageObject\",\"inLanguage\":\"es\",\"@id\":\"https:\/\/www.padreeustaquio.com.br\/causa-de-canonizacao-marca-presenca-em-encontro-nacional-da-3a-idade\/#primaryimage\",\"url\":\"https:\/\/www.padreeustaquio.com.br\/wp-content\/uploads\/2021\/10\/vice-postulacao-no-encontro-dedo-de-prosa.jpeg\",\"contentUrl\":\"https:\/\/www.padreeustaquio.com.br\/wp-content\/uploads\/2021\/10\/vice-postulacao-no-encontro-dedo-de-prosa.jpeg\",\"width\":1024,\"height\":576},{\"@type\":\"BreadcrumbList\",\"@id\":\"https:\/\/www.padreeustaquio.com.br\/causa-de-canonizacao-marca-presenca-em-encontro-nacional-da-3a-idade\/#breadcrumb\",\"itemListElement\":[{\"@type\":\"ListItem\",\"position\":1,\"name\":\"In\u00edcio\",\"item\":\"https:\/\/www.padreeustaquio.com.br\/\"},{\"@type\":\"ListItem\",\"position\":2,\"name\":\"Causa de Canoniza\u00e7\u00e3o marca presen\u00e7a em Encontro Nacional da 3\u00aa idade\"}]},{\"@type\":\"WebSite\",\"@id\":\"https:\/\/www.padreeustaquio.com.br\/#website\",\"url\":\"https:\/\/www.padreeustaquio.com.br\/\",\"name\":\"Padre Eust\u00e1quio\",\"description\":\"Sa\u00fade e Paz\",\"publisher\":{\"@id\":\"https:\/\/www.padreeustaquio.com.br\/#organization\"},\"potentialAction\":[{\"@type\":\"SearchAction\",\"target\":{\"@type\":\"EntryPoint\",\"urlTemplate\":\"https:\/\/www.padreeustaquio.com.br\/?s={search_term_string}\"},\"query-input\":{\"@type\":\"PropertyValueSpecification\",\"valueRequired\":true,\"valueName\":\"search_term_string\"}}],\"inLanguage\":\"es\"},{\"@type\":\"Organization\",\"@id\":\"https:\/\/www.padreeustaquio.com.br\/#organization\",\"name\":\"Padre Eust\u00e1quio\",\"url\":\"https:\/\/www.padreeustaquio.com.br\/\",\"logo\":{\"@type\":\"ImageObject\",\"inLanguage\":\"es\",\"@id\":\"https:\/\/www.padreeustaquio.com.br\/#\/schema\/logo\/image\/\",\"url\":\"https:\/\/www.padreeustaquio.com.br\/wp-content\/uploads\/2019\/08\/marca.png\",\"contentUrl\":\"https:\/\/www.padreeustaquio.com.br\/wp-content\/uploads\/2019\/08\/marca.png\",\"width\":350,\"height\":400,\"caption\":\"Padre Eust\u00e1quio\"},\"image\":{\"@id\":\"https:\/\/www.padreeustaquio.com.br\/#\/schema\/logo\/image\/\"},\"sameAs\":[\"https:\/\/www.facebook.com\/beatopadreeustaquio\/\",\"https:\/\/x.com\/beatopeustaquio\",\"https:\/\/www.instagram.com\/beatopadreeustaquio\/\",\"https:\/\/www.youtube.com\/channel\/UCRhw7vfabnajwLxb1ZXMeIw\"]},{\"@type\":\"Person\",\"@id\":\"https:\/\/www.padreeustaquio.com.br\/#\/schema\/person\/a2a51db1d00f1a7af0204a0f1ddb1566\",\"name\":\"@sscc\",\"image\":{\"@type\":\"ImageObject\",\"inLanguage\":\"es\",\"@id\":\"https:\/\/secure.gravatar.com\/avatar\/68cfafa5f44617fea54071e215026e0ff06be366c3d54a8425f04fdcb86f8c5f?s=96&d=mm&r=g\",\"url\":\"https:\/\/secure.gravatar.com\/avatar\/68cfafa5f44617fea54071e215026e0ff06be366c3d54a8425f04fdcb86f8c5f?s=96&d=mm&r=g\",\"contentUrl\":\"https:\/\/secure.gravatar.com\/avatar\/68cfafa5f44617fea54071e215026e0ff06be366c3d54a8425f04fdcb86f8c5f?s=96&d=mm&r=g\",\"caption\":\"@sscc\"},\"url\":\"https:\/\/www.padreeustaquio.com.br\/es\/author\/sscc\/\"}]}<\/script>\n<!-- \/ Yoast SEO plugin. -->","yoast_head_json":{"title":"Causa de Canonizaci\u00f3n se hace presente en Encuentro Nacional de Personas Mayores","description":"Carlos Henrique Ferreira, director administrativo de la Acci\u00f3n Social Padre Eust\u00e1quio, y Denise Dellaretti, gerente de la tienda Padre Eust\u00e1quio, se encuentran en Esp\u00edrito Santo participando del 22\u00ba Encuentro Nacional de la Tercera Edad (Dedo de Prosa da Melhor Idade).","robots":{"index":"index","follow":"follow","max-snippet":"max-snippet:-1","max-image-preview":"max-image-preview:large","max-video-preview":"max-video-preview:-1"},"canonical":"https:\/\/www.padreeustaquio.com.br\/es\/causa-de-canonizacion-se-hace-presente-en-encuentro-nacional-de-ancianos\/","og_locale":"es_ES","og_type":"article","og_title":"Causa de Canoniza\u00e7\u00e3o marca presen\u00e7a em Encontro Nacional da 3\u00aa idade","og_description":"administrativo da A\u00e7\u00e3o Social Padre Eust\u00e1quio, Carlos Henrique Ferreira e a gerente da Loja do Padre Eust\u00e1quio, Denise Dellaretti, est\u00e3o no Esp\u00edrito Santo participando do 22\u00ba Encontro Nacional Dedo de Prosa da Melhor idade.","og_url":"https:\/\/www.padreeustaquio.com.br\/es\/causa-de-canonizacion-se-hace-presente-en-encuentro-nacional-de-ancianos\/","og_site_name":"Padre Eust\u00e1quio","article_publisher":"https:\/\/www.facebook.com\/beatopadreeustaquio\/","article_published_time":"2021-10-29T15:38:38+00:00","article_modified_time":"2021-10-30T13:21:22+00:00","og_image":[{"width":1024,"height":576,"url":"https:\/\/www.padreeustaquio.com.br\/wp-content\/uploads\/2021\/10\/vice-postulacao-no-encontro-dedo-de-prosa.jpeg","type":"image\/jpeg"}],"author":"@sscc","twitter_card":"summary_large_image","twitter_creator":"@beatopeustaquio","twitter_site":"@beatopeustaquio","twitter_misc":{"Escrito por":"@sscc","Tiempo de lectura":"2 minutos"},"schema":{"@context":"https:\/\/schema.org","@graph":[{"@type":"Article","@id":"https:\/\/www.padreeustaquio.com.br\/causa-de-canonizacao-marca-presenca-em-encontro-nacional-da-3a-idade\/#article","isPartOf":{"@id":"https:\/\/www.padreeustaquio.com.br\/causa-de-canonizacao-marca-presenca-em-encontro-nacional-da-3a-idade\/"},"author":{"name":"@sscc","@id":"https:\/\/www.padreeustaquio.com.br\/#\/schema\/person\/a2a51db1d00f1a7af0204a0f1ddb1566"},"headline":"Causa de Canoniza\u00e7\u00e3o marca presen\u00e7a em Encontro Nacional da 3\u00aa idade","datePublished":"2021-10-29T15:38:38+00:00","dateModified":"2021-10-30T13:21:22+00:00","mainEntityOfPage":{"@id":"https:\/\/www.padreeustaquio.com.br\/causa-de-canonizacao-marca-presenca-em-encontro-nacional-da-3a-idade\/"},"wordCount":267,"commentCount":0,"publisher":{"@id":"https:\/\/www.padreeustaquio.com.br\/#organization"},"image":{"@id":"https:\/\/www.padreeustaquio.com.br\/causa-de-canonizacao-marca-presenca-em-encontro-nacional-da-3a-idade\/#primaryimage"},"thumbnailUrl":"https:\/\/www.padreeustaquio.com.br\/wp-content\/uploads\/2021\/10\/vice-postulacao-no-encontro-dedo-de-prosa.jpeg","articleSection":["Not\u00edcias"],"inLanguage":"es","potentialAction":[{"@type":"CommentAction","name":"Comment","target":["https:\/\/www.padreeustaquio.com.br\/causa-de-canonizacao-marca-presenca-em-encontro-nacional-da-3a-idade\/#respond"]}]},{"@type":"WebPage","@id":"https:\/\/www.padreeustaquio.com.br\/causa-de-canonizacao-marca-presenca-em-encontro-nacional-da-3a-idade\/","url":"https:\/\/www.padreeustaquio.com.br\/causa-de-canonizacao-marca-presenca-em-encontro-nacional-da-3a-idade\/","name":"Causa de Canonizaci\u00f3n se hace presente en Encuentro Nacional de Personas Mayores","isPartOf":{"@id":"https:\/\/www.padreeustaquio.com.br\/#website"},"primaryImageOfPage":{"@id":"https:\/\/www.padreeustaquio.com.br\/causa-de-canonizacao-marca-presenca-em-encontro-nacional-da-3a-idade\/#primaryimage"},"image":{"@id":"https:\/\/www.padreeustaquio.com.br\/causa-de-canonizacao-marca-presenca-em-encontro-nacional-da-3a-idade\/#primaryimage"},"thumbnailUrl":"https:\/\/www.padreeustaquio.com.br\/wp-content\/uploads\/2021\/10\/vice-postulacao-no-encontro-dedo-de-prosa.jpeg","datePublished":"2021-10-29T15:38:38+00:00","dateModified":"2021-10-30T13:21:22+00:00","description":"Carlos Henrique Ferreira, director administrativo de la Acci\u00f3n Social Padre Eust\u00e1quio, y Denise Dellaretti, gerente de la tienda Padre Eust\u00e1quio, se encuentran en Esp\u00edrito Santo participando del 22\u00ba Encuentro Nacional de la Tercera Edad (Dedo de Prosa da Melhor Idade).","breadcrumb":{"@id":"https:\/\/www.padreeustaquio.com.br\/causa-de-canonizacao-marca-presenca-em-encontro-nacional-da-3a-idade\/#breadcrumb"},"inLanguage":"es","potentialAction":[{"@type":"ReadAction","target":["https:\/\/www.padreeustaquio.com.br\/causa-de-canonizacao-marca-presenca-em-encontro-nacional-da-3a-idade\/"]}]},{"@type":"ImageObject","inLanguage":"es","@id":"https:\/\/www.padreeustaquio.com.br\/causa-de-canonizacao-marca-presenca-em-encontro-nacional-da-3a-idade\/#primaryimage","url":"https:\/\/www.padreeustaquio.com.br\/wp-content\/uploads\/2021\/10\/vice-postulacao-no-encontro-dedo-de-prosa.jpeg","contentUrl":"https:\/\/www.padreeustaquio.com.br\/wp-content\/uploads\/2021\/10\/vice-postulacao-no-encontro-dedo-de-prosa.jpeg","width":1024,"height":576},{"@type":"BreadcrumbList","@id":"https:\/\/www.padreeustaquio.com.br\/causa-de-canonizacao-marca-presenca-em-encontro-nacional-da-3a-idade\/#breadcrumb","itemListElement":[{"@type":"ListItem","position":1,"name":"In\u00edcio","item":"https:\/\/www.padreeustaquio.com.br\/"},{"@type":"ListItem","position":2,"name":"Causa de Canoniza\u00e7\u00e3o marca presen\u00e7a em Encontro Nacional da 3\u00aa idade"}]},{"@type":"WebSite","@id":"https:\/\/www.padreeustaquio.com.br\/#website","url":"https:\/\/www.padreeustaquio.com.br\/","name":"Padre Eustace","description":"Salud y Paz","publisher":{"@id":"https:\/\/www.padreeustaquio.com.br\/#organization"},"potentialAction":[{"@type":"SearchAction","target":{"@type":"EntryPoint","urlTemplate":"https:\/\/www.padreeustaquio.com.br\/?s={search_term_string}"},"query-input":{"@type":"PropertyValueSpecification","valueRequired":true,"valueName":"search_term_string"}}],"inLanguage":"es"},{"@type":"Organization","@id":"https:\/\/www.padreeustaquio.com.br\/#organization","name":"Padre Eustace","url":"https:\/\/www.padreeustaquio.com.br\/","logo":{"@type":"ImageObject","inLanguage":"es","@id":"https:\/\/www.padreeustaquio.com.br\/#\/schema\/logo\/image\/","url":"https:\/\/www.padreeustaquio.com.br\/wp-content\/uploads\/2019\/08\/marca.png","contentUrl":"https:\/\/www.padreeustaquio.com.br\/wp-content\/uploads\/2019\/08\/marca.png","width":350,"height":400,"caption":"Padre Eust\u00e1quio"},"image":{"@id":"https:\/\/www.padreeustaquio.com.br\/#\/schema\/logo\/image\/"},"sameAs":["https:\/\/www.facebook.com\/beatopadreeustaquio\/","https:\/\/x.com\/beatopeustaquio","https:\/\/www.instagram.com\/beatopadreeustaquio\/","https:\/\/www.youtube.com\/channel\/UCRhw7vfabnajwLxb1ZXMeIw"]},{"@type":"Person","@id":"https:\/\/www.padreeustaquio.com.br\/#\/schema\/person\/a2a51db1d00f1a7af0204a0f1ddb1566","name":"@sscc","image":{"@type":"ImageObject","inLanguage":"es","@id":"https:\/\/secure.gravatar.com\/avatar\/68cfafa5f44617fea54071e215026e0ff06be366c3d54a8425f04fdcb86f8c5f?s=96&d=mm&r=g","url":"https:\/\/secure.gravatar.com\/avatar\/68cfafa5f44617fea54071e215026e0ff06be366c3d54a8425f04fdcb86f8c5f?s=96&d=mm&r=g","contentUrl":"https:\/\/secure.gravatar.com\/avatar\/68cfafa5f44617fea54071e215026e0ff06be366c3d54a8425f04fdcb86f8c5f?s=96&d=mm&r=g","caption":"@sscc"},"url":"https:\/\/www.padreeustaquio.com.br\/es\/author\/sscc\/"}]}},"_links":{"self":[{"href":"https:\/\/www.padreeustaquio.com.br\/es\/wp-json\/wp\/v2\/posts\/7412","targetHints":{"allow":["GET"]}}],"collection":[{"href":"https:\/\/www.padreeustaquio.com.br\/es\/wp-json\/wp\/v2\/posts"}],"about":[{"href":"https:\/\/www.padreeustaquio.com.br\/es\/wp-json\/wp\/v2\/types\/post"}],"author":[{"embeddable":true,"href":"https:\/\/www.padreeustaquio.com.br\/es\/wp-json\/wp\/v2\/users\/2"}],"replies":[{"embeddable":true,"href":"https:\/\/www.padreeustaquio.com.br\/es\/wp-json\/wp\/v2\/comments?post=7412"}],"version-history":[{"count":0,"href":"https:\/\/www.padreeustaquio.com.br\/es\/wp-json\/wp\/v2\/posts\/7412\/revisions"}],"wp:featuredmedia":[{"embeddable":true,"href":"https:\/\/www.padreeustaquio.com.br\/es\/wp-json\/wp\/v2\/media\/7413"}],"wp:attachment":[{"href":"https:\/\/www.padreeustaquio.com.br\/es\/wp-json\/wp\/v2\/media?parent=7412"}],"wp:term":[{"taxonomy":"category","embeddable":true,"href":"https:\/\/www.padreeustaquio.com.br\/es\/wp-json\/wp\/v2\/categories?post=7412"},{"taxonomy":"post_tag","embeddable":true,"href":"https:\/\/www.padreeustaquio.com.br\/es\/wp-json\/wp\/v2\/tags?post=7412"}],"curies":[{"name":"wp","href":"https:\/\/api.w.org\/{rel}","templated":true}]}}