{"id":7399,"date":"2021-10-28T06:18:00","date_gmt":"2021-10-28T09:18:00","guid":{"rendered":"https:\/\/www.padreeustaquio.com.br\/?p=7399"},"modified":"2021-10-26T10:52:50","modified_gmt":"2021-10-26T13:52:50","slug":"palabras-del-padre-eustaquio-maria-madre-de-dios-y-madre-nuestra","status":"publish","type":"post","link":"https:\/\/www.padreeustaquio.com.br\/es\/palabras-del-padre-eustaquio-maria-madre-de-dios-y-madre-nuestra\/","title":{"rendered":"Palabras del Padre Eust\u00e1quio: \u00a1Mar\u00eda, Madre de Dios y Madre nuestra!"},"content":{"rendered":"<p>El Padre Eust\u00e1quio llev\u00f3 en su misi\u00f3n una gran devoci\u00f3n a Mar\u00eda Sant\u00edsima, Madre de Dios y tambi\u00e9n Madre nuestra. Ofrece una reflexi\u00f3n sobre ella en uno de sus textos publicado en el Bolet\u00edn Parroquial de los Sagrados Corazones, de 1946\/1947. Lea un extracto del texto del Beato Padre:<\/p>\n\n\n\n<p><em>\u00a1Mar\u00eda, Madre de Dios y Madre nuestra!<\/em><\/p>\n\n\n\n<p><em>El Ni\u00f1o Jes\u00fas la obedece, como sab\u00e9is, los Santos la veneran como a su Madre, los \u00e1ngeles cantan su gloria y alabanzas por toda la eternidad.<\/em>.<\/p>\n\n\n\n<p><em>\u00bfY qu\u00e9 deben hacer las almas? Contempla a su madre, a quien siguen, a veces piadosa, a veces pecadora y arrepentida, a veces d\u00e9bil y necesitada de su apoyo. Alma piadosa, contempla a tu madre, la maestra amada de quien has le\u00eddo tantas veces en el Evangelio; ella es, no te equivoques, verdaderamente tu madre amada, con quien tanto anhelaste estar, y a\u00fan m\u00e1s, siempre quiso ser tu madre. Alma pecadora, contempla a tu madre, que tanto sufri\u00f3 y llor\u00f3 por tus innumerables pecados. Almas d\u00e9biles, contempla a tu madre, tu poderosa ayuda, como dice la poderosa invocaci\u00f3n.<\/em>.<\/p>\n\n\n\n<p><em>Oh, qu\u00e9 f\u00e1cil ser\u00eda recordar, sentir y amar todas las dificultades que la Madre del Cielo soport\u00f3 por tu amor. Quiz\u00e1s bastar\u00eda recordarla, pobre en Egipto, pobre en Bel\u00e9n, buscando y llorando un peque\u00f1o lugar donde refugiarse entre los poderosos. Sin embargo, ella era sobre todo homenaje, ella que, para s\u00ed misma y para su Divino Hijo, tiene, junto a \u00c9l, un trono exaltado en la gloria celestial. Quiz\u00e1s baste recordarla al pie de la Santa Cruz del Redentor, sumida en la m\u00e1s profunda contrici\u00f3n y dolor por su Hijo y por la humanidad. Quiz\u00e1s baste recordar su maternal soledad.<\/em>.<\/p>\n\n\n\n<p><\/p>","protected":false},"excerpt":{"rendered":"<p>Padre Eust\u00e1quio carregou em sua miss\u00e3o uma grande devo\u00e7\u00e3o a Maria Sant\u00edssima, m\u00e3e de Deus e tamb\u00e9m nossa m\u00e3e. Ele traz uma reflex\u00e3o sobre ela em um de seus textos publicados no Boletim da Matriz Sagrados Cora\u00e7\u00f5es, datado de 1946\/1947. Leia um trecho do texto do Bem-aventurado: Maria, M\u00e3e de Deus e nossa m\u00e3e! O Menino Jesus obedece-lhe, como sabeis, os Santos veneram-na como a sua m\u00e3e, os anjos cantam por toda eternidade sua gl\u00f3ria e seus louvores. E as almas, que devem fazer? Eis ai sua m\u00e3e, que seguem, ora, piedosas, ora, pecadoras e arrependidas, ora fracas e necessitadas [&hellip;]<\/p>\n","protected":false},"author":2,"featured_media":6980,"comment_status":"open","ping_status":"closed","sticky":false,"template":"","format":"standard","meta":{"_acf_changed":false,"footnotes":""},"categories":[611],"tags":[],"class_list":["post-7399","post","type-post","status-publish","format-standard","has-post-thumbnail","hentry","category-noticias"],"acf":[],"yoast_head":"<!-- This site is optimized with the Yoast SEO plugin v27.2 - https:\/\/yoast.com\/product\/yoast-seo-wordpress\/ -->\n<title>Palavras do Padre Eust\u00e1quio: Maria, M\u00e3e de Deus e nossa m\u00e3e!<\/title>\n<meta name=\"description\" content=\"Padre Eust\u00e1quio carregou em sua miss\u00e3o uma grande devo\u00e7\u00e3o a Maria Sant\u00edssima, m\u00e3e de Deus e tamb\u00e9m nossa m\u00e3e. Ele traz uma reflex\u00e3o sobre ela em um de seus textos publicados no Boletim da Matriz Sagrados Cora\u00e7\u00f5es, datado de 1946\/1947.\" \/>\n<meta name=\"robots\" content=\"index, follow, max-snippet:-1, max-image-preview:large, max-video-preview:-1\" \/>\n<link rel=\"canonical\" href=\"https:\/\/www.padreeustaquio.com.br\/es\/palabras-del-padre-eustaquio-maria-madre-de-dios-y-madre-nuestra\/\" \/>\n<meta property=\"og:locale\" content=\"es_ES\" \/>\n<meta property=\"og:type\" content=\"article\" \/>\n<meta property=\"og:title\" content=\"Palavras do Padre Eust\u00e1quio: Maria, M\u00e3e de Deus e nossa m\u00e3e!\" \/>\n<meta property=\"og:description\" content=\"Padre Eust\u00e1quio carregou em sua miss\u00e3o uma grande devo\u00e7\u00e3o a Maria Sant\u00edssima, m\u00e3e de Deus e tamb\u00e9m nossa m\u00e3e. Ele traz uma reflex\u00e3o sobre ela em um de seus textos publicados no Boletim da Matriz Sagrados Cora\u00e7\u00f5es, datado de 1946\/1947.\" \/>\n<meta property=\"og:url\" content=\"https:\/\/www.padreeustaquio.com.br\/es\/palabras-del-padre-eustaquio-maria-madre-de-dios-y-madre-nuestra\/\" \/>\n<meta property=\"og:site_name\" content=\"Padre Eust\u00e1quio\" \/>\n<meta property=\"article:publisher\" content=\"https:\/\/www.facebook.com\/beatopadreeustaquio\/\" \/>\n<meta property=\"article:published_time\" content=\"2021-10-28T09:18:00+00:00\" \/>\n<meta property=\"og:image\" content=\"https:\/\/www.padreeustaquio.com.br\/wp-content\/uploads\/2021\/09\/WhatsApp-Image-2021-09-13-at-16.13.47-6-1.jpeg\" \/>\n\t<meta property=\"og:image:width\" content=\"1280\" \/>\n\t<meta property=\"og:image:height\" content=\"869\" \/>\n\t<meta property=\"og:image:type\" content=\"image\/jpeg\" \/>\n<meta name=\"author\" content=\"@sscc\" \/>\n<meta name=\"twitter:card\" content=\"summary_large_image\" \/>\n<meta name=\"twitter:creator\" content=\"@beatopeustaquio\" \/>\n<meta name=\"twitter:site\" content=\"@beatopeustaquio\" \/>\n<meta name=\"twitter:label1\" content=\"Escrito por\" \/>\n\t<meta name=\"twitter:data1\" content=\"@sscc\" \/>\n\t<meta name=\"twitter:label2\" content=\"Tiempo de lectura\" \/>\n\t<meta name=\"twitter:data2\" content=\"2 minutos\" \/>\n<script type=\"application\/ld+json\" class=\"yoast-schema-graph\">{\"@context\":\"https:\/\/schema.org\",\"@graph\":[{\"@type\":\"Article\",\"@id\":\"https:\/\/www.padreeustaquio.com.br\/palavras-do-padre-eustaquio-maria-mae-de-deus-e-nossa-mae\/#article\",\"isPartOf\":{\"@id\":\"https:\/\/www.padreeustaquio.com.br\/palavras-do-padre-eustaquio-maria-mae-de-deus-e-nossa-mae\/\"},\"author\":{\"name\":\"@sscc\",\"@id\":\"https:\/\/www.padreeustaquio.com.br\/#\/schema\/person\/a2a51db1d00f1a7af0204a0f1ddb1566\"},\"headline\":\"Palavras do Padre Eust\u00e1quio: Maria, M\u00e3e de Deus e nossa m\u00e3e!\",\"datePublished\":\"2021-10-28T09:18:00+00:00\",\"mainEntityOfPage\":{\"@id\":\"https:\/\/www.padreeustaquio.com.br\/palavras-do-padre-eustaquio-maria-mae-de-deus-e-nossa-mae\/\"},\"wordCount\":318,\"commentCount\":0,\"publisher\":{\"@id\":\"https:\/\/www.padreeustaquio.com.br\/#organization\"},\"image\":{\"@id\":\"https:\/\/www.padreeustaquio.com.br\/palavras-do-padre-eustaquio-maria-mae-de-deus-e-nossa-mae\/#primaryimage\"},\"thumbnailUrl\":\"https:\/\/www.padreeustaquio.com.br\/wp-content\/uploads\/2021\/09\/WhatsApp-Image-2021-09-13-at-16.13.47-6-1.jpeg\",\"articleSection\":[\"Not\u00edcias\"],\"inLanguage\":\"es\",\"potentialAction\":[{\"@type\":\"CommentAction\",\"name\":\"Comment\",\"target\":[\"https:\/\/www.padreeustaquio.com.br\/palavras-do-padre-eustaquio-maria-mae-de-deus-e-nossa-mae\/#respond\"]}]},{\"@type\":\"WebPage\",\"@id\":\"https:\/\/www.padreeustaquio.com.br\/palavras-do-padre-eustaquio-maria-mae-de-deus-e-nossa-mae\/\",\"url\":\"https:\/\/www.padreeustaquio.com.br\/palavras-do-padre-eustaquio-maria-mae-de-deus-e-nossa-mae\/\",\"name\":\"Palavras do Padre Eust\u00e1quio: Maria, M\u00e3e de Deus e nossa m\u00e3e!\",\"isPartOf\":{\"@id\":\"https:\/\/www.padreeustaquio.com.br\/#website\"},\"primaryImageOfPage\":{\"@id\":\"https:\/\/www.padreeustaquio.com.br\/palavras-do-padre-eustaquio-maria-mae-de-deus-e-nossa-mae\/#primaryimage\"},\"image\":{\"@id\":\"https:\/\/www.padreeustaquio.com.br\/palavras-do-padre-eustaquio-maria-mae-de-deus-e-nossa-mae\/#primaryimage\"},\"thumbnailUrl\":\"https:\/\/www.padreeustaquio.com.br\/wp-content\/uploads\/2021\/09\/WhatsApp-Image-2021-09-13-at-16.13.47-6-1.jpeg\",\"datePublished\":\"2021-10-28T09:18:00+00:00\",\"description\":\"Padre Eust\u00e1quio carregou em sua miss\u00e3o uma grande devo\u00e7\u00e3o a Maria Sant\u00edssima, m\u00e3e de Deus e tamb\u00e9m nossa m\u00e3e. Ele traz uma reflex\u00e3o sobre ela em um de seus textos publicados no Boletim da Matriz Sagrados Cora\u00e7\u00f5es, datado de 1946\/1947.\",\"breadcrumb\":{\"@id\":\"https:\/\/www.padreeustaquio.com.br\/palavras-do-padre-eustaquio-maria-mae-de-deus-e-nossa-mae\/#breadcrumb\"},\"inLanguage\":\"es\",\"potentialAction\":[{\"@type\":\"ReadAction\",\"target\":[\"https:\/\/www.padreeustaquio.com.br\/palavras-do-padre-eustaquio-maria-mae-de-deus-e-nossa-mae\/\"]}]},{\"@type\":\"ImageObject\",\"inLanguage\":\"es\",\"@id\":\"https:\/\/www.padreeustaquio.com.br\/palavras-do-padre-eustaquio-maria-mae-de-deus-e-nossa-mae\/#primaryimage\",\"url\":\"https:\/\/www.padreeustaquio.com.br\/wp-content\/uploads\/2021\/09\/WhatsApp-Image-2021-09-13-at-16.13.47-6-1.jpeg\",\"contentUrl\":\"https:\/\/www.padreeustaquio.com.br\/wp-content\/uploads\/2021\/09\/WhatsApp-Image-2021-09-13-at-16.13.47-6-1.jpeg\",\"width\":1280,\"height\":869,\"caption\":\"Padre Eust\u00e1quio com fi\u00e9is em frente a Gruta de Nossa Senhora de Lourdes, constru\u00edda por ele, em Po\u00e1\/SP\"},{\"@type\":\"BreadcrumbList\",\"@id\":\"https:\/\/www.padreeustaquio.com.br\/palavras-do-padre-eustaquio-maria-mae-de-deus-e-nossa-mae\/#breadcrumb\",\"itemListElement\":[{\"@type\":\"ListItem\",\"position\":1,\"name\":\"In\u00edcio\",\"item\":\"https:\/\/www.padreeustaquio.com.br\/\"},{\"@type\":\"ListItem\",\"position\":2,\"name\":\"Palavras do Padre Eust\u00e1quio: Maria, M\u00e3e de Deus e nossa m\u00e3e!\"}]},{\"@type\":\"WebSite\",\"@id\":\"https:\/\/www.padreeustaquio.com.br\/#website\",\"url\":\"https:\/\/www.padreeustaquio.com.br\/\",\"name\":\"Padre Eust\u00e1quio\",\"description\":\"Sa\u00fade e Paz\",\"publisher\":{\"@id\":\"https:\/\/www.padreeustaquio.com.br\/#organization\"},\"potentialAction\":[{\"@type\":\"SearchAction\",\"target\":{\"@type\":\"EntryPoint\",\"urlTemplate\":\"https:\/\/www.padreeustaquio.com.br\/?s={search_term_string}\"},\"query-input\":{\"@type\":\"PropertyValueSpecification\",\"valueRequired\":true,\"valueName\":\"search_term_string\"}}],\"inLanguage\":\"es\"},{\"@type\":\"Organization\",\"@id\":\"https:\/\/www.padreeustaquio.com.br\/#organization\",\"name\":\"Padre Eust\u00e1quio\",\"url\":\"https:\/\/www.padreeustaquio.com.br\/\",\"logo\":{\"@type\":\"ImageObject\",\"inLanguage\":\"es\",\"@id\":\"https:\/\/www.padreeustaquio.com.br\/#\/schema\/logo\/image\/\",\"url\":\"https:\/\/www.padreeustaquio.com.br\/wp-content\/uploads\/2019\/08\/marca.png\",\"contentUrl\":\"https:\/\/www.padreeustaquio.com.br\/wp-content\/uploads\/2019\/08\/marca.png\",\"width\":350,\"height\":400,\"caption\":\"Padre Eust\u00e1quio\"},\"image\":{\"@id\":\"https:\/\/www.padreeustaquio.com.br\/#\/schema\/logo\/image\/\"},\"sameAs\":[\"https:\/\/www.facebook.com\/beatopadreeustaquio\/\",\"https:\/\/x.com\/beatopeustaquio\",\"https:\/\/www.instagram.com\/beatopadreeustaquio\/\",\"https:\/\/www.youtube.com\/channel\/UCRhw7vfabnajwLxb1ZXMeIw\"]},{\"@type\":\"Person\",\"@id\":\"https:\/\/www.padreeustaquio.com.br\/#\/schema\/person\/a2a51db1d00f1a7af0204a0f1ddb1566\",\"name\":\"@sscc\",\"image\":{\"@type\":\"ImageObject\",\"inLanguage\":\"es\",\"@id\":\"https:\/\/secure.gravatar.com\/avatar\/68cfafa5f44617fea54071e215026e0ff06be366c3d54a8425f04fdcb86f8c5f?s=96&d=mm&r=g\",\"url\":\"https:\/\/secure.gravatar.com\/avatar\/68cfafa5f44617fea54071e215026e0ff06be366c3d54a8425f04fdcb86f8c5f?s=96&d=mm&r=g\",\"contentUrl\":\"https:\/\/secure.gravatar.com\/avatar\/68cfafa5f44617fea54071e215026e0ff06be366c3d54a8425f04fdcb86f8c5f?s=96&d=mm&r=g\",\"caption\":\"@sscc\"},\"url\":\"https:\/\/www.padreeustaquio.com.br\/es\/author\/sscc\/\"}]}<\/script>\n<!-- \/ Yoast SEO plugin. -->","yoast_head_json":{"title":"Palabras del Padre Eust\u00e1quio: \u00a1Mar\u00eda, Madre de Dios y Madre nuestra!","description":"El Padre Eust\u00e1quio mantuvo en su misi\u00f3n una gran devoci\u00f3n a Mar\u00eda Sant\u00edsima, Madre de Dios y tambi\u00e9n Madre nuestra. Ofrece una reflexi\u00f3n sobre ella en uno de sus textos publicado en el Bolet\u00edn Parroquial de los Sagrados Corazones, de 1946\/1947.","robots":{"index":"index","follow":"follow","max-snippet":"max-snippet:-1","max-image-preview":"max-image-preview:large","max-video-preview":"max-video-preview:-1"},"canonical":"https:\/\/www.padreeustaquio.com.br\/es\/palabras-del-padre-eustaquio-maria-madre-de-dios-y-madre-nuestra\/","og_locale":"es_ES","og_type":"article","og_title":"Palavras do Padre Eust\u00e1quio: Maria, M\u00e3e de Deus e nossa m\u00e3e!","og_description":"Padre Eust\u00e1quio carregou em sua miss\u00e3o uma grande devo\u00e7\u00e3o a Maria Sant\u00edssima, m\u00e3e de Deus e tamb\u00e9m nossa m\u00e3e. Ele traz uma reflex\u00e3o sobre ela em um de seus textos publicados no Boletim da Matriz Sagrados Cora\u00e7\u00f5es, datado de 1946\/1947.","og_url":"https:\/\/www.padreeustaquio.com.br\/es\/palabras-del-padre-eustaquio-maria-madre-de-dios-y-madre-nuestra\/","og_site_name":"Padre Eust\u00e1quio","article_publisher":"https:\/\/www.facebook.com\/beatopadreeustaquio\/","article_published_time":"2021-10-28T09:18:00+00:00","og_image":[{"width":1280,"height":869,"url":"https:\/\/www.padreeustaquio.com.br\/wp-content\/uploads\/2021\/09\/WhatsApp-Image-2021-09-13-at-16.13.47-6-1.jpeg","type":"image\/jpeg"}],"author":"@sscc","twitter_card":"summary_large_image","twitter_creator":"@beatopeustaquio","twitter_site":"@beatopeustaquio","twitter_misc":{"Escrito por":"@sscc","Tiempo de lectura":"2 minutos"},"schema":{"@context":"https:\/\/schema.org","@graph":[{"@type":"Article","@id":"https:\/\/www.padreeustaquio.com.br\/palavras-do-padre-eustaquio-maria-mae-de-deus-e-nossa-mae\/#article","isPartOf":{"@id":"https:\/\/www.padreeustaquio.com.br\/palavras-do-padre-eustaquio-maria-mae-de-deus-e-nossa-mae\/"},"author":{"name":"@sscc","@id":"https:\/\/www.padreeustaquio.com.br\/#\/schema\/person\/a2a51db1d00f1a7af0204a0f1ddb1566"},"headline":"Palavras do Padre Eust\u00e1quio: Maria, M\u00e3e de Deus e nossa m\u00e3e!","datePublished":"2021-10-28T09:18:00+00:00","mainEntityOfPage":{"@id":"https:\/\/www.padreeustaquio.com.br\/palavras-do-padre-eustaquio-maria-mae-de-deus-e-nossa-mae\/"},"wordCount":318,"commentCount":0,"publisher":{"@id":"https:\/\/www.padreeustaquio.com.br\/#organization"},"image":{"@id":"https:\/\/www.padreeustaquio.com.br\/palavras-do-padre-eustaquio-maria-mae-de-deus-e-nossa-mae\/#primaryimage"},"thumbnailUrl":"https:\/\/www.padreeustaquio.com.br\/wp-content\/uploads\/2021\/09\/WhatsApp-Image-2021-09-13-at-16.13.47-6-1.jpeg","articleSection":["Not\u00edcias"],"inLanguage":"es","potentialAction":[{"@type":"CommentAction","name":"Comment","target":["https:\/\/www.padreeustaquio.com.br\/palavras-do-padre-eustaquio-maria-mae-de-deus-e-nossa-mae\/#respond"]}]},{"@type":"WebPage","@id":"https:\/\/www.padreeustaquio.com.br\/palavras-do-padre-eustaquio-maria-mae-de-deus-e-nossa-mae\/","url":"https:\/\/www.padreeustaquio.com.br\/palavras-do-padre-eustaquio-maria-mae-de-deus-e-nossa-mae\/","name":"Palabras del Padre Eust\u00e1quio: \u00a1Mar\u00eda, Madre de Dios y Madre nuestra!","isPartOf":{"@id":"https:\/\/www.padreeustaquio.com.br\/#website"},"primaryImageOfPage":{"@id":"https:\/\/www.padreeustaquio.com.br\/palavras-do-padre-eustaquio-maria-mae-de-deus-e-nossa-mae\/#primaryimage"},"image":{"@id":"https:\/\/www.padreeustaquio.com.br\/palavras-do-padre-eustaquio-maria-mae-de-deus-e-nossa-mae\/#primaryimage"},"thumbnailUrl":"https:\/\/www.padreeustaquio.com.br\/wp-content\/uploads\/2021\/09\/WhatsApp-Image-2021-09-13-at-16.13.47-6-1.jpeg","datePublished":"2021-10-28T09:18:00+00:00","description":"El Padre Eust\u00e1quio mantuvo en su misi\u00f3n una gran devoci\u00f3n a Mar\u00eda Sant\u00edsima, Madre de Dios y tambi\u00e9n Madre nuestra. Ofrece una reflexi\u00f3n sobre ella en uno de sus textos publicado en el Bolet\u00edn Parroquial de los Sagrados Corazones, de 1946\/1947.","breadcrumb":{"@id":"https:\/\/www.padreeustaquio.com.br\/palavras-do-padre-eustaquio-maria-mae-de-deus-e-nossa-mae\/#breadcrumb"},"inLanguage":"es","potentialAction":[{"@type":"ReadAction","target":["https:\/\/www.padreeustaquio.com.br\/palavras-do-padre-eustaquio-maria-mae-de-deus-e-nossa-mae\/"]}]},{"@type":"ImageObject","inLanguage":"es","@id":"https:\/\/www.padreeustaquio.com.br\/palavras-do-padre-eustaquio-maria-mae-de-deus-e-nossa-mae\/#primaryimage","url":"https:\/\/www.padreeustaquio.com.br\/wp-content\/uploads\/2021\/09\/WhatsApp-Image-2021-09-13-at-16.13.47-6-1.jpeg","contentUrl":"https:\/\/www.padreeustaquio.com.br\/wp-content\/uploads\/2021\/09\/WhatsApp-Image-2021-09-13-at-16.13.47-6-1.jpeg","width":1280,"height":869,"caption":"Padre Eust\u00e1quio com fi\u00e9is em frente a Gruta de Nossa Senhora de Lourdes, constru\u00edda por ele, em Po\u00e1\/SP"},{"@type":"BreadcrumbList","@id":"https:\/\/www.padreeustaquio.com.br\/palavras-do-padre-eustaquio-maria-mae-de-deus-e-nossa-mae\/#breadcrumb","itemListElement":[{"@type":"ListItem","position":1,"name":"In\u00edcio","item":"https:\/\/www.padreeustaquio.com.br\/"},{"@type":"ListItem","position":2,"name":"Palavras do Padre Eust\u00e1quio: Maria, M\u00e3e de Deus e nossa m\u00e3e!"}]},{"@type":"WebSite","@id":"https:\/\/www.padreeustaquio.com.br\/#website","url":"https:\/\/www.padreeustaquio.com.br\/","name":"Padre Eustace","description":"Salud y Paz","publisher":{"@id":"https:\/\/www.padreeustaquio.com.br\/#organization"},"potentialAction":[{"@type":"SearchAction","target":{"@type":"EntryPoint","urlTemplate":"https:\/\/www.padreeustaquio.com.br\/?s={search_term_string}"},"query-input":{"@type":"PropertyValueSpecification","valueRequired":true,"valueName":"search_term_string"}}],"inLanguage":"es"},{"@type":"Organization","@id":"https:\/\/www.padreeustaquio.com.br\/#organization","name":"Padre Eustace","url":"https:\/\/www.padreeustaquio.com.br\/","logo":{"@type":"ImageObject","inLanguage":"es","@id":"https:\/\/www.padreeustaquio.com.br\/#\/schema\/logo\/image\/","url":"https:\/\/www.padreeustaquio.com.br\/wp-content\/uploads\/2019\/08\/marca.png","contentUrl":"https:\/\/www.padreeustaquio.com.br\/wp-content\/uploads\/2019\/08\/marca.png","width":350,"height":400,"caption":"Padre Eust\u00e1quio"},"image":{"@id":"https:\/\/www.padreeustaquio.com.br\/#\/schema\/logo\/image\/"},"sameAs":["https:\/\/www.facebook.com\/beatopadreeustaquio\/","https:\/\/x.com\/beatopeustaquio","https:\/\/www.instagram.com\/beatopadreeustaquio\/","https:\/\/www.youtube.com\/channel\/UCRhw7vfabnajwLxb1ZXMeIw"]},{"@type":"Person","@id":"https:\/\/www.padreeustaquio.com.br\/#\/schema\/person\/a2a51db1d00f1a7af0204a0f1ddb1566","name":"@sscc","image":{"@type":"ImageObject","inLanguage":"es","@id":"https:\/\/secure.gravatar.com\/avatar\/68cfafa5f44617fea54071e215026e0ff06be366c3d54a8425f04fdcb86f8c5f?s=96&d=mm&r=g","url":"https:\/\/secure.gravatar.com\/avatar\/68cfafa5f44617fea54071e215026e0ff06be366c3d54a8425f04fdcb86f8c5f?s=96&d=mm&r=g","contentUrl":"https:\/\/secure.gravatar.com\/avatar\/68cfafa5f44617fea54071e215026e0ff06be366c3d54a8425f04fdcb86f8c5f?s=96&d=mm&r=g","caption":"@sscc"},"url":"https:\/\/www.padreeustaquio.com.br\/es\/author\/sscc\/"}]}},"_links":{"self":[{"href":"https:\/\/www.padreeustaquio.com.br\/es\/wp-json\/wp\/v2\/posts\/7399","targetHints":{"allow":["GET"]}}],"collection":[{"href":"https:\/\/www.padreeustaquio.com.br\/es\/wp-json\/wp\/v2\/posts"}],"about":[{"href":"https:\/\/www.padreeustaquio.com.br\/es\/wp-json\/wp\/v2\/types\/post"}],"author":[{"embeddable":true,"href":"https:\/\/www.padreeustaquio.com.br\/es\/wp-json\/wp\/v2\/users\/2"}],"replies":[{"embeddable":true,"href":"https:\/\/www.padreeustaquio.com.br\/es\/wp-json\/wp\/v2\/comments?post=7399"}],"version-history":[{"count":0,"href":"https:\/\/www.padreeustaquio.com.br\/es\/wp-json\/wp\/v2\/posts\/7399\/revisions"}],"wp:featuredmedia":[{"embeddable":true,"href":"https:\/\/www.padreeustaquio.com.br\/es\/wp-json\/wp\/v2\/media\/6980"}],"wp:attachment":[{"href":"https:\/\/www.padreeustaquio.com.br\/es\/wp-json\/wp\/v2\/media?parent=7399"}],"wp:term":[{"taxonomy":"category","embeddable":true,"href":"https:\/\/www.padreeustaquio.com.br\/es\/wp-json\/wp\/v2\/categories?post=7399"},{"taxonomy":"post_tag","embeddable":true,"href":"https:\/\/www.padreeustaquio.com.br\/es\/wp-json\/wp\/v2\/tags?post=7399"}],"curies":[{"name":"wp","href":"https:\/\/api.w.org\/{rel}","templated":true}]}}