{"id":7290,"date":"2021-10-12T06:11:00","date_gmt":"2021-10-12T09:11:00","guid":{"rendered":"https:\/\/www.padreeustaquio.com.br\/?p=7290"},"modified":"2021-10-11T16:53:33","modified_gmt":"2021-10-11T19:53:33","slug":"la-mision-del-padre-eustaquio-en-brasil-fue-bendecida-por-nuestra-senora-de-aparecida","status":"publish","type":"post","link":"https:\/\/www.padreeustaquio.com.br\/es\/la-mision-del-padre-eustaquio-en-brasil-fue-bendecida-por-nuestra-senora-de-aparecida\/","title":{"rendered":"El Padre Eust\u00e1quio pidi\u00f3 la bendici\u00f3n de Nuestra Se\u00f1ora de Aparecida para la misi\u00f3n en Brasil."},"content":{"rendered":"<p>El 12 de mayo de 1925, los primeros misioneros de la Congregaci\u00f3n de los Sagrados Corazones llegaron a Brasil, desembarcando en R\u00edo de Janeiro. Su plan era fundar la Congregaci\u00f3n en el pa\u00eds sudamericano y servir en ciudades que necesitaban gu\u00eda espiritual.<\/p>\n\n\n\n<p>Para orar por la obra que comenzaba, en junio de ese a\u00f1o, el Padre Eust\u00e1quio, el Padre Mathias y el Padre Gil viajaron a Aparecida, en S\u00e3o Paulo. Fueron a la Iglesia de la Santa Patrona de Brasil para orar ante la imagen hallada en las aguas del r\u00edo Para\u00edba.<\/p>\n\n\n\n<p>Durante la visita, el padre Eust\u00e1quio envi\u00f3 una postal desde la ciudad a su hermana Pac\u00edfica, tambi\u00e9n monja, en los Pa\u00edses Bajos. En la postal, el sacerdote escribi\u00f3:<\/p>\n\n\n\n<p><em><strong>\u201cQuerida hermana Pacifica, <br>Atentamente, desde este famoso lugar de peregrinaci\u00f3n en Brasil, a las Hermanas de los Sagrados Corazones, a la Reverenda Madre y a las hermanas. Gracias a Dios, todo va bien. Apoyaremos a nuestro obispo en Uberaba. Direcci\u00f3n temporal: Palacio Episcopal, Uberaba, Brasil. Despu\u00e9s, iremos a un lugar de peregrinaci\u00f3n sin director espiritual: \u00c1gua Suja, para establecernos definitivamente. Recibir\u00e1 una carta pronto. <br>Su amado, Padre Eustace.\u201d<\/strong><\/em><\/p>\n\n\n\n<figure class=\"wp-block-gallery columns-2 is-cropped wp-block-gallery-1 is-layout-flex wp-block-gallery-is-layout-flex\"><ul class=\"blocks-gallery-grid\"><li class=\"blocks-gallery-item\"><figure><a href=\"https:\/\/www.padreeustaquio.com.br\/es\/?attachment_id=7294\"><img fetchpriority=\"high\" decoding=\"async\" width=\"748\" height=\"394\" src=\"https:\/\/www.padreeustaquio.com.br\/wp-content\/uploads\/2021\/10\/postal-1.jpg\" alt=\"\" data-id=\"7294\" data-full-url=\"https:\/\/www.padreeustaquio.com.br\/wp-content\/uploads\/2021\/10\/postal-1.jpg\" data-link=\"https:\/\/www.padreeustaquio.com.br\/?attachment_id=7294\" class=\"wp-image-7294\" srcset=\"https:\/\/www.padreeustaquio.com.br\/wp-content\/uploads\/2021\/10\/postal-1.jpg 748w, https:\/\/www.padreeustaquio.com.br\/wp-content\/uploads\/2021\/10\/postal-1-300x158.jpg 300w\" sizes=\"(max-width: 748px) 100vw, 748px\" \/><\/a><\/figure><\/li><li class=\"blocks-gallery-item\"><figure><a href=\"https:\/\/www.padreeustaquio.com.br\/es\/?attachment_id=7295\"><img decoding=\"async\" width=\"748\" height=\"394\" src=\"https:\/\/www.padreeustaquio.com.br\/wp-content\/uploads\/2021\/10\/postal-2.jpg\" alt=\"\" data-id=\"7295\" data-full-url=\"https:\/\/www.padreeustaquio.com.br\/wp-content\/uploads\/2021\/10\/postal-2.jpg\" data-link=\"https:\/\/www.padreeustaquio.com.br\/?attachment_id=7295\" class=\"wp-image-7295\" srcset=\"https:\/\/www.padreeustaquio.com.br\/wp-content\/uploads\/2021\/10\/postal-2.jpg 748w, https:\/\/www.padreeustaquio.com.br\/wp-content\/uploads\/2021\/10\/postal-2-300x158.jpg 300w\" sizes=\"(max-width: 748px) 100vw, 748px\" \/><\/a><\/figure><\/li><\/ul><\/figure>\n\n\n\n<p>En otra ocasi\u00f3n, durante la festividad de Nuestra Se\u00f1ora de Aparecida, el padre Eust\u00e1quio atribuy\u00f3 la fe y la devoci\u00f3n del pueblo brasile\u00f1o a la madre de Jes\u00fas. Lea el texto completo:<\/p>\n\n\n\n<p><em>Tengo fe en que la religi\u00f3n cat\u00f3lica en Brasil nunca se perder\u00e1, porque la devoci\u00f3n a Mar\u00eda la consolida. Nuestra Se\u00f1ora es invocada bajo todos los t\u00edtulos: ayer bajo el t\u00edtulo de Nuestra Se\u00f1ora de Lourdes, otro d\u00eda bajo el t\u00edtulo de Nuestra Se\u00f1ora de la Abad\u00eda, hoy bajo el t\u00edtulo de Nuestra Se\u00f1ora de Aparecida, Patrona de Brasil.<\/em><\/p>\n\n\n\n<p><em>Y para aumentar a\u00fan m\u00e1s su devoci\u00f3n, quiero mostrarles que la imagen que ser\u00e1 llevada en triunfo es la de su Madre celestial, bajo la advocaci\u00f3n de Nuestra Se\u00f1ora de Aparecida. Madre es el t\u00edtulo que mejor entendemos, el que nos inspira mayor confianza, el que mejor explica las inagotables cualidades de Mar\u00eda. \u00bfY a qui\u00e9n no le emocionar\u00eda ver a su Madre llevada en triunfo?<\/em><\/p>\n\n\n\n<p><em>Mar\u00eda es nuestra Madre, \u00a1cu\u00e1nto amor debe tener un hijo por su madre! Una madre lo es todo para su hijo, as\u00ed como los hijos deben serlo todo para su Madre. Esto debemos aprenderlo desde lo alto del Calvario, donde Jes\u00fas, muriendo de sed y hambre, confi\u00f3 a Mar\u00eda, como Madre, a la humanidad por manos de San Juan.<\/em><\/p>\n\n\n\n<p><em>La vida cotidiana nos explica qu\u00e9 es una madre. La primera palabra que pronuncia un ni\u00f1o es la tierna palabra &quot;Madre&quot;. Madre, as\u00ed llora el ni\u00f1o; Madre, el ni\u00f1o grita de alegr\u00eda; Madre, el ni\u00f1o gime de dolor; Madre, el ni\u00f1o exclama en peligro; Madre, el ni\u00f1o habla con su \u00faltimo aliento. De principio a fin, siempre encontramos la palabra &quot;madre&quot; en los labios de un buen ni\u00f1o. De la memoria de la madre, los recuerdos de su hijo nunca se desvanecen, y al ni\u00f1o solo le faltar\u00e1 el pan cuando la madre ya no lo tenga. \u00bfNo es cierto que una madre nunca olvida a su hijo, que nunca niega el perd\u00f3n ni siquiera a un hijo indigno de este mundo?<\/em><\/p>\n\n\n\n<p><em>Oh Madre terrenal, eres la imagen de nuestra Madre Celestial. Si una madre est\u00e1 dispuesta a sacrificar su vida para salvar a su hijo, nuestra Madre Celestial no descansar\u00e1 hasta salvar la vida de nuestra alma. Si nuestras madres nos perdonan en la tierra, \u00a1cu\u00e1nta m\u00e1s esperanza tengo en ti, oh Mar\u00eda! Si incluso una madre imp\u00eda quiere proteger a sus hijos de alguna manera, \u00a1cu\u00e1nto m\u00e1s lo har\u00e1 una Madre Celestial, una Madre Santa! S\u00ed, oh mi amada Madre, porque eres la m\u00e1s pura, la m\u00e1s santa; \u00a1eres, oh Madre Celestial, digna de ser la Madre de Dios!<\/em><\/p>\n\n\n\n<p><em>Nuestras madres no nos olvidan en la tierra, pero mucho menos a ti, Madre Celestial, que tanto nos amas. Oh Madre m\u00eda, aumenta mi fe, mi confianza en ti. Pero si nuestra Madre Celestial es una verdadera Madre para nosotros, seamos tambi\u00e9n verdaderos hijos para Ella. Si no abandonamos el recuerdo de Mar\u00eda, nuestra madre nunca abandonar\u00e1 el nuestro.<\/em><\/p>\n\n\n\n<p><em>Siempre guardaremos un recuerdo en nuestros corazones. Si ella dio su vida por nosotros, no podemos dejar de d\u00e1rsela. Debo caminar siempre a su santa sombra. Debo rezar las oraciones que a ella le gustan, y el rosario nunca se apartar\u00e1 de mi lado.<\/em>.<\/p>\n\n\n\n<p><em>En la enfermedad, \u00a1mira a Mar\u00eda! En la alegr\u00eda, \u00a1mira a Mar\u00eda! A lo largo de tu vida, en la hora de tu muerte, invoca el nombre de tu Madre Mar\u00eda, a quien invocamos hoy bajo la gloriosa advocaci\u00f3n de Nuestra Se\u00f1ora de Aparecida. S\u00ed, en la imagen de Nuestra Se\u00f1ora de Aparecida debemos ver siempre la imagen de nuestra Madre Celestial, nuestra Madre a quien tanto amamos, que tanto nos ama, nuestra Madre que nos protege, de cuya protecci\u00f3n nunca nos separaremos, nuestra Madre que nos defiende y a quien siempre defenderemos.<\/em>.<\/p>\n\n\n\n<p><em>Madre m\u00eda, que diste tu vida por m\u00ed, y por quien yo tambi\u00e9n dar\u00e9 la m\u00eda, sin pecado, sin mancha, por la gracia de Dios, para que mi alma pueda acudir al seno de mi Madre para cantar sus glorias y las glorias de su Hijo, Nuestro Se\u00f1or, por los siglos de los siglos. Am\u00e9n.<\/em>.<\/p>\n\n\n\n<p><\/p>\n\n\n\n<p><\/p>","protected":false},"excerpt":{"rendered":"<p>Em 12 de maio de 1925 os primeiros mission\u00e1rios da Congrega\u00e7\u00e3o dos Sagrados Cora\u00e7\u00f5es chegaram ao Brasil, desembarcando no Rio de Janeiro. Os planos eram fundar a Congrega\u00e7\u00e3o no pa\u00eds sulamericano e servir nas cidades que necessitavam de acompanhamento espiritual. Para rezar pelo trabalho que come\u00e7ava, em junho daquele ano, Padre Eust\u00e1quio, Padre Mathias e Padre Gil viajaram a Aparecida, em S\u00e3o Paulo. Eles foram at\u00e9 a Igreja da Padroeira do Brasil para rezar diante da imagem encontrada nas \u00e1guas do Rio Para\u00edba. Durante a visita, Padre Eust\u00e1quio enviou um postal da cidade \u00e0 sua irm\u00e3 Pac\u00edfica, tamb\u00e9m religiosa, na [&hellip;]<\/p>\n","protected":false},"author":2,"featured_media":7294,"comment_status":"open","ping_status":"closed","sticky":false,"template":"","format":"standard","meta":{"_acf_changed":false,"footnotes":""},"categories":[611],"tags":[],"class_list":["post-7290","post","type-post","status-publish","format-standard","has-post-thumbnail","hentry","category-noticias"],"acf":[],"yoast_head":"<!-- This site is optimized with the Yoast SEO plugin v27.2 - https:\/\/yoast.com\/product\/yoast-seo-wordpress\/ -->\n<title>Padre Eust\u00e1quio pediu a b\u00ean\u00e7\u00e3o de Nossa Senhora Aparecida para a miss\u00e3o no Brasil<\/title>\n<meta name=\"description\" content=\"Em 12 de maio de 1925 os primeiros mission\u00e1rios da Congrega\u00e7\u00e3o dos Sagrados Cora\u00e7\u00f5es chegaram ao Brasil, no Rio de Janeiro, mas a primeira parada deles foi a cidade de Aparecida-SP, onde pediram as b\u00ean\u00e7\u00e3os da padroeira para a miss\u00e3o por aqui.\" \/>\n<meta name=\"robots\" content=\"index, follow, max-snippet:-1, max-image-preview:large, max-video-preview:-1\" \/>\n<link rel=\"canonical\" href=\"https:\/\/www.padreeustaquio.com.br\/es\/la-mision-del-padre-eustaquio-en-brasil-fue-bendecida-por-nuestra-senora-de-aparecida\/\" \/>\n<meta property=\"og:locale\" content=\"es_ES\" \/>\n<meta property=\"og:type\" content=\"article\" \/>\n<meta property=\"og:title\" content=\"Padre Eust\u00e1quio pediu a b\u00ean\u00e7\u00e3o de Nossa Senhora Aparecida para a miss\u00e3o no Brasil\" \/>\n<meta property=\"og:description\" content=\"Em 12 de maio de 1925 os primeiros mission\u00e1rios da Congrega\u00e7\u00e3o dos Sagrados Cora\u00e7\u00f5es chegaram ao Brasil, no Rio de Janeiro, mas a primeira parada deles foi a cidade de Aparecida-SP, onde pediram as b\u00ean\u00e7\u00e3os da padroeira para a miss\u00e3o por aqui.\" \/>\n<meta property=\"og:url\" content=\"https:\/\/www.padreeustaquio.com.br\/es\/la-mision-del-padre-eustaquio-en-brasil-fue-bendecida-por-nuestra-senora-de-aparecida\/\" \/>\n<meta property=\"og:site_name\" content=\"Padre Eust\u00e1quio\" \/>\n<meta property=\"article:publisher\" content=\"https:\/\/www.facebook.com\/beatopadreeustaquio\/\" \/>\n<meta property=\"article:published_time\" content=\"2021-10-12T09:11:00+00:00\" \/>\n<meta property=\"og:image\" content=\"https:\/\/www.padreeustaquio.com.br\/wp-content\/uploads\/2021\/10\/postal-1.jpg\" \/>\n\t<meta property=\"og:image:width\" content=\"748\" \/>\n\t<meta property=\"og:image:height\" content=\"394\" \/>\n\t<meta property=\"og:image:type\" content=\"image\/jpeg\" \/>\n<meta name=\"author\" content=\"@sscc\" \/>\n<meta name=\"twitter:card\" content=\"summary_large_image\" \/>\n<meta name=\"twitter:creator\" content=\"@beatopeustaquio\" \/>\n<meta name=\"twitter:site\" content=\"@beatopeustaquio\" \/>\n<meta name=\"twitter:label1\" content=\"Escrito por\" \/>\n\t<meta name=\"twitter:data1\" content=\"@sscc\" \/>\n\t<meta name=\"twitter:label2\" content=\"Tiempo de lectura\" \/>\n\t<meta name=\"twitter:data2\" content=\"5 minutos\" \/>\n<script type=\"application\/ld+json\" class=\"yoast-schema-graph\">{\"@context\":\"https:\/\/schema.org\",\"@graph\":[{\"@type\":\"Article\",\"@id\":\"https:\/\/www.padreeustaquio.com.br\/missao-de-padre-eustaquio-no-brasil-contou-com-bencao-de-nossa-senhora-aparecida\/#article\",\"isPartOf\":{\"@id\":\"https:\/\/www.padreeustaquio.com.br\/missao-de-padre-eustaquio-no-brasil-contou-com-bencao-de-nossa-senhora-aparecida\/\"},\"author\":{\"name\":\"@sscc\",\"@id\":\"https:\/\/www.padreeustaquio.com.br\/#\/schema\/person\/a2a51db1d00f1a7af0204a0f1ddb1566\"},\"headline\":\"Padre Eust\u00e1quio pediu a b\u00ean\u00e7\u00e3o de Nossa Senhora Aparecida para a miss\u00e3o no Brasil\",\"datePublished\":\"2021-10-12T09:11:00+00:00\",\"mainEntityOfPage\":{\"@id\":\"https:\/\/www.padreeustaquio.com.br\/missao-de-padre-eustaquio-no-brasil-contou-com-bencao-de-nossa-senhora-aparecida\/\"},\"wordCount\":1020,\"commentCount\":0,\"publisher\":{\"@id\":\"https:\/\/www.padreeustaquio.com.br\/#organization\"},\"image\":{\"@id\":\"https:\/\/www.padreeustaquio.com.br\/missao-de-padre-eustaquio-no-brasil-contou-com-bencao-de-nossa-senhora-aparecida\/#primaryimage\"},\"thumbnailUrl\":\"https:\/\/www.padreeustaquio.com.br\/wp-content\/uploads\/2021\/10\/postal-1.jpg\",\"articleSection\":[\"Not\u00edcias\"],\"inLanguage\":\"es\",\"potentialAction\":[{\"@type\":\"CommentAction\",\"name\":\"Comment\",\"target\":[\"https:\/\/www.padreeustaquio.com.br\/missao-de-padre-eustaquio-no-brasil-contou-com-bencao-de-nossa-senhora-aparecida\/#respond\"]}]},{\"@type\":\"WebPage\",\"@id\":\"https:\/\/www.padreeustaquio.com.br\/missao-de-padre-eustaquio-no-brasil-contou-com-bencao-de-nossa-senhora-aparecida\/\",\"url\":\"https:\/\/www.padreeustaquio.com.br\/missao-de-padre-eustaquio-no-brasil-contou-com-bencao-de-nossa-senhora-aparecida\/\",\"name\":\"Padre Eust\u00e1quio pediu a b\u00ean\u00e7\u00e3o de Nossa Senhora Aparecida para a miss\u00e3o no Brasil\",\"isPartOf\":{\"@id\":\"https:\/\/www.padreeustaquio.com.br\/#website\"},\"primaryImageOfPage\":{\"@id\":\"https:\/\/www.padreeustaquio.com.br\/missao-de-padre-eustaquio-no-brasil-contou-com-bencao-de-nossa-senhora-aparecida\/#primaryimage\"},\"image\":{\"@id\":\"https:\/\/www.padreeustaquio.com.br\/missao-de-padre-eustaquio-no-brasil-contou-com-bencao-de-nossa-senhora-aparecida\/#primaryimage\"},\"thumbnailUrl\":\"https:\/\/www.padreeustaquio.com.br\/wp-content\/uploads\/2021\/10\/postal-1.jpg\",\"datePublished\":\"2021-10-12T09:11:00+00:00\",\"description\":\"Em 12 de maio de 1925 os primeiros mission\u00e1rios da Congrega\u00e7\u00e3o dos Sagrados Cora\u00e7\u00f5es chegaram ao Brasil, no Rio de Janeiro, mas a primeira parada deles foi a cidade de Aparecida-SP, onde pediram as b\u00ean\u00e7\u00e3os da padroeira para a miss\u00e3o por aqui.\",\"breadcrumb\":{\"@id\":\"https:\/\/www.padreeustaquio.com.br\/missao-de-padre-eustaquio-no-brasil-contou-com-bencao-de-nossa-senhora-aparecida\/#breadcrumb\"},\"inLanguage\":\"es\",\"potentialAction\":[{\"@type\":\"ReadAction\",\"target\":[\"https:\/\/www.padreeustaquio.com.br\/missao-de-padre-eustaquio-no-brasil-contou-com-bencao-de-nossa-senhora-aparecida\/\"]}]},{\"@type\":\"ImageObject\",\"inLanguage\":\"es\",\"@id\":\"https:\/\/www.padreeustaquio.com.br\/missao-de-padre-eustaquio-no-brasil-contou-com-bencao-de-nossa-senhora-aparecida\/#primaryimage\",\"url\":\"https:\/\/www.padreeustaquio.com.br\/wp-content\/uploads\/2021\/10\/postal-1.jpg\",\"contentUrl\":\"https:\/\/www.padreeustaquio.com.br\/wp-content\/uploads\/2021\/10\/postal-1.jpg\",\"width\":748,\"height\":394,\"caption\":\"Cart\u00e3o Postal enviado por Pe. Eust\u00e1quio \u00e0 sua irm\u00e3 Pac\u00edfica na Holanda\"},{\"@type\":\"BreadcrumbList\",\"@id\":\"https:\/\/www.padreeustaquio.com.br\/missao-de-padre-eustaquio-no-brasil-contou-com-bencao-de-nossa-senhora-aparecida\/#breadcrumb\",\"itemListElement\":[{\"@type\":\"ListItem\",\"position\":1,\"name\":\"In\u00edcio\",\"item\":\"https:\/\/www.padreeustaquio.com.br\/\"},{\"@type\":\"ListItem\",\"position\":2,\"name\":\"Padre Eust\u00e1quio pediu a b\u00ean\u00e7\u00e3o de Nossa Senhora Aparecida para a miss\u00e3o no Brasil\"}]},{\"@type\":\"WebSite\",\"@id\":\"https:\/\/www.padreeustaquio.com.br\/#website\",\"url\":\"https:\/\/www.padreeustaquio.com.br\/\",\"name\":\"Padre Eust\u00e1quio\",\"description\":\"Sa\u00fade e Paz\",\"publisher\":{\"@id\":\"https:\/\/www.padreeustaquio.com.br\/#organization\"},\"potentialAction\":[{\"@type\":\"SearchAction\",\"target\":{\"@type\":\"EntryPoint\",\"urlTemplate\":\"https:\/\/www.padreeustaquio.com.br\/?s={search_term_string}\"},\"query-input\":{\"@type\":\"PropertyValueSpecification\",\"valueRequired\":true,\"valueName\":\"search_term_string\"}}],\"inLanguage\":\"es\"},{\"@type\":\"Organization\",\"@id\":\"https:\/\/www.padreeustaquio.com.br\/#organization\",\"name\":\"Padre Eust\u00e1quio\",\"url\":\"https:\/\/www.padreeustaquio.com.br\/\",\"logo\":{\"@type\":\"ImageObject\",\"inLanguage\":\"es\",\"@id\":\"https:\/\/www.padreeustaquio.com.br\/#\/schema\/logo\/image\/\",\"url\":\"https:\/\/www.padreeustaquio.com.br\/wp-content\/uploads\/2019\/08\/marca.png\",\"contentUrl\":\"https:\/\/www.padreeustaquio.com.br\/wp-content\/uploads\/2019\/08\/marca.png\",\"width\":350,\"height\":400,\"caption\":\"Padre Eust\u00e1quio\"},\"image\":{\"@id\":\"https:\/\/www.padreeustaquio.com.br\/#\/schema\/logo\/image\/\"},\"sameAs\":[\"https:\/\/www.facebook.com\/beatopadreeustaquio\/\",\"https:\/\/x.com\/beatopeustaquio\",\"https:\/\/www.instagram.com\/beatopadreeustaquio\/\",\"https:\/\/www.youtube.com\/channel\/UCRhw7vfabnajwLxb1ZXMeIw\"]},{\"@type\":\"Person\",\"@id\":\"https:\/\/www.padreeustaquio.com.br\/#\/schema\/person\/a2a51db1d00f1a7af0204a0f1ddb1566\",\"name\":\"@sscc\",\"image\":{\"@type\":\"ImageObject\",\"inLanguage\":\"es\",\"@id\":\"https:\/\/secure.gravatar.com\/avatar\/68cfafa5f44617fea54071e215026e0ff06be366c3d54a8425f04fdcb86f8c5f?s=96&d=mm&r=g\",\"url\":\"https:\/\/secure.gravatar.com\/avatar\/68cfafa5f44617fea54071e215026e0ff06be366c3d54a8425f04fdcb86f8c5f?s=96&d=mm&r=g\",\"contentUrl\":\"https:\/\/secure.gravatar.com\/avatar\/68cfafa5f44617fea54071e215026e0ff06be366c3d54a8425f04fdcb86f8c5f?s=96&d=mm&r=g\",\"caption\":\"@sscc\"},\"url\":\"https:\/\/www.padreeustaquio.com.br\/es\/author\/sscc\/\"}]}<\/script>\n<!-- \/ Yoast SEO plugin. -->","yoast_head_json":{"title":"El Padre Eust\u00e1quio pidi\u00f3 la bendici\u00f3n de Nuestra Se\u00f1ora de Aparecida para la misi\u00f3n en Brasil.","description":"El 12 de mayo de 1925, los primeros misioneros de la Congregaci\u00f3n de los Sagrados Corazones llegaron a Brasil, a R\u00edo de Janeiro, pero su primera parada fue la ciudad de Aparecida-SP, donde pidieron la bendici\u00f3n del santo patrono para su misi\u00f3n aqu\u00ed.","robots":{"index":"index","follow":"follow","max-snippet":"max-snippet:-1","max-image-preview":"max-image-preview:large","max-video-preview":"max-video-preview:-1"},"canonical":"https:\/\/www.padreeustaquio.com.br\/es\/la-mision-del-padre-eustaquio-en-brasil-fue-bendecida-por-nuestra-senora-de-aparecida\/","og_locale":"es_ES","og_type":"article","og_title":"Padre Eust\u00e1quio pediu a b\u00ean\u00e7\u00e3o de Nossa Senhora Aparecida para a miss\u00e3o no Brasil","og_description":"Em 12 de maio de 1925 os primeiros mission\u00e1rios da Congrega\u00e7\u00e3o dos Sagrados Cora\u00e7\u00f5es chegaram ao Brasil, no Rio de Janeiro, mas a primeira parada deles foi a cidade de Aparecida-SP, onde pediram as b\u00ean\u00e7\u00e3os da padroeira para a miss\u00e3o por aqui.","og_url":"https:\/\/www.padreeustaquio.com.br\/es\/la-mision-del-padre-eustaquio-en-brasil-fue-bendecida-por-nuestra-senora-de-aparecida\/","og_site_name":"Padre Eust\u00e1quio","article_publisher":"https:\/\/www.facebook.com\/beatopadreeustaquio\/","article_published_time":"2021-10-12T09:11:00+00:00","og_image":[{"width":748,"height":394,"url":"https:\/\/www.padreeustaquio.com.br\/wp-content\/uploads\/2021\/10\/postal-1.jpg","type":"image\/jpeg"}],"author":"@sscc","twitter_card":"summary_large_image","twitter_creator":"@beatopeustaquio","twitter_site":"@beatopeustaquio","twitter_misc":{"Escrito por":"@sscc","Tiempo de lectura":"5 minutos"},"schema":{"@context":"https:\/\/schema.org","@graph":[{"@type":"Article","@id":"https:\/\/www.padreeustaquio.com.br\/missao-de-padre-eustaquio-no-brasil-contou-com-bencao-de-nossa-senhora-aparecida\/#article","isPartOf":{"@id":"https:\/\/www.padreeustaquio.com.br\/missao-de-padre-eustaquio-no-brasil-contou-com-bencao-de-nossa-senhora-aparecida\/"},"author":{"name":"@sscc","@id":"https:\/\/www.padreeustaquio.com.br\/#\/schema\/person\/a2a51db1d00f1a7af0204a0f1ddb1566"},"headline":"Padre Eust\u00e1quio pediu a b\u00ean\u00e7\u00e3o de Nossa Senhora Aparecida para a miss\u00e3o no Brasil","datePublished":"2021-10-12T09:11:00+00:00","mainEntityOfPage":{"@id":"https:\/\/www.padreeustaquio.com.br\/missao-de-padre-eustaquio-no-brasil-contou-com-bencao-de-nossa-senhora-aparecida\/"},"wordCount":1020,"commentCount":0,"publisher":{"@id":"https:\/\/www.padreeustaquio.com.br\/#organization"},"image":{"@id":"https:\/\/www.padreeustaquio.com.br\/missao-de-padre-eustaquio-no-brasil-contou-com-bencao-de-nossa-senhora-aparecida\/#primaryimage"},"thumbnailUrl":"https:\/\/www.padreeustaquio.com.br\/wp-content\/uploads\/2021\/10\/postal-1.jpg","articleSection":["Not\u00edcias"],"inLanguage":"es","potentialAction":[{"@type":"CommentAction","name":"Comment","target":["https:\/\/www.padreeustaquio.com.br\/missao-de-padre-eustaquio-no-brasil-contou-com-bencao-de-nossa-senhora-aparecida\/#respond"]}]},{"@type":"WebPage","@id":"https:\/\/www.padreeustaquio.com.br\/missao-de-padre-eustaquio-no-brasil-contou-com-bencao-de-nossa-senhora-aparecida\/","url":"https:\/\/www.padreeustaquio.com.br\/missao-de-padre-eustaquio-no-brasil-contou-com-bencao-de-nossa-senhora-aparecida\/","name":"El Padre Eust\u00e1quio pidi\u00f3 la bendici\u00f3n de Nuestra Se\u00f1ora de Aparecida para la misi\u00f3n en Brasil.","isPartOf":{"@id":"https:\/\/www.padreeustaquio.com.br\/#website"},"primaryImageOfPage":{"@id":"https:\/\/www.padreeustaquio.com.br\/missao-de-padre-eustaquio-no-brasil-contou-com-bencao-de-nossa-senhora-aparecida\/#primaryimage"},"image":{"@id":"https:\/\/www.padreeustaquio.com.br\/missao-de-padre-eustaquio-no-brasil-contou-com-bencao-de-nossa-senhora-aparecida\/#primaryimage"},"thumbnailUrl":"https:\/\/www.padreeustaquio.com.br\/wp-content\/uploads\/2021\/10\/postal-1.jpg","datePublished":"2021-10-12T09:11:00+00:00","description":"El 12 de mayo de 1925, los primeros misioneros de la Congregaci\u00f3n de los Sagrados Corazones llegaron a Brasil, a R\u00edo de Janeiro, pero su primera parada fue la ciudad de Aparecida-SP, donde pidieron la bendici\u00f3n del santo patrono para su misi\u00f3n aqu\u00ed.","breadcrumb":{"@id":"https:\/\/www.padreeustaquio.com.br\/missao-de-padre-eustaquio-no-brasil-contou-com-bencao-de-nossa-senhora-aparecida\/#breadcrumb"},"inLanguage":"es","potentialAction":[{"@type":"ReadAction","target":["https:\/\/www.padreeustaquio.com.br\/missao-de-padre-eustaquio-no-brasil-contou-com-bencao-de-nossa-senhora-aparecida\/"]}]},{"@type":"ImageObject","inLanguage":"es","@id":"https:\/\/www.padreeustaquio.com.br\/missao-de-padre-eustaquio-no-brasil-contou-com-bencao-de-nossa-senhora-aparecida\/#primaryimage","url":"https:\/\/www.padreeustaquio.com.br\/wp-content\/uploads\/2021\/10\/postal-1.jpg","contentUrl":"https:\/\/www.padreeustaquio.com.br\/wp-content\/uploads\/2021\/10\/postal-1.jpg","width":748,"height":394,"caption":"Cart\u00e3o Postal enviado por Pe. Eust\u00e1quio \u00e0 sua irm\u00e3 Pac\u00edfica na Holanda"},{"@type":"BreadcrumbList","@id":"https:\/\/www.padreeustaquio.com.br\/missao-de-padre-eustaquio-no-brasil-contou-com-bencao-de-nossa-senhora-aparecida\/#breadcrumb","itemListElement":[{"@type":"ListItem","position":1,"name":"In\u00edcio","item":"https:\/\/www.padreeustaquio.com.br\/"},{"@type":"ListItem","position":2,"name":"Padre Eust\u00e1quio pediu a b\u00ean\u00e7\u00e3o de Nossa Senhora Aparecida para a miss\u00e3o no Brasil"}]},{"@type":"WebSite","@id":"https:\/\/www.padreeustaquio.com.br\/#website","url":"https:\/\/www.padreeustaquio.com.br\/","name":"Padre Eustace","description":"Salud y Paz","publisher":{"@id":"https:\/\/www.padreeustaquio.com.br\/#organization"},"potentialAction":[{"@type":"SearchAction","target":{"@type":"EntryPoint","urlTemplate":"https:\/\/www.padreeustaquio.com.br\/?s={search_term_string}"},"query-input":{"@type":"PropertyValueSpecification","valueRequired":true,"valueName":"search_term_string"}}],"inLanguage":"es"},{"@type":"Organization","@id":"https:\/\/www.padreeustaquio.com.br\/#organization","name":"Padre Eustace","url":"https:\/\/www.padreeustaquio.com.br\/","logo":{"@type":"ImageObject","inLanguage":"es","@id":"https:\/\/www.padreeustaquio.com.br\/#\/schema\/logo\/image\/","url":"https:\/\/www.padreeustaquio.com.br\/wp-content\/uploads\/2019\/08\/marca.png","contentUrl":"https:\/\/www.padreeustaquio.com.br\/wp-content\/uploads\/2019\/08\/marca.png","width":350,"height":400,"caption":"Padre Eust\u00e1quio"},"image":{"@id":"https:\/\/www.padreeustaquio.com.br\/#\/schema\/logo\/image\/"},"sameAs":["https:\/\/www.facebook.com\/beatopadreeustaquio\/","https:\/\/x.com\/beatopeustaquio","https:\/\/www.instagram.com\/beatopadreeustaquio\/","https:\/\/www.youtube.com\/channel\/UCRhw7vfabnajwLxb1ZXMeIw"]},{"@type":"Person","@id":"https:\/\/www.padreeustaquio.com.br\/#\/schema\/person\/a2a51db1d00f1a7af0204a0f1ddb1566","name":"@sscc","image":{"@type":"ImageObject","inLanguage":"es","@id":"https:\/\/secure.gravatar.com\/avatar\/68cfafa5f44617fea54071e215026e0ff06be366c3d54a8425f04fdcb86f8c5f?s=96&d=mm&r=g","url":"https:\/\/secure.gravatar.com\/avatar\/68cfafa5f44617fea54071e215026e0ff06be366c3d54a8425f04fdcb86f8c5f?s=96&d=mm&r=g","contentUrl":"https:\/\/secure.gravatar.com\/avatar\/68cfafa5f44617fea54071e215026e0ff06be366c3d54a8425f04fdcb86f8c5f?s=96&d=mm&r=g","caption":"@sscc"},"url":"https:\/\/www.padreeustaquio.com.br\/es\/author\/sscc\/"}]}},"_links":{"self":[{"href":"https:\/\/www.padreeustaquio.com.br\/es\/wp-json\/wp\/v2\/posts\/7290","targetHints":{"allow":["GET"]}}],"collection":[{"href":"https:\/\/www.padreeustaquio.com.br\/es\/wp-json\/wp\/v2\/posts"}],"about":[{"href":"https:\/\/www.padreeustaquio.com.br\/es\/wp-json\/wp\/v2\/types\/post"}],"author":[{"embeddable":true,"href":"https:\/\/www.padreeustaquio.com.br\/es\/wp-json\/wp\/v2\/users\/2"}],"replies":[{"embeddable":true,"href":"https:\/\/www.padreeustaquio.com.br\/es\/wp-json\/wp\/v2\/comments?post=7290"}],"version-history":[{"count":0,"href":"https:\/\/www.padreeustaquio.com.br\/es\/wp-json\/wp\/v2\/posts\/7290\/revisions"}],"wp:featuredmedia":[{"embeddable":true,"href":"https:\/\/www.padreeustaquio.com.br\/es\/wp-json\/wp\/v2\/media\/7294"}],"wp:attachment":[{"href":"https:\/\/www.padreeustaquio.com.br\/es\/wp-json\/wp\/v2\/media?parent=7290"}],"wp:term":[{"taxonomy":"category","embeddable":true,"href":"https:\/\/www.padreeustaquio.com.br\/es\/wp-json\/wp\/v2\/categories?post=7290"},{"taxonomy":"post_tag","embeddable":true,"href":"https:\/\/www.padreeustaquio.com.br\/es\/wp-json\/wp\/v2\/tags?post=7290"}],"curies":[{"name":"wp","href":"https:\/\/api.w.org\/{rel}","templated":true}]}}