{"id":6998,"date":"2021-09-13T17:45:30","date_gmt":"2021-09-13T20:45:30","guid":{"rendered":"https:\/\/www.padreeustaquio.com.br\/?p=6998"},"modified":"2021-09-13T19:04:29","modified_gmt":"2021-09-13T22:04:29","slug":"padre-eustaquio-en-bh-mision-y-entierro","status":"publish","type":"post","link":"https:\/\/www.padreeustaquio.com.br\/es\/padre-eustaquio-en-bh-mision-y-entierro\/","title":{"rendered":"Padre Eust\u00e1quio en BH \u2013 misi\u00f3n y entierro"},"content":{"rendered":"<p>Recibido por el arzobispo Ant\u00f4nio Cabral, lleg\u00f3 a Belo Horizonte el 7 de abril de 1942. En mayo de 1943, present\u00f3 a la comunidad una maqueta de la futura Iglesia de los Sagrados Corazones. Fueron solo 16 meses de intenso apostolado, comenzando en la capilla de Cristo Rey, en la antigua parroquia de S\u00e3o Domingos, la futura parroquia de los Sagrados Corazones.&nbsp;<\/p>\n\n\n\n<p>En agosto de 1943, una fiebre alta y repentina interrumpi\u00f3 este intenso apostolado durante una semana. El 30 de agosto de ese a\u00f1o, falleci\u00f3 el padre Eust\u00e1quio, v\u00edctima del tifus o fiebre maculosa, tambi\u00e9n llamada fiebre de las garrapatas. Su entierro marc\u00f3 el inicio de una historia de devoci\u00f3n y reconocimiento por parte del Pueblo de Dios.<\/p>\n\n\n\n<p><\/p>\n\n\n\n<figure class=\"wp-block-gallery columns-3 is-cropped wp-block-gallery-1 is-layout-flex wp-block-gallery-is-layout-flex\"><ul class=\"blocks-gallery-grid\"><li class=\"blocks-gallery-item\"><figure><a href=\"https:\/\/www.padreeustaquio.com.br\/es\/padre-eustaquio-en-bh-mision-y-entierro\/whatsapp-image-2021-09-13-at-17-08-00\/\"><img decoding=\"async\" width=\"150\" height=\"150\" src=\"https:\/\/www.padreeustaquio.com.br\/wp-content\/uploads\/2021\/09\/WhatsApp-Image-2021-09-13-at-17.08.00-150x150.jpeg\" alt=\"\" data-id=\"7036\" data-full-url=\"https:\/\/www.padreeustaquio.com.br\/wp-content\/uploads\/2021\/09\/WhatsApp-Image-2021-09-13-at-17.08.00.jpeg\" data-link=\"https:\/\/www.padreeustaquio.com.br\/padre-eustaquio-em-bh-missao-e-enterro\/whatsapp-image-2021-09-13-at-17-08-00\/\" class=\"wp-image-7036\" srcset=\"https:\/\/www.padreeustaquio.com.br\/wp-content\/uploads\/2021\/09\/WhatsApp-Image-2021-09-13-at-17.08.00-150x150.jpeg 150w, https:\/\/www.padreeustaquio.com.br\/wp-content\/uploads\/2021\/09\/WhatsApp-Image-2021-09-13-at-17.08.00-75x75.jpeg 75w, https:\/\/www.padreeustaquio.com.br\/wp-content\/uploads\/2021\/09\/WhatsApp-Image-2021-09-13-at-17.08.00-180x180.jpeg 180w, https:\/\/www.padreeustaquio.com.br\/wp-content\/uploads\/2021\/09\/WhatsApp-Image-2021-09-13-at-17.08.00-400x400.jpeg 400w, https:\/\/www.padreeustaquio.com.br\/wp-content\/uploads\/2021\/09\/WhatsApp-Image-2021-09-13-at-17.08.00-600x600.jpeg 600w\" sizes=\"(max-width: 150px) 100vw, 150px\" \/><\/a><\/figure><\/li><li class=\"blocks-gallery-item\"><figure><a href=\"https:\/\/www.padreeustaquio.com.br\/es\/padre-eustaquio-en-bh-mision-y-entierro\/whatsapp-image-2021-09-13-at-17-08-00-17\/\"><img decoding=\"async\" width=\"150\" height=\"150\" src=\"https:\/\/www.padreeustaquio.com.br\/wp-content\/uploads\/2021\/09\/WhatsApp-Image-2021-09-13-at-17.08.00-17-150x150.jpeg\" alt=\"\" data-id=\"7035\" data-full-url=\"https:\/\/www.padreeustaquio.com.br\/wp-content\/uploads\/2021\/09\/WhatsApp-Image-2021-09-13-at-17.08.00-17.jpeg\" data-link=\"https:\/\/www.padreeustaquio.com.br\/padre-eustaquio-em-bh-missao-e-enterro\/whatsapp-image-2021-09-13-at-17-08-00-17\/\" class=\"wp-image-7035\" srcset=\"https:\/\/www.padreeustaquio.com.br\/wp-content\/uploads\/2021\/09\/WhatsApp-Image-2021-09-13-at-17.08.00-17-150x150.jpeg 150w, https:\/\/www.padreeustaquio.com.br\/wp-content\/uploads\/2021\/09\/WhatsApp-Image-2021-09-13-at-17.08.00-17-75x75.jpeg 75w, https:\/\/www.padreeustaquio.com.br\/wp-content\/uploads\/2021\/09\/WhatsApp-Image-2021-09-13-at-17.08.00-17-180x180.jpeg 180w\" sizes=\"(max-width: 150px) 100vw, 150px\" \/><\/a><\/figure><\/li><li class=\"blocks-gallery-item\"><figure><a href=\"https:\/\/www.padreeustaquio.com.br\/es\/padre-eustaquio-en-bh-mision-y-entierro\/whatsapp-image-2021-09-13-at-17-08-00-16\/\"><img decoding=\"async\" width=\"150\" height=\"150\" src=\"https:\/\/www.padreeustaquio.com.br\/wp-content\/uploads\/2021\/09\/WhatsApp-Image-2021-09-13-at-17.08.00-16-150x150.jpeg\" alt=\"\" data-id=\"7034\" data-full-url=\"https:\/\/www.padreeustaquio.com.br\/wp-content\/uploads\/2021\/09\/WhatsApp-Image-2021-09-13-at-17.08.00-16.jpeg\" data-link=\"https:\/\/www.padreeustaquio.com.br\/padre-eustaquio-em-bh-missao-e-enterro\/whatsapp-image-2021-09-13-at-17-08-00-16\/\" class=\"wp-image-7034\" srcset=\"https:\/\/www.padreeustaquio.com.br\/wp-content\/uploads\/2021\/09\/WhatsApp-Image-2021-09-13-at-17.08.00-16-150x150.jpeg 150w, https:\/\/www.padreeustaquio.com.br\/wp-content\/uploads\/2021\/09\/WhatsApp-Image-2021-09-13-at-17.08.00-16-75x75.jpeg 75w, https:\/\/www.padreeustaquio.com.br\/wp-content\/uploads\/2021\/09\/WhatsApp-Image-2021-09-13-at-17.08.00-16-180x180.jpeg 180w, https:\/\/www.padreeustaquio.com.br\/wp-content\/uploads\/2021\/09\/WhatsApp-Image-2021-09-13-at-17.08.00-16-400x400.jpeg 400w, https:\/\/www.padreeustaquio.com.br\/wp-content\/uploads\/2021\/09\/WhatsApp-Image-2021-09-13-at-17.08.00-16-600x600.jpeg 600w\" sizes=\"(max-width: 150px) 100vw, 150px\" \/><\/a><\/figure><\/li><li class=\"blocks-gallery-item\"><figure><a href=\"https:\/\/www.padreeustaquio.com.br\/es\/padre-eustaquio-en-bh-mision-y-entierro\/whatsapp-image-2021-09-13-at-17-08-00-8\/\"><img loading=\"lazy\" decoding=\"async\" width=\"150\" height=\"150\" src=\"https:\/\/www.padreeustaquio.com.br\/wp-content\/uploads\/2021\/09\/WhatsApp-Image-2021-09-13-at-17.08.00-8-150x150.jpeg\" alt=\"\" data-id=\"7026\" data-full-url=\"https:\/\/www.padreeustaquio.com.br\/wp-content\/uploads\/2021\/09\/WhatsApp-Image-2021-09-13-at-17.08.00-8.jpeg\" data-link=\"https:\/\/www.padreeustaquio.com.br\/padre-eustaquio-em-bh-missao-e-enterro\/whatsapp-image-2021-09-13-at-17-08-00-8\/\" class=\"wp-image-7026\" srcset=\"https:\/\/www.padreeustaquio.com.br\/wp-content\/uploads\/2021\/09\/WhatsApp-Image-2021-09-13-at-17.08.00-8-150x150.jpeg 150w, https:\/\/www.padreeustaquio.com.br\/wp-content\/uploads\/2021\/09\/WhatsApp-Image-2021-09-13-at-17.08.00-8-75x75.jpeg 75w, https:\/\/www.padreeustaquio.com.br\/wp-content\/uploads\/2021\/09\/WhatsApp-Image-2021-09-13-at-17.08.00-8-180x180.jpeg 180w, https:\/\/www.padreeustaquio.com.br\/wp-content\/uploads\/2021\/09\/WhatsApp-Image-2021-09-13-at-17.08.00-8-400x400.jpeg 400w, https:\/\/www.padreeustaquio.com.br\/wp-content\/uploads\/2021\/09\/WhatsApp-Image-2021-09-13-at-17.08.00-8-600x600.jpeg 600w\" sizes=\"(max-width: 150px) 100vw, 150px\" \/><\/a><\/figure><\/li><li class=\"blocks-gallery-item\"><figure><a href=\"https:\/\/www.padreeustaquio.com.br\/es\/padre-eustaquio-en-bh-mision-y-entierro\/whatsapp-image-2021-09-13-at-17-08-00-6-3\/\"><img loading=\"lazy\" decoding=\"async\" width=\"150\" height=\"150\" src=\"https:\/\/www.padreeustaquio.com.br\/wp-content\/uploads\/2021\/09\/WhatsApp-Image-2021-09-13-at-17.08.00-6-2-150x150.jpeg\" alt=\"\" data-id=\"7024\" data-full-url=\"https:\/\/www.padreeustaquio.com.br\/wp-content\/uploads\/2021\/09\/WhatsApp-Image-2021-09-13-at-17.08.00-6-2.jpeg\" data-link=\"https:\/\/www.padreeustaquio.com.br\/padre-eustaquio-em-bh-missao-e-enterro\/whatsapp-image-2021-09-13-at-17-08-00-6-3\/\" class=\"wp-image-7024\" srcset=\"https:\/\/www.padreeustaquio.com.br\/wp-content\/uploads\/2021\/09\/WhatsApp-Image-2021-09-13-at-17.08.00-6-2-150x150.jpeg 150w, https:\/\/www.padreeustaquio.com.br\/wp-content\/uploads\/2021\/09\/WhatsApp-Image-2021-09-13-at-17.08.00-6-2-75x75.jpeg 75w, https:\/\/www.padreeustaquio.com.br\/wp-content\/uploads\/2021\/09\/WhatsApp-Image-2021-09-13-at-17.08.00-6-2-180x180.jpeg 180w, https:\/\/www.padreeustaquio.com.br\/wp-content\/uploads\/2021\/09\/WhatsApp-Image-2021-09-13-at-17.08.00-6-2-400x400.jpeg 400w, https:\/\/www.padreeustaquio.com.br\/wp-content\/uploads\/2021\/09\/WhatsApp-Image-2021-09-13-at-17.08.00-6-2-600x600.jpeg 600w\" sizes=\"(max-width: 150px) 100vw, 150px\" \/><\/a><\/figure><\/li><li class=\"blocks-gallery-item\"><figure><a href=\"https:\/\/www.padreeustaquio.com.br\/es\/padre-eustaquio-en-bh-mision-y-entierro\/padre-eustaquio-celebra-missa-em-agua-suja-local-da-sua-primeira-missao-no-brasil-2\/\"><img loading=\"lazy\" decoding=\"async\" width=\"150\" height=\"150\" src=\"https:\/\/www.padreeustaquio.com.br\/wp-content\/uploads\/2021\/09\/Padre-Eustaquio-celebra-missa-em-Agua-Suja-local-da-sua-primeira-missao-no-Brasil-150x150.jpg\" alt=\"\" data-id=\"7038\" data-full-url=\"https:\/\/www.padreeustaquio.com.br\/wp-content\/uploads\/2021\/09\/Padre-Eustaquio-celebra-missa-em-Agua-Suja-local-da-sua-primeira-missao-no-Brasil-scaled.jpg\" data-link=\"https:\/\/www.padreeustaquio.com.br\/padre-eustaquio-em-bh-missao-e-enterro\/padre-eustaquio-celebra-missa-em-agua-suja-local-da-sua-primeira-missao-no-brasil-2\/\" class=\"wp-image-7038\" srcset=\"https:\/\/www.padreeustaquio.com.br\/wp-content\/uploads\/2021\/09\/Padre-Eustaquio-celebra-missa-em-Agua-Suja-local-da-sua-primeira-missao-no-Brasil-150x150.jpg 150w, https:\/\/www.padreeustaquio.com.br\/wp-content\/uploads\/2021\/09\/Padre-Eustaquio-celebra-missa-em-Agua-Suja-local-da-sua-primeira-missao-no-Brasil-75x75.jpg 75w, https:\/\/www.padreeustaquio.com.br\/wp-content\/uploads\/2021\/09\/Padre-Eustaquio-celebra-missa-em-Agua-Suja-local-da-sua-primeira-missao-no-Brasil-180x180.jpg 180w, https:\/\/www.padreeustaquio.com.br\/wp-content\/uploads\/2021\/09\/Padre-Eustaquio-celebra-missa-em-Agua-Suja-local-da-sua-primeira-missao-no-Brasil-400x400.jpg 400w, https:\/\/www.padreeustaquio.com.br\/wp-content\/uploads\/2021\/09\/Padre-Eustaquio-celebra-missa-em-Agua-Suja-local-da-sua-primeira-missao-no-Brasil-600x600.jpg 600w\" sizes=\"(max-width: 150px) 100vw, 150px\" \/><\/a><\/figure><\/li><li class=\"blocks-gallery-item\"><figure><a href=\"https:\/\/www.padreeustaquio.com.br\/es\/padre-eustaquio-en-bh-mision-y-entierro\/em-1925-padre-eustaquio-chega-a-agua-suja-e-aos-poucos-vai-se-tornando-referencia-para-o-povo-2\/\"><img loading=\"lazy\" decoding=\"async\" width=\"150\" height=\"150\" src=\"https:\/\/www.padreeustaquio.com.br\/wp-content\/uploads\/2021\/09\/Em-1925-Padre-Eustaquio-chega-a-Agua-Suja-e-aos-poucos-vai-se-tornando-referencia-para-o-povo-150x150.jpg\" alt=\"\" data-id=\"7037\" data-full-url=\"https:\/\/www.padreeustaquio.com.br\/wp-content\/uploads\/2021\/09\/Em-1925-Padre-Eustaquio-chega-a-Agua-Suja-e-aos-poucos-vai-se-tornando-referencia-para-o-povo-scaled.jpg\" data-link=\"https:\/\/www.padreeustaquio.com.br\/padre-eustaquio-em-bh-missao-e-enterro\/em-1925-padre-eustaquio-chega-a-agua-suja-e-aos-poucos-vai-se-tornando-referencia-para-o-povo-2\/\" class=\"wp-image-7037\"\/><\/a><\/figure><\/li><li class=\"blocks-gallery-item\"><figure><a href=\"https:\/\/www.padreeustaquio.com.br\/es\/padre-eustaquio-en-bh-mision-y-entierro\/03-1\/\"><img loading=\"lazy\" decoding=\"async\" width=\"150\" height=\"150\" src=\"https:\/\/www.padreeustaquio.com.br\/wp-content\/uploads\/2021\/09\/03-1-150x150.jpg\" alt=\"\" data-id=\"7005\" data-full-url=\"https:\/\/www.padreeustaquio.com.br\/wp-content\/uploads\/2021\/09\/03-1-scaled.jpg\" data-link=\"https:\/\/www.padreeustaquio.com.br\/padre-eustaquio-em-bh-missao-e-enterro\/03-1\/\" class=\"wp-image-7005\" srcset=\"https:\/\/www.padreeustaquio.com.br\/wp-content\/uploads\/2021\/09\/03-1-150x150.jpg 150w, https:\/\/www.padreeustaquio.com.br\/wp-content\/uploads\/2021\/09\/03-1-75x75.jpg 75w, https:\/\/www.padreeustaquio.com.br\/wp-content\/uploads\/2021\/09\/03-1-180x180.jpg 180w, https:\/\/www.padreeustaquio.com.br\/wp-content\/uploads\/2021\/09\/03-1-400x400.jpg 400w, https:\/\/www.padreeustaquio.com.br\/wp-content\/uploads\/2021\/09\/03-1-600x600.jpg 600w\" sizes=\"(max-width: 150px) 100vw, 150px\" \/><\/a><\/figure><\/li><li class=\"blocks-gallery-item\"><figure><a href=\"https:\/\/www.padreeustaquio.com.br\/es\/padre-eustaquio-en-bh-mision-y-entierro\/whatsapp-image-2021-09-13-at-17-08-00-3\/\"><img loading=\"lazy\" decoding=\"async\" width=\"150\" height=\"150\" src=\"https:\/\/www.padreeustaquio.com.br\/wp-content\/uploads\/2021\/09\/WhatsApp-Image-2021-09-13-at-17.08.00-3-150x150.jpeg\" alt=\"\" data-id=\"7014\" data-full-url=\"https:\/\/www.padreeustaquio.com.br\/wp-content\/uploads\/2021\/09\/WhatsApp-Image-2021-09-13-at-17.08.00-3.jpeg\" data-link=\"https:\/\/www.padreeustaquio.com.br\/padre-eustaquio-em-bh-missao-e-enterro\/whatsapp-image-2021-09-13-at-17-08-00-3\/\" class=\"wp-image-7014\" srcset=\"https:\/\/www.padreeustaquio.com.br\/wp-content\/uploads\/2021\/09\/WhatsApp-Image-2021-09-13-at-17.08.00-3-150x150.jpeg 150w, https:\/\/www.padreeustaquio.com.br\/wp-content\/uploads\/2021\/09\/WhatsApp-Image-2021-09-13-at-17.08.00-3-75x75.jpeg 75w, https:\/\/www.padreeustaquio.com.br\/wp-content\/uploads\/2021\/09\/WhatsApp-Image-2021-09-13-at-17.08.00-3-180x180.jpeg 180w, https:\/\/www.padreeustaquio.com.br\/wp-content\/uploads\/2021\/09\/WhatsApp-Image-2021-09-13-at-17.08.00-3-400x400.jpeg 400w, https:\/\/www.padreeustaquio.com.br\/wp-content\/uploads\/2021\/09\/WhatsApp-Image-2021-09-13-at-17.08.00-3-600x600.jpeg 600w\" sizes=\"(max-width: 150px) 100vw, 150px\" \/><\/a><\/figure><\/li><li class=\"blocks-gallery-item\"><figure><a href=\"https:\/\/www.padreeustaquio.com.br\/es\/padre-eustaquio-en-bh-mision-y-entierro\/whatsapp-image-2021-09-13-at-17-08-00-7-2\/\"><img loading=\"lazy\" decoding=\"async\" width=\"150\" height=\"150\" src=\"https:\/\/www.padreeustaquio.com.br\/wp-content\/uploads\/2021\/09\/WhatsApp-Image-2021-09-13-at-17.08.00-7-1-150x150.jpeg\" alt=\"\" data-id=\"7023\" data-full-url=\"https:\/\/www.padreeustaquio.com.br\/wp-content\/uploads\/2021\/09\/WhatsApp-Image-2021-09-13-at-17.08.00-7-1.jpeg\" data-link=\"https:\/\/www.padreeustaquio.com.br\/padre-eustaquio-em-bh-missao-e-enterro\/whatsapp-image-2021-09-13-at-17-08-00-7-2\/\" class=\"wp-image-7023\" srcset=\"https:\/\/www.padreeustaquio.com.br\/wp-content\/uploads\/2021\/09\/WhatsApp-Image-2021-09-13-at-17.08.00-7-1-150x150.jpeg 150w, https:\/\/www.padreeustaquio.com.br\/wp-content\/uploads\/2021\/09\/WhatsApp-Image-2021-09-13-at-17.08.00-7-1-75x75.jpeg 75w, https:\/\/www.padreeustaquio.com.br\/wp-content\/uploads\/2021\/09\/WhatsApp-Image-2021-09-13-at-17.08.00-7-1-180x180.jpeg 180w, https:\/\/www.padreeustaquio.com.br\/wp-content\/uploads\/2021\/09\/WhatsApp-Image-2021-09-13-at-17.08.00-7-1-400x400.jpeg 400w, https:\/\/www.padreeustaquio.com.br\/wp-content\/uploads\/2021\/09\/WhatsApp-Image-2021-09-13-at-17.08.00-7-1-600x600.jpeg 600w\" sizes=\"(max-width: 150px) 100vw, 150px\" \/><\/a><\/figure><\/li><li class=\"blocks-gallery-item\"><figure><a href=\"https:\/\/www.padreeustaquio.com.br\/es\/padre-eustaquio-en-bh-mision-y-entierro\/02-1-2\/\"><img loading=\"lazy\" decoding=\"async\" width=\"150\" height=\"150\" src=\"https:\/\/www.padreeustaquio.com.br\/wp-content\/uploads\/2021\/09\/02-1-1-150x150.jpg\" alt=\"\" data-id=\"7011\" data-full-url=\"https:\/\/www.padreeustaquio.com.br\/wp-content\/uploads\/2021\/09\/02-1-1-scaled.jpg\" data-link=\"https:\/\/www.padreeustaquio.com.br\/padre-eustaquio-em-bh-missao-e-enterro\/02-1-2\/\" class=\"wp-image-7011\" srcset=\"https:\/\/www.padreeustaquio.com.br\/wp-content\/uploads\/2021\/09\/02-1-1-150x150.jpg 150w, https:\/\/www.padreeustaquio.com.br\/wp-content\/uploads\/2021\/09\/02-1-1-75x75.jpg 75w, https:\/\/www.padreeustaquio.com.br\/wp-content\/uploads\/2021\/09\/02-1-1-180x180.jpg 180w, https:\/\/www.padreeustaquio.com.br\/wp-content\/uploads\/2021\/09\/02-1-1-400x400.jpg 400w, https:\/\/www.padreeustaquio.com.br\/wp-content\/uploads\/2021\/09\/02-1-1-600x600.jpg 600w\" sizes=\"(max-width: 150px) 100vw, 150px\" \/><\/a><\/figure><\/li><li class=\"blocks-gallery-item\"><figure><a href=\"https:\/\/www.padreeustaquio.com.br\/es\/padre-eustaquio-en-bh-mision-y-entierro\/whatsapp-image-2021-09-13-at-17-08-00-2-3\/\"><img loading=\"lazy\" decoding=\"async\" width=\"150\" height=\"150\" src=\"https:\/\/www.padreeustaquio.com.br\/wp-content\/uploads\/2021\/09\/WhatsApp-Image-2021-09-13-at-17.08.00-2-2-150x150.jpeg\" alt=\"\" data-id=\"7021\" data-full-url=\"https:\/\/www.padreeustaquio.com.br\/wp-content\/uploads\/2021\/09\/WhatsApp-Image-2021-09-13-at-17.08.00-2-2.jpeg\" data-link=\"https:\/\/www.padreeustaquio.com.br\/padre-eustaquio-em-bh-missao-e-enterro\/whatsapp-image-2021-09-13-at-17-08-00-2-3\/\" class=\"wp-image-7021\" srcset=\"https:\/\/www.padreeustaquio.com.br\/wp-content\/uploads\/2021\/09\/WhatsApp-Image-2021-09-13-at-17.08.00-2-2-150x150.jpeg 150w, https:\/\/www.padreeustaquio.com.br\/wp-content\/uploads\/2021\/09\/WhatsApp-Image-2021-09-13-at-17.08.00-2-2-75x75.jpeg 75w, https:\/\/www.padreeustaquio.com.br\/wp-content\/uploads\/2021\/09\/WhatsApp-Image-2021-09-13-at-17.08.00-2-2-180x180.jpeg 180w, https:\/\/www.padreeustaquio.com.br\/wp-content\/uploads\/2021\/09\/WhatsApp-Image-2021-09-13-at-17.08.00-2-2-400x400.jpeg 400w, https:\/\/www.padreeustaquio.com.br\/wp-content\/uploads\/2021\/09\/WhatsApp-Image-2021-09-13-at-17.08.00-2-2-600x600.jpeg 600w\" sizes=\"(max-width: 150px) 100vw, 150px\" \/><\/a><\/figure><\/li><li class=\"blocks-gallery-item\"><figure><a href=\"https:\/\/www.padreeustaquio.com.br\/es\/padre-eustaquio-en-bh-mision-y-entierro\/whatsapp-image-2021-09-13-at-17-08-00-1-2\/\"><img loading=\"lazy\" decoding=\"async\" width=\"150\" height=\"150\" src=\"https:\/\/www.padreeustaquio.com.br\/wp-content\/uploads\/2021\/09\/WhatsApp-Image-2021-09-13-at-17.08.00-1-1-150x150.jpeg\" alt=\"\" data-id=\"7019\" data-full-url=\"https:\/\/www.padreeustaquio.com.br\/wp-content\/uploads\/2021\/09\/WhatsApp-Image-2021-09-13-at-17.08.00-1-1.jpeg\" data-link=\"https:\/\/www.padreeustaquio.com.br\/padre-eustaquio-em-bh-missao-e-enterro\/whatsapp-image-2021-09-13-at-17-08-00-1-2\/\" class=\"wp-image-7019\" srcset=\"https:\/\/www.padreeustaquio.com.br\/wp-content\/uploads\/2021\/09\/WhatsApp-Image-2021-09-13-at-17.08.00-1-1-150x150.jpeg 150w, https:\/\/www.padreeustaquio.com.br\/wp-content\/uploads\/2021\/09\/WhatsApp-Image-2021-09-13-at-17.08.00-1-1-75x75.jpeg 75w, https:\/\/www.padreeustaquio.com.br\/wp-content\/uploads\/2021\/09\/WhatsApp-Image-2021-09-13-at-17.08.00-1-1-180x180.jpeg 180w, https:\/\/www.padreeustaquio.com.br\/wp-content\/uploads\/2021\/09\/WhatsApp-Image-2021-09-13-at-17.08.00-1-1-400x400.jpeg 400w, https:\/\/www.padreeustaquio.com.br\/wp-content\/uploads\/2021\/09\/WhatsApp-Image-2021-09-13-at-17.08.00-1-1-600x600.jpeg 600w\" sizes=\"(max-width: 150px) 100vw, 150px\" \/><\/a><\/figure><\/li><li class=\"blocks-gallery-item\"><figure><a href=\"https:\/\/www.padreeustaquio.com.br\/es\/padre-eustaquio-en-bh-mision-y-entierro\/whatsapp-image-2021-09-13-at-17-08-00-9\/\"><img loading=\"lazy\" decoding=\"async\" width=\"150\" height=\"150\" src=\"https:\/\/www.padreeustaquio.com.br\/wp-content\/uploads\/2021\/09\/WhatsApp-Image-2021-09-13-at-17.08.00-9-150x150.jpeg\" alt=\"\" data-id=\"7027\" data-full-url=\"https:\/\/www.padreeustaquio.com.br\/wp-content\/uploads\/2021\/09\/WhatsApp-Image-2021-09-13-at-17.08.00-9.jpeg\" data-link=\"https:\/\/www.padreeustaquio.com.br\/padre-eustaquio-em-bh-missao-e-enterro\/whatsapp-image-2021-09-13-at-17-08-00-9\/\" class=\"wp-image-7027\" srcset=\"https:\/\/www.padreeustaquio.com.br\/wp-content\/uploads\/2021\/09\/WhatsApp-Image-2021-09-13-at-17.08.00-9-150x150.jpeg 150w, https:\/\/www.padreeustaquio.com.br\/wp-content\/uploads\/2021\/09\/WhatsApp-Image-2021-09-13-at-17.08.00-9-75x75.jpeg 75w, https:\/\/www.padreeustaquio.com.br\/wp-content\/uploads\/2021\/09\/WhatsApp-Image-2021-09-13-at-17.08.00-9-180x180.jpeg 180w, https:\/\/www.padreeustaquio.com.br\/wp-content\/uploads\/2021\/09\/WhatsApp-Image-2021-09-13-at-17.08.00-9-400x400.jpeg 400w, https:\/\/www.padreeustaquio.com.br\/wp-content\/uploads\/2021\/09\/WhatsApp-Image-2021-09-13-at-17.08.00-9-600x600.jpeg 600w\" sizes=\"(max-width: 150px) 100vw, 150px\" \/><\/a><\/figure><\/li><li class=\"blocks-gallery-item\"><figure><a href=\"https:\/\/www.padreeustaquio.com.br\/es\/padre-eustaquio-en-bh-mision-y-entierro\/whatsapp-image-2021-09-13-at-17-08-00-12\/\"><img loading=\"lazy\" decoding=\"async\" width=\"150\" height=\"150\" src=\"https:\/\/www.padreeustaquio.com.br\/wp-content\/uploads\/2021\/09\/WhatsApp-Image-2021-09-13-at-17.08.00-12-150x150.jpeg\" alt=\"\" data-id=\"7030\" data-full-url=\"https:\/\/www.padreeustaquio.com.br\/wp-content\/uploads\/2021\/09\/WhatsApp-Image-2021-09-13-at-17.08.00-12.jpeg\" data-link=\"https:\/\/www.padreeustaquio.com.br\/padre-eustaquio-em-bh-missao-e-enterro\/whatsapp-image-2021-09-13-at-17-08-00-12\/\" class=\"wp-image-7030\" srcset=\"https:\/\/www.padreeustaquio.com.br\/wp-content\/uploads\/2021\/09\/WhatsApp-Image-2021-09-13-at-17.08.00-12-150x150.jpeg 150w, https:\/\/www.padreeustaquio.com.br\/wp-content\/uploads\/2021\/09\/WhatsApp-Image-2021-09-13-at-17.08.00-12-75x75.jpeg 75w, https:\/\/www.padreeustaquio.com.br\/wp-content\/uploads\/2021\/09\/WhatsApp-Image-2021-09-13-at-17.08.00-12-180x180.jpeg 180w, https:\/\/www.padreeustaquio.com.br\/wp-content\/uploads\/2021\/09\/WhatsApp-Image-2021-09-13-at-17.08.00-12-400x400.jpeg 400w, https:\/\/www.padreeustaquio.com.br\/wp-content\/uploads\/2021\/09\/WhatsApp-Image-2021-09-13-at-17.08.00-12-600x600.jpeg 600w\" sizes=\"(max-width: 150px) 100vw, 150px\" \/><\/a><\/figure><\/li><li class=\"blocks-gallery-item\"><figure><a href=\"https:\/\/www.padreeustaquio.com.br\/es\/padre-eustaquio-en-bh-mision-y-entierro\/whatsapp-image-2021-09-13-at-17-08-00-11\/\"><img loading=\"lazy\" decoding=\"async\" width=\"150\" height=\"150\" src=\"https:\/\/www.padreeustaquio.com.br\/wp-content\/uploads\/2021\/09\/WhatsApp-Image-2021-09-13-at-17.08.00-11-150x150.jpeg\" alt=\"\" data-id=\"7029\" data-full-url=\"https:\/\/www.padreeustaquio.com.br\/wp-content\/uploads\/2021\/09\/WhatsApp-Image-2021-09-13-at-17.08.00-11.jpeg\" data-link=\"https:\/\/www.padreeustaquio.com.br\/padre-eustaquio-em-bh-missao-e-enterro\/whatsapp-image-2021-09-13-at-17-08-00-11\/\" class=\"wp-image-7029\" srcset=\"https:\/\/www.padreeustaquio.com.br\/wp-content\/uploads\/2021\/09\/WhatsApp-Image-2021-09-13-at-17.08.00-11-150x150.jpeg 150w, https:\/\/www.padreeustaquio.com.br\/wp-content\/uploads\/2021\/09\/WhatsApp-Image-2021-09-13-at-17.08.00-11-75x75.jpeg 75w, https:\/\/www.padreeustaquio.com.br\/wp-content\/uploads\/2021\/09\/WhatsApp-Image-2021-09-13-at-17.08.00-11-180x180.jpeg 180w, https:\/\/www.padreeustaquio.com.br\/wp-content\/uploads\/2021\/09\/WhatsApp-Image-2021-09-13-at-17.08.00-11-400x400.jpeg 400w, https:\/\/www.padreeustaquio.com.br\/wp-content\/uploads\/2021\/09\/WhatsApp-Image-2021-09-13-at-17.08.00-11-600x600.jpeg 600w\" sizes=\"(max-width: 150px) 100vw, 150px\" \/><\/a><\/figure><\/li><li class=\"blocks-gallery-item\"><figure><a href=\"https:\/\/www.padreeustaquio.com.br\/es\/padre-eustaquio-en-bh-mision-y-entierro\/whatsapp-image-2021-09-13-at-17-08-00-10\/\"><img loading=\"lazy\" decoding=\"async\" width=\"150\" height=\"150\" src=\"https:\/\/www.padreeustaquio.com.br\/wp-content\/uploads\/2021\/09\/WhatsApp-Image-2021-09-13-at-17.08.00-10-150x150.jpeg\" alt=\"\" data-id=\"7028\" data-full-url=\"https:\/\/www.padreeustaquio.com.br\/wp-content\/uploads\/2021\/09\/WhatsApp-Image-2021-09-13-at-17.08.00-10.jpeg\" data-link=\"https:\/\/www.padreeustaquio.com.br\/padre-eustaquio-em-bh-missao-e-enterro\/whatsapp-image-2021-09-13-at-17-08-00-10\/\" class=\"wp-image-7028\" srcset=\"https:\/\/www.padreeustaquio.com.br\/wp-content\/uploads\/2021\/09\/WhatsApp-Image-2021-09-13-at-17.08.00-10-150x150.jpeg 150w, https:\/\/www.padreeustaquio.com.br\/wp-content\/uploads\/2021\/09\/WhatsApp-Image-2021-09-13-at-17.08.00-10-75x75.jpeg 75w, https:\/\/www.padreeustaquio.com.br\/wp-content\/uploads\/2021\/09\/WhatsApp-Image-2021-09-13-at-17.08.00-10-180x180.jpeg 180w, https:\/\/www.padreeustaquio.com.br\/wp-content\/uploads\/2021\/09\/WhatsApp-Image-2021-09-13-at-17.08.00-10-400x400.jpeg 400w, https:\/\/www.padreeustaquio.com.br\/wp-content\/uploads\/2021\/09\/WhatsApp-Image-2021-09-13-at-17.08.00-10-600x600.jpeg 600w\" sizes=\"(max-width: 150px) 100vw, 150px\" \/><\/a><\/figure><\/li><li class=\"blocks-gallery-item\"><figure><a href=\"https:\/\/www.padreeustaquio.com.br\/es\/padre-eustaquio-en-bh-mision-y-entierro\/whatsapp-image-2021-09-13-at-17-08-00-14\/\"><img loading=\"lazy\" decoding=\"async\" width=\"150\" height=\"150\" src=\"https:\/\/www.padreeustaquio.com.br\/wp-content\/uploads\/2021\/09\/WhatsApp-Image-2021-09-13-at-17.08.00-14-150x150.jpeg\" alt=\"\" data-id=\"7032\" data-full-url=\"https:\/\/www.padreeustaquio.com.br\/wp-content\/uploads\/2021\/09\/WhatsApp-Image-2021-09-13-at-17.08.00-14.jpeg\" data-link=\"https:\/\/www.padreeustaquio.com.br\/padre-eustaquio-em-bh-missao-e-enterro\/whatsapp-image-2021-09-13-at-17-08-00-14\/\" class=\"wp-image-7032\" srcset=\"https:\/\/www.padreeustaquio.com.br\/wp-content\/uploads\/2021\/09\/WhatsApp-Image-2021-09-13-at-17.08.00-14-150x150.jpeg 150w, https:\/\/www.padreeustaquio.com.br\/wp-content\/uploads\/2021\/09\/WhatsApp-Image-2021-09-13-at-17.08.00-14-75x75.jpeg 75w, https:\/\/www.padreeustaquio.com.br\/wp-content\/uploads\/2021\/09\/WhatsApp-Image-2021-09-13-at-17.08.00-14-180x180.jpeg 180w, https:\/\/www.padreeustaquio.com.br\/wp-content\/uploads\/2021\/09\/WhatsApp-Image-2021-09-13-at-17.08.00-14-400x400.jpeg 400w, https:\/\/www.padreeustaquio.com.br\/wp-content\/uploads\/2021\/09\/WhatsApp-Image-2021-09-13-at-17.08.00-14-600x600.jpeg 600w\" sizes=\"(max-width: 150px) 100vw, 150px\" \/><\/a><\/figure><\/li><li class=\"blocks-gallery-item\"><figure><a href=\"https:\/\/www.padreeustaquio.com.br\/es\/padre-eustaquio-en-bh-mision-y-entierro\/whatsapp-image-2021-09-13-at-17-08-00-13\/\"><img loading=\"lazy\" decoding=\"async\" width=\"150\" height=\"150\" src=\"https:\/\/www.padreeustaquio.com.br\/wp-content\/uploads\/2021\/09\/WhatsApp-Image-2021-09-13-at-17.08.00-13-150x150.jpeg\" alt=\"\" data-id=\"7031\" data-full-url=\"https:\/\/www.padreeustaquio.com.br\/wp-content\/uploads\/2021\/09\/WhatsApp-Image-2021-09-13-at-17.08.00-13.jpeg\" data-link=\"https:\/\/www.padreeustaquio.com.br\/padre-eustaquio-em-bh-missao-e-enterro\/whatsapp-image-2021-09-13-at-17-08-00-13\/\" class=\"wp-image-7031\" srcset=\"https:\/\/www.padreeustaquio.com.br\/wp-content\/uploads\/2021\/09\/WhatsApp-Image-2021-09-13-at-17.08.00-13-150x150.jpeg 150w, https:\/\/www.padreeustaquio.com.br\/wp-content\/uploads\/2021\/09\/WhatsApp-Image-2021-09-13-at-17.08.00-13-75x75.jpeg 75w, https:\/\/www.padreeustaquio.com.br\/wp-content\/uploads\/2021\/09\/WhatsApp-Image-2021-09-13-at-17.08.00-13-180x180.jpeg 180w, https:\/\/www.padreeustaquio.com.br\/wp-content\/uploads\/2021\/09\/WhatsApp-Image-2021-09-13-at-17.08.00-13-400x400.jpeg 400w, https:\/\/www.padreeustaquio.com.br\/wp-content\/uploads\/2021\/09\/WhatsApp-Image-2021-09-13-at-17.08.00-13-600x600.jpeg 600w\" sizes=\"(max-width: 150px) 100vw, 150px\" \/><\/a><\/figure><\/li><li class=\"blocks-gallery-item\"><figure><a href=\"https:\/\/www.padreeustaquio.com.br\/es\/padre-eustaquio-en-bh-mision-y-entierro\/whatsapp-image-2021-09-13-at-17-08-00-15\/\"><img loading=\"lazy\" decoding=\"async\" width=\"150\" height=\"150\" src=\"https:\/\/www.padreeustaquio.com.br\/wp-content\/uploads\/2021\/09\/WhatsApp-Image-2021-09-13-at-17.08.00-15-150x150.jpeg\" alt=\"\" data-id=\"7033\" data-full-url=\"https:\/\/www.padreeustaquio.com.br\/wp-content\/uploads\/2021\/09\/WhatsApp-Image-2021-09-13-at-17.08.00-15.jpeg\" data-link=\"https:\/\/www.padreeustaquio.com.br\/padre-eustaquio-em-bh-missao-e-enterro\/whatsapp-image-2021-09-13-at-17-08-00-15\/\" class=\"wp-image-7033\" srcset=\"https:\/\/www.padreeustaquio.com.br\/wp-content\/uploads\/2021\/09\/WhatsApp-Image-2021-09-13-at-17.08.00-15-150x150.jpeg 150w, https:\/\/www.padreeustaquio.com.br\/wp-content\/uploads\/2021\/09\/WhatsApp-Image-2021-09-13-at-17.08.00-15-75x75.jpeg 75w, https:\/\/www.padreeustaquio.com.br\/wp-content\/uploads\/2021\/09\/WhatsApp-Image-2021-09-13-at-17.08.00-15-180x180.jpeg 180w, https:\/\/www.padreeustaquio.com.br\/wp-content\/uploads\/2021\/09\/WhatsApp-Image-2021-09-13-at-17.08.00-15-400x400.jpeg 400w, https:\/\/www.padreeustaquio.com.br\/wp-content\/uploads\/2021\/09\/WhatsApp-Image-2021-09-13-at-17.08.00-15-600x600.jpeg 600w\" sizes=\"(max-width: 150px) 100vw, 150px\" \/><\/a><\/figure><\/li><\/ul><\/figure>\n\n\n\n<p><\/p>\n\n\n\n<p><\/p>","protected":false},"excerpt":{"rendered":"<p>Acolhido pelo Arcebispo D. Ant\u00f4nio Cabral, chegou a Belo Horizonte no dia 07 de abril de 1942. Em maio de 1943 apresentou \u00e0 comunidade a maquete da futura Matriz dos Sagrados Cora\u00e7\u00f5es. Foram apenas 16 meses de intenso apostolado a partir da capela de Cristo Rei, da antiga par\u00f3quia de S\u00e3o Domingos, futura par\u00f3quia dos Sagrados Cora\u00e7\u00f5es.&nbsp; Em agosto de 1943, uma repentina febre alta interrompeu por uma semana este intenso apostolado. No dia 30 agosto daquele ano, Padre Eust\u00e1quio faleceu vitimado por tifo exantem\u00e1tico ou febre maculosa, tamb\u00e9m chamada de febre do carrapato. Seu enterro foi o in\u00edcio de [&hellip;]<\/p>\n","protected":false},"author":2,"featured_media":7019,"comment_status":"open","ping_status":"closed","sticky":false,"template":"","format":"standard","meta":{"_acf_changed":false,"footnotes":""},"categories":[619],"tags":[],"class_list":["post-6998","post","type-post","status-publish","format-standard","has-post-thumbnail","hentry","category-galeria"],"acf":[],"yoast_head":"<!-- This site is optimized with the Yoast SEO plugin v27.2 - https:\/\/yoast.com\/product\/yoast-seo-wordpress\/ -->\n<title>Padre Eust\u00e1quio em BH - miss\u00e3o e enterro - Padre Eust\u00e1quio<\/title>\n<meta name=\"robots\" content=\"index, follow, max-snippet:-1, max-image-preview:large, max-video-preview:-1\" \/>\n<link rel=\"canonical\" href=\"https:\/\/www.padreeustaquio.com.br\/es\/padre-eustaquio-en-bh-mision-y-entierro\/\" \/>\n<meta property=\"og:locale\" content=\"es_ES\" \/>\n<meta property=\"og:type\" content=\"article\" \/>\n<meta property=\"og:title\" content=\"Padre Eust\u00e1quio em BH - miss\u00e3o e enterro - Padre Eust\u00e1quio\" \/>\n<meta property=\"og:description\" content=\"Acolhido pelo Arcebispo D. Ant\u00f4nio Cabral, chegou a Belo Horizonte no dia 07 de abril de 1942. Em maio de 1943 apresentou \u00e0 comunidade a maquete da futura Matriz dos Sagrados Cora\u00e7\u00f5es. Foram apenas 16 meses de intenso apostolado a partir da capela de Cristo Rei, da antiga par\u00f3quia de S\u00e3o Domingos, futura par\u00f3quia dos Sagrados Cora\u00e7\u00f5es.&nbsp; Em agosto de 1943, uma repentina febre alta interrompeu por uma semana este intenso apostolado. No dia 30 agosto daquele ano, Padre Eust\u00e1quio faleceu vitimado por tifo exantem\u00e1tico ou febre maculosa, tamb\u00e9m chamada de febre do carrapato. Seu enterro foi o in\u00edcio de [&hellip;]\" \/>\n<meta property=\"og:url\" content=\"https:\/\/www.padreeustaquio.com.br\/es\/padre-eustaquio-en-bh-mision-y-entierro\/\" \/>\n<meta property=\"og:site_name\" content=\"Padre Eust\u00e1quio\" \/>\n<meta property=\"article:publisher\" content=\"https:\/\/www.facebook.com\/beatopadreeustaquio\/\" \/>\n<meta property=\"article:published_time\" content=\"2021-09-13T20:45:30+00:00\" \/>\n<meta property=\"article:modified_time\" content=\"2021-09-13T22:04:29+00:00\" \/>\n<meta property=\"og:image\" content=\"https:\/\/www.padreeustaquio.com.br\/wp-content\/uploads\/2021\/09\/WhatsApp-Image-2021-09-13-at-17.08.00-1-1.jpeg\" \/>\n\t<meta property=\"og:image:width\" content=\"1280\" \/>\n\t<meta property=\"og:image:height\" content=\"864\" \/>\n\t<meta property=\"og:image:type\" content=\"image\/jpeg\" \/>\n<meta name=\"author\" content=\"@sscc\" \/>\n<meta name=\"twitter:card\" content=\"summary_large_image\" \/>\n<meta name=\"twitter:creator\" content=\"@beatopeustaquio\" \/>\n<meta name=\"twitter:site\" content=\"@beatopeustaquio\" \/>\n<meta name=\"twitter:label1\" content=\"Escrito por\" \/>\n\t<meta name=\"twitter:data1\" content=\"@sscc\" \/>\n\t<meta name=\"twitter:label2\" content=\"Tiempo de lectura\" \/>\n\t<meta name=\"twitter:data2\" content=\"5 minutos\" \/>\n<script type=\"application\/ld+json\" class=\"yoast-schema-graph\">{\"@context\":\"https:\/\/schema.org\",\"@graph\":[{\"@type\":\"Article\",\"@id\":\"https:\/\/www.padreeustaquio.com.br\/padre-eustaquio-em-bh-missao-e-enterro\/#article\",\"isPartOf\":{\"@id\":\"https:\/\/www.padreeustaquio.com.br\/padre-eustaquio-em-bh-missao-e-enterro\/\"},\"author\":{\"name\":\"@sscc\",\"@id\":\"https:\/\/www.padreeustaquio.com.br\/#\/schema\/person\/a2a51db1d00f1a7af0204a0f1ddb1566\"},\"headline\":\"Padre Eust\u00e1quio em BH &#8211; miss\u00e3o e enterro\",\"datePublished\":\"2021-09-13T20:45:30+00:00\",\"dateModified\":\"2021-09-13T22:04:29+00:00\",\"mainEntityOfPage\":{\"@id\":\"https:\/\/www.padreeustaquio.com.br\/padre-eustaquio-em-bh-missao-e-enterro\/\"},\"wordCount\":126,\"commentCount\":0,\"publisher\":{\"@id\":\"https:\/\/www.padreeustaquio.com.br\/#organization\"},\"image\":{\"@id\":\"https:\/\/www.padreeustaquio.com.br\/padre-eustaquio-em-bh-missao-e-enterro\/#primaryimage\"},\"thumbnailUrl\":\"https:\/\/www.padreeustaquio.com.br\/wp-content\/uploads\/2021\/09\/WhatsApp-Image-2021-09-13-at-17.08.00-1-1.jpeg\",\"articleSection\":[\"Galerias\"],\"inLanguage\":\"es\",\"potentialAction\":[{\"@type\":\"CommentAction\",\"name\":\"Comment\",\"target\":[\"https:\/\/www.padreeustaquio.com.br\/padre-eustaquio-em-bh-missao-e-enterro\/#respond\"]}]},{\"@type\":\"WebPage\",\"@id\":\"https:\/\/www.padreeustaquio.com.br\/padre-eustaquio-em-bh-missao-e-enterro\/\",\"url\":\"https:\/\/www.padreeustaquio.com.br\/padre-eustaquio-em-bh-missao-e-enterro\/\",\"name\":\"Padre Eust\u00e1quio em BH - miss\u00e3o e enterro - Padre Eust\u00e1quio\",\"isPartOf\":{\"@id\":\"https:\/\/www.padreeustaquio.com.br\/#website\"},\"primaryImageOfPage\":{\"@id\":\"https:\/\/www.padreeustaquio.com.br\/padre-eustaquio-em-bh-missao-e-enterro\/#primaryimage\"},\"image\":{\"@id\":\"https:\/\/www.padreeustaquio.com.br\/padre-eustaquio-em-bh-missao-e-enterro\/#primaryimage\"},\"thumbnailUrl\":\"https:\/\/www.padreeustaquio.com.br\/wp-content\/uploads\/2021\/09\/WhatsApp-Image-2021-09-13-at-17.08.00-1-1.jpeg\",\"datePublished\":\"2021-09-13T20:45:30+00:00\",\"dateModified\":\"2021-09-13T22:04:29+00:00\",\"breadcrumb\":{\"@id\":\"https:\/\/www.padreeustaquio.com.br\/padre-eustaquio-em-bh-missao-e-enterro\/#breadcrumb\"},\"inLanguage\":\"es\",\"potentialAction\":[{\"@type\":\"ReadAction\",\"target\":[\"https:\/\/www.padreeustaquio.com.br\/padre-eustaquio-em-bh-missao-e-enterro\/\"]}]},{\"@type\":\"ImageObject\",\"inLanguage\":\"es\",\"@id\":\"https:\/\/www.padreeustaquio.com.br\/padre-eustaquio-em-bh-missao-e-enterro\/#primaryimage\",\"url\":\"https:\/\/www.padreeustaquio.com.br\/wp-content\/uploads\/2021\/09\/WhatsApp-Image-2021-09-13-at-17.08.00-1-1.jpeg\",\"contentUrl\":\"https:\/\/www.padreeustaquio.com.br\/wp-content\/uploads\/2021\/09\/WhatsApp-Image-2021-09-13-at-17.08.00-1-1.jpeg\",\"width\":1280,\"height\":864},{\"@type\":\"BreadcrumbList\",\"@id\":\"https:\/\/www.padreeustaquio.com.br\/padre-eustaquio-em-bh-missao-e-enterro\/#breadcrumb\",\"itemListElement\":[{\"@type\":\"ListItem\",\"position\":1,\"name\":\"In\u00edcio\",\"item\":\"https:\/\/www.padreeustaquio.com.br\/\"},{\"@type\":\"ListItem\",\"position\":2,\"name\":\"Padre Eust\u00e1quio em BH &#8211; miss\u00e3o e enterro\"}]},{\"@type\":\"WebSite\",\"@id\":\"https:\/\/www.padreeustaquio.com.br\/#website\",\"url\":\"https:\/\/www.padreeustaquio.com.br\/\",\"name\":\"Padre Eust\u00e1quio\",\"description\":\"Sa\u00fade e Paz\",\"publisher\":{\"@id\":\"https:\/\/www.padreeustaquio.com.br\/#organization\"},\"potentialAction\":[{\"@type\":\"SearchAction\",\"target\":{\"@type\":\"EntryPoint\",\"urlTemplate\":\"https:\/\/www.padreeustaquio.com.br\/?s={search_term_string}\"},\"query-input\":{\"@type\":\"PropertyValueSpecification\",\"valueRequired\":true,\"valueName\":\"search_term_string\"}}],\"inLanguage\":\"es\"},{\"@type\":\"Organization\",\"@id\":\"https:\/\/www.padreeustaquio.com.br\/#organization\",\"name\":\"Padre Eust\u00e1quio\",\"url\":\"https:\/\/www.padreeustaquio.com.br\/\",\"logo\":{\"@type\":\"ImageObject\",\"inLanguage\":\"es\",\"@id\":\"https:\/\/www.padreeustaquio.com.br\/#\/schema\/logo\/image\/\",\"url\":\"https:\/\/www.padreeustaquio.com.br\/wp-content\/uploads\/2019\/08\/marca.png\",\"contentUrl\":\"https:\/\/www.padreeustaquio.com.br\/wp-content\/uploads\/2019\/08\/marca.png\",\"width\":350,\"height\":400,\"caption\":\"Padre Eust\u00e1quio\"},\"image\":{\"@id\":\"https:\/\/www.padreeustaquio.com.br\/#\/schema\/logo\/image\/\"},\"sameAs\":[\"https:\/\/www.facebook.com\/beatopadreeustaquio\/\",\"https:\/\/x.com\/beatopeustaquio\",\"https:\/\/www.instagram.com\/beatopadreeustaquio\/\",\"https:\/\/www.youtube.com\/channel\/UCRhw7vfabnajwLxb1ZXMeIw\"]},{\"@type\":\"Person\",\"@id\":\"https:\/\/www.padreeustaquio.com.br\/#\/schema\/person\/a2a51db1d00f1a7af0204a0f1ddb1566\",\"name\":\"@sscc\",\"image\":{\"@type\":\"ImageObject\",\"inLanguage\":\"es\",\"@id\":\"https:\/\/secure.gravatar.com\/avatar\/68cfafa5f44617fea54071e215026e0ff06be366c3d54a8425f04fdcb86f8c5f?s=96&d=mm&r=g\",\"url\":\"https:\/\/secure.gravatar.com\/avatar\/68cfafa5f44617fea54071e215026e0ff06be366c3d54a8425f04fdcb86f8c5f?s=96&d=mm&r=g\",\"contentUrl\":\"https:\/\/secure.gravatar.com\/avatar\/68cfafa5f44617fea54071e215026e0ff06be366c3d54a8425f04fdcb86f8c5f?s=96&d=mm&r=g\",\"caption\":\"@sscc\"},\"url\":\"https:\/\/www.padreeustaquio.com.br\/es\/author\/sscc\/\"}]}<\/script>\n<!-- \/ Yoast SEO plugin. -->","yoast_head_json":{"title":"Padre Eust\u00e1quio en BH - misi\u00f3n y entierro - Padre Eust\u00e1quio","robots":{"index":"index","follow":"follow","max-snippet":"max-snippet:-1","max-image-preview":"max-image-preview:large","max-video-preview":"max-video-preview:-1"},"canonical":"https:\/\/www.padreeustaquio.com.br\/es\/padre-eustaquio-en-bh-mision-y-entierro\/","og_locale":"es_ES","og_type":"article","og_title":"Padre Eust\u00e1quio em BH - miss\u00e3o e enterro - Padre Eust\u00e1quio","og_description":"Acolhido pelo Arcebispo D. Ant\u00f4nio Cabral, chegou a Belo Horizonte no dia 07 de abril de 1942. Em maio de 1943 apresentou \u00e0 comunidade a maquete da futura Matriz dos Sagrados Cora\u00e7\u00f5es. Foram apenas 16 meses de intenso apostolado a partir da capela de Cristo Rei, da antiga par\u00f3quia de S\u00e3o Domingos, futura par\u00f3quia dos Sagrados Cora\u00e7\u00f5es.&nbsp; Em agosto de 1943, uma repentina febre alta interrompeu por uma semana este intenso apostolado. No dia 30 agosto daquele ano, Padre Eust\u00e1quio faleceu vitimado por tifo exantem\u00e1tico ou febre maculosa, tamb\u00e9m chamada de febre do carrapato. Seu enterro foi o in\u00edcio de [&hellip;]","og_url":"https:\/\/www.padreeustaquio.com.br\/es\/padre-eustaquio-en-bh-mision-y-entierro\/","og_site_name":"Padre Eust\u00e1quio","article_publisher":"https:\/\/www.facebook.com\/beatopadreeustaquio\/","article_published_time":"2021-09-13T20:45:30+00:00","article_modified_time":"2021-09-13T22:04:29+00:00","og_image":[{"width":1280,"height":864,"url":"https:\/\/www.padreeustaquio.com.br\/wp-content\/uploads\/2021\/09\/WhatsApp-Image-2021-09-13-at-17.08.00-1-1.jpeg","type":"image\/jpeg"}],"author":"@sscc","twitter_card":"summary_large_image","twitter_creator":"@beatopeustaquio","twitter_site":"@beatopeustaquio","twitter_misc":{"Escrito por":"@sscc","Tiempo de lectura":"5 minutos"},"schema":{"@context":"https:\/\/schema.org","@graph":[{"@type":"Article","@id":"https:\/\/www.padreeustaquio.com.br\/padre-eustaquio-em-bh-missao-e-enterro\/#article","isPartOf":{"@id":"https:\/\/www.padreeustaquio.com.br\/padre-eustaquio-em-bh-missao-e-enterro\/"},"author":{"name":"@sscc","@id":"https:\/\/www.padreeustaquio.com.br\/#\/schema\/person\/a2a51db1d00f1a7af0204a0f1ddb1566"},"headline":"Padre Eust\u00e1quio em BH &#8211; miss\u00e3o e enterro","datePublished":"2021-09-13T20:45:30+00:00","dateModified":"2021-09-13T22:04:29+00:00","mainEntityOfPage":{"@id":"https:\/\/www.padreeustaquio.com.br\/padre-eustaquio-em-bh-missao-e-enterro\/"},"wordCount":126,"commentCount":0,"publisher":{"@id":"https:\/\/www.padreeustaquio.com.br\/#organization"},"image":{"@id":"https:\/\/www.padreeustaquio.com.br\/padre-eustaquio-em-bh-missao-e-enterro\/#primaryimage"},"thumbnailUrl":"https:\/\/www.padreeustaquio.com.br\/wp-content\/uploads\/2021\/09\/WhatsApp-Image-2021-09-13-at-17.08.00-1-1.jpeg","articleSection":["Galerias"],"inLanguage":"es","potentialAction":[{"@type":"CommentAction","name":"Comment","target":["https:\/\/www.padreeustaquio.com.br\/padre-eustaquio-em-bh-missao-e-enterro\/#respond"]}]},{"@type":"WebPage","@id":"https:\/\/www.padreeustaquio.com.br\/padre-eustaquio-em-bh-missao-e-enterro\/","url":"https:\/\/www.padreeustaquio.com.br\/padre-eustaquio-em-bh-missao-e-enterro\/","name":"Padre Eust\u00e1quio en BH - misi\u00f3n y entierro - Padre Eust\u00e1quio","isPartOf":{"@id":"https:\/\/www.padreeustaquio.com.br\/#website"},"primaryImageOfPage":{"@id":"https:\/\/www.padreeustaquio.com.br\/padre-eustaquio-em-bh-missao-e-enterro\/#primaryimage"},"image":{"@id":"https:\/\/www.padreeustaquio.com.br\/padre-eustaquio-em-bh-missao-e-enterro\/#primaryimage"},"thumbnailUrl":"https:\/\/www.padreeustaquio.com.br\/wp-content\/uploads\/2021\/09\/WhatsApp-Image-2021-09-13-at-17.08.00-1-1.jpeg","datePublished":"2021-09-13T20:45:30+00:00","dateModified":"2021-09-13T22:04:29+00:00","breadcrumb":{"@id":"https:\/\/www.padreeustaquio.com.br\/padre-eustaquio-em-bh-missao-e-enterro\/#breadcrumb"},"inLanguage":"es","potentialAction":[{"@type":"ReadAction","target":["https:\/\/www.padreeustaquio.com.br\/padre-eustaquio-em-bh-missao-e-enterro\/"]}]},{"@type":"ImageObject","inLanguage":"es","@id":"https:\/\/www.padreeustaquio.com.br\/padre-eustaquio-em-bh-missao-e-enterro\/#primaryimage","url":"https:\/\/www.padreeustaquio.com.br\/wp-content\/uploads\/2021\/09\/WhatsApp-Image-2021-09-13-at-17.08.00-1-1.jpeg","contentUrl":"https:\/\/www.padreeustaquio.com.br\/wp-content\/uploads\/2021\/09\/WhatsApp-Image-2021-09-13-at-17.08.00-1-1.jpeg","width":1280,"height":864},{"@type":"BreadcrumbList","@id":"https:\/\/www.padreeustaquio.com.br\/padre-eustaquio-em-bh-missao-e-enterro\/#breadcrumb","itemListElement":[{"@type":"ListItem","position":1,"name":"In\u00edcio","item":"https:\/\/www.padreeustaquio.com.br\/"},{"@type":"ListItem","position":2,"name":"Padre Eust\u00e1quio em BH &#8211; miss\u00e3o e enterro"}]},{"@type":"WebSite","@id":"https:\/\/www.padreeustaquio.com.br\/#website","url":"https:\/\/www.padreeustaquio.com.br\/","name":"Padre Eustace","description":"Salud y Paz","publisher":{"@id":"https:\/\/www.padreeustaquio.com.br\/#organization"},"potentialAction":[{"@type":"SearchAction","target":{"@type":"EntryPoint","urlTemplate":"https:\/\/www.padreeustaquio.com.br\/?s={search_term_string}"},"query-input":{"@type":"PropertyValueSpecification","valueRequired":true,"valueName":"search_term_string"}}],"inLanguage":"es"},{"@type":"Organization","@id":"https:\/\/www.padreeustaquio.com.br\/#organization","name":"Padre Eustace","url":"https:\/\/www.padreeustaquio.com.br\/","logo":{"@type":"ImageObject","inLanguage":"es","@id":"https:\/\/www.padreeustaquio.com.br\/#\/schema\/logo\/image\/","url":"https:\/\/www.padreeustaquio.com.br\/wp-content\/uploads\/2019\/08\/marca.png","contentUrl":"https:\/\/www.padreeustaquio.com.br\/wp-content\/uploads\/2019\/08\/marca.png","width":350,"height":400,"caption":"Padre Eust\u00e1quio"},"image":{"@id":"https:\/\/www.padreeustaquio.com.br\/#\/schema\/logo\/image\/"},"sameAs":["https:\/\/www.facebook.com\/beatopadreeustaquio\/","https:\/\/x.com\/beatopeustaquio","https:\/\/www.instagram.com\/beatopadreeustaquio\/","https:\/\/www.youtube.com\/channel\/UCRhw7vfabnajwLxb1ZXMeIw"]},{"@type":"Person","@id":"https:\/\/www.padreeustaquio.com.br\/#\/schema\/person\/a2a51db1d00f1a7af0204a0f1ddb1566","name":"@sscc","image":{"@type":"ImageObject","inLanguage":"es","@id":"https:\/\/secure.gravatar.com\/avatar\/68cfafa5f44617fea54071e215026e0ff06be366c3d54a8425f04fdcb86f8c5f?s=96&d=mm&r=g","url":"https:\/\/secure.gravatar.com\/avatar\/68cfafa5f44617fea54071e215026e0ff06be366c3d54a8425f04fdcb86f8c5f?s=96&d=mm&r=g","contentUrl":"https:\/\/secure.gravatar.com\/avatar\/68cfafa5f44617fea54071e215026e0ff06be366c3d54a8425f04fdcb86f8c5f?s=96&d=mm&r=g","caption":"@sscc"},"url":"https:\/\/www.padreeustaquio.com.br\/es\/author\/sscc\/"}]}},"_links":{"self":[{"href":"https:\/\/www.padreeustaquio.com.br\/es\/wp-json\/wp\/v2\/posts\/6998","targetHints":{"allow":["GET"]}}],"collection":[{"href":"https:\/\/www.padreeustaquio.com.br\/es\/wp-json\/wp\/v2\/posts"}],"about":[{"href":"https:\/\/www.padreeustaquio.com.br\/es\/wp-json\/wp\/v2\/types\/post"}],"author":[{"embeddable":true,"href":"https:\/\/www.padreeustaquio.com.br\/es\/wp-json\/wp\/v2\/users\/2"}],"replies":[{"embeddable":true,"href":"https:\/\/www.padreeustaquio.com.br\/es\/wp-json\/wp\/v2\/comments?post=6998"}],"version-history":[{"count":0,"href":"https:\/\/www.padreeustaquio.com.br\/es\/wp-json\/wp\/v2\/posts\/6998\/revisions"}],"wp:featuredmedia":[{"embeddable":true,"href":"https:\/\/www.padreeustaquio.com.br\/es\/wp-json\/wp\/v2\/media\/7019"}],"wp:attachment":[{"href":"https:\/\/www.padreeustaquio.com.br\/es\/wp-json\/wp\/v2\/media?parent=6998"}],"wp:term":[{"taxonomy":"category","embeddable":true,"href":"https:\/\/www.padreeustaquio.com.br\/es\/wp-json\/wp\/v2\/categories?post=6998"},{"taxonomy":"post_tag","embeddable":true,"href":"https:\/\/www.padreeustaquio.com.br\/es\/wp-json\/wp\/v2\/tags?post=6998"}],"curies":[{"name":"wp","href":"https:\/\/api.w.org\/{rel}","templated":true}]}}