{"id":6928,"date":"2021-09-13T06:06:00","date_gmt":"2021-09-13T09:06:00","guid":{"rendered":"https:\/\/www.padreeustaquio.com.br\/?p=6928"},"modified":"2021-09-11T17:18:23","modified_gmt":"2021-09-11T20:18:23","slug":"hace-79-anos-jk-dono-el-terreno-para-el-santuario-de-salud-y-paz","status":"publish","type":"post","link":"https:\/\/www.padreeustaquio.com.br\/es\/hace-79-anos-jk-dono-el-terreno-para-el-santuario-de-salud-y-paz\/","title":{"rendered":"Hace 79 a\u00f1os, JK don\u00f3 el terreno para el Santuario de Salud y Paz."},"content":{"rendered":"<p>En septiembre de 1942, el entonces alcalde de Belo Horizonte, Juscelino Kubitschek, don\u00f3 el terreno para la construcci\u00f3n de la nueva iglesia principal, la Iglesia de los Sagrados Corazones, hoy Santuario de la Salud y la Paz. La donaci\u00f3n se hizo a la Congregaci\u00f3n a trav\u00e9s del Padre Eust\u00e1quio.<\/p>\n\n\n\n<p>JK conoc\u00eda al sacerdote holand\u00e9s por su gran fama de bendiciones y gracias obtenidas por su intercesi\u00f3n. Kubitschek afirm\u00f3 haber sido bendecido por la oraci\u00f3n del Beato Padre en dos ocasiones. La primera fue cuando su esposa, Sarah Kubitschek, solo pudo concebir gracias a la bendici\u00f3n del Padre Eust\u00e1quio. La segunda fue cuando sufri\u00f3 una grave infecci\u00f3n de garganta y se recuper\u00f3 gracias a la oraci\u00f3n del Beato Padre.<\/p>\n\n\n\n<p>Estos acontecimientos hicieron de Juscelino Kubitschek un gran admirador y amigo del Padre Eust\u00e1quio, llev\u00e1ndolo a donar el terreno para la construcci\u00f3n de lo que ser\u00eda la futura Iglesia de los Sagrados Corazones en Belo Horizonte.<\/p>\n\n\n\n<p>Tras la muerte del padre Eust\u00e1quio, JK contribuy\u00f3 al inicio del proceso de canonizaci\u00f3n del sacerdote holand\u00e9s, escribiendo una carta para adjuntar a los documentos llevados a Roma.<\/p>\n\n\n\n<p>Juscelino Kubitschek fue alcalde de Belo Horizonte de 1940 a 1946.<\/p>","protected":false},"excerpt":{"rendered":"<p>Foi em setembro de 1942 que o ent\u00e3o prefeito de Belo Horizonte, Juscelino Kubitschek, doou o terreno para a constru\u00e7\u00e3o da nova matriz, a Igreja dos Sagrados Cora\u00e7\u00f5es, hoje, Santu\u00e1rio da Sa\u00fade e da Paz. A doa\u00e7\u00e3o foi feita para a Congrega\u00e7\u00e3o, por interm\u00e9dio de Padre Eust\u00e1quio. JK conheceu o padre holand\u00eas pela grande fama de suas b\u00ean\u00e7\u00e3os e pelas gra\u00e7as alcan\u00e7adas por intercess\u00e3o dele. Kubitschek se dizia agraciado pela ora\u00e7\u00e3o do Bem-aventurado por duas vezes. A primeira, quando sua esposa Sarah Kubitschek s\u00f3 conseguiu engravidar ap\u00f3s uma b\u00ean\u00e7\u00e3o de Padre Eust\u00e1quio. A segunda, quando sofria de uma grave infec\u00e7\u00e3o [&hellip;]<\/p>\n","protected":false},"author":2,"featured_media":6932,"comment_status":"open","ping_status":"closed","sticky":false,"template":"","format":"standard","meta":{"_acf_changed":false,"footnotes":""},"categories":[611],"tags":[],"class_list":["post-6928","post","type-post","status-publish","format-standard","has-post-thumbnail","hentry","category-noticias"],"acf":[],"yoast_head":"<!-- This site is optimized with the Yoast SEO plugin v27.2 - https:\/\/yoast.com\/product\/yoast-seo-wordpress\/ -->\n<title>H\u00e1 79 anos, JK doava terreno do Santu\u00e1rio Sa\u00fade e Paz<\/title>\n<meta name=\"description\" content=\"Em setembro de 1942 o ent\u00e3o prefeito de BH, Juscelino Kubitschek, doou o terreno para a constru\u00e7\u00e3o da nova matriz. A doa\u00e7\u00e3o foi feita para a Congrega\u00e7\u00e3o, por interm\u00e9dio de Padre Eust\u00e1quio.\" \/>\n<meta name=\"robots\" content=\"index, follow, max-snippet:-1, max-image-preview:large, max-video-preview:-1\" \/>\n<link rel=\"canonical\" href=\"https:\/\/www.padreeustaquio.com.br\/es\/hace-79-anos-jk-dono-el-terreno-para-el-santuario-de-salud-y-paz\/\" \/>\n<meta property=\"og:locale\" content=\"es_ES\" \/>\n<meta property=\"og:type\" content=\"article\" \/>\n<meta property=\"og:title\" content=\"H\u00e1 79 anos, JK doava terreno do Santu\u00e1rio Sa\u00fade e Paz\" \/>\n<meta property=\"og:description\" content=\"Em setembro de 1942 o ent\u00e3o prefeito de BH, Juscelino Kubitschek, doou o terreno para a constru\u00e7\u00e3o da nova matriz. A doa\u00e7\u00e3o foi feita para a Congrega\u00e7\u00e3o, por interm\u00e9dio de Padre Eust\u00e1quio.\" \/>\n<meta property=\"og:url\" content=\"https:\/\/www.padreeustaquio.com.br\/es\/hace-79-anos-jk-dono-el-terreno-para-el-santuario-de-salud-y-paz\/\" \/>\n<meta property=\"og:site_name\" content=\"Padre Eust\u00e1quio\" \/>\n<meta property=\"article:publisher\" content=\"https:\/\/www.facebook.com\/beatopadreeustaquio\/\" \/>\n<meta property=\"article:published_time\" content=\"2021-09-13T09:06:00+00:00\" \/>\n<meta property=\"og:image\" content=\"https:\/\/www.padreeustaquio.com.br\/wp-content\/uploads\/2021\/09\/JK-e-Elfrink.jpg\" \/>\n\t<meta property=\"og:image:width\" content=\"748\" \/>\n\t<meta property=\"og:image:height\" content=\"394\" \/>\n\t<meta property=\"og:image:type\" content=\"image\/jpeg\" \/>\n<meta name=\"author\" content=\"@sscc\" \/>\n<meta name=\"twitter:card\" content=\"summary_large_image\" \/>\n<meta name=\"twitter:creator\" content=\"@beatopeustaquio\" \/>\n<meta name=\"twitter:site\" content=\"@beatopeustaquio\" \/>\n<meta name=\"twitter:label1\" content=\"Escrito por\" \/>\n\t<meta name=\"twitter:data1\" content=\"@sscc\" \/>\n\t<meta name=\"twitter:label2\" content=\"Tiempo de lectura\" \/>\n\t<meta name=\"twitter:data2\" content=\"1 minuto\" \/>\n<script type=\"application\/ld+json\" class=\"yoast-schema-graph\">{\"@context\":\"https:\/\/schema.org\",\"@graph\":[{\"@type\":\"Article\",\"@id\":\"https:\/\/www.padreeustaquio.com.br\/ha-79-anos-jk-doava-terreno-do-santuario-saude-e-paz\/#article\",\"isPartOf\":{\"@id\":\"https:\/\/www.padreeustaquio.com.br\/ha-79-anos-jk-doava-terreno-do-santuario-saude-e-paz\/\"},\"author\":{\"name\":\"@sscc\",\"@id\":\"https:\/\/www.padreeustaquio.com.br\/#\/schema\/person\/a2a51db1d00f1a7af0204a0f1ddb1566\"},\"headline\":\"H\u00e1 79 anos, JK doava terreno do Santu\u00e1rio Sa\u00fade e Paz\",\"datePublished\":\"2021-09-13T09:06:00+00:00\",\"mainEntityOfPage\":{\"@id\":\"https:\/\/www.padreeustaquio.com.br\/ha-79-anos-jk-doava-terreno-do-santuario-saude-e-paz\/\"},\"wordCount\":220,\"commentCount\":0,\"publisher\":{\"@id\":\"https:\/\/www.padreeustaquio.com.br\/#organization\"},\"image\":{\"@id\":\"https:\/\/www.padreeustaquio.com.br\/ha-79-anos-jk-doava-terreno-do-santuario-saude-e-paz\/#primaryimage\"},\"thumbnailUrl\":\"https:\/\/www.padreeustaquio.com.br\/wp-content\/uploads\/2021\/09\/JK-e-Elfrink.jpg\",\"articleSection\":[\"Not\u00edcias\"],\"inLanguage\":\"es\",\"potentialAction\":[{\"@type\":\"CommentAction\",\"name\":\"Comment\",\"target\":[\"https:\/\/www.padreeustaquio.com.br\/ha-79-anos-jk-doava-terreno-do-santuario-saude-e-paz\/#respond\"]}]},{\"@type\":\"WebPage\",\"@id\":\"https:\/\/www.padreeustaquio.com.br\/ha-79-anos-jk-doava-terreno-do-santuario-saude-e-paz\/\",\"url\":\"https:\/\/www.padreeustaquio.com.br\/ha-79-anos-jk-doava-terreno-do-santuario-saude-e-paz\/\",\"name\":\"H\u00e1 79 anos, JK doava terreno do Santu\u00e1rio Sa\u00fade e Paz\",\"isPartOf\":{\"@id\":\"https:\/\/www.padreeustaquio.com.br\/#website\"},\"primaryImageOfPage\":{\"@id\":\"https:\/\/www.padreeustaquio.com.br\/ha-79-anos-jk-doava-terreno-do-santuario-saude-e-paz\/#primaryimage\"},\"image\":{\"@id\":\"https:\/\/www.padreeustaquio.com.br\/ha-79-anos-jk-doava-terreno-do-santuario-saude-e-paz\/#primaryimage\"},\"thumbnailUrl\":\"https:\/\/www.padreeustaquio.com.br\/wp-content\/uploads\/2021\/09\/JK-e-Elfrink.jpg\",\"datePublished\":\"2021-09-13T09:06:00+00:00\",\"description\":\"Em setembro de 1942 o ent\u00e3o prefeito de BH, Juscelino Kubitschek, doou o terreno para a constru\u00e7\u00e3o da nova matriz. A doa\u00e7\u00e3o foi feita para a Congrega\u00e7\u00e3o, por interm\u00e9dio de Padre Eust\u00e1quio.\",\"breadcrumb\":{\"@id\":\"https:\/\/www.padreeustaquio.com.br\/ha-79-anos-jk-doava-terreno-do-santuario-saude-e-paz\/#breadcrumb\"},\"inLanguage\":\"es\",\"potentialAction\":[{\"@type\":\"ReadAction\",\"target\":[\"https:\/\/www.padreeustaquio.com.br\/ha-79-anos-jk-doava-terreno-do-santuario-saude-e-paz\/\"]}]},{\"@type\":\"ImageObject\",\"inLanguage\":\"es\",\"@id\":\"https:\/\/www.padreeustaquio.com.br\/ha-79-anos-jk-doava-terreno-do-santuario-saude-e-paz\/#primaryimage\",\"url\":\"https:\/\/www.padreeustaquio.com.br\/wp-content\/uploads\/2021\/09\/JK-e-Elfrink.jpg\",\"contentUrl\":\"https:\/\/www.padreeustaquio.com.br\/wp-content\/uploads\/2021\/09\/JK-e-Elfrink.jpg\",\"width\":748,\"height\":394,\"caption\":\"Momento em que Juscelino Kubitschek d\u00e1 seu depoimento ao processo de Beatifica\u00e7\u00e3o de Padre Eust\u00e1quio.\"},{\"@type\":\"BreadcrumbList\",\"@id\":\"https:\/\/www.padreeustaquio.com.br\/ha-79-anos-jk-doava-terreno-do-santuario-saude-e-paz\/#breadcrumb\",\"itemListElement\":[{\"@type\":\"ListItem\",\"position\":1,\"name\":\"In\u00edcio\",\"item\":\"https:\/\/www.padreeustaquio.com.br\/\"},{\"@type\":\"ListItem\",\"position\":2,\"name\":\"H\u00e1 79 anos, JK doava terreno do Santu\u00e1rio Sa\u00fade e Paz\"}]},{\"@type\":\"WebSite\",\"@id\":\"https:\/\/www.padreeustaquio.com.br\/#website\",\"url\":\"https:\/\/www.padreeustaquio.com.br\/\",\"name\":\"Padre Eust\u00e1quio\",\"description\":\"Sa\u00fade e Paz\",\"publisher\":{\"@id\":\"https:\/\/www.padreeustaquio.com.br\/#organization\"},\"potentialAction\":[{\"@type\":\"SearchAction\",\"target\":{\"@type\":\"EntryPoint\",\"urlTemplate\":\"https:\/\/www.padreeustaquio.com.br\/?s={search_term_string}\"},\"query-input\":{\"@type\":\"PropertyValueSpecification\",\"valueRequired\":true,\"valueName\":\"search_term_string\"}}],\"inLanguage\":\"es\"},{\"@type\":\"Organization\",\"@id\":\"https:\/\/www.padreeustaquio.com.br\/#organization\",\"name\":\"Padre Eust\u00e1quio\",\"url\":\"https:\/\/www.padreeustaquio.com.br\/\",\"logo\":{\"@type\":\"ImageObject\",\"inLanguage\":\"es\",\"@id\":\"https:\/\/www.padreeustaquio.com.br\/#\/schema\/logo\/image\/\",\"url\":\"https:\/\/www.padreeustaquio.com.br\/wp-content\/uploads\/2019\/08\/marca.png\",\"contentUrl\":\"https:\/\/www.padreeustaquio.com.br\/wp-content\/uploads\/2019\/08\/marca.png\",\"width\":350,\"height\":400,\"caption\":\"Padre Eust\u00e1quio\"},\"image\":{\"@id\":\"https:\/\/www.padreeustaquio.com.br\/#\/schema\/logo\/image\/\"},\"sameAs\":[\"https:\/\/www.facebook.com\/beatopadreeustaquio\/\",\"https:\/\/x.com\/beatopeustaquio\",\"https:\/\/www.instagram.com\/beatopadreeustaquio\/\",\"https:\/\/www.youtube.com\/channel\/UCRhw7vfabnajwLxb1ZXMeIw\"]},{\"@type\":\"Person\",\"@id\":\"https:\/\/www.padreeustaquio.com.br\/#\/schema\/person\/a2a51db1d00f1a7af0204a0f1ddb1566\",\"name\":\"@sscc\",\"image\":{\"@type\":\"ImageObject\",\"inLanguage\":\"es\",\"@id\":\"https:\/\/secure.gravatar.com\/avatar\/68cfafa5f44617fea54071e215026e0ff06be366c3d54a8425f04fdcb86f8c5f?s=96&d=mm&r=g\",\"url\":\"https:\/\/secure.gravatar.com\/avatar\/68cfafa5f44617fea54071e215026e0ff06be366c3d54a8425f04fdcb86f8c5f?s=96&d=mm&r=g\",\"contentUrl\":\"https:\/\/secure.gravatar.com\/avatar\/68cfafa5f44617fea54071e215026e0ff06be366c3d54a8425f04fdcb86f8c5f?s=96&d=mm&r=g\",\"caption\":\"@sscc\"},\"url\":\"https:\/\/www.padreeustaquio.com.br\/es\/author\/sscc\/\"}]}<\/script>\n<!-- \/ Yoast SEO plugin. -->","yoast_head_json":{"title":"Hace 79 a\u00f1os, JK don\u00f3 el terreno para el Santuario de Salud y Paz.","description":"En septiembre de 1942, el entonces alcalde de Belo Horizonte, Juscelino Kubitschek, don\u00f3 el terreno para la construcci\u00f3n de la nueva iglesia principal. La donaci\u00f3n se hizo a la Congregaci\u00f3n a trav\u00e9s del Padre Eust\u00e1quio.","robots":{"index":"index","follow":"follow","max-snippet":"max-snippet:-1","max-image-preview":"max-image-preview:large","max-video-preview":"max-video-preview:-1"},"canonical":"https:\/\/www.padreeustaquio.com.br\/es\/hace-79-anos-jk-dono-el-terreno-para-el-santuario-de-salud-y-paz\/","og_locale":"es_ES","og_type":"article","og_title":"H\u00e1 79 anos, JK doava terreno do Santu\u00e1rio Sa\u00fade e Paz","og_description":"Em setembro de 1942 o ent\u00e3o prefeito de BH, Juscelino Kubitschek, doou o terreno para a constru\u00e7\u00e3o da nova matriz. A doa\u00e7\u00e3o foi feita para a Congrega\u00e7\u00e3o, por interm\u00e9dio de Padre Eust\u00e1quio.","og_url":"https:\/\/www.padreeustaquio.com.br\/es\/hace-79-anos-jk-dono-el-terreno-para-el-santuario-de-salud-y-paz\/","og_site_name":"Padre Eust\u00e1quio","article_publisher":"https:\/\/www.facebook.com\/beatopadreeustaquio\/","article_published_time":"2021-09-13T09:06:00+00:00","og_image":[{"width":748,"height":394,"url":"https:\/\/www.padreeustaquio.com.br\/wp-content\/uploads\/2021\/09\/JK-e-Elfrink.jpg","type":"image\/jpeg"}],"author":"@sscc","twitter_card":"summary_large_image","twitter_creator":"@beatopeustaquio","twitter_site":"@beatopeustaquio","twitter_misc":{"Escrito por":"@sscc","Tiempo de lectura":"1 minuto"},"schema":{"@context":"https:\/\/schema.org","@graph":[{"@type":"Article","@id":"https:\/\/www.padreeustaquio.com.br\/ha-79-anos-jk-doava-terreno-do-santuario-saude-e-paz\/#article","isPartOf":{"@id":"https:\/\/www.padreeustaquio.com.br\/ha-79-anos-jk-doava-terreno-do-santuario-saude-e-paz\/"},"author":{"name":"@sscc","@id":"https:\/\/www.padreeustaquio.com.br\/#\/schema\/person\/a2a51db1d00f1a7af0204a0f1ddb1566"},"headline":"H\u00e1 79 anos, JK doava terreno do Santu\u00e1rio Sa\u00fade e Paz","datePublished":"2021-09-13T09:06:00+00:00","mainEntityOfPage":{"@id":"https:\/\/www.padreeustaquio.com.br\/ha-79-anos-jk-doava-terreno-do-santuario-saude-e-paz\/"},"wordCount":220,"commentCount":0,"publisher":{"@id":"https:\/\/www.padreeustaquio.com.br\/#organization"},"image":{"@id":"https:\/\/www.padreeustaquio.com.br\/ha-79-anos-jk-doava-terreno-do-santuario-saude-e-paz\/#primaryimage"},"thumbnailUrl":"https:\/\/www.padreeustaquio.com.br\/wp-content\/uploads\/2021\/09\/JK-e-Elfrink.jpg","articleSection":["Not\u00edcias"],"inLanguage":"es","potentialAction":[{"@type":"CommentAction","name":"Comment","target":["https:\/\/www.padreeustaquio.com.br\/ha-79-anos-jk-doava-terreno-do-santuario-saude-e-paz\/#respond"]}]},{"@type":"WebPage","@id":"https:\/\/www.padreeustaquio.com.br\/ha-79-anos-jk-doava-terreno-do-santuario-saude-e-paz\/","url":"https:\/\/www.padreeustaquio.com.br\/ha-79-anos-jk-doava-terreno-do-santuario-saude-e-paz\/","name":"Hace 79 a\u00f1os, JK don\u00f3 el terreno para el Santuario de Salud y Paz.","isPartOf":{"@id":"https:\/\/www.padreeustaquio.com.br\/#website"},"primaryImageOfPage":{"@id":"https:\/\/www.padreeustaquio.com.br\/ha-79-anos-jk-doava-terreno-do-santuario-saude-e-paz\/#primaryimage"},"image":{"@id":"https:\/\/www.padreeustaquio.com.br\/ha-79-anos-jk-doava-terreno-do-santuario-saude-e-paz\/#primaryimage"},"thumbnailUrl":"https:\/\/www.padreeustaquio.com.br\/wp-content\/uploads\/2021\/09\/JK-e-Elfrink.jpg","datePublished":"2021-09-13T09:06:00+00:00","description":"En septiembre de 1942, el entonces alcalde de Belo Horizonte, Juscelino Kubitschek, don\u00f3 el terreno para la construcci\u00f3n de la nueva iglesia principal. La donaci\u00f3n se hizo a la Congregaci\u00f3n a trav\u00e9s del Padre Eust\u00e1quio.","breadcrumb":{"@id":"https:\/\/www.padreeustaquio.com.br\/ha-79-anos-jk-doava-terreno-do-santuario-saude-e-paz\/#breadcrumb"},"inLanguage":"es","potentialAction":[{"@type":"ReadAction","target":["https:\/\/www.padreeustaquio.com.br\/ha-79-anos-jk-doava-terreno-do-santuario-saude-e-paz\/"]}]},{"@type":"ImageObject","inLanguage":"es","@id":"https:\/\/www.padreeustaquio.com.br\/ha-79-anos-jk-doava-terreno-do-santuario-saude-e-paz\/#primaryimage","url":"https:\/\/www.padreeustaquio.com.br\/wp-content\/uploads\/2021\/09\/JK-e-Elfrink.jpg","contentUrl":"https:\/\/www.padreeustaquio.com.br\/wp-content\/uploads\/2021\/09\/JK-e-Elfrink.jpg","width":748,"height":394,"caption":"Momento em que Juscelino Kubitschek d\u00e1 seu depoimento ao processo de Beatifica\u00e7\u00e3o de Padre Eust\u00e1quio."},{"@type":"BreadcrumbList","@id":"https:\/\/www.padreeustaquio.com.br\/ha-79-anos-jk-doava-terreno-do-santuario-saude-e-paz\/#breadcrumb","itemListElement":[{"@type":"ListItem","position":1,"name":"In\u00edcio","item":"https:\/\/www.padreeustaquio.com.br\/"},{"@type":"ListItem","position":2,"name":"H\u00e1 79 anos, JK doava terreno do Santu\u00e1rio Sa\u00fade e Paz"}]},{"@type":"WebSite","@id":"https:\/\/www.padreeustaquio.com.br\/#website","url":"https:\/\/www.padreeustaquio.com.br\/","name":"Padre Eustace","description":"Salud y Paz","publisher":{"@id":"https:\/\/www.padreeustaquio.com.br\/#organization"},"potentialAction":[{"@type":"SearchAction","target":{"@type":"EntryPoint","urlTemplate":"https:\/\/www.padreeustaquio.com.br\/?s={search_term_string}"},"query-input":{"@type":"PropertyValueSpecification","valueRequired":true,"valueName":"search_term_string"}}],"inLanguage":"es"},{"@type":"Organization","@id":"https:\/\/www.padreeustaquio.com.br\/#organization","name":"Padre Eustace","url":"https:\/\/www.padreeustaquio.com.br\/","logo":{"@type":"ImageObject","inLanguage":"es","@id":"https:\/\/www.padreeustaquio.com.br\/#\/schema\/logo\/image\/","url":"https:\/\/www.padreeustaquio.com.br\/wp-content\/uploads\/2019\/08\/marca.png","contentUrl":"https:\/\/www.padreeustaquio.com.br\/wp-content\/uploads\/2019\/08\/marca.png","width":350,"height":400,"caption":"Padre Eust\u00e1quio"},"image":{"@id":"https:\/\/www.padreeustaquio.com.br\/#\/schema\/logo\/image\/"},"sameAs":["https:\/\/www.facebook.com\/beatopadreeustaquio\/","https:\/\/x.com\/beatopeustaquio","https:\/\/www.instagram.com\/beatopadreeustaquio\/","https:\/\/www.youtube.com\/channel\/UCRhw7vfabnajwLxb1ZXMeIw"]},{"@type":"Person","@id":"https:\/\/www.padreeustaquio.com.br\/#\/schema\/person\/a2a51db1d00f1a7af0204a0f1ddb1566","name":"@sscc","image":{"@type":"ImageObject","inLanguage":"es","@id":"https:\/\/secure.gravatar.com\/avatar\/68cfafa5f44617fea54071e215026e0ff06be366c3d54a8425f04fdcb86f8c5f?s=96&d=mm&r=g","url":"https:\/\/secure.gravatar.com\/avatar\/68cfafa5f44617fea54071e215026e0ff06be366c3d54a8425f04fdcb86f8c5f?s=96&d=mm&r=g","contentUrl":"https:\/\/secure.gravatar.com\/avatar\/68cfafa5f44617fea54071e215026e0ff06be366c3d54a8425f04fdcb86f8c5f?s=96&d=mm&r=g","caption":"@sscc"},"url":"https:\/\/www.padreeustaquio.com.br\/es\/author\/sscc\/"}]}},"_links":{"self":[{"href":"https:\/\/www.padreeustaquio.com.br\/es\/wp-json\/wp\/v2\/posts\/6928","targetHints":{"allow":["GET"]}}],"collection":[{"href":"https:\/\/www.padreeustaquio.com.br\/es\/wp-json\/wp\/v2\/posts"}],"about":[{"href":"https:\/\/www.padreeustaquio.com.br\/es\/wp-json\/wp\/v2\/types\/post"}],"author":[{"embeddable":true,"href":"https:\/\/www.padreeustaquio.com.br\/es\/wp-json\/wp\/v2\/users\/2"}],"replies":[{"embeddable":true,"href":"https:\/\/www.padreeustaquio.com.br\/es\/wp-json\/wp\/v2\/comments?post=6928"}],"version-history":[{"count":0,"href":"https:\/\/www.padreeustaquio.com.br\/es\/wp-json\/wp\/v2\/posts\/6928\/revisions"}],"wp:featuredmedia":[{"embeddable":true,"href":"https:\/\/www.padreeustaquio.com.br\/es\/wp-json\/wp\/v2\/media\/6932"}],"wp:attachment":[{"href":"https:\/\/www.padreeustaquio.com.br\/es\/wp-json\/wp\/v2\/media?parent=6928"}],"wp:term":[{"taxonomy":"category","embeddable":true,"href":"https:\/\/www.padreeustaquio.com.br\/es\/wp-json\/wp\/v2\/categories?post=6928"},{"taxonomy":"post_tag","embeddable":true,"href":"https:\/\/www.padreeustaquio.com.br\/es\/wp-json\/wp\/v2\/tags?post=6928"}],"curies":[{"name":"wp","href":"https:\/\/api.w.org\/{rel}","templated":true}]}}