{"id":6909,"date":"2021-09-10T06:01:00","date_gmt":"2021-09-10T09:01:00","guid":{"rendered":"https:\/\/www.padreeustaquio.com.br\/?p=6909"},"modified":"2021-09-10T11:01:15","modified_gmt":"2021-09-10T14:01:15","slug":"lava-tu-auto-y-ayuda-al-proyecto-de-accion-social-padre-eustaquio","status":"publish","type":"post","link":"https:\/\/www.padreeustaquio.com.br\/es\/lava-tu-auto-y-ayuda-al-proyecto-de-accion-social-padre-eustaquio\/","title":{"rendered":"Lava tu auto y ayuda a la Acci\u00f3n Social Padre Eust\u00e1quio."},"content":{"rendered":"<p>Una familia muy devota del Padre Eust\u00e1quio decidi\u00f3 colaborar con las obras de Acci\u00f3n Social en Belo Horizonte de una forma muy interesante. Poseen una gasolinera con servicio de lavado de autos, y todos los ingresos de los lavados, realizados el d\u00eda 12 de cada mes, se donar\u00e1n a las obras sociales del Santuario de Salud y Paz.<\/p>\n\n\n\n<div class=\"wp-block-image\"><figure class=\"alignleft size-large is-resized\"><img fetchpriority=\"high\" decoding=\"async\" src=\"https:\/\/www.padreeustaquio.com.br\/wp-content\/uploads\/2021\/09\/WhatsApp-Image-2021-09-10-at-10.39.34-edited.jpeg\" alt=\"\" class=\"wp-image-6917\" width=\"277\" height=\"208\" srcset=\"https:\/\/www.padreeustaquio.com.br\/wp-content\/uploads\/2021\/09\/WhatsApp-Image-2021-09-10-at-10.39.34-edited.jpeg 1200w, https:\/\/www.padreeustaquio.com.br\/wp-content\/uploads\/2021\/09\/WhatsApp-Image-2021-09-10-at-10.39.34-edited-300x225.jpeg 300w, https:\/\/www.padreeustaquio.com.br\/wp-content\/uploads\/2021\/09\/WhatsApp-Image-2021-09-10-at-10.39.34-edited-1024x768.jpeg 1024w, https:\/\/www.padreeustaquio.com.br\/wp-content\/uploads\/2021\/09\/WhatsApp-Image-2021-09-10-at-10.39.34-edited-768x576.jpeg 768w, https:\/\/www.padreeustaquio.com.br\/wp-content\/uploads\/2021\/09\/WhatsApp-Image-2021-09-10-at-10.39.34-edited-180x135.jpeg 180w, https:\/\/www.padreeustaquio.com.br\/wp-content\/uploads\/2021\/09\/WhatsApp-Image-2021-09-10-at-10.39.34-edited-400x300.jpeg 400w, https:\/\/www.padreeustaquio.com.br\/wp-content\/uploads\/2021\/09\/WhatsApp-Image-2021-09-10-at-10.39.34-edited-600x450.jpeg 600w, https:\/\/www.padreeustaquio.com.br\/wp-content\/uploads\/2021\/09\/WhatsApp-Image-2021-09-10-at-10.39.34-edited-800x600.jpeg 800w\" sizes=\"(max-width: 277px) 100vw, 277px\" \/><\/figure><\/div>\n\n\n\n<p>La iniciativa surgi\u00f3 de los hijos y nietos de la Sra. Neusa Moreira. Devota seguidora del Padre Eust\u00e1quio, esta jubilada transmiti\u00f3 su devoci\u00f3n a las nuevas generaciones, quienes se unieron y decidieron donar a la Iglesia todo el dinero recaudado con el lavado de veh\u00edculos en un d\u00eda espec\u00edfico. Los nietos eligieron el d\u00eda 12 de cada mes para promover esta acci\u00f3n e incluso colocaron un cartel informando a los usuarios de las gasolineras sobre el destino del dinero.<\/p>\n\n\n\n<p>La campa\u00f1a de donaciones comenz\u00f3 el mes pasado y continuar\u00e1 de forma permanente. As\u00ed que, si necesita un lavado de auto completo con un servicio de calidad, pase por la estaci\u00f3n Wap el pr\u00f3ximo domingo (12 de septiembre) y salga con el auto limpio y una donaci\u00f3n garantizada.<\/p>\n\n\n\n<p>Difunde esta idea entre tus amigos y familiares para que la gasolinera est\u00e9 llena cada 12 del mes, demostrando su gran devoci\u00f3n al Beato Padre Eustaquio, as\u00ed como su deseo de ayudar a las obras de la Iglesia. <strong>La estaci\u00f3n Wap est\u00e1 ubicada en la Avenida Dom Pedro II, 4091, justo en la esquina de Rua Henrique Gorceix, en el barrio Padre Eust\u00e1quio. <\/strong>El n\u00famero de tel\u00e9fono para m\u00e1s informaci\u00f3n es... <a href=\"tel:34122190\">(31) 3412-2190<\/a>.<\/p>\n\n\n\n<div class=\"wp-block-image\"><figure class=\"aligncenter size-large is-resized\"><img decoding=\"async\" src=\"https:\/\/www.padreeustaquio.com.br\/wp-content\/uploads\/2021\/09\/WhatsApp-Image-2021-09-10-at-10.39.22-1024x768.jpeg\" alt=\"\" class=\"wp-image-6916\" width=\"354\" height=\"265\" srcset=\"https:\/\/www.padreeustaquio.com.br\/wp-content\/uploads\/2021\/09\/WhatsApp-Image-2021-09-10-at-10.39.22-1024x768.jpeg 1024w, https:\/\/www.padreeustaquio.com.br\/wp-content\/uploads\/2021\/09\/WhatsApp-Image-2021-09-10-at-10.39.22-300x225.jpeg 300w, https:\/\/www.padreeustaquio.com.br\/wp-content\/uploads\/2021\/09\/WhatsApp-Image-2021-09-10-at-10.39.22-768x576.jpeg 768w, https:\/\/www.padreeustaquio.com.br\/wp-content\/uploads\/2021\/09\/WhatsApp-Image-2021-09-10-at-10.39.22-1536x1152.jpeg 1536w, https:\/\/www.padreeustaquio.com.br\/wp-content\/uploads\/2021\/09\/WhatsApp-Image-2021-09-10-at-10.39.22-180x135.jpeg 180w, https:\/\/www.padreeustaquio.com.br\/wp-content\/uploads\/2021\/09\/WhatsApp-Image-2021-09-10-at-10.39.22-400x300.jpeg 400w, https:\/\/www.padreeustaquio.com.br\/wp-content\/uploads\/2021\/09\/WhatsApp-Image-2021-09-10-at-10.39.22-600x450.jpeg 600w, https:\/\/www.padreeustaquio.com.br\/wp-content\/uploads\/2021\/09\/WhatsApp-Image-2021-09-10-at-10.39.22-800x600.jpeg 800w, https:\/\/www.padreeustaquio.com.br\/wp-content\/uploads\/2021\/09\/WhatsApp-Image-2021-09-10-at-10.39.22-1200x900.jpeg 1200w, https:\/\/www.padreeustaquio.com.br\/wp-content\/uploads\/2021\/09\/WhatsApp-Image-2021-09-10-at-10.39.22.jpeg 1600w\" sizes=\"(max-width: 354px) 100vw, 354px\" \/><\/figure><\/div>\n\n\n\n<p><\/p>\n\n\n\n<p><\/p>","protected":false},"excerpt":{"rendered":"<p>Uma fam\u00edlia muito devota de Padre Eust\u00e1quio resolveu ajudar as obras da A\u00e7\u00e3o Social, em Belo Horizonte, de uma forma bastante interessante. Eles t\u00eam um posto de combust\u00edveis com servi\u00e7o de &#8220;Lava-jato&#8221; e toda a renda das lava\u00e7\u00f5es de autom\u00f3veis, feitas no dia 12 de cada m\u00eas, ser\u00e1 repassada para as obras sociais do Santu\u00e1rio da Sa\u00fade e da Paz. A a\u00e7\u00e3o partiu dos filhos e netos da dona Neusa Moreira. Muito devota de Padre Eust\u00e1quio, a aposentada passou a devo\u00e7\u00e3o \u00e0s novas gera\u00e7\u00f5es que se uniram e resolveram doar todo o dinheiro arrecadado com a lavagem de ve\u00edculos, de [&hellip;]<\/p>\n","protected":false},"author":2,"featured_media":6914,"comment_status":"open","ping_status":"closed","sticky":false,"template":"","format":"standard","meta":{"_acf_changed":false,"footnotes":""},"categories":[611],"tags":[],"class_list":["post-6909","post","type-post","status-publish","format-standard","has-post-thumbnail","hentry","category-noticias"],"acf":[],"yoast_head":"<!-- This site is optimized with the Yoast SEO plugin v27.2 - https:\/\/yoast.com\/product\/yoast-seo-wordpress\/ -->\n<title>Lave seu carro e ajude a A\u00e7\u00e3o Social Padre Eust\u00e1quio<\/title>\n<meta name=\"description\" content=\"Uma fam\u00edlia muito devota de Padre Eust\u00e1quio vai repassar toda a renda das lava\u00e7\u00f5es de autom\u00f3veis, feitas no dia 12 de cada m\u00eas, no posto de combust\u00edveis deles para as obras sociais do Santu\u00e1rio. Saiba onde fica o posto e ajude tamb\u00e9m!\" \/>\n<meta name=\"robots\" content=\"index, follow, max-snippet:-1, max-image-preview:large, max-video-preview:-1\" \/>\n<link rel=\"canonical\" href=\"https:\/\/www.padreeustaquio.com.br\/es\/lava-tu-auto-y-ayuda-al-proyecto-de-accion-social-padre-eustaquio\/\" \/>\n<meta property=\"og:locale\" content=\"es_ES\" \/>\n<meta property=\"og:type\" content=\"article\" \/>\n<meta property=\"og:title\" content=\"Lave seu carro e ajude a A\u00e7\u00e3o Social Padre Eust\u00e1quio\" \/>\n<meta property=\"og:description\" content=\"Uma fam\u00edlia muito devota de Padre Eust\u00e1quio vai repassar toda a renda das lava\u00e7\u00f5es de autom\u00f3veis, feitas no dia 12 de cada m\u00eas, no posto de combust\u00edveis deles para as obras sociais do Santu\u00e1rio. Saiba onde fica o posto e ajude tamb\u00e9m!\" \/>\n<meta property=\"og:url\" content=\"https:\/\/www.padreeustaquio.com.br\/es\/lava-tu-auto-y-ayuda-al-proyecto-de-accion-social-padre-eustaquio\/\" \/>\n<meta property=\"og:site_name\" content=\"Padre Eust\u00e1quio\" \/>\n<meta property=\"article:publisher\" content=\"https:\/\/www.facebook.com\/beatopadreeustaquio\/\" \/>\n<meta property=\"article:published_time\" content=\"2021-09-10T09:01:00+00:00\" \/>\n<meta property=\"article:modified_time\" content=\"2021-09-10T14:01:15+00:00\" \/>\n<meta property=\"og:image\" content=\"https:\/\/www.padreeustaquio.com.br\/wp-content\/uploads\/2021\/09\/posto-dinheiro-acao.jpg\" \/>\n\t<meta property=\"og:image:width\" content=\"748\" \/>\n\t<meta property=\"og:image:height\" content=\"394\" \/>\n\t<meta property=\"og:image:type\" content=\"image\/jpeg\" \/>\n<meta name=\"author\" content=\"@sscc\" \/>\n<meta name=\"twitter:card\" content=\"summary_large_image\" \/>\n<meta name=\"twitter:creator\" content=\"@beatopeustaquio\" \/>\n<meta name=\"twitter:site\" content=\"@beatopeustaquio\" \/>\n<meta name=\"twitter:label1\" content=\"Escrito por\" \/>\n\t<meta name=\"twitter:data1\" content=\"@sscc\" \/>\n\t<meta name=\"twitter:label2\" content=\"Tiempo de lectura\" \/>\n\t<meta name=\"twitter:data2\" content=\"2 minutos\" \/>\n<script type=\"application\/ld+json\" class=\"yoast-schema-graph\">{\"@context\":\"https:\/\/schema.org\",\"@graph\":[{\"@type\":\"Article\",\"@id\":\"https:\/\/www.padreeustaquio.com.br\/lave-seu-carro-e-ajude-a-acao-social-padre-eustaquio\/#article\",\"isPartOf\":{\"@id\":\"https:\/\/www.padreeustaquio.com.br\/lave-seu-carro-e-ajude-a-acao-social-padre-eustaquio\/\"},\"author\":{\"name\":\"@sscc\",\"@id\":\"https:\/\/www.padreeustaquio.com.br\/#\/schema\/person\/a2a51db1d00f1a7af0204a0f1ddb1566\"},\"headline\":\"Lave seu carro e ajude a A\u00e7\u00e3o Social Padre Eust\u00e1quio\",\"datePublished\":\"2021-09-10T09:01:00+00:00\",\"dateModified\":\"2021-09-10T14:01:15+00:00\",\"mainEntityOfPage\":{\"@id\":\"https:\/\/www.padreeustaquio.com.br\/lave-seu-carro-e-ajude-a-acao-social-padre-eustaquio\/\"},\"wordCount\":285,\"commentCount\":0,\"publisher\":{\"@id\":\"https:\/\/www.padreeustaquio.com.br\/#organization\"},\"image\":{\"@id\":\"https:\/\/www.padreeustaquio.com.br\/lave-seu-carro-e-ajude-a-acao-social-padre-eustaquio\/#primaryimage\"},\"thumbnailUrl\":\"https:\/\/www.padreeustaquio.com.br\/wp-content\/uploads\/2021\/09\/posto-dinheiro-acao.jpg\",\"articleSection\":[\"Not\u00edcias\"],\"inLanguage\":\"es\",\"potentialAction\":[{\"@type\":\"CommentAction\",\"name\":\"Comment\",\"target\":[\"https:\/\/www.padreeustaquio.com.br\/lave-seu-carro-e-ajude-a-acao-social-padre-eustaquio\/#respond\"]}]},{\"@type\":\"WebPage\",\"@id\":\"https:\/\/www.padreeustaquio.com.br\/lave-seu-carro-e-ajude-a-acao-social-padre-eustaquio\/\",\"url\":\"https:\/\/www.padreeustaquio.com.br\/lave-seu-carro-e-ajude-a-acao-social-padre-eustaquio\/\",\"name\":\"Lave seu carro e ajude a A\u00e7\u00e3o Social Padre Eust\u00e1quio\",\"isPartOf\":{\"@id\":\"https:\/\/www.padreeustaquio.com.br\/#website\"},\"primaryImageOfPage\":{\"@id\":\"https:\/\/www.padreeustaquio.com.br\/lave-seu-carro-e-ajude-a-acao-social-padre-eustaquio\/#primaryimage\"},\"image\":{\"@id\":\"https:\/\/www.padreeustaquio.com.br\/lave-seu-carro-e-ajude-a-acao-social-padre-eustaquio\/#primaryimage\"},\"thumbnailUrl\":\"https:\/\/www.padreeustaquio.com.br\/wp-content\/uploads\/2021\/09\/posto-dinheiro-acao.jpg\",\"datePublished\":\"2021-09-10T09:01:00+00:00\",\"dateModified\":\"2021-09-10T14:01:15+00:00\",\"description\":\"Uma fam\u00edlia muito devota de Padre Eust\u00e1quio vai repassar toda a renda das lava\u00e7\u00f5es de autom\u00f3veis, feitas no dia 12 de cada m\u00eas, no posto de combust\u00edveis deles para as obras sociais do Santu\u00e1rio. Saiba onde fica o posto e ajude tamb\u00e9m!\",\"breadcrumb\":{\"@id\":\"https:\/\/www.padreeustaquio.com.br\/lave-seu-carro-e-ajude-a-acao-social-padre-eustaquio\/#breadcrumb\"},\"inLanguage\":\"es\",\"potentialAction\":[{\"@type\":\"ReadAction\",\"target\":[\"https:\/\/www.padreeustaquio.com.br\/lave-seu-carro-e-ajude-a-acao-social-padre-eustaquio\/\"]}]},{\"@type\":\"ImageObject\",\"inLanguage\":\"es\",\"@id\":\"https:\/\/www.padreeustaquio.com.br\/lave-seu-carro-e-ajude-a-acao-social-padre-eustaquio\/#primaryimage\",\"url\":\"https:\/\/www.padreeustaquio.com.br\/wp-content\/uploads\/2021\/09\/posto-dinheiro-acao.jpg\",\"contentUrl\":\"https:\/\/www.padreeustaquio.com.br\/wp-content\/uploads\/2021\/09\/posto-dinheiro-acao.jpg\",\"width\":748,\"height\":394},{\"@type\":\"BreadcrumbList\",\"@id\":\"https:\/\/www.padreeustaquio.com.br\/lave-seu-carro-e-ajude-a-acao-social-padre-eustaquio\/#breadcrumb\",\"itemListElement\":[{\"@type\":\"ListItem\",\"position\":1,\"name\":\"In\u00edcio\",\"item\":\"https:\/\/www.padreeustaquio.com.br\/\"},{\"@type\":\"ListItem\",\"position\":2,\"name\":\"Lave seu carro e ajude a A\u00e7\u00e3o Social Padre Eust\u00e1quio\"}]},{\"@type\":\"WebSite\",\"@id\":\"https:\/\/www.padreeustaquio.com.br\/#website\",\"url\":\"https:\/\/www.padreeustaquio.com.br\/\",\"name\":\"Padre Eust\u00e1quio\",\"description\":\"Sa\u00fade e Paz\",\"publisher\":{\"@id\":\"https:\/\/www.padreeustaquio.com.br\/#organization\"},\"potentialAction\":[{\"@type\":\"SearchAction\",\"target\":{\"@type\":\"EntryPoint\",\"urlTemplate\":\"https:\/\/www.padreeustaquio.com.br\/?s={search_term_string}\"},\"query-input\":{\"@type\":\"PropertyValueSpecification\",\"valueRequired\":true,\"valueName\":\"search_term_string\"}}],\"inLanguage\":\"es\"},{\"@type\":\"Organization\",\"@id\":\"https:\/\/www.padreeustaquio.com.br\/#organization\",\"name\":\"Padre Eust\u00e1quio\",\"url\":\"https:\/\/www.padreeustaquio.com.br\/\",\"logo\":{\"@type\":\"ImageObject\",\"inLanguage\":\"es\",\"@id\":\"https:\/\/www.padreeustaquio.com.br\/#\/schema\/logo\/image\/\",\"url\":\"https:\/\/www.padreeustaquio.com.br\/wp-content\/uploads\/2019\/08\/marca.png\",\"contentUrl\":\"https:\/\/www.padreeustaquio.com.br\/wp-content\/uploads\/2019\/08\/marca.png\",\"width\":350,\"height\":400,\"caption\":\"Padre Eust\u00e1quio\"},\"image\":{\"@id\":\"https:\/\/www.padreeustaquio.com.br\/#\/schema\/logo\/image\/\"},\"sameAs\":[\"https:\/\/www.facebook.com\/beatopadreeustaquio\/\",\"https:\/\/x.com\/beatopeustaquio\",\"https:\/\/www.instagram.com\/beatopadreeustaquio\/\",\"https:\/\/www.youtube.com\/channel\/UCRhw7vfabnajwLxb1ZXMeIw\"]},{\"@type\":\"Person\",\"@id\":\"https:\/\/www.padreeustaquio.com.br\/#\/schema\/person\/a2a51db1d00f1a7af0204a0f1ddb1566\",\"name\":\"@sscc\",\"image\":{\"@type\":\"ImageObject\",\"inLanguage\":\"es\",\"@id\":\"https:\/\/secure.gravatar.com\/avatar\/68cfafa5f44617fea54071e215026e0ff06be366c3d54a8425f04fdcb86f8c5f?s=96&d=mm&r=g\",\"url\":\"https:\/\/secure.gravatar.com\/avatar\/68cfafa5f44617fea54071e215026e0ff06be366c3d54a8425f04fdcb86f8c5f?s=96&d=mm&r=g\",\"contentUrl\":\"https:\/\/secure.gravatar.com\/avatar\/68cfafa5f44617fea54071e215026e0ff06be366c3d54a8425f04fdcb86f8c5f?s=96&d=mm&r=g\",\"caption\":\"@sscc\"},\"url\":\"https:\/\/www.padreeustaquio.com.br\/es\/author\/sscc\/\"}]}<\/script>\n<!-- \/ Yoast SEO plugin. -->","yoast_head_json":{"title":"Lava tu auto y ayuda a la Acci\u00f3n Social Padre Eust\u00e1quio.","description":"Una familia muy devota del Padre Eust\u00e1quio donar\u00e1 todas las ganancias de los lavados de autos, que se realizan el 12 de cada mes en su gasolinera, a las obras sociales del Santuario. \u00a1Descubre d\u00f3nde est\u00e1 la gasolinera y colabora!","robots":{"index":"index","follow":"follow","max-snippet":"max-snippet:-1","max-image-preview":"max-image-preview:large","max-video-preview":"max-video-preview:-1"},"canonical":"https:\/\/www.padreeustaquio.com.br\/es\/lava-tu-auto-y-ayuda-al-proyecto-de-accion-social-padre-eustaquio\/","og_locale":"es_ES","og_type":"article","og_title":"Lave seu carro e ajude a A\u00e7\u00e3o Social Padre Eust\u00e1quio","og_description":"Uma fam\u00edlia muito devota de Padre Eust\u00e1quio vai repassar toda a renda das lava\u00e7\u00f5es de autom\u00f3veis, feitas no dia 12 de cada m\u00eas, no posto de combust\u00edveis deles para as obras sociais do Santu\u00e1rio. Saiba onde fica o posto e ajude tamb\u00e9m!","og_url":"https:\/\/www.padreeustaquio.com.br\/es\/lava-tu-auto-y-ayuda-al-proyecto-de-accion-social-padre-eustaquio\/","og_site_name":"Padre Eust\u00e1quio","article_publisher":"https:\/\/www.facebook.com\/beatopadreeustaquio\/","article_published_time":"2021-09-10T09:01:00+00:00","article_modified_time":"2021-09-10T14:01:15+00:00","og_image":[{"width":748,"height":394,"url":"https:\/\/www.padreeustaquio.com.br\/wp-content\/uploads\/2021\/09\/posto-dinheiro-acao.jpg","type":"image\/jpeg"}],"author":"@sscc","twitter_card":"summary_large_image","twitter_creator":"@beatopeustaquio","twitter_site":"@beatopeustaquio","twitter_misc":{"Escrito por":"@sscc","Tiempo de lectura":"2 minutos"},"schema":{"@context":"https:\/\/schema.org","@graph":[{"@type":"Article","@id":"https:\/\/www.padreeustaquio.com.br\/lave-seu-carro-e-ajude-a-acao-social-padre-eustaquio\/#article","isPartOf":{"@id":"https:\/\/www.padreeustaquio.com.br\/lave-seu-carro-e-ajude-a-acao-social-padre-eustaquio\/"},"author":{"name":"@sscc","@id":"https:\/\/www.padreeustaquio.com.br\/#\/schema\/person\/a2a51db1d00f1a7af0204a0f1ddb1566"},"headline":"Lave seu carro e ajude a A\u00e7\u00e3o Social Padre Eust\u00e1quio","datePublished":"2021-09-10T09:01:00+00:00","dateModified":"2021-09-10T14:01:15+00:00","mainEntityOfPage":{"@id":"https:\/\/www.padreeustaquio.com.br\/lave-seu-carro-e-ajude-a-acao-social-padre-eustaquio\/"},"wordCount":285,"commentCount":0,"publisher":{"@id":"https:\/\/www.padreeustaquio.com.br\/#organization"},"image":{"@id":"https:\/\/www.padreeustaquio.com.br\/lave-seu-carro-e-ajude-a-acao-social-padre-eustaquio\/#primaryimage"},"thumbnailUrl":"https:\/\/www.padreeustaquio.com.br\/wp-content\/uploads\/2021\/09\/posto-dinheiro-acao.jpg","articleSection":["Not\u00edcias"],"inLanguage":"es","potentialAction":[{"@type":"CommentAction","name":"Comment","target":["https:\/\/www.padreeustaquio.com.br\/lave-seu-carro-e-ajude-a-acao-social-padre-eustaquio\/#respond"]}]},{"@type":"WebPage","@id":"https:\/\/www.padreeustaquio.com.br\/lave-seu-carro-e-ajude-a-acao-social-padre-eustaquio\/","url":"https:\/\/www.padreeustaquio.com.br\/lave-seu-carro-e-ajude-a-acao-social-padre-eustaquio\/","name":"Lava tu auto y ayuda a la Acci\u00f3n Social Padre Eust\u00e1quio.","isPartOf":{"@id":"https:\/\/www.padreeustaquio.com.br\/#website"},"primaryImageOfPage":{"@id":"https:\/\/www.padreeustaquio.com.br\/lave-seu-carro-e-ajude-a-acao-social-padre-eustaquio\/#primaryimage"},"image":{"@id":"https:\/\/www.padreeustaquio.com.br\/lave-seu-carro-e-ajude-a-acao-social-padre-eustaquio\/#primaryimage"},"thumbnailUrl":"https:\/\/www.padreeustaquio.com.br\/wp-content\/uploads\/2021\/09\/posto-dinheiro-acao.jpg","datePublished":"2021-09-10T09:01:00+00:00","dateModified":"2021-09-10T14:01:15+00:00","description":"Una familia muy devota del Padre Eust\u00e1quio donar\u00e1 todas las ganancias de los lavados de autos, que se realizan el 12 de cada mes en su gasolinera, a las obras sociales del Santuario. \u00a1Descubre d\u00f3nde est\u00e1 la gasolinera y colabora!","breadcrumb":{"@id":"https:\/\/www.padreeustaquio.com.br\/lave-seu-carro-e-ajude-a-acao-social-padre-eustaquio\/#breadcrumb"},"inLanguage":"es","potentialAction":[{"@type":"ReadAction","target":["https:\/\/www.padreeustaquio.com.br\/lave-seu-carro-e-ajude-a-acao-social-padre-eustaquio\/"]}]},{"@type":"ImageObject","inLanguage":"es","@id":"https:\/\/www.padreeustaquio.com.br\/lave-seu-carro-e-ajude-a-acao-social-padre-eustaquio\/#primaryimage","url":"https:\/\/www.padreeustaquio.com.br\/wp-content\/uploads\/2021\/09\/posto-dinheiro-acao.jpg","contentUrl":"https:\/\/www.padreeustaquio.com.br\/wp-content\/uploads\/2021\/09\/posto-dinheiro-acao.jpg","width":748,"height":394},{"@type":"BreadcrumbList","@id":"https:\/\/www.padreeustaquio.com.br\/lave-seu-carro-e-ajude-a-acao-social-padre-eustaquio\/#breadcrumb","itemListElement":[{"@type":"ListItem","position":1,"name":"In\u00edcio","item":"https:\/\/www.padreeustaquio.com.br\/"},{"@type":"ListItem","position":2,"name":"Lave seu carro e ajude a A\u00e7\u00e3o Social Padre Eust\u00e1quio"}]},{"@type":"WebSite","@id":"https:\/\/www.padreeustaquio.com.br\/#website","url":"https:\/\/www.padreeustaquio.com.br\/","name":"Padre Eustace","description":"Salud y Paz","publisher":{"@id":"https:\/\/www.padreeustaquio.com.br\/#organization"},"potentialAction":[{"@type":"SearchAction","target":{"@type":"EntryPoint","urlTemplate":"https:\/\/www.padreeustaquio.com.br\/?s={search_term_string}"},"query-input":{"@type":"PropertyValueSpecification","valueRequired":true,"valueName":"search_term_string"}}],"inLanguage":"es"},{"@type":"Organization","@id":"https:\/\/www.padreeustaquio.com.br\/#organization","name":"Padre Eustace","url":"https:\/\/www.padreeustaquio.com.br\/","logo":{"@type":"ImageObject","inLanguage":"es","@id":"https:\/\/www.padreeustaquio.com.br\/#\/schema\/logo\/image\/","url":"https:\/\/www.padreeustaquio.com.br\/wp-content\/uploads\/2019\/08\/marca.png","contentUrl":"https:\/\/www.padreeustaquio.com.br\/wp-content\/uploads\/2019\/08\/marca.png","width":350,"height":400,"caption":"Padre Eust\u00e1quio"},"image":{"@id":"https:\/\/www.padreeustaquio.com.br\/#\/schema\/logo\/image\/"},"sameAs":["https:\/\/www.facebook.com\/beatopadreeustaquio\/","https:\/\/x.com\/beatopeustaquio","https:\/\/www.instagram.com\/beatopadreeustaquio\/","https:\/\/www.youtube.com\/channel\/UCRhw7vfabnajwLxb1ZXMeIw"]},{"@type":"Person","@id":"https:\/\/www.padreeustaquio.com.br\/#\/schema\/person\/a2a51db1d00f1a7af0204a0f1ddb1566","name":"@sscc","image":{"@type":"ImageObject","inLanguage":"es","@id":"https:\/\/secure.gravatar.com\/avatar\/68cfafa5f44617fea54071e215026e0ff06be366c3d54a8425f04fdcb86f8c5f?s=96&d=mm&r=g","url":"https:\/\/secure.gravatar.com\/avatar\/68cfafa5f44617fea54071e215026e0ff06be366c3d54a8425f04fdcb86f8c5f?s=96&d=mm&r=g","contentUrl":"https:\/\/secure.gravatar.com\/avatar\/68cfafa5f44617fea54071e215026e0ff06be366c3d54a8425f04fdcb86f8c5f?s=96&d=mm&r=g","caption":"@sscc"},"url":"https:\/\/www.padreeustaquio.com.br\/es\/author\/sscc\/"}]}},"_links":{"self":[{"href":"https:\/\/www.padreeustaquio.com.br\/es\/wp-json\/wp\/v2\/posts\/6909","targetHints":{"allow":["GET"]}}],"collection":[{"href":"https:\/\/www.padreeustaquio.com.br\/es\/wp-json\/wp\/v2\/posts"}],"about":[{"href":"https:\/\/www.padreeustaquio.com.br\/es\/wp-json\/wp\/v2\/types\/post"}],"author":[{"embeddable":true,"href":"https:\/\/www.padreeustaquio.com.br\/es\/wp-json\/wp\/v2\/users\/2"}],"replies":[{"embeddable":true,"href":"https:\/\/www.padreeustaquio.com.br\/es\/wp-json\/wp\/v2\/comments?post=6909"}],"version-history":[{"count":0,"href":"https:\/\/www.padreeustaquio.com.br\/es\/wp-json\/wp\/v2\/posts\/6909\/revisions"}],"wp:featuredmedia":[{"embeddable":true,"href":"https:\/\/www.padreeustaquio.com.br\/es\/wp-json\/wp\/v2\/media\/6914"}],"wp:attachment":[{"href":"https:\/\/www.padreeustaquio.com.br\/es\/wp-json\/wp\/v2\/media?parent=6909"}],"wp:term":[{"taxonomy":"category","embeddable":true,"href":"https:\/\/www.padreeustaquio.com.br\/es\/wp-json\/wp\/v2\/categories?post=6909"},{"taxonomy":"post_tag","embeddable":true,"href":"https:\/\/www.padreeustaquio.com.br\/es\/wp-json\/wp\/v2\/tags?post=6909"}],"curies":[{"name":"wp","href":"https:\/\/api.w.org\/{rel}","templated":true}]}}