{"id":6896,"date":"2021-09-06T06:01:00","date_gmt":"2021-09-06T09:01:00","guid":{"rendered":"https:\/\/www.padreeustaquio.com.br\/?p=6896"},"modified":"2021-09-05T20:37:27","modified_gmt":"2021-09-05T23:37:27","slug":"diacono-edvaldo-carneiro-ss-cc-ordenado-en-sao-paulo","status":"publish","type":"post","link":"https:\/\/www.padreeustaquio.com.br\/es\/diacono-edvaldo-carneiro-ss-cc-ordenado-en-sao-paulo\/","title":{"rendered":"Ceremonia en S\u00e3o Paulo marca la ordenaci\u00f3n diaconal del hermano Edvaldo"},"content":{"rendered":"<p>El hermano Edvaldo Carneiro, ss.cc, fue ordenado di\u00e1cono de la Iglesia el pasado s\u00e1bado 4 de septiembre en la parroquia de San Em\u00eddio, en Vila Prudente, S\u00e3o Paulo-SP. La ceremonia fue presidida por el obispo auxiliar de la Arquidi\u00f3cesis de S\u00e3o Paulo, Dom Luiz Carlos Dias.<\/p>\n\n\n\n<p>Adem\u00e1s de sacerdotes y hermanos de la Congregaci\u00f3n, a la celebraci\u00f3n asistieron en persona familiares y amigos del nuevo di\u00e1cono. Adem\u00e1s de los compatriotas de Edvaldo, muchas personas de comunidades lejanas tambi\u00e9n estuvieron presentes en la iglesia de S\u00e3o Paulo.<\/p>\n\n\n\n<p>En su homil\u00eda, el obispo Luiz se dirigi\u00f3 directamente al entonces candidato a di\u00e1cono, brind\u00e1ndole consejos y orientaci\u00f3n para la vida diaconal que vivir\u00e1 de ahora en adelante. Inmediatamente despu\u00e9s, el obispo procedi\u00f3 a los ritos propios de la ordenaci\u00f3n, imponi\u00e9ndole las manos. El hermano Antoniel Santos y el padre Paulo Dekker le impusieron las vestimentas (estola y dalm\u00e1tica diaconales), seguidos por la Sra. Laura Carneiro, madre del nuevo di\u00e1cono, quien lo felicit\u00f3 y le dio un c\u00e1lido abrazo.<\/p>\n\n\n\n<p>La ordenaci\u00f3n fue transmitida por los canales de redes sociales de la parroquia San Emidio. <a href=\"https:\/\/www.facebook.com\/igrejasantoemidio\" target=\"_blank\" rel=\"noreferrer noopener\">@igrejasantoemidio<\/a>\u00a0en Facebook y\u00a0<a href=\"https:\/\/www.youtube.com\/channel\/UCRylaLrWokqhgsWMbKvMClg\" target=\"_blank\" rel=\"noreferrer noopener\">Parroquia de San Emidio<\/a>, en YouTube, adem\u00e1s de <a href=\"https:\/\/www.youtube.com\/watch?v=CW9p9W1rngY\" target=\"_blank\" rel=\"noreferrer noopener\">Canal Padre Eust\u00e1quio (rese\u00f1a aqu\u00ed).<\/a><\/p>\n\n\n\n<p>El hermano Edvaldo Carneiro, ss.cc., naci\u00f3 en Suzano el 15 de septiembre de 1987. Hijo de Ant\u00f4nio Alves Carneiro (fallecido) y de Laura da Silva Carneiro. Creci\u00f3 en la ciudad de Ferraz de Vasconcelos, SP. En 2013 ingres\u00f3 a la Congregaci\u00f3n de los Sagrados Corazones de Jes\u00fas y Mar\u00eda. Complet\u00f3 su noviciado en 2016 en Chaclacayo (Per\u00fa) y profes\u00f3 sus primeros votos el 29 de enero de 2017, en la Parroquia Santo Em\u00eddio, Vila Prudente.<\/p>\n\n\n\n<p>Comenz\u00f3 sus estudios teol\u00f3gicos en la PUC de Chile y en 2018 ingres\u00f3 al juniorado en Belo Horizonte, MG, donde complet\u00f3 su licenciatura en Teolog\u00eda en la Facultad de Filosof\u00eda y Teolog\u00eda de la Compa\u00f1\u00eda de Jes\u00fas en 2020. Hizo su Profesi\u00f3n Perpetua el 17 de enero de 2021 en el Santuario de la Salud y la Paz de Belo Horizonte. En febrero, fue asignado a la Comunidad de Santo Em\u00eddio en Vila Prudente.<\/p>\n\n\n\n<p><\/p>\n\n\n\n<p><\/p>","protected":false},"excerpt":{"rendered":"<p>O Irm\u00e3o Edvaldo Carneiro, ss.cc foi ordenado Di\u00e1cono da Igreja, no \u00faltimo s\u00e1bado, dia 4 de setembro, na Par\u00f3quia de Santo Em\u00eddio, na Vila Prudente em S\u00e3o Paulo-SP. A cerim\u00f4nia foi presidida pelo bispo auxiliar da Arquidiocese paulista, Dom Luiz Carlos Dias. Al\u00e9m de padres e irm\u00e3os de Congrega\u00e7\u00e3o, a celebra\u00e7\u00e3o foi acompanhada presencialmente por parentes e amigos do novo Di\u00e1cono. Al\u00e9m dos conterr\u00e2neos de Edvaldo, muitas pessoas, de comunidades distantes tamb\u00e9m estiveram presentes no templo em S\u00e3o Paulo. Em sua homilia, Dom Luiz falou diretamente ao ent\u00e3o candidato a di\u00e1cono, dando lhe conselhos e dire\u00e7\u00f5es para a vida diaconal [&hellip;]<\/p>\n","protected":false},"author":2,"featured_media":6897,"comment_status":"open","ping_status":"closed","sticky":false,"template":"","format":"standard","meta":{"_acf_changed":false,"footnotes":""},"categories":[611],"tags":[],"class_list":["post-6896","post","type-post","status-publish","format-standard","has-post-thumbnail","hentry","category-noticias"],"acf":[],"yoast_head":"<!-- This site is optimized with the Yoast SEO plugin v27.2 - https:\/\/yoast.com\/product\/yoast-seo-wordpress\/ -->\n<title>Cerim\u00f4nia em S\u00e3o Paulo marca Ordena\u00e7\u00e3o Diaconal do irm\u00e3o Edvaldo<\/title>\n<meta name=\"description\" content=\"A cerim\u00f4nia aconteceu no \u00faltimo s\u00e1bado, dia 4 de setembro, na Par\u00f3quia de Santo Em\u00eddio, em S\u00e3o Paulo-SP e foi presidida pelo bispo auxiliar da arquidiocese paulista, Dom Luiz Carlos Dias.\" \/>\n<meta name=\"robots\" content=\"index, follow, max-snippet:-1, max-image-preview:large, max-video-preview:-1\" \/>\n<link rel=\"canonical\" href=\"https:\/\/www.padreeustaquio.com.br\/es\/diacono-edvaldo-carneiro-ss-cc-ordenado-en-sao-paulo\/\" \/>\n<meta property=\"og:locale\" content=\"es_ES\" \/>\n<meta property=\"og:type\" content=\"article\" \/>\n<meta property=\"og:title\" content=\"Cerim\u00f4nia em S\u00e3o Paulo marca Ordena\u00e7\u00e3o Diaconal do irm\u00e3o Edvaldo\" \/>\n<meta property=\"og:description\" content=\"A cerim\u00f4nia aconteceu no \u00faltimo s\u00e1bado, dia 4 de setembro, na Par\u00f3quia de Santo Em\u00eddio, em S\u00e3o Paulo-SP e foi presidida pelo bispo auxiliar da arquidiocese paulista, Dom Luiz Carlos Dias.\" \/>\n<meta property=\"og:url\" content=\"https:\/\/www.padreeustaquio.com.br\/es\/diacono-edvaldo-carneiro-ss-cc-ordenado-en-sao-paulo\/\" \/>\n<meta property=\"og:site_name\" content=\"Padre Eust\u00e1quio\" \/>\n<meta property=\"article:publisher\" content=\"https:\/\/www.facebook.com\/beatopadreeustaquio\/\" \/>\n<meta property=\"article:published_time\" content=\"2021-09-06T09:01:00+00:00\" \/>\n<meta property=\"og:image\" content=\"https:\/\/www.padreeustaquio.com.br\/wp-content\/uploads\/2021\/09\/diacono-edvaldo.jpg\" \/>\n\t<meta property=\"og:image:width\" content=\"748\" \/>\n\t<meta property=\"og:image:height\" content=\"394\" \/>\n\t<meta property=\"og:image:type\" content=\"image\/jpeg\" \/>\n<meta name=\"author\" content=\"@sscc\" \/>\n<meta name=\"twitter:card\" content=\"summary_large_image\" \/>\n<meta name=\"twitter:creator\" content=\"@beatopeustaquio\" \/>\n<meta name=\"twitter:site\" content=\"@beatopeustaquio\" \/>\n<meta name=\"twitter:label1\" content=\"Escrito por\" \/>\n\t<meta name=\"twitter:data1\" content=\"@sscc\" \/>\n\t<meta name=\"twitter:label2\" content=\"Tiempo de lectura\" \/>\n\t<meta name=\"twitter:data2\" content=\"2 minutos\" \/>\n<script type=\"application\/ld+json\" class=\"yoast-schema-graph\">{\"@context\":\"https:\/\/schema.org\",\"@graph\":[{\"@type\":\"Article\",\"@id\":\"https:\/\/www.padreeustaquio.com.br\/diacono-edvaldo-carneiro-ss-cc-e-ordenado-em-sao-paulo\/#article\",\"isPartOf\":{\"@id\":\"https:\/\/www.padreeustaquio.com.br\/diacono-edvaldo-carneiro-ss-cc-e-ordenado-em-sao-paulo\/\"},\"author\":{\"name\":\"@sscc\",\"@id\":\"https:\/\/www.padreeustaquio.com.br\/#\/schema\/person\/a2a51db1d00f1a7af0204a0f1ddb1566\"},\"headline\":\"Cerim\u00f4nia em S\u00e3o Paulo marca Ordena\u00e7\u00e3o Diaconal do irm\u00e3o Edvaldo\",\"datePublished\":\"2021-09-06T09:01:00+00:00\",\"mainEntityOfPage\":{\"@id\":\"https:\/\/www.padreeustaquio.com.br\/diacono-edvaldo-carneiro-ss-cc-e-ordenado-em-sao-paulo\/\"},\"wordCount\":374,\"commentCount\":0,\"publisher\":{\"@id\":\"https:\/\/www.padreeustaquio.com.br\/#organization\"},\"image\":{\"@id\":\"https:\/\/www.padreeustaquio.com.br\/diacono-edvaldo-carneiro-ss-cc-e-ordenado-em-sao-paulo\/#primaryimage\"},\"thumbnailUrl\":\"https:\/\/www.padreeustaquio.com.br\/wp-content\/uploads\/2021\/09\/diacono-edvaldo.jpg\",\"articleSection\":[\"Not\u00edcias\"],\"inLanguage\":\"es\",\"potentialAction\":[{\"@type\":\"CommentAction\",\"name\":\"Comment\",\"target\":[\"https:\/\/www.padreeustaquio.com.br\/diacono-edvaldo-carneiro-ss-cc-e-ordenado-em-sao-paulo\/#respond\"]}]},{\"@type\":\"WebPage\",\"@id\":\"https:\/\/www.padreeustaquio.com.br\/diacono-edvaldo-carneiro-ss-cc-e-ordenado-em-sao-paulo\/\",\"url\":\"https:\/\/www.padreeustaquio.com.br\/diacono-edvaldo-carneiro-ss-cc-e-ordenado-em-sao-paulo\/\",\"name\":\"Cerim\u00f4nia em S\u00e3o Paulo marca Ordena\u00e7\u00e3o Diaconal do irm\u00e3o Edvaldo\",\"isPartOf\":{\"@id\":\"https:\/\/www.padreeustaquio.com.br\/#website\"},\"primaryImageOfPage\":{\"@id\":\"https:\/\/www.padreeustaquio.com.br\/diacono-edvaldo-carneiro-ss-cc-e-ordenado-em-sao-paulo\/#primaryimage\"},\"image\":{\"@id\":\"https:\/\/www.padreeustaquio.com.br\/diacono-edvaldo-carneiro-ss-cc-e-ordenado-em-sao-paulo\/#primaryimage\"},\"thumbnailUrl\":\"https:\/\/www.padreeustaquio.com.br\/wp-content\/uploads\/2021\/09\/diacono-edvaldo.jpg\",\"datePublished\":\"2021-09-06T09:01:00+00:00\",\"description\":\"A cerim\u00f4nia aconteceu no \u00faltimo s\u00e1bado, dia 4 de setembro, na Par\u00f3quia de Santo Em\u00eddio, em S\u00e3o Paulo-SP e foi presidida pelo bispo auxiliar da arquidiocese paulista, Dom Luiz Carlos Dias.\",\"breadcrumb\":{\"@id\":\"https:\/\/www.padreeustaquio.com.br\/diacono-edvaldo-carneiro-ss-cc-e-ordenado-em-sao-paulo\/#breadcrumb\"},\"inLanguage\":\"es\",\"potentialAction\":[{\"@type\":\"ReadAction\",\"target\":[\"https:\/\/www.padreeustaquio.com.br\/diacono-edvaldo-carneiro-ss-cc-e-ordenado-em-sao-paulo\/\"]}]},{\"@type\":\"ImageObject\",\"inLanguage\":\"es\",\"@id\":\"https:\/\/www.padreeustaquio.com.br\/diacono-edvaldo-carneiro-ss-cc-e-ordenado-em-sao-paulo\/#primaryimage\",\"url\":\"https:\/\/www.padreeustaquio.com.br\/wp-content\/uploads\/2021\/09\/diacono-edvaldo.jpg\",\"contentUrl\":\"https:\/\/www.padreeustaquio.com.br\/wp-content\/uploads\/2021\/09\/diacono-edvaldo.jpg\",\"width\":748,\"height\":394},{\"@type\":\"BreadcrumbList\",\"@id\":\"https:\/\/www.padreeustaquio.com.br\/diacono-edvaldo-carneiro-ss-cc-e-ordenado-em-sao-paulo\/#breadcrumb\",\"itemListElement\":[{\"@type\":\"ListItem\",\"position\":1,\"name\":\"In\u00edcio\",\"item\":\"https:\/\/www.padreeustaquio.com.br\/\"},{\"@type\":\"ListItem\",\"position\":2,\"name\":\"Cerim\u00f4nia em S\u00e3o Paulo marca Ordena\u00e7\u00e3o Diaconal do irm\u00e3o Edvaldo\"}]},{\"@type\":\"WebSite\",\"@id\":\"https:\/\/www.padreeustaquio.com.br\/#website\",\"url\":\"https:\/\/www.padreeustaquio.com.br\/\",\"name\":\"Padre Eust\u00e1quio\",\"description\":\"Sa\u00fade e Paz\",\"publisher\":{\"@id\":\"https:\/\/www.padreeustaquio.com.br\/#organization\"},\"potentialAction\":[{\"@type\":\"SearchAction\",\"target\":{\"@type\":\"EntryPoint\",\"urlTemplate\":\"https:\/\/www.padreeustaquio.com.br\/?s={search_term_string}\"},\"query-input\":{\"@type\":\"PropertyValueSpecification\",\"valueRequired\":true,\"valueName\":\"search_term_string\"}}],\"inLanguage\":\"es\"},{\"@type\":\"Organization\",\"@id\":\"https:\/\/www.padreeustaquio.com.br\/#organization\",\"name\":\"Padre Eust\u00e1quio\",\"url\":\"https:\/\/www.padreeustaquio.com.br\/\",\"logo\":{\"@type\":\"ImageObject\",\"inLanguage\":\"es\",\"@id\":\"https:\/\/www.padreeustaquio.com.br\/#\/schema\/logo\/image\/\",\"url\":\"https:\/\/www.padreeustaquio.com.br\/wp-content\/uploads\/2019\/08\/marca.png\",\"contentUrl\":\"https:\/\/www.padreeustaquio.com.br\/wp-content\/uploads\/2019\/08\/marca.png\",\"width\":350,\"height\":400,\"caption\":\"Padre Eust\u00e1quio\"},\"image\":{\"@id\":\"https:\/\/www.padreeustaquio.com.br\/#\/schema\/logo\/image\/\"},\"sameAs\":[\"https:\/\/www.facebook.com\/beatopadreeustaquio\/\",\"https:\/\/x.com\/beatopeustaquio\",\"https:\/\/www.instagram.com\/beatopadreeustaquio\/\",\"https:\/\/www.youtube.com\/channel\/UCRhw7vfabnajwLxb1ZXMeIw\"]},{\"@type\":\"Person\",\"@id\":\"https:\/\/www.padreeustaquio.com.br\/#\/schema\/person\/a2a51db1d00f1a7af0204a0f1ddb1566\",\"name\":\"@sscc\",\"image\":{\"@type\":\"ImageObject\",\"inLanguage\":\"es\",\"@id\":\"https:\/\/secure.gravatar.com\/avatar\/68cfafa5f44617fea54071e215026e0ff06be366c3d54a8425f04fdcb86f8c5f?s=96&d=mm&r=g\",\"url\":\"https:\/\/secure.gravatar.com\/avatar\/68cfafa5f44617fea54071e215026e0ff06be366c3d54a8425f04fdcb86f8c5f?s=96&d=mm&r=g\",\"contentUrl\":\"https:\/\/secure.gravatar.com\/avatar\/68cfafa5f44617fea54071e215026e0ff06be366c3d54a8425f04fdcb86f8c5f?s=96&d=mm&r=g\",\"caption\":\"@sscc\"},\"url\":\"https:\/\/www.padreeustaquio.com.br\/es\/author\/sscc\/\"}]}<\/script>\n<!-- \/ Yoast SEO plugin. -->","yoast_head_json":{"title":"Ceremonia en S\u00e3o Paulo marca la ordenaci\u00f3n diaconal del hermano Edvaldo","description":"La ceremonia tuvo lugar el pasado s\u00e1bado, 4 de septiembre, en la Parroquia de San Em\u00eddio en S\u00e3o Paulo-SP y fue presidida por el obispo auxiliar de la archidi\u00f3cesis de S\u00e3o Paulo, Dom Luiz Carlos Dias.","robots":{"index":"index","follow":"follow","max-snippet":"max-snippet:-1","max-image-preview":"max-image-preview:large","max-video-preview":"max-video-preview:-1"},"canonical":"https:\/\/www.padreeustaquio.com.br\/es\/diacono-edvaldo-carneiro-ss-cc-ordenado-en-sao-paulo\/","og_locale":"es_ES","og_type":"article","og_title":"Cerim\u00f4nia em S\u00e3o Paulo marca Ordena\u00e7\u00e3o Diaconal do irm\u00e3o Edvaldo","og_description":"A cerim\u00f4nia aconteceu no \u00faltimo s\u00e1bado, dia 4 de setembro, na Par\u00f3quia de Santo Em\u00eddio, em S\u00e3o Paulo-SP e foi presidida pelo bispo auxiliar da arquidiocese paulista, Dom Luiz Carlos Dias.","og_url":"https:\/\/www.padreeustaquio.com.br\/es\/diacono-edvaldo-carneiro-ss-cc-ordenado-en-sao-paulo\/","og_site_name":"Padre Eust\u00e1quio","article_publisher":"https:\/\/www.facebook.com\/beatopadreeustaquio\/","article_published_time":"2021-09-06T09:01:00+00:00","og_image":[{"width":748,"height":394,"url":"https:\/\/www.padreeustaquio.com.br\/wp-content\/uploads\/2021\/09\/diacono-edvaldo.jpg","type":"image\/jpeg"}],"author":"@sscc","twitter_card":"summary_large_image","twitter_creator":"@beatopeustaquio","twitter_site":"@beatopeustaquio","twitter_misc":{"Escrito por":"@sscc","Tiempo de lectura":"2 minutos"},"schema":{"@context":"https:\/\/schema.org","@graph":[{"@type":"Article","@id":"https:\/\/www.padreeustaquio.com.br\/diacono-edvaldo-carneiro-ss-cc-e-ordenado-em-sao-paulo\/#article","isPartOf":{"@id":"https:\/\/www.padreeustaquio.com.br\/diacono-edvaldo-carneiro-ss-cc-e-ordenado-em-sao-paulo\/"},"author":{"name":"@sscc","@id":"https:\/\/www.padreeustaquio.com.br\/#\/schema\/person\/a2a51db1d00f1a7af0204a0f1ddb1566"},"headline":"Cerim\u00f4nia em S\u00e3o Paulo marca Ordena\u00e7\u00e3o Diaconal do irm\u00e3o Edvaldo","datePublished":"2021-09-06T09:01:00+00:00","mainEntityOfPage":{"@id":"https:\/\/www.padreeustaquio.com.br\/diacono-edvaldo-carneiro-ss-cc-e-ordenado-em-sao-paulo\/"},"wordCount":374,"commentCount":0,"publisher":{"@id":"https:\/\/www.padreeustaquio.com.br\/#organization"},"image":{"@id":"https:\/\/www.padreeustaquio.com.br\/diacono-edvaldo-carneiro-ss-cc-e-ordenado-em-sao-paulo\/#primaryimage"},"thumbnailUrl":"https:\/\/www.padreeustaquio.com.br\/wp-content\/uploads\/2021\/09\/diacono-edvaldo.jpg","articleSection":["Not\u00edcias"],"inLanguage":"es","potentialAction":[{"@type":"CommentAction","name":"Comment","target":["https:\/\/www.padreeustaquio.com.br\/diacono-edvaldo-carneiro-ss-cc-e-ordenado-em-sao-paulo\/#respond"]}]},{"@type":"WebPage","@id":"https:\/\/www.padreeustaquio.com.br\/diacono-edvaldo-carneiro-ss-cc-e-ordenado-em-sao-paulo\/","url":"https:\/\/www.padreeustaquio.com.br\/diacono-edvaldo-carneiro-ss-cc-e-ordenado-em-sao-paulo\/","name":"Ceremonia en S\u00e3o Paulo marca la ordenaci\u00f3n diaconal del hermano Edvaldo","isPartOf":{"@id":"https:\/\/www.padreeustaquio.com.br\/#website"},"primaryImageOfPage":{"@id":"https:\/\/www.padreeustaquio.com.br\/diacono-edvaldo-carneiro-ss-cc-e-ordenado-em-sao-paulo\/#primaryimage"},"image":{"@id":"https:\/\/www.padreeustaquio.com.br\/diacono-edvaldo-carneiro-ss-cc-e-ordenado-em-sao-paulo\/#primaryimage"},"thumbnailUrl":"https:\/\/www.padreeustaquio.com.br\/wp-content\/uploads\/2021\/09\/diacono-edvaldo.jpg","datePublished":"2021-09-06T09:01:00+00:00","description":"La ceremonia tuvo lugar el pasado s\u00e1bado, 4 de septiembre, en la Parroquia de San Em\u00eddio en S\u00e3o Paulo-SP y fue presidida por el obispo auxiliar de la archidi\u00f3cesis de S\u00e3o Paulo, Dom Luiz Carlos Dias.","breadcrumb":{"@id":"https:\/\/www.padreeustaquio.com.br\/diacono-edvaldo-carneiro-ss-cc-e-ordenado-em-sao-paulo\/#breadcrumb"},"inLanguage":"es","potentialAction":[{"@type":"ReadAction","target":["https:\/\/www.padreeustaquio.com.br\/diacono-edvaldo-carneiro-ss-cc-e-ordenado-em-sao-paulo\/"]}]},{"@type":"ImageObject","inLanguage":"es","@id":"https:\/\/www.padreeustaquio.com.br\/diacono-edvaldo-carneiro-ss-cc-e-ordenado-em-sao-paulo\/#primaryimage","url":"https:\/\/www.padreeustaquio.com.br\/wp-content\/uploads\/2021\/09\/diacono-edvaldo.jpg","contentUrl":"https:\/\/www.padreeustaquio.com.br\/wp-content\/uploads\/2021\/09\/diacono-edvaldo.jpg","width":748,"height":394},{"@type":"BreadcrumbList","@id":"https:\/\/www.padreeustaquio.com.br\/diacono-edvaldo-carneiro-ss-cc-e-ordenado-em-sao-paulo\/#breadcrumb","itemListElement":[{"@type":"ListItem","position":1,"name":"In\u00edcio","item":"https:\/\/www.padreeustaquio.com.br\/"},{"@type":"ListItem","position":2,"name":"Cerim\u00f4nia em S\u00e3o Paulo marca Ordena\u00e7\u00e3o Diaconal do irm\u00e3o Edvaldo"}]},{"@type":"WebSite","@id":"https:\/\/www.padreeustaquio.com.br\/#website","url":"https:\/\/www.padreeustaquio.com.br\/","name":"Padre Eustace","description":"Salud y Paz","publisher":{"@id":"https:\/\/www.padreeustaquio.com.br\/#organization"},"potentialAction":[{"@type":"SearchAction","target":{"@type":"EntryPoint","urlTemplate":"https:\/\/www.padreeustaquio.com.br\/?s={search_term_string}"},"query-input":{"@type":"PropertyValueSpecification","valueRequired":true,"valueName":"search_term_string"}}],"inLanguage":"es"},{"@type":"Organization","@id":"https:\/\/www.padreeustaquio.com.br\/#organization","name":"Padre Eustace","url":"https:\/\/www.padreeustaquio.com.br\/","logo":{"@type":"ImageObject","inLanguage":"es","@id":"https:\/\/www.padreeustaquio.com.br\/#\/schema\/logo\/image\/","url":"https:\/\/www.padreeustaquio.com.br\/wp-content\/uploads\/2019\/08\/marca.png","contentUrl":"https:\/\/www.padreeustaquio.com.br\/wp-content\/uploads\/2019\/08\/marca.png","width":350,"height":400,"caption":"Padre Eust\u00e1quio"},"image":{"@id":"https:\/\/www.padreeustaquio.com.br\/#\/schema\/logo\/image\/"},"sameAs":["https:\/\/www.facebook.com\/beatopadreeustaquio\/","https:\/\/x.com\/beatopeustaquio","https:\/\/www.instagram.com\/beatopadreeustaquio\/","https:\/\/www.youtube.com\/channel\/UCRhw7vfabnajwLxb1ZXMeIw"]},{"@type":"Person","@id":"https:\/\/www.padreeustaquio.com.br\/#\/schema\/person\/a2a51db1d00f1a7af0204a0f1ddb1566","name":"@sscc","image":{"@type":"ImageObject","inLanguage":"es","@id":"https:\/\/secure.gravatar.com\/avatar\/68cfafa5f44617fea54071e215026e0ff06be366c3d54a8425f04fdcb86f8c5f?s=96&d=mm&r=g","url":"https:\/\/secure.gravatar.com\/avatar\/68cfafa5f44617fea54071e215026e0ff06be366c3d54a8425f04fdcb86f8c5f?s=96&d=mm&r=g","contentUrl":"https:\/\/secure.gravatar.com\/avatar\/68cfafa5f44617fea54071e215026e0ff06be366c3d54a8425f04fdcb86f8c5f?s=96&d=mm&r=g","caption":"@sscc"},"url":"https:\/\/www.padreeustaquio.com.br\/es\/author\/sscc\/"}]}},"_links":{"self":[{"href":"https:\/\/www.padreeustaquio.com.br\/es\/wp-json\/wp\/v2\/posts\/6896","targetHints":{"allow":["GET"]}}],"collection":[{"href":"https:\/\/www.padreeustaquio.com.br\/es\/wp-json\/wp\/v2\/posts"}],"about":[{"href":"https:\/\/www.padreeustaquio.com.br\/es\/wp-json\/wp\/v2\/types\/post"}],"author":[{"embeddable":true,"href":"https:\/\/www.padreeustaquio.com.br\/es\/wp-json\/wp\/v2\/users\/2"}],"replies":[{"embeddable":true,"href":"https:\/\/www.padreeustaquio.com.br\/es\/wp-json\/wp\/v2\/comments?post=6896"}],"version-history":[{"count":0,"href":"https:\/\/www.padreeustaquio.com.br\/es\/wp-json\/wp\/v2\/posts\/6896\/revisions"}],"wp:featuredmedia":[{"embeddable":true,"href":"https:\/\/www.padreeustaquio.com.br\/es\/wp-json\/wp\/v2\/media\/6897"}],"wp:attachment":[{"href":"https:\/\/www.padreeustaquio.com.br\/es\/wp-json\/wp\/v2\/media?parent=6896"}],"wp:term":[{"taxonomy":"category","embeddable":true,"href":"https:\/\/www.padreeustaquio.com.br\/es\/wp-json\/wp\/v2\/categories?post=6896"},{"taxonomy":"post_tag","embeddable":true,"href":"https:\/\/www.padreeustaquio.com.br\/es\/wp-json\/wp\/v2\/tags?post=6896"}],"curies":[{"name":"wp","href":"https:\/\/api.w.org\/{rel}","templated":true}]}}