{"id":6809,"date":"2021-08-30T07:50:36","date_gmt":"2021-08-30T10:50:36","guid":{"rendered":"https:\/\/www.padreeustaquio.com.br\/?p=6809"},"modified":"2021-08-30T07:50:38","modified_gmt":"2021-08-30T10:50:38","slug":"la-iglesia-celebra-hoy-la-memoria-del-beato-padre-eustaquio","status":"publish","type":"post","link":"https:\/\/www.padreeustaquio.com.br\/es\/la-iglesia-celebra-hoy-la-memoria-del-beato-padre-eustaquio\/","title":{"rendered":"La Iglesia celebra hoy la memoria del Beato Padre Eustaquio."},"content":{"rendered":"<p>El 30 de agosto, en el Hospital Alberto Cavalcantti (antiguo Sanatorio de Minas Gerais), en Belo Horizonte, el Padre Eust\u00e1quio parti\u00f3 para vivir con el Padre. Es en el d\u00eda de su Pascua que la Iglesia celebra la memoria de un santo o beato, su entrada al cielo, y por eso hoy recordamos al misionero de la Salud y la Paz.<\/p>\n\n\n\n<p>Durante todo el d\u00eda, el Santuario de Belo Horizonte estar\u00e1 abierto a las visitas. De 7:00 a 19:00, los fieles podr\u00e1n visitar el Memorial, donde se encuentran los restos mortales del Bendito, y ofrecer oraciones en el Santuario, ubicado en la capital de Minas Gerais. Todas las visitas se rigen por protocolos sanitarios debido a la pandemia de COVID-19.<\/p>\n\n\n\n<p>Se transmite una amplia programaci\u00f3n en l\u00ednea a trav\u00e9s del Canal Padre Eust\u00e1quio. Sacerdotes, religiosos y laicos expresan su devoci\u00f3n al Sant\u00edsimo mediante oraciones, rosarios, misas y testimonios de las gracias recibidas.<\/p>\n\n\n\n<p>A las 19:00 h se celebrar\u00e1 una misa para clausurar el D\u00eda del Padre Eust\u00e1quio. La celebrar\u00e1 el arzobispo metropolitano de Belo Horizonte, Dom Walmor Oliveira de Azevedo, quien tambi\u00e9n preside la CNBB (Conferencia Nacional de Obispos Brasile\u00f1os). La celebraci\u00f3n se transmitir\u00e1 por el Canal Padre Eust\u00e1quio en YouTube y por TV Pai Eterno en todo Brasil.<\/p>\n\n\n\n<p>Si est\u00e1s cerca del Santuario o de alguna parroquia o comunidad que celebra al Padre Eust\u00e1quio, no dudes en participar, pero si est\u00e1s lejos, sigue nuestro programa virtual.<\/p>","protected":false},"excerpt":{"rendered":"<p>Foi no dia 30 de agosto, no Hospital Alberto Cavalcantti (antigo Sanat\u00f3rio Minas Gerais), em Belo Horizonte, que Padre Eust\u00e1quio deixou este mundo para viver junto do Pai. \u00c9 no dia da sua p\u00e1scoa que a Igreja celebra a mem\u00f3ria de um Santo ou Bem-Aventurado, \u00e9 sua entrada no c\u00e9u e, por isso, hoje fazemos mem\u00f3ria ao mission\u00e1rio da Sa\u00fade e da Paz. Ao longo do dia, o Santu\u00e1rio em Belo Horizonte, estar\u00e1 aberto para visita\u00e7\u00e3o. Das 7h \u00e0s 19h os fi\u00e9is poder\u00e3o visitar o Memorial, onde est\u00e3o os restos mortais do Beato e fazer ora\u00e7\u00f5es no Santu\u00e1rio, que fica [&hellip;]<\/p>\n","protected":false},"author":2,"featured_media":6810,"comment_status":"open","ping_status":"closed","sticky":false,"template":"","format":"standard","meta":{"_acf_changed":false,"footnotes":""},"categories":[611],"tags":[],"class_list":["post-6809","post","type-post","status-publish","format-standard","has-post-thumbnail","hentry","category-noticias"],"acf":[],"yoast_head":"<!-- This site is optimized with the Yoast SEO plugin v27.2 - https:\/\/yoast.com\/product\/yoast-seo-wordpress\/ -->\n<title>Igreja celebra hoje a mem\u00f3ria do Beato Padre Eust\u00e1quio<\/title>\n<meta name=\"description\" content=\"Foi no dia 30 de agosto, no Hospital Alberto Cavalcantti (antigo Sanat\u00f3rio Minas Gerais), em Belo Horizonte, que Padre Eust\u00e1quio deixou este mundo para viver junto do Pai. \u00c9 no dia da sua p\u00e1scoa que a Igreja celebra a mem\u00f3ria de um Santo ou Bem-Aventurado, \u00e9 sua entrada no c\u00e9u e, por isso, hoje fazemos mem\u00f3ria ao mission\u00e1rio da Sa\u00fade e da Paz.\" \/>\n<meta name=\"robots\" content=\"index, follow, max-snippet:-1, max-image-preview:large, max-video-preview:-1\" \/>\n<link rel=\"canonical\" href=\"https:\/\/www.padreeustaquio.com.br\/es\/la-iglesia-celebra-hoy-la-memoria-del-beato-padre-eustaquio\/\" \/>\n<meta property=\"og:locale\" content=\"es_ES\" \/>\n<meta property=\"og:type\" content=\"article\" \/>\n<meta property=\"og:title\" content=\"Igreja celebra hoje a mem\u00f3ria do Beato Padre Eust\u00e1quio\" \/>\n<meta property=\"og:description\" content=\"Foi no dia 30 de agosto, no Hospital Alberto Cavalcantti (antigo Sanat\u00f3rio Minas Gerais), em Belo Horizonte, que Padre Eust\u00e1quio deixou este mundo para viver junto do Pai. \u00c9 no dia da sua p\u00e1scoa que a Igreja celebra a mem\u00f3ria de um Santo ou Bem-Aventurado, \u00e9 sua entrada no c\u00e9u e, por isso, hoje fazemos mem\u00f3ria ao mission\u00e1rio da Sa\u00fade e da Paz.\" \/>\n<meta property=\"og:url\" content=\"https:\/\/www.padreeustaquio.com.br\/es\/la-iglesia-celebra-hoy-la-memoria-del-beato-padre-eustaquio\/\" \/>\n<meta property=\"og:site_name\" content=\"Padre Eust\u00e1quio\" \/>\n<meta property=\"article:publisher\" content=\"https:\/\/www.facebook.com\/beatopadreeustaquio\/\" \/>\n<meta property=\"article:published_time\" content=\"2021-08-30T10:50:36+00:00\" \/>\n<meta property=\"article:modified_time\" content=\"2021-08-30T10:50:38+00:00\" \/>\n<meta property=\"og:image\" content=\"https:\/\/www.padreeustaquio.com.br\/wp-content\/uploads\/2021\/08\/30-Programa.jpeg\" \/>\n\t<meta property=\"og:image:width\" content=\"1280\" \/>\n\t<meta property=\"og:image:height\" content=\"720\" \/>\n\t<meta property=\"og:image:type\" content=\"image\/jpeg\" \/>\n<meta name=\"author\" content=\"@sscc\" \/>\n<meta name=\"twitter:card\" content=\"summary_large_image\" \/>\n<meta name=\"twitter:creator\" content=\"@beatopeustaquio\" \/>\n<meta name=\"twitter:site\" content=\"@beatopeustaquio\" \/>\n<meta name=\"twitter:label1\" content=\"Escrito por\" \/>\n\t<meta name=\"twitter:data1\" content=\"@sscc\" \/>\n\t<meta name=\"twitter:label2\" content=\"Tiempo de lectura\" \/>\n\t<meta name=\"twitter:data2\" content=\"2 minutos\" \/>\n<script type=\"application\/ld+json\" class=\"yoast-schema-graph\">{\"@context\":\"https:\/\/schema.org\",\"@graph\":[{\"@type\":\"Article\",\"@id\":\"https:\/\/www.padreeustaquio.com.br\/igreja-celebra-hoje-a-memoria-do-beato-padre-eustaquio\/#article\",\"isPartOf\":{\"@id\":\"https:\/\/www.padreeustaquio.com.br\/igreja-celebra-hoje-a-memoria-do-beato-padre-eustaquio\/\"},\"author\":{\"name\":\"@sscc\",\"@id\":\"https:\/\/www.padreeustaquio.com.br\/#\/schema\/person\/a2a51db1d00f1a7af0204a0f1ddb1566\"},\"headline\":\"Igreja celebra hoje a mem\u00f3ria do Beato Padre Eust\u00e1quio\",\"datePublished\":\"2021-08-30T10:50:36+00:00\",\"dateModified\":\"2021-08-30T10:50:38+00:00\",\"mainEntityOfPage\":{\"@id\":\"https:\/\/www.padreeustaquio.com.br\/igreja-celebra-hoje-a-memoria-do-beato-padre-eustaquio\/\"},\"wordCount\":268,\"commentCount\":0,\"publisher\":{\"@id\":\"https:\/\/www.padreeustaquio.com.br\/#organization\"},\"image\":{\"@id\":\"https:\/\/www.padreeustaquio.com.br\/igreja-celebra-hoje-a-memoria-do-beato-padre-eustaquio\/#primaryimage\"},\"thumbnailUrl\":\"https:\/\/www.padreeustaquio.com.br\/wp-content\/uploads\/2021\/08\/30-Programa.jpeg\",\"articleSection\":[\"Not\u00edcias\"],\"inLanguage\":\"es\",\"potentialAction\":[{\"@type\":\"CommentAction\",\"name\":\"Comment\",\"target\":[\"https:\/\/www.padreeustaquio.com.br\/igreja-celebra-hoje-a-memoria-do-beato-padre-eustaquio\/#respond\"]}]},{\"@type\":\"WebPage\",\"@id\":\"https:\/\/www.padreeustaquio.com.br\/igreja-celebra-hoje-a-memoria-do-beato-padre-eustaquio\/\",\"url\":\"https:\/\/www.padreeustaquio.com.br\/igreja-celebra-hoje-a-memoria-do-beato-padre-eustaquio\/\",\"name\":\"Igreja celebra hoje a mem\u00f3ria do Beato Padre Eust\u00e1quio\",\"isPartOf\":{\"@id\":\"https:\/\/www.padreeustaquio.com.br\/#website\"},\"primaryImageOfPage\":{\"@id\":\"https:\/\/www.padreeustaquio.com.br\/igreja-celebra-hoje-a-memoria-do-beato-padre-eustaquio\/#primaryimage\"},\"image\":{\"@id\":\"https:\/\/www.padreeustaquio.com.br\/igreja-celebra-hoje-a-memoria-do-beato-padre-eustaquio\/#primaryimage\"},\"thumbnailUrl\":\"https:\/\/www.padreeustaquio.com.br\/wp-content\/uploads\/2021\/08\/30-Programa.jpeg\",\"datePublished\":\"2021-08-30T10:50:36+00:00\",\"dateModified\":\"2021-08-30T10:50:38+00:00\",\"description\":\"Foi no dia 30 de agosto, no Hospital Alberto Cavalcantti (antigo Sanat\u00f3rio Minas Gerais), em Belo Horizonte, que Padre Eust\u00e1quio deixou este mundo para viver junto do Pai. \u00c9 no dia da sua p\u00e1scoa que a Igreja celebra a mem\u00f3ria de um Santo ou Bem-Aventurado, \u00e9 sua entrada no c\u00e9u e, por isso, hoje fazemos mem\u00f3ria ao mission\u00e1rio da Sa\u00fade e da Paz.\",\"breadcrumb\":{\"@id\":\"https:\/\/www.padreeustaquio.com.br\/igreja-celebra-hoje-a-memoria-do-beato-padre-eustaquio\/#breadcrumb\"},\"inLanguage\":\"es\",\"potentialAction\":[{\"@type\":\"ReadAction\",\"target\":[\"https:\/\/www.padreeustaquio.com.br\/igreja-celebra-hoje-a-memoria-do-beato-padre-eustaquio\/\"]}]},{\"@type\":\"ImageObject\",\"inLanguage\":\"es\",\"@id\":\"https:\/\/www.padreeustaquio.com.br\/igreja-celebra-hoje-a-memoria-do-beato-padre-eustaquio\/#primaryimage\",\"url\":\"https:\/\/www.padreeustaquio.com.br\/wp-content\/uploads\/2021\/08\/30-Programa.jpeg\",\"contentUrl\":\"https:\/\/www.padreeustaquio.com.br\/wp-content\/uploads\/2021\/08\/30-Programa.jpeg\",\"width\":1280,\"height\":720},{\"@type\":\"BreadcrumbList\",\"@id\":\"https:\/\/www.padreeustaquio.com.br\/igreja-celebra-hoje-a-memoria-do-beato-padre-eustaquio\/#breadcrumb\",\"itemListElement\":[{\"@type\":\"ListItem\",\"position\":1,\"name\":\"In\u00edcio\",\"item\":\"https:\/\/www.padreeustaquio.com.br\/\"},{\"@type\":\"ListItem\",\"position\":2,\"name\":\"Igreja celebra hoje a mem\u00f3ria do Beato Padre Eust\u00e1quio\"}]},{\"@type\":\"WebSite\",\"@id\":\"https:\/\/www.padreeustaquio.com.br\/#website\",\"url\":\"https:\/\/www.padreeustaquio.com.br\/\",\"name\":\"Padre Eust\u00e1quio\",\"description\":\"Sa\u00fade e Paz\",\"publisher\":{\"@id\":\"https:\/\/www.padreeustaquio.com.br\/#organization\"},\"potentialAction\":[{\"@type\":\"SearchAction\",\"target\":{\"@type\":\"EntryPoint\",\"urlTemplate\":\"https:\/\/www.padreeustaquio.com.br\/?s={search_term_string}\"},\"query-input\":{\"@type\":\"PropertyValueSpecification\",\"valueRequired\":true,\"valueName\":\"search_term_string\"}}],\"inLanguage\":\"es\"},{\"@type\":\"Organization\",\"@id\":\"https:\/\/www.padreeustaquio.com.br\/#organization\",\"name\":\"Padre Eust\u00e1quio\",\"url\":\"https:\/\/www.padreeustaquio.com.br\/\",\"logo\":{\"@type\":\"ImageObject\",\"inLanguage\":\"es\",\"@id\":\"https:\/\/www.padreeustaquio.com.br\/#\/schema\/logo\/image\/\",\"url\":\"https:\/\/www.padreeustaquio.com.br\/wp-content\/uploads\/2019\/08\/marca.png\",\"contentUrl\":\"https:\/\/www.padreeustaquio.com.br\/wp-content\/uploads\/2019\/08\/marca.png\",\"width\":350,\"height\":400,\"caption\":\"Padre Eust\u00e1quio\"},\"image\":{\"@id\":\"https:\/\/www.padreeustaquio.com.br\/#\/schema\/logo\/image\/\"},\"sameAs\":[\"https:\/\/www.facebook.com\/beatopadreeustaquio\/\",\"https:\/\/x.com\/beatopeustaquio\",\"https:\/\/www.instagram.com\/beatopadreeustaquio\/\",\"https:\/\/www.youtube.com\/channel\/UCRhw7vfabnajwLxb1ZXMeIw\"]},{\"@type\":\"Person\",\"@id\":\"https:\/\/www.padreeustaquio.com.br\/#\/schema\/person\/a2a51db1d00f1a7af0204a0f1ddb1566\",\"name\":\"@sscc\",\"image\":{\"@type\":\"ImageObject\",\"inLanguage\":\"es\",\"@id\":\"https:\/\/secure.gravatar.com\/avatar\/68cfafa5f44617fea54071e215026e0ff06be366c3d54a8425f04fdcb86f8c5f?s=96&d=mm&r=g\",\"url\":\"https:\/\/secure.gravatar.com\/avatar\/68cfafa5f44617fea54071e215026e0ff06be366c3d54a8425f04fdcb86f8c5f?s=96&d=mm&r=g\",\"contentUrl\":\"https:\/\/secure.gravatar.com\/avatar\/68cfafa5f44617fea54071e215026e0ff06be366c3d54a8425f04fdcb86f8c5f?s=96&d=mm&r=g\",\"caption\":\"@sscc\"},\"url\":\"https:\/\/www.padreeustaquio.com.br\/es\/author\/sscc\/\"}]}<\/script>\n<!-- \/ Yoast SEO plugin. -->","yoast_head_json":{"title":"La Iglesia celebra hoy la memoria del Beato Padre Eustaquio.","description":"El 30 de agosto, en el Hospital Alberto Cavalcantti (antiguo Sanatorio de Minas Gerais), en Belo Horizonte, el Padre Eust\u00e1quio parti\u00f3 para vivir con el Padre. Es en el d\u00eda de su Pascua que la Iglesia celebra la memoria de un santo o beato, su entrada al cielo, y por eso hoy recordamos al misionero de la Salud y la Paz.","robots":{"index":"index","follow":"follow","max-snippet":"max-snippet:-1","max-image-preview":"max-image-preview:large","max-video-preview":"max-video-preview:-1"},"canonical":"https:\/\/www.padreeustaquio.com.br\/es\/la-iglesia-celebra-hoy-la-memoria-del-beato-padre-eustaquio\/","og_locale":"es_ES","og_type":"article","og_title":"Igreja celebra hoje a mem\u00f3ria do Beato Padre Eust\u00e1quio","og_description":"Foi no dia 30 de agosto, no Hospital Alberto Cavalcantti (antigo Sanat\u00f3rio Minas Gerais), em Belo Horizonte, que Padre Eust\u00e1quio deixou este mundo para viver junto do Pai. \u00c9 no dia da sua p\u00e1scoa que a Igreja celebra a mem\u00f3ria de um Santo ou Bem-Aventurado, \u00e9 sua entrada no c\u00e9u e, por isso, hoje fazemos mem\u00f3ria ao mission\u00e1rio da Sa\u00fade e da Paz.","og_url":"https:\/\/www.padreeustaquio.com.br\/es\/la-iglesia-celebra-hoy-la-memoria-del-beato-padre-eustaquio\/","og_site_name":"Padre Eust\u00e1quio","article_publisher":"https:\/\/www.facebook.com\/beatopadreeustaquio\/","article_published_time":"2021-08-30T10:50:36+00:00","article_modified_time":"2021-08-30T10:50:38+00:00","og_image":[{"width":1280,"height":720,"url":"https:\/\/www.padreeustaquio.com.br\/wp-content\/uploads\/2021\/08\/30-Programa.jpeg","type":"image\/jpeg"}],"author":"@sscc","twitter_card":"summary_large_image","twitter_creator":"@beatopeustaquio","twitter_site":"@beatopeustaquio","twitter_misc":{"Escrito por":"@sscc","Tiempo de lectura":"2 minutos"},"schema":{"@context":"https:\/\/schema.org","@graph":[{"@type":"Article","@id":"https:\/\/www.padreeustaquio.com.br\/igreja-celebra-hoje-a-memoria-do-beato-padre-eustaquio\/#article","isPartOf":{"@id":"https:\/\/www.padreeustaquio.com.br\/igreja-celebra-hoje-a-memoria-do-beato-padre-eustaquio\/"},"author":{"name":"@sscc","@id":"https:\/\/www.padreeustaquio.com.br\/#\/schema\/person\/a2a51db1d00f1a7af0204a0f1ddb1566"},"headline":"Igreja celebra hoje a mem\u00f3ria do Beato Padre Eust\u00e1quio","datePublished":"2021-08-30T10:50:36+00:00","dateModified":"2021-08-30T10:50:38+00:00","mainEntityOfPage":{"@id":"https:\/\/www.padreeustaquio.com.br\/igreja-celebra-hoje-a-memoria-do-beato-padre-eustaquio\/"},"wordCount":268,"commentCount":0,"publisher":{"@id":"https:\/\/www.padreeustaquio.com.br\/#organization"},"image":{"@id":"https:\/\/www.padreeustaquio.com.br\/igreja-celebra-hoje-a-memoria-do-beato-padre-eustaquio\/#primaryimage"},"thumbnailUrl":"https:\/\/www.padreeustaquio.com.br\/wp-content\/uploads\/2021\/08\/30-Programa.jpeg","articleSection":["Not\u00edcias"],"inLanguage":"es","potentialAction":[{"@type":"CommentAction","name":"Comment","target":["https:\/\/www.padreeustaquio.com.br\/igreja-celebra-hoje-a-memoria-do-beato-padre-eustaquio\/#respond"]}]},{"@type":"WebPage","@id":"https:\/\/www.padreeustaquio.com.br\/igreja-celebra-hoje-a-memoria-do-beato-padre-eustaquio\/","url":"https:\/\/www.padreeustaquio.com.br\/igreja-celebra-hoje-a-memoria-do-beato-padre-eustaquio\/","name":"La Iglesia celebra hoy la memoria del Beato Padre Eustaquio.","isPartOf":{"@id":"https:\/\/www.padreeustaquio.com.br\/#website"},"primaryImageOfPage":{"@id":"https:\/\/www.padreeustaquio.com.br\/igreja-celebra-hoje-a-memoria-do-beato-padre-eustaquio\/#primaryimage"},"image":{"@id":"https:\/\/www.padreeustaquio.com.br\/igreja-celebra-hoje-a-memoria-do-beato-padre-eustaquio\/#primaryimage"},"thumbnailUrl":"https:\/\/www.padreeustaquio.com.br\/wp-content\/uploads\/2021\/08\/30-Programa.jpeg","datePublished":"2021-08-30T10:50:36+00:00","dateModified":"2021-08-30T10:50:38+00:00","description":"El 30 de agosto, en el Hospital Alberto Cavalcantti (antiguo Sanatorio de Minas Gerais), en Belo Horizonte, el Padre Eust\u00e1quio parti\u00f3 para vivir con el Padre. Es en el d\u00eda de su Pascua que la Iglesia celebra la memoria de un santo o beato, su entrada al cielo, y por eso hoy recordamos al misionero de la Salud y la Paz.","breadcrumb":{"@id":"https:\/\/www.padreeustaquio.com.br\/igreja-celebra-hoje-a-memoria-do-beato-padre-eustaquio\/#breadcrumb"},"inLanguage":"es","potentialAction":[{"@type":"ReadAction","target":["https:\/\/www.padreeustaquio.com.br\/igreja-celebra-hoje-a-memoria-do-beato-padre-eustaquio\/"]}]},{"@type":"ImageObject","inLanguage":"es","@id":"https:\/\/www.padreeustaquio.com.br\/igreja-celebra-hoje-a-memoria-do-beato-padre-eustaquio\/#primaryimage","url":"https:\/\/www.padreeustaquio.com.br\/wp-content\/uploads\/2021\/08\/30-Programa.jpeg","contentUrl":"https:\/\/www.padreeustaquio.com.br\/wp-content\/uploads\/2021\/08\/30-Programa.jpeg","width":1280,"height":720},{"@type":"BreadcrumbList","@id":"https:\/\/www.padreeustaquio.com.br\/igreja-celebra-hoje-a-memoria-do-beato-padre-eustaquio\/#breadcrumb","itemListElement":[{"@type":"ListItem","position":1,"name":"In\u00edcio","item":"https:\/\/www.padreeustaquio.com.br\/"},{"@type":"ListItem","position":2,"name":"Igreja celebra hoje a mem\u00f3ria do Beato Padre Eust\u00e1quio"}]},{"@type":"WebSite","@id":"https:\/\/www.padreeustaquio.com.br\/#website","url":"https:\/\/www.padreeustaquio.com.br\/","name":"Padre Eustace","description":"Salud y Paz","publisher":{"@id":"https:\/\/www.padreeustaquio.com.br\/#organization"},"potentialAction":[{"@type":"SearchAction","target":{"@type":"EntryPoint","urlTemplate":"https:\/\/www.padreeustaquio.com.br\/?s={search_term_string}"},"query-input":{"@type":"PropertyValueSpecification","valueRequired":true,"valueName":"search_term_string"}}],"inLanguage":"es"},{"@type":"Organization","@id":"https:\/\/www.padreeustaquio.com.br\/#organization","name":"Padre Eustace","url":"https:\/\/www.padreeustaquio.com.br\/","logo":{"@type":"ImageObject","inLanguage":"es","@id":"https:\/\/www.padreeustaquio.com.br\/#\/schema\/logo\/image\/","url":"https:\/\/www.padreeustaquio.com.br\/wp-content\/uploads\/2019\/08\/marca.png","contentUrl":"https:\/\/www.padreeustaquio.com.br\/wp-content\/uploads\/2019\/08\/marca.png","width":350,"height":400,"caption":"Padre Eust\u00e1quio"},"image":{"@id":"https:\/\/www.padreeustaquio.com.br\/#\/schema\/logo\/image\/"},"sameAs":["https:\/\/www.facebook.com\/beatopadreeustaquio\/","https:\/\/x.com\/beatopeustaquio","https:\/\/www.instagram.com\/beatopadreeustaquio\/","https:\/\/www.youtube.com\/channel\/UCRhw7vfabnajwLxb1ZXMeIw"]},{"@type":"Person","@id":"https:\/\/www.padreeustaquio.com.br\/#\/schema\/person\/a2a51db1d00f1a7af0204a0f1ddb1566","name":"@sscc","image":{"@type":"ImageObject","inLanguage":"es","@id":"https:\/\/secure.gravatar.com\/avatar\/68cfafa5f44617fea54071e215026e0ff06be366c3d54a8425f04fdcb86f8c5f?s=96&d=mm&r=g","url":"https:\/\/secure.gravatar.com\/avatar\/68cfafa5f44617fea54071e215026e0ff06be366c3d54a8425f04fdcb86f8c5f?s=96&d=mm&r=g","contentUrl":"https:\/\/secure.gravatar.com\/avatar\/68cfafa5f44617fea54071e215026e0ff06be366c3d54a8425f04fdcb86f8c5f?s=96&d=mm&r=g","caption":"@sscc"},"url":"https:\/\/www.padreeustaquio.com.br\/es\/author\/sscc\/"}]}},"_links":{"self":[{"href":"https:\/\/www.padreeustaquio.com.br\/es\/wp-json\/wp\/v2\/posts\/6809","targetHints":{"allow":["GET"]}}],"collection":[{"href":"https:\/\/www.padreeustaquio.com.br\/es\/wp-json\/wp\/v2\/posts"}],"about":[{"href":"https:\/\/www.padreeustaquio.com.br\/es\/wp-json\/wp\/v2\/types\/post"}],"author":[{"embeddable":true,"href":"https:\/\/www.padreeustaquio.com.br\/es\/wp-json\/wp\/v2\/users\/2"}],"replies":[{"embeddable":true,"href":"https:\/\/www.padreeustaquio.com.br\/es\/wp-json\/wp\/v2\/comments?post=6809"}],"version-history":[{"count":0,"href":"https:\/\/www.padreeustaquio.com.br\/es\/wp-json\/wp\/v2\/posts\/6809\/revisions"}],"wp:featuredmedia":[{"embeddable":true,"href":"https:\/\/www.padreeustaquio.com.br\/es\/wp-json\/wp\/v2\/media\/6810"}],"wp:attachment":[{"href":"https:\/\/www.padreeustaquio.com.br\/es\/wp-json\/wp\/v2\/media?parent=6809"}],"wp:term":[{"taxonomy":"category","embeddable":true,"href":"https:\/\/www.padreeustaquio.com.br\/es\/wp-json\/wp\/v2\/categories?post=6809"},{"taxonomy":"post_tag","embeddable":true,"href":"https:\/\/www.padreeustaquio.com.br\/es\/wp-json\/wp\/v2\/tags?post=6809"}],"curies":[{"name":"wp","href":"https:\/\/api.w.org\/{rel}","templated":true}]}}