{"id":6720,"date":"2021-08-27T05:34:00","date_gmt":"2021-08-27T08:34:00","guid":{"rendered":"https:\/\/www.padreeustaquio.com.br\/?p=6720"},"modified":"2021-08-26T21:30:36","modified_gmt":"2021-08-27T00:30:36","slug":"una-comitiva-recorrera-las-calles-del-barrio-de-belo-horizonte-con-una-imagen-del-padre-eustaquio","status":"publish","type":"post","link":"https:\/\/www.padreeustaquio.com.br\/es\/una-comitiva-recorrera-las-calles-del-barrio-de-belo-horizonte-con-una-imagen-del-padre-eustaquio\/","title":{"rendered":"Una comitiva recorrer\u00e1 las calles del barrio en Belo Horizonte, llevando una imagen del Padre Eust\u00e1quio."},"content":{"rendered":"<p>El pr\u00f3ximo domingo 29 de agosto, los devotos del Beato Padre Eustaquio que viven en el barrio del mismo nombre podr\u00e1n participar en la procesi\u00f3n con la imagen del Beato. La procesi\u00f3n con la carroza recorrer\u00e1 la mayor parte de las calles del lugar donde el Padre Eustaquio pas\u00f3 sus \u00faltimos meses en la tierra.<\/p>\n\n\n\n<p>Un cami\u00f3n con altavoces encabezar\u00e1 la procesi\u00f3n, avisando a la gente de su llegada. Se recomienda a los residentes permanecer en sus hogares, evitando reuniones y exposiciones que puedan suponer un riesgo para la salud. Los organizadores tambi\u00e9n piden a quienes puedan decorar las puertas, ventanas y fachadas de sus hogares, demostrando su devoci\u00f3n a nuestro amado Beato.<\/p>\n\n\n\n<p>El recorrido tendr\u00e1 una longitud de casi 25 kil\u00f3metros y durar\u00e1 aproximadamente cuatro horas. Toda la procesi\u00f3n se transmitir\u00e1 en directo en [nombre del sitio web\/plataforma].&nbsp;<a href=\"https:\/\/www.youtube.com\/channel\/UCRhw7vfabnajwLxb1ZXMeIw\">Canal Padre Eust\u00e1quio<\/a>, de YouTube. El recorrido, que se anunciar\u00e1 en redes sociales, deber\u00eda ser el mismo que el de las dem\u00e1s procesiones de este a\u00f1o: Corpus Christi y Sagrados Corazones.<\/p>\n\n\n\n<p>El lunes, la iglesia estar\u00e1 abierta todo el d\u00eda con acceso controlado para los fieles. A las 19:00, se celebrar\u00e1 una misa con el presidente de la CNBB (Conferencia Nacional de Obispos de Brasil), Dom Walmor Oliveira de Azevedo. La celebraci\u00f3n se transmitir\u00e1 en l\u00ednea.&nbsp;<a href=\"https:\/\/www.youtube.com\/channel\/UCRhw7vfabnajwLxb1ZXMeIw\">Canal Padre Eust\u00e1quio<\/a>, de YouTube y por <a href=\"https:\/\/paieterno.com.br\/tv-pai-eterno\/\" target=\"_blank\" rel=\"noreferrer noopener\">Padre Eterno TV.<\/a><\/p>","protected":false},"excerpt":{"rendered":"<p>No pr\u00f3ximo domingo, 29 de agosto, devotos do Beato Padre Eust\u00e1quio que moram no bairro que leva o mesmo nome, poder\u00e3o acompanhar a carreata com a imagem do Bem-Aventurado. A prociss\u00e3o com o carro-andor vai percorrer a maioria das ruas do local onde Padre Eust\u00e1quio passou seus \u00faltimos meses aqui na terra. Um carro de som ir\u00e1 \u00e0 frente do cortejo, chamando a aten\u00e7\u00e3o das pessoas para a chegada da prociss\u00e3o. A orienta\u00e7\u00e3o \u00e9 que os moradores permane\u00e7am em suas casas, evitando aglomera\u00e7\u00f5es e exposi\u00e7\u00f5es que possam trazer risco \u00e0 sa\u00fade. Os organizadores pedem ainda, para aqueles que puderem, que [&hellip;]<\/p>\n","protected":false},"author":2,"featured_media":6721,"comment_status":"open","ping_status":"closed","sticky":false,"template":"","format":"standard","meta":{"_acf_changed":false,"footnotes":""},"categories":[611],"tags":[],"class_list":["post-6720","post","type-post","status-publish","format-standard","has-post-thumbnail","hentry","category-noticias"],"acf":[],"yoast_head":"<!-- This site is optimized with the Yoast SEO plugin v27.2 - https:\/\/yoast.com\/product\/yoast-seo-wordpress\/ -->\n<title>Carreata vai percorrer as ruas do bairro, em BH, com imagem de Padre Eust\u00e1quio<\/title>\n<meta name=\"description\" content=\"No pr\u00f3ximo domingo, 29 de agosto, devotos do Beato Padre Eust\u00e1quio que moram no bairro que leva o mesmo nome, poder\u00e3o acompanhar a carreata com a imagem do Bem-Aventurado.\" \/>\n<meta name=\"robots\" content=\"index, follow, max-snippet:-1, max-image-preview:large, max-video-preview:-1\" \/>\n<link rel=\"canonical\" href=\"https:\/\/www.padreeustaquio.com.br\/es\/una-comitiva-recorrera-las-calles-del-barrio-de-belo-horizonte-con-una-imagen-del-padre-eustaquio\/\" \/>\n<meta property=\"og:locale\" content=\"es_ES\" \/>\n<meta property=\"og:type\" content=\"article\" \/>\n<meta property=\"og:title\" content=\"Carreata vai percorrer as ruas do bairro, em BH, com imagem de Padre Eust\u00e1quio\" \/>\n<meta property=\"og:description\" content=\"No pr\u00f3ximo domingo, 29 de agosto, devotos do Beato Padre Eust\u00e1quio que moram no bairro que leva o mesmo nome, poder\u00e3o acompanhar a carreata com a imagem do Bem-Aventurado.\" \/>\n<meta property=\"og:url\" content=\"https:\/\/www.padreeustaquio.com.br\/es\/una-comitiva-recorrera-las-calles-del-barrio-de-belo-horizonte-con-una-imagen-del-padre-eustaquio\/\" \/>\n<meta property=\"og:site_name\" content=\"Padre Eust\u00e1quio\" \/>\n<meta property=\"article:publisher\" content=\"https:\/\/www.facebook.com\/beatopadreeustaquio\/\" \/>\n<meta property=\"article:published_time\" content=\"2021-08-27T08:34:00+00:00\" \/>\n<meta property=\"og:image\" content=\"https:\/\/www.padreeustaquio.com.br\/wp-content\/uploads\/2021\/08\/WhatsApp-Image-2021-08-26-at-21.16.44-e1630024215328.jpeg\" \/>\n\t<meta property=\"og:image:width\" content=\"1024\" \/>\n\t<meta property=\"og:image:height\" content=\"501\" \/>\n\t<meta property=\"og:image:type\" content=\"image\/jpeg\" \/>\n<meta name=\"author\" content=\"@sscc\" \/>\n<meta name=\"twitter:card\" content=\"summary_large_image\" \/>\n<meta name=\"twitter:creator\" content=\"@beatopeustaquio\" \/>\n<meta name=\"twitter:site\" content=\"@beatopeustaquio\" \/>\n<meta name=\"twitter:label1\" content=\"Escrito por\" \/>\n\t<meta name=\"twitter:data1\" content=\"@sscc\" \/>\n\t<meta name=\"twitter:label2\" content=\"Tiempo de lectura\" \/>\n\t<meta name=\"twitter:data2\" content=\"1 minuto\" \/>\n<script type=\"application\/ld+json\" class=\"yoast-schema-graph\">{\"@context\":\"https:\/\/schema.org\",\"@graph\":[{\"@type\":\"Article\",\"@id\":\"https:\/\/www.padreeustaquio.com.br\/carreata-vai-percorrer-as-ruas-do-bairro-em-bh-com-imagem-de-padre-eustaquio\/#article\",\"isPartOf\":{\"@id\":\"https:\/\/www.padreeustaquio.com.br\/carreata-vai-percorrer-as-ruas-do-bairro-em-bh-com-imagem-de-padre-eustaquio\/\"},\"author\":{\"name\":\"@sscc\",\"@id\":\"https:\/\/www.padreeustaquio.com.br\/#\/schema\/person\/a2a51db1d00f1a7af0204a0f1ddb1566\"},\"headline\":\"Carreata vai percorrer as ruas do bairro, em BH, com imagem de Padre Eust\u00e1quio\",\"datePublished\":\"2021-08-27T08:34:00+00:00\",\"mainEntityOfPage\":{\"@id\":\"https:\/\/www.padreeustaquio.com.br\/carreata-vai-percorrer-as-ruas-do-bairro-em-bh-com-imagem-de-padre-eustaquio\/\"},\"wordCount\":244,\"commentCount\":0,\"publisher\":{\"@id\":\"https:\/\/www.padreeustaquio.com.br\/#organization\"},\"image\":{\"@id\":\"https:\/\/www.padreeustaquio.com.br\/carreata-vai-percorrer-as-ruas-do-bairro-em-bh-com-imagem-de-padre-eustaquio\/#primaryimage\"},\"thumbnailUrl\":\"https:\/\/www.padreeustaquio.com.br\/wp-content\/uploads\/2021\/08\/WhatsApp-Image-2021-08-26-at-21.16.44-e1630024215328.jpeg\",\"articleSection\":[\"Not\u00edcias\"],\"inLanguage\":\"es\",\"potentialAction\":[{\"@type\":\"CommentAction\",\"name\":\"Comment\",\"target\":[\"https:\/\/www.padreeustaquio.com.br\/carreata-vai-percorrer-as-ruas-do-bairro-em-bh-com-imagem-de-padre-eustaquio\/#respond\"]}]},{\"@type\":\"WebPage\",\"@id\":\"https:\/\/www.padreeustaquio.com.br\/carreata-vai-percorrer-as-ruas-do-bairro-em-bh-com-imagem-de-padre-eustaquio\/\",\"url\":\"https:\/\/www.padreeustaquio.com.br\/carreata-vai-percorrer-as-ruas-do-bairro-em-bh-com-imagem-de-padre-eustaquio\/\",\"name\":\"Carreata vai percorrer as ruas do bairro, em BH, com imagem de Padre Eust\u00e1quio\",\"isPartOf\":{\"@id\":\"https:\/\/www.padreeustaquio.com.br\/#website\"},\"primaryImageOfPage\":{\"@id\":\"https:\/\/www.padreeustaquio.com.br\/carreata-vai-percorrer-as-ruas-do-bairro-em-bh-com-imagem-de-padre-eustaquio\/#primaryimage\"},\"image\":{\"@id\":\"https:\/\/www.padreeustaquio.com.br\/carreata-vai-percorrer-as-ruas-do-bairro-em-bh-com-imagem-de-padre-eustaquio\/#primaryimage\"},\"thumbnailUrl\":\"https:\/\/www.padreeustaquio.com.br\/wp-content\/uploads\/2021\/08\/WhatsApp-Image-2021-08-26-at-21.16.44-e1630024215328.jpeg\",\"datePublished\":\"2021-08-27T08:34:00+00:00\",\"description\":\"No pr\u00f3ximo domingo, 29 de agosto, devotos do Beato Padre Eust\u00e1quio que moram no bairro que leva o mesmo nome, poder\u00e3o acompanhar a carreata com a imagem do Bem-Aventurado.\",\"breadcrumb\":{\"@id\":\"https:\/\/www.padreeustaquio.com.br\/carreata-vai-percorrer-as-ruas-do-bairro-em-bh-com-imagem-de-padre-eustaquio\/#breadcrumb\"},\"inLanguage\":\"es\",\"potentialAction\":[{\"@type\":\"ReadAction\",\"target\":[\"https:\/\/www.padreeustaquio.com.br\/carreata-vai-percorrer-as-ruas-do-bairro-em-bh-com-imagem-de-padre-eustaquio\/\"]}]},{\"@type\":\"ImageObject\",\"inLanguage\":\"es\",\"@id\":\"https:\/\/www.padreeustaquio.com.br\/carreata-vai-percorrer-as-ruas-do-bairro-em-bh-com-imagem-de-padre-eustaquio\/#primaryimage\",\"url\":\"https:\/\/www.padreeustaquio.com.br\/wp-content\/uploads\/2021\/08\/WhatsApp-Image-2021-08-26-at-21.16.44-e1630024215328.jpeg\",\"contentUrl\":\"https:\/\/www.padreeustaquio.com.br\/wp-content\/uploads\/2021\/08\/WhatsApp-Image-2021-08-26-at-21.16.44-e1630024215328.jpeg\",\"width\":1024,\"height\":501},{\"@type\":\"BreadcrumbList\",\"@id\":\"https:\/\/www.padreeustaquio.com.br\/carreata-vai-percorrer-as-ruas-do-bairro-em-bh-com-imagem-de-padre-eustaquio\/#breadcrumb\",\"itemListElement\":[{\"@type\":\"ListItem\",\"position\":1,\"name\":\"In\u00edcio\",\"item\":\"https:\/\/www.padreeustaquio.com.br\/\"},{\"@type\":\"ListItem\",\"position\":2,\"name\":\"Carreata vai percorrer as ruas do bairro, em BH, com imagem de Padre Eust\u00e1quio\"}]},{\"@type\":\"WebSite\",\"@id\":\"https:\/\/www.padreeustaquio.com.br\/#website\",\"url\":\"https:\/\/www.padreeustaquio.com.br\/\",\"name\":\"Padre Eust\u00e1quio\",\"description\":\"Sa\u00fade e Paz\",\"publisher\":{\"@id\":\"https:\/\/www.padreeustaquio.com.br\/#organization\"},\"potentialAction\":[{\"@type\":\"SearchAction\",\"target\":{\"@type\":\"EntryPoint\",\"urlTemplate\":\"https:\/\/www.padreeustaquio.com.br\/?s={search_term_string}\"},\"query-input\":{\"@type\":\"PropertyValueSpecification\",\"valueRequired\":true,\"valueName\":\"search_term_string\"}}],\"inLanguage\":\"es\"},{\"@type\":\"Organization\",\"@id\":\"https:\/\/www.padreeustaquio.com.br\/#organization\",\"name\":\"Padre Eust\u00e1quio\",\"url\":\"https:\/\/www.padreeustaquio.com.br\/\",\"logo\":{\"@type\":\"ImageObject\",\"inLanguage\":\"es\",\"@id\":\"https:\/\/www.padreeustaquio.com.br\/#\/schema\/logo\/image\/\",\"url\":\"https:\/\/www.padreeustaquio.com.br\/wp-content\/uploads\/2019\/08\/marca.png\",\"contentUrl\":\"https:\/\/www.padreeustaquio.com.br\/wp-content\/uploads\/2019\/08\/marca.png\",\"width\":350,\"height\":400,\"caption\":\"Padre Eust\u00e1quio\"},\"image\":{\"@id\":\"https:\/\/www.padreeustaquio.com.br\/#\/schema\/logo\/image\/\"},\"sameAs\":[\"https:\/\/www.facebook.com\/beatopadreeustaquio\/\",\"https:\/\/x.com\/beatopeustaquio\",\"https:\/\/www.instagram.com\/beatopadreeustaquio\/\",\"https:\/\/www.youtube.com\/channel\/UCRhw7vfabnajwLxb1ZXMeIw\"]},{\"@type\":\"Person\",\"@id\":\"https:\/\/www.padreeustaquio.com.br\/#\/schema\/person\/a2a51db1d00f1a7af0204a0f1ddb1566\",\"name\":\"@sscc\",\"image\":{\"@type\":\"ImageObject\",\"inLanguage\":\"es\",\"@id\":\"https:\/\/secure.gravatar.com\/avatar\/68cfafa5f44617fea54071e215026e0ff06be366c3d54a8425f04fdcb86f8c5f?s=96&d=mm&r=g\",\"url\":\"https:\/\/secure.gravatar.com\/avatar\/68cfafa5f44617fea54071e215026e0ff06be366c3d54a8425f04fdcb86f8c5f?s=96&d=mm&r=g\",\"contentUrl\":\"https:\/\/secure.gravatar.com\/avatar\/68cfafa5f44617fea54071e215026e0ff06be366c3d54a8425f04fdcb86f8c5f?s=96&d=mm&r=g\",\"caption\":\"@sscc\"},\"url\":\"https:\/\/www.padreeustaquio.com.br\/es\/author\/sscc\/\"}]}<\/script>\n<!-- \/ Yoast SEO plugin. -->","yoast_head_json":{"title":"Una comitiva recorrer\u00e1 las calles del barrio en Belo Horizonte, llevando una imagen del Padre Eust\u00e1quio.","description":"El pr\u00f3ximo domingo 29 de agosto, los devotos del Beato Padre Eust\u00e1quio que viven en el barrio que lleva el mismo nombre podr\u00e1n participar en la procesi\u00f3n con la imagen del Beato.","robots":{"index":"index","follow":"follow","max-snippet":"max-snippet:-1","max-image-preview":"max-image-preview:large","max-video-preview":"max-video-preview:-1"},"canonical":"https:\/\/www.padreeustaquio.com.br\/es\/una-comitiva-recorrera-las-calles-del-barrio-de-belo-horizonte-con-una-imagen-del-padre-eustaquio\/","og_locale":"es_ES","og_type":"article","og_title":"Carreata vai percorrer as ruas do bairro, em BH, com imagem de Padre Eust\u00e1quio","og_description":"No pr\u00f3ximo domingo, 29 de agosto, devotos do Beato Padre Eust\u00e1quio que moram no bairro que leva o mesmo nome, poder\u00e3o acompanhar a carreata com a imagem do Bem-Aventurado.","og_url":"https:\/\/www.padreeustaquio.com.br\/es\/una-comitiva-recorrera-las-calles-del-barrio-de-belo-horizonte-con-una-imagen-del-padre-eustaquio\/","og_site_name":"Padre Eust\u00e1quio","article_publisher":"https:\/\/www.facebook.com\/beatopadreeustaquio\/","article_published_time":"2021-08-27T08:34:00+00:00","og_image":[{"width":1024,"height":501,"url":"https:\/\/www.padreeustaquio.com.br\/wp-content\/uploads\/2021\/08\/WhatsApp-Image-2021-08-26-at-21.16.44-e1630024215328.jpeg","type":"image\/jpeg"}],"author":"@sscc","twitter_card":"summary_large_image","twitter_creator":"@beatopeustaquio","twitter_site":"@beatopeustaquio","twitter_misc":{"Escrito por":"@sscc","Tiempo de lectura":"1 minuto"},"schema":{"@context":"https:\/\/schema.org","@graph":[{"@type":"Article","@id":"https:\/\/www.padreeustaquio.com.br\/carreata-vai-percorrer-as-ruas-do-bairro-em-bh-com-imagem-de-padre-eustaquio\/#article","isPartOf":{"@id":"https:\/\/www.padreeustaquio.com.br\/carreata-vai-percorrer-as-ruas-do-bairro-em-bh-com-imagem-de-padre-eustaquio\/"},"author":{"name":"@sscc","@id":"https:\/\/www.padreeustaquio.com.br\/#\/schema\/person\/a2a51db1d00f1a7af0204a0f1ddb1566"},"headline":"Carreata vai percorrer as ruas do bairro, em BH, com imagem de Padre Eust\u00e1quio","datePublished":"2021-08-27T08:34:00+00:00","mainEntityOfPage":{"@id":"https:\/\/www.padreeustaquio.com.br\/carreata-vai-percorrer-as-ruas-do-bairro-em-bh-com-imagem-de-padre-eustaquio\/"},"wordCount":244,"commentCount":0,"publisher":{"@id":"https:\/\/www.padreeustaquio.com.br\/#organization"},"image":{"@id":"https:\/\/www.padreeustaquio.com.br\/carreata-vai-percorrer-as-ruas-do-bairro-em-bh-com-imagem-de-padre-eustaquio\/#primaryimage"},"thumbnailUrl":"https:\/\/www.padreeustaquio.com.br\/wp-content\/uploads\/2021\/08\/WhatsApp-Image-2021-08-26-at-21.16.44-e1630024215328.jpeg","articleSection":["Not\u00edcias"],"inLanguage":"es","potentialAction":[{"@type":"CommentAction","name":"Comment","target":["https:\/\/www.padreeustaquio.com.br\/carreata-vai-percorrer-as-ruas-do-bairro-em-bh-com-imagem-de-padre-eustaquio\/#respond"]}]},{"@type":"WebPage","@id":"https:\/\/www.padreeustaquio.com.br\/carreata-vai-percorrer-as-ruas-do-bairro-em-bh-com-imagem-de-padre-eustaquio\/","url":"https:\/\/www.padreeustaquio.com.br\/carreata-vai-percorrer-as-ruas-do-bairro-em-bh-com-imagem-de-padre-eustaquio\/","name":"Una comitiva recorrer\u00e1 las calles del barrio en Belo Horizonte, llevando una imagen del Padre Eust\u00e1quio.","isPartOf":{"@id":"https:\/\/www.padreeustaquio.com.br\/#website"},"primaryImageOfPage":{"@id":"https:\/\/www.padreeustaquio.com.br\/carreata-vai-percorrer-as-ruas-do-bairro-em-bh-com-imagem-de-padre-eustaquio\/#primaryimage"},"image":{"@id":"https:\/\/www.padreeustaquio.com.br\/carreata-vai-percorrer-as-ruas-do-bairro-em-bh-com-imagem-de-padre-eustaquio\/#primaryimage"},"thumbnailUrl":"https:\/\/www.padreeustaquio.com.br\/wp-content\/uploads\/2021\/08\/WhatsApp-Image-2021-08-26-at-21.16.44-e1630024215328.jpeg","datePublished":"2021-08-27T08:34:00+00:00","description":"El pr\u00f3ximo domingo 29 de agosto, los devotos del Beato Padre Eust\u00e1quio que viven en el barrio que lleva el mismo nombre podr\u00e1n participar en la procesi\u00f3n con la imagen del Beato.","breadcrumb":{"@id":"https:\/\/www.padreeustaquio.com.br\/carreata-vai-percorrer-as-ruas-do-bairro-em-bh-com-imagem-de-padre-eustaquio\/#breadcrumb"},"inLanguage":"es","potentialAction":[{"@type":"ReadAction","target":["https:\/\/www.padreeustaquio.com.br\/carreata-vai-percorrer-as-ruas-do-bairro-em-bh-com-imagem-de-padre-eustaquio\/"]}]},{"@type":"ImageObject","inLanguage":"es","@id":"https:\/\/www.padreeustaquio.com.br\/carreata-vai-percorrer-as-ruas-do-bairro-em-bh-com-imagem-de-padre-eustaquio\/#primaryimage","url":"https:\/\/www.padreeustaquio.com.br\/wp-content\/uploads\/2021\/08\/WhatsApp-Image-2021-08-26-at-21.16.44-e1630024215328.jpeg","contentUrl":"https:\/\/www.padreeustaquio.com.br\/wp-content\/uploads\/2021\/08\/WhatsApp-Image-2021-08-26-at-21.16.44-e1630024215328.jpeg","width":1024,"height":501},{"@type":"BreadcrumbList","@id":"https:\/\/www.padreeustaquio.com.br\/carreata-vai-percorrer-as-ruas-do-bairro-em-bh-com-imagem-de-padre-eustaquio\/#breadcrumb","itemListElement":[{"@type":"ListItem","position":1,"name":"In\u00edcio","item":"https:\/\/www.padreeustaquio.com.br\/"},{"@type":"ListItem","position":2,"name":"Carreata vai percorrer as ruas do bairro, em BH, com imagem de Padre Eust\u00e1quio"}]},{"@type":"WebSite","@id":"https:\/\/www.padreeustaquio.com.br\/#website","url":"https:\/\/www.padreeustaquio.com.br\/","name":"Padre Eustace","description":"Salud y Paz","publisher":{"@id":"https:\/\/www.padreeustaquio.com.br\/#organization"},"potentialAction":[{"@type":"SearchAction","target":{"@type":"EntryPoint","urlTemplate":"https:\/\/www.padreeustaquio.com.br\/?s={search_term_string}"},"query-input":{"@type":"PropertyValueSpecification","valueRequired":true,"valueName":"search_term_string"}}],"inLanguage":"es"},{"@type":"Organization","@id":"https:\/\/www.padreeustaquio.com.br\/#organization","name":"Padre Eustace","url":"https:\/\/www.padreeustaquio.com.br\/","logo":{"@type":"ImageObject","inLanguage":"es","@id":"https:\/\/www.padreeustaquio.com.br\/#\/schema\/logo\/image\/","url":"https:\/\/www.padreeustaquio.com.br\/wp-content\/uploads\/2019\/08\/marca.png","contentUrl":"https:\/\/www.padreeustaquio.com.br\/wp-content\/uploads\/2019\/08\/marca.png","width":350,"height":400,"caption":"Padre Eust\u00e1quio"},"image":{"@id":"https:\/\/www.padreeustaquio.com.br\/#\/schema\/logo\/image\/"},"sameAs":["https:\/\/www.facebook.com\/beatopadreeustaquio\/","https:\/\/x.com\/beatopeustaquio","https:\/\/www.instagram.com\/beatopadreeustaquio\/","https:\/\/www.youtube.com\/channel\/UCRhw7vfabnajwLxb1ZXMeIw"]},{"@type":"Person","@id":"https:\/\/www.padreeustaquio.com.br\/#\/schema\/person\/a2a51db1d00f1a7af0204a0f1ddb1566","name":"@sscc","image":{"@type":"ImageObject","inLanguage":"es","@id":"https:\/\/secure.gravatar.com\/avatar\/68cfafa5f44617fea54071e215026e0ff06be366c3d54a8425f04fdcb86f8c5f?s=96&d=mm&r=g","url":"https:\/\/secure.gravatar.com\/avatar\/68cfafa5f44617fea54071e215026e0ff06be366c3d54a8425f04fdcb86f8c5f?s=96&d=mm&r=g","contentUrl":"https:\/\/secure.gravatar.com\/avatar\/68cfafa5f44617fea54071e215026e0ff06be366c3d54a8425f04fdcb86f8c5f?s=96&d=mm&r=g","caption":"@sscc"},"url":"https:\/\/www.padreeustaquio.com.br\/es\/author\/sscc\/"}]}},"_links":{"self":[{"href":"https:\/\/www.padreeustaquio.com.br\/es\/wp-json\/wp\/v2\/posts\/6720","targetHints":{"allow":["GET"]}}],"collection":[{"href":"https:\/\/www.padreeustaquio.com.br\/es\/wp-json\/wp\/v2\/posts"}],"about":[{"href":"https:\/\/www.padreeustaquio.com.br\/es\/wp-json\/wp\/v2\/types\/post"}],"author":[{"embeddable":true,"href":"https:\/\/www.padreeustaquio.com.br\/es\/wp-json\/wp\/v2\/users\/2"}],"replies":[{"embeddable":true,"href":"https:\/\/www.padreeustaquio.com.br\/es\/wp-json\/wp\/v2\/comments?post=6720"}],"version-history":[{"count":0,"href":"https:\/\/www.padreeustaquio.com.br\/es\/wp-json\/wp\/v2\/posts\/6720\/revisions"}],"wp:featuredmedia":[{"embeddable":true,"href":"https:\/\/www.padreeustaquio.com.br\/es\/wp-json\/wp\/v2\/media\/6721"}],"wp:attachment":[{"href":"https:\/\/www.padreeustaquio.com.br\/es\/wp-json\/wp\/v2\/media?parent=6720"}],"wp:term":[{"taxonomy":"category","embeddable":true,"href":"https:\/\/www.padreeustaquio.com.br\/es\/wp-json\/wp\/v2\/categories?post=6720"},{"taxonomy":"post_tag","embeddable":true,"href":"https:\/\/www.padreeustaquio.com.br\/es\/wp-json\/wp\/v2\/tags?post=6720"}],"curies":[{"name":"wp","href":"https:\/\/api.w.org\/{rel}","templated":true}]}}