{"id":6716,"date":"2021-08-26T06:51:40","date_gmt":"2021-08-26T09:51:40","guid":{"rendered":"https:\/\/www.padreeustaquio.com.br\/?p=6716"},"modified":"2021-08-26T06:53:27","modified_gmt":"2021-08-26T09:53:27","slug":"tv-pai-eterno-transmitira-en-vivo-la-santa-misa-del-beato-padre-eustaquio-desde-belo-horizonte","status":"publish","type":"post","link":"https:\/\/www.padreeustaquio.com.br\/es\/tv-pai-eterno-transmitira-en-vivo-la-santa-misa-del-beato-padre-eustaquio-desde-belo-horizonte\/","title":{"rendered":"TV Pai Eterno transmitir\u00e1 en vivo la Santa Misa del Beato Padre Eust\u00e1quio desde Belo Horizonte."},"content":{"rendered":"<p>La Celebraci\u00f3n Eucar\u00edstica de clausura de la Fiesta del Beato Padre Eust\u00e1quio, presidida por el Arzobispo de Belo Horizonte y presidente de la CNBB (Conferencia Nacional de Obispos Brasile\u00f1os), Dom Walmor Oliveira de Azevedo, se transmitir\u00e1 en vivo para todo Brasil a trav\u00e9s de TV Pai Eterno. El canal de inspiraci\u00f3n cat\u00f3lica transmitir\u00e1 la Santa Misa el 30 de agosto a las 19:00 h, directamente desde el Santuario de Salud y Paz de Belo Horizonte.<\/p>\n\n\n\n<p>Este a\u00f1o, debido a la pandemia, las misas del 30 de agosto no contar\u00e1n con la presencia de fieles en la iglesia. Todas las celebraciones se transmitir\u00e1n por el Canal Padre Eust\u00e1quio en YouTube; sin embargo, dada la importancia de la \u00faltima misa y la relevancia de la figura del Beato Padre Eust\u00e1quio, quien se encuentra en proceso de canonizaci\u00f3n, la emisora, con sede en Trindade, Goi\u00e1s, se interes\u00f3 en participar en las celebraciones.<\/p>\n\n\n\n<p>La Santa Misa se transmitir\u00e1 en horario de m\u00e1xima audiencia en el canal y podr\u00e1 ser vista por todos los brasile\u00f1os. TV Pai Eterno se cre\u00f3 en 2019 para difundir la devoci\u00f3n tradicional al Divino Padre Eterno. La se\u00f1al abierta del canal est\u00e1 disponible en aproximadamente 1800 ciudades, llegando a m\u00e1s de 105 millones de personas. El canal tambi\u00e9n se puede sintonizar v\u00eda sat\u00e9lite, a nivel nacional e internacional. Ofrece 24 horas de programaci\u00f3n centrada en la fe, la devoci\u00f3n, el entretenimiento y la informaci\u00f3n. La programaci\u00f3n est\u00e1 dirigida a toda la familia, con la transmisi\u00f3n de misas y novenas, as\u00ed como otros contenidos relacionados con los temas cristianos de la Iglesia Cat\u00f3lica.<\/p>\n\n\n\n<p><\/p>","protected":false},"excerpt":{"rendered":"<p>A Celebra\u00e7\u00e3o Eucar\u00edstica de encerramento da Festa do Beato Padre Eust\u00e1quio, presidida pelo arcebispo de BH e presidente da CNBB, Dom Walmor Oliveira de Azevedo, ter\u00e1 transmiss\u00e3o ao vivo para todo o Brasil, por meio da TV Pai Eterno. A emissora, de inspira\u00e7\u00e3o cat\u00f3lica vai exibir no dia 30 de agosto, \u00e0s 19h a Santa Missa, direto do Santu\u00e1rio Sa\u00fade e Paz, em Belo Horizonte. Este ano, por causa da pandemia, as missas do dia 30 de agosto n\u00e3o contar\u00e3o coma presen\u00e7a de fi\u00e9is na igreja. Todas as celebra\u00e7\u00f5es ser\u00e3o transmitidas pelo Canal Padre Eust\u00e1quio, no YouTube, por\u00e9m, dada a [&hellip;]<\/p>\n","protected":false},"author":2,"featured_media":6719,"comment_status":"open","ping_status":"closed","sticky":false,"template":"","format":"standard","meta":{"_acf_changed":false,"footnotes":""},"categories":[611],"tags":[],"class_list":["post-6716","post","type-post","status-publish","format-standard","has-post-thumbnail","hentry","category-noticias"],"acf":[],"yoast_head":"<!-- This site is optimized with the Yoast SEO plugin v27.2 - https:\/\/yoast.com\/product\/yoast-seo-wordpress\/ -->\n<title>TV Pai Eterno vai transmitir Santa Missa do Beato Padre Eust\u00e1quio direto de BH<\/title>\n<meta name=\"description\" content=\"A emissora, de inspira\u00e7\u00e3o cat\u00f3lica vai exibir no dia 30 de agosto, \u00e0s 19h a Santa Missa, presidida por Dom Walmor Oliveira de Azevedo, arcebispo de BH e presidente da CNBB.\" \/>\n<meta name=\"robots\" content=\"index, follow, max-snippet:-1, max-image-preview:large, max-video-preview:-1\" \/>\n<link rel=\"canonical\" href=\"https:\/\/www.padreeustaquio.com.br\/es\/tv-pai-eterno-transmitira-en-vivo-la-santa-misa-del-beato-padre-eustaquio-desde-belo-horizonte\/\" \/>\n<meta property=\"og:locale\" content=\"es_ES\" \/>\n<meta property=\"og:type\" content=\"article\" \/>\n<meta property=\"og:title\" content=\"TV Pai Eterno vai transmitir Santa Missa do Beato Padre Eust\u00e1quio direto de BH\" \/>\n<meta property=\"og:description\" content=\"A emissora, de inspira\u00e7\u00e3o cat\u00f3lica vai exibir no dia 30 de agosto, \u00e0s 19h a Santa Missa, presidida por Dom Walmor Oliveira de Azevedo, arcebispo de BH e presidente da CNBB.\" \/>\n<meta property=\"og:url\" content=\"https:\/\/www.padreeustaquio.com.br\/es\/tv-pai-eterno-transmitira-en-vivo-la-santa-misa-del-beato-padre-eustaquio-desde-belo-horizonte\/\" \/>\n<meta property=\"og:site_name\" content=\"Padre Eust\u00e1quio\" \/>\n<meta property=\"article:publisher\" content=\"https:\/\/www.facebook.com\/beatopadreeustaquio\/\" \/>\n<meta property=\"article:published_time\" content=\"2021-08-26T09:51:40+00:00\" \/>\n<meta property=\"article:modified_time\" content=\"2021-08-26T09:53:27+00:00\" \/>\n<meta property=\"og:image\" content=\"https:\/\/www.padreeustaquio.com.br\/wp-content\/uploads\/2021\/08\/Paieterno.png\" \/>\n\t<meta property=\"og:image:width\" content=\"529\" \/>\n\t<meta property=\"og:image:height\" content=\"326\" \/>\n\t<meta property=\"og:image:type\" content=\"image\/png\" \/>\n<meta name=\"author\" content=\"@sscc\" \/>\n<meta name=\"twitter:card\" content=\"summary_large_image\" \/>\n<meta name=\"twitter:creator\" content=\"@beatopeustaquio\" \/>\n<meta name=\"twitter:site\" content=\"@beatopeustaquio\" \/>\n<meta name=\"twitter:label1\" content=\"Escrito por\" \/>\n\t<meta name=\"twitter:data1\" content=\"@sscc\" \/>\n\t<meta name=\"twitter:label2\" content=\"Tiempo de lectura\" \/>\n\t<meta name=\"twitter:data2\" content=\"2 minutos\" \/>\n<script type=\"application\/ld+json\" class=\"yoast-schema-graph\">{\"@context\":\"https:\/\/schema.org\",\"@graph\":[{\"@type\":\"Article\",\"@id\":\"https:\/\/www.padreeustaquio.com.br\/tv-pai-eterno-vai-transmitir-santa-missa-do-beato-padre-eustaquio-direto-de-bh\/#article\",\"isPartOf\":{\"@id\":\"https:\/\/www.padreeustaquio.com.br\/tv-pai-eterno-vai-transmitir-santa-missa-do-beato-padre-eustaquio-direto-de-bh\/\"},\"author\":{\"name\":\"@sscc\",\"@id\":\"https:\/\/www.padreeustaquio.com.br\/#\/schema\/person\/a2a51db1d00f1a7af0204a0f1ddb1566\"},\"headline\":\"TV Pai Eterno vai transmitir Santa Missa do Beato Padre Eust\u00e1quio direto de BH\",\"datePublished\":\"2021-08-26T09:51:40+00:00\",\"dateModified\":\"2021-08-26T09:53:27+00:00\",\"mainEntityOfPage\":{\"@id\":\"https:\/\/www.padreeustaquio.com.br\/tv-pai-eterno-vai-transmitir-santa-missa-do-beato-padre-eustaquio-direto-de-bh\/\"},\"wordCount\":285,\"commentCount\":0,\"publisher\":{\"@id\":\"https:\/\/www.padreeustaquio.com.br\/#organization\"},\"image\":{\"@id\":\"https:\/\/www.padreeustaquio.com.br\/tv-pai-eterno-vai-transmitir-santa-missa-do-beato-padre-eustaquio-direto-de-bh\/#primaryimage\"},\"thumbnailUrl\":\"https:\/\/www.padreeustaquio.com.br\/wp-content\/uploads\/2021\/08\/Paieterno.png\",\"articleSection\":[\"Not\u00edcias\"],\"inLanguage\":\"es\",\"potentialAction\":[{\"@type\":\"CommentAction\",\"name\":\"Comment\",\"target\":[\"https:\/\/www.padreeustaquio.com.br\/tv-pai-eterno-vai-transmitir-santa-missa-do-beato-padre-eustaquio-direto-de-bh\/#respond\"]}]},{\"@type\":\"WebPage\",\"@id\":\"https:\/\/www.padreeustaquio.com.br\/tv-pai-eterno-vai-transmitir-santa-missa-do-beato-padre-eustaquio-direto-de-bh\/\",\"url\":\"https:\/\/www.padreeustaquio.com.br\/tv-pai-eterno-vai-transmitir-santa-missa-do-beato-padre-eustaquio-direto-de-bh\/\",\"name\":\"TV Pai Eterno vai transmitir Santa Missa do Beato Padre Eust\u00e1quio direto de BH\",\"isPartOf\":{\"@id\":\"https:\/\/www.padreeustaquio.com.br\/#website\"},\"primaryImageOfPage\":{\"@id\":\"https:\/\/www.padreeustaquio.com.br\/tv-pai-eterno-vai-transmitir-santa-missa-do-beato-padre-eustaquio-direto-de-bh\/#primaryimage\"},\"image\":{\"@id\":\"https:\/\/www.padreeustaquio.com.br\/tv-pai-eterno-vai-transmitir-santa-missa-do-beato-padre-eustaquio-direto-de-bh\/#primaryimage\"},\"thumbnailUrl\":\"https:\/\/www.padreeustaquio.com.br\/wp-content\/uploads\/2021\/08\/Paieterno.png\",\"datePublished\":\"2021-08-26T09:51:40+00:00\",\"dateModified\":\"2021-08-26T09:53:27+00:00\",\"description\":\"A emissora, de inspira\u00e7\u00e3o cat\u00f3lica vai exibir no dia 30 de agosto, \u00e0s 19h a Santa Missa, presidida por Dom Walmor Oliveira de Azevedo, arcebispo de BH e presidente da CNBB.\",\"breadcrumb\":{\"@id\":\"https:\/\/www.padreeustaquio.com.br\/tv-pai-eterno-vai-transmitir-santa-missa-do-beato-padre-eustaquio-direto-de-bh\/#breadcrumb\"},\"inLanguage\":\"es\",\"potentialAction\":[{\"@type\":\"ReadAction\",\"target\":[\"https:\/\/www.padreeustaquio.com.br\/tv-pai-eterno-vai-transmitir-santa-missa-do-beato-padre-eustaquio-direto-de-bh\/\"]}]},{\"@type\":\"ImageObject\",\"inLanguage\":\"es\",\"@id\":\"https:\/\/www.padreeustaquio.com.br\/tv-pai-eterno-vai-transmitir-santa-missa-do-beato-padre-eustaquio-direto-de-bh\/#primaryimage\",\"url\":\"https:\/\/www.padreeustaquio.com.br\/wp-content\/uploads\/2021\/08\/Paieterno.png\",\"contentUrl\":\"https:\/\/www.padreeustaquio.com.br\/wp-content\/uploads\/2021\/08\/Paieterno.png\",\"width\":529,\"height\":326},{\"@type\":\"BreadcrumbList\",\"@id\":\"https:\/\/www.padreeustaquio.com.br\/tv-pai-eterno-vai-transmitir-santa-missa-do-beato-padre-eustaquio-direto-de-bh\/#breadcrumb\",\"itemListElement\":[{\"@type\":\"ListItem\",\"position\":1,\"name\":\"In\u00edcio\",\"item\":\"https:\/\/www.padreeustaquio.com.br\/\"},{\"@type\":\"ListItem\",\"position\":2,\"name\":\"TV Pai Eterno vai transmitir Santa Missa do Beato Padre Eust\u00e1quio direto de BH\"}]},{\"@type\":\"WebSite\",\"@id\":\"https:\/\/www.padreeustaquio.com.br\/#website\",\"url\":\"https:\/\/www.padreeustaquio.com.br\/\",\"name\":\"Padre Eust\u00e1quio\",\"description\":\"Sa\u00fade e Paz\",\"publisher\":{\"@id\":\"https:\/\/www.padreeustaquio.com.br\/#organization\"},\"potentialAction\":[{\"@type\":\"SearchAction\",\"target\":{\"@type\":\"EntryPoint\",\"urlTemplate\":\"https:\/\/www.padreeustaquio.com.br\/?s={search_term_string}\"},\"query-input\":{\"@type\":\"PropertyValueSpecification\",\"valueRequired\":true,\"valueName\":\"search_term_string\"}}],\"inLanguage\":\"es\"},{\"@type\":\"Organization\",\"@id\":\"https:\/\/www.padreeustaquio.com.br\/#organization\",\"name\":\"Padre Eust\u00e1quio\",\"url\":\"https:\/\/www.padreeustaquio.com.br\/\",\"logo\":{\"@type\":\"ImageObject\",\"inLanguage\":\"es\",\"@id\":\"https:\/\/www.padreeustaquio.com.br\/#\/schema\/logo\/image\/\",\"url\":\"https:\/\/www.padreeustaquio.com.br\/wp-content\/uploads\/2019\/08\/marca.png\",\"contentUrl\":\"https:\/\/www.padreeustaquio.com.br\/wp-content\/uploads\/2019\/08\/marca.png\",\"width\":350,\"height\":400,\"caption\":\"Padre Eust\u00e1quio\"},\"image\":{\"@id\":\"https:\/\/www.padreeustaquio.com.br\/#\/schema\/logo\/image\/\"},\"sameAs\":[\"https:\/\/www.facebook.com\/beatopadreeustaquio\/\",\"https:\/\/x.com\/beatopeustaquio\",\"https:\/\/www.instagram.com\/beatopadreeustaquio\/\",\"https:\/\/www.youtube.com\/channel\/UCRhw7vfabnajwLxb1ZXMeIw\"]},{\"@type\":\"Person\",\"@id\":\"https:\/\/www.padreeustaquio.com.br\/#\/schema\/person\/a2a51db1d00f1a7af0204a0f1ddb1566\",\"name\":\"@sscc\",\"image\":{\"@type\":\"ImageObject\",\"inLanguage\":\"es\",\"@id\":\"https:\/\/secure.gravatar.com\/avatar\/68cfafa5f44617fea54071e215026e0ff06be366c3d54a8425f04fdcb86f8c5f?s=96&d=mm&r=g\",\"url\":\"https:\/\/secure.gravatar.com\/avatar\/68cfafa5f44617fea54071e215026e0ff06be366c3d54a8425f04fdcb86f8c5f?s=96&d=mm&r=g\",\"contentUrl\":\"https:\/\/secure.gravatar.com\/avatar\/68cfafa5f44617fea54071e215026e0ff06be366c3d54a8425f04fdcb86f8c5f?s=96&d=mm&r=g\",\"caption\":\"@sscc\"},\"url\":\"https:\/\/www.padreeustaquio.com.br\/es\/author\/sscc\/\"}]}<\/script>\n<!-- \/ Yoast SEO plugin. -->","yoast_head_json":{"title":"TV Pai Eterno transmitir\u00e1 en vivo la Santa Misa del Beato Padre Eust\u00e1quio desde Belo Horizonte.","description":"La emisora de inspiraci\u00f3n cat\u00f3lica transmitir\u00e1 la Santa Misa del d\u00eda 30 de agosto, a las 19 horas, presidida por Dom Walmor Oliveira de Azevedo, arzobispo de Belo Horizonte y presidente de la CNBB (Conferencia Nacional de Obispos Brasile\u00f1os).","robots":{"index":"index","follow":"follow","max-snippet":"max-snippet:-1","max-image-preview":"max-image-preview:large","max-video-preview":"max-video-preview:-1"},"canonical":"https:\/\/www.padreeustaquio.com.br\/es\/tv-pai-eterno-transmitira-en-vivo-la-santa-misa-del-beato-padre-eustaquio-desde-belo-horizonte\/","og_locale":"es_ES","og_type":"article","og_title":"TV Pai Eterno vai transmitir Santa Missa do Beato Padre Eust\u00e1quio direto de BH","og_description":"A emissora, de inspira\u00e7\u00e3o cat\u00f3lica vai exibir no dia 30 de agosto, \u00e0s 19h a Santa Missa, presidida por Dom Walmor Oliveira de Azevedo, arcebispo de BH e presidente da CNBB.","og_url":"https:\/\/www.padreeustaquio.com.br\/es\/tv-pai-eterno-transmitira-en-vivo-la-santa-misa-del-beato-padre-eustaquio-desde-belo-horizonte\/","og_site_name":"Padre Eust\u00e1quio","article_publisher":"https:\/\/www.facebook.com\/beatopadreeustaquio\/","article_published_time":"2021-08-26T09:51:40+00:00","article_modified_time":"2021-08-26T09:53:27+00:00","og_image":[{"width":529,"height":326,"url":"https:\/\/www.padreeustaquio.com.br\/wp-content\/uploads\/2021\/08\/Paieterno.png","type":"image\/png"}],"author":"@sscc","twitter_card":"summary_large_image","twitter_creator":"@beatopeustaquio","twitter_site":"@beatopeustaquio","twitter_misc":{"Escrito por":"@sscc","Tiempo de lectura":"2 minutos"},"schema":{"@context":"https:\/\/schema.org","@graph":[{"@type":"Article","@id":"https:\/\/www.padreeustaquio.com.br\/tv-pai-eterno-vai-transmitir-santa-missa-do-beato-padre-eustaquio-direto-de-bh\/#article","isPartOf":{"@id":"https:\/\/www.padreeustaquio.com.br\/tv-pai-eterno-vai-transmitir-santa-missa-do-beato-padre-eustaquio-direto-de-bh\/"},"author":{"name":"@sscc","@id":"https:\/\/www.padreeustaquio.com.br\/#\/schema\/person\/a2a51db1d00f1a7af0204a0f1ddb1566"},"headline":"TV Pai Eterno vai transmitir Santa Missa do Beato Padre Eust\u00e1quio direto de BH","datePublished":"2021-08-26T09:51:40+00:00","dateModified":"2021-08-26T09:53:27+00:00","mainEntityOfPage":{"@id":"https:\/\/www.padreeustaquio.com.br\/tv-pai-eterno-vai-transmitir-santa-missa-do-beato-padre-eustaquio-direto-de-bh\/"},"wordCount":285,"commentCount":0,"publisher":{"@id":"https:\/\/www.padreeustaquio.com.br\/#organization"},"image":{"@id":"https:\/\/www.padreeustaquio.com.br\/tv-pai-eterno-vai-transmitir-santa-missa-do-beato-padre-eustaquio-direto-de-bh\/#primaryimage"},"thumbnailUrl":"https:\/\/www.padreeustaquio.com.br\/wp-content\/uploads\/2021\/08\/Paieterno.png","articleSection":["Not\u00edcias"],"inLanguage":"es","potentialAction":[{"@type":"CommentAction","name":"Comment","target":["https:\/\/www.padreeustaquio.com.br\/tv-pai-eterno-vai-transmitir-santa-missa-do-beato-padre-eustaquio-direto-de-bh\/#respond"]}]},{"@type":"WebPage","@id":"https:\/\/www.padreeustaquio.com.br\/tv-pai-eterno-vai-transmitir-santa-missa-do-beato-padre-eustaquio-direto-de-bh\/","url":"https:\/\/www.padreeustaquio.com.br\/tv-pai-eterno-vai-transmitir-santa-missa-do-beato-padre-eustaquio-direto-de-bh\/","name":"TV Pai Eterno transmitir\u00e1 en vivo la Santa Misa del Beato Padre Eust\u00e1quio desde Belo Horizonte.","isPartOf":{"@id":"https:\/\/www.padreeustaquio.com.br\/#website"},"primaryImageOfPage":{"@id":"https:\/\/www.padreeustaquio.com.br\/tv-pai-eterno-vai-transmitir-santa-missa-do-beato-padre-eustaquio-direto-de-bh\/#primaryimage"},"image":{"@id":"https:\/\/www.padreeustaquio.com.br\/tv-pai-eterno-vai-transmitir-santa-missa-do-beato-padre-eustaquio-direto-de-bh\/#primaryimage"},"thumbnailUrl":"https:\/\/www.padreeustaquio.com.br\/wp-content\/uploads\/2021\/08\/Paieterno.png","datePublished":"2021-08-26T09:51:40+00:00","dateModified":"2021-08-26T09:53:27+00:00","description":"La emisora de inspiraci\u00f3n cat\u00f3lica transmitir\u00e1 la Santa Misa del d\u00eda 30 de agosto, a las 19 horas, presidida por Dom Walmor Oliveira de Azevedo, arzobispo de Belo Horizonte y presidente de la CNBB (Conferencia Nacional de Obispos Brasile\u00f1os).","breadcrumb":{"@id":"https:\/\/www.padreeustaquio.com.br\/tv-pai-eterno-vai-transmitir-santa-missa-do-beato-padre-eustaquio-direto-de-bh\/#breadcrumb"},"inLanguage":"es","potentialAction":[{"@type":"ReadAction","target":["https:\/\/www.padreeustaquio.com.br\/tv-pai-eterno-vai-transmitir-santa-missa-do-beato-padre-eustaquio-direto-de-bh\/"]}]},{"@type":"ImageObject","inLanguage":"es","@id":"https:\/\/www.padreeustaquio.com.br\/tv-pai-eterno-vai-transmitir-santa-missa-do-beato-padre-eustaquio-direto-de-bh\/#primaryimage","url":"https:\/\/www.padreeustaquio.com.br\/wp-content\/uploads\/2021\/08\/Paieterno.png","contentUrl":"https:\/\/www.padreeustaquio.com.br\/wp-content\/uploads\/2021\/08\/Paieterno.png","width":529,"height":326},{"@type":"BreadcrumbList","@id":"https:\/\/www.padreeustaquio.com.br\/tv-pai-eterno-vai-transmitir-santa-missa-do-beato-padre-eustaquio-direto-de-bh\/#breadcrumb","itemListElement":[{"@type":"ListItem","position":1,"name":"In\u00edcio","item":"https:\/\/www.padreeustaquio.com.br\/"},{"@type":"ListItem","position":2,"name":"TV Pai Eterno vai transmitir Santa Missa do Beato Padre Eust\u00e1quio direto de BH"}]},{"@type":"WebSite","@id":"https:\/\/www.padreeustaquio.com.br\/#website","url":"https:\/\/www.padreeustaquio.com.br\/","name":"Padre Eustace","description":"Salud y Paz","publisher":{"@id":"https:\/\/www.padreeustaquio.com.br\/#organization"},"potentialAction":[{"@type":"SearchAction","target":{"@type":"EntryPoint","urlTemplate":"https:\/\/www.padreeustaquio.com.br\/?s={search_term_string}"},"query-input":{"@type":"PropertyValueSpecification","valueRequired":true,"valueName":"search_term_string"}}],"inLanguage":"es"},{"@type":"Organization","@id":"https:\/\/www.padreeustaquio.com.br\/#organization","name":"Padre Eustace","url":"https:\/\/www.padreeustaquio.com.br\/","logo":{"@type":"ImageObject","inLanguage":"es","@id":"https:\/\/www.padreeustaquio.com.br\/#\/schema\/logo\/image\/","url":"https:\/\/www.padreeustaquio.com.br\/wp-content\/uploads\/2019\/08\/marca.png","contentUrl":"https:\/\/www.padreeustaquio.com.br\/wp-content\/uploads\/2019\/08\/marca.png","width":350,"height":400,"caption":"Padre Eust\u00e1quio"},"image":{"@id":"https:\/\/www.padreeustaquio.com.br\/#\/schema\/logo\/image\/"},"sameAs":["https:\/\/www.facebook.com\/beatopadreeustaquio\/","https:\/\/x.com\/beatopeustaquio","https:\/\/www.instagram.com\/beatopadreeustaquio\/","https:\/\/www.youtube.com\/channel\/UCRhw7vfabnajwLxb1ZXMeIw"]},{"@type":"Person","@id":"https:\/\/www.padreeustaquio.com.br\/#\/schema\/person\/a2a51db1d00f1a7af0204a0f1ddb1566","name":"@sscc","image":{"@type":"ImageObject","inLanguage":"es","@id":"https:\/\/secure.gravatar.com\/avatar\/68cfafa5f44617fea54071e215026e0ff06be366c3d54a8425f04fdcb86f8c5f?s=96&d=mm&r=g","url":"https:\/\/secure.gravatar.com\/avatar\/68cfafa5f44617fea54071e215026e0ff06be366c3d54a8425f04fdcb86f8c5f?s=96&d=mm&r=g","contentUrl":"https:\/\/secure.gravatar.com\/avatar\/68cfafa5f44617fea54071e215026e0ff06be366c3d54a8425f04fdcb86f8c5f?s=96&d=mm&r=g","caption":"@sscc"},"url":"https:\/\/www.padreeustaquio.com.br\/es\/author\/sscc\/"}]}},"_links":{"self":[{"href":"https:\/\/www.padreeustaquio.com.br\/es\/wp-json\/wp\/v2\/posts\/6716","targetHints":{"allow":["GET"]}}],"collection":[{"href":"https:\/\/www.padreeustaquio.com.br\/es\/wp-json\/wp\/v2\/posts"}],"about":[{"href":"https:\/\/www.padreeustaquio.com.br\/es\/wp-json\/wp\/v2\/types\/post"}],"author":[{"embeddable":true,"href":"https:\/\/www.padreeustaquio.com.br\/es\/wp-json\/wp\/v2\/users\/2"}],"replies":[{"embeddable":true,"href":"https:\/\/www.padreeustaquio.com.br\/es\/wp-json\/wp\/v2\/comments?post=6716"}],"version-history":[{"count":0,"href":"https:\/\/www.padreeustaquio.com.br\/es\/wp-json\/wp\/v2\/posts\/6716\/revisions"}],"wp:featuredmedia":[{"embeddable":true,"href":"https:\/\/www.padreeustaquio.com.br\/es\/wp-json\/wp\/v2\/media\/6719"}],"wp:attachment":[{"href":"https:\/\/www.padreeustaquio.com.br\/es\/wp-json\/wp\/v2\/media?parent=6716"}],"wp:term":[{"taxonomy":"category","embeddable":true,"href":"https:\/\/www.padreeustaquio.com.br\/es\/wp-json\/wp\/v2\/categories?post=6716"},{"taxonomy":"post_tag","embeddable":true,"href":"https:\/\/www.padreeustaquio.com.br\/es\/wp-json\/wp\/v2\/tags?post=6716"}],"curies":[{"name":"wp","href":"https:\/\/api.w.org\/{rel}","templated":true}]}}