{"id":6710,"date":"2021-08-25T05:35:00","date_gmt":"2021-08-25T08:35:00","guid":{"rendered":"https:\/\/www.padreeustaquio.com.br\/?p=6710"},"modified":"2021-08-24T22:53:52","modified_gmt":"2021-08-25T01:53:52","slug":"la-misa-de-clausura-del-festival-del-padre-eustaquio-sera-presidida-por-dom-walmor","status":"publish","type":"post","link":"https:\/\/www.padreeustaquio.com.br\/es\/la-misa-de-clausura-del-festival-del-padre-eustaquio-sera-presidida-por-dom-walmor\/","title":{"rendered":"La Misa de clausura de la Fiesta del Padre Eustaquio ser\u00e1 presidida por el Obispo Walmor."},"content":{"rendered":"<p>El Arzobispo Metropolitano de Belo Horizonte y presidente de la CNBB (Conferencia Nacional de Obispos Brasile\u00f1os), Dom Walmor Oliveira de Azevedo, confirm\u00f3 su participaci\u00f3n en la Fiesta del Beato Padre Eust\u00e1quio 2021. El arzobispo presidir\u00e1 la misa de clausura de la festividad el 30 de agosto a las 19:00 h.<\/p>\n\n\n\n<p>La Celebraci\u00f3n Eucar\u00edstica tambi\u00e9n contar\u00e1 con la presencia de religiosos, religiosas y sacerdotes de la Congregaci\u00f3n de los Sagrados Corazones. La iglesia estar\u00e1 cerrada, sin la presencia de los devotos, quienes podr\u00e1n seguir la celebraci\u00f3n desde sus hogares a trav\u00e9s del Canal Padre Eust\u00e1quio en YouTube o por TV Pai Eterno, en todo Brasil.<\/p>\n\n\n\n<p>Cada a\u00f1o, Dom Walmor se esfuerza por participar en el festival y ayudar a difundir el mensaje de Salud y Paz, legado del Padre Eust\u00e1quio. El arzobispo de Belo Horizonte presidi\u00f3 la ceremonia de beatificaci\u00f3n del religioso holand\u00e9s en 2006, y desde entonces preside una de las celebraciones del festival cada a\u00f1o.<\/p>\n\n\n\n<p>Como parte de las celebraciones del centenario de la Arquidi\u00f3cesis de Belo Horizonte, Dom Walmor ya hab\u00eda celebrado el 15.\u00ba aniversario de la beatificaci\u00f3n del Padre Eust\u00e1quio. Esta tuvo lugar el 13 de junio en la Catedral de Cristo Rey, en una hermosa ceremonia a la que asisti\u00f3 una caravana de devotos y fieles de todo el mundo a trav\u00e9s del Canal Padre Eust\u00e1quio.<\/p>","protected":false},"excerpt":{"rendered":"<p>O arcebispo metropolitano de Belo Horizonte e presidente da CNBB, Dom Walmor Oliveira de Azevedo, confirmou a participa\u00e7\u00e3o na Festa do Beato Padre Eust\u00e1quio 2021. O arcebispo ir\u00e1 presidir a Santa Missa de encerramento da festa, no dia 30 de agosto, \u00e0s 19h. A Celebra\u00e7\u00e3o Eucar\u00edstica vai contar ainda com religiosos, religiosas e padres da Congrega\u00e7\u00e3o dos Sagrados Cora\u00e7\u00f5es. O templo ficar\u00e1 fechado, sem a presen\u00e7a de devotos, que poder\u00e3o acompanhar o momento festivo de suas casas por meio do Canal Padre Eust\u00e1quio, no YouTube, ou pela TV Pai Eterno, em todo o Brasil. Todos os anos, Dom Walmor faz [&hellip;]<\/p>\n","protected":false},"author":2,"featured_media":6711,"comment_status":"open","ping_status":"closed","sticky":false,"template":"","format":"standard","meta":{"_acf_changed":false,"footnotes":""},"categories":[611],"tags":[],"class_list":["post-6710","post","type-post","status-publish","format-standard","has-post-thumbnail","hentry","category-noticias"],"acf":[],"yoast_head":"<!-- This site is optimized with the Yoast SEO plugin v27.2 - https:\/\/yoast.com\/product\/yoast-seo-wordpress\/ -->\n<title>Missa de encerramento da Festa de Pe. Eust\u00e1quio ser\u00e1 presidida por Dom Walmor<\/title>\n<meta name=\"description\" content=\"O arcebispo metropolitano de Belo Horizonte e presidente da CNBB, Dom Walmor Oliveira de Azevedo, ir\u00e1 presidir a Santa Missa de encerramento da festa, no dia 30 de agosto, \u00e0s 19h.\" \/>\n<meta name=\"robots\" content=\"index, follow, max-snippet:-1, max-image-preview:large, max-video-preview:-1\" \/>\n<link rel=\"canonical\" href=\"https:\/\/www.padreeustaquio.com.br\/es\/la-misa-de-clausura-del-festival-del-padre-eustaquio-sera-presidida-por-dom-walmor\/\" \/>\n<meta property=\"og:locale\" content=\"es_ES\" \/>\n<meta property=\"og:type\" content=\"article\" \/>\n<meta property=\"og:title\" content=\"Missa de encerramento da Festa de Pe. Eust\u00e1quio ser\u00e1 presidida por Dom Walmor\" \/>\n<meta property=\"og:description\" content=\"O arcebispo metropolitano de Belo Horizonte e presidente da CNBB, Dom Walmor Oliveira de Azevedo, ir\u00e1 presidir a Santa Missa de encerramento da festa, no dia 30 de agosto, \u00e0s 19h.\" \/>\n<meta property=\"og:url\" content=\"https:\/\/www.padreeustaquio.com.br\/es\/la-misa-de-clausura-del-festival-del-padre-eustaquio-sera-presidida-por-dom-walmor\/\" \/>\n<meta property=\"og:site_name\" content=\"Padre Eust\u00e1quio\" \/>\n<meta property=\"article:publisher\" content=\"https:\/\/www.facebook.com\/beatopadreeustaquio\/\" \/>\n<meta property=\"article:published_time\" content=\"2021-08-25T08:35:00+00:00\" \/>\n<meta property=\"og:image\" content=\"https:\/\/www.padreeustaquio.com.br\/wp-content\/uploads\/2021\/08\/dom-walmor-no-pe.png\" \/>\n\t<meta property=\"og:image:width\" content=\"933\" \/>\n\t<meta property=\"og:image:height\" content=\"586\" \/>\n\t<meta property=\"og:image:type\" content=\"image\/png\" \/>\n<meta name=\"author\" content=\"@sscc\" \/>\n<meta name=\"twitter:card\" content=\"summary_large_image\" \/>\n<meta name=\"twitter:creator\" content=\"@beatopeustaquio\" \/>\n<meta name=\"twitter:site\" content=\"@beatopeustaquio\" \/>\n<meta name=\"twitter:label1\" content=\"Escrito por\" \/>\n\t<meta name=\"twitter:data1\" content=\"@sscc\" \/>\n\t<meta name=\"twitter:label2\" content=\"Tiempo de lectura\" \/>\n\t<meta name=\"twitter:data2\" content=\"1 minuto\" \/>\n<script type=\"application\/ld+json\" class=\"yoast-schema-graph\">{\"@context\":\"https:\/\/schema.org\",\"@graph\":[{\"@type\":\"Article\",\"@id\":\"https:\/\/www.padreeustaquio.com.br\/missa-de-encerramento-da-festa-de-pe-eustaquio-sera-presidida-por-dom-walmor\/#article\",\"isPartOf\":{\"@id\":\"https:\/\/www.padreeustaquio.com.br\/missa-de-encerramento-da-festa-de-pe-eustaquio-sera-presidida-por-dom-walmor\/\"},\"author\":{\"name\":\"@sscc\",\"@id\":\"https:\/\/www.padreeustaquio.com.br\/#\/schema\/person\/a2a51db1d00f1a7af0204a0f1ddb1566\"},\"headline\":\"Missa de encerramento da Festa de Pe. Eust\u00e1quio ser\u00e1 presidida por Dom Walmor\",\"datePublished\":\"2021-08-25T08:35:00+00:00\",\"mainEntityOfPage\":{\"@id\":\"https:\/\/www.padreeustaquio.com.br\/missa-de-encerramento-da-festa-de-pe-eustaquio-sera-presidida-por-dom-walmor\/\"},\"wordCount\":239,\"commentCount\":0,\"publisher\":{\"@id\":\"https:\/\/www.padreeustaquio.com.br\/#organization\"},\"image\":{\"@id\":\"https:\/\/www.padreeustaquio.com.br\/missa-de-encerramento-da-festa-de-pe-eustaquio-sera-presidida-por-dom-walmor\/#primaryimage\"},\"thumbnailUrl\":\"https:\/\/www.padreeustaquio.com.br\/wp-content\/uploads\/2021\/08\/dom-walmor-no-pe.png\",\"articleSection\":[\"Not\u00edcias\"],\"inLanguage\":\"es\",\"potentialAction\":[{\"@type\":\"CommentAction\",\"name\":\"Comment\",\"target\":[\"https:\/\/www.padreeustaquio.com.br\/missa-de-encerramento-da-festa-de-pe-eustaquio-sera-presidida-por-dom-walmor\/#respond\"]}]},{\"@type\":\"WebPage\",\"@id\":\"https:\/\/www.padreeustaquio.com.br\/missa-de-encerramento-da-festa-de-pe-eustaquio-sera-presidida-por-dom-walmor\/\",\"url\":\"https:\/\/www.padreeustaquio.com.br\/missa-de-encerramento-da-festa-de-pe-eustaquio-sera-presidida-por-dom-walmor\/\",\"name\":\"Missa de encerramento da Festa de Pe. Eust\u00e1quio ser\u00e1 presidida por Dom Walmor\",\"isPartOf\":{\"@id\":\"https:\/\/www.padreeustaquio.com.br\/#website\"},\"primaryImageOfPage\":{\"@id\":\"https:\/\/www.padreeustaquio.com.br\/missa-de-encerramento-da-festa-de-pe-eustaquio-sera-presidida-por-dom-walmor\/#primaryimage\"},\"image\":{\"@id\":\"https:\/\/www.padreeustaquio.com.br\/missa-de-encerramento-da-festa-de-pe-eustaquio-sera-presidida-por-dom-walmor\/#primaryimage\"},\"thumbnailUrl\":\"https:\/\/www.padreeustaquio.com.br\/wp-content\/uploads\/2021\/08\/dom-walmor-no-pe.png\",\"datePublished\":\"2021-08-25T08:35:00+00:00\",\"description\":\"O arcebispo metropolitano de Belo Horizonte e presidente da CNBB, Dom Walmor Oliveira de Azevedo, ir\u00e1 presidir a Santa Missa de encerramento da festa, no dia 30 de agosto, \u00e0s 19h.\",\"breadcrumb\":{\"@id\":\"https:\/\/www.padreeustaquio.com.br\/missa-de-encerramento-da-festa-de-pe-eustaquio-sera-presidida-por-dom-walmor\/#breadcrumb\"},\"inLanguage\":\"es\",\"potentialAction\":[{\"@type\":\"ReadAction\",\"target\":[\"https:\/\/www.padreeustaquio.com.br\/missa-de-encerramento-da-festa-de-pe-eustaquio-sera-presidida-por-dom-walmor\/\"]}]},{\"@type\":\"ImageObject\",\"inLanguage\":\"es\",\"@id\":\"https:\/\/www.padreeustaquio.com.br\/missa-de-encerramento-da-festa-de-pe-eustaquio-sera-presidida-por-dom-walmor\/#primaryimage\",\"url\":\"https:\/\/www.padreeustaquio.com.br\/wp-content\/uploads\/2021\/08\/dom-walmor-no-pe.png\",\"contentUrl\":\"https:\/\/www.padreeustaquio.com.br\/wp-content\/uploads\/2021\/08\/dom-walmor-no-pe.png\",\"width\":933,\"height\":586},{\"@type\":\"BreadcrumbList\",\"@id\":\"https:\/\/www.padreeustaquio.com.br\/missa-de-encerramento-da-festa-de-pe-eustaquio-sera-presidida-por-dom-walmor\/#breadcrumb\",\"itemListElement\":[{\"@type\":\"ListItem\",\"position\":1,\"name\":\"In\u00edcio\",\"item\":\"https:\/\/www.padreeustaquio.com.br\/\"},{\"@type\":\"ListItem\",\"position\":2,\"name\":\"Missa de encerramento da Festa de Pe. Eust\u00e1quio ser\u00e1 presidida por Dom Walmor\"}]},{\"@type\":\"WebSite\",\"@id\":\"https:\/\/www.padreeustaquio.com.br\/#website\",\"url\":\"https:\/\/www.padreeustaquio.com.br\/\",\"name\":\"Padre Eust\u00e1quio\",\"description\":\"Sa\u00fade e Paz\",\"publisher\":{\"@id\":\"https:\/\/www.padreeustaquio.com.br\/#organization\"},\"potentialAction\":[{\"@type\":\"SearchAction\",\"target\":{\"@type\":\"EntryPoint\",\"urlTemplate\":\"https:\/\/www.padreeustaquio.com.br\/?s={search_term_string}\"},\"query-input\":{\"@type\":\"PropertyValueSpecification\",\"valueRequired\":true,\"valueName\":\"search_term_string\"}}],\"inLanguage\":\"es\"},{\"@type\":\"Organization\",\"@id\":\"https:\/\/www.padreeustaquio.com.br\/#organization\",\"name\":\"Padre Eust\u00e1quio\",\"url\":\"https:\/\/www.padreeustaquio.com.br\/\",\"logo\":{\"@type\":\"ImageObject\",\"inLanguage\":\"es\",\"@id\":\"https:\/\/www.padreeustaquio.com.br\/#\/schema\/logo\/image\/\",\"url\":\"https:\/\/www.padreeustaquio.com.br\/wp-content\/uploads\/2019\/08\/marca.png\",\"contentUrl\":\"https:\/\/www.padreeustaquio.com.br\/wp-content\/uploads\/2019\/08\/marca.png\",\"width\":350,\"height\":400,\"caption\":\"Padre Eust\u00e1quio\"},\"image\":{\"@id\":\"https:\/\/www.padreeustaquio.com.br\/#\/schema\/logo\/image\/\"},\"sameAs\":[\"https:\/\/www.facebook.com\/beatopadreeustaquio\/\",\"https:\/\/x.com\/beatopeustaquio\",\"https:\/\/www.instagram.com\/beatopadreeustaquio\/\",\"https:\/\/www.youtube.com\/channel\/UCRhw7vfabnajwLxb1ZXMeIw\"]},{\"@type\":\"Person\",\"@id\":\"https:\/\/www.padreeustaquio.com.br\/#\/schema\/person\/a2a51db1d00f1a7af0204a0f1ddb1566\",\"name\":\"@sscc\",\"image\":{\"@type\":\"ImageObject\",\"inLanguage\":\"es\",\"@id\":\"https:\/\/secure.gravatar.com\/avatar\/68cfafa5f44617fea54071e215026e0ff06be366c3d54a8425f04fdcb86f8c5f?s=96&d=mm&r=g\",\"url\":\"https:\/\/secure.gravatar.com\/avatar\/68cfafa5f44617fea54071e215026e0ff06be366c3d54a8425f04fdcb86f8c5f?s=96&d=mm&r=g\",\"contentUrl\":\"https:\/\/secure.gravatar.com\/avatar\/68cfafa5f44617fea54071e215026e0ff06be366c3d54a8425f04fdcb86f8c5f?s=96&d=mm&r=g\",\"caption\":\"@sscc\"},\"url\":\"https:\/\/www.padreeustaquio.com.br\/es\/author\/sscc\/\"}]}<\/script>\n<!-- \/ Yoast SEO plugin. -->","yoast_head_json":{"title":"La Misa de clausura de la Fiesta del Padre Eustaquio ser\u00e1 presidida por el Obispo Walmor.","description":"El arzobispo metropolitano de Belo Horizonte y presidente de la CNBB (Conferencia Nacional de Obispos Brasile\u00f1os), Dom Walmor Oliveira de Azevedo, presidir\u00e1 la misa de clausura de las festividades el d\u00eda 30 de agosto, a las 19 horas.","robots":{"index":"index","follow":"follow","max-snippet":"max-snippet:-1","max-image-preview":"max-image-preview:large","max-video-preview":"max-video-preview:-1"},"canonical":"https:\/\/www.padreeustaquio.com.br\/es\/la-misa-de-clausura-del-festival-del-padre-eustaquio-sera-presidida-por-dom-walmor\/","og_locale":"es_ES","og_type":"article","og_title":"Missa de encerramento da Festa de Pe. Eust\u00e1quio ser\u00e1 presidida por Dom Walmor","og_description":"O arcebispo metropolitano de Belo Horizonte e presidente da CNBB, Dom Walmor Oliveira de Azevedo, ir\u00e1 presidir a Santa Missa de encerramento da festa, no dia 30 de agosto, \u00e0s 19h.","og_url":"https:\/\/www.padreeustaquio.com.br\/es\/la-misa-de-clausura-del-festival-del-padre-eustaquio-sera-presidida-por-dom-walmor\/","og_site_name":"Padre Eust\u00e1quio","article_publisher":"https:\/\/www.facebook.com\/beatopadreeustaquio\/","article_published_time":"2021-08-25T08:35:00+00:00","og_image":[{"width":933,"height":586,"url":"https:\/\/www.padreeustaquio.com.br\/wp-content\/uploads\/2021\/08\/dom-walmor-no-pe.png","type":"image\/png"}],"author":"@sscc","twitter_card":"summary_large_image","twitter_creator":"@beatopeustaquio","twitter_site":"@beatopeustaquio","twitter_misc":{"Escrito por":"@sscc","Tiempo de lectura":"1 minuto"},"schema":{"@context":"https:\/\/schema.org","@graph":[{"@type":"Article","@id":"https:\/\/www.padreeustaquio.com.br\/missa-de-encerramento-da-festa-de-pe-eustaquio-sera-presidida-por-dom-walmor\/#article","isPartOf":{"@id":"https:\/\/www.padreeustaquio.com.br\/missa-de-encerramento-da-festa-de-pe-eustaquio-sera-presidida-por-dom-walmor\/"},"author":{"name":"@sscc","@id":"https:\/\/www.padreeustaquio.com.br\/#\/schema\/person\/a2a51db1d00f1a7af0204a0f1ddb1566"},"headline":"Missa de encerramento da Festa de Pe. Eust\u00e1quio ser\u00e1 presidida por Dom Walmor","datePublished":"2021-08-25T08:35:00+00:00","mainEntityOfPage":{"@id":"https:\/\/www.padreeustaquio.com.br\/missa-de-encerramento-da-festa-de-pe-eustaquio-sera-presidida-por-dom-walmor\/"},"wordCount":239,"commentCount":0,"publisher":{"@id":"https:\/\/www.padreeustaquio.com.br\/#organization"},"image":{"@id":"https:\/\/www.padreeustaquio.com.br\/missa-de-encerramento-da-festa-de-pe-eustaquio-sera-presidida-por-dom-walmor\/#primaryimage"},"thumbnailUrl":"https:\/\/www.padreeustaquio.com.br\/wp-content\/uploads\/2021\/08\/dom-walmor-no-pe.png","articleSection":["Not\u00edcias"],"inLanguage":"es","potentialAction":[{"@type":"CommentAction","name":"Comment","target":["https:\/\/www.padreeustaquio.com.br\/missa-de-encerramento-da-festa-de-pe-eustaquio-sera-presidida-por-dom-walmor\/#respond"]}]},{"@type":"WebPage","@id":"https:\/\/www.padreeustaquio.com.br\/missa-de-encerramento-da-festa-de-pe-eustaquio-sera-presidida-por-dom-walmor\/","url":"https:\/\/www.padreeustaquio.com.br\/missa-de-encerramento-da-festa-de-pe-eustaquio-sera-presidida-por-dom-walmor\/","name":"La Misa de clausura de la Fiesta del Padre Eustaquio ser\u00e1 presidida por el Obispo Walmor.","isPartOf":{"@id":"https:\/\/www.padreeustaquio.com.br\/#website"},"primaryImageOfPage":{"@id":"https:\/\/www.padreeustaquio.com.br\/missa-de-encerramento-da-festa-de-pe-eustaquio-sera-presidida-por-dom-walmor\/#primaryimage"},"image":{"@id":"https:\/\/www.padreeustaquio.com.br\/missa-de-encerramento-da-festa-de-pe-eustaquio-sera-presidida-por-dom-walmor\/#primaryimage"},"thumbnailUrl":"https:\/\/www.padreeustaquio.com.br\/wp-content\/uploads\/2021\/08\/dom-walmor-no-pe.png","datePublished":"2021-08-25T08:35:00+00:00","description":"El arzobispo metropolitano de Belo Horizonte y presidente de la CNBB (Conferencia Nacional de Obispos Brasile\u00f1os), Dom Walmor Oliveira de Azevedo, presidir\u00e1 la misa de clausura de las festividades el d\u00eda 30 de agosto, a las 19 horas.","breadcrumb":{"@id":"https:\/\/www.padreeustaquio.com.br\/missa-de-encerramento-da-festa-de-pe-eustaquio-sera-presidida-por-dom-walmor\/#breadcrumb"},"inLanguage":"es","potentialAction":[{"@type":"ReadAction","target":["https:\/\/www.padreeustaquio.com.br\/missa-de-encerramento-da-festa-de-pe-eustaquio-sera-presidida-por-dom-walmor\/"]}]},{"@type":"ImageObject","inLanguage":"es","@id":"https:\/\/www.padreeustaquio.com.br\/missa-de-encerramento-da-festa-de-pe-eustaquio-sera-presidida-por-dom-walmor\/#primaryimage","url":"https:\/\/www.padreeustaquio.com.br\/wp-content\/uploads\/2021\/08\/dom-walmor-no-pe.png","contentUrl":"https:\/\/www.padreeustaquio.com.br\/wp-content\/uploads\/2021\/08\/dom-walmor-no-pe.png","width":933,"height":586},{"@type":"BreadcrumbList","@id":"https:\/\/www.padreeustaquio.com.br\/missa-de-encerramento-da-festa-de-pe-eustaquio-sera-presidida-por-dom-walmor\/#breadcrumb","itemListElement":[{"@type":"ListItem","position":1,"name":"In\u00edcio","item":"https:\/\/www.padreeustaquio.com.br\/"},{"@type":"ListItem","position":2,"name":"Missa de encerramento da Festa de Pe. Eust\u00e1quio ser\u00e1 presidida por Dom Walmor"}]},{"@type":"WebSite","@id":"https:\/\/www.padreeustaquio.com.br\/#website","url":"https:\/\/www.padreeustaquio.com.br\/","name":"Padre Eustace","description":"Salud y Paz","publisher":{"@id":"https:\/\/www.padreeustaquio.com.br\/#organization"},"potentialAction":[{"@type":"SearchAction","target":{"@type":"EntryPoint","urlTemplate":"https:\/\/www.padreeustaquio.com.br\/?s={search_term_string}"},"query-input":{"@type":"PropertyValueSpecification","valueRequired":true,"valueName":"search_term_string"}}],"inLanguage":"es"},{"@type":"Organization","@id":"https:\/\/www.padreeustaquio.com.br\/#organization","name":"Padre Eustace","url":"https:\/\/www.padreeustaquio.com.br\/","logo":{"@type":"ImageObject","inLanguage":"es","@id":"https:\/\/www.padreeustaquio.com.br\/#\/schema\/logo\/image\/","url":"https:\/\/www.padreeustaquio.com.br\/wp-content\/uploads\/2019\/08\/marca.png","contentUrl":"https:\/\/www.padreeustaquio.com.br\/wp-content\/uploads\/2019\/08\/marca.png","width":350,"height":400,"caption":"Padre Eust\u00e1quio"},"image":{"@id":"https:\/\/www.padreeustaquio.com.br\/#\/schema\/logo\/image\/"},"sameAs":["https:\/\/www.facebook.com\/beatopadreeustaquio\/","https:\/\/x.com\/beatopeustaquio","https:\/\/www.instagram.com\/beatopadreeustaquio\/","https:\/\/www.youtube.com\/channel\/UCRhw7vfabnajwLxb1ZXMeIw"]},{"@type":"Person","@id":"https:\/\/www.padreeustaquio.com.br\/#\/schema\/person\/a2a51db1d00f1a7af0204a0f1ddb1566","name":"@sscc","image":{"@type":"ImageObject","inLanguage":"es","@id":"https:\/\/secure.gravatar.com\/avatar\/68cfafa5f44617fea54071e215026e0ff06be366c3d54a8425f04fdcb86f8c5f?s=96&d=mm&r=g","url":"https:\/\/secure.gravatar.com\/avatar\/68cfafa5f44617fea54071e215026e0ff06be366c3d54a8425f04fdcb86f8c5f?s=96&d=mm&r=g","contentUrl":"https:\/\/secure.gravatar.com\/avatar\/68cfafa5f44617fea54071e215026e0ff06be366c3d54a8425f04fdcb86f8c5f?s=96&d=mm&r=g","caption":"@sscc"},"url":"https:\/\/www.padreeustaquio.com.br\/es\/author\/sscc\/"}]}},"_links":{"self":[{"href":"https:\/\/www.padreeustaquio.com.br\/es\/wp-json\/wp\/v2\/posts\/6710","targetHints":{"allow":["GET"]}}],"collection":[{"href":"https:\/\/www.padreeustaquio.com.br\/es\/wp-json\/wp\/v2\/posts"}],"about":[{"href":"https:\/\/www.padreeustaquio.com.br\/es\/wp-json\/wp\/v2\/types\/post"}],"author":[{"embeddable":true,"href":"https:\/\/www.padreeustaquio.com.br\/es\/wp-json\/wp\/v2\/users\/2"}],"replies":[{"embeddable":true,"href":"https:\/\/www.padreeustaquio.com.br\/es\/wp-json\/wp\/v2\/comments?post=6710"}],"version-history":[{"count":0,"href":"https:\/\/www.padreeustaquio.com.br\/es\/wp-json\/wp\/v2\/posts\/6710\/revisions"}],"wp:featuredmedia":[{"embeddable":true,"href":"https:\/\/www.padreeustaquio.com.br\/es\/wp-json\/wp\/v2\/media\/6711"}],"wp:attachment":[{"href":"https:\/\/www.padreeustaquio.com.br\/es\/wp-json\/wp\/v2\/media?parent=6710"}],"wp:term":[{"taxonomy":"category","embeddable":true,"href":"https:\/\/www.padreeustaquio.com.br\/es\/wp-json\/wp\/v2\/categories?post=6710"},{"taxonomy":"post_tag","embeddable":true,"href":"https:\/\/www.padreeustaquio.com.br\/es\/wp-json\/wp\/v2\/tags?post=6710"}],"curies":[{"name":"wp","href":"https:\/\/api.w.org\/{rel}","templated":true}]}}