{"id":6698,"date":"2021-08-23T05:51:00","date_gmt":"2021-08-23T08:51:00","guid":{"rendered":"https:\/\/www.padreeustaquio.com.br\/?p=6698"},"modified":"2021-08-22T20:59:45","modified_gmt":"2021-08-22T23:59:45","slug":"una-misa-festiva-marca-el-primer-dia-de-la-novena-al-beato-padre-eustaquio","status":"publish","type":"post","link":"https:\/\/www.padreeustaquio.com.br\/es\/una-misa-festiva-marca-el-primer-dia-de-la-novena-al-beato-padre-eustaquio\/","title":{"rendered":"La misa festiva marca el primer d\u00eda de la Novena al Beato Padre Eustaquio"},"content":{"rendered":"<p>La Santa Misa del s\u00e1bado pasado fue una celebraci\u00f3n llena de oraci\u00f3n en el Santuario de Salud y Paz. Los devotos del Padre Eust\u00e1quio participaron en la apertura de la Novena, que incluy\u00f3 una procesi\u00f3n con velas dentro de la iglesia. Debido a las restricciones por la pandemia, aproximadamente 200 personas asistieron en persona, pero se registraron m\u00e1s de 800 visualizaciones en el Canal del Padre Eust\u00e1quio. <a href=\"https:\/\/www.youtube.com\/watch?v=Akw3PSpeNgY\" target=\"_blank\" rel=\"noreferrer noopener\">Mira c\u00f3mo fue haciendo clic aqu\u00ed.<\/a><\/p>\n\n\n\n<p>Compuesta por los Eust\u00e1quios y Eust\u00e1quias presentes en la iglesia, la procesi\u00f3n recorri\u00f3 todas las naves del templo y lleg\u00f3 al altar al son del himno al Padre Eust\u00e1quio. La imagen del santo patrono fue aclamada por todos y marc\u00f3 el inicio de la Novena, presidida por el responsable de la Causa de Canonizaci\u00f3n, el P. Vin\u00edcius Maciel, ss.cc.<\/p>\n\n\n\n<p>El domingo, fue el turno de las mujeres embarazadas y las parejas que rezaban por la gracia de la concepci\u00f3n para recibir una bendici\u00f3n especial en el segundo d\u00eda de la novena. En las cuatro celebraciones, se ofrecieron oraciones y bendiciones a los presentes en el Santuario y tambi\u00e9n a quienes las siguieron en l\u00ednea. <a href=\"https:\/\/www.youtube.com\/watch?v=cp003Z2pF8I\" target=\"_blank\" rel=\"noreferrer noopener\">Veamos c\u00f3mo fue.<\/a><\/p>\n\n\n\n<p>Este lunes 23 se celebrar\u00e1 la Misa por las Vocaciones Sacerdotales y Religiosas. Entradas ya disponibles. <a href=\"https:\/\/www.sympla.com.br\/missas-presenciais---igreja-padre-eustaquio---23-a-29-de-agosto__1315546\" target=\"_blank\" rel=\"noreferrer noopener\">aqu\u00ed<\/a> Para participar presencialmente, o si lo prefieres, puedes seguirlo en vivo por el Canal del Padre Eust\u00e1quio., <a href=\"https:\/\/www.youtube.com\/watch?v=GqCOzcKrmPk\" target=\"_blank\" rel=\"noreferrer noopener\">en este enlace<\/a>.<\/p>","protected":false},"excerpt":{"rendered":"<p>A Santa Missa do \u00faltimo s\u00e1bado foi de festa e muita ora\u00e7\u00e3o no Santu\u00e1rio Sa\u00fade e Paz. Os devotos de Padre Eust\u00e1quio participaram da abertura da Novena que contou com uma prociss\u00e3o luminosa dentro da igreja. Por causa das restri\u00e7\u00f5es impostas pela pandemia, cerca de 200 pessoas participaram presencialmente, mas pelo Canal Padre Eust\u00e1quio, mais de 800 visualiza\u00e7\u00f5es foram registradas. Veja como foi clicando aqui. Formada pelos Eust\u00e1quios e Eust\u00e1quias presentes na igreja, a prociss\u00e3o seguiu por todas as naves do templo e chegou ao altar ao som do hino ao Padre Eust\u00e1quio. A imagem do padroeiro foi aclamada por [&hellip;]<\/p>\n","protected":false},"author":2,"featured_media":6700,"comment_status":"open","ping_status":"closed","sticky":false,"template":"","format":"standard","meta":{"_acf_changed":false,"footnotes":""},"categories":[611],"tags":[],"class_list":["post-6698","post","type-post","status-publish","format-standard","has-post-thumbnail","hentry","category-noticias"],"acf":[],"yoast_head":"<!-- This site is optimized with the Yoast SEO plugin v27.2 - https:\/\/yoast.com\/product\/yoast-seo-wordpress\/ -->\n<title>Missa festiva marca o Primeiro Dia da Novena ao Beato Padre Eust\u00e1quio<\/title>\n<meta name=\"description\" content=\"Os devotos de Padre Eust\u00e1quio participaram da abertura da Novena que contou com uma prociss\u00e3o luminosa dentro da igreja.\" \/>\n<meta name=\"robots\" content=\"index, follow, max-snippet:-1, max-image-preview:large, max-video-preview:-1\" \/>\n<link rel=\"canonical\" href=\"https:\/\/www.padreeustaquio.com.br\/es\/una-misa-festiva-marca-el-primer-dia-de-la-novena-al-beato-padre-eustaquio\/\" \/>\n<meta property=\"og:locale\" content=\"es_ES\" \/>\n<meta property=\"og:type\" content=\"article\" \/>\n<meta property=\"og:title\" content=\"Missa festiva marca o Primeiro Dia da Novena ao Beato Padre Eust\u00e1quio\" \/>\n<meta property=\"og:description\" content=\"Os devotos de Padre Eust\u00e1quio participaram da abertura da Novena que contou com uma prociss\u00e3o luminosa dentro da igreja.\" \/>\n<meta property=\"og:url\" content=\"https:\/\/www.padreeustaquio.com.br\/es\/una-misa-festiva-marca-el-primer-dia-de-la-novena-al-beato-padre-eustaquio\/\" \/>\n<meta property=\"og:site_name\" content=\"Padre Eust\u00e1quio\" \/>\n<meta property=\"article:publisher\" content=\"https:\/\/www.facebook.com\/beatopadreeustaquio\/\" \/>\n<meta property=\"article:published_time\" content=\"2021-08-23T08:51:00+00:00\" \/>\n<meta property=\"og:image\" content=\"https:\/\/www.padreeustaquio.com.br\/wp-content\/uploads\/2021\/08\/WhatsApp-Image-2021-08-21-at-21.53.35.jpeg\" \/>\n\t<meta property=\"og:image:width\" content=\"1280\" \/>\n\t<meta property=\"og:image:height\" content=\"958\" \/>\n\t<meta property=\"og:image:type\" content=\"image\/jpeg\" \/>\n<meta name=\"author\" content=\"@sscc\" \/>\n<meta name=\"twitter:card\" content=\"summary_large_image\" \/>\n<meta name=\"twitter:creator\" content=\"@beatopeustaquio\" \/>\n<meta name=\"twitter:site\" content=\"@beatopeustaquio\" \/>\n<meta name=\"twitter:label1\" content=\"Escrito por\" \/>\n\t<meta name=\"twitter:data1\" content=\"@sscc\" \/>\n\t<meta name=\"twitter:label2\" content=\"Tiempo de lectura\" \/>\n\t<meta name=\"twitter:data2\" content=\"1 minuto\" \/>\n<script type=\"application\/ld+json\" class=\"yoast-schema-graph\">{\"@context\":\"https:\/\/schema.org\",\"@graph\":[{\"@type\":\"Article\",\"@id\":\"https:\/\/www.padreeustaquio.com.br\/missa-festiva-marca-o-primeiro-dia-da-novena-ao-beato-padre-eustaquio\/#article\",\"isPartOf\":{\"@id\":\"https:\/\/www.padreeustaquio.com.br\/missa-festiva-marca-o-primeiro-dia-da-novena-ao-beato-padre-eustaquio\/\"},\"author\":{\"name\":\"@sscc\",\"@id\":\"https:\/\/www.padreeustaquio.com.br\/#\/schema\/person\/a2a51db1d00f1a7af0204a0f1ddb1566\"},\"headline\":\"Missa festiva marca o Primeiro Dia da Novena ao Beato Padre Eust\u00e1quio\",\"datePublished\":\"2021-08-23T08:51:00+00:00\",\"mainEntityOfPage\":{\"@id\":\"https:\/\/www.padreeustaquio.com.br\/missa-festiva-marca-o-primeiro-dia-da-novena-ao-beato-padre-eustaquio\/\"},\"wordCount\":244,\"commentCount\":0,\"publisher\":{\"@id\":\"https:\/\/www.padreeustaquio.com.br\/#organization\"},\"image\":{\"@id\":\"https:\/\/www.padreeustaquio.com.br\/missa-festiva-marca-o-primeiro-dia-da-novena-ao-beato-padre-eustaquio\/#primaryimage\"},\"thumbnailUrl\":\"https:\/\/www.padreeustaquio.com.br\/wp-content\/uploads\/2021\/08\/WhatsApp-Image-2021-08-21-at-21.53.35.jpeg\",\"articleSection\":[\"Not\u00edcias\"],\"inLanguage\":\"es\",\"potentialAction\":[{\"@type\":\"CommentAction\",\"name\":\"Comment\",\"target\":[\"https:\/\/www.padreeustaquio.com.br\/missa-festiva-marca-o-primeiro-dia-da-novena-ao-beato-padre-eustaquio\/#respond\"]}]},{\"@type\":\"WebPage\",\"@id\":\"https:\/\/www.padreeustaquio.com.br\/missa-festiva-marca-o-primeiro-dia-da-novena-ao-beato-padre-eustaquio\/\",\"url\":\"https:\/\/www.padreeustaquio.com.br\/missa-festiva-marca-o-primeiro-dia-da-novena-ao-beato-padre-eustaquio\/\",\"name\":\"Missa festiva marca o Primeiro Dia da Novena ao Beato Padre Eust\u00e1quio\",\"isPartOf\":{\"@id\":\"https:\/\/www.padreeustaquio.com.br\/#website\"},\"primaryImageOfPage\":{\"@id\":\"https:\/\/www.padreeustaquio.com.br\/missa-festiva-marca-o-primeiro-dia-da-novena-ao-beato-padre-eustaquio\/#primaryimage\"},\"image\":{\"@id\":\"https:\/\/www.padreeustaquio.com.br\/missa-festiva-marca-o-primeiro-dia-da-novena-ao-beato-padre-eustaquio\/#primaryimage\"},\"thumbnailUrl\":\"https:\/\/www.padreeustaquio.com.br\/wp-content\/uploads\/2021\/08\/WhatsApp-Image-2021-08-21-at-21.53.35.jpeg\",\"datePublished\":\"2021-08-23T08:51:00+00:00\",\"description\":\"Os devotos de Padre Eust\u00e1quio participaram da abertura da Novena que contou com uma prociss\u00e3o luminosa dentro da igreja.\",\"breadcrumb\":{\"@id\":\"https:\/\/www.padreeustaquio.com.br\/missa-festiva-marca-o-primeiro-dia-da-novena-ao-beato-padre-eustaquio\/#breadcrumb\"},\"inLanguage\":\"es\",\"potentialAction\":[{\"@type\":\"ReadAction\",\"target\":[\"https:\/\/www.padreeustaquio.com.br\/missa-festiva-marca-o-primeiro-dia-da-novena-ao-beato-padre-eustaquio\/\"]}]},{\"@type\":\"ImageObject\",\"inLanguage\":\"es\",\"@id\":\"https:\/\/www.padreeustaquio.com.br\/missa-festiva-marca-o-primeiro-dia-da-novena-ao-beato-padre-eustaquio\/#primaryimage\",\"url\":\"https:\/\/www.padreeustaquio.com.br\/wp-content\/uploads\/2021\/08\/WhatsApp-Image-2021-08-21-at-21.53.35.jpeg\",\"contentUrl\":\"https:\/\/www.padreeustaquio.com.br\/wp-content\/uploads\/2021\/08\/WhatsApp-Image-2021-08-21-at-21.53.35.jpeg\",\"width\":1280,\"height\":958},{\"@type\":\"BreadcrumbList\",\"@id\":\"https:\/\/www.padreeustaquio.com.br\/missa-festiva-marca-o-primeiro-dia-da-novena-ao-beato-padre-eustaquio\/#breadcrumb\",\"itemListElement\":[{\"@type\":\"ListItem\",\"position\":1,\"name\":\"In\u00edcio\",\"item\":\"https:\/\/www.padreeustaquio.com.br\/\"},{\"@type\":\"ListItem\",\"position\":2,\"name\":\"Missa festiva marca o Primeiro Dia da Novena ao Beato Padre Eust\u00e1quio\"}]},{\"@type\":\"WebSite\",\"@id\":\"https:\/\/www.padreeustaquio.com.br\/#website\",\"url\":\"https:\/\/www.padreeustaquio.com.br\/\",\"name\":\"Padre Eust\u00e1quio\",\"description\":\"Sa\u00fade e Paz\",\"publisher\":{\"@id\":\"https:\/\/www.padreeustaquio.com.br\/#organization\"},\"potentialAction\":[{\"@type\":\"SearchAction\",\"target\":{\"@type\":\"EntryPoint\",\"urlTemplate\":\"https:\/\/www.padreeustaquio.com.br\/?s={search_term_string}\"},\"query-input\":{\"@type\":\"PropertyValueSpecification\",\"valueRequired\":true,\"valueName\":\"search_term_string\"}}],\"inLanguage\":\"es\"},{\"@type\":\"Organization\",\"@id\":\"https:\/\/www.padreeustaquio.com.br\/#organization\",\"name\":\"Padre Eust\u00e1quio\",\"url\":\"https:\/\/www.padreeustaquio.com.br\/\",\"logo\":{\"@type\":\"ImageObject\",\"inLanguage\":\"es\",\"@id\":\"https:\/\/www.padreeustaquio.com.br\/#\/schema\/logo\/image\/\",\"url\":\"https:\/\/www.padreeustaquio.com.br\/wp-content\/uploads\/2019\/08\/marca.png\",\"contentUrl\":\"https:\/\/www.padreeustaquio.com.br\/wp-content\/uploads\/2019\/08\/marca.png\",\"width\":350,\"height\":400,\"caption\":\"Padre Eust\u00e1quio\"},\"image\":{\"@id\":\"https:\/\/www.padreeustaquio.com.br\/#\/schema\/logo\/image\/\"},\"sameAs\":[\"https:\/\/www.facebook.com\/beatopadreeustaquio\/\",\"https:\/\/x.com\/beatopeustaquio\",\"https:\/\/www.instagram.com\/beatopadreeustaquio\/\",\"https:\/\/www.youtube.com\/channel\/UCRhw7vfabnajwLxb1ZXMeIw\"]},{\"@type\":\"Person\",\"@id\":\"https:\/\/www.padreeustaquio.com.br\/#\/schema\/person\/a2a51db1d00f1a7af0204a0f1ddb1566\",\"name\":\"@sscc\",\"image\":{\"@type\":\"ImageObject\",\"inLanguage\":\"es\",\"@id\":\"https:\/\/secure.gravatar.com\/avatar\/68cfafa5f44617fea54071e215026e0ff06be366c3d54a8425f04fdcb86f8c5f?s=96&d=mm&r=g\",\"url\":\"https:\/\/secure.gravatar.com\/avatar\/68cfafa5f44617fea54071e215026e0ff06be366c3d54a8425f04fdcb86f8c5f?s=96&d=mm&r=g\",\"contentUrl\":\"https:\/\/secure.gravatar.com\/avatar\/68cfafa5f44617fea54071e215026e0ff06be366c3d54a8425f04fdcb86f8c5f?s=96&d=mm&r=g\",\"caption\":\"@sscc\"},\"url\":\"https:\/\/www.padreeustaquio.com.br\/es\/author\/sscc\/\"}]}<\/script>\n<!-- \/ Yoast SEO plugin. -->","yoast_head_json":{"title":"La misa festiva marca el primer d\u00eda de la Novena al Beato Padre Eustaquio","description":"Devotos del Padre Eust\u00e1quio participaron en la apertura de la Novena, que incluy\u00f3 una procesi\u00f3n de velas dentro de la iglesia.","robots":{"index":"index","follow":"follow","max-snippet":"max-snippet:-1","max-image-preview":"max-image-preview:large","max-video-preview":"max-video-preview:-1"},"canonical":"https:\/\/www.padreeustaquio.com.br\/es\/una-misa-festiva-marca-el-primer-dia-de-la-novena-al-beato-padre-eustaquio\/","og_locale":"es_ES","og_type":"article","og_title":"Missa festiva marca o Primeiro Dia da Novena ao Beato Padre Eust\u00e1quio","og_description":"Os devotos de Padre Eust\u00e1quio participaram da abertura da Novena que contou com uma prociss\u00e3o luminosa dentro da igreja.","og_url":"https:\/\/www.padreeustaquio.com.br\/es\/una-misa-festiva-marca-el-primer-dia-de-la-novena-al-beato-padre-eustaquio\/","og_site_name":"Padre Eust\u00e1quio","article_publisher":"https:\/\/www.facebook.com\/beatopadreeustaquio\/","article_published_time":"2021-08-23T08:51:00+00:00","og_image":[{"width":1280,"height":958,"url":"https:\/\/www.padreeustaquio.com.br\/wp-content\/uploads\/2021\/08\/WhatsApp-Image-2021-08-21-at-21.53.35.jpeg","type":"image\/jpeg"}],"author":"@sscc","twitter_card":"summary_large_image","twitter_creator":"@beatopeustaquio","twitter_site":"@beatopeustaquio","twitter_misc":{"Escrito por":"@sscc","Tiempo de lectura":"1 minuto"},"schema":{"@context":"https:\/\/schema.org","@graph":[{"@type":"Article","@id":"https:\/\/www.padreeustaquio.com.br\/missa-festiva-marca-o-primeiro-dia-da-novena-ao-beato-padre-eustaquio\/#article","isPartOf":{"@id":"https:\/\/www.padreeustaquio.com.br\/missa-festiva-marca-o-primeiro-dia-da-novena-ao-beato-padre-eustaquio\/"},"author":{"name":"@sscc","@id":"https:\/\/www.padreeustaquio.com.br\/#\/schema\/person\/a2a51db1d00f1a7af0204a0f1ddb1566"},"headline":"Missa festiva marca o Primeiro Dia da Novena ao Beato Padre Eust\u00e1quio","datePublished":"2021-08-23T08:51:00+00:00","mainEntityOfPage":{"@id":"https:\/\/www.padreeustaquio.com.br\/missa-festiva-marca-o-primeiro-dia-da-novena-ao-beato-padre-eustaquio\/"},"wordCount":244,"commentCount":0,"publisher":{"@id":"https:\/\/www.padreeustaquio.com.br\/#organization"},"image":{"@id":"https:\/\/www.padreeustaquio.com.br\/missa-festiva-marca-o-primeiro-dia-da-novena-ao-beato-padre-eustaquio\/#primaryimage"},"thumbnailUrl":"https:\/\/www.padreeustaquio.com.br\/wp-content\/uploads\/2021\/08\/WhatsApp-Image-2021-08-21-at-21.53.35.jpeg","articleSection":["Not\u00edcias"],"inLanguage":"es","potentialAction":[{"@type":"CommentAction","name":"Comment","target":["https:\/\/www.padreeustaquio.com.br\/missa-festiva-marca-o-primeiro-dia-da-novena-ao-beato-padre-eustaquio\/#respond"]}]},{"@type":"WebPage","@id":"https:\/\/www.padreeustaquio.com.br\/missa-festiva-marca-o-primeiro-dia-da-novena-ao-beato-padre-eustaquio\/","url":"https:\/\/www.padreeustaquio.com.br\/missa-festiva-marca-o-primeiro-dia-da-novena-ao-beato-padre-eustaquio\/","name":"La misa festiva marca el primer d\u00eda de la Novena al Beato Padre Eustaquio","isPartOf":{"@id":"https:\/\/www.padreeustaquio.com.br\/#website"},"primaryImageOfPage":{"@id":"https:\/\/www.padreeustaquio.com.br\/missa-festiva-marca-o-primeiro-dia-da-novena-ao-beato-padre-eustaquio\/#primaryimage"},"image":{"@id":"https:\/\/www.padreeustaquio.com.br\/missa-festiva-marca-o-primeiro-dia-da-novena-ao-beato-padre-eustaquio\/#primaryimage"},"thumbnailUrl":"https:\/\/www.padreeustaquio.com.br\/wp-content\/uploads\/2021\/08\/WhatsApp-Image-2021-08-21-at-21.53.35.jpeg","datePublished":"2021-08-23T08:51:00+00:00","description":"Devotos del Padre Eust\u00e1quio participaron en la apertura de la Novena, que incluy\u00f3 una procesi\u00f3n de velas dentro de la iglesia.","breadcrumb":{"@id":"https:\/\/www.padreeustaquio.com.br\/missa-festiva-marca-o-primeiro-dia-da-novena-ao-beato-padre-eustaquio\/#breadcrumb"},"inLanguage":"es","potentialAction":[{"@type":"ReadAction","target":["https:\/\/www.padreeustaquio.com.br\/missa-festiva-marca-o-primeiro-dia-da-novena-ao-beato-padre-eustaquio\/"]}]},{"@type":"ImageObject","inLanguage":"es","@id":"https:\/\/www.padreeustaquio.com.br\/missa-festiva-marca-o-primeiro-dia-da-novena-ao-beato-padre-eustaquio\/#primaryimage","url":"https:\/\/www.padreeustaquio.com.br\/wp-content\/uploads\/2021\/08\/WhatsApp-Image-2021-08-21-at-21.53.35.jpeg","contentUrl":"https:\/\/www.padreeustaquio.com.br\/wp-content\/uploads\/2021\/08\/WhatsApp-Image-2021-08-21-at-21.53.35.jpeg","width":1280,"height":958},{"@type":"BreadcrumbList","@id":"https:\/\/www.padreeustaquio.com.br\/missa-festiva-marca-o-primeiro-dia-da-novena-ao-beato-padre-eustaquio\/#breadcrumb","itemListElement":[{"@type":"ListItem","position":1,"name":"In\u00edcio","item":"https:\/\/www.padreeustaquio.com.br\/"},{"@type":"ListItem","position":2,"name":"Missa festiva marca o Primeiro Dia da Novena ao Beato Padre Eust\u00e1quio"}]},{"@type":"WebSite","@id":"https:\/\/www.padreeustaquio.com.br\/#website","url":"https:\/\/www.padreeustaquio.com.br\/","name":"Padre Eustace","description":"Salud y Paz","publisher":{"@id":"https:\/\/www.padreeustaquio.com.br\/#organization"},"potentialAction":[{"@type":"SearchAction","target":{"@type":"EntryPoint","urlTemplate":"https:\/\/www.padreeustaquio.com.br\/?s={search_term_string}"},"query-input":{"@type":"PropertyValueSpecification","valueRequired":true,"valueName":"search_term_string"}}],"inLanguage":"es"},{"@type":"Organization","@id":"https:\/\/www.padreeustaquio.com.br\/#organization","name":"Padre Eustace","url":"https:\/\/www.padreeustaquio.com.br\/","logo":{"@type":"ImageObject","inLanguage":"es","@id":"https:\/\/www.padreeustaquio.com.br\/#\/schema\/logo\/image\/","url":"https:\/\/www.padreeustaquio.com.br\/wp-content\/uploads\/2019\/08\/marca.png","contentUrl":"https:\/\/www.padreeustaquio.com.br\/wp-content\/uploads\/2019\/08\/marca.png","width":350,"height":400,"caption":"Padre Eust\u00e1quio"},"image":{"@id":"https:\/\/www.padreeustaquio.com.br\/#\/schema\/logo\/image\/"},"sameAs":["https:\/\/www.facebook.com\/beatopadreeustaquio\/","https:\/\/x.com\/beatopeustaquio","https:\/\/www.instagram.com\/beatopadreeustaquio\/","https:\/\/www.youtube.com\/channel\/UCRhw7vfabnajwLxb1ZXMeIw"]},{"@type":"Person","@id":"https:\/\/www.padreeustaquio.com.br\/#\/schema\/person\/a2a51db1d00f1a7af0204a0f1ddb1566","name":"@sscc","image":{"@type":"ImageObject","inLanguage":"es","@id":"https:\/\/secure.gravatar.com\/avatar\/68cfafa5f44617fea54071e215026e0ff06be366c3d54a8425f04fdcb86f8c5f?s=96&d=mm&r=g","url":"https:\/\/secure.gravatar.com\/avatar\/68cfafa5f44617fea54071e215026e0ff06be366c3d54a8425f04fdcb86f8c5f?s=96&d=mm&r=g","contentUrl":"https:\/\/secure.gravatar.com\/avatar\/68cfafa5f44617fea54071e215026e0ff06be366c3d54a8425f04fdcb86f8c5f?s=96&d=mm&r=g","caption":"@sscc"},"url":"https:\/\/www.padreeustaquio.com.br\/es\/author\/sscc\/"}]}},"_links":{"self":[{"href":"https:\/\/www.padreeustaquio.com.br\/es\/wp-json\/wp\/v2\/posts\/6698","targetHints":{"allow":["GET"]}}],"collection":[{"href":"https:\/\/www.padreeustaquio.com.br\/es\/wp-json\/wp\/v2\/posts"}],"about":[{"href":"https:\/\/www.padreeustaquio.com.br\/es\/wp-json\/wp\/v2\/types\/post"}],"author":[{"embeddable":true,"href":"https:\/\/www.padreeustaquio.com.br\/es\/wp-json\/wp\/v2\/users\/2"}],"replies":[{"embeddable":true,"href":"https:\/\/www.padreeustaquio.com.br\/es\/wp-json\/wp\/v2\/comments?post=6698"}],"version-history":[{"count":0,"href":"https:\/\/www.padreeustaquio.com.br\/es\/wp-json\/wp\/v2\/posts\/6698\/revisions"}],"wp:featuredmedia":[{"embeddable":true,"href":"https:\/\/www.padreeustaquio.com.br\/es\/wp-json\/wp\/v2\/media\/6700"}],"wp:attachment":[{"href":"https:\/\/www.padreeustaquio.com.br\/es\/wp-json\/wp\/v2\/media?parent=6698"}],"wp:term":[{"taxonomy":"category","embeddable":true,"href":"https:\/\/www.padreeustaquio.com.br\/es\/wp-json\/wp\/v2\/categories?post=6698"},{"taxonomy":"post_tag","embeddable":true,"href":"https:\/\/www.padreeustaquio.com.br\/es\/wp-json\/wp\/v2\/tags?post=6698"}],"curies":[{"name":"wp","href":"https:\/\/api.w.org\/{rel}","templated":true}]}}