{"id":6681,"date":"2021-08-22T06:24:00","date_gmt":"2021-08-22T09:24:00","guid":{"rendered":"https:\/\/www.padreeustaquio.com.br\/?p=6681"},"modified":"2021-08-23T08:36:04","modified_gmt":"2021-08-23T11:36:04","slug":"misa-del-beato-padre-eustaquio-publicada-en-la-liturgia-diaria-de-pablo","status":"publish","type":"post","link":"https:\/\/www.padreeustaquio.com.br\/es\/misa-del-beato-padre-eustaquio-publicada-en-la-liturgia-diaria-de-pablo\/","title":{"rendered":"La Misa del Beato Padre Eustaquio se publica en la Liturgia diaria de Pablo."},"content":{"rendered":"<p>A partir de este a\u00f1o, el recurso lit\u00fargico de la editorial Paulus, el folleto Liturgia Diaria, incluye la oraci\u00f3n propia de la Memoria del Beato Padre Eustaquio, para la Celebraci\u00f3n Eucar\u00edstica del 30 de agosto. La festividad del Beato es un oficio conmemorativo y, con la aprobaci\u00f3n can\u00f3nica, puede rezarse en las iglesias de todo Brasil.<\/p>\n\n\n\n<p>La Liturgia Diaria de Paulus es un folleto que se publica mensualmente y que contiene el recorrido lit\u00fargico completo de cada mes. Ofrece al lector opciones para las oraciones eucar\u00edsticas, un breve comentario sobre los santos y las lecturas de cada d\u00eda, opciones de himnos y, cada domingo, la opci\u00f3n de un grupo de estudio b\u00edblico.<\/p>\n\n\n\n<p>La liturgia diaria del mes de agosto y del resto del a\u00f1o se puede encontrar en la Tienda del Padre Eust\u00e1quio, junto al Santuario de Salud y Paz. M\u00e1s informaci\u00f3n en el tel\u00e9fono (31) 3567-0314.<\/p>\n\n\n\n<p><\/p>","protected":false},"excerpt":{"rendered":"<p>A partir deste ano o subs\u00eddio lit\u00fargico da editora Paulus, o livrinho da Liturgia Di\u00e1ria, traz a ora\u00e7\u00e3o pr\u00f3pria da Mem\u00f3ria do Bem-Aventurado Padre Eust\u00e1quio, para a Celebra\u00e7\u00e3o Eucar\u00edstica do dia 30 de Agosto. A festividade do Bem-aventurado \u00e9 um of\u00edcio de mem\u00f3ria e, com a aprova\u00e7\u00e3o Can\u00f4nica, poder\u00e1 ser rezada nas igrejas de todo Brasil. A Liturgia Di\u00e1ria da Paulus \u00e9 um livreto lan\u00e7ado mensalmente, com toda a caminhada lit\u00fargica de cada m\u00eas. Ele apresenta ao leitor op\u00e7\u00f5es de ora\u00e7\u00f5es eucar\u00edsticas, um breve coment\u00e1rio dos santos e das leituras de cada dia, op\u00e7\u00f5es de cantos, al\u00e9m de trazer, a [&hellip;]<\/p>\n","protected":false},"author":2,"featured_media":6682,"comment_status":"open","ping_status":"closed","sticky":false,"template":"","format":"standard","meta":{"_acf_changed":false,"footnotes":""},"categories":[611],"tags":[],"class_list":["post-6681","post","type-post","status-publish","format-standard","has-post-thumbnail","hentry","category-noticias"],"acf":[],"yoast_head":"<!-- This site is optimized with the Yoast SEO plugin v27.2 - https:\/\/yoast.com\/product\/yoast-seo-wordpress\/ -->\n<title>Missa do Beato Padre Eust\u00e1quio \u00e9 publicada na Liturgia Di\u00e1ria da Paulus<\/title>\n<meta name=\"description\" content=\"A festividade do Bem-aventurado \u00e9 um of\u00edcio de mem\u00f3ria e, com a aprova\u00e7\u00e3o Can\u00f4nica, poder\u00e1 ser rezada nas igrejas de todo Brasil.\" \/>\n<meta name=\"robots\" content=\"index, follow, max-snippet:-1, max-image-preview:large, max-video-preview:-1\" \/>\n<link rel=\"canonical\" href=\"https:\/\/www.padreeustaquio.com.br\/es\/misa-del-beato-padre-eustaquio-publicada-en-la-liturgia-diaria-de-pablo\/\" \/>\n<meta property=\"og:locale\" content=\"es_ES\" \/>\n<meta property=\"og:type\" content=\"article\" \/>\n<meta property=\"og:title\" content=\"Missa do Beato Padre Eust\u00e1quio \u00e9 publicada na Liturgia Di\u00e1ria da Paulus\" \/>\n<meta property=\"og:description\" content=\"A festividade do Bem-aventurado \u00e9 um of\u00edcio de mem\u00f3ria e, com a aprova\u00e7\u00e3o Can\u00f4nica, poder\u00e1 ser rezada nas igrejas de todo Brasil.\" \/>\n<meta property=\"og:url\" content=\"https:\/\/www.padreeustaquio.com.br\/es\/misa-del-beato-padre-eustaquio-publicada-en-la-liturgia-diaria-de-pablo\/\" \/>\n<meta property=\"og:site_name\" content=\"Padre Eust\u00e1quio\" \/>\n<meta property=\"article:publisher\" content=\"https:\/\/www.facebook.com\/beatopadreeustaquio\/\" \/>\n<meta property=\"article:published_time\" content=\"2021-08-22T09:24:00+00:00\" \/>\n<meta property=\"article:modified_time\" content=\"2021-08-23T11:36:04+00:00\" \/>\n<meta property=\"og:image\" content=\"https:\/\/www.padreeustaquio.com.br\/wp-content\/uploads\/2021\/08\/WhatsApp-Image-2021-08-17-at-20.08.08-rotated.jpeg\" \/>\n\t<meta property=\"og:image:width\" content=\"1280\" \/>\n\t<meta property=\"og:image:height\" content=\"958\" \/>\n\t<meta property=\"og:image:type\" content=\"image\/jpeg\" \/>\n<meta name=\"author\" content=\"@sscc\" \/>\n<meta name=\"twitter:card\" content=\"summary_large_image\" \/>\n<meta name=\"twitter:creator\" content=\"@beatopeustaquio\" \/>\n<meta name=\"twitter:site\" content=\"@beatopeustaquio\" \/>\n<meta name=\"twitter:label1\" content=\"Escrito por\" \/>\n\t<meta name=\"twitter:data1\" content=\"@sscc\" \/>\n\t<meta name=\"twitter:label2\" content=\"Tiempo de lectura\" \/>\n\t<meta name=\"twitter:data2\" content=\"1 minuto\" \/>\n<script type=\"application\/ld+json\" class=\"yoast-schema-graph\">{\"@context\":\"https:\/\/schema.org\",\"@graph\":[{\"@type\":\"Article\",\"@id\":\"https:\/\/www.padreeustaquio.com.br\/missa-do-beato-padre-eustaquio-e-publicada-na-liturgia-diaria-da-paulus\/#article\",\"isPartOf\":{\"@id\":\"https:\/\/www.padreeustaquio.com.br\/missa-do-beato-padre-eustaquio-e-publicada-na-liturgia-diaria-da-paulus\/\"},\"author\":{\"name\":\"@sscc\",\"@id\":\"https:\/\/www.padreeustaquio.com.br\/#\/schema\/person\/a2a51db1d00f1a7af0204a0f1ddb1566\"},\"headline\":\"Missa do Beato Padre Eust\u00e1quio \u00e9 publicada na Liturgia Di\u00e1ria da Paulus\",\"datePublished\":\"2021-08-22T09:24:00+00:00\",\"dateModified\":\"2021-08-23T11:36:04+00:00\",\"mainEntityOfPage\":{\"@id\":\"https:\/\/www.padreeustaquio.com.br\/missa-do-beato-padre-eustaquio-e-publicada-na-liturgia-diaria-da-paulus\/\"},\"wordCount\":181,\"commentCount\":0,\"publisher\":{\"@id\":\"https:\/\/www.padreeustaquio.com.br\/#organization\"},\"image\":{\"@id\":\"https:\/\/www.padreeustaquio.com.br\/missa-do-beato-padre-eustaquio-e-publicada-na-liturgia-diaria-da-paulus\/#primaryimage\"},\"thumbnailUrl\":\"https:\/\/www.padreeustaquio.com.br\/wp-content\/uploads\/2021\/08\/WhatsApp-Image-2021-08-17-at-20.08.08-rotated.jpeg\",\"articleSection\":[\"Not\u00edcias\"],\"inLanguage\":\"es\",\"potentialAction\":[{\"@type\":\"CommentAction\",\"name\":\"Comment\",\"target\":[\"https:\/\/www.padreeustaquio.com.br\/missa-do-beato-padre-eustaquio-e-publicada-na-liturgia-diaria-da-paulus\/#respond\"]}]},{\"@type\":\"WebPage\",\"@id\":\"https:\/\/www.padreeustaquio.com.br\/missa-do-beato-padre-eustaquio-e-publicada-na-liturgia-diaria-da-paulus\/\",\"url\":\"https:\/\/www.padreeustaquio.com.br\/missa-do-beato-padre-eustaquio-e-publicada-na-liturgia-diaria-da-paulus\/\",\"name\":\"Missa do Beato Padre Eust\u00e1quio \u00e9 publicada na Liturgia Di\u00e1ria da Paulus\",\"isPartOf\":{\"@id\":\"https:\/\/www.padreeustaquio.com.br\/#website\"},\"primaryImageOfPage\":{\"@id\":\"https:\/\/www.padreeustaquio.com.br\/missa-do-beato-padre-eustaquio-e-publicada-na-liturgia-diaria-da-paulus\/#primaryimage\"},\"image\":{\"@id\":\"https:\/\/www.padreeustaquio.com.br\/missa-do-beato-padre-eustaquio-e-publicada-na-liturgia-diaria-da-paulus\/#primaryimage\"},\"thumbnailUrl\":\"https:\/\/www.padreeustaquio.com.br\/wp-content\/uploads\/2021\/08\/WhatsApp-Image-2021-08-17-at-20.08.08-rotated.jpeg\",\"datePublished\":\"2021-08-22T09:24:00+00:00\",\"dateModified\":\"2021-08-23T11:36:04+00:00\",\"description\":\"A festividade do Bem-aventurado \u00e9 um of\u00edcio de mem\u00f3ria e, com a aprova\u00e7\u00e3o Can\u00f4nica, poder\u00e1 ser rezada nas igrejas de todo Brasil.\",\"breadcrumb\":{\"@id\":\"https:\/\/www.padreeustaquio.com.br\/missa-do-beato-padre-eustaquio-e-publicada-na-liturgia-diaria-da-paulus\/#breadcrumb\"},\"inLanguage\":\"es\",\"potentialAction\":[{\"@type\":\"ReadAction\",\"target\":[\"https:\/\/www.padreeustaquio.com.br\/missa-do-beato-padre-eustaquio-e-publicada-na-liturgia-diaria-da-paulus\/\"]}]},{\"@type\":\"ImageObject\",\"inLanguage\":\"es\",\"@id\":\"https:\/\/www.padreeustaquio.com.br\/missa-do-beato-padre-eustaquio-e-publicada-na-liturgia-diaria-da-paulus\/#primaryimage\",\"url\":\"https:\/\/www.padreeustaquio.com.br\/wp-content\/uploads\/2021\/08\/WhatsApp-Image-2021-08-17-at-20.08.08-rotated.jpeg\",\"contentUrl\":\"https:\/\/www.padreeustaquio.com.br\/wp-content\/uploads\/2021\/08\/WhatsApp-Image-2021-08-17-at-20.08.08-rotated.jpeg\",\"width\":1280,\"height\":958},{\"@type\":\"BreadcrumbList\",\"@id\":\"https:\/\/www.padreeustaquio.com.br\/missa-do-beato-padre-eustaquio-e-publicada-na-liturgia-diaria-da-paulus\/#breadcrumb\",\"itemListElement\":[{\"@type\":\"ListItem\",\"position\":1,\"name\":\"In\u00edcio\",\"item\":\"https:\/\/www.padreeustaquio.com.br\/\"},{\"@type\":\"ListItem\",\"position\":2,\"name\":\"Missa do Beato Padre Eust\u00e1quio \u00e9 publicada na Liturgia Di\u00e1ria da Paulus\"}]},{\"@type\":\"WebSite\",\"@id\":\"https:\/\/www.padreeustaquio.com.br\/#website\",\"url\":\"https:\/\/www.padreeustaquio.com.br\/\",\"name\":\"Padre Eust\u00e1quio\",\"description\":\"Sa\u00fade e Paz\",\"publisher\":{\"@id\":\"https:\/\/www.padreeustaquio.com.br\/#organization\"},\"potentialAction\":[{\"@type\":\"SearchAction\",\"target\":{\"@type\":\"EntryPoint\",\"urlTemplate\":\"https:\/\/www.padreeustaquio.com.br\/?s={search_term_string}\"},\"query-input\":{\"@type\":\"PropertyValueSpecification\",\"valueRequired\":true,\"valueName\":\"search_term_string\"}}],\"inLanguage\":\"es\"},{\"@type\":\"Organization\",\"@id\":\"https:\/\/www.padreeustaquio.com.br\/#organization\",\"name\":\"Padre Eust\u00e1quio\",\"url\":\"https:\/\/www.padreeustaquio.com.br\/\",\"logo\":{\"@type\":\"ImageObject\",\"inLanguage\":\"es\",\"@id\":\"https:\/\/www.padreeustaquio.com.br\/#\/schema\/logo\/image\/\",\"url\":\"https:\/\/www.padreeustaquio.com.br\/wp-content\/uploads\/2019\/08\/marca.png\",\"contentUrl\":\"https:\/\/www.padreeustaquio.com.br\/wp-content\/uploads\/2019\/08\/marca.png\",\"width\":350,\"height\":400,\"caption\":\"Padre Eust\u00e1quio\"},\"image\":{\"@id\":\"https:\/\/www.padreeustaquio.com.br\/#\/schema\/logo\/image\/\"},\"sameAs\":[\"https:\/\/www.facebook.com\/beatopadreeustaquio\/\",\"https:\/\/x.com\/beatopeustaquio\",\"https:\/\/www.instagram.com\/beatopadreeustaquio\/\",\"https:\/\/www.youtube.com\/channel\/UCRhw7vfabnajwLxb1ZXMeIw\"]},{\"@type\":\"Person\",\"@id\":\"https:\/\/www.padreeustaquio.com.br\/#\/schema\/person\/a2a51db1d00f1a7af0204a0f1ddb1566\",\"name\":\"@sscc\",\"image\":{\"@type\":\"ImageObject\",\"inLanguage\":\"es\",\"@id\":\"https:\/\/secure.gravatar.com\/avatar\/68cfafa5f44617fea54071e215026e0ff06be366c3d54a8425f04fdcb86f8c5f?s=96&d=mm&r=g\",\"url\":\"https:\/\/secure.gravatar.com\/avatar\/68cfafa5f44617fea54071e215026e0ff06be366c3d54a8425f04fdcb86f8c5f?s=96&d=mm&r=g\",\"contentUrl\":\"https:\/\/secure.gravatar.com\/avatar\/68cfafa5f44617fea54071e215026e0ff06be366c3d54a8425f04fdcb86f8c5f?s=96&d=mm&r=g\",\"caption\":\"@sscc\"},\"url\":\"https:\/\/www.padreeustaquio.com.br\/es\/author\/sscc\/\"}]}<\/script>\n<!-- \/ Yoast SEO plugin. -->","yoast_head_json":{"title":"La Misa del Beato Padre Eustaquio se publica en la Liturgia diaria de Pablo.","description":"La fiesta del Sant\u00edsimo es un servicio memorial y, con aprobaci\u00f3n can\u00f3nica, puede celebrarse en las iglesias de todo Brasil.","robots":{"index":"index","follow":"follow","max-snippet":"max-snippet:-1","max-image-preview":"max-image-preview:large","max-video-preview":"max-video-preview:-1"},"canonical":"https:\/\/www.padreeustaquio.com.br\/es\/misa-del-beato-padre-eustaquio-publicada-en-la-liturgia-diaria-de-pablo\/","og_locale":"es_ES","og_type":"article","og_title":"Missa do Beato Padre Eust\u00e1quio \u00e9 publicada na Liturgia Di\u00e1ria da Paulus","og_description":"A festividade do Bem-aventurado \u00e9 um of\u00edcio de mem\u00f3ria e, com a aprova\u00e7\u00e3o Can\u00f4nica, poder\u00e1 ser rezada nas igrejas de todo Brasil.","og_url":"https:\/\/www.padreeustaquio.com.br\/es\/misa-del-beato-padre-eustaquio-publicada-en-la-liturgia-diaria-de-pablo\/","og_site_name":"Padre Eust\u00e1quio","article_publisher":"https:\/\/www.facebook.com\/beatopadreeustaquio\/","article_published_time":"2021-08-22T09:24:00+00:00","article_modified_time":"2021-08-23T11:36:04+00:00","og_image":[{"width":1280,"height":958,"url":"https:\/\/www.padreeustaquio.com.br\/wp-content\/uploads\/2021\/08\/WhatsApp-Image-2021-08-17-at-20.08.08-rotated.jpeg","type":"image\/jpeg"}],"author":"@sscc","twitter_card":"summary_large_image","twitter_creator":"@beatopeustaquio","twitter_site":"@beatopeustaquio","twitter_misc":{"Escrito por":"@sscc","Tiempo de lectura":"1 minuto"},"schema":{"@context":"https:\/\/schema.org","@graph":[{"@type":"Article","@id":"https:\/\/www.padreeustaquio.com.br\/missa-do-beato-padre-eustaquio-e-publicada-na-liturgia-diaria-da-paulus\/#article","isPartOf":{"@id":"https:\/\/www.padreeustaquio.com.br\/missa-do-beato-padre-eustaquio-e-publicada-na-liturgia-diaria-da-paulus\/"},"author":{"name":"@sscc","@id":"https:\/\/www.padreeustaquio.com.br\/#\/schema\/person\/a2a51db1d00f1a7af0204a0f1ddb1566"},"headline":"Missa do Beato Padre Eust\u00e1quio \u00e9 publicada na Liturgia Di\u00e1ria da Paulus","datePublished":"2021-08-22T09:24:00+00:00","dateModified":"2021-08-23T11:36:04+00:00","mainEntityOfPage":{"@id":"https:\/\/www.padreeustaquio.com.br\/missa-do-beato-padre-eustaquio-e-publicada-na-liturgia-diaria-da-paulus\/"},"wordCount":181,"commentCount":0,"publisher":{"@id":"https:\/\/www.padreeustaquio.com.br\/#organization"},"image":{"@id":"https:\/\/www.padreeustaquio.com.br\/missa-do-beato-padre-eustaquio-e-publicada-na-liturgia-diaria-da-paulus\/#primaryimage"},"thumbnailUrl":"https:\/\/www.padreeustaquio.com.br\/wp-content\/uploads\/2021\/08\/WhatsApp-Image-2021-08-17-at-20.08.08-rotated.jpeg","articleSection":["Not\u00edcias"],"inLanguage":"es","potentialAction":[{"@type":"CommentAction","name":"Comment","target":["https:\/\/www.padreeustaquio.com.br\/missa-do-beato-padre-eustaquio-e-publicada-na-liturgia-diaria-da-paulus\/#respond"]}]},{"@type":"WebPage","@id":"https:\/\/www.padreeustaquio.com.br\/missa-do-beato-padre-eustaquio-e-publicada-na-liturgia-diaria-da-paulus\/","url":"https:\/\/www.padreeustaquio.com.br\/missa-do-beato-padre-eustaquio-e-publicada-na-liturgia-diaria-da-paulus\/","name":"La Misa del Beato Padre Eustaquio se publica en la Liturgia diaria de Pablo.","isPartOf":{"@id":"https:\/\/www.padreeustaquio.com.br\/#website"},"primaryImageOfPage":{"@id":"https:\/\/www.padreeustaquio.com.br\/missa-do-beato-padre-eustaquio-e-publicada-na-liturgia-diaria-da-paulus\/#primaryimage"},"image":{"@id":"https:\/\/www.padreeustaquio.com.br\/missa-do-beato-padre-eustaquio-e-publicada-na-liturgia-diaria-da-paulus\/#primaryimage"},"thumbnailUrl":"https:\/\/www.padreeustaquio.com.br\/wp-content\/uploads\/2021\/08\/WhatsApp-Image-2021-08-17-at-20.08.08-rotated.jpeg","datePublished":"2021-08-22T09:24:00+00:00","dateModified":"2021-08-23T11:36:04+00:00","description":"La fiesta del Sant\u00edsimo es un servicio memorial y, con aprobaci\u00f3n can\u00f3nica, puede celebrarse en las iglesias de todo Brasil.","breadcrumb":{"@id":"https:\/\/www.padreeustaquio.com.br\/missa-do-beato-padre-eustaquio-e-publicada-na-liturgia-diaria-da-paulus\/#breadcrumb"},"inLanguage":"es","potentialAction":[{"@type":"ReadAction","target":["https:\/\/www.padreeustaquio.com.br\/missa-do-beato-padre-eustaquio-e-publicada-na-liturgia-diaria-da-paulus\/"]}]},{"@type":"ImageObject","inLanguage":"es","@id":"https:\/\/www.padreeustaquio.com.br\/missa-do-beato-padre-eustaquio-e-publicada-na-liturgia-diaria-da-paulus\/#primaryimage","url":"https:\/\/www.padreeustaquio.com.br\/wp-content\/uploads\/2021\/08\/WhatsApp-Image-2021-08-17-at-20.08.08-rotated.jpeg","contentUrl":"https:\/\/www.padreeustaquio.com.br\/wp-content\/uploads\/2021\/08\/WhatsApp-Image-2021-08-17-at-20.08.08-rotated.jpeg","width":1280,"height":958},{"@type":"BreadcrumbList","@id":"https:\/\/www.padreeustaquio.com.br\/missa-do-beato-padre-eustaquio-e-publicada-na-liturgia-diaria-da-paulus\/#breadcrumb","itemListElement":[{"@type":"ListItem","position":1,"name":"In\u00edcio","item":"https:\/\/www.padreeustaquio.com.br\/"},{"@type":"ListItem","position":2,"name":"Missa do Beato Padre Eust\u00e1quio \u00e9 publicada na Liturgia Di\u00e1ria da Paulus"}]},{"@type":"WebSite","@id":"https:\/\/www.padreeustaquio.com.br\/#website","url":"https:\/\/www.padreeustaquio.com.br\/","name":"Padre Eustace","description":"Salud y Paz","publisher":{"@id":"https:\/\/www.padreeustaquio.com.br\/#organization"},"potentialAction":[{"@type":"SearchAction","target":{"@type":"EntryPoint","urlTemplate":"https:\/\/www.padreeustaquio.com.br\/?s={search_term_string}"},"query-input":{"@type":"PropertyValueSpecification","valueRequired":true,"valueName":"search_term_string"}}],"inLanguage":"es"},{"@type":"Organization","@id":"https:\/\/www.padreeustaquio.com.br\/#organization","name":"Padre Eustace","url":"https:\/\/www.padreeustaquio.com.br\/","logo":{"@type":"ImageObject","inLanguage":"es","@id":"https:\/\/www.padreeustaquio.com.br\/#\/schema\/logo\/image\/","url":"https:\/\/www.padreeustaquio.com.br\/wp-content\/uploads\/2019\/08\/marca.png","contentUrl":"https:\/\/www.padreeustaquio.com.br\/wp-content\/uploads\/2019\/08\/marca.png","width":350,"height":400,"caption":"Padre Eust\u00e1quio"},"image":{"@id":"https:\/\/www.padreeustaquio.com.br\/#\/schema\/logo\/image\/"},"sameAs":["https:\/\/www.facebook.com\/beatopadreeustaquio\/","https:\/\/x.com\/beatopeustaquio","https:\/\/www.instagram.com\/beatopadreeustaquio\/","https:\/\/www.youtube.com\/channel\/UCRhw7vfabnajwLxb1ZXMeIw"]},{"@type":"Person","@id":"https:\/\/www.padreeustaquio.com.br\/#\/schema\/person\/a2a51db1d00f1a7af0204a0f1ddb1566","name":"@sscc","image":{"@type":"ImageObject","inLanguage":"es","@id":"https:\/\/secure.gravatar.com\/avatar\/68cfafa5f44617fea54071e215026e0ff06be366c3d54a8425f04fdcb86f8c5f?s=96&d=mm&r=g","url":"https:\/\/secure.gravatar.com\/avatar\/68cfafa5f44617fea54071e215026e0ff06be366c3d54a8425f04fdcb86f8c5f?s=96&d=mm&r=g","contentUrl":"https:\/\/secure.gravatar.com\/avatar\/68cfafa5f44617fea54071e215026e0ff06be366c3d54a8425f04fdcb86f8c5f?s=96&d=mm&r=g","caption":"@sscc"},"url":"https:\/\/www.padreeustaquio.com.br\/es\/author\/sscc\/"}]}},"_links":{"self":[{"href":"https:\/\/www.padreeustaquio.com.br\/es\/wp-json\/wp\/v2\/posts\/6681","targetHints":{"allow":["GET"]}}],"collection":[{"href":"https:\/\/www.padreeustaquio.com.br\/es\/wp-json\/wp\/v2\/posts"}],"about":[{"href":"https:\/\/www.padreeustaquio.com.br\/es\/wp-json\/wp\/v2\/types\/post"}],"author":[{"embeddable":true,"href":"https:\/\/www.padreeustaquio.com.br\/es\/wp-json\/wp\/v2\/users\/2"}],"replies":[{"embeddable":true,"href":"https:\/\/www.padreeustaquio.com.br\/es\/wp-json\/wp\/v2\/comments?post=6681"}],"version-history":[{"count":0,"href":"https:\/\/www.padreeustaquio.com.br\/es\/wp-json\/wp\/v2\/posts\/6681\/revisions"}],"wp:featuredmedia":[{"embeddable":true,"href":"https:\/\/www.padreeustaquio.com.br\/es\/wp-json\/wp\/v2\/media\/6682"}],"wp:attachment":[{"href":"https:\/\/www.padreeustaquio.com.br\/es\/wp-json\/wp\/v2\/media?parent=6681"}],"wp:term":[{"taxonomy":"category","embeddable":true,"href":"https:\/\/www.padreeustaquio.com.br\/es\/wp-json\/wp\/v2\/categories?post=6681"},{"taxonomy":"post_tag","embeddable":true,"href":"https:\/\/www.padreeustaquio.com.br\/es\/wp-json\/wp\/v2\/tags?post=6681"}],"curies":[{"name":"wp","href":"https:\/\/api.w.org\/{rel}","templated":true}]}}