{"id":6674,"date":"2021-08-19T05:38:00","date_gmt":"2021-08-19T08:38:00","guid":{"rendered":"https:\/\/www.padreeustaquio.com.br\/?p=6674"},"modified":"2021-08-17T19:50:36","modified_gmt":"2021-08-17T22:50:36","slug":"la-novena-al-beato-padre-eustaquio-comienza-el-proximo-sabado","status":"publish","type":"post","link":"https:\/\/www.padreeustaquio.com.br\/es\/la-novena-al-beato-padre-eustaquio-comienza-el-proximo-sabado\/","title":{"rendered":"La novena al Beato Padre Eustaquio comienza el pr\u00f3ximo s\u00e1bado."},"content":{"rendered":"<p>La Novena al Beato Padre Eust\u00e1quio se estrenar\u00e1 el pr\u00f3ximo s\u00e1bado 21 de agosto en el canal de YouTube del Padre Eust\u00e1quio. El contenido fue grabado en la capilla de la Sede Provincial de los Sagrados Corazones en Belo Horizonte por el Padre Vin\u00edcius Maciel, SSCC, responsable de la Causa de Canonizaci\u00f3n del Beato.<\/p>\n\n\n\n<p>Ser\u00e1n nueve d\u00edas de oraci\u00f3n y reflexi\u00f3n, en los que se hablar\u00e1 sobre la vida del Beato y se meditar\u00e1 sobre las oraciones ofrecidas para pedir una gracia. Todo el material se basa en la Novena al Beato, aprobada can\u00f3nicamente.<\/p>\n\n\n\n<p>El trabajo fue desarrollado por el equipo de Comunicaci\u00f3n del Secretariado Nacional para la Canonizaci\u00f3n del Beato Padre Eust\u00e1quio con el apoyo t\u00e9cnico de una productora de video de la capital de Minas Gerais.<\/p>\n\n\n\n<p>Para seguir las oraciones, compre el folleto de la novena en la Tienda del Padre Eust\u00e1quio, junto al Santuario de Salud y Paz. Si est\u00e1 lejos, llame al (31) 3567-0314 y solicite el env\u00edo a domicilio.<\/p>\n\n\n\n<p><\/p>","protected":false},"excerpt":{"rendered":"<p>Estreia no pr\u00f3ximo s\u00e1bado, dia 21 de agosto, no YouTube Canal Padre Eust\u00e1quio, a Novena ao Bem-aventurado Padre Eust\u00e1quio. O conte\u00fado foi gravado na capela da Sede Provincial dos Sagrados Cora\u00e7\u00f5es, em Belo Horizonte, pelo Padre Vin\u00edcius Maciel, SSCC, respons\u00e1vel pela Causa de Canoniza\u00e7\u00e3o do Beato. Ser\u00e3o nove dias de ora\u00e7\u00e3o e reflex\u00e3o falando da vida do Beato e meditando ora\u00e7\u00f5es feitas para pedir uma gra\u00e7a. Todo material foi baseado na Novena do Bem-aventurado, aprovada canonicamente. Os trabalhos foram desenvolvidos pela equipe de Comunica\u00e7\u00e3o do Secretariado Nacional da Canoniza\u00e7\u00e3o do Beato Padre Eust\u00e1quio com o apoio t\u00e9cnico de uma produtora [&hellip;]<\/p>\n","protected":false},"author":2,"featured_media":6675,"comment_status":"open","ping_status":"closed","sticky":false,"template":"","format":"standard","meta":{"_acf_changed":false,"footnotes":""},"categories":[611],"tags":[],"class_list":["post-6674","post","type-post","status-publish","format-standard","has-post-thumbnail","hentry","category-noticias"],"acf":[],"yoast_head":"<!-- This site is optimized with the Yoast SEO plugin v27.2 - https:\/\/yoast.com\/product\/yoast-seo-wordpress\/ -->\n<title>Novena ao Beato Padre Eust\u00e1quio come\u00e7a no pr\u00f3ximo s\u00e1bado<\/title>\n<meta name=\"description\" content=\"Ser\u00e3o nove dias de ora\u00e7\u00e3o e reflex\u00e3o falando da vida do Beato e meditando ora\u00e7\u00f5es feitas para pedir uma gra\u00e7a. Todo material foi baseado na Novena do Bem-aventurado, aprovada canonicamente.\" \/>\n<meta name=\"robots\" content=\"index, follow, max-snippet:-1, max-image-preview:large, max-video-preview:-1\" \/>\n<link rel=\"canonical\" href=\"https:\/\/www.padreeustaquio.com.br\/es\/la-novena-al-beato-padre-eustaquio-comienza-el-proximo-sabado\/\" \/>\n<meta property=\"og:locale\" content=\"es_ES\" \/>\n<meta property=\"og:type\" content=\"article\" \/>\n<meta property=\"og:title\" content=\"Novena ao Beato Padre Eust\u00e1quio come\u00e7a no pr\u00f3ximo s\u00e1bado\" \/>\n<meta property=\"og:description\" content=\"Ser\u00e3o nove dias de ora\u00e7\u00e3o e reflex\u00e3o falando da vida do Beato e meditando ora\u00e7\u00f5es feitas para pedir uma gra\u00e7a. Todo material foi baseado na Novena do Bem-aventurado, aprovada canonicamente.\" \/>\n<meta property=\"og:url\" content=\"https:\/\/www.padreeustaquio.com.br\/es\/la-novena-al-beato-padre-eustaquio-comienza-el-proximo-sabado\/\" \/>\n<meta property=\"og:site_name\" content=\"Padre Eust\u00e1quio\" \/>\n<meta property=\"article:publisher\" content=\"https:\/\/www.facebook.com\/beatopadreeustaquio\/\" \/>\n<meta property=\"article:published_time\" content=\"2021-08-19T08:38:00+00:00\" \/>\n<meta property=\"og:image\" content=\"https:\/\/www.padreeustaquio.com.br\/wp-content\/uploads\/2021\/08\/NOVENA-AO-PADRE-EUSTAQUIO.jpg\" \/>\n\t<meta property=\"og:image:width\" content=\"1920\" \/>\n\t<meta property=\"og:image:height\" content=\"1080\" \/>\n\t<meta property=\"og:image:type\" content=\"image\/jpeg\" \/>\n<meta name=\"author\" content=\"@sscc\" \/>\n<meta name=\"twitter:card\" content=\"summary_large_image\" \/>\n<meta name=\"twitter:creator\" content=\"@beatopeustaquio\" \/>\n<meta name=\"twitter:site\" content=\"@beatopeustaquio\" \/>\n<meta name=\"twitter:label1\" content=\"Escrito por\" \/>\n\t<meta name=\"twitter:data1\" content=\"@sscc\" \/>\n\t<meta name=\"twitter:label2\" content=\"Tiempo de lectura\" \/>\n\t<meta name=\"twitter:data2\" content=\"1 minuto\" \/>\n<script type=\"application\/ld+json\" class=\"yoast-schema-graph\">{\"@context\":\"https:\/\/schema.org\",\"@graph\":[{\"@type\":\"Article\",\"@id\":\"https:\/\/www.padreeustaquio.com.br\/novena-ao-beato-padre-eustaquio-comeca-no-proximo-sabado\/#article\",\"isPartOf\":{\"@id\":\"https:\/\/www.padreeustaquio.com.br\/novena-ao-beato-padre-eustaquio-comeca-no-proximo-sabado\/\"},\"author\":{\"name\":\"@sscc\",\"@id\":\"https:\/\/www.padreeustaquio.com.br\/#\/schema\/person\/a2a51db1d00f1a7af0204a0f1ddb1566\"},\"headline\":\"Novena ao Beato Padre Eust\u00e1quio come\u00e7a no pr\u00f3ximo s\u00e1bado\",\"datePublished\":\"2021-08-19T08:38:00+00:00\",\"mainEntityOfPage\":{\"@id\":\"https:\/\/www.padreeustaquio.com.br\/novena-ao-beato-padre-eustaquio-comeca-no-proximo-sabado\/\"},\"wordCount\":174,\"commentCount\":0,\"publisher\":{\"@id\":\"https:\/\/www.padreeustaquio.com.br\/#organization\"},\"image\":{\"@id\":\"https:\/\/www.padreeustaquio.com.br\/novena-ao-beato-padre-eustaquio-comeca-no-proximo-sabado\/#primaryimage\"},\"thumbnailUrl\":\"https:\/\/www.padreeustaquio.com.br\/wp-content\/uploads\/2021\/08\/NOVENA-AO-PADRE-EUSTAQUIO.jpg\",\"articleSection\":[\"Not\u00edcias\"],\"inLanguage\":\"es\",\"potentialAction\":[{\"@type\":\"CommentAction\",\"name\":\"Comment\",\"target\":[\"https:\/\/www.padreeustaquio.com.br\/novena-ao-beato-padre-eustaquio-comeca-no-proximo-sabado\/#respond\"]}]},{\"@type\":\"WebPage\",\"@id\":\"https:\/\/www.padreeustaquio.com.br\/novena-ao-beato-padre-eustaquio-comeca-no-proximo-sabado\/\",\"url\":\"https:\/\/www.padreeustaquio.com.br\/novena-ao-beato-padre-eustaquio-comeca-no-proximo-sabado\/\",\"name\":\"Novena ao Beato Padre Eust\u00e1quio come\u00e7a no pr\u00f3ximo s\u00e1bado\",\"isPartOf\":{\"@id\":\"https:\/\/www.padreeustaquio.com.br\/#website\"},\"primaryImageOfPage\":{\"@id\":\"https:\/\/www.padreeustaquio.com.br\/novena-ao-beato-padre-eustaquio-comeca-no-proximo-sabado\/#primaryimage\"},\"image\":{\"@id\":\"https:\/\/www.padreeustaquio.com.br\/novena-ao-beato-padre-eustaquio-comeca-no-proximo-sabado\/#primaryimage\"},\"thumbnailUrl\":\"https:\/\/www.padreeustaquio.com.br\/wp-content\/uploads\/2021\/08\/NOVENA-AO-PADRE-EUSTAQUIO.jpg\",\"datePublished\":\"2021-08-19T08:38:00+00:00\",\"description\":\"Ser\u00e3o nove dias de ora\u00e7\u00e3o e reflex\u00e3o falando da vida do Beato e meditando ora\u00e7\u00f5es feitas para pedir uma gra\u00e7a. Todo material foi baseado na Novena do Bem-aventurado, aprovada canonicamente.\",\"breadcrumb\":{\"@id\":\"https:\/\/www.padreeustaquio.com.br\/novena-ao-beato-padre-eustaquio-comeca-no-proximo-sabado\/#breadcrumb\"},\"inLanguage\":\"es\",\"potentialAction\":[{\"@type\":\"ReadAction\",\"target\":[\"https:\/\/www.padreeustaquio.com.br\/novena-ao-beato-padre-eustaquio-comeca-no-proximo-sabado\/\"]}]},{\"@type\":\"ImageObject\",\"inLanguage\":\"es\",\"@id\":\"https:\/\/www.padreeustaquio.com.br\/novena-ao-beato-padre-eustaquio-comeca-no-proximo-sabado\/#primaryimage\",\"url\":\"https:\/\/www.padreeustaquio.com.br\/wp-content\/uploads\/2021\/08\/NOVENA-AO-PADRE-EUSTAQUIO.jpg\",\"contentUrl\":\"https:\/\/www.padreeustaquio.com.br\/wp-content\/uploads\/2021\/08\/NOVENA-AO-PADRE-EUSTAQUIO.jpg\",\"width\":1920,\"height\":1080},{\"@type\":\"BreadcrumbList\",\"@id\":\"https:\/\/www.padreeustaquio.com.br\/novena-ao-beato-padre-eustaquio-comeca-no-proximo-sabado\/#breadcrumb\",\"itemListElement\":[{\"@type\":\"ListItem\",\"position\":1,\"name\":\"In\u00edcio\",\"item\":\"https:\/\/www.padreeustaquio.com.br\/\"},{\"@type\":\"ListItem\",\"position\":2,\"name\":\"Novena ao Beato Padre Eust\u00e1quio come\u00e7a no pr\u00f3ximo s\u00e1bado\"}]},{\"@type\":\"WebSite\",\"@id\":\"https:\/\/www.padreeustaquio.com.br\/#website\",\"url\":\"https:\/\/www.padreeustaquio.com.br\/\",\"name\":\"Padre Eust\u00e1quio\",\"description\":\"Sa\u00fade e Paz\",\"publisher\":{\"@id\":\"https:\/\/www.padreeustaquio.com.br\/#organization\"},\"potentialAction\":[{\"@type\":\"SearchAction\",\"target\":{\"@type\":\"EntryPoint\",\"urlTemplate\":\"https:\/\/www.padreeustaquio.com.br\/?s={search_term_string}\"},\"query-input\":{\"@type\":\"PropertyValueSpecification\",\"valueRequired\":true,\"valueName\":\"search_term_string\"}}],\"inLanguage\":\"es\"},{\"@type\":\"Organization\",\"@id\":\"https:\/\/www.padreeustaquio.com.br\/#organization\",\"name\":\"Padre Eust\u00e1quio\",\"url\":\"https:\/\/www.padreeustaquio.com.br\/\",\"logo\":{\"@type\":\"ImageObject\",\"inLanguage\":\"es\",\"@id\":\"https:\/\/www.padreeustaquio.com.br\/#\/schema\/logo\/image\/\",\"url\":\"https:\/\/www.padreeustaquio.com.br\/wp-content\/uploads\/2019\/08\/marca.png\",\"contentUrl\":\"https:\/\/www.padreeustaquio.com.br\/wp-content\/uploads\/2019\/08\/marca.png\",\"width\":350,\"height\":400,\"caption\":\"Padre Eust\u00e1quio\"},\"image\":{\"@id\":\"https:\/\/www.padreeustaquio.com.br\/#\/schema\/logo\/image\/\"},\"sameAs\":[\"https:\/\/www.facebook.com\/beatopadreeustaquio\/\",\"https:\/\/x.com\/beatopeustaquio\",\"https:\/\/www.instagram.com\/beatopadreeustaquio\/\",\"https:\/\/www.youtube.com\/channel\/UCRhw7vfabnajwLxb1ZXMeIw\"]},{\"@type\":\"Person\",\"@id\":\"https:\/\/www.padreeustaquio.com.br\/#\/schema\/person\/a2a51db1d00f1a7af0204a0f1ddb1566\",\"name\":\"@sscc\",\"image\":{\"@type\":\"ImageObject\",\"inLanguage\":\"es\",\"@id\":\"https:\/\/secure.gravatar.com\/avatar\/68cfafa5f44617fea54071e215026e0ff06be366c3d54a8425f04fdcb86f8c5f?s=96&d=mm&r=g\",\"url\":\"https:\/\/secure.gravatar.com\/avatar\/68cfafa5f44617fea54071e215026e0ff06be366c3d54a8425f04fdcb86f8c5f?s=96&d=mm&r=g\",\"contentUrl\":\"https:\/\/secure.gravatar.com\/avatar\/68cfafa5f44617fea54071e215026e0ff06be366c3d54a8425f04fdcb86f8c5f?s=96&d=mm&r=g\",\"caption\":\"@sscc\"},\"url\":\"https:\/\/www.padreeustaquio.com.br\/es\/author\/sscc\/\"}]}<\/script>\n<!-- \/ Yoast SEO plugin. -->","yoast_head_json":{"title":"La novena al Beato Padre Eustaquio comienza el pr\u00f3ximo s\u00e1bado.","description":"Ser\u00e1n nueve d\u00edas de oraci\u00f3n y reflexi\u00f3n, en los que se hablar\u00e1 sobre la vida del Beato y se meditar\u00e1 sobre las oraciones ofrecidas para pedir una gracia. Todo el material se basa en la Novena al Beato, aprobada can\u00f3nicamente.","robots":{"index":"index","follow":"follow","max-snippet":"max-snippet:-1","max-image-preview":"max-image-preview:large","max-video-preview":"max-video-preview:-1"},"canonical":"https:\/\/www.padreeustaquio.com.br\/es\/la-novena-al-beato-padre-eustaquio-comienza-el-proximo-sabado\/","og_locale":"es_ES","og_type":"article","og_title":"Novena ao Beato Padre Eust\u00e1quio come\u00e7a no pr\u00f3ximo s\u00e1bado","og_description":"Ser\u00e3o nove dias de ora\u00e7\u00e3o e reflex\u00e3o falando da vida do Beato e meditando ora\u00e7\u00f5es feitas para pedir uma gra\u00e7a. Todo material foi baseado na Novena do Bem-aventurado, aprovada canonicamente.","og_url":"https:\/\/www.padreeustaquio.com.br\/es\/la-novena-al-beato-padre-eustaquio-comienza-el-proximo-sabado\/","og_site_name":"Padre Eust\u00e1quio","article_publisher":"https:\/\/www.facebook.com\/beatopadreeustaquio\/","article_published_time":"2021-08-19T08:38:00+00:00","og_image":[{"width":1920,"height":1080,"url":"https:\/\/www.padreeustaquio.com.br\/wp-content\/uploads\/2021\/08\/NOVENA-AO-PADRE-EUSTAQUIO.jpg","type":"image\/jpeg"}],"author":"@sscc","twitter_card":"summary_large_image","twitter_creator":"@beatopeustaquio","twitter_site":"@beatopeustaquio","twitter_misc":{"Escrito por":"@sscc","Tiempo de lectura":"1 minuto"},"schema":{"@context":"https:\/\/schema.org","@graph":[{"@type":"Article","@id":"https:\/\/www.padreeustaquio.com.br\/novena-ao-beato-padre-eustaquio-comeca-no-proximo-sabado\/#article","isPartOf":{"@id":"https:\/\/www.padreeustaquio.com.br\/novena-ao-beato-padre-eustaquio-comeca-no-proximo-sabado\/"},"author":{"name":"@sscc","@id":"https:\/\/www.padreeustaquio.com.br\/#\/schema\/person\/a2a51db1d00f1a7af0204a0f1ddb1566"},"headline":"Novena ao Beato Padre Eust\u00e1quio come\u00e7a no pr\u00f3ximo s\u00e1bado","datePublished":"2021-08-19T08:38:00+00:00","mainEntityOfPage":{"@id":"https:\/\/www.padreeustaquio.com.br\/novena-ao-beato-padre-eustaquio-comeca-no-proximo-sabado\/"},"wordCount":174,"commentCount":0,"publisher":{"@id":"https:\/\/www.padreeustaquio.com.br\/#organization"},"image":{"@id":"https:\/\/www.padreeustaquio.com.br\/novena-ao-beato-padre-eustaquio-comeca-no-proximo-sabado\/#primaryimage"},"thumbnailUrl":"https:\/\/www.padreeustaquio.com.br\/wp-content\/uploads\/2021\/08\/NOVENA-AO-PADRE-EUSTAQUIO.jpg","articleSection":["Not\u00edcias"],"inLanguage":"es","potentialAction":[{"@type":"CommentAction","name":"Comment","target":["https:\/\/www.padreeustaquio.com.br\/novena-ao-beato-padre-eustaquio-comeca-no-proximo-sabado\/#respond"]}]},{"@type":"WebPage","@id":"https:\/\/www.padreeustaquio.com.br\/novena-ao-beato-padre-eustaquio-comeca-no-proximo-sabado\/","url":"https:\/\/www.padreeustaquio.com.br\/novena-ao-beato-padre-eustaquio-comeca-no-proximo-sabado\/","name":"La novena al Beato Padre Eustaquio comienza el pr\u00f3ximo s\u00e1bado.","isPartOf":{"@id":"https:\/\/www.padreeustaquio.com.br\/#website"},"primaryImageOfPage":{"@id":"https:\/\/www.padreeustaquio.com.br\/novena-ao-beato-padre-eustaquio-comeca-no-proximo-sabado\/#primaryimage"},"image":{"@id":"https:\/\/www.padreeustaquio.com.br\/novena-ao-beato-padre-eustaquio-comeca-no-proximo-sabado\/#primaryimage"},"thumbnailUrl":"https:\/\/www.padreeustaquio.com.br\/wp-content\/uploads\/2021\/08\/NOVENA-AO-PADRE-EUSTAQUIO.jpg","datePublished":"2021-08-19T08:38:00+00:00","description":"Ser\u00e1n nueve d\u00edas de oraci\u00f3n y reflexi\u00f3n, en los que se hablar\u00e1 sobre la vida del Beato y se meditar\u00e1 sobre las oraciones ofrecidas para pedir una gracia. Todo el material se basa en la Novena al Beato, aprobada can\u00f3nicamente.","breadcrumb":{"@id":"https:\/\/www.padreeustaquio.com.br\/novena-ao-beato-padre-eustaquio-comeca-no-proximo-sabado\/#breadcrumb"},"inLanguage":"es","potentialAction":[{"@type":"ReadAction","target":["https:\/\/www.padreeustaquio.com.br\/novena-ao-beato-padre-eustaquio-comeca-no-proximo-sabado\/"]}]},{"@type":"ImageObject","inLanguage":"es","@id":"https:\/\/www.padreeustaquio.com.br\/novena-ao-beato-padre-eustaquio-comeca-no-proximo-sabado\/#primaryimage","url":"https:\/\/www.padreeustaquio.com.br\/wp-content\/uploads\/2021\/08\/NOVENA-AO-PADRE-EUSTAQUIO.jpg","contentUrl":"https:\/\/www.padreeustaquio.com.br\/wp-content\/uploads\/2021\/08\/NOVENA-AO-PADRE-EUSTAQUIO.jpg","width":1920,"height":1080},{"@type":"BreadcrumbList","@id":"https:\/\/www.padreeustaquio.com.br\/novena-ao-beato-padre-eustaquio-comeca-no-proximo-sabado\/#breadcrumb","itemListElement":[{"@type":"ListItem","position":1,"name":"In\u00edcio","item":"https:\/\/www.padreeustaquio.com.br\/"},{"@type":"ListItem","position":2,"name":"Novena ao Beato Padre Eust\u00e1quio come\u00e7a no pr\u00f3ximo s\u00e1bado"}]},{"@type":"WebSite","@id":"https:\/\/www.padreeustaquio.com.br\/#website","url":"https:\/\/www.padreeustaquio.com.br\/","name":"Padre Eustace","description":"Salud y Paz","publisher":{"@id":"https:\/\/www.padreeustaquio.com.br\/#organization"},"potentialAction":[{"@type":"SearchAction","target":{"@type":"EntryPoint","urlTemplate":"https:\/\/www.padreeustaquio.com.br\/?s={search_term_string}"},"query-input":{"@type":"PropertyValueSpecification","valueRequired":true,"valueName":"search_term_string"}}],"inLanguage":"es"},{"@type":"Organization","@id":"https:\/\/www.padreeustaquio.com.br\/#organization","name":"Padre Eustace","url":"https:\/\/www.padreeustaquio.com.br\/","logo":{"@type":"ImageObject","inLanguage":"es","@id":"https:\/\/www.padreeustaquio.com.br\/#\/schema\/logo\/image\/","url":"https:\/\/www.padreeustaquio.com.br\/wp-content\/uploads\/2019\/08\/marca.png","contentUrl":"https:\/\/www.padreeustaquio.com.br\/wp-content\/uploads\/2019\/08\/marca.png","width":350,"height":400,"caption":"Padre Eust\u00e1quio"},"image":{"@id":"https:\/\/www.padreeustaquio.com.br\/#\/schema\/logo\/image\/"},"sameAs":["https:\/\/www.facebook.com\/beatopadreeustaquio\/","https:\/\/x.com\/beatopeustaquio","https:\/\/www.instagram.com\/beatopadreeustaquio\/","https:\/\/www.youtube.com\/channel\/UCRhw7vfabnajwLxb1ZXMeIw"]},{"@type":"Person","@id":"https:\/\/www.padreeustaquio.com.br\/#\/schema\/person\/a2a51db1d00f1a7af0204a0f1ddb1566","name":"@sscc","image":{"@type":"ImageObject","inLanguage":"es","@id":"https:\/\/secure.gravatar.com\/avatar\/68cfafa5f44617fea54071e215026e0ff06be366c3d54a8425f04fdcb86f8c5f?s=96&d=mm&r=g","url":"https:\/\/secure.gravatar.com\/avatar\/68cfafa5f44617fea54071e215026e0ff06be366c3d54a8425f04fdcb86f8c5f?s=96&d=mm&r=g","contentUrl":"https:\/\/secure.gravatar.com\/avatar\/68cfafa5f44617fea54071e215026e0ff06be366c3d54a8425f04fdcb86f8c5f?s=96&d=mm&r=g","caption":"@sscc"},"url":"https:\/\/www.padreeustaquio.com.br\/es\/author\/sscc\/"}]}},"_links":{"self":[{"href":"https:\/\/www.padreeustaquio.com.br\/es\/wp-json\/wp\/v2\/posts\/6674","targetHints":{"allow":["GET"]}}],"collection":[{"href":"https:\/\/www.padreeustaquio.com.br\/es\/wp-json\/wp\/v2\/posts"}],"about":[{"href":"https:\/\/www.padreeustaquio.com.br\/es\/wp-json\/wp\/v2\/types\/post"}],"author":[{"embeddable":true,"href":"https:\/\/www.padreeustaquio.com.br\/es\/wp-json\/wp\/v2\/users\/2"}],"replies":[{"embeddable":true,"href":"https:\/\/www.padreeustaquio.com.br\/es\/wp-json\/wp\/v2\/comments?post=6674"}],"version-history":[{"count":0,"href":"https:\/\/www.padreeustaquio.com.br\/es\/wp-json\/wp\/v2\/posts\/6674\/revisions"}],"wp:featuredmedia":[{"embeddable":true,"href":"https:\/\/www.padreeustaquio.com.br\/es\/wp-json\/wp\/v2\/media\/6675"}],"wp:attachment":[{"href":"https:\/\/www.padreeustaquio.com.br\/es\/wp-json\/wp\/v2\/media?parent=6674"}],"wp:term":[{"taxonomy":"category","embeddable":true,"href":"https:\/\/www.padreeustaquio.com.br\/es\/wp-json\/wp\/v2\/categories?post=6674"},{"taxonomy":"post_tag","embeddable":true,"href":"https:\/\/www.padreeustaquio.com.br\/es\/wp-json\/wp\/v2\/tags?post=6674"}],"curies":[{"name":"wp","href":"https:\/\/api.w.org\/{rel}","templated":true}]}}