{"id":6671,"date":"2021-08-18T06:19:00","date_gmt":"2021-08-18T09:19:00","guid":{"rendered":"https:\/\/www.padreeustaquio.com.br\/?p=6671"},"modified":"2021-08-17T19:37:20","modified_gmt":"2021-08-17T22:37:20","slug":"parroco-de-guarapari-visita-el-santuario-de-salud-y-paz-en-belo-horizonte","status":"publish","type":"post","link":"https:\/\/www.padreeustaquio.com.br\/es\/parroco-de-guarapari-visita-el-santuario-de-salud-y-paz-en-belo-horizonte\/","title":{"rendered":"P\u00e1rroco de Guarapari visita el Santuario de Salud y Paz en Belo Horizonte."},"content":{"rendered":"<p>El p\u00e1rroco de la Parroquia del Beato Padre Eustaquio en Guarapari, Esp\u00edrito Santo, Padre M\u00e1rcio Ferreira de Souza, visit\u00f3 el Santuario de la Salud y la Paz en Belo Horizonte este martes (17 de agosto). La visita se realiza cuatro d\u00edas antes del inicio de las fiestas patronales en ambas localidades.<\/p>\n\n\n\n<p>El Padre M\u00e1rcio lleg\u00f3 temprano a la Iglesia del Padre Eust\u00e1quio, en la capital de Minas Gerais. Fue recibido por el responsable de la Causa de Canonizaci\u00f3n, el Padre Vin\u00edcius Maciel, SSCC, quien lo acompa\u00f1\u00f3 a visitar lugares importantes del Santuario. El Padre M\u00e1rcio visit\u00f3 el Memorial del Padre Eust\u00e1quio y conoci\u00f3 los trabajos de restauraci\u00f3n y catalogaci\u00f3n de los objetos que pertenecieron al religioso.<\/p>\n\n\n\n<p>Posteriormente, ambos visitaron la tienda del Padre Eust\u00e1quio y se reunieron para intercambiar ideas sobre la festividad del Padre Eust\u00e1quio en ambas ciudades. El Padre M\u00e1rcio tambi\u00e9n trajo material promocional sobre la devoci\u00f3n al Beato, as\u00ed como objetos e im\u00e1genes del Beato.<\/p>\n\n\n\n<p>Las festividades en la parroquia de Esp\u00edrito Santo tambi\u00e9n comienzan el pr\u00f3ximo s\u00e1bado 21, con el Primer D\u00eda de la Novena. La sede parroquial se encuentra en Concha D&#039;ostra, en el barrio de Santa Margarida, en Guarapari.<\/p>\n\n\n\n<p>La Parroquia del Beato Padre Eustaquio fue fundada en septiembre de 2016 por el Arzobispo Metropolitano de Vit\u00f3ria, Dom Luiz Mancilha Vilela, SSCC. Adem\u00e1s de la devoci\u00f3n local al Beato, la parroquia tambi\u00e9n es muy popular entre los mineros que visitan con frecuencia las playas de Guarapari, en la costa de Esp\u00edrito Santo.<\/p>\n\n\n\n<p><\/p>","protected":false},"excerpt":{"rendered":"<p>O p\u00e1roco da Par\u00f3quia Bem-Aventurado Padre Eust\u00e1quio de Guarapari, no Esp\u00edrito Santo, Padre M\u00e1rcio Ferreira de Souza, esteve, nessa ter\u00e7a-feira (17 de agosto) o Santu\u00e1rio Sa\u00fade e Paz, em Belo Horizonte. A visita acontece quatro dias antes do in\u00edcio da festa do padroeiro nas duas localidades. Padre M\u00e1rcio chegou cedo \u00e0 Igreja do Padre Eust\u00e1quio, na capital mineira. Ele foi recebido pelo respons\u00e1vel pela Causa de Canoniza\u00e7\u00e3o, Pe. Vin\u00edcius Maciel, SSCC, que levou o p\u00e1roco a lugares importantes dentro do Santu\u00e1rio. Padre M\u00e1rcio visitou o Memorial do Padre Eust\u00e1quio e conheceu o trabalho de restaura\u00e7\u00e3o e cataloga\u00e7\u00e3o dos objetos que [&hellip;]<\/p>\n","protected":false},"author":2,"featured_media":6672,"comment_status":"open","ping_status":"closed","sticky":false,"template":"","format":"standard","meta":{"_acf_changed":false,"footnotes":""},"categories":[611],"tags":[],"class_list":["post-6671","post","type-post","status-publish","format-standard","has-post-thumbnail","hentry","category-noticias"],"acf":[],"yoast_head":"<!-- This site is optimized with the Yoast SEO plugin v27.2 - https:\/\/yoast.com\/product\/yoast-seo-wordpress\/ -->\n<title>P\u00e1roco de Guarapari visita Santu\u00e1rio Sa\u00fade e Paz em Belo Horizonte<\/title>\n<meta name=\"description\" content=\"O p\u00e1roco da Par\u00f3quia Bem-Aventurado Padre Eust\u00e1quio de Guarapari\/ES, Pe M\u00e1rcio Ferreira de Souza, esteve, nessa ter\u00e7a-feira o Santu\u00e1rio Sa\u00fade e Paz, em BH.\" \/>\n<meta name=\"robots\" content=\"index, follow, max-snippet:-1, max-image-preview:large, max-video-preview:-1\" \/>\n<link rel=\"canonical\" href=\"https:\/\/www.padreeustaquio.com.br\/es\/parroco-de-guarapari-visita-el-santuario-de-salud-y-paz-en-belo-horizonte\/\" \/>\n<meta property=\"og:locale\" content=\"es_ES\" \/>\n<meta property=\"og:type\" content=\"article\" \/>\n<meta property=\"og:title\" content=\"P\u00e1roco de Guarapari visita Santu\u00e1rio Sa\u00fade e Paz em Belo Horizonte\" \/>\n<meta property=\"og:description\" content=\"O p\u00e1roco da Par\u00f3quia Bem-Aventurado Padre Eust\u00e1quio de Guarapari\/ES, Pe M\u00e1rcio Ferreira de Souza, esteve, nessa ter\u00e7a-feira o Santu\u00e1rio Sa\u00fade e Paz, em BH.\" \/>\n<meta property=\"og:url\" content=\"https:\/\/www.padreeustaquio.com.br\/es\/parroco-de-guarapari-visita-el-santuario-de-salud-y-paz-en-belo-horizonte\/\" \/>\n<meta property=\"og:site_name\" content=\"Padre Eust\u00e1quio\" \/>\n<meta property=\"article:publisher\" content=\"https:\/\/www.facebook.com\/beatopadreeustaquio\/\" \/>\n<meta property=\"article:published_time\" content=\"2021-08-18T09:19:00+00:00\" \/>\n<meta property=\"og:image\" content=\"https:\/\/www.padreeustaquio.com.br\/wp-content\/uploads\/2021\/08\/Padre-Vinicius-Maciel-recebendo-o-Padre-Marcio-Ferreira-de-Souza.jpeg\" \/>\n\t<meta property=\"og:image:width\" content=\"1024\" \/>\n\t<meta property=\"og:image:height\" content=\"768\" \/>\n\t<meta property=\"og:image:type\" content=\"image\/jpeg\" \/>\n<meta name=\"author\" content=\"@sscc\" \/>\n<meta name=\"twitter:card\" content=\"summary_large_image\" \/>\n<meta name=\"twitter:creator\" content=\"@beatopeustaquio\" \/>\n<meta name=\"twitter:site\" content=\"@beatopeustaquio\" \/>\n<meta name=\"twitter:label1\" content=\"Escrito por\" \/>\n\t<meta name=\"twitter:data1\" content=\"@sscc\" \/>\n\t<meta name=\"twitter:label2\" content=\"Tiempo de lectura\" \/>\n\t<meta name=\"twitter:data2\" content=\"1 minuto\" \/>\n<script type=\"application\/ld+json\" class=\"yoast-schema-graph\">{\"@context\":\"https:\/\/schema.org\",\"@graph\":[{\"@type\":\"Article\",\"@id\":\"https:\/\/www.padreeustaquio.com.br\/paroco-de-guarapari-visita-santuario-saude-e-paz-em-belo-horizonte\/#article\",\"isPartOf\":{\"@id\":\"https:\/\/www.padreeustaquio.com.br\/paroco-de-guarapari-visita-santuario-saude-e-paz-em-belo-horizonte\/\"},\"author\":{\"name\":\"@sscc\",\"@id\":\"https:\/\/www.padreeustaquio.com.br\/#\/schema\/person\/a2a51db1d00f1a7af0204a0f1ddb1566\"},\"headline\":\"P\u00e1roco de Guarapari visita Santu\u00e1rio Sa\u00fade e Paz em Belo Horizonte\",\"datePublished\":\"2021-08-18T09:19:00+00:00\",\"mainEntityOfPage\":{\"@id\":\"https:\/\/www.padreeustaquio.com.br\/paroco-de-guarapari-visita-santuario-saude-e-paz-em-belo-horizonte\/\"},\"wordCount\":273,\"commentCount\":0,\"publisher\":{\"@id\":\"https:\/\/www.padreeustaquio.com.br\/#organization\"},\"image\":{\"@id\":\"https:\/\/www.padreeustaquio.com.br\/paroco-de-guarapari-visita-santuario-saude-e-paz-em-belo-horizonte\/#primaryimage\"},\"thumbnailUrl\":\"https:\/\/www.padreeustaquio.com.br\/wp-content\/uploads\/2021\/08\/Padre-Vinicius-Maciel-recebendo-o-Padre-Marcio-Ferreira-de-Souza.jpeg\",\"articleSection\":[\"Not\u00edcias\"],\"inLanguage\":\"es\",\"potentialAction\":[{\"@type\":\"CommentAction\",\"name\":\"Comment\",\"target\":[\"https:\/\/www.padreeustaquio.com.br\/paroco-de-guarapari-visita-santuario-saude-e-paz-em-belo-horizonte\/#respond\"]}]},{\"@type\":\"WebPage\",\"@id\":\"https:\/\/www.padreeustaquio.com.br\/paroco-de-guarapari-visita-santuario-saude-e-paz-em-belo-horizonte\/\",\"url\":\"https:\/\/www.padreeustaquio.com.br\/paroco-de-guarapari-visita-santuario-saude-e-paz-em-belo-horizonte\/\",\"name\":\"P\u00e1roco de Guarapari visita Santu\u00e1rio Sa\u00fade e Paz em Belo Horizonte\",\"isPartOf\":{\"@id\":\"https:\/\/www.padreeustaquio.com.br\/#website\"},\"primaryImageOfPage\":{\"@id\":\"https:\/\/www.padreeustaquio.com.br\/paroco-de-guarapari-visita-santuario-saude-e-paz-em-belo-horizonte\/#primaryimage\"},\"image\":{\"@id\":\"https:\/\/www.padreeustaquio.com.br\/paroco-de-guarapari-visita-santuario-saude-e-paz-em-belo-horizonte\/#primaryimage\"},\"thumbnailUrl\":\"https:\/\/www.padreeustaquio.com.br\/wp-content\/uploads\/2021\/08\/Padre-Vinicius-Maciel-recebendo-o-Padre-Marcio-Ferreira-de-Souza.jpeg\",\"datePublished\":\"2021-08-18T09:19:00+00:00\",\"description\":\"O p\u00e1roco da Par\u00f3quia Bem-Aventurado Padre Eust\u00e1quio de Guarapari\/ES, Pe M\u00e1rcio Ferreira de Souza, esteve, nessa ter\u00e7a-feira o Santu\u00e1rio Sa\u00fade e Paz, em BH.\",\"breadcrumb\":{\"@id\":\"https:\/\/www.padreeustaquio.com.br\/paroco-de-guarapari-visita-santuario-saude-e-paz-em-belo-horizonte\/#breadcrumb\"},\"inLanguage\":\"es\",\"potentialAction\":[{\"@type\":\"ReadAction\",\"target\":[\"https:\/\/www.padreeustaquio.com.br\/paroco-de-guarapari-visita-santuario-saude-e-paz-em-belo-horizonte\/\"]}]},{\"@type\":\"ImageObject\",\"inLanguage\":\"es\",\"@id\":\"https:\/\/www.padreeustaquio.com.br\/paroco-de-guarapari-visita-santuario-saude-e-paz-em-belo-horizonte\/#primaryimage\",\"url\":\"https:\/\/www.padreeustaquio.com.br\/wp-content\/uploads\/2021\/08\/Padre-Vinicius-Maciel-recebendo-o-Padre-Marcio-Ferreira-de-Souza.jpeg\",\"contentUrl\":\"https:\/\/www.padreeustaquio.com.br\/wp-content\/uploads\/2021\/08\/Padre-Vinicius-Maciel-recebendo-o-Padre-Marcio-Ferreira-de-Souza.jpeg\",\"width\":1024,\"height\":768},{\"@type\":\"BreadcrumbList\",\"@id\":\"https:\/\/www.padreeustaquio.com.br\/paroco-de-guarapari-visita-santuario-saude-e-paz-em-belo-horizonte\/#breadcrumb\",\"itemListElement\":[{\"@type\":\"ListItem\",\"position\":1,\"name\":\"In\u00edcio\",\"item\":\"https:\/\/www.padreeustaquio.com.br\/\"},{\"@type\":\"ListItem\",\"position\":2,\"name\":\"P\u00e1roco de Guarapari visita Santu\u00e1rio Sa\u00fade e Paz em Belo Horizonte\"}]},{\"@type\":\"WebSite\",\"@id\":\"https:\/\/www.padreeustaquio.com.br\/#website\",\"url\":\"https:\/\/www.padreeustaquio.com.br\/\",\"name\":\"Padre Eust\u00e1quio\",\"description\":\"Sa\u00fade e Paz\",\"publisher\":{\"@id\":\"https:\/\/www.padreeustaquio.com.br\/#organization\"},\"potentialAction\":[{\"@type\":\"SearchAction\",\"target\":{\"@type\":\"EntryPoint\",\"urlTemplate\":\"https:\/\/www.padreeustaquio.com.br\/?s={search_term_string}\"},\"query-input\":{\"@type\":\"PropertyValueSpecification\",\"valueRequired\":true,\"valueName\":\"search_term_string\"}}],\"inLanguage\":\"es\"},{\"@type\":\"Organization\",\"@id\":\"https:\/\/www.padreeustaquio.com.br\/#organization\",\"name\":\"Padre Eust\u00e1quio\",\"url\":\"https:\/\/www.padreeustaquio.com.br\/\",\"logo\":{\"@type\":\"ImageObject\",\"inLanguage\":\"es\",\"@id\":\"https:\/\/www.padreeustaquio.com.br\/#\/schema\/logo\/image\/\",\"url\":\"https:\/\/www.padreeustaquio.com.br\/wp-content\/uploads\/2019\/08\/marca.png\",\"contentUrl\":\"https:\/\/www.padreeustaquio.com.br\/wp-content\/uploads\/2019\/08\/marca.png\",\"width\":350,\"height\":400,\"caption\":\"Padre Eust\u00e1quio\"},\"image\":{\"@id\":\"https:\/\/www.padreeustaquio.com.br\/#\/schema\/logo\/image\/\"},\"sameAs\":[\"https:\/\/www.facebook.com\/beatopadreeustaquio\/\",\"https:\/\/x.com\/beatopeustaquio\",\"https:\/\/www.instagram.com\/beatopadreeustaquio\/\",\"https:\/\/www.youtube.com\/channel\/UCRhw7vfabnajwLxb1ZXMeIw\"]},{\"@type\":\"Person\",\"@id\":\"https:\/\/www.padreeustaquio.com.br\/#\/schema\/person\/a2a51db1d00f1a7af0204a0f1ddb1566\",\"name\":\"@sscc\",\"image\":{\"@type\":\"ImageObject\",\"inLanguage\":\"es\",\"@id\":\"https:\/\/secure.gravatar.com\/avatar\/68cfafa5f44617fea54071e215026e0ff06be366c3d54a8425f04fdcb86f8c5f?s=96&d=mm&r=g\",\"url\":\"https:\/\/secure.gravatar.com\/avatar\/68cfafa5f44617fea54071e215026e0ff06be366c3d54a8425f04fdcb86f8c5f?s=96&d=mm&r=g\",\"contentUrl\":\"https:\/\/secure.gravatar.com\/avatar\/68cfafa5f44617fea54071e215026e0ff06be366c3d54a8425f04fdcb86f8c5f?s=96&d=mm&r=g\",\"caption\":\"@sscc\"},\"url\":\"https:\/\/www.padreeustaquio.com.br\/es\/author\/sscc\/\"}]}<\/script>\n<!-- \/ Yoast SEO plugin. -->","yoast_head_json":{"title":"P\u00e1rroco de Guarapari visita el Santuario de Salud y Paz en Belo Horizonte.","description":"El p\u00e1rroco de la Parroquia Beato Padre Eustaquio de Guarapari\/ES, padre M\u00e1rcio Ferreira de Souza, visit\u00f3 este martes el Santuario de Salud y Paz en Belo Horizonte.","robots":{"index":"index","follow":"follow","max-snippet":"max-snippet:-1","max-image-preview":"max-image-preview:large","max-video-preview":"max-video-preview:-1"},"canonical":"https:\/\/www.padreeustaquio.com.br\/es\/parroco-de-guarapari-visita-el-santuario-de-salud-y-paz-en-belo-horizonte\/","og_locale":"es_ES","og_type":"article","og_title":"P\u00e1roco de Guarapari visita Santu\u00e1rio Sa\u00fade e Paz em Belo Horizonte","og_description":"O p\u00e1roco da Par\u00f3quia Bem-Aventurado Padre Eust\u00e1quio de Guarapari\/ES, Pe M\u00e1rcio Ferreira de Souza, esteve, nessa ter\u00e7a-feira o Santu\u00e1rio Sa\u00fade e Paz, em BH.","og_url":"https:\/\/www.padreeustaquio.com.br\/es\/parroco-de-guarapari-visita-el-santuario-de-salud-y-paz-en-belo-horizonte\/","og_site_name":"Padre Eust\u00e1quio","article_publisher":"https:\/\/www.facebook.com\/beatopadreeustaquio\/","article_published_time":"2021-08-18T09:19:00+00:00","og_image":[{"width":1024,"height":768,"url":"https:\/\/www.padreeustaquio.com.br\/wp-content\/uploads\/2021\/08\/Padre-Vinicius-Maciel-recebendo-o-Padre-Marcio-Ferreira-de-Souza.jpeg","type":"image\/jpeg"}],"author":"@sscc","twitter_card":"summary_large_image","twitter_creator":"@beatopeustaquio","twitter_site":"@beatopeustaquio","twitter_misc":{"Escrito por":"@sscc","Tiempo de lectura":"1 minuto"},"schema":{"@context":"https:\/\/schema.org","@graph":[{"@type":"Article","@id":"https:\/\/www.padreeustaquio.com.br\/paroco-de-guarapari-visita-santuario-saude-e-paz-em-belo-horizonte\/#article","isPartOf":{"@id":"https:\/\/www.padreeustaquio.com.br\/paroco-de-guarapari-visita-santuario-saude-e-paz-em-belo-horizonte\/"},"author":{"name":"@sscc","@id":"https:\/\/www.padreeustaquio.com.br\/#\/schema\/person\/a2a51db1d00f1a7af0204a0f1ddb1566"},"headline":"P\u00e1roco de Guarapari visita Santu\u00e1rio Sa\u00fade e Paz em Belo Horizonte","datePublished":"2021-08-18T09:19:00+00:00","mainEntityOfPage":{"@id":"https:\/\/www.padreeustaquio.com.br\/paroco-de-guarapari-visita-santuario-saude-e-paz-em-belo-horizonte\/"},"wordCount":273,"commentCount":0,"publisher":{"@id":"https:\/\/www.padreeustaquio.com.br\/#organization"},"image":{"@id":"https:\/\/www.padreeustaquio.com.br\/paroco-de-guarapari-visita-santuario-saude-e-paz-em-belo-horizonte\/#primaryimage"},"thumbnailUrl":"https:\/\/www.padreeustaquio.com.br\/wp-content\/uploads\/2021\/08\/Padre-Vinicius-Maciel-recebendo-o-Padre-Marcio-Ferreira-de-Souza.jpeg","articleSection":["Not\u00edcias"],"inLanguage":"es","potentialAction":[{"@type":"CommentAction","name":"Comment","target":["https:\/\/www.padreeustaquio.com.br\/paroco-de-guarapari-visita-santuario-saude-e-paz-em-belo-horizonte\/#respond"]}]},{"@type":"WebPage","@id":"https:\/\/www.padreeustaquio.com.br\/paroco-de-guarapari-visita-santuario-saude-e-paz-em-belo-horizonte\/","url":"https:\/\/www.padreeustaquio.com.br\/paroco-de-guarapari-visita-santuario-saude-e-paz-em-belo-horizonte\/","name":"P\u00e1rroco de Guarapari visita el Santuario de Salud y Paz en Belo Horizonte.","isPartOf":{"@id":"https:\/\/www.padreeustaquio.com.br\/#website"},"primaryImageOfPage":{"@id":"https:\/\/www.padreeustaquio.com.br\/paroco-de-guarapari-visita-santuario-saude-e-paz-em-belo-horizonte\/#primaryimage"},"image":{"@id":"https:\/\/www.padreeustaquio.com.br\/paroco-de-guarapari-visita-santuario-saude-e-paz-em-belo-horizonte\/#primaryimage"},"thumbnailUrl":"https:\/\/www.padreeustaquio.com.br\/wp-content\/uploads\/2021\/08\/Padre-Vinicius-Maciel-recebendo-o-Padre-Marcio-Ferreira-de-Souza.jpeg","datePublished":"2021-08-18T09:19:00+00:00","description":"El p\u00e1rroco de la Parroquia Beato Padre Eustaquio de Guarapari\/ES, padre M\u00e1rcio Ferreira de Souza, visit\u00f3 este martes el Santuario de Salud y Paz en Belo Horizonte.","breadcrumb":{"@id":"https:\/\/www.padreeustaquio.com.br\/paroco-de-guarapari-visita-santuario-saude-e-paz-em-belo-horizonte\/#breadcrumb"},"inLanguage":"es","potentialAction":[{"@type":"ReadAction","target":["https:\/\/www.padreeustaquio.com.br\/paroco-de-guarapari-visita-santuario-saude-e-paz-em-belo-horizonte\/"]}]},{"@type":"ImageObject","inLanguage":"es","@id":"https:\/\/www.padreeustaquio.com.br\/paroco-de-guarapari-visita-santuario-saude-e-paz-em-belo-horizonte\/#primaryimage","url":"https:\/\/www.padreeustaquio.com.br\/wp-content\/uploads\/2021\/08\/Padre-Vinicius-Maciel-recebendo-o-Padre-Marcio-Ferreira-de-Souza.jpeg","contentUrl":"https:\/\/www.padreeustaquio.com.br\/wp-content\/uploads\/2021\/08\/Padre-Vinicius-Maciel-recebendo-o-Padre-Marcio-Ferreira-de-Souza.jpeg","width":1024,"height":768},{"@type":"BreadcrumbList","@id":"https:\/\/www.padreeustaquio.com.br\/paroco-de-guarapari-visita-santuario-saude-e-paz-em-belo-horizonte\/#breadcrumb","itemListElement":[{"@type":"ListItem","position":1,"name":"In\u00edcio","item":"https:\/\/www.padreeustaquio.com.br\/"},{"@type":"ListItem","position":2,"name":"P\u00e1roco de Guarapari visita Santu\u00e1rio Sa\u00fade e Paz em Belo Horizonte"}]},{"@type":"WebSite","@id":"https:\/\/www.padreeustaquio.com.br\/#website","url":"https:\/\/www.padreeustaquio.com.br\/","name":"Padre Eustace","description":"Salud y Paz","publisher":{"@id":"https:\/\/www.padreeustaquio.com.br\/#organization"},"potentialAction":[{"@type":"SearchAction","target":{"@type":"EntryPoint","urlTemplate":"https:\/\/www.padreeustaquio.com.br\/?s={search_term_string}"},"query-input":{"@type":"PropertyValueSpecification","valueRequired":true,"valueName":"search_term_string"}}],"inLanguage":"es"},{"@type":"Organization","@id":"https:\/\/www.padreeustaquio.com.br\/#organization","name":"Padre Eustace","url":"https:\/\/www.padreeustaquio.com.br\/","logo":{"@type":"ImageObject","inLanguage":"es","@id":"https:\/\/www.padreeustaquio.com.br\/#\/schema\/logo\/image\/","url":"https:\/\/www.padreeustaquio.com.br\/wp-content\/uploads\/2019\/08\/marca.png","contentUrl":"https:\/\/www.padreeustaquio.com.br\/wp-content\/uploads\/2019\/08\/marca.png","width":350,"height":400,"caption":"Padre Eust\u00e1quio"},"image":{"@id":"https:\/\/www.padreeustaquio.com.br\/#\/schema\/logo\/image\/"},"sameAs":["https:\/\/www.facebook.com\/beatopadreeustaquio\/","https:\/\/x.com\/beatopeustaquio","https:\/\/www.instagram.com\/beatopadreeustaquio\/","https:\/\/www.youtube.com\/channel\/UCRhw7vfabnajwLxb1ZXMeIw"]},{"@type":"Person","@id":"https:\/\/www.padreeustaquio.com.br\/#\/schema\/person\/a2a51db1d00f1a7af0204a0f1ddb1566","name":"@sscc","image":{"@type":"ImageObject","inLanguage":"es","@id":"https:\/\/secure.gravatar.com\/avatar\/68cfafa5f44617fea54071e215026e0ff06be366c3d54a8425f04fdcb86f8c5f?s=96&d=mm&r=g","url":"https:\/\/secure.gravatar.com\/avatar\/68cfafa5f44617fea54071e215026e0ff06be366c3d54a8425f04fdcb86f8c5f?s=96&d=mm&r=g","contentUrl":"https:\/\/secure.gravatar.com\/avatar\/68cfafa5f44617fea54071e215026e0ff06be366c3d54a8425f04fdcb86f8c5f?s=96&d=mm&r=g","caption":"@sscc"},"url":"https:\/\/www.padreeustaquio.com.br\/es\/author\/sscc\/"}]}},"_links":{"self":[{"href":"https:\/\/www.padreeustaquio.com.br\/es\/wp-json\/wp\/v2\/posts\/6671","targetHints":{"allow":["GET"]}}],"collection":[{"href":"https:\/\/www.padreeustaquio.com.br\/es\/wp-json\/wp\/v2\/posts"}],"about":[{"href":"https:\/\/www.padreeustaquio.com.br\/es\/wp-json\/wp\/v2\/types\/post"}],"author":[{"embeddable":true,"href":"https:\/\/www.padreeustaquio.com.br\/es\/wp-json\/wp\/v2\/users\/2"}],"replies":[{"embeddable":true,"href":"https:\/\/www.padreeustaquio.com.br\/es\/wp-json\/wp\/v2\/comments?post=6671"}],"version-history":[{"count":0,"href":"https:\/\/www.padreeustaquio.com.br\/es\/wp-json\/wp\/v2\/posts\/6671\/revisions"}],"wp:featuredmedia":[{"embeddable":true,"href":"https:\/\/www.padreeustaquio.com.br\/es\/wp-json\/wp\/v2\/media\/6672"}],"wp:attachment":[{"href":"https:\/\/www.padreeustaquio.com.br\/es\/wp-json\/wp\/v2\/media?parent=6671"}],"wp:term":[{"taxonomy":"category","embeddable":true,"href":"https:\/\/www.padreeustaquio.com.br\/es\/wp-json\/wp\/v2\/categories?post=6671"},{"taxonomy":"post_tag","embeddable":true,"href":"https:\/\/www.padreeustaquio.com.br\/es\/wp-json\/wp\/v2\/tags?post=6671"}],"curies":[{"name":"wp","href":"https:\/\/api.w.org\/{rel}","templated":true}]}}