{"id":6618,"date":"2021-08-16T06:34:00","date_gmt":"2021-08-16T09:34:00","guid":{"rendered":"https:\/\/www.padreeustaquio.com.br\/?p=6618"},"modified":"2021-08-14T18:51:37","modified_gmt":"2021-08-14T21:51:37","slug":"festival-padre-eustaquio-2021-consulta-la-programacion-y-participa","status":"publish","type":"post","link":"https:\/\/www.padreeustaquio.com.br\/es\/festival-padre-eustaquio-2021-consulta-la-programacion-y-participa\/","title":{"rendered":"Festival Padre Eust\u00e1quio 2021 \u2013 \u00a1Consulta la programaci\u00f3n y participa!"},"content":{"rendered":"<p>El Santuario de Salud y Paz se prepara para la Fiesta del Beato Padre Eustaquio de 2021. El evento incluye 10 d\u00edas de celebraciones especiales en la iglesia y tambi\u00e9n en l\u00ednea.<\/p>\n\n\n\n<p>A partir del 21 de agosto, todas las ma\u00f1anas a las 7 AM, se realizar\u00e1 una Novena al Sant\u00edsimo en el Canal de YouTube del Padre Eust\u00e1quio.<\/p>\n\n\n\n<p>Tambi\u00e9n el s\u00e1bado 21, a las 18:00, se celebrar\u00e1 una misa con procesi\u00f3n de velas con la imagen del Beato. La procesi\u00f3n se realizar\u00e1 \u00fanicamente dentro del Santuario. En esta ocasi\u00f3n, se bendecir\u00e1n las velas y se iniciar\u00e1 la novena presencial. La misa ser\u00e1 especial con la participaci\u00f3n de los Eustaquianos y Eustaquianas.<\/p>\n\n\n\n<p>El domingo 22 se celebrar\u00e1n cuatro Eucarist\u00edas a las 7:30, 10:00, 16:00 y 18:00, coincidiendo con el segundo d\u00eda de la Novena. La Misa contar\u00e1 con la participaci\u00f3n de mujeres embarazadas y parejas que piden la gracia de concebir.<\/p>\n\n\n\n<p>El lunes 23 de agosto se celebrar\u00e1 el tercer d\u00eda de la Novena y Celebraci\u00f3n por las Vocaciones, con la participaci\u00f3n de los seminaristas. El martes 24 se celebrar\u00e1 el cuarto d\u00eda de la Novena y Misa por los enfermos, con la bendici\u00f3n de medicamentos y ramos medicinales.<\/p>\n\n\n\n<p>El mi\u00e9rcoles 25, quinto d\u00eda de la novena, la celebraci\u00f3n ser\u00e1 para los estudiantes. El jueves, el enfoque se centrar\u00e1 en recordar la vida consagrada, y la celebraci\u00f3n contar\u00e1 con la participaci\u00f3n de religiosos y religiosas, quienes se unir\u00e1n a los fieles en la oraci\u00f3n del sexto d\u00eda de la novena.<\/p>\n\n\n\n<p>El viernes 27 de agosto tendremos una celebraci\u00f3n especial en honor a las v\u00edctimas del Covid-19. La misa ser\u00e1 a puerta cerrada y las bancas de la iglesia estar\u00e1n ocupadas por fotos de personas que perdieron la vida a causa de esta enfermedad. Si conoce a alguien que haya fallecido a causa del coronavirus, por favor, env\u00edenos su fotograf\u00eda para que podamos exhibirla en la iglesia durante el servicio. Env\u00edela a [direcci\u00f3n de correo electr\u00f3nico\/informaci\u00f3n de contacto]. <strong>contato@padreeustaquio.com.br<\/strong>.<\/p>\n\n\n\n<p>Tambi\u00e9n el viernes, habr\u00e1 una misa a las 19:00 h con la participaci\u00f3n de comerciantes. Este ser\u00e1 el s\u00e9ptimo d\u00eda de la Novena. A las 22:00 h habr\u00e1 una Adoraci\u00f3n al Sant\u00edsimo Sacramento con los J\u00f3venes de los Sagrados Corazones.<\/p>\n\n\n\n<p>El s\u00e1bado 28 de agosto, octavo d\u00eda de la Novena, habr\u00e1 cuatro celebraciones a las 7:30, 10:00, 16:00 y 18:00. La misa de las 16:00 ser\u00e1 especial para los ni\u00f1os.<\/p>\n\n\n\n<p>El domingo 29, \u00faltimo d\u00eda de la Novena, habr\u00e1 un extenso programa en honor al Sant\u00edsimo. Habr\u00e1 cuatro celebraciones con el tema de la Solidaridad, a las 7:30, 10:00, 16:00 y 18:00. Los participantes podr\u00e1n traer alimentos no perecederos para donarlos a las familias necesitadas inscritas en las Damas de la Caridad.<\/p>\n\n\n\n<p>A las 11:00 a. m., se realizar\u00e1 la izada del m\u00e1stil para la festividad del Beato Padre Eust\u00e1quio, seguida inmediatamente a las 12:00 p. m. por un almuerzo de celebraci\u00f3n con recogida en el Centro Comunitario de la Iglesia. A las 2:00 p. m., una procesi\u00f3n con la imagen del Beato Padre recorrer\u00e1 las calles del barrio.<\/p>\n\n\n\n<p>El 30 de agosto, D\u00eda del Padre Eust\u00e1quio, las festividades comienzan a las 6:00 a. m. con una misa en l\u00ednea, transmitida por el canal de YouTube del Padre Eust\u00e1quio. Posteriormente, a las 7:00 a. m., comenzar\u00e1n las visitas presenciales al Memorial del Padre Eust\u00e1quio, que continuar\u00e1n hasta las 7:00 p. m. Las visitas se controlar\u00e1n seg\u00fan los protocolos sanitarios vigentes; quienes asistan recibir\u00e1n una bendici\u00f3n de salud y paz. Tambi\u00e9n habr\u00e1 una programaci\u00f3n especial en el canal de YouTube del Padre Eust\u00e1quio en dos horarios: de 8:00 a. m. a 12:00 p. m. y de 1:00 p. m. a 5:00 p. m.<\/p>\n\n\n\n<p>El Festival concluye a las 20 horas con la Misa de clausura, que tambi\u00e9n ser\u00e1 transmitida por nuestro canal de YouTube.<\/p>\n\n\n\n<p>Recuerde que para participar de las celebraciones del 21 al 29 de agosto, ser\u00e1 necesario adquirir las entradas en nuestro sitio web padreeustaquio.com.br o en la secretar\u00eda parroquial.<\/p>\n\n\n\n<p><strong>**El lunes 30 de agosto las celebraciones ser\u00e1n cerradas al p\u00fablico y se transmitir\u00e1n \u00fanicamente por redes sociales.**.<\/strong><\/p>\n\n\n\n<p><\/p>","protected":false},"excerpt":{"rendered":"<p>O Santu\u00e1rio Sa\u00fade e Paz est\u00e1 se preparando para Festa do Beato Padre Eust\u00e1quio 2021. O evento conta com 10 dias de celebra\u00e7\u00f5es especiais na igreja e tamb\u00e9m pela internet. A partir do dia 21 de agosto, todas as manh\u00e3s, \u00e0s 7h, haver\u00e1 a Novena ao Bem-aventurado pelo YouTube Canal Padre Eust\u00e1quio. Tamb\u00e9m no s\u00e1bado, 21, \u00e0s 18h, haver\u00e1 uma Missa com prociss\u00e3o luminosa com a imagem do Beato. O cortejo ser\u00e1 apenas dentro do Santu\u00e1rio. Na ocasi\u00e3o haver\u00e1 a ben\u00e7\u00e3o das velas e o in\u00edcio da Novena presencial. A missa ser\u00e1 especial com a participa\u00e7\u00e3o dos Eust\u00e1quios e Eust\u00e1quias. [&hellip;]<\/p>\n","protected":false},"author":2,"featured_media":6094,"comment_status":"open","ping_status":"closed","sticky":false,"template":"","format":"standard","meta":{"_acf_changed":false,"footnotes":""},"categories":[611],"tags":[],"class_list":["post-6618","post","type-post","status-publish","format-standard","has-post-thumbnail","hentry","category-noticias"],"acf":[],"yoast_head":"<!-- This site is optimized with the Yoast SEO plugin v27.2 - https:\/\/yoast.com\/product\/yoast-seo-wordpress\/ -->\n<title>Festa de Padre Eust\u00e1quio 2021 - Confira a programa\u00e7\u00e3o e participe<\/title>\n<meta name=\"description\" content=\"O Santu\u00e1rio Sa\u00fade e Paz est\u00e1 se preparando para Festa do Beato Padre Eust\u00e1quio 2021. O evento conta com 10 dias de celebra\u00e7\u00f5es especiais na igreja e tamb\u00e9m pela internet.\" \/>\n<meta name=\"robots\" content=\"index, follow, max-snippet:-1, max-image-preview:large, max-video-preview:-1\" \/>\n<link rel=\"canonical\" href=\"https:\/\/www.padreeustaquio.com.br\/es\/festival-padre-eustaquio-2021-consulta-la-programacion-y-participa\/\" \/>\n<meta property=\"og:locale\" content=\"es_ES\" \/>\n<meta property=\"og:type\" content=\"article\" \/>\n<meta property=\"og:title\" content=\"Festa de Padre Eust\u00e1quio 2021 - Confira a programa\u00e7\u00e3o e participe\" \/>\n<meta property=\"og:description\" content=\"O Santu\u00e1rio Sa\u00fade e Paz est\u00e1 se preparando para Festa do Beato Padre Eust\u00e1quio 2021. O evento conta com 10 dias de celebra\u00e7\u00f5es especiais na igreja e tamb\u00e9m pela internet.\" \/>\n<meta property=\"og:url\" content=\"https:\/\/www.padreeustaquio.com.br\/es\/festival-padre-eustaquio-2021-consulta-la-programacion-y-participa\/\" \/>\n<meta property=\"og:site_name\" content=\"Padre Eust\u00e1quio\" \/>\n<meta property=\"article:publisher\" content=\"https:\/\/www.facebook.com\/beatopadreeustaquio\/\" \/>\n<meta property=\"article:published_time\" content=\"2021-08-16T09:34:00+00:00\" \/>\n<meta property=\"og:image\" content=\"https:\/\/www.padreeustaquio.com.br\/wp-content\/uploads\/2021\/06\/15-ANOS-BEATIFICACAO.jpg\" \/>\n\t<meta property=\"og:image:width\" content=\"748\" \/>\n\t<meta property=\"og:image:height\" content=\"394\" \/>\n\t<meta property=\"og:image:type\" content=\"image\/jpeg\" \/>\n<meta name=\"author\" content=\"@sscc\" \/>\n<meta name=\"twitter:card\" content=\"summary_large_image\" \/>\n<meta name=\"twitter:creator\" content=\"@beatopeustaquio\" \/>\n<meta name=\"twitter:site\" content=\"@beatopeustaquio\" \/>\n<meta name=\"twitter:label1\" content=\"Escrito por\" \/>\n\t<meta name=\"twitter:data1\" content=\"@sscc\" \/>\n\t<meta name=\"twitter:label2\" content=\"Tiempo de lectura\" \/>\n\t<meta name=\"twitter:data2\" content=\"3 minutos\" \/>\n<script type=\"application\/ld+json\" class=\"yoast-schema-graph\">{\"@context\":\"https:\/\/schema.org\",\"@graph\":[{\"@type\":\"Article\",\"@id\":\"https:\/\/www.padreeustaquio.com.br\/festa-de-padre-eustaquio-2021-confira-a-programacao-e-participe\/#article\",\"isPartOf\":{\"@id\":\"https:\/\/www.padreeustaquio.com.br\/festa-de-padre-eustaquio-2021-confira-a-programacao-e-participe\/\"},\"author\":{\"name\":\"@sscc\",\"@id\":\"https:\/\/www.padreeustaquio.com.br\/#\/schema\/person\/a2a51db1d00f1a7af0204a0f1ddb1566\"},\"headline\":\"Festa de Padre Eust\u00e1quio 2021 &#8211; Confira a programa\u00e7\u00e3o e participe\",\"datePublished\":\"2021-08-16T09:34:00+00:00\",\"mainEntityOfPage\":{\"@id\":\"https:\/\/www.padreeustaquio.com.br\/festa-de-padre-eustaquio-2021-confira-a-programacao-e-participe\/\"},\"wordCount\":659,\"commentCount\":0,\"publisher\":{\"@id\":\"https:\/\/www.padreeustaquio.com.br\/#organization\"},\"image\":{\"@id\":\"https:\/\/www.padreeustaquio.com.br\/festa-de-padre-eustaquio-2021-confira-a-programacao-e-participe\/#primaryimage\"},\"thumbnailUrl\":\"https:\/\/www.padreeustaquio.com.br\/wp-content\/uploads\/2021\/06\/15-ANOS-BEATIFICACAO.jpg\",\"articleSection\":[\"Not\u00edcias\"],\"inLanguage\":\"es\",\"potentialAction\":[{\"@type\":\"CommentAction\",\"name\":\"Comment\",\"target\":[\"https:\/\/www.padreeustaquio.com.br\/festa-de-padre-eustaquio-2021-confira-a-programacao-e-participe\/#respond\"]}]},{\"@type\":\"WebPage\",\"@id\":\"https:\/\/www.padreeustaquio.com.br\/festa-de-padre-eustaquio-2021-confira-a-programacao-e-participe\/\",\"url\":\"https:\/\/www.padreeustaquio.com.br\/festa-de-padre-eustaquio-2021-confira-a-programacao-e-participe\/\",\"name\":\"Festa de Padre Eust\u00e1quio 2021 - Confira a programa\u00e7\u00e3o e participe\",\"isPartOf\":{\"@id\":\"https:\/\/www.padreeustaquio.com.br\/#website\"},\"primaryImageOfPage\":{\"@id\":\"https:\/\/www.padreeustaquio.com.br\/festa-de-padre-eustaquio-2021-confira-a-programacao-e-participe\/#primaryimage\"},\"image\":{\"@id\":\"https:\/\/www.padreeustaquio.com.br\/festa-de-padre-eustaquio-2021-confira-a-programacao-e-participe\/#primaryimage\"},\"thumbnailUrl\":\"https:\/\/www.padreeustaquio.com.br\/wp-content\/uploads\/2021\/06\/15-ANOS-BEATIFICACAO.jpg\",\"datePublished\":\"2021-08-16T09:34:00+00:00\",\"description\":\"O Santu\u00e1rio Sa\u00fade e Paz est\u00e1 se preparando para Festa do Beato Padre Eust\u00e1quio 2021. O evento conta com 10 dias de celebra\u00e7\u00f5es especiais na igreja e tamb\u00e9m pela internet.\",\"breadcrumb\":{\"@id\":\"https:\/\/www.padreeustaquio.com.br\/festa-de-padre-eustaquio-2021-confira-a-programacao-e-participe\/#breadcrumb\"},\"inLanguage\":\"es\",\"potentialAction\":[{\"@type\":\"ReadAction\",\"target\":[\"https:\/\/www.padreeustaquio.com.br\/festa-de-padre-eustaquio-2021-confira-a-programacao-e-participe\/\"]}]},{\"@type\":\"ImageObject\",\"inLanguage\":\"es\",\"@id\":\"https:\/\/www.padreeustaquio.com.br\/festa-de-padre-eustaquio-2021-confira-a-programacao-e-participe\/#primaryimage\",\"url\":\"https:\/\/www.padreeustaquio.com.br\/wp-content\/uploads\/2021\/06\/15-ANOS-BEATIFICACAO.jpg\",\"contentUrl\":\"https:\/\/www.padreeustaquio.com.br\/wp-content\/uploads\/2021\/06\/15-ANOS-BEATIFICACAO.jpg\",\"width\":748,\"height\":394},{\"@type\":\"BreadcrumbList\",\"@id\":\"https:\/\/www.padreeustaquio.com.br\/festa-de-padre-eustaquio-2021-confira-a-programacao-e-participe\/#breadcrumb\",\"itemListElement\":[{\"@type\":\"ListItem\",\"position\":1,\"name\":\"In\u00edcio\",\"item\":\"https:\/\/www.padreeustaquio.com.br\/\"},{\"@type\":\"ListItem\",\"position\":2,\"name\":\"Festa de Padre Eust\u00e1quio 2021 &#8211; Confira a programa\u00e7\u00e3o e participe\"}]},{\"@type\":\"WebSite\",\"@id\":\"https:\/\/www.padreeustaquio.com.br\/#website\",\"url\":\"https:\/\/www.padreeustaquio.com.br\/\",\"name\":\"Padre Eust\u00e1quio\",\"description\":\"Sa\u00fade e Paz\",\"publisher\":{\"@id\":\"https:\/\/www.padreeustaquio.com.br\/#organization\"},\"potentialAction\":[{\"@type\":\"SearchAction\",\"target\":{\"@type\":\"EntryPoint\",\"urlTemplate\":\"https:\/\/www.padreeustaquio.com.br\/?s={search_term_string}\"},\"query-input\":{\"@type\":\"PropertyValueSpecification\",\"valueRequired\":true,\"valueName\":\"search_term_string\"}}],\"inLanguage\":\"es\"},{\"@type\":\"Organization\",\"@id\":\"https:\/\/www.padreeustaquio.com.br\/#organization\",\"name\":\"Padre Eust\u00e1quio\",\"url\":\"https:\/\/www.padreeustaquio.com.br\/\",\"logo\":{\"@type\":\"ImageObject\",\"inLanguage\":\"es\",\"@id\":\"https:\/\/www.padreeustaquio.com.br\/#\/schema\/logo\/image\/\",\"url\":\"https:\/\/www.padreeustaquio.com.br\/wp-content\/uploads\/2019\/08\/marca.png\",\"contentUrl\":\"https:\/\/www.padreeustaquio.com.br\/wp-content\/uploads\/2019\/08\/marca.png\",\"width\":350,\"height\":400,\"caption\":\"Padre Eust\u00e1quio\"},\"image\":{\"@id\":\"https:\/\/www.padreeustaquio.com.br\/#\/schema\/logo\/image\/\"},\"sameAs\":[\"https:\/\/www.facebook.com\/beatopadreeustaquio\/\",\"https:\/\/x.com\/beatopeustaquio\",\"https:\/\/www.instagram.com\/beatopadreeustaquio\/\",\"https:\/\/www.youtube.com\/channel\/UCRhw7vfabnajwLxb1ZXMeIw\"]},{\"@type\":\"Person\",\"@id\":\"https:\/\/www.padreeustaquio.com.br\/#\/schema\/person\/a2a51db1d00f1a7af0204a0f1ddb1566\",\"name\":\"@sscc\",\"image\":{\"@type\":\"ImageObject\",\"inLanguage\":\"es\",\"@id\":\"https:\/\/secure.gravatar.com\/avatar\/68cfafa5f44617fea54071e215026e0ff06be366c3d54a8425f04fdcb86f8c5f?s=96&d=mm&r=g\",\"url\":\"https:\/\/secure.gravatar.com\/avatar\/68cfafa5f44617fea54071e215026e0ff06be366c3d54a8425f04fdcb86f8c5f?s=96&d=mm&r=g\",\"contentUrl\":\"https:\/\/secure.gravatar.com\/avatar\/68cfafa5f44617fea54071e215026e0ff06be366c3d54a8425f04fdcb86f8c5f?s=96&d=mm&r=g\",\"caption\":\"@sscc\"},\"url\":\"https:\/\/www.padreeustaquio.com.br\/es\/author\/sscc\/\"}]}<\/script>\n<!-- \/ Yoast SEO plugin. -->","yoast_head_json":{"title":"Festival Padre Eust\u00e1quio 2021 - \u00a1Consulta la programaci\u00f3n y participa!","description":"El Santuario de Salud y Paz se prepara para la Fiesta del Beato Padre Eustaquio de 2021. El evento incluye 10 d\u00edas de celebraciones especiales en la iglesia y tambi\u00e9n en l\u00ednea.","robots":{"index":"index","follow":"follow","max-snippet":"max-snippet:-1","max-image-preview":"max-image-preview:large","max-video-preview":"max-video-preview:-1"},"canonical":"https:\/\/www.padreeustaquio.com.br\/es\/festival-padre-eustaquio-2021-consulta-la-programacion-y-participa\/","og_locale":"es_ES","og_type":"article","og_title":"Festa de Padre Eust\u00e1quio 2021 - Confira a programa\u00e7\u00e3o e participe","og_description":"O Santu\u00e1rio Sa\u00fade e Paz est\u00e1 se preparando para Festa do Beato Padre Eust\u00e1quio 2021. O evento conta com 10 dias de celebra\u00e7\u00f5es especiais na igreja e tamb\u00e9m pela internet.","og_url":"https:\/\/www.padreeustaquio.com.br\/es\/festival-padre-eustaquio-2021-consulta-la-programacion-y-participa\/","og_site_name":"Padre Eust\u00e1quio","article_publisher":"https:\/\/www.facebook.com\/beatopadreeustaquio\/","article_published_time":"2021-08-16T09:34:00+00:00","og_image":[{"width":748,"height":394,"url":"https:\/\/www.padreeustaquio.com.br\/wp-content\/uploads\/2021\/06\/15-ANOS-BEATIFICACAO.jpg","type":"image\/jpeg"}],"author":"@sscc","twitter_card":"summary_large_image","twitter_creator":"@beatopeustaquio","twitter_site":"@beatopeustaquio","twitter_misc":{"Escrito por":"@sscc","Tiempo de lectura":"3 minutos"},"schema":{"@context":"https:\/\/schema.org","@graph":[{"@type":"Article","@id":"https:\/\/www.padreeustaquio.com.br\/festa-de-padre-eustaquio-2021-confira-a-programacao-e-participe\/#article","isPartOf":{"@id":"https:\/\/www.padreeustaquio.com.br\/festa-de-padre-eustaquio-2021-confira-a-programacao-e-participe\/"},"author":{"name":"@sscc","@id":"https:\/\/www.padreeustaquio.com.br\/#\/schema\/person\/a2a51db1d00f1a7af0204a0f1ddb1566"},"headline":"Festa de Padre Eust\u00e1quio 2021 &#8211; Confira a programa\u00e7\u00e3o e participe","datePublished":"2021-08-16T09:34:00+00:00","mainEntityOfPage":{"@id":"https:\/\/www.padreeustaquio.com.br\/festa-de-padre-eustaquio-2021-confira-a-programacao-e-participe\/"},"wordCount":659,"commentCount":0,"publisher":{"@id":"https:\/\/www.padreeustaquio.com.br\/#organization"},"image":{"@id":"https:\/\/www.padreeustaquio.com.br\/festa-de-padre-eustaquio-2021-confira-a-programacao-e-participe\/#primaryimage"},"thumbnailUrl":"https:\/\/www.padreeustaquio.com.br\/wp-content\/uploads\/2021\/06\/15-ANOS-BEATIFICACAO.jpg","articleSection":["Not\u00edcias"],"inLanguage":"es","potentialAction":[{"@type":"CommentAction","name":"Comment","target":["https:\/\/www.padreeustaquio.com.br\/festa-de-padre-eustaquio-2021-confira-a-programacao-e-participe\/#respond"]}]},{"@type":"WebPage","@id":"https:\/\/www.padreeustaquio.com.br\/festa-de-padre-eustaquio-2021-confira-a-programacao-e-participe\/","url":"https:\/\/www.padreeustaquio.com.br\/festa-de-padre-eustaquio-2021-confira-a-programacao-e-participe\/","name":"Festival Padre Eust\u00e1quio 2021 - \u00a1Consulta la programaci\u00f3n y participa!","isPartOf":{"@id":"https:\/\/www.padreeustaquio.com.br\/#website"},"primaryImageOfPage":{"@id":"https:\/\/www.padreeustaquio.com.br\/festa-de-padre-eustaquio-2021-confira-a-programacao-e-participe\/#primaryimage"},"image":{"@id":"https:\/\/www.padreeustaquio.com.br\/festa-de-padre-eustaquio-2021-confira-a-programacao-e-participe\/#primaryimage"},"thumbnailUrl":"https:\/\/www.padreeustaquio.com.br\/wp-content\/uploads\/2021\/06\/15-ANOS-BEATIFICACAO.jpg","datePublished":"2021-08-16T09:34:00+00:00","description":"El Santuario de Salud y Paz se prepara para la Fiesta del Beato Padre Eustaquio de 2021. El evento incluye 10 d\u00edas de celebraciones especiales en la iglesia y tambi\u00e9n en l\u00ednea.","breadcrumb":{"@id":"https:\/\/www.padreeustaquio.com.br\/festa-de-padre-eustaquio-2021-confira-a-programacao-e-participe\/#breadcrumb"},"inLanguage":"es","potentialAction":[{"@type":"ReadAction","target":["https:\/\/www.padreeustaquio.com.br\/festa-de-padre-eustaquio-2021-confira-a-programacao-e-participe\/"]}]},{"@type":"ImageObject","inLanguage":"es","@id":"https:\/\/www.padreeustaquio.com.br\/festa-de-padre-eustaquio-2021-confira-a-programacao-e-participe\/#primaryimage","url":"https:\/\/www.padreeustaquio.com.br\/wp-content\/uploads\/2021\/06\/15-ANOS-BEATIFICACAO.jpg","contentUrl":"https:\/\/www.padreeustaquio.com.br\/wp-content\/uploads\/2021\/06\/15-ANOS-BEATIFICACAO.jpg","width":748,"height":394},{"@type":"BreadcrumbList","@id":"https:\/\/www.padreeustaquio.com.br\/festa-de-padre-eustaquio-2021-confira-a-programacao-e-participe\/#breadcrumb","itemListElement":[{"@type":"ListItem","position":1,"name":"In\u00edcio","item":"https:\/\/www.padreeustaquio.com.br\/"},{"@type":"ListItem","position":2,"name":"Festa de Padre Eust\u00e1quio 2021 &#8211; Confira a programa\u00e7\u00e3o e participe"}]},{"@type":"WebSite","@id":"https:\/\/www.padreeustaquio.com.br\/#website","url":"https:\/\/www.padreeustaquio.com.br\/","name":"Padre Eustace","description":"Salud y Paz","publisher":{"@id":"https:\/\/www.padreeustaquio.com.br\/#organization"},"potentialAction":[{"@type":"SearchAction","target":{"@type":"EntryPoint","urlTemplate":"https:\/\/www.padreeustaquio.com.br\/?s={search_term_string}"},"query-input":{"@type":"PropertyValueSpecification","valueRequired":true,"valueName":"search_term_string"}}],"inLanguage":"es"},{"@type":"Organization","@id":"https:\/\/www.padreeustaquio.com.br\/#organization","name":"Padre Eustace","url":"https:\/\/www.padreeustaquio.com.br\/","logo":{"@type":"ImageObject","inLanguage":"es","@id":"https:\/\/www.padreeustaquio.com.br\/#\/schema\/logo\/image\/","url":"https:\/\/www.padreeustaquio.com.br\/wp-content\/uploads\/2019\/08\/marca.png","contentUrl":"https:\/\/www.padreeustaquio.com.br\/wp-content\/uploads\/2019\/08\/marca.png","width":350,"height":400,"caption":"Padre Eust\u00e1quio"},"image":{"@id":"https:\/\/www.padreeustaquio.com.br\/#\/schema\/logo\/image\/"},"sameAs":["https:\/\/www.facebook.com\/beatopadreeustaquio\/","https:\/\/x.com\/beatopeustaquio","https:\/\/www.instagram.com\/beatopadreeustaquio\/","https:\/\/www.youtube.com\/channel\/UCRhw7vfabnajwLxb1ZXMeIw"]},{"@type":"Person","@id":"https:\/\/www.padreeustaquio.com.br\/#\/schema\/person\/a2a51db1d00f1a7af0204a0f1ddb1566","name":"@sscc","image":{"@type":"ImageObject","inLanguage":"es","@id":"https:\/\/secure.gravatar.com\/avatar\/68cfafa5f44617fea54071e215026e0ff06be366c3d54a8425f04fdcb86f8c5f?s=96&d=mm&r=g","url":"https:\/\/secure.gravatar.com\/avatar\/68cfafa5f44617fea54071e215026e0ff06be366c3d54a8425f04fdcb86f8c5f?s=96&d=mm&r=g","contentUrl":"https:\/\/secure.gravatar.com\/avatar\/68cfafa5f44617fea54071e215026e0ff06be366c3d54a8425f04fdcb86f8c5f?s=96&d=mm&r=g","caption":"@sscc"},"url":"https:\/\/www.padreeustaquio.com.br\/es\/author\/sscc\/"}]}},"_links":{"self":[{"href":"https:\/\/www.padreeustaquio.com.br\/es\/wp-json\/wp\/v2\/posts\/6618","targetHints":{"allow":["GET"]}}],"collection":[{"href":"https:\/\/www.padreeustaquio.com.br\/es\/wp-json\/wp\/v2\/posts"}],"about":[{"href":"https:\/\/www.padreeustaquio.com.br\/es\/wp-json\/wp\/v2\/types\/post"}],"author":[{"embeddable":true,"href":"https:\/\/www.padreeustaquio.com.br\/es\/wp-json\/wp\/v2\/users\/2"}],"replies":[{"embeddable":true,"href":"https:\/\/www.padreeustaquio.com.br\/es\/wp-json\/wp\/v2\/comments?post=6618"}],"version-history":[{"count":0,"href":"https:\/\/www.padreeustaquio.com.br\/es\/wp-json\/wp\/v2\/posts\/6618\/revisions"}],"wp:featuredmedia":[{"embeddable":true,"href":"https:\/\/www.padreeustaquio.com.br\/es\/wp-json\/wp\/v2\/media\/6094"}],"wp:attachment":[{"href":"https:\/\/www.padreeustaquio.com.br\/es\/wp-json\/wp\/v2\/media?parent=6618"}],"wp:term":[{"taxonomy":"category","embeddable":true,"href":"https:\/\/www.padreeustaquio.com.br\/es\/wp-json\/wp\/v2\/categories?post=6618"},{"taxonomy":"post_tag","embeddable":true,"href":"https:\/\/www.padreeustaquio.com.br\/es\/wp-json\/wp\/v2\/tags?post=6618"}],"curies":[{"name":"wp","href":"https:\/\/api.w.org\/{rel}","templated":true}]}}