{"id":6600,"date":"2021-08-11T05:05:00","date_gmt":"2021-08-11T08:05:00","guid":{"rendered":"https:\/\/www.padreeustaquio.com.br\/?p=6600"},"modified":"2021-08-10T20:50:13","modified_gmt":"2021-08-10T23:50:13","slug":"fallece-dona-isabel-leite-de-las-damas-de-la-caridad","status":"publish","type":"post","link":"https:\/\/www.padreeustaquio.com.br\/es\/fallece-dona-isabel-leite-de-las-damas-de-la-caridad\/","title":{"rendered":"Fallece do\u00f1a Isabel Leite, de las Damas de la Caridad."},"content":{"rendered":"<p>Isabel Leite, una de las primeras voluntarias de las Damas de la Caridad, sirvi\u00f3 a los m\u00e1s necesitados de la comunidad durante 70 a\u00f1os. Estuvo hospitalizada una semana y falleci\u00f3 por complicaciones de una afecci\u00f3n card\u00edaca.<\/p>\n\n\n\n<p>\u201c&quot;Do\u00f1a Isabel&quot;, como todos la conoc\u00edan, ten\u00eda 92 a\u00f1os y llevaba un tiempo en tratamiento card\u00edaco. La semana pasada fue hospitalizada para implantarle un marcapasos, pero, con el coraz\u00f3n ya debilitado, sufri\u00f3 una infecci\u00f3n urinaria e insuficiencia respiratoria, lo que finalmente provoc\u00f3 el fallecimiento de la jubilada la ma\u00f1ana del martes 10 de agosto.<\/p>\n\n\n\n<p>Isabel Leite deja a su esposo, Milton, de 97 a\u00f1os, con quien estuvo casada durante 71 a\u00f1os. Tambi\u00e9n deja cuatro hijos y un sobrino, a quien consideraba un hijo. De ni\u00f1a, Do\u00f1a Isabel conoci\u00f3 al beato Padre Eust\u00e1quio cuando su madre esperaba en la fila para recibir la bendici\u00f3n. Una historia que ella misma cont\u00f3 a todo el pa\u00eds en el programa &quot;Manh\u00e3 Viva&quot; de TV Can\u00e7\u00e3o Nova.<a href=\"https:\/\/www.youtube.com\/watch?v=C23hcNTRjTk\" target=\"_blank\" rel=\"noreferrer noopener\">Mira aqu\u00ed<\/a>).<\/p>\n\n\n\n<p>En agradecimiento por las gracias recibidas de Dios, Do\u00f1a Isabel ingres\u00f3 en las Damas de la Caridad en 1951, justo en el inicio del Movimiento, que apenas comenzaba a tomar vuelo, continuando la obra iniciada por el Padre Eust\u00e1quio nueve a\u00f1os antes. <\/p>\n\n\n\n<p>Ahora, en agradecimiento por su dedicado servicio a los pobres, la Congregaci\u00f3n de los Sagrados Corazones organiza el velatorio de Do\u00f1a Isabel, que se celebrar\u00e1 en el Santuario de Salud y Paz. La despedida comenzar\u00e1 a las 10:00 a. m. de este mi\u00e9rcoles 11 y durar\u00e1 hasta la 1:00 p. m. El funeral se celebrar\u00e1 en la iglesia e, inmediatamente despu\u00e9s, el cortejo f\u00fanebre partir\u00e1 hacia el Cementerio de Bonfim, donde ser\u00e1 enterrado.<\/p>\n\n\n\n<p><em>\u201cPensamos especialmente en las personas m\u00e1s necesitadas que no podr\u00edan despedirse de su madre y su sirviente. Las circunstancias actuales a\u00fan no permiten un velatorio como antes, pero ahora podemos celebrarlo con las precauciones prescritas y el distanciamiento social., <\/em>coment\u00f3 el rector del Santuario, p. Vin\u00edcio Maciel. SSCC.<\/p>\n\n\n\n<p>Agradecemos a Do\u00f1a Isabel y tomamos su ejemplo de entrega a los m\u00e1s necesitados.<\/p>\n\n\n\n<p><strong>LAS DAMAS DE LA CARIDAD<\/strong><\/p>\n\n\n\n<p>Concebida por el Beato Padre Eustaquio a principios de la d\u00e9cada de 1940 en Belo Horizonte, la labor de ayuda a los pobres siempre ha sido una gran preocupaci\u00f3n para la Congregaci\u00f3n de los Sagrados Corazones y toda la comunidad parroquial. El Padre Eustaquio siempre ayud\u00f3 a los m\u00e1s necesitados con comida, trabajo, pago de facturas atrasadas o con sus oraciones y gu\u00eda espiritual. Tras su fallecimiento en 1942, la labor continu\u00f3 con las voluntarias de la comunidad, que m\u00e1s tarde se convertir\u00edan en las &quot;Damas de la Caridad&quot;.<\/p>\n\n\n\n<p>Conozca m\u00e1s sobre &quot;Las Damas de la Caridad&quot;\u201c <a href=\"https:\/\/www.padreeustaquio.com.br\/es\/accion-social-conoces-la-labor-de-las-damas-de-la-caridad\/\" target=\"_blank\" rel=\"noreferrer noopener\">haciendo clic aqu\u00ed<\/a>.<\/p>\n\n\n\n<p><\/p>\n\n\n\n<p><\/p>\n\n\n\n<p><\/p>\n\n\n\n<p><\/p>","protected":false},"excerpt":{"rendered":"<p>Uma das primeiras volunt\u00e1rias das Damas da Caridade, Isabel Leite serviu aos mais carentes da comunidade por 70 anos. Ela estava internada h\u00e1 uma semana e morreu por complica\u00e7\u00f5es de um problema no cora\u00e7\u00e3o. &#8220;Dona Isabel&#8221; como era conhecida por todos, tinha 92 anos e vinha fazendo tratamento card\u00edaco j\u00e1 h\u00e1 algum tempo. Na semana passada ela foi hospitalizada para colocar um marca-passo, mas, com o cora\u00e7\u00e3o j\u00e1 fragilizado, teve uma infec\u00e7\u00e3o urin\u00e1ria e insufici\u00eancia respirat\u00f3ria, o que acabou ocasionando a a morte da aposentada na manh\u00e3 dessa ter\u00e7a-feira, 10 de agosto. Isabel Leite deixa o marido, Milton de 97 [&hellip;]<\/p>\n","protected":false},"author":2,"featured_media":6601,"comment_status":"open","ping_status":"closed","sticky":false,"template":"","format":"standard","meta":{"_acf_changed":false,"footnotes":""},"categories":[611],"tags":[],"class_list":["post-6600","post","type-post","status-publish","format-standard","has-post-thumbnail","hentry","category-noticias"],"acf":[],"yoast_head":"<!-- This site is optimized with the Yoast SEO plugin v27.2 - https:\/\/yoast.com\/product\/yoast-seo-wordpress\/ -->\n<title>Morre Dona Isabel Leite, das Damas da Caridade<\/title>\n<meta name=\"description\" content=\"Uma das primeiras volunt\u00e1rias das Damas da Caridade, Isabel Leite, serviu aos mais carentes da comunidade por 70 anos. Ela estava internada h\u00e1 uma semana e morreu por complica\u00e7\u00f5es de um problema no cora\u00e7\u00e3o.\" \/>\n<meta name=\"robots\" content=\"index, follow, max-snippet:-1, max-image-preview:large, max-video-preview:-1\" \/>\n<link rel=\"canonical\" href=\"https:\/\/www.padreeustaquio.com.br\/es\/fallece-dona-isabel-leite-de-las-damas-de-la-caridad\/\" \/>\n<meta property=\"og:locale\" content=\"es_ES\" \/>\n<meta property=\"og:type\" content=\"article\" \/>\n<meta property=\"og:title\" content=\"Morre Dona Isabel Leite, das Damas da Caridade\" \/>\n<meta property=\"og:description\" content=\"Uma das primeiras volunt\u00e1rias das Damas da Caridade, Isabel Leite, serviu aos mais carentes da comunidade por 70 anos. Ela estava internada h\u00e1 uma semana e morreu por complica\u00e7\u00f5es de um problema no cora\u00e7\u00e3o.\" \/>\n<meta property=\"og:url\" content=\"https:\/\/www.padreeustaquio.com.br\/es\/fallece-dona-isabel-leite-de-las-damas-de-la-caridad\/\" \/>\n<meta property=\"og:site_name\" content=\"Padre Eust\u00e1quio\" \/>\n<meta property=\"article:publisher\" content=\"https:\/\/www.facebook.com\/beatopadreeustaquio\/\" \/>\n<meta property=\"article:published_time\" content=\"2021-08-11T08:05:00+00:00\" \/>\n<meta property=\"og:image\" content=\"https:\/\/www.padreeustaquio.com.br\/wp-content\/uploads\/2021\/08\/dona-isabel-e1628639333229.jpg\" \/>\n\t<meta property=\"og:image:width\" content=\"512\" \/>\n\t<meta property=\"og:image:height\" content=\"335\" \/>\n\t<meta property=\"og:image:type\" content=\"image\/jpeg\" \/>\n<meta name=\"author\" content=\"@sscc\" \/>\n<meta name=\"twitter:card\" content=\"summary_large_image\" \/>\n<meta name=\"twitter:creator\" content=\"@beatopeustaquio\" \/>\n<meta name=\"twitter:site\" content=\"@beatopeustaquio\" \/>\n<meta name=\"twitter:label1\" content=\"Escrito por\" \/>\n\t<meta name=\"twitter:data1\" content=\"@sscc\" \/>\n\t<meta name=\"twitter:label2\" content=\"Tiempo de lectura\" \/>\n\t<meta name=\"twitter:data2\" content=\"2 minutos\" \/>\n<script type=\"application\/ld+json\" class=\"yoast-schema-graph\">{\"@context\":\"https:\/\/schema.org\",\"@graph\":[{\"@type\":\"Article\",\"@id\":\"https:\/\/www.padreeustaquio.com.br\/morre-dona-isabel-leite-das-damas-da-caridade\/#article\",\"isPartOf\":{\"@id\":\"https:\/\/www.padreeustaquio.com.br\/morre-dona-isabel-leite-das-damas-da-caridade\/\"},\"author\":{\"name\":\"@sscc\",\"@id\":\"https:\/\/www.padreeustaquio.com.br\/#\/schema\/person\/a2a51db1d00f1a7af0204a0f1ddb1566\"},\"headline\":\"Morre Dona Isabel Leite, das Damas da Caridade\",\"datePublished\":\"2021-08-11T08:05:00+00:00\",\"mainEntityOfPage\":{\"@id\":\"https:\/\/www.padreeustaquio.com.br\/morre-dona-isabel-leite-das-damas-da-caridade\/\"},\"wordCount\":478,\"commentCount\":0,\"publisher\":{\"@id\":\"https:\/\/www.padreeustaquio.com.br\/#organization\"},\"image\":{\"@id\":\"https:\/\/www.padreeustaquio.com.br\/morre-dona-isabel-leite-das-damas-da-caridade\/#primaryimage\"},\"thumbnailUrl\":\"https:\/\/www.padreeustaquio.com.br\/wp-content\/uploads\/2021\/08\/dona-isabel-e1628639333229.jpg\",\"articleSection\":[\"Not\u00edcias\"],\"inLanguage\":\"es\",\"potentialAction\":[{\"@type\":\"CommentAction\",\"name\":\"Comment\",\"target\":[\"https:\/\/www.padreeustaquio.com.br\/morre-dona-isabel-leite-das-damas-da-caridade\/#respond\"]}]},{\"@type\":\"WebPage\",\"@id\":\"https:\/\/www.padreeustaquio.com.br\/morre-dona-isabel-leite-das-damas-da-caridade\/\",\"url\":\"https:\/\/www.padreeustaquio.com.br\/morre-dona-isabel-leite-das-damas-da-caridade\/\",\"name\":\"Morre Dona Isabel Leite, das Damas da Caridade\",\"isPartOf\":{\"@id\":\"https:\/\/www.padreeustaquio.com.br\/#website\"},\"primaryImageOfPage\":{\"@id\":\"https:\/\/www.padreeustaquio.com.br\/morre-dona-isabel-leite-das-damas-da-caridade\/#primaryimage\"},\"image\":{\"@id\":\"https:\/\/www.padreeustaquio.com.br\/morre-dona-isabel-leite-das-damas-da-caridade\/#primaryimage\"},\"thumbnailUrl\":\"https:\/\/www.padreeustaquio.com.br\/wp-content\/uploads\/2021\/08\/dona-isabel-e1628639333229.jpg\",\"datePublished\":\"2021-08-11T08:05:00+00:00\",\"description\":\"Uma das primeiras volunt\u00e1rias das Damas da Caridade, Isabel Leite, serviu aos mais carentes da comunidade por 70 anos. Ela estava internada h\u00e1 uma semana e morreu por complica\u00e7\u00f5es de um problema no cora\u00e7\u00e3o.\",\"breadcrumb\":{\"@id\":\"https:\/\/www.padreeustaquio.com.br\/morre-dona-isabel-leite-das-damas-da-caridade\/#breadcrumb\"},\"inLanguage\":\"es\",\"potentialAction\":[{\"@type\":\"ReadAction\",\"target\":[\"https:\/\/www.padreeustaquio.com.br\/morre-dona-isabel-leite-das-damas-da-caridade\/\"]}]},{\"@type\":\"ImageObject\",\"inLanguage\":\"es\",\"@id\":\"https:\/\/www.padreeustaquio.com.br\/morre-dona-isabel-leite-das-damas-da-caridade\/#primaryimage\",\"url\":\"https:\/\/www.padreeustaquio.com.br\/wp-content\/uploads\/2021\/08\/dona-isabel-e1628639333229.jpg\",\"contentUrl\":\"https:\/\/www.padreeustaquio.com.br\/wp-content\/uploads\/2021\/08\/dona-isabel-e1628639333229.jpg\",\"width\":512,\"height\":335},{\"@type\":\"BreadcrumbList\",\"@id\":\"https:\/\/www.padreeustaquio.com.br\/morre-dona-isabel-leite-das-damas-da-caridade\/#breadcrumb\",\"itemListElement\":[{\"@type\":\"ListItem\",\"position\":1,\"name\":\"In\u00edcio\",\"item\":\"https:\/\/www.padreeustaquio.com.br\/\"},{\"@type\":\"ListItem\",\"position\":2,\"name\":\"Morre Dona Isabel Leite, das Damas da Caridade\"}]},{\"@type\":\"WebSite\",\"@id\":\"https:\/\/www.padreeustaquio.com.br\/#website\",\"url\":\"https:\/\/www.padreeustaquio.com.br\/\",\"name\":\"Padre Eust\u00e1quio\",\"description\":\"Sa\u00fade e Paz\",\"publisher\":{\"@id\":\"https:\/\/www.padreeustaquio.com.br\/#organization\"},\"potentialAction\":[{\"@type\":\"SearchAction\",\"target\":{\"@type\":\"EntryPoint\",\"urlTemplate\":\"https:\/\/www.padreeustaquio.com.br\/?s={search_term_string}\"},\"query-input\":{\"@type\":\"PropertyValueSpecification\",\"valueRequired\":true,\"valueName\":\"search_term_string\"}}],\"inLanguage\":\"es\"},{\"@type\":\"Organization\",\"@id\":\"https:\/\/www.padreeustaquio.com.br\/#organization\",\"name\":\"Padre Eust\u00e1quio\",\"url\":\"https:\/\/www.padreeustaquio.com.br\/\",\"logo\":{\"@type\":\"ImageObject\",\"inLanguage\":\"es\",\"@id\":\"https:\/\/www.padreeustaquio.com.br\/#\/schema\/logo\/image\/\",\"url\":\"https:\/\/www.padreeustaquio.com.br\/wp-content\/uploads\/2019\/08\/marca.png\",\"contentUrl\":\"https:\/\/www.padreeustaquio.com.br\/wp-content\/uploads\/2019\/08\/marca.png\",\"width\":350,\"height\":400,\"caption\":\"Padre Eust\u00e1quio\"},\"image\":{\"@id\":\"https:\/\/www.padreeustaquio.com.br\/#\/schema\/logo\/image\/\"},\"sameAs\":[\"https:\/\/www.facebook.com\/beatopadreeustaquio\/\",\"https:\/\/x.com\/beatopeustaquio\",\"https:\/\/www.instagram.com\/beatopadreeustaquio\/\",\"https:\/\/www.youtube.com\/channel\/UCRhw7vfabnajwLxb1ZXMeIw\"]},{\"@type\":\"Person\",\"@id\":\"https:\/\/www.padreeustaquio.com.br\/#\/schema\/person\/a2a51db1d00f1a7af0204a0f1ddb1566\",\"name\":\"@sscc\",\"image\":{\"@type\":\"ImageObject\",\"inLanguage\":\"es\",\"@id\":\"https:\/\/secure.gravatar.com\/avatar\/68cfafa5f44617fea54071e215026e0ff06be366c3d54a8425f04fdcb86f8c5f?s=96&d=mm&r=g\",\"url\":\"https:\/\/secure.gravatar.com\/avatar\/68cfafa5f44617fea54071e215026e0ff06be366c3d54a8425f04fdcb86f8c5f?s=96&d=mm&r=g\",\"contentUrl\":\"https:\/\/secure.gravatar.com\/avatar\/68cfafa5f44617fea54071e215026e0ff06be366c3d54a8425f04fdcb86f8c5f?s=96&d=mm&r=g\",\"caption\":\"@sscc\"},\"url\":\"https:\/\/www.padreeustaquio.com.br\/es\/author\/sscc\/\"}]}<\/script>\n<!-- \/ Yoast SEO plugin. -->","yoast_head_json":{"title":"Fallece do\u00f1a Isabel Leite, de las Damas de la Caridad.","description":"Isabel Leite, una de las primeras voluntarias de las Damas de la Caridad, sirvi\u00f3 a los m\u00e1s necesitados de la comunidad durante 70 a\u00f1os. Estuvo hospitalizada una semana y falleci\u00f3 por complicaciones de una afecci\u00f3n card\u00edaca.","robots":{"index":"index","follow":"follow","max-snippet":"max-snippet:-1","max-image-preview":"max-image-preview:large","max-video-preview":"max-video-preview:-1"},"canonical":"https:\/\/www.padreeustaquio.com.br\/es\/fallece-dona-isabel-leite-de-las-damas-de-la-caridad\/","og_locale":"es_ES","og_type":"article","og_title":"Morre Dona Isabel Leite, das Damas da Caridade","og_description":"Uma das primeiras volunt\u00e1rias das Damas da Caridade, Isabel Leite, serviu aos mais carentes da comunidade por 70 anos. Ela estava internada h\u00e1 uma semana e morreu por complica\u00e7\u00f5es de um problema no cora\u00e7\u00e3o.","og_url":"https:\/\/www.padreeustaquio.com.br\/es\/fallece-dona-isabel-leite-de-las-damas-de-la-caridad\/","og_site_name":"Padre Eust\u00e1quio","article_publisher":"https:\/\/www.facebook.com\/beatopadreeustaquio\/","article_published_time":"2021-08-11T08:05:00+00:00","og_image":[{"width":512,"height":335,"url":"https:\/\/www.padreeustaquio.com.br\/wp-content\/uploads\/2021\/08\/dona-isabel-e1628639333229.jpg","type":"image\/jpeg"}],"author":"@sscc","twitter_card":"summary_large_image","twitter_creator":"@beatopeustaquio","twitter_site":"@beatopeustaquio","twitter_misc":{"Escrito por":"@sscc","Tiempo de lectura":"2 minutos"},"schema":{"@context":"https:\/\/schema.org","@graph":[{"@type":"Article","@id":"https:\/\/www.padreeustaquio.com.br\/morre-dona-isabel-leite-das-damas-da-caridade\/#article","isPartOf":{"@id":"https:\/\/www.padreeustaquio.com.br\/morre-dona-isabel-leite-das-damas-da-caridade\/"},"author":{"name":"@sscc","@id":"https:\/\/www.padreeustaquio.com.br\/#\/schema\/person\/a2a51db1d00f1a7af0204a0f1ddb1566"},"headline":"Morre Dona Isabel Leite, das Damas da Caridade","datePublished":"2021-08-11T08:05:00+00:00","mainEntityOfPage":{"@id":"https:\/\/www.padreeustaquio.com.br\/morre-dona-isabel-leite-das-damas-da-caridade\/"},"wordCount":478,"commentCount":0,"publisher":{"@id":"https:\/\/www.padreeustaquio.com.br\/#organization"},"image":{"@id":"https:\/\/www.padreeustaquio.com.br\/morre-dona-isabel-leite-das-damas-da-caridade\/#primaryimage"},"thumbnailUrl":"https:\/\/www.padreeustaquio.com.br\/wp-content\/uploads\/2021\/08\/dona-isabel-e1628639333229.jpg","articleSection":["Not\u00edcias"],"inLanguage":"es","potentialAction":[{"@type":"CommentAction","name":"Comment","target":["https:\/\/www.padreeustaquio.com.br\/morre-dona-isabel-leite-das-damas-da-caridade\/#respond"]}]},{"@type":"WebPage","@id":"https:\/\/www.padreeustaquio.com.br\/morre-dona-isabel-leite-das-damas-da-caridade\/","url":"https:\/\/www.padreeustaquio.com.br\/morre-dona-isabel-leite-das-damas-da-caridade\/","name":"Fallece do\u00f1a Isabel Leite, de las Damas de la Caridad.","isPartOf":{"@id":"https:\/\/www.padreeustaquio.com.br\/#website"},"primaryImageOfPage":{"@id":"https:\/\/www.padreeustaquio.com.br\/morre-dona-isabel-leite-das-damas-da-caridade\/#primaryimage"},"image":{"@id":"https:\/\/www.padreeustaquio.com.br\/morre-dona-isabel-leite-das-damas-da-caridade\/#primaryimage"},"thumbnailUrl":"https:\/\/www.padreeustaquio.com.br\/wp-content\/uploads\/2021\/08\/dona-isabel-e1628639333229.jpg","datePublished":"2021-08-11T08:05:00+00:00","description":"Isabel Leite, una de las primeras voluntarias de las Damas de la Caridad, sirvi\u00f3 a los m\u00e1s necesitados de la comunidad durante 70 a\u00f1os. Estuvo hospitalizada una semana y falleci\u00f3 por complicaciones de una afecci\u00f3n card\u00edaca.","breadcrumb":{"@id":"https:\/\/www.padreeustaquio.com.br\/morre-dona-isabel-leite-das-damas-da-caridade\/#breadcrumb"},"inLanguage":"es","potentialAction":[{"@type":"ReadAction","target":["https:\/\/www.padreeustaquio.com.br\/morre-dona-isabel-leite-das-damas-da-caridade\/"]}]},{"@type":"ImageObject","inLanguage":"es","@id":"https:\/\/www.padreeustaquio.com.br\/morre-dona-isabel-leite-das-damas-da-caridade\/#primaryimage","url":"https:\/\/www.padreeustaquio.com.br\/wp-content\/uploads\/2021\/08\/dona-isabel-e1628639333229.jpg","contentUrl":"https:\/\/www.padreeustaquio.com.br\/wp-content\/uploads\/2021\/08\/dona-isabel-e1628639333229.jpg","width":512,"height":335},{"@type":"BreadcrumbList","@id":"https:\/\/www.padreeustaquio.com.br\/morre-dona-isabel-leite-das-damas-da-caridade\/#breadcrumb","itemListElement":[{"@type":"ListItem","position":1,"name":"In\u00edcio","item":"https:\/\/www.padreeustaquio.com.br\/"},{"@type":"ListItem","position":2,"name":"Morre Dona Isabel Leite, das Damas da Caridade"}]},{"@type":"WebSite","@id":"https:\/\/www.padreeustaquio.com.br\/#website","url":"https:\/\/www.padreeustaquio.com.br\/","name":"Padre Eustace","description":"Salud y Paz","publisher":{"@id":"https:\/\/www.padreeustaquio.com.br\/#organization"},"potentialAction":[{"@type":"SearchAction","target":{"@type":"EntryPoint","urlTemplate":"https:\/\/www.padreeustaquio.com.br\/?s={search_term_string}"},"query-input":{"@type":"PropertyValueSpecification","valueRequired":true,"valueName":"search_term_string"}}],"inLanguage":"es"},{"@type":"Organization","@id":"https:\/\/www.padreeustaquio.com.br\/#organization","name":"Padre Eustace","url":"https:\/\/www.padreeustaquio.com.br\/","logo":{"@type":"ImageObject","inLanguage":"es","@id":"https:\/\/www.padreeustaquio.com.br\/#\/schema\/logo\/image\/","url":"https:\/\/www.padreeustaquio.com.br\/wp-content\/uploads\/2019\/08\/marca.png","contentUrl":"https:\/\/www.padreeustaquio.com.br\/wp-content\/uploads\/2019\/08\/marca.png","width":350,"height":400,"caption":"Padre Eust\u00e1quio"},"image":{"@id":"https:\/\/www.padreeustaquio.com.br\/#\/schema\/logo\/image\/"},"sameAs":["https:\/\/www.facebook.com\/beatopadreeustaquio\/","https:\/\/x.com\/beatopeustaquio","https:\/\/www.instagram.com\/beatopadreeustaquio\/","https:\/\/www.youtube.com\/channel\/UCRhw7vfabnajwLxb1ZXMeIw"]},{"@type":"Person","@id":"https:\/\/www.padreeustaquio.com.br\/#\/schema\/person\/a2a51db1d00f1a7af0204a0f1ddb1566","name":"@sscc","image":{"@type":"ImageObject","inLanguage":"es","@id":"https:\/\/secure.gravatar.com\/avatar\/68cfafa5f44617fea54071e215026e0ff06be366c3d54a8425f04fdcb86f8c5f?s=96&d=mm&r=g","url":"https:\/\/secure.gravatar.com\/avatar\/68cfafa5f44617fea54071e215026e0ff06be366c3d54a8425f04fdcb86f8c5f?s=96&d=mm&r=g","contentUrl":"https:\/\/secure.gravatar.com\/avatar\/68cfafa5f44617fea54071e215026e0ff06be366c3d54a8425f04fdcb86f8c5f?s=96&d=mm&r=g","caption":"@sscc"},"url":"https:\/\/www.padreeustaquio.com.br\/es\/author\/sscc\/"}]}},"_links":{"self":[{"href":"https:\/\/www.padreeustaquio.com.br\/es\/wp-json\/wp\/v2\/posts\/6600","targetHints":{"allow":["GET"]}}],"collection":[{"href":"https:\/\/www.padreeustaquio.com.br\/es\/wp-json\/wp\/v2\/posts"}],"about":[{"href":"https:\/\/www.padreeustaquio.com.br\/es\/wp-json\/wp\/v2\/types\/post"}],"author":[{"embeddable":true,"href":"https:\/\/www.padreeustaquio.com.br\/es\/wp-json\/wp\/v2\/users\/2"}],"replies":[{"embeddable":true,"href":"https:\/\/www.padreeustaquio.com.br\/es\/wp-json\/wp\/v2\/comments?post=6600"}],"version-history":[{"count":0,"href":"https:\/\/www.padreeustaquio.com.br\/es\/wp-json\/wp\/v2\/posts\/6600\/revisions"}],"wp:featuredmedia":[{"embeddable":true,"href":"https:\/\/www.padreeustaquio.com.br\/es\/wp-json\/wp\/v2\/media\/6601"}],"wp:attachment":[{"href":"https:\/\/www.padreeustaquio.com.br\/es\/wp-json\/wp\/v2\/media?parent=6600"}],"wp:term":[{"taxonomy":"category","embeddable":true,"href":"https:\/\/www.padreeustaquio.com.br\/es\/wp-json\/wp\/v2\/categories?post=6600"},{"taxonomy":"post_tag","embeddable":true,"href":"https:\/\/www.padreeustaquio.com.br\/es\/wp-json\/wp\/v2\/tags?post=6600"}],"curies":[{"name":"wp","href":"https:\/\/api.w.org\/{rel}","templated":true}]}}