{"id":6586,"date":"2021-08-12T05:47:00","date_gmt":"2021-08-12T08:47:00","guid":{"rendered":"https:\/\/www.padreeustaquio.com.br\/?p=6586"},"modified":"2021-08-04T20:04:12","modified_gmt":"2021-08-04T23:04:12","slug":"escritos-del-padre-eustace-el-espiritu-del-mundo-y-el-espiritu-de-dios","status":"publish","type":"post","link":"https:\/\/www.padreeustaquio.com.br\/es\/escritos-del-padre-eustace-el-espiritu-del-mundo-y-el-espiritu-de-dios\/","title":{"rendered":"ESCRITOS DEL PADRE EUST\u00c1QUIO: El esp\u00edritu del mundo y el esp\u00edritu de Dios"},"content":{"rendered":"<p>El hombre vive en una lucha constante: la lucha entre el esp\u00edritu del mundo y el esp\u00edritu de Dios. No podemos servir a dos dioses; debemos elegir nuestro bando, el bando del bien, el bando de Dios.<\/p>\n\n\n\n<p>El Padre Eust\u00e1quio, en uno de sus escritos, ofreci\u00f3 una reflexi\u00f3n sobre el tema. Lea a continuaci\u00f3n:<\/p>\n\n\n\n<p><em>As\u00ed como el agua y el fuego silban al entrar en contacto, as\u00ed tambi\u00e9n los rugidos de la tormenta y el fragor de la batalla nacen cuando el esp\u00edritu de Dios, el esp\u00edritu de la verdad, entra en combate con el esp\u00edritu del mundo, el esp\u00edritu de la falsedad. Este rugido de batalla de ambos poderosos esp\u00edritus resuena con fuerza. En este momento, estos dos l\u00edderes y sus ej\u00e9rcitos masivos est\u00e1n en un combate encarnizado. \u00bfPor qu\u00e9? \u00a1Por nuestras almas!<\/em><\/p>\n\n\n\n<p><em>Ambos luchan: por la posesi\u00f3n de nuestra alma, creada a imagen y semejanza de Dios, redimida con la precios\u00edsima sangre de nuestro Se\u00f1or Jesucristo, propiedad del Esp\u00edritu Santo. El esp\u00edritu del mundo a\u00fan pretende reivindicar sus antiguas pretensiones de victoria en el para\u00edso.<\/em><\/p>\n\n\n\n<p><em>Lucha con armas poderosas. El esp\u00edritu de Dios, con la espada de la verdad, con el yelmo de la fe y la esperanza, con los sacramentos, con sacerdotes celosos, padres concienzudos, buenos ejemplos, con los \u00e1ngeles.<\/em><\/p>\n\n\n\n<p><em>El esp\u00edritu del mundo busca debilitar y comprometer estos medios. Le gusta burlarse de ellos y despreciarlos. Nunca lo lograr\u00e1.<\/em><\/p>\n\n\n\n<p><em>Luchan con gran violencia y en un campo enorme.<\/em><\/p>\n\n\n\n<p><em>La \u00e9poca en que tantos cristianos fueron martirizados muestra la violencia. \u00a1Y siguen siendo martirizados! Pensemos en M\u00e9xico, Rusia, Espa\u00f1a, los pa\u00edses ocupados por Alemania. As\u00ed, esta lucha se extiende a todos los tiempos y lugares. No se limita a la escuela, la familia ni la propia conciencia.<\/em><\/p>\n\n\n\n<p><em>Queremos decidir ahora cu\u00e1l de los dos ganar\u00e1. La victoria no depende tanto, como en otras batallas, de la fuerza de \u00e1nimo ni de la vehemencia del combate, sino de nuestro libre albedr\u00edo. Un d\u00eda, la hermana de Santa \u00c1gueda le pregunt\u00f3 a la santa: \u00ab\u00bfC\u00f3mo puedo llegar a ser santa?\u00bb. La santa respondi\u00f3: \u00abSimplemente queri\u00e9ndolo\u00bb.<\/em><\/p>\n\n\n\n<p><em>Debemos concluir que no hay neutralidad. Debemos elegir un bando. Ambos esp\u00edritus nos presionan. Cada uno quiere conquistarnos con sus promesas. El esp\u00edritu del mundo nos muestra los bienes de la tierra, nos atrae con sus alegr\u00edas, con las enga\u00f1osas figuras de la libertad.<\/em><\/p>\n\n\n\n<p><em>El Esp\u00edritu Santo nos muestra la bienaventuranza de la paz interior, la verdadera libertad y la certeza de ser hijos de Dios y herederos.<\/em><\/p>\n\n\n\n<p><em>Cada una amenaza con desgracia si no la seguimos. Una presenta una vida en el mundo que implica exclusi\u00f3n de los placeres mundanos y burla de los malvados. La otra presenta remordimiento de conciencia, alejamiento de la gracia y un juicio terrible.<\/em><\/p>\n\n\n\n<p><em>Debemos elegir al Esp\u00edritu Santo. Esto requiere un llamado nuestro. Dios quiere que seamos salvos. Ahora bien, solo por medio del Esp\u00edritu somos salvos. Solo \u00c9l puede transformar el mundo.<\/em><\/p>\n\n\n\n<p><\/p>","protected":false},"excerpt":{"rendered":"<p>O homem convive com um constante combate: a luta entre o esp\u00edrito do mundo e o esp\u00edrito de Deus. N\u00e3o podemos servir a dois deuses, precisamos escolher nosso lado, o lado do bem, o lado de Deus. Padre Eust\u00e1quio, em um dos seus escritos, trouxe uma reflex\u00e3o sobre o tema. Leia a seguir: Assim como a \u00e1gua e o fogo chiam, quando uma entra em contacto com o outro, assim tamb\u00e9m nascem os roncos da tempestade e o fragor do combate, quando o esp\u00edrito de Deus, esp\u00edrito de verdade, entra em combate com o esp\u00edrito do mundo, o esp\u00edrito da [&hellip;]<\/p>\n","protected":false},"author":2,"featured_media":6587,"comment_status":"open","ping_status":"closed","sticky":false,"template":"","format":"standard","meta":{"_acf_changed":false,"footnotes":""},"categories":[611],"tags":[],"class_list":["post-6586","post","type-post","status-publish","format-standard","has-post-thumbnail","hentry","category-noticias"],"acf":[],"yoast_head":"<!-- This site is optimized with the Yoast SEO plugin v27.2 - https:\/\/yoast.com\/product\/yoast-seo-wordpress\/ -->\n<title>ESCRITOS DE PE EUST\u00c1QUIO: O esp\u00edrito do mundo e o esp\u00edrito de Deus<\/title>\n<meta name=\"description\" content=\"O homem convive com um constante combate: a luta entre o esp\u00edrito do mundo e o esp\u00edrito de Deus. N\u00e3o podemos servir a dois deuses, precisamos escolher nosso lado, o lado do bem, o lado de Deus.\" \/>\n<meta name=\"robots\" content=\"index, follow, max-snippet:-1, max-image-preview:large, max-video-preview:-1\" \/>\n<link rel=\"canonical\" href=\"https:\/\/www.padreeustaquio.com.br\/es\/escritos-del-padre-eustace-el-espiritu-del-mundo-y-el-espiritu-de-dios\/\" \/>\n<meta property=\"og:locale\" content=\"es_ES\" \/>\n<meta property=\"og:type\" content=\"article\" \/>\n<meta property=\"og:title\" content=\"ESCRITOS DE PE EUST\u00c1QUIO: O esp\u00edrito do mundo e o esp\u00edrito de Deus\" \/>\n<meta property=\"og:description\" content=\"O homem convive com um constante combate: a luta entre o esp\u00edrito do mundo e o esp\u00edrito de Deus. N\u00e3o podemos servir a dois deuses, precisamos escolher nosso lado, o lado do bem, o lado de Deus.\" \/>\n<meta property=\"og:url\" content=\"https:\/\/www.padreeustaquio.com.br\/es\/escritos-del-padre-eustace-el-espiritu-del-mundo-y-el-espiritu-de-dios\/\" \/>\n<meta property=\"og:site_name\" content=\"Padre Eust\u00e1quio\" \/>\n<meta property=\"article:publisher\" content=\"https:\/\/www.facebook.com\/beatopadreeustaquio\/\" \/>\n<meta property=\"article:published_time\" content=\"2021-08-12T08:47:00+00:00\" \/>\n<meta property=\"og:image\" content=\"https:\/\/www.padreeustaquio.com.br\/wp-content\/uploads\/2021\/08\/WhatsApp-Image-2021-08-04-at-14.58.55.jpeg\" \/>\n\t<meta property=\"og:image:width\" content=\"1280\" \/>\n\t<meta property=\"og:image:height\" content=\"857\" \/>\n\t<meta property=\"og:image:type\" content=\"image\/jpeg\" \/>\n<meta name=\"author\" content=\"@sscc\" \/>\n<meta name=\"twitter:card\" content=\"summary_large_image\" \/>\n<meta name=\"twitter:creator\" content=\"@beatopeustaquio\" \/>\n<meta name=\"twitter:site\" content=\"@beatopeustaquio\" \/>\n<meta name=\"twitter:label1\" content=\"Escrito por\" \/>\n\t<meta name=\"twitter:data1\" content=\"@sscc\" \/>\n\t<meta name=\"twitter:label2\" content=\"Tiempo de lectura\" \/>\n\t<meta name=\"twitter:data2\" content=\"3 minutos\" \/>\n<script type=\"application\/ld+json\" class=\"yoast-schema-graph\">{\"@context\":\"https:\/\/schema.org\",\"@graph\":[{\"@type\":\"Article\",\"@id\":\"https:\/\/www.padreeustaquio.com.br\/escritos-de-pe-eustaquio-o-espirito-do-mundo-e-o-espirito-de-deus\/#article\",\"isPartOf\":{\"@id\":\"https:\/\/www.padreeustaquio.com.br\/escritos-de-pe-eustaquio-o-espirito-do-mundo-e-o-espirito-de-deus\/\"},\"author\":{\"name\":\"@sscc\",\"@id\":\"https:\/\/www.padreeustaquio.com.br\/#\/schema\/person\/a2a51db1d00f1a7af0204a0f1ddb1566\"},\"headline\":\"ESCRITOS DE PE EUST\u00c1QUIO: O esp\u00edrito do mundo e o esp\u00edrito de Deus\",\"datePublished\":\"2021-08-12T08:47:00+00:00\",\"mainEntityOfPage\":{\"@id\":\"https:\/\/www.padreeustaquio.com.br\/escritos-de-pe-eustaquio-o-espirito-do-mundo-e-o-espirito-de-deus\/\"},\"wordCount\":545,\"commentCount\":0,\"publisher\":{\"@id\":\"https:\/\/www.padreeustaquio.com.br\/#organization\"},\"image\":{\"@id\":\"https:\/\/www.padreeustaquio.com.br\/escritos-de-pe-eustaquio-o-espirito-do-mundo-e-o-espirito-de-deus\/#primaryimage\"},\"thumbnailUrl\":\"https:\/\/www.padreeustaquio.com.br\/wp-content\/uploads\/2021\/08\/WhatsApp-Image-2021-08-04-at-14.58.55.jpeg\",\"articleSection\":[\"Not\u00edcias\"],\"inLanguage\":\"es\",\"potentialAction\":[{\"@type\":\"CommentAction\",\"name\":\"Comment\",\"target\":[\"https:\/\/www.padreeustaquio.com.br\/escritos-de-pe-eustaquio-o-espirito-do-mundo-e-o-espirito-de-deus\/#respond\"]}]},{\"@type\":\"WebPage\",\"@id\":\"https:\/\/www.padreeustaquio.com.br\/escritos-de-pe-eustaquio-o-espirito-do-mundo-e-o-espirito-de-deus\/\",\"url\":\"https:\/\/www.padreeustaquio.com.br\/escritos-de-pe-eustaquio-o-espirito-do-mundo-e-o-espirito-de-deus\/\",\"name\":\"ESCRITOS DE PE EUST\u00c1QUIO: O esp\u00edrito do mundo e o esp\u00edrito de Deus\",\"isPartOf\":{\"@id\":\"https:\/\/www.padreeustaquio.com.br\/#website\"},\"primaryImageOfPage\":{\"@id\":\"https:\/\/www.padreeustaquio.com.br\/escritos-de-pe-eustaquio-o-espirito-do-mundo-e-o-espirito-de-deus\/#primaryimage\"},\"image\":{\"@id\":\"https:\/\/www.padreeustaquio.com.br\/escritos-de-pe-eustaquio-o-espirito-do-mundo-e-o-espirito-de-deus\/#primaryimage\"},\"thumbnailUrl\":\"https:\/\/www.padreeustaquio.com.br\/wp-content\/uploads\/2021\/08\/WhatsApp-Image-2021-08-04-at-14.58.55.jpeg\",\"datePublished\":\"2021-08-12T08:47:00+00:00\",\"description\":\"O homem convive com um constante combate: a luta entre o esp\u00edrito do mundo e o esp\u00edrito de Deus. N\u00e3o podemos servir a dois deuses, precisamos escolher nosso lado, o lado do bem, o lado de Deus.\",\"breadcrumb\":{\"@id\":\"https:\/\/www.padreeustaquio.com.br\/escritos-de-pe-eustaquio-o-espirito-do-mundo-e-o-espirito-de-deus\/#breadcrumb\"},\"inLanguage\":\"es\",\"potentialAction\":[{\"@type\":\"ReadAction\",\"target\":[\"https:\/\/www.padreeustaquio.com.br\/escritos-de-pe-eustaquio-o-espirito-do-mundo-e-o-espirito-de-deus\/\"]}]},{\"@type\":\"ImageObject\",\"inLanguage\":\"es\",\"@id\":\"https:\/\/www.padreeustaquio.com.br\/escritos-de-pe-eustaquio-o-espirito-do-mundo-e-o-espirito-de-deus\/#primaryimage\",\"url\":\"https:\/\/www.padreeustaquio.com.br\/wp-content\/uploads\/2021\/08\/WhatsApp-Image-2021-08-04-at-14.58.55.jpeg\",\"contentUrl\":\"https:\/\/www.padreeustaquio.com.br\/wp-content\/uploads\/2021\/08\/WhatsApp-Image-2021-08-04-at-14.58.55.jpeg\",\"width\":1280,\"height\":857},{\"@type\":\"BreadcrumbList\",\"@id\":\"https:\/\/www.padreeustaquio.com.br\/escritos-de-pe-eustaquio-o-espirito-do-mundo-e-o-espirito-de-deus\/#breadcrumb\",\"itemListElement\":[{\"@type\":\"ListItem\",\"position\":1,\"name\":\"In\u00edcio\",\"item\":\"https:\/\/www.padreeustaquio.com.br\/\"},{\"@type\":\"ListItem\",\"position\":2,\"name\":\"ESCRITOS DE PE EUST\u00c1QUIO: O esp\u00edrito do mundo e o esp\u00edrito de Deus\"}]},{\"@type\":\"WebSite\",\"@id\":\"https:\/\/www.padreeustaquio.com.br\/#website\",\"url\":\"https:\/\/www.padreeustaquio.com.br\/\",\"name\":\"Padre Eust\u00e1quio\",\"description\":\"Sa\u00fade e Paz\",\"publisher\":{\"@id\":\"https:\/\/www.padreeustaquio.com.br\/#organization\"},\"potentialAction\":[{\"@type\":\"SearchAction\",\"target\":{\"@type\":\"EntryPoint\",\"urlTemplate\":\"https:\/\/www.padreeustaquio.com.br\/?s={search_term_string}\"},\"query-input\":{\"@type\":\"PropertyValueSpecification\",\"valueRequired\":true,\"valueName\":\"search_term_string\"}}],\"inLanguage\":\"es\"},{\"@type\":\"Organization\",\"@id\":\"https:\/\/www.padreeustaquio.com.br\/#organization\",\"name\":\"Padre Eust\u00e1quio\",\"url\":\"https:\/\/www.padreeustaquio.com.br\/\",\"logo\":{\"@type\":\"ImageObject\",\"inLanguage\":\"es\",\"@id\":\"https:\/\/www.padreeustaquio.com.br\/#\/schema\/logo\/image\/\",\"url\":\"https:\/\/www.padreeustaquio.com.br\/wp-content\/uploads\/2019\/08\/marca.png\",\"contentUrl\":\"https:\/\/www.padreeustaquio.com.br\/wp-content\/uploads\/2019\/08\/marca.png\",\"width\":350,\"height\":400,\"caption\":\"Padre Eust\u00e1quio\"},\"image\":{\"@id\":\"https:\/\/www.padreeustaquio.com.br\/#\/schema\/logo\/image\/\"},\"sameAs\":[\"https:\/\/www.facebook.com\/beatopadreeustaquio\/\",\"https:\/\/x.com\/beatopeustaquio\",\"https:\/\/www.instagram.com\/beatopadreeustaquio\/\",\"https:\/\/www.youtube.com\/channel\/UCRhw7vfabnajwLxb1ZXMeIw\"]},{\"@type\":\"Person\",\"@id\":\"https:\/\/www.padreeustaquio.com.br\/#\/schema\/person\/a2a51db1d00f1a7af0204a0f1ddb1566\",\"name\":\"@sscc\",\"image\":{\"@type\":\"ImageObject\",\"inLanguage\":\"es\",\"@id\":\"https:\/\/secure.gravatar.com\/avatar\/68cfafa5f44617fea54071e215026e0ff06be366c3d54a8425f04fdcb86f8c5f?s=96&d=mm&r=g\",\"url\":\"https:\/\/secure.gravatar.com\/avatar\/68cfafa5f44617fea54071e215026e0ff06be366c3d54a8425f04fdcb86f8c5f?s=96&d=mm&r=g\",\"contentUrl\":\"https:\/\/secure.gravatar.com\/avatar\/68cfafa5f44617fea54071e215026e0ff06be366c3d54a8425f04fdcb86f8c5f?s=96&d=mm&r=g\",\"caption\":\"@sscc\"},\"url\":\"https:\/\/www.padreeustaquio.com.br\/es\/author\/sscc\/\"}]}<\/script>\n<!-- \/ Yoast SEO plugin. -->","yoast_head_json":{"title":"ESCRITOS DEL PADRE EUST\u00c1QUIO: El esp\u00edritu del mundo y el esp\u00edritu de Dios","description":"El hombre vive en una lucha constante: la lucha entre el esp\u00edritu del mundo y el esp\u00edritu de Dios. No podemos servir a dos dioses; debemos elegir nuestro bando, el bando del bien, el bando de Dios.","robots":{"index":"index","follow":"follow","max-snippet":"max-snippet:-1","max-image-preview":"max-image-preview:large","max-video-preview":"max-video-preview:-1"},"canonical":"https:\/\/www.padreeustaquio.com.br\/es\/escritos-del-padre-eustace-el-espiritu-del-mundo-y-el-espiritu-de-dios\/","og_locale":"es_ES","og_type":"article","og_title":"ESCRITOS DE PE EUST\u00c1QUIO: O esp\u00edrito do mundo e o esp\u00edrito de Deus","og_description":"O homem convive com um constante combate: a luta entre o esp\u00edrito do mundo e o esp\u00edrito de Deus. N\u00e3o podemos servir a dois deuses, precisamos escolher nosso lado, o lado do bem, o lado de Deus.","og_url":"https:\/\/www.padreeustaquio.com.br\/es\/escritos-del-padre-eustace-el-espiritu-del-mundo-y-el-espiritu-de-dios\/","og_site_name":"Padre Eust\u00e1quio","article_publisher":"https:\/\/www.facebook.com\/beatopadreeustaquio\/","article_published_time":"2021-08-12T08:47:00+00:00","og_image":[{"width":1280,"height":857,"url":"https:\/\/www.padreeustaquio.com.br\/wp-content\/uploads\/2021\/08\/WhatsApp-Image-2021-08-04-at-14.58.55.jpeg","type":"image\/jpeg"}],"author":"@sscc","twitter_card":"summary_large_image","twitter_creator":"@beatopeustaquio","twitter_site":"@beatopeustaquio","twitter_misc":{"Escrito por":"@sscc","Tiempo de lectura":"3 minutos"},"schema":{"@context":"https:\/\/schema.org","@graph":[{"@type":"Article","@id":"https:\/\/www.padreeustaquio.com.br\/escritos-de-pe-eustaquio-o-espirito-do-mundo-e-o-espirito-de-deus\/#article","isPartOf":{"@id":"https:\/\/www.padreeustaquio.com.br\/escritos-de-pe-eustaquio-o-espirito-do-mundo-e-o-espirito-de-deus\/"},"author":{"name":"@sscc","@id":"https:\/\/www.padreeustaquio.com.br\/#\/schema\/person\/a2a51db1d00f1a7af0204a0f1ddb1566"},"headline":"ESCRITOS DE PE EUST\u00c1QUIO: O esp\u00edrito do mundo e o esp\u00edrito de Deus","datePublished":"2021-08-12T08:47:00+00:00","mainEntityOfPage":{"@id":"https:\/\/www.padreeustaquio.com.br\/escritos-de-pe-eustaquio-o-espirito-do-mundo-e-o-espirito-de-deus\/"},"wordCount":545,"commentCount":0,"publisher":{"@id":"https:\/\/www.padreeustaquio.com.br\/#organization"},"image":{"@id":"https:\/\/www.padreeustaquio.com.br\/escritos-de-pe-eustaquio-o-espirito-do-mundo-e-o-espirito-de-deus\/#primaryimage"},"thumbnailUrl":"https:\/\/www.padreeustaquio.com.br\/wp-content\/uploads\/2021\/08\/WhatsApp-Image-2021-08-04-at-14.58.55.jpeg","articleSection":["Not\u00edcias"],"inLanguage":"es","potentialAction":[{"@type":"CommentAction","name":"Comment","target":["https:\/\/www.padreeustaquio.com.br\/escritos-de-pe-eustaquio-o-espirito-do-mundo-e-o-espirito-de-deus\/#respond"]}]},{"@type":"WebPage","@id":"https:\/\/www.padreeustaquio.com.br\/escritos-de-pe-eustaquio-o-espirito-do-mundo-e-o-espirito-de-deus\/","url":"https:\/\/www.padreeustaquio.com.br\/escritos-de-pe-eustaquio-o-espirito-do-mundo-e-o-espirito-de-deus\/","name":"ESCRITOS DEL PADRE EUST\u00c1QUIO: El esp\u00edritu del mundo y el esp\u00edritu de Dios","isPartOf":{"@id":"https:\/\/www.padreeustaquio.com.br\/#website"},"primaryImageOfPage":{"@id":"https:\/\/www.padreeustaquio.com.br\/escritos-de-pe-eustaquio-o-espirito-do-mundo-e-o-espirito-de-deus\/#primaryimage"},"image":{"@id":"https:\/\/www.padreeustaquio.com.br\/escritos-de-pe-eustaquio-o-espirito-do-mundo-e-o-espirito-de-deus\/#primaryimage"},"thumbnailUrl":"https:\/\/www.padreeustaquio.com.br\/wp-content\/uploads\/2021\/08\/WhatsApp-Image-2021-08-04-at-14.58.55.jpeg","datePublished":"2021-08-12T08:47:00+00:00","description":"El hombre vive en una lucha constante: la lucha entre el esp\u00edritu del mundo y el esp\u00edritu de Dios. No podemos servir a dos dioses; debemos elegir nuestro bando, el bando del bien, el bando de Dios.","breadcrumb":{"@id":"https:\/\/www.padreeustaquio.com.br\/escritos-de-pe-eustaquio-o-espirito-do-mundo-e-o-espirito-de-deus\/#breadcrumb"},"inLanguage":"es","potentialAction":[{"@type":"ReadAction","target":["https:\/\/www.padreeustaquio.com.br\/escritos-de-pe-eustaquio-o-espirito-do-mundo-e-o-espirito-de-deus\/"]}]},{"@type":"ImageObject","inLanguage":"es","@id":"https:\/\/www.padreeustaquio.com.br\/escritos-de-pe-eustaquio-o-espirito-do-mundo-e-o-espirito-de-deus\/#primaryimage","url":"https:\/\/www.padreeustaquio.com.br\/wp-content\/uploads\/2021\/08\/WhatsApp-Image-2021-08-04-at-14.58.55.jpeg","contentUrl":"https:\/\/www.padreeustaquio.com.br\/wp-content\/uploads\/2021\/08\/WhatsApp-Image-2021-08-04-at-14.58.55.jpeg","width":1280,"height":857},{"@type":"BreadcrumbList","@id":"https:\/\/www.padreeustaquio.com.br\/escritos-de-pe-eustaquio-o-espirito-do-mundo-e-o-espirito-de-deus\/#breadcrumb","itemListElement":[{"@type":"ListItem","position":1,"name":"In\u00edcio","item":"https:\/\/www.padreeustaquio.com.br\/"},{"@type":"ListItem","position":2,"name":"ESCRITOS DE PE EUST\u00c1QUIO: O esp\u00edrito do mundo e o esp\u00edrito de Deus"}]},{"@type":"WebSite","@id":"https:\/\/www.padreeustaquio.com.br\/#website","url":"https:\/\/www.padreeustaquio.com.br\/","name":"Padre Eustace","description":"Salud y Paz","publisher":{"@id":"https:\/\/www.padreeustaquio.com.br\/#organization"},"potentialAction":[{"@type":"SearchAction","target":{"@type":"EntryPoint","urlTemplate":"https:\/\/www.padreeustaquio.com.br\/?s={search_term_string}"},"query-input":{"@type":"PropertyValueSpecification","valueRequired":true,"valueName":"search_term_string"}}],"inLanguage":"es"},{"@type":"Organization","@id":"https:\/\/www.padreeustaquio.com.br\/#organization","name":"Padre Eustace","url":"https:\/\/www.padreeustaquio.com.br\/","logo":{"@type":"ImageObject","inLanguage":"es","@id":"https:\/\/www.padreeustaquio.com.br\/#\/schema\/logo\/image\/","url":"https:\/\/www.padreeustaquio.com.br\/wp-content\/uploads\/2019\/08\/marca.png","contentUrl":"https:\/\/www.padreeustaquio.com.br\/wp-content\/uploads\/2019\/08\/marca.png","width":350,"height":400,"caption":"Padre Eust\u00e1quio"},"image":{"@id":"https:\/\/www.padreeustaquio.com.br\/#\/schema\/logo\/image\/"},"sameAs":["https:\/\/www.facebook.com\/beatopadreeustaquio\/","https:\/\/x.com\/beatopeustaquio","https:\/\/www.instagram.com\/beatopadreeustaquio\/","https:\/\/www.youtube.com\/channel\/UCRhw7vfabnajwLxb1ZXMeIw"]},{"@type":"Person","@id":"https:\/\/www.padreeustaquio.com.br\/#\/schema\/person\/a2a51db1d00f1a7af0204a0f1ddb1566","name":"@sscc","image":{"@type":"ImageObject","inLanguage":"es","@id":"https:\/\/secure.gravatar.com\/avatar\/68cfafa5f44617fea54071e215026e0ff06be366c3d54a8425f04fdcb86f8c5f?s=96&d=mm&r=g","url":"https:\/\/secure.gravatar.com\/avatar\/68cfafa5f44617fea54071e215026e0ff06be366c3d54a8425f04fdcb86f8c5f?s=96&d=mm&r=g","contentUrl":"https:\/\/secure.gravatar.com\/avatar\/68cfafa5f44617fea54071e215026e0ff06be366c3d54a8425f04fdcb86f8c5f?s=96&d=mm&r=g","caption":"@sscc"},"url":"https:\/\/www.padreeustaquio.com.br\/es\/author\/sscc\/"}]}},"_links":{"self":[{"href":"https:\/\/www.padreeustaquio.com.br\/es\/wp-json\/wp\/v2\/posts\/6586","targetHints":{"allow":["GET"]}}],"collection":[{"href":"https:\/\/www.padreeustaquio.com.br\/es\/wp-json\/wp\/v2\/posts"}],"about":[{"href":"https:\/\/www.padreeustaquio.com.br\/es\/wp-json\/wp\/v2\/types\/post"}],"author":[{"embeddable":true,"href":"https:\/\/www.padreeustaquio.com.br\/es\/wp-json\/wp\/v2\/users\/2"}],"replies":[{"embeddable":true,"href":"https:\/\/www.padreeustaquio.com.br\/es\/wp-json\/wp\/v2\/comments?post=6586"}],"version-history":[{"count":0,"href":"https:\/\/www.padreeustaquio.com.br\/es\/wp-json\/wp\/v2\/posts\/6586\/revisions"}],"wp:featuredmedia":[{"embeddable":true,"href":"https:\/\/www.padreeustaquio.com.br\/es\/wp-json\/wp\/v2\/media\/6587"}],"wp:attachment":[{"href":"https:\/\/www.padreeustaquio.com.br\/es\/wp-json\/wp\/v2\/media?parent=6586"}],"wp:term":[{"taxonomy":"category","embeddable":true,"href":"https:\/\/www.padreeustaquio.com.br\/es\/wp-json\/wp\/v2\/categories?post=6586"},{"taxonomy":"post_tag","embeddable":true,"href":"https:\/\/www.padreeustaquio.com.br\/es\/wp-json\/wp\/v2\/tags?post=6586"}],"curies":[{"name":"wp","href":"https:\/\/api.w.org\/{rel}","templated":true}]}}