{"id":6581,"date":"2021-08-13T08:25:00","date_gmt":"2021-08-13T11:25:00","guid":{"rendered":"https:\/\/www.padreeustaquio.com.br\/?p=6581"},"modified":"2021-08-13T08:24:16","modified_gmt":"2021-08-13T11:24:16","slug":"conozca-la-mision-del-secretariado-nacional-para-la-canonizacion-del-padre-eustaquio","status":"publish","type":"post","link":"https:\/\/www.padreeustaquio.com.br\/es\/conozca-la-mision-del-secretariado-nacional-para-la-canonizacion-del-padre-eustaquio\/","title":{"rendered":"Conozca la Misi\u00f3n del Secretariado Nacional para la Canonizaci\u00f3n del Padre Eust\u00e1quio"},"content":{"rendered":"<p>El Secretariado Nacional para la Canonizaci\u00f3n del Padre Eust\u00e1quio se cre\u00f3 para recopilar evidencia de milagros atribuidos a la intercesi\u00f3n del beato aqu\u00ed en Brasil, con el fin de proceder con el proceso de canonizaci\u00f3n en Roma. La labor del secretariado ya ha contribuido a confirmar y elevar al Padre Eust\u00e1quio al t\u00edtulo de beato, pero a\u00fan queda mucho por hacer antes de la canonizaci\u00f3n.<\/p>\n\n\n\n<p>Esta obra es importante porque recupera la memoria hist\u00f3rica, objetos, escritos y experiencias personales y familiares relacionadas con el Beato. Adem\u00e1s, llevamos el mensaje evangelizador del Misionero de la Salud y la Paz, dando a conocer su fe y consagraci\u00f3n a los Sagrados Corazones, as\u00ed como su intercesi\u00f3n ante Jes\u00fas.<\/p>\n\n\n\n<p>Llevamos la misi\u00f3n del Evangelio de la Salud y la Paz a las comunidades cat\u00f3licas, y queremos llevar a las nuevas generaciones la experiencia de amor a Dios vivida por el Padre Eust\u00e1quio, como seguidor de Jes\u00fas, especialmente en el cuidado de los enfermos y sufrientes.<\/p>\n\n\n\n<p>Y este trabajo solo es posible gracias a las donaciones de la comunidad. Sigan ayud\u00e1ndonos a llevar este mensaje de &quot;Salud y Paz&quot; a todos.<\/p>\n\n\n\n<p>Haz tu donaci\u00f3n v\u00eda PIX: (31) 99545-1943 o a trav\u00e9s de la cuenta:<\/p>\n\n\n\n<p>Padre Eust\u00e1quio Acci\u00f3n Social<br>CNPJ: 17.193.756\/0001-05<br>Banco Federal de Ahorros<br>Agencia: 0089<br>Operaci\u00f3n: 013<br>Cuenta de ahorros: 48.086-7<\/p>","protected":false},"excerpt":{"rendered":"<p>O Secretariado Nacional da Canoniza\u00e7\u00e3o de Padre Eust\u00e1quio foi criado para juntar provas dos milagres atribu\u00eddos pela intercess\u00e3o do beato aqui no Brasil, para proceder com o processo de Canoniza\u00e7\u00e3o em Roma. O trabalho do secretariado j\u00e1 ajudou a confirmar e elevar Padre Eust\u00e1quio ao t\u00edtulo de Bem-Aventurado (ou Beato), mas ainda h\u00e1 muito o que fazer at\u00e9 a Canoniza\u00e7\u00e3o. Este trabalho \u00e9 importante porque resgata a mem\u00f3ria hist\u00f3rica, objetos, escritos, experi\u00eancias pessoas e familiares relacionados ao Beato. Al\u00e9m disso, levamos a mensagem evangelizadora do Mission\u00e1rio da Sa\u00fade e da Paz, fazendo conhecida sua f\u00e9 e consagra\u00e7\u00e3o aos Sagrados Cora\u00e7\u00f5es, [&hellip;]<\/p>\n","protected":false},"author":2,"featured_media":6582,"comment_status":"open","ping_status":"closed","sticky":false,"template":"","format":"standard","meta":{"_acf_changed":false,"footnotes":""},"categories":[611],"tags":[],"class_list":["post-6581","post","type-post","status-publish","format-standard","has-post-thumbnail","hentry","category-noticias"],"acf":[],"yoast_head":"<!-- This site is optimized with the Yoast SEO plugin v27.2 - https:\/\/yoast.com\/product\/yoast-seo-wordpress\/ -->\n<title>Conhe\u00e7a a Miss\u00e3o do Secretariado Nacional da Canoniza\u00e7\u00e3o de Padre Eust\u00e1quio<\/title>\n<meta name=\"description\" content=\"A organiza\u00e7\u00e3o foi criada para juntar provas dos milagres atribu\u00eddos a intercess\u00e3o do beato aqui no Brasil e divulgar a vida de Padre Eust\u00e1quio, al\u00e9m da miss\u00e3o e espiritualidade da &quot;Sa\u00fade e Paz&quot;.\" \/>\n<meta name=\"robots\" content=\"index, follow, max-snippet:-1, max-image-preview:large, max-video-preview:-1\" \/>\n<link rel=\"canonical\" href=\"https:\/\/www.padreeustaquio.com.br\/es\/conozca-la-mision-del-secretariado-nacional-para-la-canonizacion-del-padre-eustaquio\/\" \/>\n<meta property=\"og:locale\" content=\"es_ES\" \/>\n<meta property=\"og:type\" content=\"article\" \/>\n<meta property=\"og:title\" content=\"Conhe\u00e7a a Miss\u00e3o do Secretariado Nacional da Canoniza\u00e7\u00e3o de Padre Eust\u00e1quio\" \/>\n<meta property=\"og:description\" content=\"A organiza\u00e7\u00e3o foi criada para juntar provas dos milagres atribu\u00eddos a intercess\u00e3o do beato aqui no Brasil e divulgar a vida de Padre Eust\u00e1quio, al\u00e9m da miss\u00e3o e espiritualidade da &quot;Sa\u00fade e Paz&quot;.\" \/>\n<meta property=\"og:url\" content=\"https:\/\/www.padreeustaquio.com.br\/es\/conozca-la-mision-del-secretariado-nacional-para-la-canonizacion-del-padre-eustaquio\/\" \/>\n<meta property=\"og:site_name\" content=\"Padre Eust\u00e1quio\" \/>\n<meta property=\"article:publisher\" content=\"https:\/\/www.facebook.com\/beatopadreeustaquio\/\" \/>\n<meta property=\"article:published_time\" content=\"2021-08-13T11:25:00+00:00\" \/>\n<meta property=\"og:image\" content=\"https:\/\/www.padreeustaquio.com.br\/wp-content\/uploads\/2021\/08\/Missao-escritorio-secretariado-nacional-canonizacao-beatificacao-santo-beato-padre-eustaquio.jpeg\" \/>\n\t<meta property=\"og:image:width\" content=\"1280\" \/>\n\t<meta property=\"og:image:height\" content=\"853\" \/>\n\t<meta property=\"og:image:type\" content=\"image\/jpeg\" \/>\n<meta name=\"author\" content=\"@sscc\" \/>\n<meta name=\"twitter:card\" content=\"summary_large_image\" \/>\n<meta name=\"twitter:creator\" content=\"@beatopeustaquio\" \/>\n<meta name=\"twitter:site\" content=\"@beatopeustaquio\" \/>\n<meta name=\"twitter:label1\" content=\"Escrito por\" \/>\n\t<meta name=\"twitter:data1\" content=\"@sscc\" \/>\n\t<meta name=\"twitter:label2\" content=\"Tiempo de lectura\" \/>\n\t<meta name=\"twitter:data2\" content=\"1 minuto\" \/>\n<script type=\"application\/ld+json\" class=\"yoast-schema-graph\">{\"@context\":\"https:\/\/schema.org\",\"@graph\":[{\"@type\":\"Article\",\"@id\":\"https:\/\/www.padreeustaquio.com.br\/conheca-a-missao-do-secretariado-nacional-da-canonizacao-de-padre-eustaquio\/#article\",\"isPartOf\":{\"@id\":\"https:\/\/www.padreeustaquio.com.br\/conheca-a-missao-do-secretariado-nacional-da-canonizacao-de-padre-eustaquio\/\"},\"author\":{\"name\":\"@sscc\",\"@id\":\"https:\/\/www.padreeustaquio.com.br\/#\/schema\/person\/a2a51db1d00f1a7af0204a0f1ddb1566\"},\"headline\":\"Conhe\u00e7a a Miss\u00e3o do Secretariado Nacional da Canoniza\u00e7\u00e3o de Padre Eust\u00e1quio\",\"datePublished\":\"2021-08-13T11:25:00+00:00\",\"mainEntityOfPage\":{\"@id\":\"https:\/\/www.padreeustaquio.com.br\/conheca-a-missao-do-secretariado-nacional-da-canonizacao-de-padre-eustaquio\/\"},\"wordCount\":244,\"commentCount\":0,\"publisher\":{\"@id\":\"https:\/\/www.padreeustaquio.com.br\/#organization\"},\"image\":{\"@id\":\"https:\/\/www.padreeustaquio.com.br\/conheca-a-missao-do-secretariado-nacional-da-canonizacao-de-padre-eustaquio\/#primaryimage\"},\"thumbnailUrl\":\"https:\/\/www.padreeustaquio.com.br\/wp-content\/uploads\/2021\/08\/Missao-escritorio-secretariado-nacional-canonizacao-beatificacao-santo-beato-padre-eustaquio.jpeg\",\"articleSection\":[\"Not\u00edcias\"],\"inLanguage\":\"es\",\"potentialAction\":[{\"@type\":\"CommentAction\",\"name\":\"Comment\",\"target\":[\"https:\/\/www.padreeustaquio.com.br\/conheca-a-missao-do-secretariado-nacional-da-canonizacao-de-padre-eustaquio\/#respond\"]}]},{\"@type\":\"WebPage\",\"@id\":\"https:\/\/www.padreeustaquio.com.br\/conheca-a-missao-do-secretariado-nacional-da-canonizacao-de-padre-eustaquio\/\",\"url\":\"https:\/\/www.padreeustaquio.com.br\/conheca-a-missao-do-secretariado-nacional-da-canonizacao-de-padre-eustaquio\/\",\"name\":\"Conhe\u00e7a a Miss\u00e3o do Secretariado Nacional da Canoniza\u00e7\u00e3o de Padre Eust\u00e1quio\",\"isPartOf\":{\"@id\":\"https:\/\/www.padreeustaquio.com.br\/#website\"},\"primaryImageOfPage\":{\"@id\":\"https:\/\/www.padreeustaquio.com.br\/conheca-a-missao-do-secretariado-nacional-da-canonizacao-de-padre-eustaquio\/#primaryimage\"},\"image\":{\"@id\":\"https:\/\/www.padreeustaquio.com.br\/conheca-a-missao-do-secretariado-nacional-da-canonizacao-de-padre-eustaquio\/#primaryimage\"},\"thumbnailUrl\":\"https:\/\/www.padreeustaquio.com.br\/wp-content\/uploads\/2021\/08\/Missao-escritorio-secretariado-nacional-canonizacao-beatificacao-santo-beato-padre-eustaquio.jpeg\",\"datePublished\":\"2021-08-13T11:25:00+00:00\",\"description\":\"A organiza\u00e7\u00e3o foi criada para juntar provas dos milagres atribu\u00eddos a intercess\u00e3o do beato aqui no Brasil e divulgar a vida de Padre Eust\u00e1quio, al\u00e9m da miss\u00e3o e espiritualidade da \\\"Sa\u00fade e Paz\\\".\",\"breadcrumb\":{\"@id\":\"https:\/\/www.padreeustaquio.com.br\/conheca-a-missao-do-secretariado-nacional-da-canonizacao-de-padre-eustaquio\/#breadcrumb\"},\"inLanguage\":\"es\",\"potentialAction\":[{\"@type\":\"ReadAction\",\"target\":[\"https:\/\/www.padreeustaquio.com.br\/conheca-a-missao-do-secretariado-nacional-da-canonizacao-de-padre-eustaquio\/\"]}]},{\"@type\":\"ImageObject\",\"inLanguage\":\"es\",\"@id\":\"https:\/\/www.padreeustaquio.com.br\/conheca-a-missao-do-secretariado-nacional-da-canonizacao-de-padre-eustaquio\/#primaryimage\",\"url\":\"https:\/\/www.padreeustaquio.com.br\/wp-content\/uploads\/2021\/08\/Missao-escritorio-secretariado-nacional-canonizacao-beatificacao-santo-beato-padre-eustaquio.jpeg\",\"contentUrl\":\"https:\/\/www.padreeustaquio.com.br\/wp-content\/uploads\/2021\/08\/Missao-escritorio-secretariado-nacional-canonizacao-beatificacao-santo-beato-padre-eustaquio.jpeg\",\"width\":1280,\"height\":853},{\"@type\":\"BreadcrumbList\",\"@id\":\"https:\/\/www.padreeustaquio.com.br\/conheca-a-missao-do-secretariado-nacional-da-canonizacao-de-padre-eustaquio\/#breadcrumb\",\"itemListElement\":[{\"@type\":\"ListItem\",\"position\":1,\"name\":\"In\u00edcio\",\"item\":\"https:\/\/www.padreeustaquio.com.br\/\"},{\"@type\":\"ListItem\",\"position\":2,\"name\":\"Conhe\u00e7a a Miss\u00e3o do Secretariado Nacional da Canoniza\u00e7\u00e3o de Padre Eust\u00e1quio\"}]},{\"@type\":\"WebSite\",\"@id\":\"https:\/\/www.padreeustaquio.com.br\/#website\",\"url\":\"https:\/\/www.padreeustaquio.com.br\/\",\"name\":\"Padre Eust\u00e1quio\",\"description\":\"Sa\u00fade e Paz\",\"publisher\":{\"@id\":\"https:\/\/www.padreeustaquio.com.br\/#organization\"},\"potentialAction\":[{\"@type\":\"SearchAction\",\"target\":{\"@type\":\"EntryPoint\",\"urlTemplate\":\"https:\/\/www.padreeustaquio.com.br\/?s={search_term_string}\"},\"query-input\":{\"@type\":\"PropertyValueSpecification\",\"valueRequired\":true,\"valueName\":\"search_term_string\"}}],\"inLanguage\":\"es\"},{\"@type\":\"Organization\",\"@id\":\"https:\/\/www.padreeustaquio.com.br\/#organization\",\"name\":\"Padre Eust\u00e1quio\",\"url\":\"https:\/\/www.padreeustaquio.com.br\/\",\"logo\":{\"@type\":\"ImageObject\",\"inLanguage\":\"es\",\"@id\":\"https:\/\/www.padreeustaquio.com.br\/#\/schema\/logo\/image\/\",\"url\":\"https:\/\/www.padreeustaquio.com.br\/wp-content\/uploads\/2019\/08\/marca.png\",\"contentUrl\":\"https:\/\/www.padreeustaquio.com.br\/wp-content\/uploads\/2019\/08\/marca.png\",\"width\":350,\"height\":400,\"caption\":\"Padre Eust\u00e1quio\"},\"image\":{\"@id\":\"https:\/\/www.padreeustaquio.com.br\/#\/schema\/logo\/image\/\"},\"sameAs\":[\"https:\/\/www.facebook.com\/beatopadreeustaquio\/\",\"https:\/\/x.com\/beatopeustaquio\",\"https:\/\/www.instagram.com\/beatopadreeustaquio\/\",\"https:\/\/www.youtube.com\/channel\/UCRhw7vfabnajwLxb1ZXMeIw\"]},{\"@type\":\"Person\",\"@id\":\"https:\/\/www.padreeustaquio.com.br\/#\/schema\/person\/a2a51db1d00f1a7af0204a0f1ddb1566\",\"name\":\"@sscc\",\"image\":{\"@type\":\"ImageObject\",\"inLanguage\":\"es\",\"@id\":\"https:\/\/secure.gravatar.com\/avatar\/68cfafa5f44617fea54071e215026e0ff06be366c3d54a8425f04fdcb86f8c5f?s=96&d=mm&r=g\",\"url\":\"https:\/\/secure.gravatar.com\/avatar\/68cfafa5f44617fea54071e215026e0ff06be366c3d54a8425f04fdcb86f8c5f?s=96&d=mm&r=g\",\"contentUrl\":\"https:\/\/secure.gravatar.com\/avatar\/68cfafa5f44617fea54071e215026e0ff06be366c3d54a8425f04fdcb86f8c5f?s=96&d=mm&r=g\",\"caption\":\"@sscc\"},\"url\":\"https:\/\/www.padreeustaquio.com.br\/es\/author\/sscc\/\"}]}<\/script>\n<!-- \/ Yoast SEO plugin. -->","yoast_head_json":{"title":"Conozca la Misi\u00f3n del Secretariado Nacional para la Canonizaci\u00f3n del Padre Eust\u00e1quio","description":"La organizaci\u00f3n fue creada para reunir evidencias de milagros atribuidos a la intercesi\u00f3n del beato aqu\u00ed en Brasil y dar a conocer la vida del Padre Eust\u00e1quio, as\u00ed como la misi\u00f3n y espiritualidad de &quot;Salud y Paz&quot;.","robots":{"index":"index","follow":"follow","max-snippet":"max-snippet:-1","max-image-preview":"max-image-preview:large","max-video-preview":"max-video-preview:-1"},"canonical":"https:\/\/www.padreeustaquio.com.br\/es\/conozca-la-mision-del-secretariado-nacional-para-la-canonizacion-del-padre-eustaquio\/","og_locale":"es_ES","og_type":"article","og_title":"Conhe\u00e7a a Miss\u00e3o do Secretariado Nacional da Canoniza\u00e7\u00e3o de Padre Eust\u00e1quio","og_description":"A organiza\u00e7\u00e3o foi criada para juntar provas dos milagres atribu\u00eddos a intercess\u00e3o do beato aqui no Brasil e divulgar a vida de Padre Eust\u00e1quio, al\u00e9m da miss\u00e3o e espiritualidade da \"Sa\u00fade e Paz\".","og_url":"https:\/\/www.padreeustaquio.com.br\/es\/conozca-la-mision-del-secretariado-nacional-para-la-canonizacion-del-padre-eustaquio\/","og_site_name":"Padre Eust\u00e1quio","article_publisher":"https:\/\/www.facebook.com\/beatopadreeustaquio\/","article_published_time":"2021-08-13T11:25:00+00:00","og_image":[{"width":1280,"height":853,"url":"https:\/\/www.padreeustaquio.com.br\/wp-content\/uploads\/2021\/08\/Missao-escritorio-secretariado-nacional-canonizacao-beatificacao-santo-beato-padre-eustaquio.jpeg","type":"image\/jpeg"}],"author":"@sscc","twitter_card":"summary_large_image","twitter_creator":"@beatopeustaquio","twitter_site":"@beatopeustaquio","twitter_misc":{"Escrito por":"@sscc","Tiempo de lectura":"1 minuto"},"schema":{"@context":"https:\/\/schema.org","@graph":[{"@type":"Article","@id":"https:\/\/www.padreeustaquio.com.br\/conheca-a-missao-do-secretariado-nacional-da-canonizacao-de-padre-eustaquio\/#article","isPartOf":{"@id":"https:\/\/www.padreeustaquio.com.br\/conheca-a-missao-do-secretariado-nacional-da-canonizacao-de-padre-eustaquio\/"},"author":{"name":"@sscc","@id":"https:\/\/www.padreeustaquio.com.br\/#\/schema\/person\/a2a51db1d00f1a7af0204a0f1ddb1566"},"headline":"Conhe\u00e7a a Miss\u00e3o do Secretariado Nacional da Canoniza\u00e7\u00e3o de Padre Eust\u00e1quio","datePublished":"2021-08-13T11:25:00+00:00","mainEntityOfPage":{"@id":"https:\/\/www.padreeustaquio.com.br\/conheca-a-missao-do-secretariado-nacional-da-canonizacao-de-padre-eustaquio\/"},"wordCount":244,"commentCount":0,"publisher":{"@id":"https:\/\/www.padreeustaquio.com.br\/#organization"},"image":{"@id":"https:\/\/www.padreeustaquio.com.br\/conheca-a-missao-do-secretariado-nacional-da-canonizacao-de-padre-eustaquio\/#primaryimage"},"thumbnailUrl":"https:\/\/www.padreeustaquio.com.br\/wp-content\/uploads\/2021\/08\/Missao-escritorio-secretariado-nacional-canonizacao-beatificacao-santo-beato-padre-eustaquio.jpeg","articleSection":["Not\u00edcias"],"inLanguage":"es","potentialAction":[{"@type":"CommentAction","name":"Comment","target":["https:\/\/www.padreeustaquio.com.br\/conheca-a-missao-do-secretariado-nacional-da-canonizacao-de-padre-eustaquio\/#respond"]}]},{"@type":"WebPage","@id":"https:\/\/www.padreeustaquio.com.br\/conheca-a-missao-do-secretariado-nacional-da-canonizacao-de-padre-eustaquio\/","url":"https:\/\/www.padreeustaquio.com.br\/conheca-a-missao-do-secretariado-nacional-da-canonizacao-de-padre-eustaquio\/","name":"Conozca la Misi\u00f3n del Secretariado Nacional para la Canonizaci\u00f3n del Padre Eust\u00e1quio","isPartOf":{"@id":"https:\/\/www.padreeustaquio.com.br\/#website"},"primaryImageOfPage":{"@id":"https:\/\/www.padreeustaquio.com.br\/conheca-a-missao-do-secretariado-nacional-da-canonizacao-de-padre-eustaquio\/#primaryimage"},"image":{"@id":"https:\/\/www.padreeustaquio.com.br\/conheca-a-missao-do-secretariado-nacional-da-canonizacao-de-padre-eustaquio\/#primaryimage"},"thumbnailUrl":"https:\/\/www.padreeustaquio.com.br\/wp-content\/uploads\/2021\/08\/Missao-escritorio-secretariado-nacional-canonizacao-beatificacao-santo-beato-padre-eustaquio.jpeg","datePublished":"2021-08-13T11:25:00+00:00","description":"La organizaci\u00f3n fue creada para reunir evidencias de milagros atribuidos a la intercesi\u00f3n del beato aqu\u00ed en Brasil y dar a conocer la vida del Padre Eust\u00e1quio, as\u00ed como la misi\u00f3n y espiritualidad de &quot;Salud y Paz&quot;.","breadcrumb":{"@id":"https:\/\/www.padreeustaquio.com.br\/conheca-a-missao-do-secretariado-nacional-da-canonizacao-de-padre-eustaquio\/#breadcrumb"},"inLanguage":"es","potentialAction":[{"@type":"ReadAction","target":["https:\/\/www.padreeustaquio.com.br\/conheca-a-missao-do-secretariado-nacional-da-canonizacao-de-padre-eustaquio\/"]}]},{"@type":"ImageObject","inLanguage":"es","@id":"https:\/\/www.padreeustaquio.com.br\/conheca-a-missao-do-secretariado-nacional-da-canonizacao-de-padre-eustaquio\/#primaryimage","url":"https:\/\/www.padreeustaquio.com.br\/wp-content\/uploads\/2021\/08\/Missao-escritorio-secretariado-nacional-canonizacao-beatificacao-santo-beato-padre-eustaquio.jpeg","contentUrl":"https:\/\/www.padreeustaquio.com.br\/wp-content\/uploads\/2021\/08\/Missao-escritorio-secretariado-nacional-canonizacao-beatificacao-santo-beato-padre-eustaquio.jpeg","width":1280,"height":853},{"@type":"BreadcrumbList","@id":"https:\/\/www.padreeustaquio.com.br\/conheca-a-missao-do-secretariado-nacional-da-canonizacao-de-padre-eustaquio\/#breadcrumb","itemListElement":[{"@type":"ListItem","position":1,"name":"In\u00edcio","item":"https:\/\/www.padreeustaquio.com.br\/"},{"@type":"ListItem","position":2,"name":"Conhe\u00e7a a Miss\u00e3o do Secretariado Nacional da Canoniza\u00e7\u00e3o de Padre Eust\u00e1quio"}]},{"@type":"WebSite","@id":"https:\/\/www.padreeustaquio.com.br\/#website","url":"https:\/\/www.padreeustaquio.com.br\/","name":"Padre Eustace","description":"Salud y Paz","publisher":{"@id":"https:\/\/www.padreeustaquio.com.br\/#organization"},"potentialAction":[{"@type":"SearchAction","target":{"@type":"EntryPoint","urlTemplate":"https:\/\/www.padreeustaquio.com.br\/?s={search_term_string}"},"query-input":{"@type":"PropertyValueSpecification","valueRequired":true,"valueName":"search_term_string"}}],"inLanguage":"es"},{"@type":"Organization","@id":"https:\/\/www.padreeustaquio.com.br\/#organization","name":"Padre Eustace","url":"https:\/\/www.padreeustaquio.com.br\/","logo":{"@type":"ImageObject","inLanguage":"es","@id":"https:\/\/www.padreeustaquio.com.br\/#\/schema\/logo\/image\/","url":"https:\/\/www.padreeustaquio.com.br\/wp-content\/uploads\/2019\/08\/marca.png","contentUrl":"https:\/\/www.padreeustaquio.com.br\/wp-content\/uploads\/2019\/08\/marca.png","width":350,"height":400,"caption":"Padre Eust\u00e1quio"},"image":{"@id":"https:\/\/www.padreeustaquio.com.br\/#\/schema\/logo\/image\/"},"sameAs":["https:\/\/www.facebook.com\/beatopadreeustaquio\/","https:\/\/x.com\/beatopeustaquio","https:\/\/www.instagram.com\/beatopadreeustaquio\/","https:\/\/www.youtube.com\/channel\/UCRhw7vfabnajwLxb1ZXMeIw"]},{"@type":"Person","@id":"https:\/\/www.padreeustaquio.com.br\/#\/schema\/person\/a2a51db1d00f1a7af0204a0f1ddb1566","name":"@sscc","image":{"@type":"ImageObject","inLanguage":"es","@id":"https:\/\/secure.gravatar.com\/avatar\/68cfafa5f44617fea54071e215026e0ff06be366c3d54a8425f04fdcb86f8c5f?s=96&d=mm&r=g","url":"https:\/\/secure.gravatar.com\/avatar\/68cfafa5f44617fea54071e215026e0ff06be366c3d54a8425f04fdcb86f8c5f?s=96&d=mm&r=g","contentUrl":"https:\/\/secure.gravatar.com\/avatar\/68cfafa5f44617fea54071e215026e0ff06be366c3d54a8425f04fdcb86f8c5f?s=96&d=mm&r=g","caption":"@sscc"},"url":"https:\/\/www.padreeustaquio.com.br\/es\/author\/sscc\/"}]}},"_links":{"self":[{"href":"https:\/\/www.padreeustaquio.com.br\/es\/wp-json\/wp\/v2\/posts\/6581","targetHints":{"allow":["GET"]}}],"collection":[{"href":"https:\/\/www.padreeustaquio.com.br\/es\/wp-json\/wp\/v2\/posts"}],"about":[{"href":"https:\/\/www.padreeustaquio.com.br\/es\/wp-json\/wp\/v2\/types\/post"}],"author":[{"embeddable":true,"href":"https:\/\/www.padreeustaquio.com.br\/es\/wp-json\/wp\/v2\/users\/2"}],"replies":[{"embeddable":true,"href":"https:\/\/www.padreeustaquio.com.br\/es\/wp-json\/wp\/v2\/comments?post=6581"}],"version-history":[{"count":0,"href":"https:\/\/www.padreeustaquio.com.br\/es\/wp-json\/wp\/v2\/posts\/6581\/revisions"}],"wp:featuredmedia":[{"embeddable":true,"href":"https:\/\/www.padreeustaquio.com.br\/es\/wp-json\/wp\/v2\/media\/6582"}],"wp:attachment":[{"href":"https:\/\/www.padreeustaquio.com.br\/es\/wp-json\/wp\/v2\/media?parent=6581"}],"wp:term":[{"taxonomy":"category","embeddable":true,"href":"https:\/\/www.padreeustaquio.com.br\/es\/wp-json\/wp\/v2\/categories?post=6581"},{"taxonomy":"post_tag","embeddable":true,"href":"https:\/\/www.padreeustaquio.com.br\/es\/wp-json\/wp\/v2\/tags?post=6581"}],"curies":[{"name":"wp","href":"https:\/\/api.w.org\/{rel}","templated":true}]}}