{"id":6578,"date":"2021-09-01T05:56:00","date_gmt":"2021-09-01T08:56:00","guid":{"rendered":"https:\/\/www.padreeustaquio.com.br\/?p=6578"},"modified":"2021-08-17T20:04:45","modified_gmt":"2021-08-17T23:04:45","slug":"visita-el-monumento-conmemorativo-del-padre-eustace","status":"publish","type":"post","link":"https:\/\/www.padreeustaquio.com.br\/es\/visita-el-monumento-conmemorativo-del-padre-eustace\/","title":{"rendered":"Visita el Memorial Padre Eust\u00e1quio"},"content":{"rendered":"<p>Inaugurado en 2007, el Memorial Padre Eust\u00e1quio es un lugar de oraci\u00f3n, reflexi\u00f3n y veneraci\u00f3n al Beato Padre. All\u00ed se encuentran los restos mortales del sacerdote neerland\u00e9s.<\/p>\n\n\n\n<p>Quien visita el Memorial puede vislumbrar la vida misionera del Bendito a la luz de las Bienaventuranzas, a trav\u00e9s de los vitrales dise\u00f1ados por la artista visual Maria In\u00eas Asinelli, de Curitiba\/PR.<\/p>\n\n\n\n<p>En el centro, donde se conservan las Sagradas Reliquias del Padre Eustaquio, una gran piedra tosca simboliza la vida humana, que, al pulirse, puede alcanzar la santidad. Encima, una pir\u00e1mide de siete lados representa los Dones del Esp\u00edritu Santo: Sabidur\u00eda, Entendimiento, Consejo, Fortaleza, Ciencia, Piedad y Temor de Dios. En la c\u00faspide se encuentra la imagen del Sant\u00edsimo, s\u00edmbolo de esta santidad.<\/p>\n\n\n\n<p>En el techo, la Sant\u00edsima Trinidad estaba representada con las manos de Dios, la Cruz de Cristo y la paloma del Esp\u00edritu Santo. Para completar el esplendor del lugar, en el jard\u00edn se encuentra una hermosa imagen de bronce de la Sant\u00edsima, donada por los sobrinos holandeses del sacerdote.<\/p>\n\n\n\n<p>Si a\u00fan no has visitado el monumento, ven a verlo. Durante la pandemia, el Santuario abre todos los d\u00edas de 7:30 a. m. a 12 p. m. y de 1 p. m. a 5 p. m.<\/p>","protected":false},"excerpt":{"rendered":"<p>Inaugurado em 2007, o Memorial do Padre Eust\u00e1quio \u00e9 um local de ora\u00e7\u00e3o, recolhimento e venera\u00e7\u00e3o ao Bem-aventurado. No lugar, encontram-se os restos mortais do Padre holand\u00eas. Quem visita o Memorial, acompanha um pouco da vida mission\u00e1ria do Beato \u00e0 luz das Bem-aventuran\u00e7as, pelos vitrais desenhados pela artista pl\u00e1stica Maria In\u00eas Asinelli, de Curitiba\/PR. No centro, onde ficam as Rel\u00edquias Sagradas de Padre Eust\u00e1quio, uma grande pedra bruta simboliza a vida humana, que ao ser lapidada, pode alcan\u00e7ar a santidade. Acima, uma pir\u00e2mide de sete faces, representando os Dons do Esp\u00edrito Santo: Sabedoria, Entendimento, Conselho, Fortaleza, Ci\u00eancia, Piedade e Temor [&hellip;]<\/p>\n","protected":false},"author":2,"featured_media":6579,"comment_status":"open","ping_status":"closed","sticky":false,"template":"","format":"standard","meta":{"_acf_changed":false,"footnotes":""},"categories":[611],"tags":[],"class_list":["post-6578","post","type-post","status-publish","format-standard","has-post-thumbnail","hentry","category-noticias"],"acf":[],"yoast_head":"<!-- This site is optimized with the Yoast SEO plugin v27.2 - https:\/\/yoast.com\/product\/yoast-seo-wordpress\/ -->\n<title>Visite o Memorial do Padre Eust\u00e1quio<\/title>\n<meta name=\"description\" content=\"Inaugurado em 2007, o Memorial do Padre Eust\u00e1quio \u00e9 um local de ora\u00e7\u00e3o, recolhimento e venera\u00e7\u00e3o ao Bem-aventurado. No lugar, est\u00e3o os restos mortais do religioso.\" \/>\n<meta name=\"robots\" content=\"index, follow, max-snippet:-1, max-image-preview:large, max-video-preview:-1\" \/>\n<link rel=\"canonical\" href=\"https:\/\/www.padreeustaquio.com.br\/es\/visita-el-monumento-conmemorativo-del-padre-eustace\/\" \/>\n<meta property=\"og:locale\" content=\"es_ES\" \/>\n<meta property=\"og:type\" content=\"article\" \/>\n<meta property=\"og:title\" content=\"Visite o Memorial do Padre Eust\u00e1quio\" \/>\n<meta property=\"og:description\" content=\"Inaugurado em 2007, o Memorial do Padre Eust\u00e1quio \u00e9 um local de ora\u00e7\u00e3o, recolhimento e venera\u00e7\u00e3o ao Bem-aventurado. No lugar, est\u00e3o os restos mortais do religioso.\" \/>\n<meta property=\"og:url\" content=\"https:\/\/www.padreeustaquio.com.br\/es\/visita-el-monumento-conmemorativo-del-padre-eustace\/\" \/>\n<meta property=\"og:site_name\" content=\"Padre Eust\u00e1quio\" \/>\n<meta property=\"article:publisher\" content=\"https:\/\/www.facebook.com\/beatopadreeustaquio\/\" \/>\n<meta property=\"article:published_time\" content=\"2021-09-01T08:56:00+00:00\" \/>\n<meta property=\"og:image\" content=\"https:\/\/www.padreeustaquio.com.br\/wp-content\/uploads\/2021\/08\/Memorial-Padre-eustaquio-turismo-em-belo-horizonte.jpeg\" \/>\n\t<meta property=\"og:image:width\" content=\"1280\" \/>\n\t<meta property=\"og:image:height\" content=\"720\" \/>\n\t<meta property=\"og:image:type\" content=\"image\/jpeg\" \/>\n<meta name=\"author\" content=\"@sscc\" \/>\n<meta name=\"twitter:card\" content=\"summary_large_image\" \/>\n<meta name=\"twitter:creator\" content=\"@beatopeustaquio\" \/>\n<meta name=\"twitter:site\" content=\"@beatopeustaquio\" \/>\n<meta name=\"twitter:label1\" content=\"Escrito por\" \/>\n\t<meta name=\"twitter:data1\" content=\"@sscc\" \/>\n\t<meta name=\"twitter:label2\" content=\"Tiempo de lectura\" \/>\n\t<meta name=\"twitter:data2\" content=\"1 minuto\" \/>\n<script type=\"application\/ld+json\" class=\"yoast-schema-graph\">{\"@context\":\"https:\/\/schema.org\",\"@graph\":[{\"@type\":\"Article\",\"@id\":\"https:\/\/www.padreeustaquio.com.br\/visite-o-memorial-do-padre-eustaquio\/#article\",\"isPartOf\":{\"@id\":\"https:\/\/www.padreeustaquio.com.br\/visite-o-memorial-do-padre-eustaquio\/\"},\"author\":{\"name\":\"@sscc\",\"@id\":\"https:\/\/www.padreeustaquio.com.br\/#\/schema\/person\/a2a51db1d00f1a7af0204a0f1ddb1566\"},\"headline\":\"Visite o Memorial do Padre Eust\u00e1quio\",\"datePublished\":\"2021-09-01T08:56:00+00:00\",\"mainEntityOfPage\":{\"@id\":\"https:\/\/www.padreeustaquio.com.br\/visite-o-memorial-do-padre-eustaquio\/\"},\"wordCount\":213,\"commentCount\":0,\"publisher\":{\"@id\":\"https:\/\/www.padreeustaquio.com.br\/#organization\"},\"image\":{\"@id\":\"https:\/\/www.padreeustaquio.com.br\/visite-o-memorial-do-padre-eustaquio\/#primaryimage\"},\"thumbnailUrl\":\"https:\/\/www.padreeustaquio.com.br\/wp-content\/uploads\/2021\/08\/Memorial-Padre-eustaquio-turismo-em-belo-horizonte.jpeg\",\"articleSection\":[\"Not\u00edcias\"],\"inLanguage\":\"es\",\"potentialAction\":[{\"@type\":\"CommentAction\",\"name\":\"Comment\",\"target\":[\"https:\/\/www.padreeustaquio.com.br\/visite-o-memorial-do-padre-eustaquio\/#respond\"]}]},{\"@type\":\"WebPage\",\"@id\":\"https:\/\/www.padreeustaquio.com.br\/visite-o-memorial-do-padre-eustaquio\/\",\"url\":\"https:\/\/www.padreeustaquio.com.br\/visite-o-memorial-do-padre-eustaquio\/\",\"name\":\"Visite o Memorial do Padre Eust\u00e1quio\",\"isPartOf\":{\"@id\":\"https:\/\/www.padreeustaquio.com.br\/#website\"},\"primaryImageOfPage\":{\"@id\":\"https:\/\/www.padreeustaquio.com.br\/visite-o-memorial-do-padre-eustaquio\/#primaryimage\"},\"image\":{\"@id\":\"https:\/\/www.padreeustaquio.com.br\/visite-o-memorial-do-padre-eustaquio\/#primaryimage\"},\"thumbnailUrl\":\"https:\/\/www.padreeustaquio.com.br\/wp-content\/uploads\/2021\/08\/Memorial-Padre-eustaquio-turismo-em-belo-horizonte.jpeg\",\"datePublished\":\"2021-09-01T08:56:00+00:00\",\"description\":\"Inaugurado em 2007, o Memorial do Padre Eust\u00e1quio \u00e9 um local de ora\u00e7\u00e3o, recolhimento e venera\u00e7\u00e3o ao Bem-aventurado. No lugar, est\u00e3o os restos mortais do religioso.\",\"breadcrumb\":{\"@id\":\"https:\/\/www.padreeustaquio.com.br\/visite-o-memorial-do-padre-eustaquio\/#breadcrumb\"},\"inLanguage\":\"es\",\"potentialAction\":[{\"@type\":\"ReadAction\",\"target\":[\"https:\/\/www.padreeustaquio.com.br\/visite-o-memorial-do-padre-eustaquio\/\"]}]},{\"@type\":\"ImageObject\",\"inLanguage\":\"es\",\"@id\":\"https:\/\/www.padreeustaquio.com.br\/visite-o-memorial-do-padre-eustaquio\/#primaryimage\",\"url\":\"https:\/\/www.padreeustaquio.com.br\/wp-content\/uploads\/2021\/08\/Memorial-Padre-eustaquio-turismo-em-belo-horizonte.jpeg\",\"contentUrl\":\"https:\/\/www.padreeustaquio.com.br\/wp-content\/uploads\/2021\/08\/Memorial-Padre-eustaquio-turismo-em-belo-horizonte.jpeg\",\"width\":1280,\"height\":720},{\"@type\":\"BreadcrumbList\",\"@id\":\"https:\/\/www.padreeustaquio.com.br\/visite-o-memorial-do-padre-eustaquio\/#breadcrumb\",\"itemListElement\":[{\"@type\":\"ListItem\",\"position\":1,\"name\":\"In\u00edcio\",\"item\":\"https:\/\/www.padreeustaquio.com.br\/\"},{\"@type\":\"ListItem\",\"position\":2,\"name\":\"Visite o Memorial do Padre Eust\u00e1quio\"}]},{\"@type\":\"WebSite\",\"@id\":\"https:\/\/www.padreeustaquio.com.br\/#website\",\"url\":\"https:\/\/www.padreeustaquio.com.br\/\",\"name\":\"Padre Eust\u00e1quio\",\"description\":\"Sa\u00fade e Paz\",\"publisher\":{\"@id\":\"https:\/\/www.padreeustaquio.com.br\/#organization\"},\"potentialAction\":[{\"@type\":\"SearchAction\",\"target\":{\"@type\":\"EntryPoint\",\"urlTemplate\":\"https:\/\/www.padreeustaquio.com.br\/?s={search_term_string}\"},\"query-input\":{\"@type\":\"PropertyValueSpecification\",\"valueRequired\":true,\"valueName\":\"search_term_string\"}}],\"inLanguage\":\"es\"},{\"@type\":\"Organization\",\"@id\":\"https:\/\/www.padreeustaquio.com.br\/#organization\",\"name\":\"Padre Eust\u00e1quio\",\"url\":\"https:\/\/www.padreeustaquio.com.br\/\",\"logo\":{\"@type\":\"ImageObject\",\"inLanguage\":\"es\",\"@id\":\"https:\/\/www.padreeustaquio.com.br\/#\/schema\/logo\/image\/\",\"url\":\"https:\/\/www.padreeustaquio.com.br\/wp-content\/uploads\/2019\/08\/marca.png\",\"contentUrl\":\"https:\/\/www.padreeustaquio.com.br\/wp-content\/uploads\/2019\/08\/marca.png\",\"width\":350,\"height\":400,\"caption\":\"Padre Eust\u00e1quio\"},\"image\":{\"@id\":\"https:\/\/www.padreeustaquio.com.br\/#\/schema\/logo\/image\/\"},\"sameAs\":[\"https:\/\/www.facebook.com\/beatopadreeustaquio\/\",\"https:\/\/x.com\/beatopeustaquio\",\"https:\/\/www.instagram.com\/beatopadreeustaquio\/\",\"https:\/\/www.youtube.com\/channel\/UCRhw7vfabnajwLxb1ZXMeIw\"]},{\"@type\":\"Person\",\"@id\":\"https:\/\/www.padreeustaquio.com.br\/#\/schema\/person\/a2a51db1d00f1a7af0204a0f1ddb1566\",\"name\":\"@sscc\",\"image\":{\"@type\":\"ImageObject\",\"inLanguage\":\"es\",\"@id\":\"https:\/\/secure.gravatar.com\/avatar\/68cfafa5f44617fea54071e215026e0ff06be366c3d54a8425f04fdcb86f8c5f?s=96&d=mm&r=g\",\"url\":\"https:\/\/secure.gravatar.com\/avatar\/68cfafa5f44617fea54071e215026e0ff06be366c3d54a8425f04fdcb86f8c5f?s=96&d=mm&r=g\",\"contentUrl\":\"https:\/\/secure.gravatar.com\/avatar\/68cfafa5f44617fea54071e215026e0ff06be366c3d54a8425f04fdcb86f8c5f?s=96&d=mm&r=g\",\"caption\":\"@sscc\"},\"url\":\"https:\/\/www.padreeustaquio.com.br\/es\/author\/sscc\/\"}]}<\/script>\n<!-- \/ Yoast SEO plugin. -->","yoast_head_json":{"title":"Visita el Memorial Padre Eust\u00e1quio","description":"Inaugurado en 2007, el Memorial Padre Eust\u00e1quio es un lugar de oraci\u00f3n, reflexi\u00f3n y veneraci\u00f3n al Beato Padre. All\u00ed se conservan los restos mortales de la figura religiosa.","robots":{"index":"index","follow":"follow","max-snippet":"max-snippet:-1","max-image-preview":"max-image-preview:large","max-video-preview":"max-video-preview:-1"},"canonical":"https:\/\/www.padreeustaquio.com.br\/es\/visita-el-monumento-conmemorativo-del-padre-eustace\/","og_locale":"es_ES","og_type":"article","og_title":"Visite o Memorial do Padre Eust\u00e1quio","og_description":"Inaugurado em 2007, o Memorial do Padre Eust\u00e1quio \u00e9 um local de ora\u00e7\u00e3o, recolhimento e venera\u00e7\u00e3o ao Bem-aventurado. No lugar, est\u00e3o os restos mortais do religioso.","og_url":"https:\/\/www.padreeustaquio.com.br\/es\/visita-el-monumento-conmemorativo-del-padre-eustace\/","og_site_name":"Padre Eust\u00e1quio","article_publisher":"https:\/\/www.facebook.com\/beatopadreeustaquio\/","article_published_time":"2021-09-01T08:56:00+00:00","og_image":[{"width":1280,"height":720,"url":"https:\/\/www.padreeustaquio.com.br\/wp-content\/uploads\/2021\/08\/Memorial-Padre-eustaquio-turismo-em-belo-horizonte.jpeg","type":"image\/jpeg"}],"author":"@sscc","twitter_card":"summary_large_image","twitter_creator":"@beatopeustaquio","twitter_site":"@beatopeustaquio","twitter_misc":{"Escrito por":"@sscc","Tiempo de lectura":"1 minuto"},"schema":{"@context":"https:\/\/schema.org","@graph":[{"@type":"Article","@id":"https:\/\/www.padreeustaquio.com.br\/visite-o-memorial-do-padre-eustaquio\/#article","isPartOf":{"@id":"https:\/\/www.padreeustaquio.com.br\/visite-o-memorial-do-padre-eustaquio\/"},"author":{"name":"@sscc","@id":"https:\/\/www.padreeustaquio.com.br\/#\/schema\/person\/a2a51db1d00f1a7af0204a0f1ddb1566"},"headline":"Visite o Memorial do Padre Eust\u00e1quio","datePublished":"2021-09-01T08:56:00+00:00","mainEntityOfPage":{"@id":"https:\/\/www.padreeustaquio.com.br\/visite-o-memorial-do-padre-eustaquio\/"},"wordCount":213,"commentCount":0,"publisher":{"@id":"https:\/\/www.padreeustaquio.com.br\/#organization"},"image":{"@id":"https:\/\/www.padreeustaquio.com.br\/visite-o-memorial-do-padre-eustaquio\/#primaryimage"},"thumbnailUrl":"https:\/\/www.padreeustaquio.com.br\/wp-content\/uploads\/2021\/08\/Memorial-Padre-eustaquio-turismo-em-belo-horizonte.jpeg","articleSection":["Not\u00edcias"],"inLanguage":"es","potentialAction":[{"@type":"CommentAction","name":"Comment","target":["https:\/\/www.padreeustaquio.com.br\/visite-o-memorial-do-padre-eustaquio\/#respond"]}]},{"@type":"WebPage","@id":"https:\/\/www.padreeustaquio.com.br\/visite-o-memorial-do-padre-eustaquio\/","url":"https:\/\/www.padreeustaquio.com.br\/visite-o-memorial-do-padre-eustaquio\/","name":"Visita el Memorial Padre Eust\u00e1quio","isPartOf":{"@id":"https:\/\/www.padreeustaquio.com.br\/#website"},"primaryImageOfPage":{"@id":"https:\/\/www.padreeustaquio.com.br\/visite-o-memorial-do-padre-eustaquio\/#primaryimage"},"image":{"@id":"https:\/\/www.padreeustaquio.com.br\/visite-o-memorial-do-padre-eustaquio\/#primaryimage"},"thumbnailUrl":"https:\/\/www.padreeustaquio.com.br\/wp-content\/uploads\/2021\/08\/Memorial-Padre-eustaquio-turismo-em-belo-horizonte.jpeg","datePublished":"2021-09-01T08:56:00+00:00","description":"Inaugurado en 2007, el Memorial Padre Eust\u00e1quio es un lugar de oraci\u00f3n, reflexi\u00f3n y veneraci\u00f3n al Beato Padre. All\u00ed se conservan los restos mortales de la figura religiosa.","breadcrumb":{"@id":"https:\/\/www.padreeustaquio.com.br\/visite-o-memorial-do-padre-eustaquio\/#breadcrumb"},"inLanguage":"es","potentialAction":[{"@type":"ReadAction","target":["https:\/\/www.padreeustaquio.com.br\/visite-o-memorial-do-padre-eustaquio\/"]}]},{"@type":"ImageObject","inLanguage":"es","@id":"https:\/\/www.padreeustaquio.com.br\/visite-o-memorial-do-padre-eustaquio\/#primaryimage","url":"https:\/\/www.padreeustaquio.com.br\/wp-content\/uploads\/2021\/08\/Memorial-Padre-eustaquio-turismo-em-belo-horizonte.jpeg","contentUrl":"https:\/\/www.padreeustaquio.com.br\/wp-content\/uploads\/2021\/08\/Memorial-Padre-eustaquio-turismo-em-belo-horizonte.jpeg","width":1280,"height":720},{"@type":"BreadcrumbList","@id":"https:\/\/www.padreeustaquio.com.br\/visite-o-memorial-do-padre-eustaquio\/#breadcrumb","itemListElement":[{"@type":"ListItem","position":1,"name":"In\u00edcio","item":"https:\/\/www.padreeustaquio.com.br\/"},{"@type":"ListItem","position":2,"name":"Visite o Memorial do Padre Eust\u00e1quio"}]},{"@type":"WebSite","@id":"https:\/\/www.padreeustaquio.com.br\/#website","url":"https:\/\/www.padreeustaquio.com.br\/","name":"Padre Eustace","description":"Salud y Paz","publisher":{"@id":"https:\/\/www.padreeustaquio.com.br\/#organization"},"potentialAction":[{"@type":"SearchAction","target":{"@type":"EntryPoint","urlTemplate":"https:\/\/www.padreeustaquio.com.br\/?s={search_term_string}"},"query-input":{"@type":"PropertyValueSpecification","valueRequired":true,"valueName":"search_term_string"}}],"inLanguage":"es"},{"@type":"Organization","@id":"https:\/\/www.padreeustaquio.com.br\/#organization","name":"Padre Eustace","url":"https:\/\/www.padreeustaquio.com.br\/","logo":{"@type":"ImageObject","inLanguage":"es","@id":"https:\/\/www.padreeustaquio.com.br\/#\/schema\/logo\/image\/","url":"https:\/\/www.padreeustaquio.com.br\/wp-content\/uploads\/2019\/08\/marca.png","contentUrl":"https:\/\/www.padreeustaquio.com.br\/wp-content\/uploads\/2019\/08\/marca.png","width":350,"height":400,"caption":"Padre Eust\u00e1quio"},"image":{"@id":"https:\/\/www.padreeustaquio.com.br\/#\/schema\/logo\/image\/"},"sameAs":["https:\/\/www.facebook.com\/beatopadreeustaquio\/","https:\/\/x.com\/beatopeustaquio","https:\/\/www.instagram.com\/beatopadreeustaquio\/","https:\/\/www.youtube.com\/channel\/UCRhw7vfabnajwLxb1ZXMeIw"]},{"@type":"Person","@id":"https:\/\/www.padreeustaquio.com.br\/#\/schema\/person\/a2a51db1d00f1a7af0204a0f1ddb1566","name":"@sscc","image":{"@type":"ImageObject","inLanguage":"es","@id":"https:\/\/secure.gravatar.com\/avatar\/68cfafa5f44617fea54071e215026e0ff06be366c3d54a8425f04fdcb86f8c5f?s=96&d=mm&r=g","url":"https:\/\/secure.gravatar.com\/avatar\/68cfafa5f44617fea54071e215026e0ff06be366c3d54a8425f04fdcb86f8c5f?s=96&d=mm&r=g","contentUrl":"https:\/\/secure.gravatar.com\/avatar\/68cfafa5f44617fea54071e215026e0ff06be366c3d54a8425f04fdcb86f8c5f?s=96&d=mm&r=g","caption":"@sscc"},"url":"https:\/\/www.padreeustaquio.com.br\/es\/author\/sscc\/"}]}},"_links":{"self":[{"href":"https:\/\/www.padreeustaquio.com.br\/es\/wp-json\/wp\/v2\/posts\/6578","targetHints":{"allow":["GET"]}}],"collection":[{"href":"https:\/\/www.padreeustaquio.com.br\/es\/wp-json\/wp\/v2\/posts"}],"about":[{"href":"https:\/\/www.padreeustaquio.com.br\/es\/wp-json\/wp\/v2\/types\/post"}],"author":[{"embeddable":true,"href":"https:\/\/www.padreeustaquio.com.br\/es\/wp-json\/wp\/v2\/users\/2"}],"replies":[{"embeddable":true,"href":"https:\/\/www.padreeustaquio.com.br\/es\/wp-json\/wp\/v2\/comments?post=6578"}],"version-history":[{"count":0,"href":"https:\/\/www.padreeustaquio.com.br\/es\/wp-json\/wp\/v2\/posts\/6578\/revisions"}],"wp:featuredmedia":[{"embeddable":true,"href":"https:\/\/www.padreeustaquio.com.br\/es\/wp-json\/wp\/v2\/media\/6579"}],"wp:attachment":[{"href":"https:\/\/www.padreeustaquio.com.br\/es\/wp-json\/wp\/v2\/media?parent=6578"}],"wp:term":[{"taxonomy":"category","embeddable":true,"href":"https:\/\/www.padreeustaquio.com.br\/es\/wp-json\/wp\/v2\/categories?post=6578"},{"taxonomy":"post_tag","embeddable":true,"href":"https:\/\/www.padreeustaquio.com.br\/es\/wp-json\/wp\/v2\/tags?post=6578"}],"curies":[{"name":"wp","href":"https:\/\/api.w.org\/{rel}","templated":true}]}}