{"id":6566,"date":"2021-08-07T09:59:00","date_gmt":"2021-08-07T12:59:00","guid":{"rendered":"https:\/\/www.padreeustaquio.com.br\/?p=6566"},"modified":"2021-08-04T10:42:44","modified_gmt":"2021-08-04T13:42:44","slug":"guion-celebratorio-del-19o-domingo-del-tiempo-ordinario","status":"publish","type":"post","link":"https:\/\/www.padreeustaquio.com.br\/es\/guion-celebratorio-del-19o-domingo-del-tiempo-ordinario\/","title":{"rendered":"ITINERARIO CELEBRATORIO \u2013 19\u00ba Domingo del Tiempo Ordinario"},"content":{"rendered":"<p>El guion del 19.\u00ba Domingo del Tiempo Ordinario, que se celebra este fin de semana, ya est\u00e1 disponible. El material es proporcionado por la Comisi\u00f3n Pastoral Episcopal de Liturgia de la Conferencia Nacional de Obispos de Brasil (CNBB).<\/p>\n\n\n\n<p>En el Santuario de Salud y Paz hay tres horarios en que se transmiten misas v\u00eda...&nbsp;<a href=\"https:\/\/www.youtube.com\/channel\/UCRhw7vfabnajwLxb1ZXMeIw\">Canal Padre Eust\u00e1quio<\/a>&nbsp;(S\u00e1bado a las 18 horas y Domingo a las 10 y 18 horas) a las que podemos asistir, pero viviendo la dignidad de pueblo sacerdotal que nuestro bautismo nos confiri\u00f3, podemos no s\u00f3lo asistir, sino CELEBRAR el Domingo del Se\u00f1or con nuestras familias.<\/p>\n\n\n\n<p>Se aconseja a las familias que elijan un lugar adecuado en sus hogares para celebrar y orar juntos.&nbsp;<em>\u201cPrepara tu Biblia con el texto a proclamar, un jarr\u00f3n con flores, un crucifijo, una imagen o icono de Nuestra Se\u00f1ora y una vela para encender durante la celebraci\u00f3n\u201d.\u201d<\/em>, propone la Comisi\u00f3n para la Liturgia.<\/p>\n\n\n\n<p>Cada familia puede adaptar el formato a sus necesidades, seg\u00fan el guion. Las canciones son sugerencias y pueden sustituirse por otras, teniendo en cuenta el Tiempo Lit\u00fargico que estemos viviendo.<\/p>\n\n\n\n<p><a href=\"https:\/\/www.cnbb.org.br\/wp-content\/uploads\/2021\/07\/46-Celebrar-em-Fami%CC%81lia-19-DTC.pdf\"><strong>Descarga la gu\u00eda del 19\u00ba Domingo del Tiempo Ordinario.<\/strong><\/a><\/p>","protected":false},"excerpt":{"rendered":"<p>O roteiro para o 19\u00ba Domingo do Tempo Comum, celebrado neste fim de semana j\u00e1 est\u00e1 dispon\u00edvel. O material \u00e9 oferecido pela Comiss\u00e3o Episcopal Pastoral para a Liturgia da Confer\u00eancia Nacional dos Bispos do Brasil (CNBB). No Santu\u00e1rio Sa\u00fade e Paz s\u00e3o tr\u00eas hor\u00e1rios de transmiss\u00e3o de missas pelo&nbsp;Canal Padre Eust\u00e1quio&nbsp;(s\u00e1bado, \u00e0s 18h e domingo, \u00e0s 10h e \u00e0s 18h) que podemos acompanhar, mas vivendo a dignidade de povo sacerdotal que nosso batismo nos conferiu, podemos n\u00e3o s\u00f3 acompanhar, mas CELEBRAR com nossas fam\u00edlias o Dia do Senhor. \u00c0s fam\u00edlias, \u00e9 indicado que seja escolhido um local adequado em suas [&hellip;]<\/p>\n","protected":false},"author":2,"featured_media":6576,"comment_status":"open","ping_status":"closed","sticky":false,"template":"","format":"standard","meta":{"_acf_changed":false,"footnotes":""},"categories":[611],"tags":[],"class_list":["post-6566","post","type-post","status-publish","format-standard","has-post-thumbnail","hentry","category-noticias"],"acf":[],"yoast_head":"<!-- This site is optimized with the Yoast SEO plugin v27.2 - https:\/\/yoast.com\/product\/yoast-seo-wordpress\/ -->\n<title>ROTEIRO CELEBRATIVO - 19\u00ba Domingo do Tempo Comum<\/title>\n<meta name=\"description\" content=\"O roteiro para o 19\u00ba Domingo do Tempo Comum, celebrado neste fim de semana j\u00e1 est\u00e1 dispon\u00edvel. O material \u00e9 oferecido pela Comiss\u00e3o Episcopal Pastoral para a Liturgia da CNBB.\" \/>\n<meta name=\"robots\" content=\"index, follow, max-snippet:-1, max-image-preview:large, max-video-preview:-1\" \/>\n<link rel=\"canonical\" href=\"https:\/\/www.padreeustaquio.com.br\/es\/guion-celebratorio-del-19o-domingo-del-tiempo-ordinario\/\" \/>\n<meta property=\"og:locale\" content=\"es_ES\" \/>\n<meta property=\"og:type\" content=\"article\" \/>\n<meta property=\"og:title\" content=\"ROTEIRO CELEBRATIVO - 19\u00ba Domingo do Tempo Comum\" \/>\n<meta property=\"og:description\" content=\"O roteiro para o 19\u00ba Domingo do Tempo Comum, celebrado neste fim de semana j\u00e1 est\u00e1 dispon\u00edvel. O material \u00e9 oferecido pela Comiss\u00e3o Episcopal Pastoral para a Liturgia da CNBB.\" \/>\n<meta property=\"og:url\" content=\"https:\/\/www.padreeustaquio.com.br\/es\/guion-celebratorio-del-19o-domingo-del-tiempo-ordinario\/\" \/>\n<meta property=\"og:site_name\" content=\"Padre Eust\u00e1quio\" \/>\n<meta property=\"article:publisher\" content=\"https:\/\/www.facebook.com\/beatopadreeustaquio\/\" \/>\n<meta property=\"article:published_time\" content=\"2021-08-07T12:59:00+00:00\" \/>\n<meta property=\"og:image\" content=\"https:\/\/www.padreeustaquio.com.br\/wp-content\/uploads\/2021\/08\/ROTEIRO-CELEB.-19.jpg\" \/>\n\t<meta property=\"og:image:width\" content=\"748\" \/>\n\t<meta property=\"og:image:height\" content=\"394\" \/>\n\t<meta property=\"og:image:type\" content=\"image\/jpeg\" \/>\n<meta name=\"author\" content=\"@sscc\" \/>\n<meta name=\"twitter:card\" content=\"summary_large_image\" \/>\n<meta name=\"twitter:creator\" content=\"@beatopeustaquio\" \/>\n<meta name=\"twitter:site\" content=\"@beatopeustaquio\" \/>\n<meta name=\"twitter:label1\" content=\"Escrito por\" \/>\n\t<meta name=\"twitter:data1\" content=\"@sscc\" \/>\n\t<meta name=\"twitter:label2\" content=\"Tiempo de lectura\" \/>\n\t<meta name=\"twitter:data2\" content=\"1 minuto\" \/>\n<script type=\"application\/ld+json\" class=\"yoast-schema-graph\">{\"@context\":\"https:\/\/schema.org\",\"@graph\":[{\"@type\":\"Article\",\"@id\":\"https:\/\/www.padreeustaquio.com.br\/roteiro-celebrativo-19o-domingo-do-tempo-comum\/#article\",\"isPartOf\":{\"@id\":\"https:\/\/www.padreeustaquio.com.br\/roteiro-celebrativo-19o-domingo-do-tempo-comum\/\"},\"author\":{\"name\":\"@sscc\",\"@id\":\"https:\/\/www.padreeustaquio.com.br\/#\/schema\/person\/a2a51db1d00f1a7af0204a0f1ddb1566\"},\"headline\":\"ROTEIRO CELEBRATIVO &#8211; 19\u00ba Domingo do Tempo Comum\",\"datePublished\":\"2021-08-07T12:59:00+00:00\",\"mainEntityOfPage\":{\"@id\":\"https:\/\/www.padreeustaquio.com.br\/roteiro-celebrativo-19o-domingo-do-tempo-comum\/\"},\"wordCount\":218,\"commentCount\":0,\"publisher\":{\"@id\":\"https:\/\/www.padreeustaquio.com.br\/#organization\"},\"image\":{\"@id\":\"https:\/\/www.padreeustaquio.com.br\/roteiro-celebrativo-19o-domingo-do-tempo-comum\/#primaryimage\"},\"thumbnailUrl\":\"https:\/\/www.padreeustaquio.com.br\/wp-content\/uploads\/2021\/08\/ROTEIRO-CELEB.-19.jpg\",\"articleSection\":[\"Not\u00edcias\"],\"inLanguage\":\"es\",\"potentialAction\":[{\"@type\":\"CommentAction\",\"name\":\"Comment\",\"target\":[\"https:\/\/www.padreeustaquio.com.br\/roteiro-celebrativo-19o-domingo-do-tempo-comum\/#respond\"]}]},{\"@type\":\"WebPage\",\"@id\":\"https:\/\/www.padreeustaquio.com.br\/roteiro-celebrativo-19o-domingo-do-tempo-comum\/\",\"url\":\"https:\/\/www.padreeustaquio.com.br\/roteiro-celebrativo-19o-domingo-do-tempo-comum\/\",\"name\":\"ROTEIRO CELEBRATIVO - 19\u00ba Domingo do Tempo Comum\",\"isPartOf\":{\"@id\":\"https:\/\/www.padreeustaquio.com.br\/#website\"},\"primaryImageOfPage\":{\"@id\":\"https:\/\/www.padreeustaquio.com.br\/roteiro-celebrativo-19o-domingo-do-tempo-comum\/#primaryimage\"},\"image\":{\"@id\":\"https:\/\/www.padreeustaquio.com.br\/roteiro-celebrativo-19o-domingo-do-tempo-comum\/#primaryimage\"},\"thumbnailUrl\":\"https:\/\/www.padreeustaquio.com.br\/wp-content\/uploads\/2021\/08\/ROTEIRO-CELEB.-19.jpg\",\"datePublished\":\"2021-08-07T12:59:00+00:00\",\"description\":\"O roteiro para o 19\u00ba Domingo do Tempo Comum, celebrado neste fim de semana j\u00e1 est\u00e1 dispon\u00edvel. O material \u00e9 oferecido pela Comiss\u00e3o Episcopal Pastoral para a Liturgia da CNBB.\",\"breadcrumb\":{\"@id\":\"https:\/\/www.padreeustaquio.com.br\/roteiro-celebrativo-19o-domingo-do-tempo-comum\/#breadcrumb\"},\"inLanguage\":\"es\",\"potentialAction\":[{\"@type\":\"ReadAction\",\"target\":[\"https:\/\/www.padreeustaquio.com.br\/roteiro-celebrativo-19o-domingo-do-tempo-comum\/\"]}]},{\"@type\":\"ImageObject\",\"inLanguage\":\"es\",\"@id\":\"https:\/\/www.padreeustaquio.com.br\/roteiro-celebrativo-19o-domingo-do-tempo-comum\/#primaryimage\",\"url\":\"https:\/\/www.padreeustaquio.com.br\/wp-content\/uploads\/2021\/08\/ROTEIRO-CELEB.-19.jpg\",\"contentUrl\":\"https:\/\/www.padreeustaquio.com.br\/wp-content\/uploads\/2021\/08\/ROTEIRO-CELEB.-19.jpg\",\"width\":748,\"height\":394},{\"@type\":\"BreadcrumbList\",\"@id\":\"https:\/\/www.padreeustaquio.com.br\/roteiro-celebrativo-19o-domingo-do-tempo-comum\/#breadcrumb\",\"itemListElement\":[{\"@type\":\"ListItem\",\"position\":1,\"name\":\"In\u00edcio\",\"item\":\"https:\/\/www.padreeustaquio.com.br\/\"},{\"@type\":\"ListItem\",\"position\":2,\"name\":\"ROTEIRO CELEBRATIVO &#8211; 19\u00ba Domingo do Tempo Comum\"}]},{\"@type\":\"WebSite\",\"@id\":\"https:\/\/www.padreeustaquio.com.br\/#website\",\"url\":\"https:\/\/www.padreeustaquio.com.br\/\",\"name\":\"Padre Eust\u00e1quio\",\"description\":\"Sa\u00fade e Paz\",\"publisher\":{\"@id\":\"https:\/\/www.padreeustaquio.com.br\/#organization\"},\"potentialAction\":[{\"@type\":\"SearchAction\",\"target\":{\"@type\":\"EntryPoint\",\"urlTemplate\":\"https:\/\/www.padreeustaquio.com.br\/?s={search_term_string}\"},\"query-input\":{\"@type\":\"PropertyValueSpecification\",\"valueRequired\":true,\"valueName\":\"search_term_string\"}}],\"inLanguage\":\"es\"},{\"@type\":\"Organization\",\"@id\":\"https:\/\/www.padreeustaquio.com.br\/#organization\",\"name\":\"Padre Eust\u00e1quio\",\"url\":\"https:\/\/www.padreeustaquio.com.br\/\",\"logo\":{\"@type\":\"ImageObject\",\"inLanguage\":\"es\",\"@id\":\"https:\/\/www.padreeustaquio.com.br\/#\/schema\/logo\/image\/\",\"url\":\"https:\/\/www.padreeustaquio.com.br\/wp-content\/uploads\/2019\/08\/marca.png\",\"contentUrl\":\"https:\/\/www.padreeustaquio.com.br\/wp-content\/uploads\/2019\/08\/marca.png\",\"width\":350,\"height\":400,\"caption\":\"Padre Eust\u00e1quio\"},\"image\":{\"@id\":\"https:\/\/www.padreeustaquio.com.br\/#\/schema\/logo\/image\/\"},\"sameAs\":[\"https:\/\/www.facebook.com\/beatopadreeustaquio\/\",\"https:\/\/x.com\/beatopeustaquio\",\"https:\/\/www.instagram.com\/beatopadreeustaquio\/\",\"https:\/\/www.youtube.com\/channel\/UCRhw7vfabnajwLxb1ZXMeIw\"]},{\"@type\":\"Person\",\"@id\":\"https:\/\/www.padreeustaquio.com.br\/#\/schema\/person\/a2a51db1d00f1a7af0204a0f1ddb1566\",\"name\":\"@sscc\",\"image\":{\"@type\":\"ImageObject\",\"inLanguage\":\"es\",\"@id\":\"https:\/\/secure.gravatar.com\/avatar\/68cfafa5f44617fea54071e215026e0ff06be366c3d54a8425f04fdcb86f8c5f?s=96&d=mm&r=g\",\"url\":\"https:\/\/secure.gravatar.com\/avatar\/68cfafa5f44617fea54071e215026e0ff06be366c3d54a8425f04fdcb86f8c5f?s=96&d=mm&r=g\",\"contentUrl\":\"https:\/\/secure.gravatar.com\/avatar\/68cfafa5f44617fea54071e215026e0ff06be366c3d54a8425f04fdcb86f8c5f?s=96&d=mm&r=g\",\"caption\":\"@sscc\"},\"url\":\"https:\/\/www.padreeustaquio.com.br\/es\/author\/sscc\/\"}]}<\/script>\n<!-- \/ Yoast SEO plugin. -->","yoast_head_json":{"title":"ITINERARIO CELEBRATORIO - 19\u00ba Domingo del Tiempo Ordinario","description":"El guion del 19.\u00ba Domingo del Tiempo Ordinario, que se celebra este fin de semana, ya est\u00e1 disponible. El material es proporcionado por la Comisi\u00f3n Pastoral Episcopal para la Liturgia de la CNBB (Conferencia Nacional de Obispos de Brasil).","robots":{"index":"index","follow":"follow","max-snippet":"max-snippet:-1","max-image-preview":"max-image-preview:large","max-video-preview":"max-video-preview:-1"},"canonical":"https:\/\/www.padreeustaquio.com.br\/es\/guion-celebratorio-del-19o-domingo-del-tiempo-ordinario\/","og_locale":"es_ES","og_type":"article","og_title":"ROTEIRO CELEBRATIVO - 19\u00ba Domingo do Tempo Comum","og_description":"O roteiro para o 19\u00ba Domingo do Tempo Comum, celebrado neste fim de semana j\u00e1 est\u00e1 dispon\u00edvel. O material \u00e9 oferecido pela Comiss\u00e3o Episcopal Pastoral para a Liturgia da CNBB.","og_url":"https:\/\/www.padreeustaquio.com.br\/es\/guion-celebratorio-del-19o-domingo-del-tiempo-ordinario\/","og_site_name":"Padre Eust\u00e1quio","article_publisher":"https:\/\/www.facebook.com\/beatopadreeustaquio\/","article_published_time":"2021-08-07T12:59:00+00:00","og_image":[{"width":748,"height":394,"url":"https:\/\/www.padreeustaquio.com.br\/wp-content\/uploads\/2021\/08\/ROTEIRO-CELEB.-19.jpg","type":"image\/jpeg"}],"author":"@sscc","twitter_card":"summary_large_image","twitter_creator":"@beatopeustaquio","twitter_site":"@beatopeustaquio","twitter_misc":{"Escrito por":"@sscc","Tiempo de lectura":"1 minuto"},"schema":{"@context":"https:\/\/schema.org","@graph":[{"@type":"Article","@id":"https:\/\/www.padreeustaquio.com.br\/roteiro-celebrativo-19o-domingo-do-tempo-comum\/#article","isPartOf":{"@id":"https:\/\/www.padreeustaquio.com.br\/roteiro-celebrativo-19o-domingo-do-tempo-comum\/"},"author":{"name":"@sscc","@id":"https:\/\/www.padreeustaquio.com.br\/#\/schema\/person\/a2a51db1d00f1a7af0204a0f1ddb1566"},"headline":"ROTEIRO CELEBRATIVO &#8211; 19\u00ba Domingo do Tempo Comum","datePublished":"2021-08-07T12:59:00+00:00","mainEntityOfPage":{"@id":"https:\/\/www.padreeustaquio.com.br\/roteiro-celebrativo-19o-domingo-do-tempo-comum\/"},"wordCount":218,"commentCount":0,"publisher":{"@id":"https:\/\/www.padreeustaquio.com.br\/#organization"},"image":{"@id":"https:\/\/www.padreeustaquio.com.br\/roteiro-celebrativo-19o-domingo-do-tempo-comum\/#primaryimage"},"thumbnailUrl":"https:\/\/www.padreeustaquio.com.br\/wp-content\/uploads\/2021\/08\/ROTEIRO-CELEB.-19.jpg","articleSection":["Not\u00edcias"],"inLanguage":"es","potentialAction":[{"@type":"CommentAction","name":"Comment","target":["https:\/\/www.padreeustaquio.com.br\/roteiro-celebrativo-19o-domingo-do-tempo-comum\/#respond"]}]},{"@type":"WebPage","@id":"https:\/\/www.padreeustaquio.com.br\/roteiro-celebrativo-19o-domingo-do-tempo-comum\/","url":"https:\/\/www.padreeustaquio.com.br\/roteiro-celebrativo-19o-domingo-do-tempo-comum\/","name":"ITINERARIO CELEBRATORIO - 19\u00ba Domingo del Tiempo Ordinario","isPartOf":{"@id":"https:\/\/www.padreeustaquio.com.br\/#website"},"primaryImageOfPage":{"@id":"https:\/\/www.padreeustaquio.com.br\/roteiro-celebrativo-19o-domingo-do-tempo-comum\/#primaryimage"},"image":{"@id":"https:\/\/www.padreeustaquio.com.br\/roteiro-celebrativo-19o-domingo-do-tempo-comum\/#primaryimage"},"thumbnailUrl":"https:\/\/www.padreeustaquio.com.br\/wp-content\/uploads\/2021\/08\/ROTEIRO-CELEB.-19.jpg","datePublished":"2021-08-07T12:59:00+00:00","description":"El guion del 19.\u00ba Domingo del Tiempo Ordinario, que se celebra este fin de semana, ya est\u00e1 disponible. El material es proporcionado por la Comisi\u00f3n Pastoral Episcopal para la Liturgia de la CNBB (Conferencia Nacional de Obispos de Brasil).","breadcrumb":{"@id":"https:\/\/www.padreeustaquio.com.br\/roteiro-celebrativo-19o-domingo-do-tempo-comum\/#breadcrumb"},"inLanguage":"es","potentialAction":[{"@type":"ReadAction","target":["https:\/\/www.padreeustaquio.com.br\/roteiro-celebrativo-19o-domingo-do-tempo-comum\/"]}]},{"@type":"ImageObject","inLanguage":"es","@id":"https:\/\/www.padreeustaquio.com.br\/roteiro-celebrativo-19o-domingo-do-tempo-comum\/#primaryimage","url":"https:\/\/www.padreeustaquio.com.br\/wp-content\/uploads\/2021\/08\/ROTEIRO-CELEB.-19.jpg","contentUrl":"https:\/\/www.padreeustaquio.com.br\/wp-content\/uploads\/2021\/08\/ROTEIRO-CELEB.-19.jpg","width":748,"height":394},{"@type":"BreadcrumbList","@id":"https:\/\/www.padreeustaquio.com.br\/roteiro-celebrativo-19o-domingo-do-tempo-comum\/#breadcrumb","itemListElement":[{"@type":"ListItem","position":1,"name":"In\u00edcio","item":"https:\/\/www.padreeustaquio.com.br\/"},{"@type":"ListItem","position":2,"name":"ROTEIRO CELEBRATIVO &#8211; 19\u00ba Domingo do Tempo Comum"}]},{"@type":"WebSite","@id":"https:\/\/www.padreeustaquio.com.br\/#website","url":"https:\/\/www.padreeustaquio.com.br\/","name":"Padre Eustace","description":"Salud y Paz","publisher":{"@id":"https:\/\/www.padreeustaquio.com.br\/#organization"},"potentialAction":[{"@type":"SearchAction","target":{"@type":"EntryPoint","urlTemplate":"https:\/\/www.padreeustaquio.com.br\/?s={search_term_string}"},"query-input":{"@type":"PropertyValueSpecification","valueRequired":true,"valueName":"search_term_string"}}],"inLanguage":"es"},{"@type":"Organization","@id":"https:\/\/www.padreeustaquio.com.br\/#organization","name":"Padre Eustace","url":"https:\/\/www.padreeustaquio.com.br\/","logo":{"@type":"ImageObject","inLanguage":"es","@id":"https:\/\/www.padreeustaquio.com.br\/#\/schema\/logo\/image\/","url":"https:\/\/www.padreeustaquio.com.br\/wp-content\/uploads\/2019\/08\/marca.png","contentUrl":"https:\/\/www.padreeustaquio.com.br\/wp-content\/uploads\/2019\/08\/marca.png","width":350,"height":400,"caption":"Padre Eust\u00e1quio"},"image":{"@id":"https:\/\/www.padreeustaquio.com.br\/#\/schema\/logo\/image\/"},"sameAs":["https:\/\/www.facebook.com\/beatopadreeustaquio\/","https:\/\/x.com\/beatopeustaquio","https:\/\/www.instagram.com\/beatopadreeustaquio\/","https:\/\/www.youtube.com\/channel\/UCRhw7vfabnajwLxb1ZXMeIw"]},{"@type":"Person","@id":"https:\/\/www.padreeustaquio.com.br\/#\/schema\/person\/a2a51db1d00f1a7af0204a0f1ddb1566","name":"@sscc","image":{"@type":"ImageObject","inLanguage":"es","@id":"https:\/\/secure.gravatar.com\/avatar\/68cfafa5f44617fea54071e215026e0ff06be366c3d54a8425f04fdcb86f8c5f?s=96&d=mm&r=g","url":"https:\/\/secure.gravatar.com\/avatar\/68cfafa5f44617fea54071e215026e0ff06be366c3d54a8425f04fdcb86f8c5f?s=96&d=mm&r=g","contentUrl":"https:\/\/secure.gravatar.com\/avatar\/68cfafa5f44617fea54071e215026e0ff06be366c3d54a8425f04fdcb86f8c5f?s=96&d=mm&r=g","caption":"@sscc"},"url":"https:\/\/www.padreeustaquio.com.br\/es\/author\/sscc\/"}]}},"_links":{"self":[{"href":"https:\/\/www.padreeustaquio.com.br\/es\/wp-json\/wp\/v2\/posts\/6566","targetHints":{"allow":["GET"]}}],"collection":[{"href":"https:\/\/www.padreeustaquio.com.br\/es\/wp-json\/wp\/v2\/posts"}],"about":[{"href":"https:\/\/www.padreeustaquio.com.br\/es\/wp-json\/wp\/v2\/types\/post"}],"author":[{"embeddable":true,"href":"https:\/\/www.padreeustaquio.com.br\/es\/wp-json\/wp\/v2\/users\/2"}],"replies":[{"embeddable":true,"href":"https:\/\/www.padreeustaquio.com.br\/es\/wp-json\/wp\/v2\/comments?post=6566"}],"version-history":[{"count":0,"href":"https:\/\/www.padreeustaquio.com.br\/es\/wp-json\/wp\/v2\/posts\/6566\/revisions"}],"wp:featuredmedia":[{"embeddable":true,"href":"https:\/\/www.padreeustaquio.com.br\/es\/wp-json\/wp\/v2\/media\/6576"}],"wp:attachment":[{"href":"https:\/\/www.padreeustaquio.com.br\/es\/wp-json\/wp\/v2\/media?parent=6566"}],"wp:term":[{"taxonomy":"category","embeddable":true,"href":"https:\/\/www.padreeustaquio.com.br\/es\/wp-json\/wp\/v2\/categories?post=6566"},{"taxonomy":"post_tag","embeddable":true,"href":"https:\/\/www.padreeustaquio.com.br\/es\/wp-json\/wp\/v2\/tags?post=6566"}],"curies":[{"name":"wp","href":"https:\/\/api.w.org\/{rel}","templated":true}]}}