{"id":6545,"date":"2021-08-03T06:14:00","date_gmt":"2021-08-03T09:14:00","guid":{"rendered":"https:\/\/www.padreeustaquio.com.br\/?p=6545"},"modified":"2021-08-02T19:37:49","modified_gmt":"2021-08-02T22:37:49","slug":"inicia-operaciones-la-segunda-unidad-del-centro-infantil-padre-eustaquio","status":"publish","type":"post","link":"https:\/\/www.padreeustaquio.com.br\/es\/inicia-operaciones-la-segunda-unidad-del-centro-infantil-padre-eustaquio\/","title":{"rendered":"Inicia operaciones la segunda unidad del Centro Infantil Padre Eust\u00e1quio."},"content":{"rendered":"<p>Un viejo sue\u00f1o del Padre Eust\u00e1quio se est\u00e1 haciendo realidad gracias al programa de Acci\u00f3n Social Padre Eust\u00e1quio. A partir de ahora, 80 ni\u00f1os ser\u00e1n atendidos en la segunda guarder\u00eda dedicada a \u00e9l. El centro se encuentra en el barrio de Coqueiros, tambi\u00e9n en la regi\u00f3n noroeste de Belo Horizonte.<\/p>\n\n\n\n<p>La instituci\u00f3n surgi\u00f3 tras un intento de ampliar la unidad existente en el barrio Padre Eust\u00e1quio. Dado que la zona carec\u00eda de demanda para ni\u00f1os a\u00fan m\u00e1s peque\u00f1os, surgi\u00f3 la idea de establecer una segunda guarder\u00eda en Coqueiros, un barrio con una importante escasez de plazas disponibles.<\/p>\n\n\n\n<p>Para establecer la Unidad, la Acci\u00f3n Social Padre Eust\u00e1quio alquil\u00f3 un inmueble perteneciente a la Congregaci\u00f3n de los Sagrados Corazones e inici\u00f3 las obras de adaptaci\u00f3n a principios del a\u00f1o pasado. Sin embargo, el proceso de obtenci\u00f3n de la licencia se vio interrumpido por la pandemia. En julio, cuando los establecimientos reabrieron por primera vez, se reanudaron las obras. Sin embargo, la autorizaci\u00f3n para iniciar las clases no se concedi\u00f3 hasta este a\u00f1o.<\/p>\n\n\n\n<figure class=\"wp-block-gallery alignwide columns-2 is-cropped wp-block-gallery-1 is-layout-flex wp-block-gallery-is-layout-flex\"><ul class=\"blocks-gallery-grid\"><li class=\"blocks-gallery-item\"><figure><img fetchpriority=\"high\" decoding=\"async\" width=\"1024\" height=\"766\" src=\"https:\/\/www.padreeustaquio.com.br\/wp-content\/uploads\/2021\/08\/Vinte-funcionarios-foram-contratados-para-trabalhar-na-unidade-1024x766.jpeg\" alt=\"\" data-id=\"6548\" data-full-url=\"https:\/\/www.padreeustaquio.com.br\/wp-content\/uploads\/2021\/08\/Vinte-funcionarios-foram-contratados-para-trabalhar-na-unidade.jpeg\" data-link=\"https:\/\/www.padreeustaquio.com.br\/?attachment_id=6548\" class=\"wp-image-6548\" srcset=\"https:\/\/www.padreeustaquio.com.br\/wp-content\/uploads\/2021\/08\/Vinte-funcionarios-foram-contratados-para-trabalhar-na-unidade-1024x766.jpeg 1024w, https:\/\/www.padreeustaquio.com.br\/wp-content\/uploads\/2021\/08\/Vinte-funcionarios-foram-contratados-para-trabalhar-na-unidade-300x225.jpeg 300w, https:\/\/www.padreeustaquio.com.br\/wp-content\/uploads\/2021\/08\/Vinte-funcionarios-foram-contratados-para-trabalhar-na-unidade-768x575.jpeg 768w, https:\/\/www.padreeustaquio.com.br\/wp-content\/uploads\/2021\/08\/Vinte-funcionarios-foram-contratados-para-trabalhar-na-unidade-180x135.jpeg 180w, https:\/\/www.padreeustaquio.com.br\/wp-content\/uploads\/2021\/08\/Vinte-funcionarios-foram-contratados-para-trabalhar-na-unidade-400x300.jpeg 400w, https:\/\/www.padreeustaquio.com.br\/wp-content\/uploads\/2021\/08\/Vinte-funcionarios-foram-contratados-para-trabalhar-na-unidade-600x450.jpeg 600w, https:\/\/www.padreeustaquio.com.br\/wp-content\/uploads\/2021\/08\/Vinte-funcionarios-foram-contratados-para-trabalhar-na-unidade.jpeg 1280w\" sizes=\"(max-width: 1024px) 100vw, 1024px\" \/><figcaption class=\"blocks-gallery-item__caption\">Se contrataron veinte empleados para trabajar en la unidad.<\/figcaption><\/figure><\/li><li class=\"blocks-gallery-item\"><figure><img decoding=\"async\" width=\"1024\" height=\"768\" src=\"https:\/\/www.padreeustaquio.com.br\/wp-content\/uploads\/2021\/08\/Os-novos-alunos-chegam-a-nova-Creche.jpeg\" alt=\"\" data-id=\"6547\" data-full-url=\"https:\/\/www.padreeustaquio.com.br\/wp-content\/uploads\/2021\/08\/Os-novos-alunos-chegam-a-nova-Creche.jpeg\" data-link=\"https:\/\/www.padreeustaquio.com.br\/?attachment_id=6547\" class=\"wp-image-6547\" srcset=\"https:\/\/www.padreeustaquio.com.br\/wp-content\/uploads\/2021\/08\/Os-novos-alunos-chegam-a-nova-Creche.jpeg 1024w, https:\/\/www.padreeustaquio.com.br\/wp-content\/uploads\/2021\/08\/Os-novos-alunos-chegam-a-nova-Creche-300x225.jpeg 300w, https:\/\/www.padreeustaquio.com.br\/wp-content\/uploads\/2021\/08\/Os-novos-alunos-chegam-a-nova-Creche-768x576.jpeg 768w, https:\/\/www.padreeustaquio.com.br\/wp-content\/uploads\/2021\/08\/Os-novos-alunos-chegam-a-nova-Creche-180x135.jpeg 180w, https:\/\/www.padreeustaquio.com.br\/wp-content\/uploads\/2021\/08\/Os-novos-alunos-chegam-a-nova-Creche-400x300.jpeg 400w, https:\/\/www.padreeustaquio.com.br\/wp-content\/uploads\/2021\/08\/Os-novos-alunos-chegam-a-nova-Creche-600x450.jpeg 600w, https:\/\/www.padreeustaquio.com.br\/wp-content\/uploads\/2021\/08\/Os-novos-alunos-chegam-a-nova-Creche-800x600.jpeg 800w\" sizes=\"(max-width: 1024px) 100vw, 1024px\" \/><figcaption class=\"blocks-gallery-item__caption\">Los nuevos alumnos llegan a la nueva guarder\u00eda.<\/figcaption><\/figure><\/li><\/ul><\/figure>\n\n\n\n<p>La guarder\u00eda atender\u00e1 a ni\u00f1os desde preescolar hasta preescolar de 3 a\u00f1os, es decir, de cero a tres a\u00f1os. Inicialmente, debido a la pandemia y a la necesidad de distanciamiento social, la instituci\u00f3n recibir\u00e1 a 80 ni\u00f1os y ni\u00f1as, divididos en turnos: 40 por la ma\u00f1ana y 40 por la tarde. Tras la pandemia, el centro podr\u00eda albergar a aproximadamente 100 ni\u00f1os a tiempo completo.<\/p>\n\n\n\n<p>La nueva unidad, que emplear\u00e1 a 20 personas, s\u00f3lo fue posible gracias al apoyo y las donaciones de toda la comunidad y, especialmente, de los devotos del Beato Padre Eustaquio.<\/p>\n\n\n\n<p>Y seguimos necesitando tu ayuda. Haz tu donaci\u00f3n a trav\u00e9s del PIX (31) 99545-1943. O a trav\u00e9s de la cuenta:<\/p>\n\n\n\n<p>Padre Eust\u00e1quio Acci\u00f3n Social<br>CNPJ: 17.193.756\/0001-05<br>Banco Federal de Ahorros<br>Agencia: 0089<br>Operaci\u00f3n: 013<br>Cuenta de ahorros: 48.086-7<\/p>\n\n\n\n<p><\/p>","protected":false},"excerpt":{"rendered":"<p>Um sonho antigo de Padre Eust\u00e1quio colocado em pr\u00e1tica mais uma vez por meio da A\u00e7\u00e3o Social Padre Eust\u00e1quio. A partir de agora, 80 crian\u00e7as ser\u00e3o atendidas pela segunda unidade da Creche dedicada a ele. O local fica no bairro Coqueiros, tamb\u00e9m na regi\u00e3o Noroeste de Belo Horizonte. A institui\u00e7\u00e3o foi idealizada depois da tentativa de amplia\u00e7\u00e3o da unidade do Bairro Padre Eust\u00e1quio. Como a regi\u00e3o n\u00e3o havia demanda de crian\u00e7as ainda menores, veio a ideia de instalar uma segunda creche no Coqueiros, bairro que estava com uma grande defici\u00eancia de vagas. Para a implanta\u00e7\u00e3o da Unidade, a A\u00e7\u00e3o Social [&hellip;]<\/p>\n","protected":false},"author":2,"featured_media":6546,"comment_status":"open","ping_status":"closed","sticky":false,"template":"","format":"standard","meta":{"_acf_changed":false,"footnotes":""},"categories":[611],"tags":[],"class_list":["post-6545","post","type-post","status-publish","format-standard","has-post-thumbnail","hentry","category-noticias"],"acf":[],"yoast_head":"<!-- This site is optimized with the Yoast SEO plugin v27.2 - https:\/\/yoast.com\/product\/yoast-seo-wordpress\/ -->\n<title>Come\u00e7a a funcionar segunda unidade da Creche Padre Eust\u00e1quio<\/title>\n<meta name=\"description\" content=\"A partir de agora mais 80 crian\u00e7as ser\u00e3o atendidas pela Creche Padre Eust\u00e1quio. A segunda unidade fica no bairro Coqueiros, regi\u00e3o Noroeste de BH\" \/>\n<meta name=\"robots\" content=\"index, follow, max-snippet:-1, max-image-preview:large, max-video-preview:-1\" \/>\n<link rel=\"canonical\" href=\"https:\/\/www.padreeustaquio.com.br\/es\/inicia-operaciones-la-segunda-unidad-del-centro-infantil-padre-eustaquio\/\" \/>\n<meta property=\"og:locale\" content=\"es_ES\" \/>\n<meta property=\"og:type\" content=\"article\" \/>\n<meta property=\"og:title\" content=\"Come\u00e7a a funcionar segunda unidade da Creche Padre Eust\u00e1quio\" \/>\n<meta property=\"og:description\" content=\"A partir de agora mais 80 crian\u00e7as ser\u00e3o atendidas pela Creche Padre Eust\u00e1quio. A segunda unidade fica no bairro Coqueiros, regi\u00e3o Noroeste de BH\" \/>\n<meta property=\"og:url\" content=\"https:\/\/www.padreeustaquio.com.br\/es\/inicia-operaciones-la-segunda-unidad-del-centro-infantil-padre-eustaquio\/\" \/>\n<meta property=\"og:site_name\" content=\"Padre Eust\u00e1quio\" \/>\n<meta property=\"article:publisher\" content=\"https:\/\/www.facebook.com\/beatopadreeustaquio\/\" \/>\n<meta property=\"article:published_time\" content=\"2021-08-03T09:14:00+00:00\" \/>\n<meta property=\"og:image\" content=\"https:\/\/www.padreeustaquio.com.br\/wp-content\/uploads\/2021\/08\/WhatsApp-Image-2021-08-02-at-07.19.12.jpeg\" \/>\n\t<meta property=\"og:image:width\" content=\"1280\" \/>\n\t<meta property=\"og:image:height\" content=\"958\" \/>\n\t<meta property=\"og:image:type\" content=\"image\/jpeg\" \/>\n<meta name=\"author\" content=\"@sscc\" \/>\n<meta name=\"twitter:card\" content=\"summary_large_image\" \/>\n<meta name=\"twitter:creator\" content=\"@beatopeustaquio\" \/>\n<meta name=\"twitter:site\" content=\"@beatopeustaquio\" \/>\n<meta name=\"twitter:label1\" content=\"Escrito por\" \/>\n\t<meta name=\"twitter:data1\" content=\"@sscc\" \/>\n\t<meta name=\"twitter:label2\" content=\"Tiempo de lectura\" \/>\n\t<meta name=\"twitter:data2\" content=\"2 minutos\" \/>\n<script type=\"application\/ld+json\" class=\"yoast-schema-graph\">{\"@context\":\"https:\/\/schema.org\",\"@graph\":[{\"@type\":\"Article\",\"@id\":\"https:\/\/www.padreeustaquio.com.br\/comeca-a-funcionar-segunda-unidade-da-creche-padre-eustaquio\/#article\",\"isPartOf\":{\"@id\":\"https:\/\/www.padreeustaquio.com.br\/comeca-a-funcionar-segunda-unidade-da-creche-padre-eustaquio\/\"},\"author\":{\"name\":\"@sscc\",\"@id\":\"https:\/\/www.padreeustaquio.com.br\/#\/schema\/person\/a2a51db1d00f1a7af0204a0f1ddb1566\"},\"headline\":\"Come\u00e7a a funcionar segunda unidade da Creche Padre Eust\u00e1quio\",\"datePublished\":\"2021-08-03T09:14:00+00:00\",\"mainEntityOfPage\":{\"@id\":\"https:\/\/www.padreeustaquio.com.br\/comeca-a-funcionar-segunda-unidade-da-creche-padre-eustaquio\/\"},\"wordCount\":350,\"commentCount\":0,\"publisher\":{\"@id\":\"https:\/\/www.padreeustaquio.com.br\/#organization\"},\"image\":{\"@id\":\"https:\/\/www.padreeustaquio.com.br\/comeca-a-funcionar-segunda-unidade-da-creche-padre-eustaquio\/#primaryimage\"},\"thumbnailUrl\":\"https:\/\/www.padreeustaquio.com.br\/wp-content\/uploads\/2021\/08\/WhatsApp-Image-2021-08-02-at-07.19.12.jpeg\",\"articleSection\":[\"Not\u00edcias\"],\"inLanguage\":\"es\",\"potentialAction\":[{\"@type\":\"CommentAction\",\"name\":\"Comment\",\"target\":[\"https:\/\/www.padreeustaquio.com.br\/comeca-a-funcionar-segunda-unidade-da-creche-padre-eustaquio\/#respond\"]}]},{\"@type\":\"WebPage\",\"@id\":\"https:\/\/www.padreeustaquio.com.br\/comeca-a-funcionar-segunda-unidade-da-creche-padre-eustaquio\/\",\"url\":\"https:\/\/www.padreeustaquio.com.br\/comeca-a-funcionar-segunda-unidade-da-creche-padre-eustaquio\/\",\"name\":\"Come\u00e7a a funcionar segunda unidade da Creche Padre Eust\u00e1quio\",\"isPartOf\":{\"@id\":\"https:\/\/www.padreeustaquio.com.br\/#website\"},\"primaryImageOfPage\":{\"@id\":\"https:\/\/www.padreeustaquio.com.br\/comeca-a-funcionar-segunda-unidade-da-creche-padre-eustaquio\/#primaryimage\"},\"image\":{\"@id\":\"https:\/\/www.padreeustaquio.com.br\/comeca-a-funcionar-segunda-unidade-da-creche-padre-eustaquio\/#primaryimage\"},\"thumbnailUrl\":\"https:\/\/www.padreeustaquio.com.br\/wp-content\/uploads\/2021\/08\/WhatsApp-Image-2021-08-02-at-07.19.12.jpeg\",\"datePublished\":\"2021-08-03T09:14:00+00:00\",\"description\":\"A partir de agora mais 80 crian\u00e7as ser\u00e3o atendidas pela Creche Padre Eust\u00e1quio. A segunda unidade fica no bairro Coqueiros, regi\u00e3o Noroeste de BH\",\"breadcrumb\":{\"@id\":\"https:\/\/www.padreeustaquio.com.br\/comeca-a-funcionar-segunda-unidade-da-creche-padre-eustaquio\/#breadcrumb\"},\"inLanguage\":\"es\",\"potentialAction\":[{\"@type\":\"ReadAction\",\"target\":[\"https:\/\/www.padreeustaquio.com.br\/comeca-a-funcionar-segunda-unidade-da-creche-padre-eustaquio\/\"]}]},{\"@type\":\"ImageObject\",\"inLanguage\":\"es\",\"@id\":\"https:\/\/www.padreeustaquio.com.br\/comeca-a-funcionar-segunda-unidade-da-creche-padre-eustaquio\/#primaryimage\",\"url\":\"https:\/\/www.padreeustaquio.com.br\/wp-content\/uploads\/2021\/08\/WhatsApp-Image-2021-08-02-at-07.19.12.jpeg\",\"contentUrl\":\"https:\/\/www.padreeustaquio.com.br\/wp-content\/uploads\/2021\/08\/WhatsApp-Image-2021-08-02-at-07.19.12.jpeg\",\"width\":1280,\"height\":958},{\"@type\":\"BreadcrumbList\",\"@id\":\"https:\/\/www.padreeustaquio.com.br\/comeca-a-funcionar-segunda-unidade-da-creche-padre-eustaquio\/#breadcrumb\",\"itemListElement\":[{\"@type\":\"ListItem\",\"position\":1,\"name\":\"In\u00edcio\",\"item\":\"https:\/\/www.padreeustaquio.com.br\/\"},{\"@type\":\"ListItem\",\"position\":2,\"name\":\"Come\u00e7a a funcionar segunda unidade da Creche Padre Eust\u00e1quio\"}]},{\"@type\":\"WebSite\",\"@id\":\"https:\/\/www.padreeustaquio.com.br\/#website\",\"url\":\"https:\/\/www.padreeustaquio.com.br\/\",\"name\":\"Padre Eust\u00e1quio\",\"description\":\"Sa\u00fade e Paz\",\"publisher\":{\"@id\":\"https:\/\/www.padreeustaquio.com.br\/#organization\"},\"potentialAction\":[{\"@type\":\"SearchAction\",\"target\":{\"@type\":\"EntryPoint\",\"urlTemplate\":\"https:\/\/www.padreeustaquio.com.br\/?s={search_term_string}\"},\"query-input\":{\"@type\":\"PropertyValueSpecification\",\"valueRequired\":true,\"valueName\":\"search_term_string\"}}],\"inLanguage\":\"es\"},{\"@type\":\"Organization\",\"@id\":\"https:\/\/www.padreeustaquio.com.br\/#organization\",\"name\":\"Padre Eust\u00e1quio\",\"url\":\"https:\/\/www.padreeustaquio.com.br\/\",\"logo\":{\"@type\":\"ImageObject\",\"inLanguage\":\"es\",\"@id\":\"https:\/\/www.padreeustaquio.com.br\/#\/schema\/logo\/image\/\",\"url\":\"https:\/\/www.padreeustaquio.com.br\/wp-content\/uploads\/2019\/08\/marca.png\",\"contentUrl\":\"https:\/\/www.padreeustaquio.com.br\/wp-content\/uploads\/2019\/08\/marca.png\",\"width\":350,\"height\":400,\"caption\":\"Padre Eust\u00e1quio\"},\"image\":{\"@id\":\"https:\/\/www.padreeustaquio.com.br\/#\/schema\/logo\/image\/\"},\"sameAs\":[\"https:\/\/www.facebook.com\/beatopadreeustaquio\/\",\"https:\/\/x.com\/beatopeustaquio\",\"https:\/\/www.instagram.com\/beatopadreeustaquio\/\",\"https:\/\/www.youtube.com\/channel\/UCRhw7vfabnajwLxb1ZXMeIw\"]},{\"@type\":\"Person\",\"@id\":\"https:\/\/www.padreeustaquio.com.br\/#\/schema\/person\/a2a51db1d00f1a7af0204a0f1ddb1566\",\"name\":\"@sscc\",\"image\":{\"@type\":\"ImageObject\",\"inLanguage\":\"es\",\"@id\":\"https:\/\/secure.gravatar.com\/avatar\/68cfafa5f44617fea54071e215026e0ff06be366c3d54a8425f04fdcb86f8c5f?s=96&d=mm&r=g\",\"url\":\"https:\/\/secure.gravatar.com\/avatar\/68cfafa5f44617fea54071e215026e0ff06be366c3d54a8425f04fdcb86f8c5f?s=96&d=mm&r=g\",\"contentUrl\":\"https:\/\/secure.gravatar.com\/avatar\/68cfafa5f44617fea54071e215026e0ff06be366c3d54a8425f04fdcb86f8c5f?s=96&d=mm&r=g\",\"caption\":\"@sscc\"},\"url\":\"https:\/\/www.padreeustaquio.com.br\/es\/author\/sscc\/\"}]}<\/script>\n<!-- \/ Yoast SEO plugin. -->","yoast_head_json":{"title":"Inicia operaciones la segunda unidad del Centro Infantil Padre Eust\u00e1quio.","description":"A partir de ahora, 80 ni\u00f1os m\u00e1s ser\u00e1n atendidos por la Guarder\u00eda Padre Eust\u00e1quio. La segunda unidad est\u00e1 ubicada en el barrio Coqueiros, en la regi\u00f3n noroeste de Belo Horizonte.","robots":{"index":"index","follow":"follow","max-snippet":"max-snippet:-1","max-image-preview":"max-image-preview:large","max-video-preview":"max-video-preview:-1"},"canonical":"https:\/\/www.padreeustaquio.com.br\/es\/inicia-operaciones-la-segunda-unidad-del-centro-infantil-padre-eustaquio\/","og_locale":"es_ES","og_type":"article","og_title":"Come\u00e7a a funcionar segunda unidade da Creche Padre Eust\u00e1quio","og_description":"A partir de agora mais 80 crian\u00e7as ser\u00e3o atendidas pela Creche Padre Eust\u00e1quio. A segunda unidade fica no bairro Coqueiros, regi\u00e3o Noroeste de BH","og_url":"https:\/\/www.padreeustaquio.com.br\/es\/inicia-operaciones-la-segunda-unidad-del-centro-infantil-padre-eustaquio\/","og_site_name":"Padre Eust\u00e1quio","article_publisher":"https:\/\/www.facebook.com\/beatopadreeustaquio\/","article_published_time":"2021-08-03T09:14:00+00:00","og_image":[{"width":1280,"height":958,"url":"https:\/\/www.padreeustaquio.com.br\/wp-content\/uploads\/2021\/08\/WhatsApp-Image-2021-08-02-at-07.19.12.jpeg","type":"image\/jpeg"}],"author":"@sscc","twitter_card":"summary_large_image","twitter_creator":"@beatopeustaquio","twitter_site":"@beatopeustaquio","twitter_misc":{"Escrito por":"@sscc","Tiempo de lectura":"2 minutos"},"schema":{"@context":"https:\/\/schema.org","@graph":[{"@type":"Article","@id":"https:\/\/www.padreeustaquio.com.br\/comeca-a-funcionar-segunda-unidade-da-creche-padre-eustaquio\/#article","isPartOf":{"@id":"https:\/\/www.padreeustaquio.com.br\/comeca-a-funcionar-segunda-unidade-da-creche-padre-eustaquio\/"},"author":{"name":"@sscc","@id":"https:\/\/www.padreeustaquio.com.br\/#\/schema\/person\/a2a51db1d00f1a7af0204a0f1ddb1566"},"headline":"Come\u00e7a a funcionar segunda unidade da Creche Padre Eust\u00e1quio","datePublished":"2021-08-03T09:14:00+00:00","mainEntityOfPage":{"@id":"https:\/\/www.padreeustaquio.com.br\/comeca-a-funcionar-segunda-unidade-da-creche-padre-eustaquio\/"},"wordCount":350,"commentCount":0,"publisher":{"@id":"https:\/\/www.padreeustaquio.com.br\/#organization"},"image":{"@id":"https:\/\/www.padreeustaquio.com.br\/comeca-a-funcionar-segunda-unidade-da-creche-padre-eustaquio\/#primaryimage"},"thumbnailUrl":"https:\/\/www.padreeustaquio.com.br\/wp-content\/uploads\/2021\/08\/WhatsApp-Image-2021-08-02-at-07.19.12.jpeg","articleSection":["Not\u00edcias"],"inLanguage":"es","potentialAction":[{"@type":"CommentAction","name":"Comment","target":["https:\/\/www.padreeustaquio.com.br\/comeca-a-funcionar-segunda-unidade-da-creche-padre-eustaquio\/#respond"]}]},{"@type":"WebPage","@id":"https:\/\/www.padreeustaquio.com.br\/comeca-a-funcionar-segunda-unidade-da-creche-padre-eustaquio\/","url":"https:\/\/www.padreeustaquio.com.br\/comeca-a-funcionar-segunda-unidade-da-creche-padre-eustaquio\/","name":"Inicia operaciones la segunda unidad del Centro Infantil Padre Eust\u00e1quio.","isPartOf":{"@id":"https:\/\/www.padreeustaquio.com.br\/#website"},"primaryImageOfPage":{"@id":"https:\/\/www.padreeustaquio.com.br\/comeca-a-funcionar-segunda-unidade-da-creche-padre-eustaquio\/#primaryimage"},"image":{"@id":"https:\/\/www.padreeustaquio.com.br\/comeca-a-funcionar-segunda-unidade-da-creche-padre-eustaquio\/#primaryimage"},"thumbnailUrl":"https:\/\/www.padreeustaquio.com.br\/wp-content\/uploads\/2021\/08\/WhatsApp-Image-2021-08-02-at-07.19.12.jpeg","datePublished":"2021-08-03T09:14:00+00:00","description":"A partir de ahora, 80 ni\u00f1os m\u00e1s ser\u00e1n atendidos por la Guarder\u00eda Padre Eust\u00e1quio. La segunda unidad est\u00e1 ubicada en el barrio Coqueiros, en la regi\u00f3n noroeste de Belo Horizonte.","breadcrumb":{"@id":"https:\/\/www.padreeustaquio.com.br\/comeca-a-funcionar-segunda-unidade-da-creche-padre-eustaquio\/#breadcrumb"},"inLanguage":"es","potentialAction":[{"@type":"ReadAction","target":["https:\/\/www.padreeustaquio.com.br\/comeca-a-funcionar-segunda-unidade-da-creche-padre-eustaquio\/"]}]},{"@type":"ImageObject","inLanguage":"es","@id":"https:\/\/www.padreeustaquio.com.br\/comeca-a-funcionar-segunda-unidade-da-creche-padre-eustaquio\/#primaryimage","url":"https:\/\/www.padreeustaquio.com.br\/wp-content\/uploads\/2021\/08\/WhatsApp-Image-2021-08-02-at-07.19.12.jpeg","contentUrl":"https:\/\/www.padreeustaquio.com.br\/wp-content\/uploads\/2021\/08\/WhatsApp-Image-2021-08-02-at-07.19.12.jpeg","width":1280,"height":958},{"@type":"BreadcrumbList","@id":"https:\/\/www.padreeustaquio.com.br\/comeca-a-funcionar-segunda-unidade-da-creche-padre-eustaquio\/#breadcrumb","itemListElement":[{"@type":"ListItem","position":1,"name":"In\u00edcio","item":"https:\/\/www.padreeustaquio.com.br\/"},{"@type":"ListItem","position":2,"name":"Come\u00e7a a funcionar segunda unidade da Creche Padre Eust\u00e1quio"}]},{"@type":"WebSite","@id":"https:\/\/www.padreeustaquio.com.br\/#website","url":"https:\/\/www.padreeustaquio.com.br\/","name":"Padre Eustace","description":"Salud y Paz","publisher":{"@id":"https:\/\/www.padreeustaquio.com.br\/#organization"},"potentialAction":[{"@type":"SearchAction","target":{"@type":"EntryPoint","urlTemplate":"https:\/\/www.padreeustaquio.com.br\/?s={search_term_string}"},"query-input":{"@type":"PropertyValueSpecification","valueRequired":true,"valueName":"search_term_string"}}],"inLanguage":"es"},{"@type":"Organization","@id":"https:\/\/www.padreeustaquio.com.br\/#organization","name":"Padre Eustace","url":"https:\/\/www.padreeustaquio.com.br\/","logo":{"@type":"ImageObject","inLanguage":"es","@id":"https:\/\/www.padreeustaquio.com.br\/#\/schema\/logo\/image\/","url":"https:\/\/www.padreeustaquio.com.br\/wp-content\/uploads\/2019\/08\/marca.png","contentUrl":"https:\/\/www.padreeustaquio.com.br\/wp-content\/uploads\/2019\/08\/marca.png","width":350,"height":400,"caption":"Padre Eust\u00e1quio"},"image":{"@id":"https:\/\/www.padreeustaquio.com.br\/#\/schema\/logo\/image\/"},"sameAs":["https:\/\/www.facebook.com\/beatopadreeustaquio\/","https:\/\/x.com\/beatopeustaquio","https:\/\/www.instagram.com\/beatopadreeustaquio\/","https:\/\/www.youtube.com\/channel\/UCRhw7vfabnajwLxb1ZXMeIw"]},{"@type":"Person","@id":"https:\/\/www.padreeustaquio.com.br\/#\/schema\/person\/a2a51db1d00f1a7af0204a0f1ddb1566","name":"@sscc","image":{"@type":"ImageObject","inLanguage":"es","@id":"https:\/\/secure.gravatar.com\/avatar\/68cfafa5f44617fea54071e215026e0ff06be366c3d54a8425f04fdcb86f8c5f?s=96&d=mm&r=g","url":"https:\/\/secure.gravatar.com\/avatar\/68cfafa5f44617fea54071e215026e0ff06be366c3d54a8425f04fdcb86f8c5f?s=96&d=mm&r=g","contentUrl":"https:\/\/secure.gravatar.com\/avatar\/68cfafa5f44617fea54071e215026e0ff06be366c3d54a8425f04fdcb86f8c5f?s=96&d=mm&r=g","caption":"@sscc"},"url":"https:\/\/www.padreeustaquio.com.br\/es\/author\/sscc\/"}]}},"_links":{"self":[{"href":"https:\/\/www.padreeustaquio.com.br\/es\/wp-json\/wp\/v2\/posts\/6545","targetHints":{"allow":["GET"]}}],"collection":[{"href":"https:\/\/www.padreeustaquio.com.br\/es\/wp-json\/wp\/v2\/posts"}],"about":[{"href":"https:\/\/www.padreeustaquio.com.br\/es\/wp-json\/wp\/v2\/types\/post"}],"author":[{"embeddable":true,"href":"https:\/\/www.padreeustaquio.com.br\/es\/wp-json\/wp\/v2\/users\/2"}],"replies":[{"embeddable":true,"href":"https:\/\/www.padreeustaquio.com.br\/es\/wp-json\/wp\/v2\/comments?post=6545"}],"version-history":[{"count":0,"href":"https:\/\/www.padreeustaquio.com.br\/es\/wp-json\/wp\/v2\/posts\/6545\/revisions"}],"wp:featuredmedia":[{"embeddable":true,"href":"https:\/\/www.padreeustaquio.com.br\/es\/wp-json\/wp\/v2\/media\/6546"}],"wp:attachment":[{"href":"https:\/\/www.padreeustaquio.com.br\/es\/wp-json\/wp\/v2\/media?parent=6545"}],"wp:term":[{"taxonomy":"category","embeddable":true,"href":"https:\/\/www.padreeustaquio.com.br\/es\/wp-json\/wp\/v2\/categories?post=6545"},{"taxonomy":"post_tag","embeddable":true,"href":"https:\/\/www.padreeustaquio.com.br\/es\/wp-json\/wp\/v2\/tags?post=6545"}],"curies":[{"name":"wp","href":"https:\/\/api.w.org\/{rel}","templated":true}]}}