{"id":6533,"date":"2021-08-02T06:19:00","date_gmt":"2021-08-02T09:19:00","guid":{"rendered":"https:\/\/www.padreeustaquio.com.br\/?p=6533"},"modified":"2021-07-25T18:56:03","modified_gmt":"2021-07-25T21:56:03","slug":"entrevista-del-padre-lucio-sobre-el-padre-eustaquio-y-su-recuperacion","status":"publish","type":"post","link":"https:\/\/www.padreeustaquio.com.br\/es\/entrevista-del-padre-lucio-sobre-el-padre-eustaquio-y-su-recuperacion\/","title":{"rendered":"Recuperada la entrevista del padre L\u00facio sobre el padre Eust\u00e1quio."},"content":{"rendered":"<p>El equipo del Secretariado Nacional para la Canonizaci\u00f3n del Beato recuper\u00f3 una entrevista que el Padre L\u00facio Dumont Prado concedi\u00f3 al \u201cJornal de Opini\u00e3o\u201d el 2 de febrero de 2006. Se trata de un reportaje que realiz\u00f3 como cuarto vicepostulador, unos meses antes de la ceremonia de beatificaci\u00f3n del sacerdote holand\u00e9s.<\/p>\n\n\n\n<p>La entrevista ofrece detalles de la vida y del ministerio del Beato, pero principalmente sobre su Beatificaci\u00f3n, as\u00ed como su importancia para la Congregaci\u00f3n de los Sagrados Corazones y para el pueblo brasile\u00f1o.<\/p>\n\n\n\n<p>La elevaci\u00f3n de la iglesia a santuario tambi\u00e9n fue uno de los temas tratados. En aquel entonces, el Santuario de Salud y Paz era solo un sue\u00f1o.<\/p>\n\n\n\n<p>Lea la entrevista completa a continuaci\u00f3n:<\/p>\n\n\n\n<p><strong>JO \u2013 \u00bfQui\u00e9n era el padre Eust\u00e1quio?<\/strong><br><br><strong>PADRE LUCIO<\/strong> El Padre Eustaquio fue un hombre de Dios, si lo resumimos en una sola frase. Fue misionero de la Congregaci\u00f3n de los Sagrados Corazones de Jes\u00fas y Mar\u00eda, un sacerdote cuya vida estuvo dedicada a los pobres, los excluidos, los que sufren y los enfermos, atendi\u00e9ndolos principalmente a trav\u00e9s de un don muy especial, un carisma que destac\u00f3 mucho durante su vida: el don de sanar, el don de consolar, el don de tocar corazones y convertir a las personas. El don de atraer multitudes, el don de hablar en un lenguaje sencillo y llenar el auditorio con los educados, los analfabetos, los que ten\u00edan t\u00edtulos de medicina y los que ten\u00edan conocimientos intermedios. Reuni\u00f3 a todas las clases sociales en una sola asamblea de oyentes, mediante el poder de la Palabra que proclamaba, mediante el poder de su carisma. Palabras sencillas y conocimiento profundo, pero sin una explicaci\u00f3n del razonamiento teol\u00f3gico; En resumen, un hombre de Dios, un hombre de oraci\u00f3n, un hombre con profunda comuni\u00f3n con Dios y, como acabo de decir, con una intensa comuni\u00f3n con sus hermanos y hermanas, con una gran sensibilidad hacia el sufrimiento de las personas. Como religioso de la Congregaci\u00f3n de los Sagrados Corazones, un religioso de gran fidelidad a toda la misi\u00f3n de la Congregaci\u00f3n, a toda la experiencia del carisma de la Congregaci\u00f3n, gran fidelidad a sus compromisos de Vida Religiosa, obediencia total, humildad y una entrega sin l\u00edmites, hasta el punto de ofrecer su propia vida. Podr\u00edamos extendernos mucho m\u00e1s sobre el Padre Eust\u00e1quio, pero quiz\u00e1s estos sean algunos rasgos fundamentales para definir qui\u00e9n fue.<\/p>\n\n\n\n<p><strong>JO \u2014 En estos tiempos turbulentos que vivimos, estos son ejemplos que debemos recordar y seguir con m\u00e1s frecuencia. \u00bfVivi\u00f3 exactamente lo que Cristo predic\u00f3?<\/strong><br><br><strong>PADRE LUCIO<\/strong> \u2014 Exactamente. Resumi\u00f3 su misi\u00f3n y su predicaci\u00f3n en dos palabras: \u201cSalud y Paz\u2019. \u201dSalud para sus cuerpos, paz para sus almas\u201c. El objetivo de la Congregaci\u00f3n, su misi\u00f3n, es \u201dcontemplar, vivir y proclamar el Amor Misericordioso de Dios Padre, revelado en Jesucristo, siguiendo el ejemplo de Mar\u00eda, quien vivi\u00f3 plenamente este amor revelado por Jes\u00fas\u201c. Esta Congregaci\u00f3n es una Congregaci\u00f3n centrada en una actitud misericordiosa, centrada en la persona humana, y al mismo tiempo una Congregaci\u00f3n centrada en la Eucarist\u00eda, con el compromiso de vivir la Eucarist\u00eda y llevar a las personas a experimentar intensamente el misterio eucar\u00edstico, con dedicaci\u00f3n y afecto especial por la Adoraci\u00f3n de Jes\u00fas en la Eucarist\u00eda. Otro ejemplo, junto con el Padre Eustace, es el Padre Dami\u00e1n de Molokai, quien muri\u00f3 leproso con los leprosos en la isla de Molokai. Son dos ejemplos, con diferentes actitudes y diferentes actividades misioneras, pero ambos dedicados por completo al servicio de las personas, los excluidos, los que sufren y los enfermos.<\/p>\n\n\n\n<p><strong>JO \u2014 \u00bfC\u00f3mo fue la confirmaci\u00f3n de la Beatificaci\u00f3n para la Congregaci\u00f3n?<\/strong><br><br><strong>PADRE LUCIO<\/strong> En primer lugar, se alegr\u00f3 much\u00edsimo porque, hace poco, el Padre Dami\u00e1n de Molokai, Dami\u00e1n de Veuster, fue beatificado en 1995. Se alegr\u00f3 much\u00edsimo de la beatificaci\u00f3n de otro de sus hijos, uno de nuestros hermanos. Considerando y profundizando en la Congregaci\u00f3n de la siguiente manera: el mismo Dios que la suscit\u00f3 en 1800 en la Iglesia, en la sociedad humana, para revelar su misericordia, para revelar el esp\u00edritu de familia, para que los hermanos y hermanas \u2014porque somos una Congregaci\u00f3n de hermanos y hermanas\u2014 pudieran experimentar el esp\u00edritu de familia, la Congregaci\u00f3n, ante la beatificaci\u00f3n tanto del Padre Dami\u00e1n como del Padre Eustaquio, confirma que este carisma est\u00e1 siendo afirmado por Dios como camino de perfecci\u00f3n en la vida cristiana. En otras palabras, lo que la Congregaci\u00f3n se propone vivir, su estilo de vida, su propuesta de vida, su misi\u00f3n com\u00fan, son circunstancias propicias para que los hombres y mujeres que pertenecen a esta Congregaci\u00f3n alcancen su plenitud humana, como hombres y mujeres. Su realizaci\u00f3n cristiana, su profunda comuni\u00f3n con Dios. Se considera una confirmaci\u00f3n del carisma recibido.<\/p>\n\n\n\n<p><strong>JO \u2014 El Padre Eust\u00e1quio no naci\u00f3 en Brasil, pero pas\u00f3 gran parte de su vida aqu\u00ed. Para Brasil, \u00bfcu\u00e1l es la importancia de esta beatificaci\u00f3n?<\/strong><br><br><strong>PADRE LUCIO<\/strong> La gran importancia recae en toda la Iglesia, con mayor motivaci\u00f3n a\u00fan por celebrarse aqu\u00ed en Brasil. Es importante mostrar a todos c\u00f3mo se puede alcanzar la plenitud humana mediante la solidaridad, el celo por la justicia, la comuni\u00f3n fraterna, la dedicaci\u00f3n a los menos afortunados, una comuni\u00f3n sencilla y profunda con Dios, una vida de oraci\u00f3n sencilla y profunda, una vida dedicada por completo a la Eucarist\u00eda. En otras palabras, y resumiendo, ser hombre, ser mujer, ser cristiano y ser santo son un camino hacia Cristo, un camino en el que cada paso es un paso hacia Jes\u00fas. Ser hombre, ser mujer, lo lograremos en comuni\u00f3n con Cristo, en comuni\u00f3n con Cristo, el Se\u00f1or, y con nuestros hermanos y hermanas de la humanidad. En comuni\u00f3n, en armon\u00eda, con toda la naturaleza, con toda la creaci\u00f3n, con todo el cosmos, con nuestra tierra. Por lo tanto, la importancia del Padre Eustaquio es profunda para todo ser humano. Y por haber vivido aqu\u00ed en Brasil, despierta en nosotros, a trav\u00e9s de una compasi\u00f3n natural, con mayor fuerza, este deseo de acercarnos a Dios y tambi\u00e9n de dedicarnos a la sociedad y a todas las personas. Por eso, dir\u00eda que es importante ser un modelo, una inspiraci\u00f3n y tambi\u00e9n un intercesor. En general, la gente lo busca mucho como intercesor, alguien que, junto con Dios, presenta nuestras peticiones porque necesitamos ayuda. Pero al beatificar al Padre Eust\u00e1quio, al Padre Dami\u00e3o o a otro santo o santa, la Iglesia presenta un modelo de vida, animando a los cristianos a caminar seg\u00fan el Evangelio, a vivir seg\u00fan el Evangelio.<\/p>\n\n\n\n<p><strong>OP \u2014 Diste una definici\u00f3n de lo que significa ser santo\u2026<\/strong><br><br><strong>PADRE LUCIO<\/strong> \u2014En cierto modo. Dir\u00eda que es un intento de descripci\u00f3n, un intento de explicarlo un poco. En otras palabras, verdaderamente santo es quien ha logrado ser plenamente hombre, plenamente mujer. Para ser plenamente hombre y plenamente mujer, debemos alcanzar nuestra armon\u00eda interior. Debemos vivir. Debemos cuidar nuestra salud f\u00edsica. Somos un todo. Debemos tener una vida emocional sana, capacidad para relacionarnos con los dem\u00e1s, capacidad para amar y ser amados. Debemos integrar en esta vida el desarrollo de nuestra capacidad intelectual, de criterio, de juicio, de comprensi\u00f3n. Debemos desarrollar e integrar la capacidad de elecci\u00f3n, de tomar actitudes, de tomar decisiones, de intervenir en la historia, de colaborar en la direcci\u00f3n positiva de la historia, y tambi\u00e9n integrar nuestra capacidad de comuni\u00f3n con lo trascendente, con Dios, lo que generalmente llamamos vida espiritual, aunque todo es un todo. As\u00ed pues, los hombres y mujeres que logran esta integraci\u00f3n personal, con los dem\u00e1s, con la naturaleza y con Dios, son felices y santos. Cristo revel\u00f3 qui\u00e9n es Dios siendo hombre. Cada persona que logra ser hombre, cada persona que logra ser mujer, plenamente, revela a Dios. Por lo tanto, necesitamos ser vivificados, iluminados, guiados y tambi\u00e9n movidos por el Esp\u00edritu de Jes\u00fas, el Esp\u00edritu que lo gui\u00f3 al desierto, el Esp\u00edritu que lo gui\u00f3 a predicar la Palabra, el Esp\u00edritu que obr\u00f3 en los signos y gestos de Jes\u00fas, que llamamos milagros. Este mismo Esp\u00edritu, que Jes\u00fas dio a la humanidad en el momento de su muerte, es el Esp\u00edritu Santo, quien nos capacitar\u00e1, hombres y mujeres, mediante esta integraci\u00f3n de nuestra persona y mediante nuestra comuni\u00f3n con Dios y la plena integraci\u00f3n con toda la naturaleza. As\u00ed pues, ser santo es ser hombre, mujer, ser pac\u00edfico, ser luchador, estar comprometido con la historia, ser feliz. No es seguir un camino de excentricidad, un camino extra\u00f1o y diferente de la humanidad. Es ser plenamente hombre y mujer.<\/p>\n\n\n\n<p><strong>OP \u2014 \u00bfPor qu\u00e9 la beatificaci\u00f3n se celebra en Belo Horizonte? Hasta ahora, solo se celebraba en Roma, \u00bfno?<\/strong><br><br><strong>PADRE LUCIO <\/strong>Antes de Juan Pablo II, por citar los \u00faltimos siglos, las beatificaciones se llevaban a cabo en las di\u00f3cesis, y la canonizaci\u00f3n la realizaba directamente el Santo Padre, el Papa. Juan Pablo II, con una intenci\u00f3n misionera y un deseo de conectar con el pueblo, dese\u00f3 y celebr\u00f3 personalmente la mayor\u00eda, o casi todas, las beatificaciones y canonizaciones. Benedicto XVI retom\u00f3 la costumbre anterior, seg\u00fan la cual la beatificaci\u00f3n se celebraba generalmente en el lugar donde viv\u00eda el candidato a la santidad, donde se llev\u00f3 a cabo el proceso de beatificaci\u00f3n, y un delegado pontificio, un delegado del Papa, acud\u00eda a esa di\u00f3cesis, o el propio obispo pod\u00eda ser delegado, y oficiaba la ceremonia de beatificaci\u00f3n. El Santo Padre se reserva, pero tambi\u00e9n puede delegar, la canonizaci\u00f3n, que es el punto culminante de todo este proceso. Cabe destacar tambi\u00e9n que la beatificaci\u00f3n, aunque sea una celebraci\u00f3n presidida por un delegado pontificio, es un acto papal, un acto de responsabilidad y atribuci\u00f3n del Sumo Pont\u00edfice. \u00c9l es quien tiene la responsabilidad \u00faltima; el delegado actuar\u00e1 y hablar\u00e1 en su nombre.<\/p>\n\n\n\n<p><strong>OP \u2014 Entonces, partiendo de este principio del trabajo misionero, para estar m\u00e1s cerca de los fieles, \u00bfla beatificaci\u00f3n se realizar\u00e1 aqu\u00ed?<\/strong><br><br><strong>PADRE LUCIO <\/strong>Adem\u00e1s, dado que la beatificaci\u00f3n tiene un car\u00e1cter m\u00e1s bien indultual, es decir, la Iglesia, tras reconocer las virtudes heroicas de un candidato a la beatificaci\u00f3n, al declararlo beato, le concede un indulto. Es como permitir, principalmente en una regi\u00f3n m\u00e1s restringida, el culto p\u00fablico a esa persona. Est\u00e1 permitido para toda la Iglesia, pero se dirige principalmente a los lugares donde se conoce a dicha persona. Al canonizar a alguien, la Iglesia hace una declaraci\u00f3n m\u00e1s definitiva; determina que toda la Iglesia reconoce como santo \u2014digamos, entre comillas, &quot;obligatoriamente&quot;\u2014 y lo incluye en el calendario eclesi\u00e1stico. Por lo tanto, la beatificaci\u00f3n tiene un car\u00e1cter de concesi\u00f3n, un car\u00e1cter de indulto, de permiso para toda la Iglesia, pero principalmente para un territorio espec\u00edfico. La canonizaci\u00f3n tiene un car\u00e1cter definitivo para toda la Iglesia, la Iglesia universal.<\/p>\n\n\n\n<p><strong>OP \u2014 Dijiste que los ritos de beatificaci\u00f3n ser\u00edan un momento poderoso de evangelizaci\u00f3n. \u00bfPodr\u00edas explicarlo un poco m\u00e1s?<\/strong><br><br><strong>PADRE LUCIO<\/strong> Lo que queremos decir con esto es que no debemos centrarnos solo en el aspecto externo de una celebraci\u00f3n, que en s\u00ed mismo tiene profundidad, un car\u00e1cter profundo, sino que la gente no debe centrarse solo en el aspecto eterno de la celebraci\u00f3n, no debe esperar solo gracias, favores y milagros, sino que la Iglesia debe aprovechar este momento para comprender lo que Dios quiere decir a su pueblo, presentando a tal persona, con tal carisma, en este momento hist\u00f3rico. \u00bfQu\u00e9 mensaje transmite Dios? \u00bfQu\u00e9 invitaci\u00f3n hace Dios a las personas a un cambio de vida y un nuevo comportamiento? Una congregaci\u00f3n religiosa, por ejemplo, la Congregaci\u00f3n del Padre Eustaquio, de los Sagrados Corazones, ya est\u00e1 interpretando esto. Dios confirma que este camino a la santidad, propuesto por la Congregaci\u00f3n, es un camino v\u00e1lido, porque dos ya han sido beatificados siguiendo este camino, y otros vendr\u00e1n. Es un estilo de vida, reconocido y aprobado por Dios. Nos sentimos, pues, m\u00e1s seguros en la Congregaci\u00f3n que Dios ha suscitado en la Iglesia, con una misi\u00f3n decidida y sabiendo que dedicar nuestras vidas enteramente a esta perspectiva de contemplar, vivir y proclamar el Amor misericordioso de Dios, vivir con esp\u00edritu de familia, vivir una vida de intensa entrega a nuestros hermanos y hermanas, especialmente a los excluidos, tener una vida centrada en la Eucarist\u00eda, tener una vida de verdaderos adoradores en esp\u00edritu y en verdad, es un camino en el que uno puede ser verdaderamente hombre, uno puede ser verdaderamente mujer. Uno no se sentir\u00e1 frustrado al final del camino. Uno alcanzar\u00e1 la plenitud de su objetivo por la fuerza de Dios, por la acci\u00f3n del Esp\u00edritu Santo, por la comuni\u00f3n fraterna, por la comuni\u00f3n eclesial, por la dedicaci\u00f3n a la sociedad y a la historia en general. Se pueden hacer otras lecturas, entonces; evangelizar, en este momento, es buscar despertar, iluminar y dar a conocer la figura de Jesucristo a todas las personas. Se trata de revivir la figura y la presencia de Cristo en la historia, en la Iglesia y en la sociedad, lo que llevar\u00e1 a las personas a acercarse a Cristo. La sensaci\u00f3n de entrar en comuni\u00f3n con Cristo. Se sentir\u00e1n estimulados, volver\u00e1n a ayudar, a ser solidarios. Se sentir\u00e1n animados a luchar por la transformaci\u00f3n social, por una mejora en la sociedad. Todo esto se despertar\u00e1, sin duda, y la fuerza misma del carisma del Padre Eustaquio impulsar\u00e1 a las personas a una nueva actitud ante la vida. Es muy interesante observar que existen innumerables fen\u00f3menos de curaciones, gracias recibidas y beneficios. Cada d\u00eda escuchamos a m\u00e1s personas revelar, incluso hoy en d\u00eda, haber recibido bendiciones y gracias a trav\u00e9s del Padre Eustaquio. Pero lo m\u00e1s curioso es que, en la trayectoria del Padre Eustaquio, lo m\u00e1s impactante fue que las personas cambiaron sus vidas, se convirtieron. Quien se acercaba a \u00e9l y hablaba un poco, se confesaba o recib\u00eda una bendici\u00f3n, cambiaba su vida. Una fuerza impresionante irradiaba del Padre Eustaquio. Quienes viven hoy, fueron contempor\u00e1neos del Padre Eustaquio y lo conocieron, afirman un\u00e1nimemente que fue una figura imponente, un pacificador, alguien que inspir\u00f3 a las personas a querer ser mejores. Por lo tanto, esta es la propuesta que queremos hacer como preparaci\u00f3n para la Beatificaci\u00f3n. Esto es lo que pedimos a Dios: que esta influencia se sienta en los corazones de las personas. Hay un gran valor en la celebraci\u00f3n, pero hay una diferencia en esta dimensi\u00f3n de conmover el coraz\u00f3n, de motivar una nueva vida, de transformaci\u00f3n y compromiso con la historia, con la sociedad, con la Iglesia, con nuestros hermanos y hermanas, y con nuestros propios corazones, para tener una nueva vida. Cuando hablamos de un momento poderoso para la Evangelizaci\u00f3n, entendimos exactamente esto.<\/p>\n\n\n\n<p><strong>OP \u2014 Dom Walmor habl\u00f3 sobre la posibilidad de elevar la parroquia a santuario. Si esto sucede, el espacio ser\u00e1 demasiado peque\u00f1o para tanta gente.<\/strong>?<br><br><strong>PADRE LUCIO<\/strong> Es seguro que habr\u00e1 una gran afluencia de gente. Con esta afirmaci\u00f3n, no queremos decir que ese sea el objetivo. Pero partimos de otra perspectiva: sabiendo ya que mucha gente vendr\u00e1 de lejos, muchos motivados por el deseo de recibir una gracia del Padre Eust\u00e1quio, otros atra\u00eddos por su carisma, otros por las noticias; anticipando que habr\u00e1 una afluencia de personas de todas partes, de otras ciudades, de otros estados, dentro de un tiempo, de todo Brasil, este lugar, que actualmente cuenta con una iglesia parroquial, ser\u00e1 un espacio de acogida para una actitud de fe y tambi\u00e9n debe ser una acogida con un prop\u00f3sito evangelizador. Presentar a Jesucristo, presentar a la Iglesia, presentar una propuesta de vida; por lo tanto, el espectro es mucho m\u00e1s amplio que un territorio parroquial. Este lugar, este templo, como Santuario, debe tener una estructura para administrar los sacramentos, predicar la Palabra, brindar orientaci\u00f3n personal y atender las peticiones de bendiciones, lo cual trasciende por completo el aspecto parroquial. Por lo tanto, el servicio ser\u00e1 diferente porque atenderemos a una multitud muy numerosa, una multitud que vendr\u00e1 como peregrinos, peregrinos que vienen de lejos, con una fe muy firme. Nadie har\u00e1 un largo viaje solo para estar aqu\u00ed. Puede que algunos vengan por curiosidad, pero la gran mayor\u00eda son personas que har\u00e1n el sacrificio de un largo viaje porque consideran importante tener cercan\u00eda con esta figura que Dios puso aqu\u00ed, el Padre Eustaquio. Y ahora, Dios lo coloca aqu\u00ed de nuevo, en una condici\u00f3n mucho m\u00e1s profunda, mucho m\u00e1s amplia, y con un poder mucho mayor para tocar corazones. Esa expectativa de encontrar algo que nos acerque a Dios se cumplir\u00e1. Todos se sentir\u00e1n profundamente tocados por Dios. Nadie regresar\u00e1 de aqu\u00ed decepcionado.<\/p>\n\n\n\n<p><strong>O&#039;P \u2014 La parroquia ya recibe mucha gente en el \u201cD\u00eda del Padre Eustaquio\u201d \u2013 30 de agosto.<\/strong><br><br><strong>PADRE LUCIO \u2013<\/strong> En el &quot;D\u00eda del Padre Eustaquio&quot;, estimamos que entre 15.000 y 20.000 personas de diversas ciudades pasan por aqu\u00ed. Y a lo largo del a\u00f1o, en la misa, tenemos un porcentaje \u2014no me atrever\u00eda a decir cu\u00e1nto\u2014 pero un buen porcentaje de personas que vienen de muchos otros lugares, motivadas por el Padre Eustaquio. No abandonan sus comunidades ni parroquias, pero de vez en cuando vienen aqu\u00ed. Es esa motivaci\u00f3n, ese sentimiento de acercarse al Padre Eustaquio y experimentar la fuerza del carisma que Dios puso en la humanidad a trav\u00e9s del Padre Eustaquio. Esto siempre es v\u00e1lido, y el carisma no muere. La persona deja su cuerpo aqu\u00ed, y la fuerza del carisma permanece, porque es Dios quien beneficia a su pueblo sufriente a trav\u00e9s de este carisma, que consiste en una fuerza especial de Dios para animar, consolar, despertar la esperanza y fortalecer a la gente en su camino, en la lucha diaria, porque Dios quiere que su pueblo sea feliz.<\/p>","protected":false},"excerpt":{"rendered":"<p>Uma entrevista que Padre L\u00facio Dumont Prado concedeu no dia 02 de fevereiro de 2006 ao \u201cJornal de Opini\u00e3o\u201d, foi recuperada pela equipe do Secretariado Nacional de Canoniza\u00e7\u00e3o do Beato. Trata-se de uma reportagem feita como o quarto vice-postulador, poucos meses antes da Cerim\u00f4nia de Beatifica\u00e7\u00e3o do padre holand\u00eas. A entrevista traz detalhes da vida e do minist\u00e9rio do Bem-aventurado mas, principalmente, a Beatifica\u00e7\u00e3o dele, bem como a import\u00e2ncia disso para a Congrega\u00e7\u00e3o dos Sagrados Cora\u00e7\u00f5es e para o povo brasileiro. A eleva\u00e7\u00e3o da Igreja para Santu\u00e1rio tamb\u00e9m foi um dos temas abordados. Na \u00e9poca, o Santu\u00e1rio Sa\u00fade e Paz [&hellip;]<\/p>\n","protected":false},"author":2,"featured_media":6536,"comment_status":"open","ping_status":"closed","sticky":false,"template":"","format":"standard","meta":{"_acf_changed":false,"footnotes":""},"categories":[611],"tags":[],"class_list":["post-6533","post","type-post","status-publish","format-standard","has-post-thumbnail","hentry","category-noticias"],"acf":[],"yoast_head":"<!-- This site is optimized with the Yoast SEO plugin v27.2 - https:\/\/yoast.com\/product\/yoast-seo-wordpress\/ -->\n<title>Entrevista de Padre L\u00facio sobre Padre Eust\u00e1quio \u00e9 recuperada<\/title>\n<meta name=\"description\" content=\"A entrevista traz detalhes da vida e do minist\u00e9rio do Bem-aventurado mas, principalmente, a Beatifica\u00e7\u00e3o e a import\u00e2ncia disso para a Congrega\u00e7\u00e3o dos Sagrados Cora\u00e7\u00f5es e para o povo brasileiro.\" \/>\n<meta name=\"robots\" content=\"index, follow, max-snippet:-1, max-image-preview:large, max-video-preview:-1\" \/>\n<link rel=\"canonical\" href=\"https:\/\/www.padreeustaquio.com.br\/es\/entrevista-del-padre-lucio-sobre-el-padre-eustaquio-y-su-recuperacion\/\" \/>\n<meta property=\"og:locale\" content=\"es_ES\" \/>\n<meta property=\"og:type\" content=\"article\" \/>\n<meta property=\"og:title\" content=\"Entrevista de Padre L\u00facio sobre Padre Eust\u00e1quio \u00e9 recuperada\" \/>\n<meta property=\"og:description\" content=\"A entrevista traz detalhes da vida e do minist\u00e9rio do Bem-aventurado mas, principalmente, a Beatifica\u00e7\u00e3o e a import\u00e2ncia disso para a Congrega\u00e7\u00e3o dos Sagrados Cora\u00e7\u00f5es e para o povo brasileiro.\" \/>\n<meta property=\"og:url\" content=\"https:\/\/www.padreeustaquio.com.br\/es\/entrevista-del-padre-lucio-sobre-el-padre-eustaquio-y-su-recuperacion\/\" \/>\n<meta property=\"og:site_name\" content=\"Padre Eust\u00e1quio\" \/>\n<meta property=\"article:publisher\" content=\"https:\/\/www.facebook.com\/beatopadreeustaquio\/\" \/>\n<meta property=\"article:published_time\" content=\"2021-08-02T09:19:00+00:00\" \/>\n<meta property=\"og:image\" content=\"https:\/\/www.padreeustaquio.com.br\/wp-content\/uploads\/2021\/08\/Padre-Lucio-entrevista-jornal-de-opiniao-arquidiocese-belo-horizonte-bh-rede-catedral-de-comunicacao-e1627250136695.jpeg\" \/>\n\t<meta property=\"og:image:width\" content=\"1174\" \/>\n\t<meta property=\"og:image:height\" content=\"562\" \/>\n\t<meta property=\"og:image:type\" content=\"image\/jpeg\" \/>\n<meta name=\"author\" content=\"@sscc\" \/>\n<meta name=\"twitter:card\" content=\"summary_large_image\" \/>\n<meta name=\"twitter:creator\" content=\"@beatopeustaquio\" \/>\n<meta name=\"twitter:site\" content=\"@beatopeustaquio\" \/>\n<meta name=\"twitter:label1\" content=\"Escrito por\" \/>\n\t<meta name=\"twitter:data1\" content=\"@sscc\" \/>\n\t<meta name=\"twitter:label2\" content=\"Tiempo de lectura\" \/>\n\t<meta name=\"twitter:data2\" content=\"13 minutos\" \/>\n<script type=\"application\/ld+json\" class=\"yoast-schema-graph\">{\"@context\":\"https:\/\/schema.org\",\"@graph\":[{\"@type\":\"Article\",\"@id\":\"https:\/\/www.padreeustaquio.com.br\/entrevista-de-padre-lucio-sobre-padre-eustaquio-e-recuperada\/#article\",\"isPartOf\":{\"@id\":\"https:\/\/www.padreeustaquio.com.br\/entrevista-de-padre-lucio-sobre-padre-eustaquio-e-recuperada\/\"},\"author\":{\"name\":\"@sscc\",\"@id\":\"https:\/\/www.padreeustaquio.com.br\/#\/schema\/person\/a2a51db1d00f1a7af0204a0f1ddb1566\"},\"headline\":\"Entrevista de Padre L\u00facio sobre Padre Eust\u00e1quio \u00e9 recuperada\",\"datePublished\":\"2021-08-02T09:19:00+00:00\",\"mainEntityOfPage\":{\"@id\":\"https:\/\/www.padreeustaquio.com.br\/entrevista-de-padre-lucio-sobre-padre-eustaquio-e-recuperada\/\"},\"wordCount\":3272,\"commentCount\":0,\"publisher\":{\"@id\":\"https:\/\/www.padreeustaquio.com.br\/#organization\"},\"image\":{\"@id\":\"https:\/\/www.padreeustaquio.com.br\/entrevista-de-padre-lucio-sobre-padre-eustaquio-e-recuperada\/#primaryimage\"},\"thumbnailUrl\":\"https:\/\/www.padreeustaquio.com.br\/wp-content\/uploads\/2021\/08\/Padre-Lucio-entrevista-jornal-de-opiniao-arquidiocese-belo-horizonte-bh-rede-catedral-de-comunicacao-e1627250136695.jpeg\",\"articleSection\":[\"Not\u00edcias\"],\"inLanguage\":\"es\",\"potentialAction\":[{\"@type\":\"CommentAction\",\"name\":\"Comment\",\"target\":[\"https:\/\/www.padreeustaquio.com.br\/entrevista-de-padre-lucio-sobre-padre-eustaquio-e-recuperada\/#respond\"]}]},{\"@type\":\"WebPage\",\"@id\":\"https:\/\/www.padreeustaquio.com.br\/entrevista-de-padre-lucio-sobre-padre-eustaquio-e-recuperada\/\",\"url\":\"https:\/\/www.padreeustaquio.com.br\/entrevista-de-padre-lucio-sobre-padre-eustaquio-e-recuperada\/\",\"name\":\"Entrevista de Padre L\u00facio sobre Padre Eust\u00e1quio \u00e9 recuperada\",\"isPartOf\":{\"@id\":\"https:\/\/www.padreeustaquio.com.br\/#website\"},\"primaryImageOfPage\":{\"@id\":\"https:\/\/www.padreeustaquio.com.br\/entrevista-de-padre-lucio-sobre-padre-eustaquio-e-recuperada\/#primaryimage\"},\"image\":{\"@id\":\"https:\/\/www.padreeustaquio.com.br\/entrevista-de-padre-lucio-sobre-padre-eustaquio-e-recuperada\/#primaryimage\"},\"thumbnailUrl\":\"https:\/\/www.padreeustaquio.com.br\/wp-content\/uploads\/2021\/08\/Padre-Lucio-entrevista-jornal-de-opiniao-arquidiocese-belo-horizonte-bh-rede-catedral-de-comunicacao-e1627250136695.jpeg\",\"datePublished\":\"2021-08-02T09:19:00+00:00\",\"description\":\"A entrevista traz detalhes da vida e do minist\u00e9rio do Bem-aventurado mas, principalmente, a Beatifica\u00e7\u00e3o e a import\u00e2ncia disso para a Congrega\u00e7\u00e3o dos Sagrados Cora\u00e7\u00f5es e para o povo brasileiro.\",\"breadcrumb\":{\"@id\":\"https:\/\/www.padreeustaquio.com.br\/entrevista-de-padre-lucio-sobre-padre-eustaquio-e-recuperada\/#breadcrumb\"},\"inLanguage\":\"es\",\"potentialAction\":[{\"@type\":\"ReadAction\",\"target\":[\"https:\/\/www.padreeustaquio.com.br\/entrevista-de-padre-lucio-sobre-padre-eustaquio-e-recuperada\/\"]}]},{\"@type\":\"ImageObject\",\"inLanguage\":\"es\",\"@id\":\"https:\/\/www.padreeustaquio.com.br\/entrevista-de-padre-lucio-sobre-padre-eustaquio-e-recuperada\/#primaryimage\",\"url\":\"https:\/\/www.padreeustaquio.com.br\/wp-content\/uploads\/2021\/08\/Padre-Lucio-entrevista-jornal-de-opiniao-arquidiocese-belo-horizonte-bh-rede-catedral-de-comunicacao-e1627250136695.jpeg\",\"contentUrl\":\"https:\/\/www.padreeustaquio.com.br\/wp-content\/uploads\/2021\/08\/Padre-Lucio-entrevista-jornal-de-opiniao-arquidiocese-belo-horizonte-bh-rede-catedral-de-comunicacao-e1627250136695.jpeg\",\"width\":1174,\"height\":562},{\"@type\":\"BreadcrumbList\",\"@id\":\"https:\/\/www.padreeustaquio.com.br\/entrevista-de-padre-lucio-sobre-padre-eustaquio-e-recuperada\/#breadcrumb\",\"itemListElement\":[{\"@type\":\"ListItem\",\"position\":1,\"name\":\"In\u00edcio\",\"item\":\"https:\/\/www.padreeustaquio.com.br\/\"},{\"@type\":\"ListItem\",\"position\":2,\"name\":\"Entrevista de Padre L\u00facio sobre Padre Eust\u00e1quio \u00e9 recuperada\"}]},{\"@type\":\"WebSite\",\"@id\":\"https:\/\/www.padreeustaquio.com.br\/#website\",\"url\":\"https:\/\/www.padreeustaquio.com.br\/\",\"name\":\"Padre Eust\u00e1quio\",\"description\":\"Sa\u00fade e Paz\",\"publisher\":{\"@id\":\"https:\/\/www.padreeustaquio.com.br\/#organization\"},\"potentialAction\":[{\"@type\":\"SearchAction\",\"target\":{\"@type\":\"EntryPoint\",\"urlTemplate\":\"https:\/\/www.padreeustaquio.com.br\/?s={search_term_string}\"},\"query-input\":{\"@type\":\"PropertyValueSpecification\",\"valueRequired\":true,\"valueName\":\"search_term_string\"}}],\"inLanguage\":\"es\"},{\"@type\":\"Organization\",\"@id\":\"https:\/\/www.padreeustaquio.com.br\/#organization\",\"name\":\"Padre Eust\u00e1quio\",\"url\":\"https:\/\/www.padreeustaquio.com.br\/\",\"logo\":{\"@type\":\"ImageObject\",\"inLanguage\":\"es\",\"@id\":\"https:\/\/www.padreeustaquio.com.br\/#\/schema\/logo\/image\/\",\"url\":\"https:\/\/www.padreeustaquio.com.br\/wp-content\/uploads\/2019\/08\/marca.png\",\"contentUrl\":\"https:\/\/www.padreeustaquio.com.br\/wp-content\/uploads\/2019\/08\/marca.png\",\"width\":350,\"height\":400,\"caption\":\"Padre Eust\u00e1quio\"},\"image\":{\"@id\":\"https:\/\/www.padreeustaquio.com.br\/#\/schema\/logo\/image\/\"},\"sameAs\":[\"https:\/\/www.facebook.com\/beatopadreeustaquio\/\",\"https:\/\/x.com\/beatopeustaquio\",\"https:\/\/www.instagram.com\/beatopadreeustaquio\/\",\"https:\/\/www.youtube.com\/channel\/UCRhw7vfabnajwLxb1ZXMeIw\"]},{\"@type\":\"Person\",\"@id\":\"https:\/\/www.padreeustaquio.com.br\/#\/schema\/person\/a2a51db1d00f1a7af0204a0f1ddb1566\",\"name\":\"@sscc\",\"image\":{\"@type\":\"ImageObject\",\"inLanguage\":\"es\",\"@id\":\"https:\/\/secure.gravatar.com\/avatar\/68cfafa5f44617fea54071e215026e0ff06be366c3d54a8425f04fdcb86f8c5f?s=96&d=mm&r=g\",\"url\":\"https:\/\/secure.gravatar.com\/avatar\/68cfafa5f44617fea54071e215026e0ff06be366c3d54a8425f04fdcb86f8c5f?s=96&d=mm&r=g\",\"contentUrl\":\"https:\/\/secure.gravatar.com\/avatar\/68cfafa5f44617fea54071e215026e0ff06be366c3d54a8425f04fdcb86f8c5f?s=96&d=mm&r=g\",\"caption\":\"@sscc\"},\"url\":\"https:\/\/www.padreeustaquio.com.br\/es\/author\/sscc\/\"}]}<\/script>\n<!-- \/ Yoast SEO plugin. -->","yoast_head_json":{"title":"Recuperada la entrevista del padre L\u00facio sobre el padre Eust\u00e1quio.","description":"La entrevista ofrece detalles de la vida y del ministerio del Beato, pero principalmente aborda su Beatificaci\u00f3n y su importancia para la Congregaci\u00f3n de los Sagrados Corazones y para el pueblo brasile\u00f1o.","robots":{"index":"index","follow":"follow","max-snippet":"max-snippet:-1","max-image-preview":"max-image-preview:large","max-video-preview":"max-video-preview:-1"},"canonical":"https:\/\/www.padreeustaquio.com.br\/es\/entrevista-del-padre-lucio-sobre-el-padre-eustaquio-y-su-recuperacion\/","og_locale":"es_ES","og_type":"article","og_title":"Entrevista de Padre L\u00facio sobre Padre Eust\u00e1quio \u00e9 recuperada","og_description":"A entrevista traz detalhes da vida e do minist\u00e9rio do Bem-aventurado mas, principalmente, a Beatifica\u00e7\u00e3o e a import\u00e2ncia disso para a Congrega\u00e7\u00e3o dos Sagrados Cora\u00e7\u00f5es e para o povo brasileiro.","og_url":"https:\/\/www.padreeustaquio.com.br\/es\/entrevista-del-padre-lucio-sobre-el-padre-eustaquio-y-su-recuperacion\/","og_site_name":"Padre Eust\u00e1quio","article_publisher":"https:\/\/www.facebook.com\/beatopadreeustaquio\/","article_published_time":"2021-08-02T09:19:00+00:00","og_image":[{"width":1174,"height":562,"url":"https:\/\/www.padreeustaquio.com.br\/wp-content\/uploads\/2021\/08\/Padre-Lucio-entrevista-jornal-de-opiniao-arquidiocese-belo-horizonte-bh-rede-catedral-de-comunicacao-e1627250136695.jpeg","type":"image\/jpeg"}],"author":"@sscc","twitter_card":"summary_large_image","twitter_creator":"@beatopeustaquio","twitter_site":"@beatopeustaquio","twitter_misc":{"Escrito por":"@sscc","Tiempo de lectura":"13 minutos"},"schema":{"@context":"https:\/\/schema.org","@graph":[{"@type":"Article","@id":"https:\/\/www.padreeustaquio.com.br\/entrevista-de-padre-lucio-sobre-padre-eustaquio-e-recuperada\/#article","isPartOf":{"@id":"https:\/\/www.padreeustaquio.com.br\/entrevista-de-padre-lucio-sobre-padre-eustaquio-e-recuperada\/"},"author":{"name":"@sscc","@id":"https:\/\/www.padreeustaquio.com.br\/#\/schema\/person\/a2a51db1d00f1a7af0204a0f1ddb1566"},"headline":"Entrevista de Padre L\u00facio sobre Padre Eust\u00e1quio \u00e9 recuperada","datePublished":"2021-08-02T09:19:00+00:00","mainEntityOfPage":{"@id":"https:\/\/www.padreeustaquio.com.br\/entrevista-de-padre-lucio-sobre-padre-eustaquio-e-recuperada\/"},"wordCount":3272,"commentCount":0,"publisher":{"@id":"https:\/\/www.padreeustaquio.com.br\/#organization"},"image":{"@id":"https:\/\/www.padreeustaquio.com.br\/entrevista-de-padre-lucio-sobre-padre-eustaquio-e-recuperada\/#primaryimage"},"thumbnailUrl":"https:\/\/www.padreeustaquio.com.br\/wp-content\/uploads\/2021\/08\/Padre-Lucio-entrevista-jornal-de-opiniao-arquidiocese-belo-horizonte-bh-rede-catedral-de-comunicacao-e1627250136695.jpeg","articleSection":["Not\u00edcias"],"inLanguage":"es","potentialAction":[{"@type":"CommentAction","name":"Comment","target":["https:\/\/www.padreeustaquio.com.br\/entrevista-de-padre-lucio-sobre-padre-eustaquio-e-recuperada\/#respond"]}]},{"@type":"WebPage","@id":"https:\/\/www.padreeustaquio.com.br\/entrevista-de-padre-lucio-sobre-padre-eustaquio-e-recuperada\/","url":"https:\/\/www.padreeustaquio.com.br\/entrevista-de-padre-lucio-sobre-padre-eustaquio-e-recuperada\/","name":"Recuperada la entrevista del padre L\u00facio sobre el padre Eust\u00e1quio.","isPartOf":{"@id":"https:\/\/www.padreeustaquio.com.br\/#website"},"primaryImageOfPage":{"@id":"https:\/\/www.padreeustaquio.com.br\/entrevista-de-padre-lucio-sobre-padre-eustaquio-e-recuperada\/#primaryimage"},"image":{"@id":"https:\/\/www.padreeustaquio.com.br\/entrevista-de-padre-lucio-sobre-padre-eustaquio-e-recuperada\/#primaryimage"},"thumbnailUrl":"https:\/\/www.padreeustaquio.com.br\/wp-content\/uploads\/2021\/08\/Padre-Lucio-entrevista-jornal-de-opiniao-arquidiocese-belo-horizonte-bh-rede-catedral-de-comunicacao-e1627250136695.jpeg","datePublished":"2021-08-02T09:19:00+00:00","description":"La entrevista ofrece detalles de la vida y del ministerio del Beato, pero principalmente aborda su Beatificaci\u00f3n y su importancia para la Congregaci\u00f3n de los Sagrados Corazones y para el pueblo brasile\u00f1o.","breadcrumb":{"@id":"https:\/\/www.padreeustaquio.com.br\/entrevista-de-padre-lucio-sobre-padre-eustaquio-e-recuperada\/#breadcrumb"},"inLanguage":"es","potentialAction":[{"@type":"ReadAction","target":["https:\/\/www.padreeustaquio.com.br\/entrevista-de-padre-lucio-sobre-padre-eustaquio-e-recuperada\/"]}]},{"@type":"ImageObject","inLanguage":"es","@id":"https:\/\/www.padreeustaquio.com.br\/entrevista-de-padre-lucio-sobre-padre-eustaquio-e-recuperada\/#primaryimage","url":"https:\/\/www.padreeustaquio.com.br\/wp-content\/uploads\/2021\/08\/Padre-Lucio-entrevista-jornal-de-opiniao-arquidiocese-belo-horizonte-bh-rede-catedral-de-comunicacao-e1627250136695.jpeg","contentUrl":"https:\/\/www.padreeustaquio.com.br\/wp-content\/uploads\/2021\/08\/Padre-Lucio-entrevista-jornal-de-opiniao-arquidiocese-belo-horizonte-bh-rede-catedral-de-comunicacao-e1627250136695.jpeg","width":1174,"height":562},{"@type":"BreadcrumbList","@id":"https:\/\/www.padreeustaquio.com.br\/entrevista-de-padre-lucio-sobre-padre-eustaquio-e-recuperada\/#breadcrumb","itemListElement":[{"@type":"ListItem","position":1,"name":"In\u00edcio","item":"https:\/\/www.padreeustaquio.com.br\/"},{"@type":"ListItem","position":2,"name":"Entrevista de Padre L\u00facio sobre Padre Eust\u00e1quio \u00e9 recuperada"}]},{"@type":"WebSite","@id":"https:\/\/www.padreeustaquio.com.br\/#website","url":"https:\/\/www.padreeustaquio.com.br\/","name":"Padre Eustace","description":"Salud y Paz","publisher":{"@id":"https:\/\/www.padreeustaquio.com.br\/#organization"},"potentialAction":[{"@type":"SearchAction","target":{"@type":"EntryPoint","urlTemplate":"https:\/\/www.padreeustaquio.com.br\/?s={search_term_string}"},"query-input":{"@type":"PropertyValueSpecification","valueRequired":true,"valueName":"search_term_string"}}],"inLanguage":"es"},{"@type":"Organization","@id":"https:\/\/www.padreeustaquio.com.br\/#organization","name":"Padre Eustace","url":"https:\/\/www.padreeustaquio.com.br\/","logo":{"@type":"ImageObject","inLanguage":"es","@id":"https:\/\/www.padreeustaquio.com.br\/#\/schema\/logo\/image\/","url":"https:\/\/www.padreeustaquio.com.br\/wp-content\/uploads\/2019\/08\/marca.png","contentUrl":"https:\/\/www.padreeustaquio.com.br\/wp-content\/uploads\/2019\/08\/marca.png","width":350,"height":400,"caption":"Padre Eust\u00e1quio"},"image":{"@id":"https:\/\/www.padreeustaquio.com.br\/#\/schema\/logo\/image\/"},"sameAs":["https:\/\/www.facebook.com\/beatopadreeustaquio\/","https:\/\/x.com\/beatopeustaquio","https:\/\/www.instagram.com\/beatopadreeustaquio\/","https:\/\/www.youtube.com\/channel\/UCRhw7vfabnajwLxb1ZXMeIw"]},{"@type":"Person","@id":"https:\/\/www.padreeustaquio.com.br\/#\/schema\/person\/a2a51db1d00f1a7af0204a0f1ddb1566","name":"@sscc","image":{"@type":"ImageObject","inLanguage":"es","@id":"https:\/\/secure.gravatar.com\/avatar\/68cfafa5f44617fea54071e215026e0ff06be366c3d54a8425f04fdcb86f8c5f?s=96&d=mm&r=g","url":"https:\/\/secure.gravatar.com\/avatar\/68cfafa5f44617fea54071e215026e0ff06be366c3d54a8425f04fdcb86f8c5f?s=96&d=mm&r=g","contentUrl":"https:\/\/secure.gravatar.com\/avatar\/68cfafa5f44617fea54071e215026e0ff06be366c3d54a8425f04fdcb86f8c5f?s=96&d=mm&r=g","caption":"@sscc"},"url":"https:\/\/www.padreeustaquio.com.br\/es\/author\/sscc\/"}]}},"_links":{"self":[{"href":"https:\/\/www.padreeustaquio.com.br\/es\/wp-json\/wp\/v2\/posts\/6533","targetHints":{"allow":["GET"]}}],"collection":[{"href":"https:\/\/www.padreeustaquio.com.br\/es\/wp-json\/wp\/v2\/posts"}],"about":[{"href":"https:\/\/www.padreeustaquio.com.br\/es\/wp-json\/wp\/v2\/types\/post"}],"author":[{"embeddable":true,"href":"https:\/\/www.padreeustaquio.com.br\/es\/wp-json\/wp\/v2\/users\/2"}],"replies":[{"embeddable":true,"href":"https:\/\/www.padreeustaquio.com.br\/es\/wp-json\/wp\/v2\/comments?post=6533"}],"version-history":[{"count":0,"href":"https:\/\/www.padreeustaquio.com.br\/es\/wp-json\/wp\/v2\/posts\/6533\/revisions"}],"wp:featuredmedia":[{"embeddable":true,"href":"https:\/\/www.padreeustaquio.com.br\/es\/wp-json\/wp\/v2\/media\/6536"}],"wp:attachment":[{"href":"https:\/\/www.padreeustaquio.com.br\/es\/wp-json\/wp\/v2\/media?parent=6533"}],"wp:term":[{"taxonomy":"category","embeddable":true,"href":"https:\/\/www.padreeustaquio.com.br\/es\/wp-json\/wp\/v2\/categories?post=6533"},{"taxonomy":"post_tag","embeddable":true,"href":"https:\/\/www.padreeustaquio.com.br\/es\/wp-json\/wp\/v2\/tags?post=6533"}],"curies":[{"name":"wp","href":"https:\/\/api.w.org\/{rel}","templated":true}]}}