{"id":6395,"date":"2021-07-15T06:14:00","date_gmt":"2021-07-15T09:14:00","guid":{"rendered":"https:\/\/www.padreeustaquio.com.br\/?p=6395"},"modified":"2021-07-09T19:48:05","modified_gmt":"2021-07-09T22:48:05","slug":"el-poder-de-la-oracion-en-las-palabras-del-padre-eustace","status":"publish","type":"post","link":"https:\/\/www.padreeustaquio.com.br\/es\/el-poder-de-la-oracion-en-las-palabras-del-padre-eustace\/","title":{"rendered":"\u201c&quot;El poder de la oraci\u00f3n&quot; en palabras del Padre Eustace"},"content":{"rendered":"<p>A trav\u00e9s de la oraci\u00f3n podemos hablar con Dios, y \u00c9l sale a nuestro encuentro para escuchar nuestras s\u00faplicas. Es a trav\u00e9s de la oraci\u00f3n que vivimos una relaci\u00f3n personal como hijos de Dios. Uno de los textos escritos por el sacerdote holand\u00e9s ofrece una hermosa reflexi\u00f3n sobre la oraci\u00f3n y su importancia en la vida cristiana.<\/p>\n\n\n\n<p>Debemos orar con perseverancia y mantener siempre vivo nuestro esp\u00edritu de oraci\u00f3n a Dios. Lea el texto escrito por el Padre Eust\u00e1quio en su totalidad:<\/p>\n\n\n\n<p><strong>La oraci\u00f3n<\/strong><\/p>\n\n\n\n<p><em>\u201cHe encontrado muchas cosas en mi vida, y t\u00fa tambi\u00e9n, que nos gustar\u00eda ver mejoradas, pero no podemos lograrlo, a pesar de nuestros esfuerzos y del trabajo de otros. Estas cosas siguen igual. La sociedad actual est\u00e1 llena de abusos y miserias, por cuya soluci\u00f3n muchos trabajan. Sin embargo, hay poca mejora, y en ciertos casos, las cosas empeoran; hay cosas que acompa\u00f1an al hombre inmutablemente desde la cuna hasta la tumba, y con \u00e9l se levanta y se acuesta, y es necesario tener paciencia, paciencia cristiana. <\/em><\/p>\n\n\n\n<p><em>Sin embargo, habr\u00eda soluci\u00f3n para muchas cosas, incluyendo la mejora de los problemas sociales, si las madres ense\u00f1aran a sus hijos a unir sus peque\u00f1as manos en oraci\u00f3n, y especialmente si los hombres rezaran m\u00e1s. Muchas cosas, por malas que fueran, mejorar\u00edan. \u00a1Ojal\u00e1 todos los hogares, tanto en las ciudades como en el campo, imitaran a los ap\u00f3stoles, diciendo: \u201cSe\u00f1or, ens\u00e9\u00f1anos a orar!\u201d. \u00a1Oh, si tuvi\u00e9ramos un pueblo que rezara, la cuesti\u00f3n social se resolver\u00eda r\u00e1pidamente! Ya no necesitar\u00edamos tantos combatientes contra el mal, porque todos los cat\u00f3licos estar\u00edamos \u00edntimamente unidos en la oraci\u00f3n; nuestros adversarios no se esforzar\u00edan tanto por destruirnos, porque las manos unidas son m\u00e1s poderosas que las espadas de dos filos, que los pu\u00f1os cerrados del odio. <\/em><\/p>\n\n\n\n<p><em>As\u00ed como los amalecitas fueron expulsados por la oraci\u00f3n de Mois\u00e9s, tambi\u00e9n nuestros enemigos ser\u00e1n expulsados si empu\u00f1amos armas espirituales.<\/em><\/p>\n\n\n\n<p><em>Es cierto que Nuestro Se\u00f1or dijo: \u201cSin M\u00ed, nada pod\u00e9is hacer\u201d. Ni la Acci\u00f3n Cat\u00f3lica, ni las Cruzadas, ni la devoci\u00f3n mariana sirven de nada si Dios no ayuda. Y para que \u00c9l ayude, es necesario pedir. \u201cPedid y se os dar\u00e1\u201d.<br>En muchos cat\u00f3licos, el esp\u00edritu de oraci\u00f3n se ha debilitado por el contacto con el pensamiento moderno, que busca ante todo la autonom\u00eda, la elevaci\u00f3n de la personalidad humana y la autosuficiencia. Existe el deseo de hacerlo todo con las propias fuerzas, y lo sobrenatural queda relegado a un segundo plano en el subconsciente. Ustedes, los que est\u00e1n aqu\u00ed, no desean participar en este esp\u00edritu cambiante. Desean la oraci\u00f3n en todo y por todo, y luego me preguntan: \u00bfC\u00f3mo debemos orar? Deben orar con humildad, como el publicano del Evangelio: \u201cSe\u00f1or, ten piedad de m\u00ed, un pobre pecador\u201d.<\/em><\/p>\n\n\n\n<p><em>Debes orar con perseverancia como el ciego de Jeric\u00f3. Cuando le dijeron que no gritara tanto a Nuestro Se\u00f1or, empez\u00f3 a hablar m\u00e1s alto y con m\u00e1s insistencia. Debes orar con confianza, como aquella mujer del Evangelio, que no era jud\u00eda y ped\u00eda las migajas que ca\u00edan de la mesa. Debes orar con abandono a la voluntad de Dios, que siempre busca lo mejor para nosotros.<\/em><\/p>\n\n\n\n<p><em>\u00bfCu\u00e1ndo debes orar? Sin interrupci\u00f3n. Por la ma\u00f1ana, por la noche, antes y despu\u00e9s de las comidas, antes del trabajo, en momentos de peligro y tentaci\u00f3n.<\/em>\u201c<\/p>\n\n\n\n<p><\/p>","protected":false},"excerpt":{"rendered":"<p>Por meio da ora\u00e7\u00e3o podemos falar com Deus e Ele vem ao nosso encontro para ouvir nossas s\u00faplicas. \u00c9 pela ora\u00e7\u00e3o que vivemos uma rela\u00e7\u00e3o pessoal como filhos de Deus. Um dos textos escritos pelo padre holand\u00eas, traz uma bel\u00edssima reflex\u00e3o sobre a ora\u00e7\u00e3o e a import\u00e2ncia dela na vida crist\u00e3. Devemos rezar com perseveran\u00e7a e manter sempre aceso o nosso esp\u00edrito de ora\u00e7\u00e3o a Deus. Leia o texto escrito por Padre Eust\u00e1quio, na \u00edntegra: A Ora\u00e7\u00e3o &#8220;J\u00e1 encontrei muitas coisas na minha vida, e v\u00f3s tamb\u00e9m, que quer\u00edamos ver melhoradas, por\u00e9m, n\u00e3o o conseguimos, apesar dos nossos esfor\u00e7os e [&hellip;]<\/p>\n","protected":false},"author":2,"featured_media":6398,"comment_status":"open","ping_status":"closed","sticky":false,"template":"","format":"standard","meta":{"_acf_changed":false,"footnotes":""},"categories":[611],"tags":[],"class_list":["post-6395","post","type-post","status-publish","format-standard","has-post-thumbnail","hentry","category-noticias"],"acf":[],"yoast_head":"<!-- This site is optimized with the Yoast SEO plugin v27.2 - https:\/\/yoast.com\/product\/yoast-seo-wordpress\/ -->\n<title>&quot;O poder da ora\u00e7\u00e3o&quot; nas palavras de Padre Eust\u00e1quio<\/title>\n<meta name=\"description\" content=\"Assim como os Amalequitas foram expulsos pela ora\u00e7\u00e3o de Mois\u00e9s, assim tamb\u00e9m os nossos inimigos seriam expulsos, se manobr\u00e1ssemos armas espirituais.\" \/>\n<meta name=\"robots\" content=\"index, follow, max-snippet:-1, max-image-preview:large, max-video-preview:-1\" \/>\n<link rel=\"canonical\" href=\"https:\/\/www.padreeustaquio.com.br\/es\/el-poder-de-la-oracion-en-las-palabras-del-padre-eustace\/\" \/>\n<meta property=\"og:locale\" content=\"es_ES\" \/>\n<meta property=\"og:type\" content=\"article\" \/>\n<meta property=\"og:title\" content=\"&quot;O poder da ora\u00e7\u00e3o&quot; nas palavras de Padre Eust\u00e1quio\" \/>\n<meta property=\"og:description\" content=\"Assim como os Amalequitas foram expulsos pela ora\u00e7\u00e3o de Mois\u00e9s, assim tamb\u00e9m os nossos inimigos seriam expulsos, se manobr\u00e1ssemos armas espirituais.\" \/>\n<meta property=\"og:url\" content=\"https:\/\/www.padreeustaquio.com.br\/es\/el-poder-de-la-oracion-en-las-palabras-del-padre-eustace\/\" \/>\n<meta property=\"og:site_name\" content=\"Padre Eust\u00e1quio\" \/>\n<meta property=\"article:publisher\" content=\"https:\/\/www.facebook.com\/beatopadreeustaquio\/\" \/>\n<meta property=\"article:published_time\" content=\"2021-07-15T09:14:00+00:00\" \/>\n<meta property=\"og:image\" content=\"https:\/\/www.padreeustaquio.com.br\/wp-content\/uploads\/2021\/07\/padre-eustaquio-e-o-poder-da-oracao.jpeg\" \/>\n\t<meta property=\"og:image:width\" content=\"1280\" \/>\n\t<meta property=\"og:image:height\" content=\"859\" \/>\n\t<meta property=\"og:image:type\" content=\"image\/jpeg\" \/>\n<meta name=\"author\" content=\"@sscc\" \/>\n<meta name=\"twitter:card\" content=\"summary_large_image\" \/>\n<meta name=\"twitter:creator\" content=\"@beatopeustaquio\" \/>\n<meta name=\"twitter:site\" content=\"@beatopeustaquio\" \/>\n<meta name=\"twitter:label1\" content=\"Escrito por\" \/>\n\t<meta name=\"twitter:data1\" content=\"@sscc\" \/>\n\t<meta name=\"twitter:label2\" content=\"Tiempo de lectura\" \/>\n\t<meta name=\"twitter:data2\" content=\"3 minutos\" \/>\n<script type=\"application\/ld+json\" class=\"yoast-schema-graph\">{\"@context\":\"https:\/\/schema.org\",\"@graph\":[{\"@type\":\"Article\",\"@id\":\"https:\/\/www.padreeustaquio.com.br\/o-poder-da-oracao-nas-palavras-de-padre-eustaquio\/#article\",\"isPartOf\":{\"@id\":\"https:\/\/www.padreeustaquio.com.br\/o-poder-da-oracao-nas-palavras-de-padre-eustaquio\/\"},\"author\":{\"name\":\"@sscc\",\"@id\":\"https:\/\/www.padreeustaquio.com.br\/#\/schema\/person\/a2a51db1d00f1a7af0204a0f1ddb1566\"},\"headline\":\"&#8220;O poder da ora\u00e7\u00e3o&#8221; nas palavras de Padre Eust\u00e1quio\",\"datePublished\":\"2021-07-15T09:14:00+00:00\",\"mainEntityOfPage\":{\"@id\":\"https:\/\/www.padreeustaquio.com.br\/o-poder-da-oracao-nas-palavras-de-padre-eustaquio\/\"},\"wordCount\":589,\"commentCount\":0,\"publisher\":{\"@id\":\"https:\/\/www.padreeustaquio.com.br\/#organization\"},\"image\":{\"@id\":\"https:\/\/www.padreeustaquio.com.br\/o-poder-da-oracao-nas-palavras-de-padre-eustaquio\/#primaryimage\"},\"thumbnailUrl\":\"https:\/\/www.padreeustaquio.com.br\/wp-content\/uploads\/2021\/07\/padre-eustaquio-e-o-poder-da-oracao.jpeg\",\"articleSection\":[\"Not\u00edcias\"],\"inLanguage\":\"es\",\"potentialAction\":[{\"@type\":\"CommentAction\",\"name\":\"Comment\",\"target\":[\"https:\/\/www.padreeustaquio.com.br\/o-poder-da-oracao-nas-palavras-de-padre-eustaquio\/#respond\"]}]},{\"@type\":\"WebPage\",\"@id\":\"https:\/\/www.padreeustaquio.com.br\/o-poder-da-oracao-nas-palavras-de-padre-eustaquio\/\",\"url\":\"https:\/\/www.padreeustaquio.com.br\/o-poder-da-oracao-nas-palavras-de-padre-eustaquio\/\",\"name\":\"\\\"O poder da ora\u00e7\u00e3o\\\" nas palavras de Padre Eust\u00e1quio\",\"isPartOf\":{\"@id\":\"https:\/\/www.padreeustaquio.com.br\/#website\"},\"primaryImageOfPage\":{\"@id\":\"https:\/\/www.padreeustaquio.com.br\/o-poder-da-oracao-nas-palavras-de-padre-eustaquio\/#primaryimage\"},\"image\":{\"@id\":\"https:\/\/www.padreeustaquio.com.br\/o-poder-da-oracao-nas-palavras-de-padre-eustaquio\/#primaryimage\"},\"thumbnailUrl\":\"https:\/\/www.padreeustaquio.com.br\/wp-content\/uploads\/2021\/07\/padre-eustaquio-e-o-poder-da-oracao.jpeg\",\"datePublished\":\"2021-07-15T09:14:00+00:00\",\"description\":\"Assim como os Amalequitas foram expulsos pela ora\u00e7\u00e3o de Mois\u00e9s, assim tamb\u00e9m os nossos inimigos seriam expulsos, se manobr\u00e1ssemos armas espirituais.\",\"breadcrumb\":{\"@id\":\"https:\/\/www.padreeustaquio.com.br\/o-poder-da-oracao-nas-palavras-de-padre-eustaquio\/#breadcrumb\"},\"inLanguage\":\"es\",\"potentialAction\":[{\"@type\":\"ReadAction\",\"target\":[\"https:\/\/www.padreeustaquio.com.br\/o-poder-da-oracao-nas-palavras-de-padre-eustaquio\/\"]}]},{\"@type\":\"ImageObject\",\"inLanguage\":\"es\",\"@id\":\"https:\/\/www.padreeustaquio.com.br\/o-poder-da-oracao-nas-palavras-de-padre-eustaquio\/#primaryimage\",\"url\":\"https:\/\/www.padreeustaquio.com.br\/wp-content\/uploads\/2021\/07\/padre-eustaquio-e-o-poder-da-oracao.jpeg\",\"contentUrl\":\"https:\/\/www.padreeustaquio.com.br\/wp-content\/uploads\/2021\/07\/padre-eustaquio-e-o-poder-da-oracao.jpeg\",\"width\":1280,\"height\":859},{\"@type\":\"BreadcrumbList\",\"@id\":\"https:\/\/www.padreeustaquio.com.br\/o-poder-da-oracao-nas-palavras-de-padre-eustaquio\/#breadcrumb\",\"itemListElement\":[{\"@type\":\"ListItem\",\"position\":1,\"name\":\"In\u00edcio\",\"item\":\"https:\/\/www.padreeustaquio.com.br\/\"},{\"@type\":\"ListItem\",\"position\":2,\"name\":\"&#8220;O poder da ora\u00e7\u00e3o&#8221; nas palavras de Padre Eust\u00e1quio\"}]},{\"@type\":\"WebSite\",\"@id\":\"https:\/\/www.padreeustaquio.com.br\/#website\",\"url\":\"https:\/\/www.padreeustaquio.com.br\/\",\"name\":\"Padre Eust\u00e1quio\",\"description\":\"Sa\u00fade e Paz\",\"publisher\":{\"@id\":\"https:\/\/www.padreeustaquio.com.br\/#organization\"},\"potentialAction\":[{\"@type\":\"SearchAction\",\"target\":{\"@type\":\"EntryPoint\",\"urlTemplate\":\"https:\/\/www.padreeustaquio.com.br\/?s={search_term_string}\"},\"query-input\":{\"@type\":\"PropertyValueSpecification\",\"valueRequired\":true,\"valueName\":\"search_term_string\"}}],\"inLanguage\":\"es\"},{\"@type\":\"Organization\",\"@id\":\"https:\/\/www.padreeustaquio.com.br\/#organization\",\"name\":\"Padre Eust\u00e1quio\",\"url\":\"https:\/\/www.padreeustaquio.com.br\/\",\"logo\":{\"@type\":\"ImageObject\",\"inLanguage\":\"es\",\"@id\":\"https:\/\/www.padreeustaquio.com.br\/#\/schema\/logo\/image\/\",\"url\":\"https:\/\/www.padreeustaquio.com.br\/wp-content\/uploads\/2019\/08\/marca.png\",\"contentUrl\":\"https:\/\/www.padreeustaquio.com.br\/wp-content\/uploads\/2019\/08\/marca.png\",\"width\":350,\"height\":400,\"caption\":\"Padre Eust\u00e1quio\"},\"image\":{\"@id\":\"https:\/\/www.padreeustaquio.com.br\/#\/schema\/logo\/image\/\"},\"sameAs\":[\"https:\/\/www.facebook.com\/beatopadreeustaquio\/\",\"https:\/\/x.com\/beatopeustaquio\",\"https:\/\/www.instagram.com\/beatopadreeustaquio\/\",\"https:\/\/www.youtube.com\/channel\/UCRhw7vfabnajwLxb1ZXMeIw\"]},{\"@type\":\"Person\",\"@id\":\"https:\/\/www.padreeustaquio.com.br\/#\/schema\/person\/a2a51db1d00f1a7af0204a0f1ddb1566\",\"name\":\"@sscc\",\"image\":{\"@type\":\"ImageObject\",\"inLanguage\":\"es\",\"@id\":\"https:\/\/secure.gravatar.com\/avatar\/68cfafa5f44617fea54071e215026e0ff06be366c3d54a8425f04fdcb86f8c5f?s=96&d=mm&r=g\",\"url\":\"https:\/\/secure.gravatar.com\/avatar\/68cfafa5f44617fea54071e215026e0ff06be366c3d54a8425f04fdcb86f8c5f?s=96&d=mm&r=g\",\"contentUrl\":\"https:\/\/secure.gravatar.com\/avatar\/68cfafa5f44617fea54071e215026e0ff06be366c3d54a8425f04fdcb86f8c5f?s=96&d=mm&r=g\",\"caption\":\"@sscc\"},\"url\":\"https:\/\/www.padreeustaquio.com.br\/es\/author\/sscc\/\"}]}<\/script>\n<!-- \/ Yoast SEO plugin. -->","yoast_head_json":{"title":"\"&quot;El poder de la oraci\u00f3n&quot; en palabras del Padre Eustace","description":"As\u00ed como los amalecitas fueron expulsados por la oraci\u00f3n de Mois\u00e9s, tambi\u00e9n nuestros enemigos ser\u00e1n expulsados si empu\u00f1amos armas espirituales.","robots":{"index":"index","follow":"follow","max-snippet":"max-snippet:-1","max-image-preview":"max-image-preview:large","max-video-preview":"max-video-preview:-1"},"canonical":"https:\/\/www.padreeustaquio.com.br\/es\/el-poder-de-la-oracion-en-las-palabras-del-padre-eustace\/","og_locale":"es_ES","og_type":"article","og_title":"\"O poder da ora\u00e7\u00e3o\" nas palavras de Padre Eust\u00e1quio","og_description":"Assim como os Amalequitas foram expulsos pela ora\u00e7\u00e3o de Mois\u00e9s, assim tamb\u00e9m os nossos inimigos seriam expulsos, se manobr\u00e1ssemos armas espirituais.","og_url":"https:\/\/www.padreeustaquio.com.br\/es\/el-poder-de-la-oracion-en-las-palabras-del-padre-eustace\/","og_site_name":"Padre Eust\u00e1quio","article_publisher":"https:\/\/www.facebook.com\/beatopadreeustaquio\/","article_published_time":"2021-07-15T09:14:00+00:00","og_image":[{"width":1280,"height":859,"url":"https:\/\/www.padreeustaquio.com.br\/wp-content\/uploads\/2021\/07\/padre-eustaquio-e-o-poder-da-oracao.jpeg","type":"image\/jpeg"}],"author":"@sscc","twitter_card":"summary_large_image","twitter_creator":"@beatopeustaquio","twitter_site":"@beatopeustaquio","twitter_misc":{"Escrito por":"@sscc","Tiempo de lectura":"3 minutos"},"schema":{"@context":"https:\/\/schema.org","@graph":[{"@type":"Article","@id":"https:\/\/www.padreeustaquio.com.br\/o-poder-da-oracao-nas-palavras-de-padre-eustaquio\/#article","isPartOf":{"@id":"https:\/\/www.padreeustaquio.com.br\/o-poder-da-oracao-nas-palavras-de-padre-eustaquio\/"},"author":{"name":"@sscc","@id":"https:\/\/www.padreeustaquio.com.br\/#\/schema\/person\/a2a51db1d00f1a7af0204a0f1ddb1566"},"headline":"&#8220;O poder da ora\u00e7\u00e3o&#8221; nas palavras de Padre Eust\u00e1quio","datePublished":"2021-07-15T09:14:00+00:00","mainEntityOfPage":{"@id":"https:\/\/www.padreeustaquio.com.br\/o-poder-da-oracao-nas-palavras-de-padre-eustaquio\/"},"wordCount":589,"commentCount":0,"publisher":{"@id":"https:\/\/www.padreeustaquio.com.br\/#organization"},"image":{"@id":"https:\/\/www.padreeustaquio.com.br\/o-poder-da-oracao-nas-palavras-de-padre-eustaquio\/#primaryimage"},"thumbnailUrl":"https:\/\/www.padreeustaquio.com.br\/wp-content\/uploads\/2021\/07\/padre-eustaquio-e-o-poder-da-oracao.jpeg","articleSection":["Not\u00edcias"],"inLanguage":"es","potentialAction":[{"@type":"CommentAction","name":"Comment","target":["https:\/\/www.padreeustaquio.com.br\/o-poder-da-oracao-nas-palavras-de-padre-eustaquio\/#respond"]}]},{"@type":"WebPage","@id":"https:\/\/www.padreeustaquio.com.br\/o-poder-da-oracao-nas-palavras-de-padre-eustaquio\/","url":"https:\/\/www.padreeustaquio.com.br\/o-poder-da-oracao-nas-palavras-de-padre-eustaquio\/","name":"\"&quot;El poder de la oraci\u00f3n&quot; en palabras del Padre Eustace","isPartOf":{"@id":"https:\/\/www.padreeustaquio.com.br\/#website"},"primaryImageOfPage":{"@id":"https:\/\/www.padreeustaquio.com.br\/o-poder-da-oracao-nas-palavras-de-padre-eustaquio\/#primaryimage"},"image":{"@id":"https:\/\/www.padreeustaquio.com.br\/o-poder-da-oracao-nas-palavras-de-padre-eustaquio\/#primaryimage"},"thumbnailUrl":"https:\/\/www.padreeustaquio.com.br\/wp-content\/uploads\/2021\/07\/padre-eustaquio-e-o-poder-da-oracao.jpeg","datePublished":"2021-07-15T09:14:00+00:00","description":"As\u00ed como los amalecitas fueron expulsados por la oraci\u00f3n de Mois\u00e9s, tambi\u00e9n nuestros enemigos ser\u00e1n expulsados si empu\u00f1amos armas espirituales.","breadcrumb":{"@id":"https:\/\/www.padreeustaquio.com.br\/o-poder-da-oracao-nas-palavras-de-padre-eustaquio\/#breadcrumb"},"inLanguage":"es","potentialAction":[{"@type":"ReadAction","target":["https:\/\/www.padreeustaquio.com.br\/o-poder-da-oracao-nas-palavras-de-padre-eustaquio\/"]}]},{"@type":"ImageObject","inLanguage":"es","@id":"https:\/\/www.padreeustaquio.com.br\/o-poder-da-oracao-nas-palavras-de-padre-eustaquio\/#primaryimage","url":"https:\/\/www.padreeustaquio.com.br\/wp-content\/uploads\/2021\/07\/padre-eustaquio-e-o-poder-da-oracao.jpeg","contentUrl":"https:\/\/www.padreeustaquio.com.br\/wp-content\/uploads\/2021\/07\/padre-eustaquio-e-o-poder-da-oracao.jpeg","width":1280,"height":859},{"@type":"BreadcrumbList","@id":"https:\/\/www.padreeustaquio.com.br\/o-poder-da-oracao-nas-palavras-de-padre-eustaquio\/#breadcrumb","itemListElement":[{"@type":"ListItem","position":1,"name":"In\u00edcio","item":"https:\/\/www.padreeustaquio.com.br\/"},{"@type":"ListItem","position":2,"name":"&#8220;O poder da ora\u00e7\u00e3o&#8221; nas palavras de Padre Eust\u00e1quio"}]},{"@type":"WebSite","@id":"https:\/\/www.padreeustaquio.com.br\/#website","url":"https:\/\/www.padreeustaquio.com.br\/","name":"Padre Eustace","description":"Salud y Paz","publisher":{"@id":"https:\/\/www.padreeustaquio.com.br\/#organization"},"potentialAction":[{"@type":"SearchAction","target":{"@type":"EntryPoint","urlTemplate":"https:\/\/www.padreeustaquio.com.br\/?s={search_term_string}"},"query-input":{"@type":"PropertyValueSpecification","valueRequired":true,"valueName":"search_term_string"}}],"inLanguage":"es"},{"@type":"Organization","@id":"https:\/\/www.padreeustaquio.com.br\/#organization","name":"Padre Eustace","url":"https:\/\/www.padreeustaquio.com.br\/","logo":{"@type":"ImageObject","inLanguage":"es","@id":"https:\/\/www.padreeustaquio.com.br\/#\/schema\/logo\/image\/","url":"https:\/\/www.padreeustaquio.com.br\/wp-content\/uploads\/2019\/08\/marca.png","contentUrl":"https:\/\/www.padreeustaquio.com.br\/wp-content\/uploads\/2019\/08\/marca.png","width":350,"height":400,"caption":"Padre Eust\u00e1quio"},"image":{"@id":"https:\/\/www.padreeustaquio.com.br\/#\/schema\/logo\/image\/"},"sameAs":["https:\/\/www.facebook.com\/beatopadreeustaquio\/","https:\/\/x.com\/beatopeustaquio","https:\/\/www.instagram.com\/beatopadreeustaquio\/","https:\/\/www.youtube.com\/channel\/UCRhw7vfabnajwLxb1ZXMeIw"]},{"@type":"Person","@id":"https:\/\/www.padreeustaquio.com.br\/#\/schema\/person\/a2a51db1d00f1a7af0204a0f1ddb1566","name":"@sscc","image":{"@type":"ImageObject","inLanguage":"es","@id":"https:\/\/secure.gravatar.com\/avatar\/68cfafa5f44617fea54071e215026e0ff06be366c3d54a8425f04fdcb86f8c5f?s=96&d=mm&r=g","url":"https:\/\/secure.gravatar.com\/avatar\/68cfafa5f44617fea54071e215026e0ff06be366c3d54a8425f04fdcb86f8c5f?s=96&d=mm&r=g","contentUrl":"https:\/\/secure.gravatar.com\/avatar\/68cfafa5f44617fea54071e215026e0ff06be366c3d54a8425f04fdcb86f8c5f?s=96&d=mm&r=g","caption":"@sscc"},"url":"https:\/\/www.padreeustaquio.com.br\/es\/author\/sscc\/"}]}},"_links":{"self":[{"href":"https:\/\/www.padreeustaquio.com.br\/es\/wp-json\/wp\/v2\/posts\/6395","targetHints":{"allow":["GET"]}}],"collection":[{"href":"https:\/\/www.padreeustaquio.com.br\/es\/wp-json\/wp\/v2\/posts"}],"about":[{"href":"https:\/\/www.padreeustaquio.com.br\/es\/wp-json\/wp\/v2\/types\/post"}],"author":[{"embeddable":true,"href":"https:\/\/www.padreeustaquio.com.br\/es\/wp-json\/wp\/v2\/users\/2"}],"replies":[{"embeddable":true,"href":"https:\/\/www.padreeustaquio.com.br\/es\/wp-json\/wp\/v2\/comments?post=6395"}],"version-history":[{"count":0,"href":"https:\/\/www.padreeustaquio.com.br\/es\/wp-json\/wp\/v2\/posts\/6395\/revisions"}],"wp:featuredmedia":[{"embeddable":true,"href":"https:\/\/www.padreeustaquio.com.br\/es\/wp-json\/wp\/v2\/media\/6398"}],"wp:attachment":[{"href":"https:\/\/www.padreeustaquio.com.br\/es\/wp-json\/wp\/v2\/media?parent=6395"}],"wp:term":[{"taxonomy":"category","embeddable":true,"href":"https:\/\/www.padreeustaquio.com.br\/es\/wp-json\/wp\/v2\/categories?post=6395"},{"taxonomy":"post_tag","embeddable":true,"href":"https:\/\/www.padreeustaquio.com.br\/es\/wp-json\/wp\/v2\/tags?post=6395"}],"curies":[{"name":"wp","href":"https:\/\/api.w.org\/{rel}","templated":true}]}}