{"id":6392,"date":"2021-07-14T06:42:00","date_gmt":"2021-07-14T09:42:00","guid":{"rendered":"https:\/\/www.padreeustaquio.com.br\/?p=6392"},"modified":"2021-07-09T18:13:52","modified_gmt":"2021-07-09T21:13:52","slug":"ya-esta-disponible-la-tercera-temporada-del-podcast-conociendo-al-padre-eustaquio","status":"publish","type":"post","link":"https:\/\/www.padreeustaquio.com.br\/es\/ya-esta-disponible-la-tercera-temporada-del-podcast-conociendo-al-padre-eustaquio\/","title":{"rendered":"Ya est\u00e1 disponible la tercera temporada del podcast \u201cConociendo al Padre Eust\u00e1quio\u201d.\u201d"},"content":{"rendered":"<p>Los 47 episodios de la tercera temporada del podcast ya est\u00e1n disponibles. <strong>Conociendo al Padre Eust\u00e1quio<\/strong>, obra desarrollada por el Museo Padre Eust\u00e1quio, en Po\u00e1\/SP.<\/p>\n\n\n\n<p>A trav\u00e9s de estos episodios, los espectadores pueden conocer detalles sobre la vida y el ministerio del Beato Padre Eustaquio. Cada programa tambi\u00e9n ofrece la oportunidad de comprender c\u00f3mo se sent\u00eda el sacerdote holand\u00e9s y c\u00f3mo la fe y la oraci\u00f3n fueron fundamentales a lo largo de su trayectoria.<\/p>\n\n\n\n<p>Si quieres escuchar los 47 episodios de esta tercera temporada, s\u00f3lo... <a href=\"http:\/\/(https:\/\/anchor.fm\/peeustaquio\/episodes\/3T---Ep-47---Velho-conhecido-e13i1sh?fbclid=IwAR2C-BlHR6R2w9iEyU2HocSPJ_vCUlrrQXjGnPFJQIWJwX3h0ghEq_xGAq4)\" target=\"_blank\" rel=\"noreferrer noopener\">haga clic aqu\u00ed <\/a>. La cuarta temporada del podcast est\u00e1 programada para estrenarse en agosto.<\/p>\n\n\n\n<p>Conozca m\u00e1s sobre el Museo Padre Eust\u00e1quio en el sitio web: <a href=\"https:\/\/museupadreeustaquio.wordpress.com\/\" target=\"_blank\" rel=\"noreferrer noopener\">museopadreeustaquio.wordpress.com<\/a><\/p>","protected":false},"excerpt":{"rendered":"<p>J\u00e1 est\u00e3o dispon\u00edveis os 47 epis\u00f3dios da terceira temporada do PodCast Conhecendo Padre Eust\u00e1quio, trabalho desenvolvido pelo Museu Padre Eust\u00e1quio, de Po\u00e1\/SP. Por meio dos epis\u00f3dios, \u00e9 poss\u00edvel conhecer detalhes da vida e do minist\u00e9rio do Bem-aventurado Padre Eust\u00e1quio. A cada programa, h\u00e1 tamb\u00e9m a oportunidade entender como o padre holand\u00eas se sentia e como a f\u00e9 a ora\u00e7\u00e3o foram fundamentais em toda caminhada do Beato. Se voc\u00ea quer ouvir os 47 epis\u00f3dios dessa terceira temporada basta clicar aqui . A estreia da quarta temporada do podcast est\u00e1 prevista para Agosto. Conhe\u00e7a mais sobre o Museu Padre Eust\u00e1quio no site: [&hellip;]<\/p>\n","protected":false},"author":2,"featured_media":6393,"comment_status":"open","ping_status":"closed","sticky":false,"template":"","format":"standard","meta":{"_acf_changed":false,"footnotes":""},"categories":[611],"tags":[],"class_list":["post-6392","post","type-post","status-publish","format-standard","has-post-thumbnail","hentry","category-noticias"],"acf":[],"yoast_head":"<!-- This site is optimized with the Yoast SEO plugin v27.2 - https:\/\/yoast.com\/product\/yoast-seo-wordpress\/ -->\n<title>Dispon\u00edvel terceira temporada do podcast \u201cConhecendo Padre Eust\u00e1quio\u201d<\/title>\n<meta name=\"description\" content=\"Os 47 epis\u00f3dios da terceira temporada do PodCast Conhecendo Padre Eust\u00e1quio \u00e9 um trabalho desenvolvido pelo Museu Padre Eust\u00e1quio, de Po\u00e1\/SP.\" \/>\n<meta name=\"robots\" content=\"index, follow, max-snippet:-1, max-image-preview:large, max-video-preview:-1\" \/>\n<link rel=\"canonical\" href=\"https:\/\/www.padreeustaquio.com.br\/es\/ya-esta-disponible-la-tercera-temporada-del-podcast-conociendo-al-padre-eustaquio\/\" \/>\n<meta property=\"og:locale\" content=\"es_ES\" \/>\n<meta property=\"og:type\" content=\"article\" \/>\n<meta property=\"og:title\" content=\"Dispon\u00edvel terceira temporada do podcast \u201cConhecendo Padre Eust\u00e1quio\u201d\" \/>\n<meta property=\"og:description\" content=\"Os 47 epis\u00f3dios da terceira temporada do PodCast Conhecendo Padre Eust\u00e1quio \u00e9 um trabalho desenvolvido pelo Museu Padre Eust\u00e1quio, de Po\u00e1\/SP.\" \/>\n<meta property=\"og:url\" content=\"https:\/\/www.padreeustaquio.com.br\/es\/ya-esta-disponible-la-tercera-temporada-del-podcast-conociendo-al-padre-eustaquio\/\" \/>\n<meta property=\"og:site_name\" content=\"Padre Eust\u00e1quio\" \/>\n<meta property=\"article:publisher\" content=\"https:\/\/www.facebook.com\/beatopadreeustaquio\/\" \/>\n<meta property=\"article:published_time\" content=\"2021-07-14T09:42:00+00:00\" \/>\n<meta property=\"og:image\" content=\"https:\/\/www.padreeustaquio.com.br\/wp-content\/uploads\/2021\/07\/Podcast-conhecendo-padre-eustaquio-poa-sao-paulo.jpeg\" \/>\n\t<meta property=\"og:image:width\" content=\"1194\" \/>\n\t<meta property=\"og:image:height\" content=\"523\" \/>\n\t<meta property=\"og:image:type\" content=\"image\/jpeg\" \/>\n<meta name=\"author\" content=\"@sscc\" \/>\n<meta name=\"twitter:card\" content=\"summary_large_image\" \/>\n<meta name=\"twitter:creator\" content=\"@beatopeustaquio\" \/>\n<meta name=\"twitter:site\" content=\"@beatopeustaquio\" \/>\n<meta name=\"twitter:label1\" content=\"Escrito por\" \/>\n\t<meta name=\"twitter:data1\" content=\"@sscc\" \/>\n\t<meta name=\"twitter:label2\" content=\"Tiempo de lectura\" \/>\n\t<meta name=\"twitter:data2\" content=\"1 minuto\" \/>\n<script type=\"application\/ld+json\" class=\"yoast-schema-graph\">{\"@context\":\"https:\/\/schema.org\",\"@graph\":[{\"@type\":\"Article\",\"@id\":\"https:\/\/www.padreeustaquio.com.br\/disponivel-terceira-temporada-do-podcast-conhecendo-padre-eustaquio\/#article\",\"isPartOf\":{\"@id\":\"https:\/\/www.padreeustaquio.com.br\/disponivel-terceira-temporada-do-podcast-conhecendo-padre-eustaquio\/\"},\"author\":{\"name\":\"@sscc\",\"@id\":\"https:\/\/www.padreeustaquio.com.br\/#\/schema\/person\/a2a51db1d00f1a7af0204a0f1ddb1566\"},\"headline\":\"Dispon\u00edvel terceira temporada do podcast \u201cConhecendo Padre Eust\u00e1quio\u201d\",\"datePublished\":\"2021-07-14T09:42:00+00:00\",\"mainEntityOfPage\":{\"@id\":\"https:\/\/www.padreeustaquio.com.br\/disponivel-terceira-temporada-do-podcast-conhecendo-padre-eustaquio\/\"},\"wordCount\":125,\"commentCount\":0,\"publisher\":{\"@id\":\"https:\/\/www.padreeustaquio.com.br\/#organization\"},\"image\":{\"@id\":\"https:\/\/www.padreeustaquio.com.br\/disponivel-terceira-temporada-do-podcast-conhecendo-padre-eustaquio\/#primaryimage\"},\"thumbnailUrl\":\"https:\/\/www.padreeustaquio.com.br\/wp-content\/uploads\/2021\/07\/Podcast-conhecendo-padre-eustaquio-poa-sao-paulo.jpeg\",\"articleSection\":[\"Not\u00edcias\"],\"inLanguage\":\"es\",\"potentialAction\":[{\"@type\":\"CommentAction\",\"name\":\"Comment\",\"target\":[\"https:\/\/www.padreeustaquio.com.br\/disponivel-terceira-temporada-do-podcast-conhecendo-padre-eustaquio\/#respond\"]}]},{\"@type\":\"WebPage\",\"@id\":\"https:\/\/www.padreeustaquio.com.br\/disponivel-terceira-temporada-do-podcast-conhecendo-padre-eustaquio\/\",\"url\":\"https:\/\/www.padreeustaquio.com.br\/disponivel-terceira-temporada-do-podcast-conhecendo-padre-eustaquio\/\",\"name\":\"Dispon\u00edvel terceira temporada do podcast \u201cConhecendo Padre Eust\u00e1quio\u201d\",\"isPartOf\":{\"@id\":\"https:\/\/www.padreeustaquio.com.br\/#website\"},\"primaryImageOfPage\":{\"@id\":\"https:\/\/www.padreeustaquio.com.br\/disponivel-terceira-temporada-do-podcast-conhecendo-padre-eustaquio\/#primaryimage\"},\"image\":{\"@id\":\"https:\/\/www.padreeustaquio.com.br\/disponivel-terceira-temporada-do-podcast-conhecendo-padre-eustaquio\/#primaryimage\"},\"thumbnailUrl\":\"https:\/\/www.padreeustaquio.com.br\/wp-content\/uploads\/2021\/07\/Podcast-conhecendo-padre-eustaquio-poa-sao-paulo.jpeg\",\"datePublished\":\"2021-07-14T09:42:00+00:00\",\"description\":\"Os 47 epis\u00f3dios da terceira temporada do PodCast Conhecendo Padre Eust\u00e1quio \u00e9 um trabalho desenvolvido pelo Museu Padre Eust\u00e1quio, de Po\u00e1\/SP.\",\"breadcrumb\":{\"@id\":\"https:\/\/www.padreeustaquio.com.br\/disponivel-terceira-temporada-do-podcast-conhecendo-padre-eustaquio\/#breadcrumb\"},\"inLanguage\":\"es\",\"potentialAction\":[{\"@type\":\"ReadAction\",\"target\":[\"https:\/\/www.padreeustaquio.com.br\/disponivel-terceira-temporada-do-podcast-conhecendo-padre-eustaquio\/\"]}]},{\"@type\":\"ImageObject\",\"inLanguage\":\"es\",\"@id\":\"https:\/\/www.padreeustaquio.com.br\/disponivel-terceira-temporada-do-podcast-conhecendo-padre-eustaquio\/#primaryimage\",\"url\":\"https:\/\/www.padreeustaquio.com.br\/wp-content\/uploads\/2021\/07\/Podcast-conhecendo-padre-eustaquio-poa-sao-paulo.jpeg\",\"contentUrl\":\"https:\/\/www.padreeustaquio.com.br\/wp-content\/uploads\/2021\/07\/Podcast-conhecendo-padre-eustaquio-poa-sao-paulo.jpeg\",\"width\":1194,\"height\":523},{\"@type\":\"BreadcrumbList\",\"@id\":\"https:\/\/www.padreeustaquio.com.br\/disponivel-terceira-temporada-do-podcast-conhecendo-padre-eustaquio\/#breadcrumb\",\"itemListElement\":[{\"@type\":\"ListItem\",\"position\":1,\"name\":\"In\u00edcio\",\"item\":\"https:\/\/www.padreeustaquio.com.br\/\"},{\"@type\":\"ListItem\",\"position\":2,\"name\":\"Dispon\u00edvel terceira temporada do podcast \u201cConhecendo Padre Eust\u00e1quio\u201d\"}]},{\"@type\":\"WebSite\",\"@id\":\"https:\/\/www.padreeustaquio.com.br\/#website\",\"url\":\"https:\/\/www.padreeustaquio.com.br\/\",\"name\":\"Padre Eust\u00e1quio\",\"description\":\"Sa\u00fade e Paz\",\"publisher\":{\"@id\":\"https:\/\/www.padreeustaquio.com.br\/#organization\"},\"potentialAction\":[{\"@type\":\"SearchAction\",\"target\":{\"@type\":\"EntryPoint\",\"urlTemplate\":\"https:\/\/www.padreeustaquio.com.br\/?s={search_term_string}\"},\"query-input\":{\"@type\":\"PropertyValueSpecification\",\"valueRequired\":true,\"valueName\":\"search_term_string\"}}],\"inLanguage\":\"es\"},{\"@type\":\"Organization\",\"@id\":\"https:\/\/www.padreeustaquio.com.br\/#organization\",\"name\":\"Padre Eust\u00e1quio\",\"url\":\"https:\/\/www.padreeustaquio.com.br\/\",\"logo\":{\"@type\":\"ImageObject\",\"inLanguage\":\"es\",\"@id\":\"https:\/\/www.padreeustaquio.com.br\/#\/schema\/logo\/image\/\",\"url\":\"https:\/\/www.padreeustaquio.com.br\/wp-content\/uploads\/2019\/08\/marca.png\",\"contentUrl\":\"https:\/\/www.padreeustaquio.com.br\/wp-content\/uploads\/2019\/08\/marca.png\",\"width\":350,\"height\":400,\"caption\":\"Padre Eust\u00e1quio\"},\"image\":{\"@id\":\"https:\/\/www.padreeustaquio.com.br\/#\/schema\/logo\/image\/\"},\"sameAs\":[\"https:\/\/www.facebook.com\/beatopadreeustaquio\/\",\"https:\/\/x.com\/beatopeustaquio\",\"https:\/\/www.instagram.com\/beatopadreeustaquio\/\",\"https:\/\/www.youtube.com\/channel\/UCRhw7vfabnajwLxb1ZXMeIw\"]},{\"@type\":\"Person\",\"@id\":\"https:\/\/www.padreeustaquio.com.br\/#\/schema\/person\/a2a51db1d00f1a7af0204a0f1ddb1566\",\"name\":\"@sscc\",\"image\":{\"@type\":\"ImageObject\",\"inLanguage\":\"es\",\"@id\":\"https:\/\/secure.gravatar.com\/avatar\/68cfafa5f44617fea54071e215026e0ff06be366c3d54a8425f04fdcb86f8c5f?s=96&d=mm&r=g\",\"url\":\"https:\/\/secure.gravatar.com\/avatar\/68cfafa5f44617fea54071e215026e0ff06be366c3d54a8425f04fdcb86f8c5f?s=96&d=mm&r=g\",\"contentUrl\":\"https:\/\/secure.gravatar.com\/avatar\/68cfafa5f44617fea54071e215026e0ff06be366c3d54a8425f04fdcb86f8c5f?s=96&d=mm&r=g\",\"caption\":\"@sscc\"},\"url\":\"https:\/\/www.padreeustaquio.com.br\/es\/author\/sscc\/\"}]}<\/script>\n<!-- \/ Yoast SEO plugin. -->","yoast_head_json":{"title":"Ya est\u00e1 disponible la tercera temporada del podcast \u201cConociendo al Padre Eust\u00e1quio\u201d.\u201d","description":"Los 47 episodios de la tercera temporada del Podcast &quot;Conociendo al Padre Eust\u00e1quio&quot; son un proyecto desarrollado por el Museo Padre Eust\u00e1quio en Po\u00e1, S\u00e3o Paulo.","robots":{"index":"index","follow":"follow","max-snippet":"max-snippet:-1","max-image-preview":"max-image-preview:large","max-video-preview":"max-video-preview:-1"},"canonical":"https:\/\/www.padreeustaquio.com.br\/es\/ya-esta-disponible-la-tercera-temporada-del-podcast-conociendo-al-padre-eustaquio\/","og_locale":"es_ES","og_type":"article","og_title":"Dispon\u00edvel terceira temporada do podcast \u201cConhecendo Padre Eust\u00e1quio\u201d","og_description":"Os 47 epis\u00f3dios da terceira temporada do PodCast Conhecendo Padre Eust\u00e1quio \u00e9 um trabalho desenvolvido pelo Museu Padre Eust\u00e1quio, de Po\u00e1\/SP.","og_url":"https:\/\/www.padreeustaquio.com.br\/es\/ya-esta-disponible-la-tercera-temporada-del-podcast-conociendo-al-padre-eustaquio\/","og_site_name":"Padre Eust\u00e1quio","article_publisher":"https:\/\/www.facebook.com\/beatopadreeustaquio\/","article_published_time":"2021-07-14T09:42:00+00:00","og_image":[{"width":1194,"height":523,"url":"https:\/\/www.padreeustaquio.com.br\/wp-content\/uploads\/2021\/07\/Podcast-conhecendo-padre-eustaquio-poa-sao-paulo.jpeg","type":"image\/jpeg"}],"author":"@sscc","twitter_card":"summary_large_image","twitter_creator":"@beatopeustaquio","twitter_site":"@beatopeustaquio","twitter_misc":{"Escrito por":"@sscc","Tiempo de lectura":"1 minuto"},"schema":{"@context":"https:\/\/schema.org","@graph":[{"@type":"Article","@id":"https:\/\/www.padreeustaquio.com.br\/disponivel-terceira-temporada-do-podcast-conhecendo-padre-eustaquio\/#article","isPartOf":{"@id":"https:\/\/www.padreeustaquio.com.br\/disponivel-terceira-temporada-do-podcast-conhecendo-padre-eustaquio\/"},"author":{"name":"@sscc","@id":"https:\/\/www.padreeustaquio.com.br\/#\/schema\/person\/a2a51db1d00f1a7af0204a0f1ddb1566"},"headline":"Dispon\u00edvel terceira temporada do podcast \u201cConhecendo Padre Eust\u00e1quio\u201d","datePublished":"2021-07-14T09:42:00+00:00","mainEntityOfPage":{"@id":"https:\/\/www.padreeustaquio.com.br\/disponivel-terceira-temporada-do-podcast-conhecendo-padre-eustaquio\/"},"wordCount":125,"commentCount":0,"publisher":{"@id":"https:\/\/www.padreeustaquio.com.br\/#organization"},"image":{"@id":"https:\/\/www.padreeustaquio.com.br\/disponivel-terceira-temporada-do-podcast-conhecendo-padre-eustaquio\/#primaryimage"},"thumbnailUrl":"https:\/\/www.padreeustaquio.com.br\/wp-content\/uploads\/2021\/07\/Podcast-conhecendo-padre-eustaquio-poa-sao-paulo.jpeg","articleSection":["Not\u00edcias"],"inLanguage":"es","potentialAction":[{"@type":"CommentAction","name":"Comment","target":["https:\/\/www.padreeustaquio.com.br\/disponivel-terceira-temporada-do-podcast-conhecendo-padre-eustaquio\/#respond"]}]},{"@type":"WebPage","@id":"https:\/\/www.padreeustaquio.com.br\/disponivel-terceira-temporada-do-podcast-conhecendo-padre-eustaquio\/","url":"https:\/\/www.padreeustaquio.com.br\/disponivel-terceira-temporada-do-podcast-conhecendo-padre-eustaquio\/","name":"Ya est\u00e1 disponible la tercera temporada del podcast \u201cConociendo al Padre Eust\u00e1quio\u201d.\u201d","isPartOf":{"@id":"https:\/\/www.padreeustaquio.com.br\/#website"},"primaryImageOfPage":{"@id":"https:\/\/www.padreeustaquio.com.br\/disponivel-terceira-temporada-do-podcast-conhecendo-padre-eustaquio\/#primaryimage"},"image":{"@id":"https:\/\/www.padreeustaquio.com.br\/disponivel-terceira-temporada-do-podcast-conhecendo-padre-eustaquio\/#primaryimage"},"thumbnailUrl":"https:\/\/www.padreeustaquio.com.br\/wp-content\/uploads\/2021\/07\/Podcast-conhecendo-padre-eustaquio-poa-sao-paulo.jpeg","datePublished":"2021-07-14T09:42:00+00:00","description":"Los 47 episodios de la tercera temporada del Podcast &quot;Conociendo al Padre Eust\u00e1quio&quot; son un proyecto desarrollado por el Museo Padre Eust\u00e1quio en Po\u00e1, S\u00e3o Paulo.","breadcrumb":{"@id":"https:\/\/www.padreeustaquio.com.br\/disponivel-terceira-temporada-do-podcast-conhecendo-padre-eustaquio\/#breadcrumb"},"inLanguage":"es","potentialAction":[{"@type":"ReadAction","target":["https:\/\/www.padreeustaquio.com.br\/disponivel-terceira-temporada-do-podcast-conhecendo-padre-eustaquio\/"]}]},{"@type":"ImageObject","inLanguage":"es","@id":"https:\/\/www.padreeustaquio.com.br\/disponivel-terceira-temporada-do-podcast-conhecendo-padre-eustaquio\/#primaryimage","url":"https:\/\/www.padreeustaquio.com.br\/wp-content\/uploads\/2021\/07\/Podcast-conhecendo-padre-eustaquio-poa-sao-paulo.jpeg","contentUrl":"https:\/\/www.padreeustaquio.com.br\/wp-content\/uploads\/2021\/07\/Podcast-conhecendo-padre-eustaquio-poa-sao-paulo.jpeg","width":1194,"height":523},{"@type":"BreadcrumbList","@id":"https:\/\/www.padreeustaquio.com.br\/disponivel-terceira-temporada-do-podcast-conhecendo-padre-eustaquio\/#breadcrumb","itemListElement":[{"@type":"ListItem","position":1,"name":"In\u00edcio","item":"https:\/\/www.padreeustaquio.com.br\/"},{"@type":"ListItem","position":2,"name":"Dispon\u00edvel terceira temporada do podcast \u201cConhecendo Padre Eust\u00e1quio\u201d"}]},{"@type":"WebSite","@id":"https:\/\/www.padreeustaquio.com.br\/#website","url":"https:\/\/www.padreeustaquio.com.br\/","name":"Padre Eustace","description":"Salud y Paz","publisher":{"@id":"https:\/\/www.padreeustaquio.com.br\/#organization"},"potentialAction":[{"@type":"SearchAction","target":{"@type":"EntryPoint","urlTemplate":"https:\/\/www.padreeustaquio.com.br\/?s={search_term_string}"},"query-input":{"@type":"PropertyValueSpecification","valueRequired":true,"valueName":"search_term_string"}}],"inLanguage":"es"},{"@type":"Organization","@id":"https:\/\/www.padreeustaquio.com.br\/#organization","name":"Padre Eustace","url":"https:\/\/www.padreeustaquio.com.br\/","logo":{"@type":"ImageObject","inLanguage":"es","@id":"https:\/\/www.padreeustaquio.com.br\/#\/schema\/logo\/image\/","url":"https:\/\/www.padreeustaquio.com.br\/wp-content\/uploads\/2019\/08\/marca.png","contentUrl":"https:\/\/www.padreeustaquio.com.br\/wp-content\/uploads\/2019\/08\/marca.png","width":350,"height":400,"caption":"Padre Eust\u00e1quio"},"image":{"@id":"https:\/\/www.padreeustaquio.com.br\/#\/schema\/logo\/image\/"},"sameAs":["https:\/\/www.facebook.com\/beatopadreeustaquio\/","https:\/\/x.com\/beatopeustaquio","https:\/\/www.instagram.com\/beatopadreeustaquio\/","https:\/\/www.youtube.com\/channel\/UCRhw7vfabnajwLxb1ZXMeIw"]},{"@type":"Person","@id":"https:\/\/www.padreeustaquio.com.br\/#\/schema\/person\/a2a51db1d00f1a7af0204a0f1ddb1566","name":"@sscc","image":{"@type":"ImageObject","inLanguage":"es","@id":"https:\/\/secure.gravatar.com\/avatar\/68cfafa5f44617fea54071e215026e0ff06be366c3d54a8425f04fdcb86f8c5f?s=96&d=mm&r=g","url":"https:\/\/secure.gravatar.com\/avatar\/68cfafa5f44617fea54071e215026e0ff06be366c3d54a8425f04fdcb86f8c5f?s=96&d=mm&r=g","contentUrl":"https:\/\/secure.gravatar.com\/avatar\/68cfafa5f44617fea54071e215026e0ff06be366c3d54a8425f04fdcb86f8c5f?s=96&d=mm&r=g","caption":"@sscc"},"url":"https:\/\/www.padreeustaquio.com.br\/es\/author\/sscc\/"}]}},"_links":{"self":[{"href":"https:\/\/www.padreeustaquio.com.br\/es\/wp-json\/wp\/v2\/posts\/6392","targetHints":{"allow":["GET"]}}],"collection":[{"href":"https:\/\/www.padreeustaquio.com.br\/es\/wp-json\/wp\/v2\/posts"}],"about":[{"href":"https:\/\/www.padreeustaquio.com.br\/es\/wp-json\/wp\/v2\/types\/post"}],"author":[{"embeddable":true,"href":"https:\/\/www.padreeustaquio.com.br\/es\/wp-json\/wp\/v2\/users\/2"}],"replies":[{"embeddable":true,"href":"https:\/\/www.padreeustaquio.com.br\/es\/wp-json\/wp\/v2\/comments?post=6392"}],"version-history":[{"count":0,"href":"https:\/\/www.padreeustaquio.com.br\/es\/wp-json\/wp\/v2\/posts\/6392\/revisions"}],"wp:featuredmedia":[{"embeddable":true,"href":"https:\/\/www.padreeustaquio.com.br\/es\/wp-json\/wp\/v2\/media\/6393"}],"wp:attachment":[{"href":"https:\/\/www.padreeustaquio.com.br\/es\/wp-json\/wp\/v2\/media?parent=6392"}],"wp:term":[{"taxonomy":"category","embeddable":true,"href":"https:\/\/www.padreeustaquio.com.br\/es\/wp-json\/wp\/v2\/categories?post=6392"},{"taxonomy":"post_tag","embeddable":true,"href":"https:\/\/www.padreeustaquio.com.br\/es\/wp-json\/wp\/v2\/tags?post=6392"}],"curies":[{"name":"wp","href":"https:\/\/api.w.org\/{rel}","templated":true}]}}