{"id":6026,"date":"2021-06-03T06:08:04","date_gmt":"2021-06-03T09:08:04","guid":{"rendered":"https:\/\/www.padreeustaquio.com.br\/?p=6026"},"modified":"2021-05-30T20:37:33","modified_gmt":"2021-05-30T23:37:33","slug":"corpus-christi-la-importancia-de-la-comunion-segun-los-escritos-del-padre-eustace","status":"publish","type":"post","link":"https:\/\/www.padreeustaquio.com.br\/es\/corpus-christi-la-importancia-de-la-comunion-segun-los-escritos-del-padre-eustace\/","title":{"rendered":"CORPUS CHRISTI \u2013 La importancia de la Comuni\u00f3n seg\u00fan los escritos del Padre Eustace"},"content":{"rendered":"<p>Seg\u00fan el Catecismo de la Iglesia Cat\u00f3lica, la Eucarist\u00eda es el Cuerpo y la Sangre de Jes\u00fas, instituidos por \u00c9l para perpetuar el sacrificio de la cruz a lo largo de los siglos. El Padre Eustaquio, en sus escritos, presenta un texto que habla sobre la importancia de la comuni\u00f3n para los cat\u00f3licos. Los invitamos a meditar con nosotros sobre las palabras del Beato. Lea el texto completo:<\/p>\n<p><em><strong>\u201c&quot;Porque el pan de Dios es aquel que desciende del cielo y da vida al mundo.&quot;\u201d<\/strong><\/em><\/p>\n<p><em>Como sacerdote, no podr\u00eda cumplir mi misi\u00f3n entre vosotros si no os hablara de esta sagrada comuni\u00f3n, preparada por el mismo Cristo, en la que \u00c9l se da, d\u00eda a d\u00eda, como alimento para las almas.<\/em><\/p>\n<p><em>No todos pueden acercarse a la mesa de la comuni\u00f3n a diario, y no todos los que se acercan a diario lo hacen con suficiente fervor. Sin embargo, el banquete celestial es demasiado grandioso, demasiado sagrado, como para que nos mantengamos innecesariamente alejados de \u00e9l, demasiado precioso como para que juzguemos nuestro celo y fervor como suficientes.<\/em><\/p>\n<p><em>Perd\u00f3name por no cumplir mi palabra con sublimidad y fervor. Oh Jes\u00fas, presente en el sagrario, consagra mis palabras, mi lenguaje, para que el fuego del amor se encienda en los corazones de tus fieles.<\/em><\/p>\n<p><em>\u00bfQu\u00e9 mantiene a los hombres alejados de la mesa de la comuni\u00f3n? <\/em><em>\u00bfSer\u00e1 falta de amor hacia Aquel que nos llama, o acaso la comida de este banquete no tiene valor? \u00a1No, tres veces no! Nadie ha llamado a sus invitados con tanto amor, con tanta insistencia. No hay comida comparable a esta. Puedo decir con toda franqueza que es nuestra falta de atenci\u00f3n, nuestro descuido.<\/em><\/p>\n<p><em>Esto nos ciega, impidi\u00e9ndonos discernir el alimento espiritual, impidi\u00e9ndonos ver con claridad el valor, el cuidado y el amor con que fue preparado. Esta despreocupaci\u00f3n nos aleja de meditar en la bondad de Aquel que prepar\u00f3 el banquete para nosotros. No escuchamos la voz del Se\u00f1or, que nos llama con insistente ternura.<\/em><\/p>\n<p><em>Que nuestros corazones anhelen ser nutridos con el Cuerpo y la Sangre de Nuestro Se\u00f1or, como Santa Imelda, quien, de ni\u00f1a, llor\u00f3 y llor\u00f3 hasta que una mano invisible le puso el Pan del Cielo en la boca. Y San Estanislao Kostka, moribundo, dese\u00f3 la Sagrada Comuni\u00f3n y no hab\u00eda sacerdote que se la pudiera traer. Dios, en su infinita bondad, envi\u00f3 a Santa B\u00e1rbara para que se la trajera.<\/em><\/p>\n<p><em>\u00bfPor qu\u00e9 nuestros corazones no anhelan la Sagrada Comuni\u00f3n? \u00bfEntendemos qu\u00e9 es? \u00bfEntendemos la respuesta de Jes\u00fas en el Evangelio: es el pan bajado del cielo?.<\/em><\/p>\n<p><em>Nuestros ojos ven las apariencias del alimento terrenal, pero son solo un velo que cubre a Cristo. \u00bfCon qu\u00e9, entonces, puedo comparar este Pan celestial? \u00bfCon el man\u00e1 del desierto? Baj\u00f3 de gran altura, pero era un alimento com\u00fan. Los cinco panes que se multiplicaron en las manos de Jes\u00fas eran pan milagroso, pero pan terrenal.<\/em><\/p>\n<p><em>Daniel, en el foso de los leones, fue alimentado milagrosamente por Dios para satisfacer sus necesidades f\u00edsicas, pero en la santa comuni\u00f3n, Dios nos alimenta en nuestras necesidades espirituales.<\/em><\/p>\n<p><em>\u00bfQu\u00e9 es este Pan que, arrojado al fuego por error, no se consumi\u00f3, sino que brill\u00f3 como el sol entre las llamas, en el milagro de \u00c1msterdam? \u00bfQu\u00e9 es este Pan que el pagano Widukind vio entrar, como un hermoso ni\u00f1o, en la boca de Carlomagno al comulgar? \u00bfQu\u00e9 es este Pan que San Tarsicio protegi\u00f3 con la p\u00e9rdida de su propia vida? Puedo expresarlo con las breves palabras de Jacob, en la Sagrada Escritura: \u201cDios est\u00e1 aqu\u00ed\u201d.<\/em><\/p>\n<p><em>Ahora entendemos por qu\u00e9 este alimento, de tan gran valor para la humanidad, debe ser apreciado por encima de todo. Los frutos de la santa comuni\u00f3n son invaluables.<\/em><\/p>\n<p><em>Consideremos las promesas eucar\u00edsticas de Nuestro Se\u00f1or:<\/em><\/p>\n<p><em>El que come mi carne y bebe mi sangre, en m\u00ed permanecer\u00e1, y yo en \u00e9l. <\/em><em>\u00c9l vivir\u00e1 por m\u00ed\u2026 Tendr\u00e1 vida eterna\u2026 Yo lo resucitar\u00e9 en el nuevo d\u00eda.<\/em><\/p>\n<p><em>Sucede que, en medio de nuestra vida cotidiana, arrastrados por la corriente de las preocupaciones terrenales, parecemos vivir solo para este mundo. Existe el peligro de buscar nuestro prop\u00f3sito aqu\u00ed en la tierra, en lugar de buscarlo en el cielo. Ya no pensamos en Dios, a quien debemos servir, en el Esp\u00edritu que debe fructificar sus obras, en la fuente de vida, que es la Santa Cena. Para ellos, la palabra es: \u00c9l vivir\u00e1 en m\u00ed y yo en \u00e9l.<\/em><\/p>\n<p><em>Tras el pecado de Ad\u00e1n, no nos atrae el bien, sino el mal, aun sabiendo que este lleva a la perdici\u00f3n. El coraz\u00f3n humano, con sus sentimientos de justicia y amor por su Creador, a menudo se entrega a las criaturas, con locura, a expensas de su Creador. Y muchos, solo despu\u00e9s de la ca\u00edda, reconocen su crimen, se horrorizan de sus pecados y desean una vida de amistad con Dios. Aqu\u00ed, se\u00f1alo al hombre ca\u00eddo, el \u00e1rbol de la vida, la cena de los \u00e1ngeles, la santa mesa de la comuni\u00f3n.<\/em><\/p>\n<p><em>De aqu\u00ed vienen todos los que desean una vida m\u00e1s c\u00f3moda seg\u00fan las leyes de Dios, y se cumplir\u00e1n las palabras de Nuestro Se\u00f1or: \u00abEl que come de este alimento vivir\u00e1 en m\u00ed. Tendr\u00e1 vida eterna\u2026\u00bb.<\/em><\/p>\n<p><em>A veces el cielo del alma es tan oscuro que ya no hay estrellas que brillen, como en una noche de tormenta cuando el pescador es juguete de las olas. Con \u00e9l, ora: &quot;\u00a1Ll\u00e9vame a puerto seguro, Se\u00f1or, ll\u00e9vame al cielo!&quot;. Recuerda, entonces, las palabras: &quot;Tendr\u00e1 vida eterna...&quot;.<\/em><\/p>\n<p><em>Y para concluir, cito estas palabras: Lo resucitar\u00e9 en el nuevo d\u00eda. No hay lazos que nos aten m\u00e1s a esta tierra que los lazos del amor y la sangre. Ning\u00fan otro lazo se rompe con tanta pena. La muerte lo hace a diario. Y cuando se derramen l\u00e1grimas amargas ante la tumba de un ser querido, abierta demasiado pronto, que la Sagrada Comuni\u00f3n sea su consuelo y escuchen la voz de quienes nos precedieron, sobre la tumba: Lo resucitar\u00e9 en el nuevo d\u00eda.<\/em><\/p>","protected":false},"excerpt":{"rendered":"<p>A eucar\u00edstica, segundo o Catecismo da Igreja Cat\u00f3lica, \u00e9 o pr\u00f3prio Corpo e Sangue de Jesus, que Ele instituiu para perpetuar o sacrif\u00edcio da cruz ao longo dos tempos. E Padre Eust\u00e1quio, em seus escritos, traz um texto falando sobre a import\u00e2ncia da comunh\u00e3o para os cat\u00f3licos. Convidamos voc\u00ea a meditar conosco as palavras do Bem-aventurado. Leia o texto na \u00edntegra: \u201cPorque o P\u00e3o de Deus \u00e9 o que desceu do c\u00e9u, e d\u00e1 vida ao mundo.\u201d Como sacerdote, n\u00e3o poderia cumprir a minha miss\u00e3o entre v\u00f3s , se n\u00e3o vos falasse deste sacro conv\u00edvio, preparado por Cristo em pessoa, [&hellip;]<\/p>\n","protected":false},"author":2,"featured_media":6027,"comment_status":"open","ping_status":"closed","sticky":false,"template":"","format":"standard","meta":{"_acf_changed":false,"footnotes":""},"categories":[611],"tags":[],"class_list":["post-6026","post","type-post","status-publish","format-standard","has-post-thumbnail","hentry","category-noticias"],"acf":[],"yoast_head":"<!-- This site is optimized with the Yoast SEO plugin v27.2 - https:\/\/yoast.com\/product\/yoast-seo-wordpress\/ -->\n<title>CORPUS CHRISTI - A import\u00e2ncia da Comunh\u00e3o relatada nos escritos de Padre Eust\u00e1quio - Padre Eust\u00e1quio<\/title>\n<meta name=\"robots\" content=\"index, follow, max-snippet:-1, max-image-preview:large, max-video-preview:-1\" \/>\n<link rel=\"canonical\" href=\"https:\/\/www.padreeustaquio.com.br\/es\/corpus-christi-la-importancia-de-la-comunion-segun-los-escritos-del-padre-eustace\/\" \/>\n<meta property=\"og:locale\" content=\"es_ES\" \/>\n<meta property=\"og:type\" content=\"article\" \/>\n<meta property=\"og:title\" content=\"CORPUS CHRISTI - A import\u00e2ncia da Comunh\u00e3o relatada nos escritos de Padre Eust\u00e1quio - Padre Eust\u00e1quio\" \/>\n<meta property=\"og:description\" content=\"A eucar\u00edstica, segundo o Catecismo da Igreja Cat\u00f3lica, \u00e9 o pr\u00f3prio Corpo e Sangue de Jesus, que Ele instituiu para perpetuar o sacrif\u00edcio da cruz ao longo dos tempos. E Padre Eust\u00e1quio, em seus escritos, traz um texto falando sobre a import\u00e2ncia da comunh\u00e3o para os cat\u00f3licos. Convidamos voc\u00ea a meditar conosco as palavras do Bem-aventurado. Leia o texto na \u00edntegra: \u201cPorque o P\u00e3o de Deus \u00e9 o que desceu do c\u00e9u, e d\u00e1 vida ao mundo.\u201d Como sacerdote, n\u00e3o poderia cumprir a minha miss\u00e3o entre v\u00f3s , se n\u00e3o vos falasse deste sacro conv\u00edvio, preparado por Cristo em pessoa, [&hellip;]\" \/>\n<meta property=\"og:url\" content=\"https:\/\/www.padreeustaquio.com.br\/es\/corpus-christi-la-importancia-de-la-comunion-segun-los-escritos-del-padre-eustace\/\" \/>\n<meta property=\"og:site_name\" content=\"Padre Eust\u00e1quio\" \/>\n<meta property=\"article:publisher\" content=\"https:\/\/www.facebook.com\/beatopadreeustaquio\/\" \/>\n<meta property=\"article:published_time\" content=\"2021-06-03T09:08:04+00:00\" \/>\n<meta property=\"og:image\" content=\"https:\/\/www.padreeustaquio.com.br\/wp-content\/uploads\/2021\/05\/Corpus-Christi-dia.jpg\" \/>\n\t<meta property=\"og:image:width\" content=\"748\" \/>\n\t<meta property=\"og:image:height\" content=\"394\" \/>\n\t<meta property=\"og:image:type\" content=\"image\/jpeg\" \/>\n<meta name=\"author\" content=\"@sscc\" \/>\n<meta name=\"twitter:card\" content=\"summary_large_image\" \/>\n<meta name=\"twitter:creator\" content=\"@beatopeustaquio\" \/>\n<meta name=\"twitter:site\" content=\"@beatopeustaquio\" \/>\n<meta name=\"twitter:label1\" content=\"Escrito por\" \/>\n\t<meta name=\"twitter:data1\" content=\"@sscc\" \/>\n\t<meta name=\"twitter:label2\" content=\"Tiempo de lectura\" \/>\n\t<meta name=\"twitter:data2\" content=\"5 minutos\" \/>\n<script type=\"application\/ld+json\" class=\"yoast-schema-graph\">{\"@context\":\"https:\/\/schema.org\",\"@graph\":[{\"@type\":\"Article\",\"@id\":\"https:\/\/www.padreeustaquio.com.br\/corpus-christi-a-importancia-da-comunhao-relatada-nos-escritos-de-padre-eustaquio\/#article\",\"isPartOf\":{\"@id\":\"https:\/\/www.padreeustaquio.com.br\/corpus-christi-a-importancia-da-comunhao-relatada-nos-escritos-de-padre-eustaquio\/\"},\"author\":{\"name\":\"@sscc\",\"@id\":\"https:\/\/www.padreeustaquio.com.br\/#\/schema\/person\/a2a51db1d00f1a7af0204a0f1ddb1566\"},\"headline\":\"CORPUS CHRISTI &#8211; A import\u00e2ncia da Comunh\u00e3o relatada nos escritos de Padre Eust\u00e1quio\",\"datePublished\":\"2021-06-03T09:08:04+00:00\",\"mainEntityOfPage\":{\"@id\":\"https:\/\/www.padreeustaquio.com.br\/corpus-christi-a-importancia-da-comunhao-relatada-nos-escritos-de-padre-eustaquio\/\"},\"wordCount\":1063,\"commentCount\":0,\"publisher\":{\"@id\":\"https:\/\/www.padreeustaquio.com.br\/#organization\"},\"image\":{\"@id\":\"https:\/\/www.padreeustaquio.com.br\/corpus-christi-a-importancia-da-comunhao-relatada-nos-escritos-de-padre-eustaquio\/#primaryimage\"},\"thumbnailUrl\":\"https:\/\/www.padreeustaquio.com.br\/wp-content\/uploads\/2021\/05\/Corpus-Christi-dia.jpg\",\"articleSection\":[\"Not\u00edcias\"],\"inLanguage\":\"es\",\"potentialAction\":[{\"@type\":\"CommentAction\",\"name\":\"Comment\",\"target\":[\"https:\/\/www.padreeustaquio.com.br\/corpus-christi-a-importancia-da-comunhao-relatada-nos-escritos-de-padre-eustaquio\/#respond\"]}]},{\"@type\":\"WebPage\",\"@id\":\"https:\/\/www.padreeustaquio.com.br\/corpus-christi-a-importancia-da-comunhao-relatada-nos-escritos-de-padre-eustaquio\/\",\"url\":\"https:\/\/www.padreeustaquio.com.br\/corpus-christi-a-importancia-da-comunhao-relatada-nos-escritos-de-padre-eustaquio\/\",\"name\":\"CORPUS CHRISTI - A import\u00e2ncia da Comunh\u00e3o relatada nos escritos de Padre Eust\u00e1quio - Padre Eust\u00e1quio\",\"isPartOf\":{\"@id\":\"https:\/\/www.padreeustaquio.com.br\/#website\"},\"primaryImageOfPage\":{\"@id\":\"https:\/\/www.padreeustaquio.com.br\/corpus-christi-a-importancia-da-comunhao-relatada-nos-escritos-de-padre-eustaquio\/#primaryimage\"},\"image\":{\"@id\":\"https:\/\/www.padreeustaquio.com.br\/corpus-christi-a-importancia-da-comunhao-relatada-nos-escritos-de-padre-eustaquio\/#primaryimage\"},\"thumbnailUrl\":\"https:\/\/www.padreeustaquio.com.br\/wp-content\/uploads\/2021\/05\/Corpus-Christi-dia.jpg\",\"datePublished\":\"2021-06-03T09:08:04+00:00\",\"breadcrumb\":{\"@id\":\"https:\/\/www.padreeustaquio.com.br\/corpus-christi-a-importancia-da-comunhao-relatada-nos-escritos-de-padre-eustaquio\/#breadcrumb\"},\"inLanguage\":\"es\",\"potentialAction\":[{\"@type\":\"ReadAction\",\"target\":[\"https:\/\/www.padreeustaquio.com.br\/corpus-christi-a-importancia-da-comunhao-relatada-nos-escritos-de-padre-eustaquio\/\"]}]},{\"@type\":\"ImageObject\",\"inLanguage\":\"es\",\"@id\":\"https:\/\/www.padreeustaquio.com.br\/corpus-christi-a-importancia-da-comunhao-relatada-nos-escritos-de-padre-eustaquio\/#primaryimage\",\"url\":\"https:\/\/www.padreeustaquio.com.br\/wp-content\/uploads\/2021\/05\/Corpus-Christi-dia.jpg\",\"contentUrl\":\"https:\/\/www.padreeustaquio.com.br\/wp-content\/uploads\/2021\/05\/Corpus-Christi-dia.jpg\",\"width\":748,\"height\":394},{\"@type\":\"BreadcrumbList\",\"@id\":\"https:\/\/www.padreeustaquio.com.br\/corpus-christi-a-importancia-da-comunhao-relatada-nos-escritos-de-padre-eustaquio\/#breadcrumb\",\"itemListElement\":[{\"@type\":\"ListItem\",\"position\":1,\"name\":\"In\u00edcio\",\"item\":\"https:\/\/www.padreeustaquio.com.br\/\"},{\"@type\":\"ListItem\",\"position\":2,\"name\":\"CORPUS CHRISTI &#8211; A import\u00e2ncia da Comunh\u00e3o relatada nos escritos de Padre Eust\u00e1quio\"}]},{\"@type\":\"WebSite\",\"@id\":\"https:\/\/www.padreeustaquio.com.br\/#website\",\"url\":\"https:\/\/www.padreeustaquio.com.br\/\",\"name\":\"Padre Eust\u00e1quio\",\"description\":\"Sa\u00fade e Paz\",\"publisher\":{\"@id\":\"https:\/\/www.padreeustaquio.com.br\/#organization\"},\"potentialAction\":[{\"@type\":\"SearchAction\",\"target\":{\"@type\":\"EntryPoint\",\"urlTemplate\":\"https:\/\/www.padreeustaquio.com.br\/?s={search_term_string}\"},\"query-input\":{\"@type\":\"PropertyValueSpecification\",\"valueRequired\":true,\"valueName\":\"search_term_string\"}}],\"inLanguage\":\"es\"},{\"@type\":\"Organization\",\"@id\":\"https:\/\/www.padreeustaquio.com.br\/#organization\",\"name\":\"Padre Eust\u00e1quio\",\"url\":\"https:\/\/www.padreeustaquio.com.br\/\",\"logo\":{\"@type\":\"ImageObject\",\"inLanguage\":\"es\",\"@id\":\"https:\/\/www.padreeustaquio.com.br\/#\/schema\/logo\/image\/\",\"url\":\"https:\/\/www.padreeustaquio.com.br\/wp-content\/uploads\/2019\/08\/marca.png\",\"contentUrl\":\"https:\/\/www.padreeustaquio.com.br\/wp-content\/uploads\/2019\/08\/marca.png\",\"width\":350,\"height\":400,\"caption\":\"Padre Eust\u00e1quio\"},\"image\":{\"@id\":\"https:\/\/www.padreeustaquio.com.br\/#\/schema\/logo\/image\/\"},\"sameAs\":[\"https:\/\/www.facebook.com\/beatopadreeustaquio\/\",\"https:\/\/x.com\/beatopeustaquio\",\"https:\/\/www.instagram.com\/beatopadreeustaquio\/\",\"https:\/\/www.youtube.com\/channel\/UCRhw7vfabnajwLxb1ZXMeIw\"]},{\"@type\":\"Person\",\"@id\":\"https:\/\/www.padreeustaquio.com.br\/#\/schema\/person\/a2a51db1d00f1a7af0204a0f1ddb1566\",\"name\":\"@sscc\",\"image\":{\"@type\":\"ImageObject\",\"inLanguage\":\"es\",\"@id\":\"https:\/\/secure.gravatar.com\/avatar\/68cfafa5f44617fea54071e215026e0ff06be366c3d54a8425f04fdcb86f8c5f?s=96&d=mm&r=g\",\"url\":\"https:\/\/secure.gravatar.com\/avatar\/68cfafa5f44617fea54071e215026e0ff06be366c3d54a8425f04fdcb86f8c5f?s=96&d=mm&r=g\",\"contentUrl\":\"https:\/\/secure.gravatar.com\/avatar\/68cfafa5f44617fea54071e215026e0ff06be366c3d54a8425f04fdcb86f8c5f?s=96&d=mm&r=g\",\"caption\":\"@sscc\"},\"url\":\"https:\/\/www.padreeustaquio.com.br\/es\/author\/sscc\/\"}]}<\/script>\n<!-- \/ Yoast SEO plugin. -->","yoast_head_json":{"title":"CORPUS CHRISTI - La importancia de la Comuni\u00f3n seg\u00fan los escritos del Padre Eustace - Padre Eustace","robots":{"index":"index","follow":"follow","max-snippet":"max-snippet:-1","max-image-preview":"max-image-preview:large","max-video-preview":"max-video-preview:-1"},"canonical":"https:\/\/www.padreeustaquio.com.br\/es\/corpus-christi-la-importancia-de-la-comunion-segun-los-escritos-del-padre-eustace\/","og_locale":"es_ES","og_type":"article","og_title":"CORPUS CHRISTI - A import\u00e2ncia da Comunh\u00e3o relatada nos escritos de Padre Eust\u00e1quio - Padre Eust\u00e1quio","og_description":"A eucar\u00edstica, segundo o Catecismo da Igreja Cat\u00f3lica, \u00e9 o pr\u00f3prio Corpo e Sangue de Jesus, que Ele instituiu para perpetuar o sacrif\u00edcio da cruz ao longo dos tempos. E Padre Eust\u00e1quio, em seus escritos, traz um texto falando sobre a import\u00e2ncia da comunh\u00e3o para os cat\u00f3licos. Convidamos voc\u00ea a meditar conosco as palavras do Bem-aventurado. Leia o texto na \u00edntegra: \u201cPorque o P\u00e3o de Deus \u00e9 o que desceu do c\u00e9u, e d\u00e1 vida ao mundo.\u201d Como sacerdote, n\u00e3o poderia cumprir a minha miss\u00e3o entre v\u00f3s , se n\u00e3o vos falasse deste sacro conv\u00edvio, preparado por Cristo em pessoa, [&hellip;]","og_url":"https:\/\/www.padreeustaquio.com.br\/es\/corpus-christi-la-importancia-de-la-comunion-segun-los-escritos-del-padre-eustace\/","og_site_name":"Padre Eust\u00e1quio","article_publisher":"https:\/\/www.facebook.com\/beatopadreeustaquio\/","article_published_time":"2021-06-03T09:08:04+00:00","og_image":[{"width":748,"height":394,"url":"https:\/\/www.padreeustaquio.com.br\/wp-content\/uploads\/2021\/05\/Corpus-Christi-dia.jpg","type":"image\/jpeg"}],"author":"@sscc","twitter_card":"summary_large_image","twitter_creator":"@beatopeustaquio","twitter_site":"@beatopeustaquio","twitter_misc":{"Escrito por":"@sscc","Tiempo de lectura":"5 minutos"},"schema":{"@context":"https:\/\/schema.org","@graph":[{"@type":"Article","@id":"https:\/\/www.padreeustaquio.com.br\/corpus-christi-a-importancia-da-comunhao-relatada-nos-escritos-de-padre-eustaquio\/#article","isPartOf":{"@id":"https:\/\/www.padreeustaquio.com.br\/corpus-christi-a-importancia-da-comunhao-relatada-nos-escritos-de-padre-eustaquio\/"},"author":{"name":"@sscc","@id":"https:\/\/www.padreeustaquio.com.br\/#\/schema\/person\/a2a51db1d00f1a7af0204a0f1ddb1566"},"headline":"CORPUS CHRISTI &#8211; A import\u00e2ncia da Comunh\u00e3o relatada nos escritos de Padre Eust\u00e1quio","datePublished":"2021-06-03T09:08:04+00:00","mainEntityOfPage":{"@id":"https:\/\/www.padreeustaquio.com.br\/corpus-christi-a-importancia-da-comunhao-relatada-nos-escritos-de-padre-eustaquio\/"},"wordCount":1063,"commentCount":0,"publisher":{"@id":"https:\/\/www.padreeustaquio.com.br\/#organization"},"image":{"@id":"https:\/\/www.padreeustaquio.com.br\/corpus-christi-a-importancia-da-comunhao-relatada-nos-escritos-de-padre-eustaquio\/#primaryimage"},"thumbnailUrl":"https:\/\/www.padreeustaquio.com.br\/wp-content\/uploads\/2021\/05\/Corpus-Christi-dia.jpg","articleSection":["Not\u00edcias"],"inLanguage":"es","potentialAction":[{"@type":"CommentAction","name":"Comment","target":["https:\/\/www.padreeustaquio.com.br\/corpus-christi-a-importancia-da-comunhao-relatada-nos-escritos-de-padre-eustaquio\/#respond"]}]},{"@type":"WebPage","@id":"https:\/\/www.padreeustaquio.com.br\/corpus-christi-a-importancia-da-comunhao-relatada-nos-escritos-de-padre-eustaquio\/","url":"https:\/\/www.padreeustaquio.com.br\/corpus-christi-a-importancia-da-comunhao-relatada-nos-escritos-de-padre-eustaquio\/","name":"CORPUS CHRISTI - La importancia de la Comuni\u00f3n seg\u00fan los escritos del Padre Eustace - Padre Eustace","isPartOf":{"@id":"https:\/\/www.padreeustaquio.com.br\/#website"},"primaryImageOfPage":{"@id":"https:\/\/www.padreeustaquio.com.br\/corpus-christi-a-importancia-da-comunhao-relatada-nos-escritos-de-padre-eustaquio\/#primaryimage"},"image":{"@id":"https:\/\/www.padreeustaquio.com.br\/corpus-christi-a-importancia-da-comunhao-relatada-nos-escritos-de-padre-eustaquio\/#primaryimage"},"thumbnailUrl":"https:\/\/www.padreeustaquio.com.br\/wp-content\/uploads\/2021\/05\/Corpus-Christi-dia.jpg","datePublished":"2021-06-03T09:08:04+00:00","breadcrumb":{"@id":"https:\/\/www.padreeustaquio.com.br\/corpus-christi-a-importancia-da-comunhao-relatada-nos-escritos-de-padre-eustaquio\/#breadcrumb"},"inLanguage":"es","potentialAction":[{"@type":"ReadAction","target":["https:\/\/www.padreeustaquio.com.br\/corpus-christi-a-importancia-da-comunhao-relatada-nos-escritos-de-padre-eustaquio\/"]}]},{"@type":"ImageObject","inLanguage":"es","@id":"https:\/\/www.padreeustaquio.com.br\/corpus-christi-a-importancia-da-comunhao-relatada-nos-escritos-de-padre-eustaquio\/#primaryimage","url":"https:\/\/www.padreeustaquio.com.br\/wp-content\/uploads\/2021\/05\/Corpus-Christi-dia.jpg","contentUrl":"https:\/\/www.padreeustaquio.com.br\/wp-content\/uploads\/2021\/05\/Corpus-Christi-dia.jpg","width":748,"height":394},{"@type":"BreadcrumbList","@id":"https:\/\/www.padreeustaquio.com.br\/corpus-christi-a-importancia-da-comunhao-relatada-nos-escritos-de-padre-eustaquio\/#breadcrumb","itemListElement":[{"@type":"ListItem","position":1,"name":"In\u00edcio","item":"https:\/\/www.padreeustaquio.com.br\/"},{"@type":"ListItem","position":2,"name":"CORPUS CHRISTI &#8211; A import\u00e2ncia da Comunh\u00e3o relatada nos escritos de Padre Eust\u00e1quio"}]},{"@type":"WebSite","@id":"https:\/\/www.padreeustaquio.com.br\/#website","url":"https:\/\/www.padreeustaquio.com.br\/","name":"Padre Eustace","description":"Salud y Paz","publisher":{"@id":"https:\/\/www.padreeustaquio.com.br\/#organization"},"potentialAction":[{"@type":"SearchAction","target":{"@type":"EntryPoint","urlTemplate":"https:\/\/www.padreeustaquio.com.br\/?s={search_term_string}"},"query-input":{"@type":"PropertyValueSpecification","valueRequired":true,"valueName":"search_term_string"}}],"inLanguage":"es"},{"@type":"Organization","@id":"https:\/\/www.padreeustaquio.com.br\/#organization","name":"Padre Eustace","url":"https:\/\/www.padreeustaquio.com.br\/","logo":{"@type":"ImageObject","inLanguage":"es","@id":"https:\/\/www.padreeustaquio.com.br\/#\/schema\/logo\/image\/","url":"https:\/\/www.padreeustaquio.com.br\/wp-content\/uploads\/2019\/08\/marca.png","contentUrl":"https:\/\/www.padreeustaquio.com.br\/wp-content\/uploads\/2019\/08\/marca.png","width":350,"height":400,"caption":"Padre Eust\u00e1quio"},"image":{"@id":"https:\/\/www.padreeustaquio.com.br\/#\/schema\/logo\/image\/"},"sameAs":["https:\/\/www.facebook.com\/beatopadreeustaquio\/","https:\/\/x.com\/beatopeustaquio","https:\/\/www.instagram.com\/beatopadreeustaquio\/","https:\/\/www.youtube.com\/channel\/UCRhw7vfabnajwLxb1ZXMeIw"]},{"@type":"Person","@id":"https:\/\/www.padreeustaquio.com.br\/#\/schema\/person\/a2a51db1d00f1a7af0204a0f1ddb1566","name":"@sscc","image":{"@type":"ImageObject","inLanguage":"es","@id":"https:\/\/secure.gravatar.com\/avatar\/68cfafa5f44617fea54071e215026e0ff06be366c3d54a8425f04fdcb86f8c5f?s=96&d=mm&r=g","url":"https:\/\/secure.gravatar.com\/avatar\/68cfafa5f44617fea54071e215026e0ff06be366c3d54a8425f04fdcb86f8c5f?s=96&d=mm&r=g","contentUrl":"https:\/\/secure.gravatar.com\/avatar\/68cfafa5f44617fea54071e215026e0ff06be366c3d54a8425f04fdcb86f8c5f?s=96&d=mm&r=g","caption":"@sscc"},"url":"https:\/\/www.padreeustaquio.com.br\/es\/author\/sscc\/"}]}},"_links":{"self":[{"href":"https:\/\/www.padreeustaquio.com.br\/es\/wp-json\/wp\/v2\/posts\/6026","targetHints":{"allow":["GET"]}}],"collection":[{"href":"https:\/\/www.padreeustaquio.com.br\/es\/wp-json\/wp\/v2\/posts"}],"about":[{"href":"https:\/\/www.padreeustaquio.com.br\/es\/wp-json\/wp\/v2\/types\/post"}],"author":[{"embeddable":true,"href":"https:\/\/www.padreeustaquio.com.br\/es\/wp-json\/wp\/v2\/users\/2"}],"replies":[{"embeddable":true,"href":"https:\/\/www.padreeustaquio.com.br\/es\/wp-json\/wp\/v2\/comments?post=6026"}],"version-history":[{"count":0,"href":"https:\/\/www.padreeustaquio.com.br\/es\/wp-json\/wp\/v2\/posts\/6026\/revisions"}],"wp:featuredmedia":[{"embeddable":true,"href":"https:\/\/www.padreeustaquio.com.br\/es\/wp-json\/wp\/v2\/media\/6027"}],"wp:attachment":[{"href":"https:\/\/www.padreeustaquio.com.br\/es\/wp-json\/wp\/v2\/media?parent=6026"}],"wp:term":[{"taxonomy":"category","embeddable":true,"href":"https:\/\/www.padreeustaquio.com.br\/es\/wp-json\/wp\/v2\/categories?post=6026"},{"taxonomy":"post_tag","embeddable":true,"href":"https:\/\/www.padreeustaquio.com.br\/es\/wp-json\/wp\/v2\/tags?post=6026"}],"curies":[{"name":"wp","href":"https:\/\/api.w.org\/{rel}","templated":true}]}}