{"id":5934,"date":"2021-05-28T06:31:57","date_gmt":"2021-05-28T09:31:57","guid":{"rendered":"https:\/\/www.padreeustaquio.com.br\/?p=5934"},"modified":"2021-05-28T14:09:50","modified_gmt":"2021-05-28T17:09:50","slug":"la-capilla-del-padre-eustaquio-en-caete-esta-en-su-fase-final","status":"publish","type":"post","link":"https:\/\/www.padreeustaquio.com.br\/es\/la-capilla-del-padre-eustaquio-en-caete-esta-en-su-fase-final\/","title":{"rendered":"La Capilla Padre Eust\u00e1quio en Caet\u00e9 se encuentra en sus etapas finales de construcci\u00f3n."},"content":{"rendered":"<p>Una capilla construida por devotos del Padre Eust\u00e1quio en Caet\u00e9, Minas Gerais, se encuentra en su fase final. El oratorio se ubica en el barrio de Quintas da Serra, en una propiedad privada que tambi\u00e9n alberga la residencia y el taller del artesano religioso Joel Matias.<\/p>\n<p><img fetchpriority=\"high\" decoding=\"async\" class=\"wp-image-5938 alignleft\" src=\"https:\/\/www.padreeustaquio.com.br\/wp-content\/uploads\/2021\/05\/capela-missa-caete-nossa-senhora-anunciacao-225x300.jpeg\" alt=\"\" width=\"264\" height=\"352\" srcset=\"https:\/\/www.padreeustaquio.com.br\/wp-content\/uploads\/2021\/05\/capela-missa-caete-nossa-senhora-anunciacao-225x300.jpeg 225w, https:\/\/www.padreeustaquio.com.br\/wp-content\/uploads\/2021\/05\/capela-missa-caete-nossa-senhora-anunciacao-768x1024.jpeg 768w, https:\/\/www.padreeustaquio.com.br\/wp-content\/uploads\/2021\/05\/capela-missa-caete-nossa-senhora-anunciacao.jpeg 960w\" sizes=\"(max-width: 264px) 100vw, 264px\" \/>La idea de construir la capilla surgi\u00f3 de una promesa del abogado y exalcalde de Caet\u00e9, Ademir Carvalho, quien recibi\u00f3 una bendici\u00f3n por intercesi\u00f3n del Padre Eust\u00e1quio. Su hijo, Jair Costa Carvalho, padec\u00eda fiebre maculosa, la misma enfermedad que finalmente result\u00f3 fatal para el Beato Padre. Tras la oraci\u00f3n de sus padres, Ademir y K\u00e1tia, pidiendo la intercesi\u00f3n del sacerdote, Jair recuper\u00f3 la salud.<\/p>\n<p>El oratorio, con capacidad para 80 personas, se llamar\u00e1 &quot;Nuestra Se\u00f1ora de la Anunciaci\u00f3n y Beato Padre Eustaquio&quot;. El pr\u00f3ximo domingo 30 de mayo se celebrar\u00e1 una Santa Misa presidida por el vicepostulador de la Causa de Canonizaci\u00f3n del Padre Eustaquio, Padre Vin\u00edcius Maciel, SSCC.<\/p>","protected":false},"excerpt":{"rendered":"<p>Uma capela constru\u00edda por devotos de Padre Eust\u00e1quio em Caet\u00e9\/MG, est\u00e1 em fase de acabamento. O orat\u00f3rio fica no bairro Quintas da Serra em uma propriedade particular onde \u00e9 a resid\u00eancia e o ateli\u00ea do artes\u00e3o-sacro Joel Matias. A ideia de construir a capela surgiu com uma promessa feita pelo advogado e ex-prefeito de Caet\u00e9, Ademir Carvalho, que alcan\u00e7ou uma gra\u00e7a pela intercess\u00e3o de Padre Eust\u00e1quio. O filho dele, Jair Costa Carvalho, teve febre maculosa, mesma doen\u00e7a que acabou sendo fatal para o Bem-aventurado. Ap\u00f3s os pais Ademir e K\u00e1tia rezarem, pedindo a intercess\u00e3o do padre, Jair teve a sa\u00fade [&hellip;]<\/p>\n","protected":false},"author":2,"featured_media":5945,"comment_status":"open","ping_status":"closed","sticky":false,"template":"","format":"standard","meta":{"_acf_changed":false,"footnotes":""},"categories":[611],"tags":[],"class_list":["post-5934","post","type-post","status-publish","format-standard","has-post-thumbnail","hentry","category-noticias"],"acf":[],"yoast_head":"<!-- This site is optimized with the Yoast SEO plugin v27.2 - https:\/\/yoast.com\/product\/yoast-seo-wordpress\/ -->\n<title>Capela de Padre Eust\u00e1quio em Caet\u00e9 est\u00e1 em fase de acabamento - Padre Eust\u00e1quio<\/title>\n<meta name=\"robots\" content=\"index, follow, max-snippet:-1, max-image-preview:large, max-video-preview:-1\" \/>\n<link rel=\"canonical\" href=\"https:\/\/www.padreeustaquio.com.br\/es\/la-capilla-del-padre-eustaquio-en-caete-esta-en-su-fase-final\/\" \/>\n<meta property=\"og:locale\" content=\"es_ES\" \/>\n<meta property=\"og:type\" content=\"article\" \/>\n<meta property=\"og:title\" content=\"Capela de Padre Eust\u00e1quio em Caet\u00e9 est\u00e1 em fase de acabamento - Padre Eust\u00e1quio\" \/>\n<meta property=\"og:description\" content=\"Uma capela constru\u00edda por devotos de Padre Eust\u00e1quio em Caet\u00e9\/MG, est\u00e1 em fase de acabamento. O orat\u00f3rio fica no bairro Quintas da Serra em uma propriedade particular onde \u00e9 a resid\u00eancia e o ateli\u00ea do artes\u00e3o-sacro Joel Matias. A ideia de construir a capela surgiu com uma promessa feita pelo advogado e ex-prefeito de Caet\u00e9, Ademir Carvalho, que alcan\u00e7ou uma gra\u00e7a pela intercess\u00e3o de Padre Eust\u00e1quio. O filho dele, Jair Costa Carvalho, teve febre maculosa, mesma doen\u00e7a que acabou sendo fatal para o Bem-aventurado. Ap\u00f3s os pais Ademir e K\u00e1tia rezarem, pedindo a intercess\u00e3o do padre, Jair teve a sa\u00fade [&hellip;]\" \/>\n<meta property=\"og:url\" content=\"https:\/\/www.padreeustaquio.com.br\/es\/la-capilla-del-padre-eustaquio-en-caete-esta-en-su-fase-final\/\" \/>\n<meta property=\"og:site_name\" content=\"Padre Eust\u00e1quio\" \/>\n<meta property=\"article:publisher\" content=\"https:\/\/www.facebook.com\/beatopadreeustaquio\/\" \/>\n<meta property=\"article:published_time\" content=\"2021-05-28T09:31:57+00:00\" \/>\n<meta property=\"article:modified_time\" content=\"2021-05-28T17:09:50+00:00\" \/>\n<meta property=\"og:image\" content=\"https:\/\/www.padreeustaquio.com.br\/wp-content\/uploads\/2021\/05\/CAPELA-CAETE.jpg\" \/>\n\t<meta property=\"og:image:width\" content=\"748\" \/>\n\t<meta property=\"og:image:height\" content=\"394\" \/>\n\t<meta property=\"og:image:type\" content=\"image\/jpeg\" \/>\n<meta name=\"author\" content=\"@sscc\" \/>\n<meta name=\"twitter:card\" content=\"summary_large_image\" \/>\n<meta name=\"twitter:creator\" content=\"@beatopeustaquio\" \/>\n<meta name=\"twitter:site\" content=\"@beatopeustaquio\" \/>\n<meta name=\"twitter:label1\" content=\"Escrito por\" \/>\n\t<meta name=\"twitter:data1\" content=\"@sscc\" \/>\n\t<meta name=\"twitter:label2\" content=\"Tiempo de lectura\" \/>\n\t<meta name=\"twitter:data2\" content=\"1 minuto\" \/>\n<script type=\"application\/ld+json\" class=\"yoast-schema-graph\">{\"@context\":\"https:\/\/schema.org\",\"@graph\":[{\"@type\":\"Article\",\"@id\":\"https:\/\/www.padreeustaquio.com.br\/capela-de-padre-eustaquio-em-caete-esta-em-fase-de-acabamento\/#article\",\"isPartOf\":{\"@id\":\"https:\/\/www.padreeustaquio.com.br\/capela-de-padre-eustaquio-em-caete-esta-em-fase-de-acabamento\/\"},\"author\":{\"name\":\"@sscc\",\"@id\":\"https:\/\/www.padreeustaquio.com.br\/#\/schema\/person\/a2a51db1d00f1a7af0204a0f1ddb1566\"},\"headline\":\"Capela de Padre Eust\u00e1quio em Caet\u00e9 est\u00e1 em fase de acabamento\",\"datePublished\":\"2021-05-28T09:31:57+00:00\",\"dateModified\":\"2021-05-28T17:09:50+00:00\",\"mainEntityOfPage\":{\"@id\":\"https:\/\/www.padreeustaquio.com.br\/capela-de-padre-eustaquio-em-caete-esta-em-fase-de-acabamento\/\"},\"wordCount\":177,\"commentCount\":0,\"publisher\":{\"@id\":\"https:\/\/www.padreeustaquio.com.br\/#organization\"},\"image\":{\"@id\":\"https:\/\/www.padreeustaquio.com.br\/capela-de-padre-eustaquio-em-caete-esta-em-fase-de-acabamento\/#primaryimage\"},\"thumbnailUrl\":\"https:\/\/www.padreeustaquio.com.br\/wp-content\/uploads\/2021\/05\/CAPELA-CAETE.jpg\",\"articleSection\":[\"Not\u00edcias\"],\"inLanguage\":\"es\",\"potentialAction\":[{\"@type\":\"CommentAction\",\"name\":\"Comment\",\"target\":[\"https:\/\/www.padreeustaquio.com.br\/capela-de-padre-eustaquio-em-caete-esta-em-fase-de-acabamento\/#respond\"]}]},{\"@type\":\"WebPage\",\"@id\":\"https:\/\/www.padreeustaquio.com.br\/capela-de-padre-eustaquio-em-caete-esta-em-fase-de-acabamento\/\",\"url\":\"https:\/\/www.padreeustaquio.com.br\/capela-de-padre-eustaquio-em-caete-esta-em-fase-de-acabamento\/\",\"name\":\"Capela de Padre Eust\u00e1quio em Caet\u00e9 est\u00e1 em fase de acabamento - Padre Eust\u00e1quio\",\"isPartOf\":{\"@id\":\"https:\/\/www.padreeustaquio.com.br\/#website\"},\"primaryImageOfPage\":{\"@id\":\"https:\/\/www.padreeustaquio.com.br\/capela-de-padre-eustaquio-em-caete-esta-em-fase-de-acabamento\/#primaryimage\"},\"image\":{\"@id\":\"https:\/\/www.padreeustaquio.com.br\/capela-de-padre-eustaquio-em-caete-esta-em-fase-de-acabamento\/#primaryimage\"},\"thumbnailUrl\":\"https:\/\/www.padreeustaquio.com.br\/wp-content\/uploads\/2021\/05\/CAPELA-CAETE.jpg\",\"datePublished\":\"2021-05-28T09:31:57+00:00\",\"dateModified\":\"2021-05-28T17:09:50+00:00\",\"breadcrumb\":{\"@id\":\"https:\/\/www.padreeustaquio.com.br\/capela-de-padre-eustaquio-em-caete-esta-em-fase-de-acabamento\/#breadcrumb\"},\"inLanguage\":\"es\",\"potentialAction\":[{\"@type\":\"ReadAction\",\"target\":[\"https:\/\/www.padreeustaquio.com.br\/capela-de-padre-eustaquio-em-caete-esta-em-fase-de-acabamento\/\"]}]},{\"@type\":\"ImageObject\",\"inLanguage\":\"es\",\"@id\":\"https:\/\/www.padreeustaquio.com.br\/capela-de-padre-eustaquio-em-caete-esta-em-fase-de-acabamento\/#primaryimage\",\"url\":\"https:\/\/www.padreeustaquio.com.br\/wp-content\/uploads\/2021\/05\/CAPELA-CAETE.jpg\",\"contentUrl\":\"https:\/\/www.padreeustaquio.com.br\/wp-content\/uploads\/2021\/05\/CAPELA-CAETE.jpg\",\"width\":748,\"height\":394},{\"@type\":\"BreadcrumbList\",\"@id\":\"https:\/\/www.padreeustaquio.com.br\/capela-de-padre-eustaquio-em-caete-esta-em-fase-de-acabamento\/#breadcrumb\",\"itemListElement\":[{\"@type\":\"ListItem\",\"position\":1,\"name\":\"In\u00edcio\",\"item\":\"https:\/\/www.padreeustaquio.com.br\/\"},{\"@type\":\"ListItem\",\"position\":2,\"name\":\"Capela de Padre Eust\u00e1quio em Caet\u00e9 est\u00e1 em fase de acabamento\"}]},{\"@type\":\"WebSite\",\"@id\":\"https:\/\/www.padreeustaquio.com.br\/#website\",\"url\":\"https:\/\/www.padreeustaquio.com.br\/\",\"name\":\"Padre Eust\u00e1quio\",\"description\":\"Sa\u00fade e Paz\",\"publisher\":{\"@id\":\"https:\/\/www.padreeustaquio.com.br\/#organization\"},\"potentialAction\":[{\"@type\":\"SearchAction\",\"target\":{\"@type\":\"EntryPoint\",\"urlTemplate\":\"https:\/\/www.padreeustaquio.com.br\/?s={search_term_string}\"},\"query-input\":{\"@type\":\"PropertyValueSpecification\",\"valueRequired\":true,\"valueName\":\"search_term_string\"}}],\"inLanguage\":\"es\"},{\"@type\":\"Organization\",\"@id\":\"https:\/\/www.padreeustaquio.com.br\/#organization\",\"name\":\"Padre Eust\u00e1quio\",\"url\":\"https:\/\/www.padreeustaquio.com.br\/\",\"logo\":{\"@type\":\"ImageObject\",\"inLanguage\":\"es\",\"@id\":\"https:\/\/www.padreeustaquio.com.br\/#\/schema\/logo\/image\/\",\"url\":\"https:\/\/www.padreeustaquio.com.br\/wp-content\/uploads\/2019\/08\/marca.png\",\"contentUrl\":\"https:\/\/www.padreeustaquio.com.br\/wp-content\/uploads\/2019\/08\/marca.png\",\"width\":350,\"height\":400,\"caption\":\"Padre Eust\u00e1quio\"},\"image\":{\"@id\":\"https:\/\/www.padreeustaquio.com.br\/#\/schema\/logo\/image\/\"},\"sameAs\":[\"https:\/\/www.facebook.com\/beatopadreeustaquio\/\",\"https:\/\/x.com\/beatopeustaquio\",\"https:\/\/www.instagram.com\/beatopadreeustaquio\/\",\"https:\/\/www.youtube.com\/channel\/UCRhw7vfabnajwLxb1ZXMeIw\"]},{\"@type\":\"Person\",\"@id\":\"https:\/\/www.padreeustaquio.com.br\/#\/schema\/person\/a2a51db1d00f1a7af0204a0f1ddb1566\",\"name\":\"@sscc\",\"image\":{\"@type\":\"ImageObject\",\"inLanguage\":\"es\",\"@id\":\"https:\/\/secure.gravatar.com\/avatar\/68cfafa5f44617fea54071e215026e0ff06be366c3d54a8425f04fdcb86f8c5f?s=96&d=mm&r=g\",\"url\":\"https:\/\/secure.gravatar.com\/avatar\/68cfafa5f44617fea54071e215026e0ff06be366c3d54a8425f04fdcb86f8c5f?s=96&d=mm&r=g\",\"contentUrl\":\"https:\/\/secure.gravatar.com\/avatar\/68cfafa5f44617fea54071e215026e0ff06be366c3d54a8425f04fdcb86f8c5f?s=96&d=mm&r=g\",\"caption\":\"@sscc\"},\"url\":\"https:\/\/www.padreeustaquio.com.br\/es\/author\/sscc\/\"}]}<\/script>\n<!-- \/ Yoast SEO plugin. -->","yoast_head_json":{"title":"La Capilla Padre Eust\u00e1quio en Caet\u00e9 est\u00e1 en sus \u00faltimas etapas - Padre Eust\u00e1quio","robots":{"index":"index","follow":"follow","max-snippet":"max-snippet:-1","max-image-preview":"max-image-preview:large","max-video-preview":"max-video-preview:-1"},"canonical":"https:\/\/www.padreeustaquio.com.br\/es\/la-capilla-del-padre-eustaquio-en-caete-esta-en-su-fase-final\/","og_locale":"es_ES","og_type":"article","og_title":"Capela de Padre Eust\u00e1quio em Caet\u00e9 est\u00e1 em fase de acabamento - Padre Eust\u00e1quio","og_description":"Uma capela constru\u00edda por devotos de Padre Eust\u00e1quio em Caet\u00e9\/MG, est\u00e1 em fase de acabamento. O orat\u00f3rio fica no bairro Quintas da Serra em uma propriedade particular onde \u00e9 a resid\u00eancia e o ateli\u00ea do artes\u00e3o-sacro Joel Matias. A ideia de construir a capela surgiu com uma promessa feita pelo advogado e ex-prefeito de Caet\u00e9, Ademir Carvalho, que alcan\u00e7ou uma gra\u00e7a pela intercess\u00e3o de Padre Eust\u00e1quio. O filho dele, Jair Costa Carvalho, teve febre maculosa, mesma doen\u00e7a que acabou sendo fatal para o Bem-aventurado. Ap\u00f3s os pais Ademir e K\u00e1tia rezarem, pedindo a intercess\u00e3o do padre, Jair teve a sa\u00fade [&hellip;]","og_url":"https:\/\/www.padreeustaquio.com.br\/es\/la-capilla-del-padre-eustaquio-en-caete-esta-en-su-fase-final\/","og_site_name":"Padre Eust\u00e1quio","article_publisher":"https:\/\/www.facebook.com\/beatopadreeustaquio\/","article_published_time":"2021-05-28T09:31:57+00:00","article_modified_time":"2021-05-28T17:09:50+00:00","og_image":[{"width":748,"height":394,"url":"https:\/\/www.padreeustaquio.com.br\/wp-content\/uploads\/2021\/05\/CAPELA-CAETE.jpg","type":"image\/jpeg"}],"author":"@sscc","twitter_card":"summary_large_image","twitter_creator":"@beatopeustaquio","twitter_site":"@beatopeustaquio","twitter_misc":{"Escrito por":"@sscc","Tiempo de lectura":"1 minuto"},"schema":{"@context":"https:\/\/schema.org","@graph":[{"@type":"Article","@id":"https:\/\/www.padreeustaquio.com.br\/capela-de-padre-eustaquio-em-caete-esta-em-fase-de-acabamento\/#article","isPartOf":{"@id":"https:\/\/www.padreeustaquio.com.br\/capela-de-padre-eustaquio-em-caete-esta-em-fase-de-acabamento\/"},"author":{"name":"@sscc","@id":"https:\/\/www.padreeustaquio.com.br\/#\/schema\/person\/a2a51db1d00f1a7af0204a0f1ddb1566"},"headline":"Capela de Padre Eust\u00e1quio em Caet\u00e9 est\u00e1 em fase de acabamento","datePublished":"2021-05-28T09:31:57+00:00","dateModified":"2021-05-28T17:09:50+00:00","mainEntityOfPage":{"@id":"https:\/\/www.padreeustaquio.com.br\/capela-de-padre-eustaquio-em-caete-esta-em-fase-de-acabamento\/"},"wordCount":177,"commentCount":0,"publisher":{"@id":"https:\/\/www.padreeustaquio.com.br\/#organization"},"image":{"@id":"https:\/\/www.padreeustaquio.com.br\/capela-de-padre-eustaquio-em-caete-esta-em-fase-de-acabamento\/#primaryimage"},"thumbnailUrl":"https:\/\/www.padreeustaquio.com.br\/wp-content\/uploads\/2021\/05\/CAPELA-CAETE.jpg","articleSection":["Not\u00edcias"],"inLanguage":"es","potentialAction":[{"@type":"CommentAction","name":"Comment","target":["https:\/\/www.padreeustaquio.com.br\/capela-de-padre-eustaquio-em-caete-esta-em-fase-de-acabamento\/#respond"]}]},{"@type":"WebPage","@id":"https:\/\/www.padreeustaquio.com.br\/capela-de-padre-eustaquio-em-caete-esta-em-fase-de-acabamento\/","url":"https:\/\/www.padreeustaquio.com.br\/capela-de-padre-eustaquio-em-caete-esta-em-fase-de-acabamento\/","name":"La Capilla Padre Eust\u00e1quio en Caet\u00e9 est\u00e1 en sus \u00faltimas etapas - Padre Eust\u00e1quio","isPartOf":{"@id":"https:\/\/www.padreeustaquio.com.br\/#website"},"primaryImageOfPage":{"@id":"https:\/\/www.padreeustaquio.com.br\/capela-de-padre-eustaquio-em-caete-esta-em-fase-de-acabamento\/#primaryimage"},"image":{"@id":"https:\/\/www.padreeustaquio.com.br\/capela-de-padre-eustaquio-em-caete-esta-em-fase-de-acabamento\/#primaryimage"},"thumbnailUrl":"https:\/\/www.padreeustaquio.com.br\/wp-content\/uploads\/2021\/05\/CAPELA-CAETE.jpg","datePublished":"2021-05-28T09:31:57+00:00","dateModified":"2021-05-28T17:09:50+00:00","breadcrumb":{"@id":"https:\/\/www.padreeustaquio.com.br\/capela-de-padre-eustaquio-em-caete-esta-em-fase-de-acabamento\/#breadcrumb"},"inLanguage":"es","potentialAction":[{"@type":"ReadAction","target":["https:\/\/www.padreeustaquio.com.br\/capela-de-padre-eustaquio-em-caete-esta-em-fase-de-acabamento\/"]}]},{"@type":"ImageObject","inLanguage":"es","@id":"https:\/\/www.padreeustaquio.com.br\/capela-de-padre-eustaquio-em-caete-esta-em-fase-de-acabamento\/#primaryimage","url":"https:\/\/www.padreeustaquio.com.br\/wp-content\/uploads\/2021\/05\/CAPELA-CAETE.jpg","contentUrl":"https:\/\/www.padreeustaquio.com.br\/wp-content\/uploads\/2021\/05\/CAPELA-CAETE.jpg","width":748,"height":394},{"@type":"BreadcrumbList","@id":"https:\/\/www.padreeustaquio.com.br\/capela-de-padre-eustaquio-em-caete-esta-em-fase-de-acabamento\/#breadcrumb","itemListElement":[{"@type":"ListItem","position":1,"name":"In\u00edcio","item":"https:\/\/www.padreeustaquio.com.br\/"},{"@type":"ListItem","position":2,"name":"Capela de Padre Eust\u00e1quio em Caet\u00e9 est\u00e1 em fase de acabamento"}]},{"@type":"WebSite","@id":"https:\/\/www.padreeustaquio.com.br\/#website","url":"https:\/\/www.padreeustaquio.com.br\/","name":"Padre Eustace","description":"Salud y Paz","publisher":{"@id":"https:\/\/www.padreeustaquio.com.br\/#organization"},"potentialAction":[{"@type":"SearchAction","target":{"@type":"EntryPoint","urlTemplate":"https:\/\/www.padreeustaquio.com.br\/?s={search_term_string}"},"query-input":{"@type":"PropertyValueSpecification","valueRequired":true,"valueName":"search_term_string"}}],"inLanguage":"es"},{"@type":"Organization","@id":"https:\/\/www.padreeustaquio.com.br\/#organization","name":"Padre Eustace","url":"https:\/\/www.padreeustaquio.com.br\/","logo":{"@type":"ImageObject","inLanguage":"es","@id":"https:\/\/www.padreeustaquio.com.br\/#\/schema\/logo\/image\/","url":"https:\/\/www.padreeustaquio.com.br\/wp-content\/uploads\/2019\/08\/marca.png","contentUrl":"https:\/\/www.padreeustaquio.com.br\/wp-content\/uploads\/2019\/08\/marca.png","width":350,"height":400,"caption":"Padre Eust\u00e1quio"},"image":{"@id":"https:\/\/www.padreeustaquio.com.br\/#\/schema\/logo\/image\/"},"sameAs":["https:\/\/www.facebook.com\/beatopadreeustaquio\/","https:\/\/x.com\/beatopeustaquio","https:\/\/www.instagram.com\/beatopadreeustaquio\/","https:\/\/www.youtube.com\/channel\/UCRhw7vfabnajwLxb1ZXMeIw"]},{"@type":"Person","@id":"https:\/\/www.padreeustaquio.com.br\/#\/schema\/person\/a2a51db1d00f1a7af0204a0f1ddb1566","name":"@sscc","image":{"@type":"ImageObject","inLanguage":"es","@id":"https:\/\/secure.gravatar.com\/avatar\/68cfafa5f44617fea54071e215026e0ff06be366c3d54a8425f04fdcb86f8c5f?s=96&d=mm&r=g","url":"https:\/\/secure.gravatar.com\/avatar\/68cfafa5f44617fea54071e215026e0ff06be366c3d54a8425f04fdcb86f8c5f?s=96&d=mm&r=g","contentUrl":"https:\/\/secure.gravatar.com\/avatar\/68cfafa5f44617fea54071e215026e0ff06be366c3d54a8425f04fdcb86f8c5f?s=96&d=mm&r=g","caption":"@sscc"},"url":"https:\/\/www.padreeustaquio.com.br\/es\/author\/sscc\/"}]}},"_links":{"self":[{"href":"https:\/\/www.padreeustaquio.com.br\/es\/wp-json\/wp\/v2\/posts\/5934","targetHints":{"allow":["GET"]}}],"collection":[{"href":"https:\/\/www.padreeustaquio.com.br\/es\/wp-json\/wp\/v2\/posts"}],"about":[{"href":"https:\/\/www.padreeustaquio.com.br\/es\/wp-json\/wp\/v2\/types\/post"}],"author":[{"embeddable":true,"href":"https:\/\/www.padreeustaquio.com.br\/es\/wp-json\/wp\/v2\/users\/2"}],"replies":[{"embeddable":true,"href":"https:\/\/www.padreeustaquio.com.br\/es\/wp-json\/wp\/v2\/comments?post=5934"}],"version-history":[{"count":0,"href":"https:\/\/www.padreeustaquio.com.br\/es\/wp-json\/wp\/v2\/posts\/5934\/revisions"}],"wp:featuredmedia":[{"embeddable":true,"href":"https:\/\/www.padreeustaquio.com.br\/es\/wp-json\/wp\/v2\/media\/5945"}],"wp:attachment":[{"href":"https:\/\/www.padreeustaquio.com.br\/es\/wp-json\/wp\/v2\/media?parent=5934"}],"wp:term":[{"taxonomy":"category","embeddable":true,"href":"https:\/\/www.padreeustaquio.com.br\/es\/wp-json\/wp\/v2\/categories?post=5934"},{"taxonomy":"post_tag","embeddable":true,"href":"https:\/\/www.padreeustaquio.com.br\/es\/wp-json\/wp\/v2\/tags?post=5934"}],"curies":[{"name":"wp","href":"https:\/\/api.w.org\/{rel}","templated":true}]}}