{"id":5916,"date":"2021-05-21T06:13:35","date_gmt":"2021-05-21T09:13:35","guid":{"rendered":"https:\/\/www.padreeustaquio.com.br\/?p=5916"},"modified":"2021-05-19T19:00:30","modified_gmt":"2021-05-19T22:00:30","slug":"un-escultor-de-sao-paulo-termina-una-estatua-del-padre-eustaquio-que-sera-enviada-a-los-paises-bajos","status":"publish","type":"post","link":"https:\/\/www.padreeustaquio.com.br\/es\/un-escultor-de-sao-paulo-termina-una-estatua-del-padre-eustaquio-que-sera-enviada-a-los-paises-bajos\/","title":{"rendered":"Un escultor de S\u00e3o Paulo complet\u00f3 una estatua del Padre Eustaquio que ser\u00e1 enviada a los Pa\u00edses Bajos."},"content":{"rendered":"<p data-adtags-visited=\"true\">Para contribuir a la devoci\u00f3n y la memoria del Padre Eust\u00e1quio en su pa\u00eds de origen, los Pa\u00edses Bajos, familiares y amigos de la figura religiosa encargaron una estatua de dos metros de altura para colocarla en la plaza central de Aarle Rixtel, un distrito de Laarbeck, ciudad natal de Eust\u00e1quio, ubicada a unos 100 kil\u00f3metros de \u00c1msterdam, la capital. El responsable de esta obra de arte es el escultor Luiz Eduardo dos Santos, conocido como Edu Santos, de 39 a\u00f1os, de Piracicaba.<\/p>\n<div id=\"attachment_5922\" style=\"width: 304px\" class=\"wp-caption alignleft\"><img decoding=\"async\" aria-describedby=\"caption-attachment-5922\" class=\"wp-image-5922\" style=\"font-size: 18.2864px;\" src=\"https:\/\/www.padreeustaquio.com.br\/wp-content\/uploads\/2021\/05\/Estatua-de-zico-que-esta-na-Gavea-sede-Flamengo-Rio-de-Janeiro-300x169.jpg\" alt=\"\" width=\"294\" height=\"165\" srcset=\"https:\/\/www.padreeustaquio.com.br\/wp-content\/uploads\/2021\/05\/Estatua-de-zico-que-esta-na-Gavea-sede-Flamengo-Rio-de-Janeiro-300x169.jpg 300w, https:\/\/www.padreeustaquio.com.br\/wp-content\/uploads\/2021\/05\/Estatua-de-zico-que-esta-na-Gavea-sede-Flamengo-Rio-de-Janeiro-400x225.jpg 400w, https:\/\/www.padreeustaquio.com.br\/wp-content\/uploads\/2021\/05\/Estatua-de-zico-que-esta-na-Gavea-sede-Flamengo-Rio-de-Janeiro-600x338.jpg 600w, https:\/\/www.padreeustaquio.com.br\/wp-content\/uploads\/2021\/05\/Estatua-de-zico-que-esta-na-Gavea-sede-Flamengo-Rio-de-Janeiro.jpg 622w\" sizes=\"(max-width: 294px) 100vw, 294px\" \/><p id=\"caption-attachment-5922\" class=\"wp-caption-text\">Estatua de Zico, que se exhibe en G\u00e1vea, R\u00edo de Janeiro.<\/p><\/div>\n<p data-adtags-visited=\"true\">Edu tiene portafolio y experiencia, despu\u00e9s de todo, ya fue responsable de la producci\u00f3n de piezas como la estatua de Arthur Antunes Coimbra, Zico, que se exhibe en el interior de G\u00e1vea, sede del Flamengo en R\u00edo de Janeiro; el relieve para la cripta de Dom Paulo Evaristo Arns, en la Catedral S\u00e9, en la ciudad de S\u00e3o Paulo; y en Piracicaba, fue responsable de la r\u00e9plica de Luiz Vicente de Queiroz, fundador de la Escuela Superior de Agricultura, actualmente administrada por la Universidad de S\u00e3o Paulo (USP).<\/p>\n<p data-adtags-visited=\"true\">Pero quienes creen que esta estatua del Padre Eust\u00e1quio es la primera, se equivocan. En 2009, el artista entreg\u00f3 una estatua de este mismo sacerdote a la Iglesia de los Sagrados Corazones en Belo Horizonte, Minas Gerais. <em>\u201cFue mi primer proyecto de gran envergadura y desde entonces suelo decir que el Padre Eust\u00e1quio me ha estado bendiciendo porque me abri\u00f3 muchas puertas\u201d.,<\/em> dijo Santos.<\/p>\n<div id=\"attachment_5923\" style=\"width: 155px\" class=\"wp-caption alignright\"><img decoding=\"async\" aria-describedby=\"caption-attachment-5923\" class=\"wp-image-5923\" src=\"https:\/\/www.padreeustaquio.com.br\/wp-content\/uploads\/2021\/05\/padre-eustaquio-memorial-estatua-bronze-belo-horizonte-e1621460758824-170x300.jpg\" alt=\"\" width=\"145\" height=\"256\" srcset=\"https:\/\/www.padreeustaquio.com.br\/wp-content\/uploads\/2021\/05\/padre-eustaquio-memorial-estatua-bronze-belo-horizonte-e1621460758824-170x300.jpg 170w, https:\/\/www.padreeustaquio.com.br\/wp-content\/uploads\/2021\/05\/padre-eustaquio-memorial-estatua-bronze-belo-horizonte-e1621460758824.jpg 306w\" sizes=\"(max-width: 145px) 100vw, 145px\" \/><p id=\"caption-attachment-5923\" class=\"wp-caption-text\">Estatua del Padre Eust\u00e1quio en el Santuario de Salud y Paz de Belo Horizonte.<\/p><\/div>\n<p data-adtags-visited=\"true\">Los sobrinos del vicario holand\u00e9s, Ian y Will van den Boomen, fueron los responsables de entregar este obsequio a los feligreses brasile\u00f1os hace m\u00e1s de 12 a\u00f1os y ahora quieren fomentar esta misma devoci\u00f3n entre los holandeses. Will comenta que lleva m\u00e1s de un a\u00f1o trabajando en este proyecto y, para hacerlo realidad, form\u00f3 un grupo llamado &quot;Amigos de Eustace&quot;, compuesto por personas an\u00f3nimas que contribuyen econ\u00f3micamente para recaudar fondos para la obra. No se revel\u00f3 la cantidad.<\/p>\n<p data-adtags-visited=\"true\">La intenci\u00f3n es que la estatua de bronce, que pesa 275 kilogramos y tiene 1,98 metros de alto, 90 cent\u00edmetros de ancho y 70 cm de profundidad, sea cargada en un barco en el puerto de Santos, con destino a Holanda, donde quedar\u00e1 expuesta al p\u00fablico en la plaza de la Iglesia del Beato Padre Eustaquio. <em>\u201cLa asistencia a la iglesia en los Pa\u00edses Bajos est\u00e1 disminuyendo, y para promover la imagen y la fama de Eustace, emprendimos este proyecto. El plan inicial era inaugurarlo el 3 de noviembre del a\u00f1o pasado, el d\u00eda de su cumplea\u00f1os, pero la pandemia retras\u00f3 esos planes. Ahora, estamos considerando el 23 de mayo, el mes de Mar\u00eda, que era muy importante para Eustace.\u201d<\/em>, &quot;La expectativa es que el viaje en barco dure 32 d\u00edas&quot;, explica Will.<\/p>\n<p data-adtags-visited=\"true\"><strong>La producci\u00f3n<\/strong><\/p>\n<p data-adtags-visited=\"true\">El proceso de producci\u00f3n cont\u00f3 con la participaci\u00f3n de familiares y sacerdotes de la Congregaci\u00f3n de los Sagrados Corazones de Jes\u00fas y Mar\u00eda, responsables del proceso de canonizaci\u00f3n del Beato Eustaquio van Lieshout, incluyendo al vicepostulador, el padre Vin\u00edcius Maciel. La producci\u00f3n se llev\u00f3 a cabo en la empresa Fundiart, donde trabaja Edu. Fue seleccionado entre otros artistas por el propio municipio holand\u00e9s el 10 de julio de 2019, y el escultor comenz\u00f3 a trabajar inmediatamente despu\u00e9s.<\/p>\n<p><img fetchpriority=\"high\" decoding=\"async\" class=\"wp-image-5927 alignleft\" src=\"https:\/\/www.padreeustaquio.com.br\/wp-content\/uploads\/2021\/05\/padre-eustaquio-e-edu-santos-escultor40acervo-edu-santos-fundiart-1-215x300.jpg\" alt=\"\" width=\"234\" height=\"327\" srcset=\"https:\/\/www.padreeustaquio.com.br\/wp-content\/uploads\/2021\/05\/padre-eustaquio-e-edu-santos-escultor40acervo-edu-santos-fundiart-1-215x300.jpg 215w, https:\/\/www.padreeustaquio.com.br\/wp-content\/uploads\/2021\/05\/padre-eustaquio-e-edu-santos-escultor40acervo-edu-santos-fundiart-1.jpg 733w\" sizes=\"(max-width: 234px) 100vw, 234px\" \/><\/p>\n<p data-adtags-visited=\"true\">Primero, el comit\u00e9 analiz\u00f3 fotos antiguas del Padre Eust\u00e1quio que podr\u00edan servir de base para la pieza inicial de arcilla. La imagen elegida muestra al sacerdote de pie, sosteniendo una Biblia en la mano izquierda y simulando una caminata ligera. En julio de ese a\u00f1o, Edu prepar\u00f3 una maqueta de 20 cent\u00edmetros, la\u00a0<span style=\"font-size: 1.1429rem;\">El prop\u00f3sito es evaluar el modelo y realizar cambios y ajustes menores.<\/span><\/p>\n<p data-adtags-visited=\"true\">A la presentaci\u00f3n de la miniatura tambi\u00e9n asistieron los sobrinos y el padre Vinicius y sugirieron peque\u00f1os cambios.<em> \u201cEste contacto es importante. Siempre le pido consejos (al Padre Vin\u00edcius), le muestro fotos, cualquier cosa relacionada con el Padre Eust\u00e1quio; es la mejor persona.\u201d<\/em>, completo.<\/p>\n<p data-adtags-visited=\"true\"><strong>Pandemia<\/strong><\/p>\n<p data-adtags-visited=\"true\">El siguiente paso fue reproducir la cabeza del sacerdote a tama\u00f1o natural, con la mayor fidelidad posible. Para ello, se utiliz\u00f3 una arcilla m\u00e1s aceitosa, lo que permite un mejor trabajo en la riqueza de los detalles. Esta parte de la escultura fue aprobada en septiembre.<\/p>\n<p data-adtags-visited=\"true\">Hasta marzo de 2020 la producci\u00f3n iba seg\u00fan lo previsto, pero con la llegada de la pandemia de Covid-19, el trabajo se vio dificultado. <em>\u201cTambi\u00e9n tuve un caso sospechoso, pero por suerte no me contagi\u00e9. Con la pandemia, la empresa estuvo cerrada un tiempo. En el sector donde trabajo, algunos empleados se infectaron, as\u00ed que intentamos mantenernos un poco distanciados. <\/em><em>\u201dNormalmente un proyecto como este lleva unos 60 d\u00edas para la creaci\u00f3n del modelo y aproximadamente 40 d\u00edas para el casting, pero tom\u00f3 mucho m\u00e1s tiempo porque lo hicimos por etapas y ya ten\u00eda algunos proyectos paralelos a los que me dediqu\u00e9\u201d.\u201d<\/em>, El artista dijo: \u00abAhora que el casting est\u00e1 completo, el material ya est\u00e1 en proceso de exportaci\u00f3n\u00bb, a\u00f1adi\u00f3.<\/p>\n<p data-adtags-visited=\"true\">Haga clic en las fotos a continuaci\u00f3n para ver los detalles de la obra de arte:<\/p>\n\n\t\t<style type=\"text\/css\">\n\t\t\t#gallery-1 {\n\t\t\t\tmargin: auto;\n\t\t\t}\n\t\t\t#gallery-1 .gallery-item {\n\t\t\t\tfloat: left;\n\t\t\t\tmargin-top: 10px;\n\t\t\t\ttext-align: center;\n\t\t\t\twidth: 33%;\n\t\t\t}\n\t\t\t#gallery-1 img {\n\t\t\t\tborder: 2px solid #cfcfcf;\n\t\t\t}\n\t\t\t#gallery-1 .gallery-caption {\n\t\t\t\tmargin-left: 0;\n\t\t\t}\n\t\t\t\/* see gallery_shortcode() in wp-includes\/media.php *\/\n\t\t<\/style>\n\t\t<div id='gallery-1' class='gallery galleryid-5916 gallery-columns-3 gallery-size-thumbnail'><dl class='gallery-item'>\n\t\t\t<dt class='gallery-icon portrait'>\n\t\t\t\t<a href='https:\/\/www.padreeustaquio.com.br\/es\/un-escultor-de-sao-paulo-termina-una-estatua-del-padre-eustaquio-que-sera-enviada-a-los-paises-bajos\/estatua-padre-eustaquio-bronze-holanda\/'><img loading=\"lazy\" decoding=\"async\" width=\"150\" height=\"150\" src=\"https:\/\/www.padreeustaquio.com.br\/wp-content\/uploads\/2021\/05\/estatua-padre-eustaquio-bronze-holanda-150x150.jpeg\" class=\"attachment-thumbnail size-thumbnail\" alt=\"\" aria-describedby=\"gallery-1-5926\" srcset=\"https:\/\/www.padreeustaquio.com.br\/wp-content\/uploads\/2021\/05\/estatua-padre-eustaquio-bronze-holanda-150x150.jpeg 150w, https:\/\/www.padreeustaquio.com.br\/wp-content\/uploads\/2021\/05\/estatua-padre-eustaquio-bronze-holanda-75x75.jpeg 75w, https:\/\/www.padreeustaquio.com.br\/wp-content\/uploads\/2021\/05\/estatua-padre-eustaquio-bronze-holanda-180x180.jpeg 180w, https:\/\/www.padreeustaquio.com.br\/wp-content\/uploads\/2021\/05\/estatua-padre-eustaquio-bronze-holanda-400x400.jpeg 400w\" sizes=\"(max-width: 150px) 100vw, 150px\" \/><\/a>\n\t\t\t<\/dt>\n\t\t\t\t<dd class='wp-caption-text gallery-caption' id='gallery-1-5926'>\n\t\t\t\tArchivo personal\n\t\t\t\t<\/dd><\/dl><dl class='gallery-item'>\n\t\t\t<dt class='gallery-icon portrait'>\n\t\t\t\t<a href='https:\/\/www.padreeustaquio.com.br\/es\/un-escultor-de-sao-paulo-termina-una-estatua-del-padre-eustaquio-que-sera-enviada-a-los-paises-bajos\/estatua-padre-eustaquio-bronze-holanda-2\/'><img loading=\"lazy\" decoding=\"async\" width=\"150\" height=\"150\" src=\"https:\/\/www.padreeustaquio.com.br\/wp-content\/uploads\/2021\/05\/estatua-padre-eustaquio-bronze-holanda-2-150x150.jpeg\" class=\"attachment-thumbnail size-thumbnail\" alt=\"\" aria-describedby=\"gallery-1-5925\" srcset=\"https:\/\/www.padreeustaquio.com.br\/wp-content\/uploads\/2021\/05\/estatua-padre-eustaquio-bronze-holanda-2-150x150.jpeg 150w, https:\/\/www.padreeustaquio.com.br\/wp-content\/uploads\/2021\/05\/estatua-padre-eustaquio-bronze-holanda-2-75x75.jpeg 75w, https:\/\/www.padreeustaquio.com.br\/wp-content\/uploads\/2021\/05\/estatua-padre-eustaquio-bronze-holanda-2-180x180.jpeg 180w, https:\/\/www.padreeustaquio.com.br\/wp-content\/uploads\/2021\/05\/estatua-padre-eustaquio-bronze-holanda-2-400x400.jpeg 400w\" sizes=\"(max-width: 150px) 100vw, 150px\" \/><\/a>\n\t\t\t<\/dt>\n\t\t\t\t<dd class='wp-caption-text gallery-caption' id='gallery-1-5925'>\n\t\t\t\tArchivo personal\n\t\t\t\t<\/dd><\/dl><dl class='gallery-item'>\n\t\t\t<dt class='gallery-icon portrait'>\n\t\t\t\t<a href='https:\/\/www.padreeustaquio.com.br\/es\/un-escultor-de-sao-paulo-termina-una-estatua-del-padre-eustaquio-que-sera-enviada-a-los-paises-bajos\/estatua-padre-eustaquio-bronze-holanda-1\/'><img loading=\"lazy\" decoding=\"async\" width=\"150\" height=\"150\" src=\"https:\/\/www.padreeustaquio.com.br\/wp-content\/uploads\/2021\/05\/estatua-padre-eustaquio-bronze-holanda-1-150x150.jpeg\" class=\"attachment-thumbnail size-thumbnail\" alt=\"\" aria-describedby=\"gallery-1-5924\" srcset=\"https:\/\/www.padreeustaquio.com.br\/wp-content\/uploads\/2021\/05\/estatua-padre-eustaquio-bronze-holanda-1-150x150.jpeg 150w, https:\/\/www.padreeustaquio.com.br\/wp-content\/uploads\/2021\/05\/estatua-padre-eustaquio-bronze-holanda-1-75x75.jpeg 75w, https:\/\/www.padreeustaquio.com.br\/wp-content\/uploads\/2021\/05\/estatua-padre-eustaquio-bronze-holanda-1-180x180.jpeg 180w, https:\/\/www.padreeustaquio.com.br\/wp-content\/uploads\/2021\/05\/estatua-padre-eustaquio-bronze-holanda-1-400x400.jpeg 400w\" sizes=\"(max-width: 150px) 100vw, 150px\" \/><\/a>\n\t\t\t<\/dt>\n\t\t\t\t<dd class='wp-caption-text gallery-caption' id='gallery-1-5924'>\n\t\t\t\tArchivo personal\n\t\t\t\t<\/dd><\/dl><br style=\"clear: both\" \/>\n\t\t<\/div>\n\n<p data-adtags-visited=\"true\"><strong>Escrito por Delcimar Ferreira para el peri\u00f3dico: \u201cA Tribuna Piracicabana\u201d<\/strong><\/p>","protected":false},"excerpt":{"rendered":"<p>Para contribuir com a devo\u00e7\u00e3o e mem\u00f3ria de Padre Eust\u00e1quio tamb\u00e9m no pa\u00eds de origem dele, a Holanda, familiares e amigos do religioso encomendaram uma est\u00e1tua de 2 metros de altura para fixar na pra\u00e7a central de Aarle Rixtel, distrito de Laarbeck, cidade natal de Eust\u00e1quio, localizada a cerca de 100 quil\u00f4metros da capital Amsterd\u00e3. O respons\u00e1vel por construir esta obra de arte \u00e9 o escultor piracicabano Luiz Eduardo dos Santos, o Edu Santos, de 39 anos. Portf\u00f3lio e experi\u00eancia o Edu possui, afinal, j\u00e1 foi respons\u00e1vel por produzir pe\u00e7as como\u00a0a est\u00e1tua de Arthur Antunes Coimbra, o Zico, que fica [&hellip;]<\/p>\n","protected":false},"author":2,"featured_media":5919,"comment_status":"open","ping_status":"closed","sticky":false,"template":"","format":"standard","meta":{"_acf_changed":false,"footnotes":""},"categories":[611],"tags":[],"class_list":["post-5916","post","type-post","status-publish","format-standard","has-post-thumbnail","hentry","category-noticias"],"acf":[],"yoast_head":"<!-- This site is optimized with the Yoast SEO plugin v27.2 - https:\/\/yoast.com\/product\/yoast-seo-wordpress\/ -->\n<title>Escultor de S\u00e3o Paulo conclui est\u00e1tua de Padre Eust\u00e1quio que ser\u00e1 enviada para a Holanda - Padre Eust\u00e1quio<\/title>\n<meta name=\"robots\" content=\"index, follow, max-snippet:-1, max-image-preview:large, max-video-preview:-1\" \/>\n<link rel=\"canonical\" href=\"https:\/\/www.padreeustaquio.com.br\/es\/un-escultor-de-sao-paulo-termina-una-estatua-del-padre-eustaquio-que-sera-enviada-a-los-paises-bajos\/\" \/>\n<meta property=\"og:locale\" content=\"es_ES\" \/>\n<meta property=\"og:type\" content=\"article\" \/>\n<meta property=\"og:title\" content=\"Escultor de S\u00e3o Paulo conclui est\u00e1tua de Padre Eust\u00e1quio que ser\u00e1 enviada para a Holanda - Padre Eust\u00e1quio\" \/>\n<meta property=\"og:description\" content=\"Para contribuir com a devo\u00e7\u00e3o e mem\u00f3ria de Padre Eust\u00e1quio tamb\u00e9m no pa\u00eds de origem dele, a Holanda, familiares e amigos do religioso encomendaram uma est\u00e1tua de 2 metros de altura para fixar na pra\u00e7a central de Aarle Rixtel, distrito de Laarbeck, cidade natal de Eust\u00e1quio, localizada a cerca de 100 quil\u00f4metros da capital Amsterd\u00e3. O respons\u00e1vel por construir esta obra de arte \u00e9 o escultor piracicabano Luiz Eduardo dos Santos, o Edu Santos, de 39 anos. Portf\u00f3lio e experi\u00eancia o Edu possui, afinal, j\u00e1 foi respons\u00e1vel por produzir pe\u00e7as como\u00a0a est\u00e1tua de Arthur Antunes Coimbra, o Zico, que fica [&hellip;]\" \/>\n<meta property=\"og:url\" content=\"https:\/\/www.padreeustaquio.com.br\/es\/un-escultor-de-sao-paulo-termina-una-estatua-del-padre-eustaquio-que-sera-enviada-a-los-paises-bajos\/\" \/>\n<meta property=\"og:site_name\" content=\"Padre Eust\u00e1quio\" \/>\n<meta property=\"article:publisher\" content=\"https:\/\/www.facebook.com\/beatopadreeustaquio\/\" \/>\n<meta property=\"article:published_time\" content=\"2021-05-21T09:13:35+00:00\" \/>\n<meta property=\"og:image\" content=\"https:\/\/www.padreeustaquio.com.br\/wp-content\/uploads\/2021\/05\/padre-eustaquio-e-edu-santos-escultor40acervo-edu-santos-fundiart-e1621459369160.jpg\" \/>\n\t<meta property=\"og:image:width\" content=\"732\" \/>\n\t<meta property=\"og:image:height\" content=\"437\" \/>\n\t<meta property=\"og:image:type\" content=\"image\/jpeg\" \/>\n<meta name=\"author\" content=\"@sscc\" \/>\n<meta name=\"twitter:card\" content=\"summary_large_image\" \/>\n<meta name=\"twitter:creator\" content=\"@beatopeustaquio\" \/>\n<meta name=\"twitter:site\" content=\"@beatopeustaquio\" \/>\n<meta name=\"twitter:label1\" content=\"Escrito por\" \/>\n\t<meta name=\"twitter:data1\" content=\"@sscc\" \/>\n\t<meta name=\"twitter:label2\" content=\"Tiempo de lectura\" \/>\n\t<meta name=\"twitter:data2\" content=\"4 minutos\" \/>\n<script type=\"application\/ld+json\" class=\"yoast-schema-graph\">{\"@context\":\"https:\/\/schema.org\",\"@graph\":[{\"@type\":\"Article\",\"@id\":\"https:\/\/www.padreeustaquio.com.br\/escultor-de-sao-paulo-conclui-estatua-de-padre-eustaquio-que-sera-enviada-para-a-holanda\/#article\",\"isPartOf\":{\"@id\":\"https:\/\/www.padreeustaquio.com.br\/escultor-de-sao-paulo-conclui-estatua-de-padre-eustaquio-que-sera-enviada-para-a-holanda\/\"},\"author\":{\"name\":\"@sscc\",\"@id\":\"https:\/\/www.padreeustaquio.com.br\/#\/schema\/person\/a2a51db1d00f1a7af0204a0f1ddb1566\"},\"headline\":\"Escultor de S\u00e3o Paulo conclui est\u00e1tua de Padre Eust\u00e1quio que ser\u00e1 enviada para a Holanda\",\"datePublished\":\"2021-05-21T09:13:35+00:00\",\"mainEntityOfPage\":{\"@id\":\"https:\/\/www.padreeustaquio.com.br\/escultor-de-sao-paulo-conclui-estatua-de-padre-eustaquio-que-sera-enviada-para-a-holanda\/\"},\"wordCount\":915,\"commentCount\":0,\"publisher\":{\"@id\":\"https:\/\/www.padreeustaquio.com.br\/#organization\"},\"image\":{\"@id\":\"https:\/\/www.padreeustaquio.com.br\/escultor-de-sao-paulo-conclui-estatua-de-padre-eustaquio-que-sera-enviada-para-a-holanda\/#primaryimage\"},\"thumbnailUrl\":\"https:\/\/www.padreeustaquio.com.br\/wp-content\/uploads\/2021\/05\/padre-eustaquio-e-edu-santos-escultor40acervo-edu-santos-fundiart-e1621459369160.jpg\",\"articleSection\":[\"Not\u00edcias\"],\"inLanguage\":\"es\",\"potentialAction\":[{\"@type\":\"CommentAction\",\"name\":\"Comment\",\"target\":[\"https:\/\/www.padreeustaquio.com.br\/escultor-de-sao-paulo-conclui-estatua-de-padre-eustaquio-que-sera-enviada-para-a-holanda\/#respond\"]}]},{\"@type\":\"WebPage\",\"@id\":\"https:\/\/www.padreeustaquio.com.br\/escultor-de-sao-paulo-conclui-estatua-de-padre-eustaquio-que-sera-enviada-para-a-holanda\/\",\"url\":\"https:\/\/www.padreeustaquio.com.br\/escultor-de-sao-paulo-conclui-estatua-de-padre-eustaquio-que-sera-enviada-para-a-holanda\/\",\"name\":\"Escultor de S\u00e3o Paulo conclui est\u00e1tua de Padre Eust\u00e1quio que ser\u00e1 enviada para a Holanda - Padre Eust\u00e1quio\",\"isPartOf\":{\"@id\":\"https:\/\/www.padreeustaquio.com.br\/#website\"},\"primaryImageOfPage\":{\"@id\":\"https:\/\/www.padreeustaquio.com.br\/escultor-de-sao-paulo-conclui-estatua-de-padre-eustaquio-que-sera-enviada-para-a-holanda\/#primaryimage\"},\"image\":{\"@id\":\"https:\/\/www.padreeustaquio.com.br\/escultor-de-sao-paulo-conclui-estatua-de-padre-eustaquio-que-sera-enviada-para-a-holanda\/#primaryimage\"},\"thumbnailUrl\":\"https:\/\/www.padreeustaquio.com.br\/wp-content\/uploads\/2021\/05\/padre-eustaquio-e-edu-santos-escultor40acervo-edu-santos-fundiart-e1621459369160.jpg\",\"datePublished\":\"2021-05-21T09:13:35+00:00\",\"breadcrumb\":{\"@id\":\"https:\/\/www.padreeustaquio.com.br\/escultor-de-sao-paulo-conclui-estatua-de-padre-eustaquio-que-sera-enviada-para-a-holanda\/#breadcrumb\"},\"inLanguage\":\"es\",\"potentialAction\":[{\"@type\":\"ReadAction\",\"target\":[\"https:\/\/www.padreeustaquio.com.br\/escultor-de-sao-paulo-conclui-estatua-de-padre-eustaquio-que-sera-enviada-para-a-holanda\/\"]}]},{\"@type\":\"ImageObject\",\"inLanguage\":\"es\",\"@id\":\"https:\/\/www.padreeustaquio.com.br\/escultor-de-sao-paulo-conclui-estatua-de-padre-eustaquio-que-sera-enviada-para-a-holanda\/#primaryimage\",\"url\":\"https:\/\/www.padreeustaquio.com.br\/wp-content\/uploads\/2021\/05\/padre-eustaquio-e-edu-santos-escultor40acervo-edu-santos-fundiart-e1621459369160.jpg\",\"contentUrl\":\"https:\/\/www.padreeustaquio.com.br\/wp-content\/uploads\/2021\/05\/padre-eustaquio-e-edu-santos-escultor40acervo-edu-santos-fundiart-e1621459369160.jpg\",\"width\":732,\"height\":437,\"caption\":\"Foto arquivo pessoal: Edu Santos\"},{\"@type\":\"BreadcrumbList\",\"@id\":\"https:\/\/www.padreeustaquio.com.br\/escultor-de-sao-paulo-conclui-estatua-de-padre-eustaquio-que-sera-enviada-para-a-holanda\/#breadcrumb\",\"itemListElement\":[{\"@type\":\"ListItem\",\"position\":1,\"name\":\"In\u00edcio\",\"item\":\"https:\/\/www.padreeustaquio.com.br\/\"},{\"@type\":\"ListItem\",\"position\":2,\"name\":\"Escultor de S\u00e3o Paulo conclui est\u00e1tua de Padre Eust\u00e1quio que ser\u00e1 enviada para a Holanda\"}]},{\"@type\":\"WebSite\",\"@id\":\"https:\/\/www.padreeustaquio.com.br\/#website\",\"url\":\"https:\/\/www.padreeustaquio.com.br\/\",\"name\":\"Padre Eust\u00e1quio\",\"description\":\"Sa\u00fade e Paz\",\"publisher\":{\"@id\":\"https:\/\/www.padreeustaquio.com.br\/#organization\"},\"potentialAction\":[{\"@type\":\"SearchAction\",\"target\":{\"@type\":\"EntryPoint\",\"urlTemplate\":\"https:\/\/www.padreeustaquio.com.br\/?s={search_term_string}\"},\"query-input\":{\"@type\":\"PropertyValueSpecification\",\"valueRequired\":true,\"valueName\":\"search_term_string\"}}],\"inLanguage\":\"es\"},{\"@type\":\"Organization\",\"@id\":\"https:\/\/www.padreeustaquio.com.br\/#organization\",\"name\":\"Padre Eust\u00e1quio\",\"url\":\"https:\/\/www.padreeustaquio.com.br\/\",\"logo\":{\"@type\":\"ImageObject\",\"inLanguage\":\"es\",\"@id\":\"https:\/\/www.padreeustaquio.com.br\/#\/schema\/logo\/image\/\",\"url\":\"https:\/\/www.padreeustaquio.com.br\/wp-content\/uploads\/2019\/08\/marca.png\",\"contentUrl\":\"https:\/\/www.padreeustaquio.com.br\/wp-content\/uploads\/2019\/08\/marca.png\",\"width\":350,\"height\":400,\"caption\":\"Padre Eust\u00e1quio\"},\"image\":{\"@id\":\"https:\/\/www.padreeustaquio.com.br\/#\/schema\/logo\/image\/\"},\"sameAs\":[\"https:\/\/www.facebook.com\/beatopadreeustaquio\/\",\"https:\/\/x.com\/beatopeustaquio\",\"https:\/\/www.instagram.com\/beatopadreeustaquio\/\",\"https:\/\/www.youtube.com\/channel\/UCRhw7vfabnajwLxb1ZXMeIw\"]},{\"@type\":\"Person\",\"@id\":\"https:\/\/www.padreeustaquio.com.br\/#\/schema\/person\/a2a51db1d00f1a7af0204a0f1ddb1566\",\"name\":\"@sscc\",\"image\":{\"@type\":\"ImageObject\",\"inLanguage\":\"es\",\"@id\":\"https:\/\/secure.gravatar.com\/avatar\/68cfafa5f44617fea54071e215026e0ff06be366c3d54a8425f04fdcb86f8c5f?s=96&d=mm&r=g\",\"url\":\"https:\/\/secure.gravatar.com\/avatar\/68cfafa5f44617fea54071e215026e0ff06be366c3d54a8425f04fdcb86f8c5f?s=96&d=mm&r=g\",\"contentUrl\":\"https:\/\/secure.gravatar.com\/avatar\/68cfafa5f44617fea54071e215026e0ff06be366c3d54a8425f04fdcb86f8c5f?s=96&d=mm&r=g\",\"caption\":\"@sscc\"},\"url\":\"https:\/\/www.padreeustaquio.com.br\/es\/author\/sscc\/\"}]}<\/script>\n<!-- \/ Yoast SEO plugin. -->","yoast_head_json":{"title":"Escultor paulista termina estatua del padre Eust\u00e1quio que ser\u00e1 enviada a Holanda - Padre Eust\u00e1quio","robots":{"index":"index","follow":"follow","max-snippet":"max-snippet:-1","max-image-preview":"max-image-preview:large","max-video-preview":"max-video-preview:-1"},"canonical":"https:\/\/www.padreeustaquio.com.br\/es\/un-escultor-de-sao-paulo-termina-una-estatua-del-padre-eustaquio-que-sera-enviada-a-los-paises-bajos\/","og_locale":"es_ES","og_type":"article","og_title":"Escultor de S\u00e3o Paulo conclui est\u00e1tua de Padre Eust\u00e1quio que ser\u00e1 enviada para a Holanda - Padre Eust\u00e1quio","og_description":"Para contribuir com a devo\u00e7\u00e3o e mem\u00f3ria de Padre Eust\u00e1quio tamb\u00e9m no pa\u00eds de origem dele, a Holanda, familiares e amigos do religioso encomendaram uma est\u00e1tua de 2 metros de altura para fixar na pra\u00e7a central de Aarle Rixtel, distrito de Laarbeck, cidade natal de Eust\u00e1quio, localizada a cerca de 100 quil\u00f4metros da capital Amsterd\u00e3. O respons\u00e1vel por construir esta obra de arte \u00e9 o escultor piracicabano Luiz Eduardo dos Santos, o Edu Santos, de 39 anos. Portf\u00f3lio e experi\u00eancia o Edu possui, afinal, j\u00e1 foi respons\u00e1vel por produzir pe\u00e7as como\u00a0a est\u00e1tua de Arthur Antunes Coimbra, o Zico, que fica [&hellip;]","og_url":"https:\/\/www.padreeustaquio.com.br\/es\/un-escultor-de-sao-paulo-termina-una-estatua-del-padre-eustaquio-que-sera-enviada-a-los-paises-bajos\/","og_site_name":"Padre Eust\u00e1quio","article_publisher":"https:\/\/www.facebook.com\/beatopadreeustaquio\/","article_published_time":"2021-05-21T09:13:35+00:00","og_image":[{"width":732,"height":437,"url":"https:\/\/www.padreeustaquio.com.br\/wp-content\/uploads\/2021\/05\/padre-eustaquio-e-edu-santos-escultor40acervo-edu-santos-fundiart-e1621459369160.jpg","type":"image\/jpeg"}],"author":"@sscc","twitter_card":"summary_large_image","twitter_creator":"@beatopeustaquio","twitter_site":"@beatopeustaquio","twitter_misc":{"Escrito por":"@sscc","Tiempo de lectura":"4 minutos"},"schema":{"@context":"https:\/\/schema.org","@graph":[{"@type":"Article","@id":"https:\/\/www.padreeustaquio.com.br\/escultor-de-sao-paulo-conclui-estatua-de-padre-eustaquio-que-sera-enviada-para-a-holanda\/#article","isPartOf":{"@id":"https:\/\/www.padreeustaquio.com.br\/escultor-de-sao-paulo-conclui-estatua-de-padre-eustaquio-que-sera-enviada-para-a-holanda\/"},"author":{"name":"@sscc","@id":"https:\/\/www.padreeustaquio.com.br\/#\/schema\/person\/a2a51db1d00f1a7af0204a0f1ddb1566"},"headline":"Escultor de S\u00e3o Paulo conclui est\u00e1tua de Padre Eust\u00e1quio que ser\u00e1 enviada para a Holanda","datePublished":"2021-05-21T09:13:35+00:00","mainEntityOfPage":{"@id":"https:\/\/www.padreeustaquio.com.br\/escultor-de-sao-paulo-conclui-estatua-de-padre-eustaquio-que-sera-enviada-para-a-holanda\/"},"wordCount":915,"commentCount":0,"publisher":{"@id":"https:\/\/www.padreeustaquio.com.br\/#organization"},"image":{"@id":"https:\/\/www.padreeustaquio.com.br\/escultor-de-sao-paulo-conclui-estatua-de-padre-eustaquio-que-sera-enviada-para-a-holanda\/#primaryimage"},"thumbnailUrl":"https:\/\/www.padreeustaquio.com.br\/wp-content\/uploads\/2021\/05\/padre-eustaquio-e-edu-santos-escultor40acervo-edu-santos-fundiart-e1621459369160.jpg","articleSection":["Not\u00edcias"],"inLanguage":"es","potentialAction":[{"@type":"CommentAction","name":"Comment","target":["https:\/\/www.padreeustaquio.com.br\/escultor-de-sao-paulo-conclui-estatua-de-padre-eustaquio-que-sera-enviada-para-a-holanda\/#respond"]}]},{"@type":"WebPage","@id":"https:\/\/www.padreeustaquio.com.br\/escultor-de-sao-paulo-conclui-estatua-de-padre-eustaquio-que-sera-enviada-para-a-holanda\/","url":"https:\/\/www.padreeustaquio.com.br\/escultor-de-sao-paulo-conclui-estatua-de-padre-eustaquio-que-sera-enviada-para-a-holanda\/","name":"Escultor paulista termina estatua del padre Eust\u00e1quio que ser\u00e1 enviada a Holanda - Padre Eust\u00e1quio","isPartOf":{"@id":"https:\/\/www.padreeustaquio.com.br\/#website"},"primaryImageOfPage":{"@id":"https:\/\/www.padreeustaquio.com.br\/escultor-de-sao-paulo-conclui-estatua-de-padre-eustaquio-que-sera-enviada-para-a-holanda\/#primaryimage"},"image":{"@id":"https:\/\/www.padreeustaquio.com.br\/escultor-de-sao-paulo-conclui-estatua-de-padre-eustaquio-que-sera-enviada-para-a-holanda\/#primaryimage"},"thumbnailUrl":"https:\/\/www.padreeustaquio.com.br\/wp-content\/uploads\/2021\/05\/padre-eustaquio-e-edu-santos-escultor40acervo-edu-santos-fundiart-e1621459369160.jpg","datePublished":"2021-05-21T09:13:35+00:00","breadcrumb":{"@id":"https:\/\/www.padreeustaquio.com.br\/escultor-de-sao-paulo-conclui-estatua-de-padre-eustaquio-que-sera-enviada-para-a-holanda\/#breadcrumb"},"inLanguage":"es","potentialAction":[{"@type":"ReadAction","target":["https:\/\/www.padreeustaquio.com.br\/escultor-de-sao-paulo-conclui-estatua-de-padre-eustaquio-que-sera-enviada-para-a-holanda\/"]}]},{"@type":"ImageObject","inLanguage":"es","@id":"https:\/\/www.padreeustaquio.com.br\/escultor-de-sao-paulo-conclui-estatua-de-padre-eustaquio-que-sera-enviada-para-a-holanda\/#primaryimage","url":"https:\/\/www.padreeustaquio.com.br\/wp-content\/uploads\/2021\/05\/padre-eustaquio-e-edu-santos-escultor40acervo-edu-santos-fundiart-e1621459369160.jpg","contentUrl":"https:\/\/www.padreeustaquio.com.br\/wp-content\/uploads\/2021\/05\/padre-eustaquio-e-edu-santos-escultor40acervo-edu-santos-fundiart-e1621459369160.jpg","width":732,"height":437,"caption":"Foto arquivo pessoal: Edu Santos"},{"@type":"BreadcrumbList","@id":"https:\/\/www.padreeustaquio.com.br\/escultor-de-sao-paulo-conclui-estatua-de-padre-eustaquio-que-sera-enviada-para-a-holanda\/#breadcrumb","itemListElement":[{"@type":"ListItem","position":1,"name":"In\u00edcio","item":"https:\/\/www.padreeustaquio.com.br\/"},{"@type":"ListItem","position":2,"name":"Escultor de S\u00e3o Paulo conclui est\u00e1tua de Padre Eust\u00e1quio que ser\u00e1 enviada para a Holanda"}]},{"@type":"WebSite","@id":"https:\/\/www.padreeustaquio.com.br\/#website","url":"https:\/\/www.padreeustaquio.com.br\/","name":"Padre Eustace","description":"Salud y Paz","publisher":{"@id":"https:\/\/www.padreeustaquio.com.br\/#organization"},"potentialAction":[{"@type":"SearchAction","target":{"@type":"EntryPoint","urlTemplate":"https:\/\/www.padreeustaquio.com.br\/?s={search_term_string}"},"query-input":{"@type":"PropertyValueSpecification","valueRequired":true,"valueName":"search_term_string"}}],"inLanguage":"es"},{"@type":"Organization","@id":"https:\/\/www.padreeustaquio.com.br\/#organization","name":"Padre Eustace","url":"https:\/\/www.padreeustaquio.com.br\/","logo":{"@type":"ImageObject","inLanguage":"es","@id":"https:\/\/www.padreeustaquio.com.br\/#\/schema\/logo\/image\/","url":"https:\/\/www.padreeustaquio.com.br\/wp-content\/uploads\/2019\/08\/marca.png","contentUrl":"https:\/\/www.padreeustaquio.com.br\/wp-content\/uploads\/2019\/08\/marca.png","width":350,"height":400,"caption":"Padre Eust\u00e1quio"},"image":{"@id":"https:\/\/www.padreeustaquio.com.br\/#\/schema\/logo\/image\/"},"sameAs":["https:\/\/www.facebook.com\/beatopadreeustaquio\/","https:\/\/x.com\/beatopeustaquio","https:\/\/www.instagram.com\/beatopadreeustaquio\/","https:\/\/www.youtube.com\/channel\/UCRhw7vfabnajwLxb1ZXMeIw"]},{"@type":"Person","@id":"https:\/\/www.padreeustaquio.com.br\/#\/schema\/person\/a2a51db1d00f1a7af0204a0f1ddb1566","name":"@sscc","image":{"@type":"ImageObject","inLanguage":"es","@id":"https:\/\/secure.gravatar.com\/avatar\/68cfafa5f44617fea54071e215026e0ff06be366c3d54a8425f04fdcb86f8c5f?s=96&d=mm&r=g","url":"https:\/\/secure.gravatar.com\/avatar\/68cfafa5f44617fea54071e215026e0ff06be366c3d54a8425f04fdcb86f8c5f?s=96&d=mm&r=g","contentUrl":"https:\/\/secure.gravatar.com\/avatar\/68cfafa5f44617fea54071e215026e0ff06be366c3d54a8425f04fdcb86f8c5f?s=96&d=mm&r=g","caption":"@sscc"},"url":"https:\/\/www.padreeustaquio.com.br\/es\/author\/sscc\/"}]}},"_links":{"self":[{"href":"https:\/\/www.padreeustaquio.com.br\/es\/wp-json\/wp\/v2\/posts\/5916","targetHints":{"allow":["GET"]}}],"collection":[{"href":"https:\/\/www.padreeustaquio.com.br\/es\/wp-json\/wp\/v2\/posts"}],"about":[{"href":"https:\/\/www.padreeustaquio.com.br\/es\/wp-json\/wp\/v2\/types\/post"}],"author":[{"embeddable":true,"href":"https:\/\/www.padreeustaquio.com.br\/es\/wp-json\/wp\/v2\/users\/2"}],"replies":[{"embeddable":true,"href":"https:\/\/www.padreeustaquio.com.br\/es\/wp-json\/wp\/v2\/comments?post=5916"}],"version-history":[{"count":0,"href":"https:\/\/www.padreeustaquio.com.br\/es\/wp-json\/wp\/v2\/posts\/5916\/revisions"}],"wp:featuredmedia":[{"embeddable":true,"href":"https:\/\/www.padreeustaquio.com.br\/es\/wp-json\/wp\/v2\/media\/5919"}],"wp:attachment":[{"href":"https:\/\/www.padreeustaquio.com.br\/es\/wp-json\/wp\/v2\/media?parent=5916"}],"wp:term":[{"taxonomy":"category","embeddable":true,"href":"https:\/\/www.padreeustaquio.com.br\/es\/wp-json\/wp\/v2\/categories?post=5916"},{"taxonomy":"post_tag","embeddable":true,"href":"https:\/\/www.padreeustaquio.com.br\/es\/wp-json\/wp\/v2\/tags?post=5916"}],"curies":[{"name":"wp","href":"https:\/\/api.w.org\/{rel}","templated":true}]}}