{"id":5913,"date":"2021-05-20T06:28:25","date_gmt":"2021-05-20T09:28:25","guid":{"rendered":"https:\/\/www.padreeustaquio.com.br\/?p=5913"},"modified":"2021-05-19T17:40:14","modified_gmt":"2021-05-19T20:40:14","slug":"15-anos-de-la-beatificacion-sigue-el-proceso-en-la-cronologia-que-hemos-preparado","status":"publish","type":"post","link":"https:\/\/www.padreeustaquio.com.br\/es\/15-anos-de-la-beatificacion-sigue-el-proceso-en-la-cronologia-que-hemos-preparado\/","title":{"rendered":"15 A\u00d1OS DE LA BEATIFICACI\u00d3N \u2013 Sigue el proceso en la cronolog\u00eda que hemos preparado."},"content":{"rendered":"<p>El 15 de junio se conmemora el 15.\u00ba aniversario de la beatificaci\u00f3n del Padre Eust\u00e1quio. Tras un largo proceso iniciado en 1956, el sacerdote holand\u00e9s fue inscrito por la Santa Sede en la lista de los beatos.<\/p>\n<p>El fil\u00f3sofo y estudioso de la religi\u00f3n, Leandro Castro, prepar\u00f3 una cronolog\u00eda que detalla todo el proceso, explicando cada paso. V\u00e9ase a continuaci\u00f3n:<\/p>\n<h5>Historia del Proceso de Beatificaci\u00f3n del Padre Eust\u00e1quio<\/h5>\n<p><strong>30 de agosto de 1943<\/strong> \u2013 Muerte del Padre Eust\u00e1quio.<\/p>\n<p><strong>31 de agosto de 1943<\/strong> Los restos mortales del Padre Eust\u00e1quio son trasladados al Cementerio de Bonfim. Su tumba se convierte en un lugar de oraci\u00f3n y devoci\u00f3n.<\/p>\n<p><strong>31 de enero de 1949<\/strong> \u2013 Traslado de los restos mortales del Padre Eust\u00e1quio a la capilla mortuoria, a la entrada de la Iglesia Parroquial de los Sagrados Corazones, iniciada por el propio Beato y hoy conocida como Iglesia del Padre Eust\u00e1quio.<\/p>\n<p><strong>5 de febrero de 1956<\/strong> \u2013 Inicio de los trabajos preliminares para el establecimiento del Proceso Can\u00f3nico de Canonizaci\u00f3n del Padre Eust\u00e1quio. El Padre Alfredo Elfrink asume el cargo de Vicepostulador.<\/p>\n<p><strong>21 de junio de 1962<\/strong> \u2013 Publicaci\u00f3n del aviso anunciando el inicio del proceso.<\/p>\n<p><strong>22 de agosto de 1962<\/strong> \u2013 Instalaci\u00f3n del \u201cTribunal Especial para la Instrucci\u00f3n de la Causa de Beatificaci\u00f3n del Padre Eust\u00e1quio\u201d. Por iniciativa y bajo la presidencia de Dom Jo\u00e3o de Resende Costa, entonces Arzobispo Coadjutor y Administrador Apost\u00f3lico de la Arquidi\u00f3cesis de Belo Horizonte. Adem\u00e1s de Belo Horizonte, se establecieron tribunales en las siguientes di\u00f3cesis: R\u00edo de Janeiro; Uberaba, S\u00e3o Paulo, Florian\u00f3polis y S-Hertogenbosch, en Pa\u00edses Bajos.<\/p>\n<p><strong>3 de septiembre de 1964<\/strong> \u2013 Finalizaci\u00f3n del proceso de \u201cEscritos\u201d. Transcripci\u00f3n y env\u00edo de una copia de todos los escritos del Padre Eustace a la Congregaci\u00f3n para las Causas de los Santos.<\/p>\n<p><strong>19 de noviembre de 1964<\/strong> \u2013 Decreto de Culto P\u00fablico Eclesi\u00e1stico.<\/p>\n<p><strong>23 de agosto de 1966<\/strong> \u2013 Conclusi\u00f3n can\u00f3nica del proceso de beatificaci\u00f3n y canonizaci\u00f3n del Padre Eust\u00e1quio, bajo la responsabilidad de la Arquidi\u00f3cesis de Belo Horizonte.<\/p>\n<p><strong>De 1970 a 1979<\/strong> \u2013 Por decisi\u00f3n de la Congregaci\u00f3n de los Sagrados Corazones, mediante la autoridad de su Cap\u00edtulo General, se han suspendido temporalmente los procesos de beatificaci\u00f3n y canonizaci\u00f3n del Padre Eustaquio y de otros venerables miembros de la misma congregaci\u00f3n.<\/p>\n<p><strong>1980<\/strong> \u2013 Por insistencia de Dom Jo\u00e3o de Resende Costa y a petici\u00f3n de varios obispos brasile\u00f1os representantes de la voluntad de los fieles, el cap\u00edtulo general de la Congregaci\u00f3n de los Sagrados Corazones decidi\u00f3 reanudar los trabajos del Proceso Can\u00f3nico para la Beatificaci\u00f3n del Padre Eust\u00e1quio.<\/p>\n<p><strong>19 de marzo de 1983<\/strong> \u2013 Reapertura del Proceso de Canonizaci\u00f3n.<\/p>\n<p><strong>19 de marzo de 1983<\/strong> El proceso es aceptado por el Vaticano \u2013 Padre Eustaquio es reconocido como Siervo de Dios.<\/p>\n<p><strong>12 de noviembre de 1997<\/strong> \u2013 En el Tribunal Eclesi\u00e1stico de Belo Horizonte se iniciaron procedimientos para analizar un posible milagro obtenido por intercesi\u00f3n del padre Eust\u00e1quio.<\/p>\n<p><strong>17 de enero de 1998<\/strong> \u2013 Conclusi\u00f3n del proceso de an\u00e1lisis del milagro y sumisi\u00f3n a Roma.<\/p>\n<p><strong>12 de abril de 2003<\/strong> El Papa Juan Pablo II aprueba y publica oficialmente en Roma el Decreto sobre las virtudes heroicas del Padre Eustaquio. El Siervo de Dios se convierte en el Venerable Padre Eustaquio.<\/p>\n<p><strong>19 de diciembre de 2005<\/strong> El Papa Benedicto XVI autoriza la publicaci\u00f3n del Decreto que reconoce un milagro atribuido a la intercesi\u00f3n del Padre Eust\u00e1quio. El Padre Gon\u00e7alo Bel\u00e9m se cura de un c\u00e1ncer de garganta.<\/p>\n<p><strong>15 de junio de 2006<\/strong> \u2013 El Padre Eust\u00e1quio es beatificado. Se reconocen las virtudes heroicas del Beato al seguir a Jes\u00fas y servir a los m\u00e1s necesitados.<\/p>","protected":false},"excerpt":{"rendered":"<p>Dia 15 de junho a Beatifica\u00e7\u00e3o de Padre Eust\u00e1quio completa 15 anos. Ap\u00f3s um longo processo, que come\u00e7ou em 1956, o padre holand\u00eas foi inscrito pela Santa S\u00e9 na lista dos Bem-Aventurados. O fil\u00f3sofo e cientista da religi\u00e3o Leandro Castro, preparou uma linha do tempo com todo o processo, explicando cada passo. Veja a seguir: Hist\u00f3ria do processo de Beatifica\u00e7\u00e3o do Padre Eust\u00e1quio 30 de agosto de 1943 \u2013 Morte de Padre Eust\u00e1quio. 31 de agosto de 1943 \u2013 Os restos mortais de Padre Eust\u00e1quio s\u00e3o conduzidos para o Cemit\u00e9rio do Bonfim. Seu t\u00famulo torna-se lugar de preces e devo\u00e7\u00e3o. [&hellip;]<\/p>\n","protected":false},"author":2,"featured_media":5914,"comment_status":"open","ping_status":"closed","sticky":false,"template":"","format":"standard","meta":{"_acf_changed":false,"footnotes":""},"categories":[611],"tags":[],"class_list":["post-5913","post","type-post","status-publish","format-standard","has-post-thumbnail","hentry","category-noticias"],"acf":[],"yoast_head":"<!-- This site is optimized with the Yoast SEO plugin v27.2 - https:\/\/yoast.com\/product\/yoast-seo-wordpress\/ -->\n<title>15 ANOS DE BEATIFICA\u00c7\u00c3O - Acompanhe como foi o processo na linha do tempo que preparamos - Padre Eust\u00e1quio<\/title>\n<meta name=\"robots\" content=\"index, follow, max-snippet:-1, max-image-preview:large, max-video-preview:-1\" \/>\n<link rel=\"canonical\" href=\"https:\/\/www.padreeustaquio.com.br\/es\/15-anos-de-la-beatificacion-sigue-el-proceso-en-la-cronologia-que-hemos-preparado\/\" \/>\n<meta property=\"og:locale\" content=\"es_ES\" \/>\n<meta property=\"og:type\" content=\"article\" \/>\n<meta property=\"og:title\" content=\"15 ANOS DE BEATIFICA\u00c7\u00c3O - Acompanhe como foi o processo na linha do tempo que preparamos - Padre Eust\u00e1quio\" \/>\n<meta property=\"og:description\" content=\"Dia 15 de junho a Beatifica\u00e7\u00e3o de Padre Eust\u00e1quio completa 15 anos. Ap\u00f3s um longo processo, que come\u00e7ou em 1956, o padre holand\u00eas foi inscrito pela Santa S\u00e9 na lista dos Bem-Aventurados. O fil\u00f3sofo e cientista da religi\u00e3o Leandro Castro, preparou uma linha do tempo com todo o processo, explicando cada passo. Veja a seguir: Hist\u00f3ria do processo de Beatifica\u00e7\u00e3o do Padre Eust\u00e1quio 30 de agosto de 1943 \u2013 Morte de Padre Eust\u00e1quio. 31 de agosto de 1943 \u2013 Os restos mortais de Padre Eust\u00e1quio s\u00e3o conduzidos para o Cemit\u00e9rio do Bonfim. Seu t\u00famulo torna-se lugar de preces e devo\u00e7\u00e3o. [&hellip;]\" \/>\n<meta property=\"og:url\" content=\"https:\/\/www.padreeustaquio.com.br\/es\/15-anos-de-la-beatificacion-sigue-el-proceso-en-la-cronologia-que-hemos-preparado\/\" \/>\n<meta property=\"og:site_name\" content=\"Padre Eust\u00e1quio\" \/>\n<meta property=\"article:publisher\" content=\"https:\/\/www.facebook.com\/beatopadreeustaquio\/\" \/>\n<meta property=\"article:published_time\" content=\"2021-05-20T09:28:25+00:00\" \/>\n<meta property=\"og:image\" content=\"https:\/\/www.padreeustaquio.com.br\/wp-content\/uploads\/2021\/05\/beatificacao-mineirao-papa-bispos-milagre-beato-santo-cerimonia.jpeg\" \/>\n\t<meta property=\"og:image:width\" content=\"1280\" \/>\n\t<meta property=\"og:image:height\" content=\"960\" \/>\n\t<meta property=\"og:image:type\" content=\"image\/jpeg\" \/>\n<meta name=\"author\" content=\"@sscc\" \/>\n<meta name=\"twitter:card\" content=\"summary_large_image\" \/>\n<meta name=\"twitter:creator\" content=\"@beatopeustaquio\" \/>\n<meta name=\"twitter:site\" content=\"@beatopeustaquio\" \/>\n<meta name=\"twitter:label1\" content=\"Escrito por\" \/>\n\t<meta name=\"twitter:data1\" content=\"@sscc\" \/>\n\t<meta name=\"twitter:label2\" content=\"Tiempo de lectura\" \/>\n\t<meta name=\"twitter:data2\" content=\"3 minutos\" \/>\n<script type=\"application\/ld+json\" class=\"yoast-schema-graph\">{\"@context\":\"https:\/\/schema.org\",\"@graph\":[{\"@type\":\"Article\",\"@id\":\"https:\/\/www.padreeustaquio.com.br\/15-anos-de-beatificacao-acompanhe-como-foi-o-processo-na-linha-do-tempo-que-preparamos\/#article\",\"isPartOf\":{\"@id\":\"https:\/\/www.padreeustaquio.com.br\/15-anos-de-beatificacao-acompanhe-como-foi-o-processo-na-linha-do-tempo-que-preparamos\/\"},\"author\":{\"name\":\"@sscc\",\"@id\":\"https:\/\/www.padreeustaquio.com.br\/#\/schema\/person\/a2a51db1d00f1a7af0204a0f1ddb1566\"},\"headline\":\"15 ANOS DE BEATIFICA\u00c7\u00c3O &#8211; Acompanhe como foi o processo na linha do tempo que preparamos\",\"datePublished\":\"2021-05-20T09:28:25+00:00\",\"mainEntityOfPage\":{\"@id\":\"https:\/\/www.padreeustaquio.com.br\/15-anos-de-beatificacao-acompanhe-como-foi-o-processo-na-linha-do-tempo-que-preparamos\/\"},\"wordCount\":615,\"commentCount\":0,\"publisher\":{\"@id\":\"https:\/\/www.padreeustaquio.com.br\/#organization\"},\"image\":{\"@id\":\"https:\/\/www.padreeustaquio.com.br\/15-anos-de-beatificacao-acompanhe-como-foi-o-processo-na-linha-do-tempo-que-preparamos\/#primaryimage\"},\"thumbnailUrl\":\"https:\/\/www.padreeustaquio.com.br\/wp-content\/uploads\/2021\/05\/beatificacao-mineirao-papa-bispos-milagre-beato-santo-cerimonia.jpeg\",\"articleSection\":[\"Not\u00edcias\"],\"inLanguage\":\"es\",\"potentialAction\":[{\"@type\":\"CommentAction\",\"name\":\"Comment\",\"target\":[\"https:\/\/www.padreeustaquio.com.br\/15-anos-de-beatificacao-acompanhe-como-foi-o-processo-na-linha-do-tempo-que-preparamos\/#respond\"]}]},{\"@type\":\"WebPage\",\"@id\":\"https:\/\/www.padreeustaquio.com.br\/15-anos-de-beatificacao-acompanhe-como-foi-o-processo-na-linha-do-tempo-que-preparamos\/\",\"url\":\"https:\/\/www.padreeustaquio.com.br\/15-anos-de-beatificacao-acompanhe-como-foi-o-processo-na-linha-do-tempo-que-preparamos\/\",\"name\":\"15 ANOS DE BEATIFICA\u00c7\u00c3O - Acompanhe como foi o processo na linha do tempo que preparamos - Padre Eust\u00e1quio\",\"isPartOf\":{\"@id\":\"https:\/\/www.padreeustaquio.com.br\/#website\"},\"primaryImageOfPage\":{\"@id\":\"https:\/\/www.padreeustaquio.com.br\/15-anos-de-beatificacao-acompanhe-como-foi-o-processo-na-linha-do-tempo-que-preparamos\/#primaryimage\"},\"image\":{\"@id\":\"https:\/\/www.padreeustaquio.com.br\/15-anos-de-beatificacao-acompanhe-como-foi-o-processo-na-linha-do-tempo-que-preparamos\/#primaryimage\"},\"thumbnailUrl\":\"https:\/\/www.padreeustaquio.com.br\/wp-content\/uploads\/2021\/05\/beatificacao-mineirao-papa-bispos-milagre-beato-santo-cerimonia.jpeg\",\"datePublished\":\"2021-05-20T09:28:25+00:00\",\"breadcrumb\":{\"@id\":\"https:\/\/www.padreeustaquio.com.br\/15-anos-de-beatificacao-acompanhe-como-foi-o-processo-na-linha-do-tempo-que-preparamos\/#breadcrumb\"},\"inLanguage\":\"es\",\"potentialAction\":[{\"@type\":\"ReadAction\",\"target\":[\"https:\/\/www.padreeustaquio.com.br\/15-anos-de-beatificacao-acompanhe-como-foi-o-processo-na-linha-do-tempo-que-preparamos\/\"]}]},{\"@type\":\"ImageObject\",\"inLanguage\":\"es\",\"@id\":\"https:\/\/www.padreeustaquio.com.br\/15-anos-de-beatificacao-acompanhe-como-foi-o-processo-na-linha-do-tempo-que-preparamos\/#primaryimage\",\"url\":\"https:\/\/www.padreeustaquio.com.br\/wp-content\/uploads\/2021\/05\/beatificacao-mineirao-papa-bispos-milagre-beato-santo-cerimonia.jpeg\",\"contentUrl\":\"https:\/\/www.padreeustaquio.com.br\/wp-content\/uploads\/2021\/05\/beatificacao-mineirao-papa-bispos-milagre-beato-santo-cerimonia.jpeg\",\"width\":1280,\"height\":960},{\"@type\":\"BreadcrumbList\",\"@id\":\"https:\/\/www.padreeustaquio.com.br\/15-anos-de-beatificacao-acompanhe-como-foi-o-processo-na-linha-do-tempo-que-preparamos\/#breadcrumb\",\"itemListElement\":[{\"@type\":\"ListItem\",\"position\":1,\"name\":\"In\u00edcio\",\"item\":\"https:\/\/www.padreeustaquio.com.br\/\"},{\"@type\":\"ListItem\",\"position\":2,\"name\":\"15 ANOS DE BEATIFICA\u00c7\u00c3O &#8211; Acompanhe como foi o processo na linha do tempo que preparamos\"}]},{\"@type\":\"WebSite\",\"@id\":\"https:\/\/www.padreeustaquio.com.br\/#website\",\"url\":\"https:\/\/www.padreeustaquio.com.br\/\",\"name\":\"Padre Eust\u00e1quio\",\"description\":\"Sa\u00fade e Paz\",\"publisher\":{\"@id\":\"https:\/\/www.padreeustaquio.com.br\/#organization\"},\"potentialAction\":[{\"@type\":\"SearchAction\",\"target\":{\"@type\":\"EntryPoint\",\"urlTemplate\":\"https:\/\/www.padreeustaquio.com.br\/?s={search_term_string}\"},\"query-input\":{\"@type\":\"PropertyValueSpecification\",\"valueRequired\":true,\"valueName\":\"search_term_string\"}}],\"inLanguage\":\"es\"},{\"@type\":\"Organization\",\"@id\":\"https:\/\/www.padreeustaquio.com.br\/#organization\",\"name\":\"Padre Eust\u00e1quio\",\"url\":\"https:\/\/www.padreeustaquio.com.br\/\",\"logo\":{\"@type\":\"ImageObject\",\"inLanguage\":\"es\",\"@id\":\"https:\/\/www.padreeustaquio.com.br\/#\/schema\/logo\/image\/\",\"url\":\"https:\/\/www.padreeustaquio.com.br\/wp-content\/uploads\/2019\/08\/marca.png\",\"contentUrl\":\"https:\/\/www.padreeustaquio.com.br\/wp-content\/uploads\/2019\/08\/marca.png\",\"width\":350,\"height\":400,\"caption\":\"Padre Eust\u00e1quio\"},\"image\":{\"@id\":\"https:\/\/www.padreeustaquio.com.br\/#\/schema\/logo\/image\/\"},\"sameAs\":[\"https:\/\/www.facebook.com\/beatopadreeustaquio\/\",\"https:\/\/x.com\/beatopeustaquio\",\"https:\/\/www.instagram.com\/beatopadreeustaquio\/\",\"https:\/\/www.youtube.com\/channel\/UCRhw7vfabnajwLxb1ZXMeIw\"]},{\"@type\":\"Person\",\"@id\":\"https:\/\/www.padreeustaquio.com.br\/#\/schema\/person\/a2a51db1d00f1a7af0204a0f1ddb1566\",\"name\":\"@sscc\",\"image\":{\"@type\":\"ImageObject\",\"inLanguage\":\"es\",\"@id\":\"https:\/\/secure.gravatar.com\/avatar\/68cfafa5f44617fea54071e215026e0ff06be366c3d54a8425f04fdcb86f8c5f?s=96&d=mm&r=g\",\"url\":\"https:\/\/secure.gravatar.com\/avatar\/68cfafa5f44617fea54071e215026e0ff06be366c3d54a8425f04fdcb86f8c5f?s=96&d=mm&r=g\",\"contentUrl\":\"https:\/\/secure.gravatar.com\/avatar\/68cfafa5f44617fea54071e215026e0ff06be366c3d54a8425f04fdcb86f8c5f?s=96&d=mm&r=g\",\"caption\":\"@sscc\"},\"url\":\"https:\/\/www.padreeustaquio.com.br\/es\/author\/sscc\/\"}]}<\/script>\n<!-- \/ Yoast SEO plugin. -->","yoast_head_json":{"title":"15 A\u00d1OS DE LA BEATIFICACI\u00d3N - Sigue el proceso en la cronolog\u00eda que preparamos - Padre Eust\u00e1quio","robots":{"index":"index","follow":"follow","max-snippet":"max-snippet:-1","max-image-preview":"max-image-preview:large","max-video-preview":"max-video-preview:-1"},"canonical":"https:\/\/www.padreeustaquio.com.br\/es\/15-anos-de-la-beatificacion-sigue-el-proceso-en-la-cronologia-que-hemos-preparado\/","og_locale":"es_ES","og_type":"article","og_title":"15 ANOS DE BEATIFICA\u00c7\u00c3O - Acompanhe como foi o processo na linha do tempo que preparamos - Padre Eust\u00e1quio","og_description":"Dia 15 de junho a Beatifica\u00e7\u00e3o de Padre Eust\u00e1quio completa 15 anos. Ap\u00f3s um longo processo, que come\u00e7ou em 1956, o padre holand\u00eas foi inscrito pela Santa S\u00e9 na lista dos Bem-Aventurados. O fil\u00f3sofo e cientista da religi\u00e3o Leandro Castro, preparou uma linha do tempo com todo o processo, explicando cada passo. Veja a seguir: Hist\u00f3ria do processo de Beatifica\u00e7\u00e3o do Padre Eust\u00e1quio 30 de agosto de 1943 \u2013 Morte de Padre Eust\u00e1quio. 31 de agosto de 1943 \u2013 Os restos mortais de Padre Eust\u00e1quio s\u00e3o conduzidos para o Cemit\u00e9rio do Bonfim. Seu t\u00famulo torna-se lugar de preces e devo\u00e7\u00e3o. [&hellip;]","og_url":"https:\/\/www.padreeustaquio.com.br\/es\/15-anos-de-la-beatificacion-sigue-el-proceso-en-la-cronologia-que-hemos-preparado\/","og_site_name":"Padre Eust\u00e1quio","article_publisher":"https:\/\/www.facebook.com\/beatopadreeustaquio\/","article_published_time":"2021-05-20T09:28:25+00:00","og_image":[{"width":1280,"height":960,"url":"https:\/\/www.padreeustaquio.com.br\/wp-content\/uploads\/2021\/05\/beatificacao-mineirao-papa-bispos-milagre-beato-santo-cerimonia.jpeg","type":"image\/jpeg"}],"author":"@sscc","twitter_card":"summary_large_image","twitter_creator":"@beatopeustaquio","twitter_site":"@beatopeustaquio","twitter_misc":{"Escrito por":"@sscc","Tiempo de lectura":"3 minutos"},"schema":{"@context":"https:\/\/schema.org","@graph":[{"@type":"Article","@id":"https:\/\/www.padreeustaquio.com.br\/15-anos-de-beatificacao-acompanhe-como-foi-o-processo-na-linha-do-tempo-que-preparamos\/#article","isPartOf":{"@id":"https:\/\/www.padreeustaquio.com.br\/15-anos-de-beatificacao-acompanhe-como-foi-o-processo-na-linha-do-tempo-que-preparamos\/"},"author":{"name":"@sscc","@id":"https:\/\/www.padreeustaquio.com.br\/#\/schema\/person\/a2a51db1d00f1a7af0204a0f1ddb1566"},"headline":"15 ANOS DE BEATIFICA\u00c7\u00c3O &#8211; Acompanhe como foi o processo na linha do tempo que preparamos","datePublished":"2021-05-20T09:28:25+00:00","mainEntityOfPage":{"@id":"https:\/\/www.padreeustaquio.com.br\/15-anos-de-beatificacao-acompanhe-como-foi-o-processo-na-linha-do-tempo-que-preparamos\/"},"wordCount":615,"commentCount":0,"publisher":{"@id":"https:\/\/www.padreeustaquio.com.br\/#organization"},"image":{"@id":"https:\/\/www.padreeustaquio.com.br\/15-anos-de-beatificacao-acompanhe-como-foi-o-processo-na-linha-do-tempo-que-preparamos\/#primaryimage"},"thumbnailUrl":"https:\/\/www.padreeustaquio.com.br\/wp-content\/uploads\/2021\/05\/beatificacao-mineirao-papa-bispos-milagre-beato-santo-cerimonia.jpeg","articleSection":["Not\u00edcias"],"inLanguage":"es","potentialAction":[{"@type":"CommentAction","name":"Comment","target":["https:\/\/www.padreeustaquio.com.br\/15-anos-de-beatificacao-acompanhe-como-foi-o-processo-na-linha-do-tempo-que-preparamos\/#respond"]}]},{"@type":"WebPage","@id":"https:\/\/www.padreeustaquio.com.br\/15-anos-de-beatificacao-acompanhe-como-foi-o-processo-na-linha-do-tempo-que-preparamos\/","url":"https:\/\/www.padreeustaquio.com.br\/15-anos-de-beatificacao-acompanhe-como-foi-o-processo-na-linha-do-tempo-que-preparamos\/","name":"15 A\u00d1OS DE LA BEATIFICACI\u00d3N - Sigue el proceso en la cronolog\u00eda que preparamos - Padre Eust\u00e1quio","isPartOf":{"@id":"https:\/\/www.padreeustaquio.com.br\/#website"},"primaryImageOfPage":{"@id":"https:\/\/www.padreeustaquio.com.br\/15-anos-de-beatificacao-acompanhe-como-foi-o-processo-na-linha-do-tempo-que-preparamos\/#primaryimage"},"image":{"@id":"https:\/\/www.padreeustaquio.com.br\/15-anos-de-beatificacao-acompanhe-como-foi-o-processo-na-linha-do-tempo-que-preparamos\/#primaryimage"},"thumbnailUrl":"https:\/\/www.padreeustaquio.com.br\/wp-content\/uploads\/2021\/05\/beatificacao-mineirao-papa-bispos-milagre-beato-santo-cerimonia.jpeg","datePublished":"2021-05-20T09:28:25+00:00","breadcrumb":{"@id":"https:\/\/www.padreeustaquio.com.br\/15-anos-de-beatificacao-acompanhe-como-foi-o-processo-na-linha-do-tempo-que-preparamos\/#breadcrumb"},"inLanguage":"es","potentialAction":[{"@type":"ReadAction","target":["https:\/\/www.padreeustaquio.com.br\/15-anos-de-beatificacao-acompanhe-como-foi-o-processo-na-linha-do-tempo-que-preparamos\/"]}]},{"@type":"ImageObject","inLanguage":"es","@id":"https:\/\/www.padreeustaquio.com.br\/15-anos-de-beatificacao-acompanhe-como-foi-o-processo-na-linha-do-tempo-que-preparamos\/#primaryimage","url":"https:\/\/www.padreeustaquio.com.br\/wp-content\/uploads\/2021\/05\/beatificacao-mineirao-papa-bispos-milagre-beato-santo-cerimonia.jpeg","contentUrl":"https:\/\/www.padreeustaquio.com.br\/wp-content\/uploads\/2021\/05\/beatificacao-mineirao-papa-bispos-milagre-beato-santo-cerimonia.jpeg","width":1280,"height":960},{"@type":"BreadcrumbList","@id":"https:\/\/www.padreeustaquio.com.br\/15-anos-de-beatificacao-acompanhe-como-foi-o-processo-na-linha-do-tempo-que-preparamos\/#breadcrumb","itemListElement":[{"@type":"ListItem","position":1,"name":"In\u00edcio","item":"https:\/\/www.padreeustaquio.com.br\/"},{"@type":"ListItem","position":2,"name":"15 ANOS DE BEATIFICA\u00c7\u00c3O &#8211; Acompanhe como foi o processo na linha do tempo que preparamos"}]},{"@type":"WebSite","@id":"https:\/\/www.padreeustaquio.com.br\/#website","url":"https:\/\/www.padreeustaquio.com.br\/","name":"Padre Eustace","description":"Salud y Paz","publisher":{"@id":"https:\/\/www.padreeustaquio.com.br\/#organization"},"potentialAction":[{"@type":"SearchAction","target":{"@type":"EntryPoint","urlTemplate":"https:\/\/www.padreeustaquio.com.br\/?s={search_term_string}"},"query-input":{"@type":"PropertyValueSpecification","valueRequired":true,"valueName":"search_term_string"}}],"inLanguage":"es"},{"@type":"Organization","@id":"https:\/\/www.padreeustaquio.com.br\/#organization","name":"Padre Eustace","url":"https:\/\/www.padreeustaquio.com.br\/","logo":{"@type":"ImageObject","inLanguage":"es","@id":"https:\/\/www.padreeustaquio.com.br\/#\/schema\/logo\/image\/","url":"https:\/\/www.padreeustaquio.com.br\/wp-content\/uploads\/2019\/08\/marca.png","contentUrl":"https:\/\/www.padreeustaquio.com.br\/wp-content\/uploads\/2019\/08\/marca.png","width":350,"height":400,"caption":"Padre Eust\u00e1quio"},"image":{"@id":"https:\/\/www.padreeustaquio.com.br\/#\/schema\/logo\/image\/"},"sameAs":["https:\/\/www.facebook.com\/beatopadreeustaquio\/","https:\/\/x.com\/beatopeustaquio","https:\/\/www.instagram.com\/beatopadreeustaquio\/","https:\/\/www.youtube.com\/channel\/UCRhw7vfabnajwLxb1ZXMeIw"]},{"@type":"Person","@id":"https:\/\/www.padreeustaquio.com.br\/#\/schema\/person\/a2a51db1d00f1a7af0204a0f1ddb1566","name":"@sscc","image":{"@type":"ImageObject","inLanguage":"es","@id":"https:\/\/secure.gravatar.com\/avatar\/68cfafa5f44617fea54071e215026e0ff06be366c3d54a8425f04fdcb86f8c5f?s=96&d=mm&r=g","url":"https:\/\/secure.gravatar.com\/avatar\/68cfafa5f44617fea54071e215026e0ff06be366c3d54a8425f04fdcb86f8c5f?s=96&d=mm&r=g","contentUrl":"https:\/\/secure.gravatar.com\/avatar\/68cfafa5f44617fea54071e215026e0ff06be366c3d54a8425f04fdcb86f8c5f?s=96&d=mm&r=g","caption":"@sscc"},"url":"https:\/\/www.padreeustaquio.com.br\/es\/author\/sscc\/"}]}},"_links":{"self":[{"href":"https:\/\/www.padreeustaquio.com.br\/es\/wp-json\/wp\/v2\/posts\/5913","targetHints":{"allow":["GET"]}}],"collection":[{"href":"https:\/\/www.padreeustaquio.com.br\/es\/wp-json\/wp\/v2\/posts"}],"about":[{"href":"https:\/\/www.padreeustaquio.com.br\/es\/wp-json\/wp\/v2\/types\/post"}],"author":[{"embeddable":true,"href":"https:\/\/www.padreeustaquio.com.br\/es\/wp-json\/wp\/v2\/users\/2"}],"replies":[{"embeddable":true,"href":"https:\/\/www.padreeustaquio.com.br\/es\/wp-json\/wp\/v2\/comments?post=5913"}],"version-history":[{"count":0,"href":"https:\/\/www.padreeustaquio.com.br\/es\/wp-json\/wp\/v2\/posts\/5913\/revisions"}],"wp:featuredmedia":[{"embeddable":true,"href":"https:\/\/www.padreeustaquio.com.br\/es\/wp-json\/wp\/v2\/media\/5914"}],"wp:attachment":[{"href":"https:\/\/www.padreeustaquio.com.br\/es\/wp-json\/wp\/v2\/media?parent=5913"}],"wp:term":[{"taxonomy":"category","embeddable":true,"href":"https:\/\/www.padreeustaquio.com.br\/es\/wp-json\/wp\/v2\/categories?post=5913"},{"taxonomy":"post_tag","embeddable":true,"href":"https:\/\/www.padreeustaquio.com.br\/es\/wp-json\/wp\/v2\/tags?post=5913"}],"curies":[{"name":"wp","href":"https:\/\/api.w.org\/{rel}","templated":true}]}}