{"id":5704,"date":"2021-04-29T07:17:42","date_gmt":"2021-04-29T10:17:42","guid":{"rendered":"https:\/\/www.padreeustaquio.com.br\/?p=5704"},"modified":"2021-04-25T20:39:27","modified_gmt":"2021-04-25T23:39:27","slug":"manuscrito-del-padre-eustace-y-catalogado-entre-las-pertenencias-del-beato","status":"publish","type":"post","link":"https:\/\/www.padreeustaquio.com.br\/es\/manuscrito-del-padre-eustace-y-catalogado-entre-las-pertenencias-del-beato\/","title":{"rendered":"Entre los bienes del Beato se encuentra catalogado un manuscrito del Padre Eust\u00e1quio."},"content":{"rendered":"<p>Un manuscrito del Padre Eust\u00e1quio fue recuperado e incluido en los trabajos de catalogaci\u00f3n que se est\u00e1n realizando con los bienes del Beato.<\/p>\n<p>En una hoja de papel rayado, se puede leer una de las oraciones compuestas por el Bendito. El texto pide la intercesi\u00f3n de San Jos\u00e9 y la Sant\u00edsima Virgen Mar\u00eda por nuestras oraciones. Tambi\u00e9n pide alegr\u00eda, fuerza, valent\u00eda y paciencia. La oraci\u00f3n concluye con la esperanza de alcanzar alg\u00fan d\u00eda la corona eterna.<\/p>\n<p>Esta es solo una de las docenas de oraciones compuestas por el Beato. El papel, as\u00ed como los dem\u00e1s objetos catalogados por la vicepostulaci\u00f3n, formar\u00e1n parte del Museo Padre Eust\u00e1quio, a\u00fan por construir.<\/p>\n<p>Usted, como devoto seguidor, puede ayudarnos a mantener esta importante labor de preservar la memoria del Bendito.<\/p>\n<p>Haz tu donaci\u00f3n a trav\u00e9s de <strong>FOTO: (31) 99545-1943<\/strong><\/p>\n<p><em>O por cuenta:<\/em><br \/>\n<em>Padre Eust\u00e1quio Acci\u00f3n Social<\/em><br \/>\n<em>CNPJ 17.193.756\/0001-05<\/em><br \/>\n<em>Banco Federal de Ahorros<\/em><br \/>\n<em>Ag: 0089 | op. 013 | c\/p 48.086-7<\/p>\n<p><\/em>A continuaci\u00f3n, lea la oraci\u00f3n en su totalidad:<\/p>\n<blockquote><p>\u201cOh Jes\u00fas, por la sangre que derramaste y por las l\u00e1grimas de tu querida Madre, por intercesi\u00f3n de San Jos\u00e9 y de todos los santos, escucha nuestras s\u00faplicas, responde a nuestras oraciones, conc\u00e9denos alegr\u00eda en el dolor, fuerza en la debilidad, b\u00e1lsamo para el coraz\u00f3n herido, valor en la lucha, paciencia en el sufrimiento, resistencia en la tentaci\u00f3n, compunci\u00f3n en el arrepentimiento, esperanza en la lucha y, un d\u00eda, la corona eterna\u201d.\u201d<\/p><\/blockquote>\n<p style=\"text-align: center;\"><img fetchpriority=\"high\" decoding=\"async\" class=\"aligncenter wp-image-5705 size-full\" src=\"https:\/\/www.padreeustaquio.com.br\/wp-content\/uploads\/2021\/04\/escritos-de-padre-eustaquio-e1619393713805.jpg\" alt=\"\" width=\"611\" height=\"394\" srcset=\"https:\/\/www.padreeustaquio.com.br\/wp-content\/uploads\/2021\/04\/escritos-de-padre-eustaquio-e1619393713805.jpg 611w, https:\/\/www.padreeustaquio.com.br\/wp-content\/uploads\/2021\/04\/escritos-de-padre-eustaquio-e1619393713805-300x193.jpg 300w\" sizes=\"(max-width: 611px) 100vw, 611px\" \/><\/p>","protected":false},"excerpt":{"rendered":"<p>Um manuscrito de Padre Eust\u00e1quio foi recuperado e relacionado durante o trabalho de cataloga\u00e7\u00e3o que est\u00e1 acontecendo com os pertences do Beato. Em um peda\u00e7o de papel com pauta \u00e9 poss\u00edvel ler uma das ora\u00e7\u00f5es compostas pelo Bem-Aventurado. O texto pede a intercess\u00e3o de S\u00e3o Jos\u00e9 e de Maria Sant\u00edssima para nossas ora\u00e7\u00f5es. Ele pede ainda alegria, for\u00e7a, \u00e2nimo e paci\u00eancia. Terminando a ora\u00e7\u00e3o com esperan\u00e7a de um dia alcan\u00e7ar a coroa eterna. Esta \u00e9 apenas uma das dezenas de ora\u00e7\u00f5es compostas pelo Beato. O peda\u00e7o de papel, assim como os outros objetos catalogados pela vice-postula\u00e7\u00e3o, far\u00e1 parte de um [&hellip;]<\/p>\n","protected":false},"author":2,"featured_media":5706,"comment_status":"open","ping_status":"closed","sticky":false,"template":"","format":"standard","meta":{"_acf_changed":false,"footnotes":""},"categories":[611],"tags":[],"class_list":["post-5704","post","type-post","status-publish","format-standard","has-post-thumbnail","hentry","category-noticias"],"acf":[],"yoast_head":"<!-- This site is optimized with the Yoast SEO plugin v27.2 - https:\/\/yoast.com\/product\/yoast-seo-wordpress\/ -->\n<title>Manuscrito de Padre Eust\u00e1quio \u00e9 catalogado entre pertences do Beato - Padre Eust\u00e1quio<\/title>\n<meta name=\"robots\" content=\"index, follow, max-snippet:-1, max-image-preview:large, max-video-preview:-1\" \/>\n<link rel=\"canonical\" href=\"https:\/\/www.padreeustaquio.com.br\/es\/manuscrito-del-padre-eustace-y-catalogado-entre-las-pertenencias-del-beato\/\" \/>\n<meta property=\"og:locale\" content=\"es_ES\" \/>\n<meta property=\"og:type\" content=\"article\" \/>\n<meta property=\"og:title\" content=\"Manuscrito de Padre Eust\u00e1quio \u00e9 catalogado entre pertences do Beato - Padre Eust\u00e1quio\" \/>\n<meta property=\"og:description\" content=\"Um manuscrito de Padre Eust\u00e1quio foi recuperado e relacionado durante o trabalho de cataloga\u00e7\u00e3o que est\u00e1 acontecendo com os pertences do Beato. Em um peda\u00e7o de papel com pauta \u00e9 poss\u00edvel ler uma das ora\u00e7\u00f5es compostas pelo Bem-Aventurado. O texto pede a intercess\u00e3o de S\u00e3o Jos\u00e9 e de Maria Sant\u00edssima para nossas ora\u00e7\u00f5es. Ele pede ainda alegria, for\u00e7a, \u00e2nimo e paci\u00eancia. Terminando a ora\u00e7\u00e3o com esperan\u00e7a de um dia alcan\u00e7ar a coroa eterna. Esta \u00e9 apenas uma das dezenas de ora\u00e7\u00f5es compostas pelo Beato. O peda\u00e7o de papel, assim como os outros objetos catalogados pela vice-postula\u00e7\u00e3o, far\u00e1 parte de um [&hellip;]\" \/>\n<meta property=\"og:url\" content=\"https:\/\/www.padreeustaquio.com.br\/es\/manuscrito-del-padre-eustace-y-catalogado-entre-las-pertenencias-del-beato\/\" \/>\n<meta property=\"og:site_name\" content=\"Padre Eust\u00e1quio\" \/>\n<meta property=\"article:publisher\" content=\"https:\/\/www.facebook.com\/beatopadreeustaquio\/\" \/>\n<meta property=\"article:published_time\" content=\"2021-04-29T10:17:42+00:00\" \/>\n<meta property=\"og:image\" content=\"https:\/\/www.padreeustaquio.com.br\/wp-content\/uploads\/2021\/04\/Manuscrito-de-padre-eustaquio.jpg\" \/>\n\t<meta property=\"og:image:width\" content=\"748\" \/>\n\t<meta property=\"og:image:height\" content=\"394\" \/>\n\t<meta property=\"og:image:type\" content=\"image\/jpeg\" \/>\n<meta name=\"author\" content=\"@sscc\" \/>\n<meta name=\"twitter:card\" content=\"summary_large_image\" \/>\n<meta name=\"twitter:creator\" content=\"@beatopeustaquio\" \/>\n<meta name=\"twitter:site\" content=\"@beatopeustaquio\" \/>\n<meta name=\"twitter:label1\" content=\"Escrito por\" \/>\n\t<meta name=\"twitter:data1\" content=\"@sscc\" \/>\n\t<meta name=\"twitter:label2\" content=\"Tiempo de lectura\" \/>\n\t<meta name=\"twitter:data2\" content=\"1 minuto\" \/>\n<script type=\"application\/ld+json\" class=\"yoast-schema-graph\">{\"@context\":\"https:\/\/schema.org\",\"@graph\":[{\"@type\":\"Article\",\"@id\":\"https:\/\/www.padreeustaquio.com.br\/manuscrito-de-padre-eustaquio-e-catalogado-entre-pertences-do-beato\/#article\",\"isPartOf\":{\"@id\":\"https:\/\/www.padreeustaquio.com.br\/manuscrito-de-padre-eustaquio-e-catalogado-entre-pertences-do-beato\/\"},\"author\":{\"name\":\"@sscc\",\"@id\":\"https:\/\/www.padreeustaquio.com.br\/#\/schema\/person\/a2a51db1d00f1a7af0204a0f1ddb1566\"},\"headline\":\"Manuscrito de Padre Eust\u00e1quio \u00e9 catalogado entre pertences do Beato\",\"datePublished\":\"2021-04-29T10:17:42+00:00\",\"mainEntityOfPage\":{\"@id\":\"https:\/\/www.padreeustaquio.com.br\/manuscrito-de-padre-eustaquio-e-catalogado-entre-pertences-do-beato\/\"},\"wordCount\":267,\"commentCount\":0,\"publisher\":{\"@id\":\"https:\/\/www.padreeustaquio.com.br\/#organization\"},\"image\":{\"@id\":\"https:\/\/www.padreeustaquio.com.br\/manuscrito-de-padre-eustaquio-e-catalogado-entre-pertences-do-beato\/#primaryimage\"},\"thumbnailUrl\":\"https:\/\/www.padreeustaquio.com.br\/wp-content\/uploads\/2021\/04\/Manuscrito-de-padre-eustaquio.jpg\",\"articleSection\":[\"Not\u00edcias\"],\"inLanguage\":\"es\",\"potentialAction\":[{\"@type\":\"CommentAction\",\"name\":\"Comment\",\"target\":[\"https:\/\/www.padreeustaquio.com.br\/manuscrito-de-padre-eustaquio-e-catalogado-entre-pertences-do-beato\/#respond\"]}]},{\"@type\":\"WebPage\",\"@id\":\"https:\/\/www.padreeustaquio.com.br\/manuscrito-de-padre-eustaquio-e-catalogado-entre-pertences-do-beato\/\",\"url\":\"https:\/\/www.padreeustaquio.com.br\/manuscrito-de-padre-eustaquio-e-catalogado-entre-pertences-do-beato\/\",\"name\":\"Manuscrito de Padre Eust\u00e1quio \u00e9 catalogado entre pertences do Beato - Padre Eust\u00e1quio\",\"isPartOf\":{\"@id\":\"https:\/\/www.padreeustaquio.com.br\/#website\"},\"primaryImageOfPage\":{\"@id\":\"https:\/\/www.padreeustaquio.com.br\/manuscrito-de-padre-eustaquio-e-catalogado-entre-pertences-do-beato\/#primaryimage\"},\"image\":{\"@id\":\"https:\/\/www.padreeustaquio.com.br\/manuscrito-de-padre-eustaquio-e-catalogado-entre-pertences-do-beato\/#primaryimage\"},\"thumbnailUrl\":\"https:\/\/www.padreeustaquio.com.br\/wp-content\/uploads\/2021\/04\/Manuscrito-de-padre-eustaquio.jpg\",\"datePublished\":\"2021-04-29T10:17:42+00:00\",\"breadcrumb\":{\"@id\":\"https:\/\/www.padreeustaquio.com.br\/manuscrito-de-padre-eustaquio-e-catalogado-entre-pertences-do-beato\/#breadcrumb\"},\"inLanguage\":\"es\",\"potentialAction\":[{\"@type\":\"ReadAction\",\"target\":[\"https:\/\/www.padreeustaquio.com.br\/manuscrito-de-padre-eustaquio-e-catalogado-entre-pertences-do-beato\/\"]}]},{\"@type\":\"ImageObject\",\"inLanguage\":\"es\",\"@id\":\"https:\/\/www.padreeustaquio.com.br\/manuscrito-de-padre-eustaquio-e-catalogado-entre-pertences-do-beato\/#primaryimage\",\"url\":\"https:\/\/www.padreeustaquio.com.br\/wp-content\/uploads\/2021\/04\/Manuscrito-de-padre-eustaquio.jpg\",\"contentUrl\":\"https:\/\/www.padreeustaquio.com.br\/wp-content\/uploads\/2021\/04\/Manuscrito-de-padre-eustaquio.jpg\",\"width\":748,\"height\":394},{\"@type\":\"BreadcrumbList\",\"@id\":\"https:\/\/www.padreeustaquio.com.br\/manuscrito-de-padre-eustaquio-e-catalogado-entre-pertences-do-beato\/#breadcrumb\",\"itemListElement\":[{\"@type\":\"ListItem\",\"position\":1,\"name\":\"In\u00edcio\",\"item\":\"https:\/\/www.padreeustaquio.com.br\/\"},{\"@type\":\"ListItem\",\"position\":2,\"name\":\"Manuscrito de Padre Eust\u00e1quio \u00e9 catalogado entre pertences do Beato\"}]},{\"@type\":\"WebSite\",\"@id\":\"https:\/\/www.padreeustaquio.com.br\/#website\",\"url\":\"https:\/\/www.padreeustaquio.com.br\/\",\"name\":\"Padre Eust\u00e1quio\",\"description\":\"Sa\u00fade e Paz\",\"publisher\":{\"@id\":\"https:\/\/www.padreeustaquio.com.br\/#organization\"},\"potentialAction\":[{\"@type\":\"SearchAction\",\"target\":{\"@type\":\"EntryPoint\",\"urlTemplate\":\"https:\/\/www.padreeustaquio.com.br\/?s={search_term_string}\"},\"query-input\":{\"@type\":\"PropertyValueSpecification\",\"valueRequired\":true,\"valueName\":\"search_term_string\"}}],\"inLanguage\":\"es\"},{\"@type\":\"Organization\",\"@id\":\"https:\/\/www.padreeustaquio.com.br\/#organization\",\"name\":\"Padre Eust\u00e1quio\",\"url\":\"https:\/\/www.padreeustaquio.com.br\/\",\"logo\":{\"@type\":\"ImageObject\",\"inLanguage\":\"es\",\"@id\":\"https:\/\/www.padreeustaquio.com.br\/#\/schema\/logo\/image\/\",\"url\":\"https:\/\/www.padreeustaquio.com.br\/wp-content\/uploads\/2019\/08\/marca.png\",\"contentUrl\":\"https:\/\/www.padreeustaquio.com.br\/wp-content\/uploads\/2019\/08\/marca.png\",\"width\":350,\"height\":400,\"caption\":\"Padre Eust\u00e1quio\"},\"image\":{\"@id\":\"https:\/\/www.padreeustaquio.com.br\/#\/schema\/logo\/image\/\"},\"sameAs\":[\"https:\/\/www.facebook.com\/beatopadreeustaquio\/\",\"https:\/\/x.com\/beatopeustaquio\",\"https:\/\/www.instagram.com\/beatopadreeustaquio\/\",\"https:\/\/www.youtube.com\/channel\/UCRhw7vfabnajwLxb1ZXMeIw\"]},{\"@type\":\"Person\",\"@id\":\"https:\/\/www.padreeustaquio.com.br\/#\/schema\/person\/a2a51db1d00f1a7af0204a0f1ddb1566\",\"name\":\"@sscc\",\"image\":{\"@type\":\"ImageObject\",\"inLanguage\":\"es\",\"@id\":\"https:\/\/secure.gravatar.com\/avatar\/68cfafa5f44617fea54071e215026e0ff06be366c3d54a8425f04fdcb86f8c5f?s=96&d=mm&r=g\",\"url\":\"https:\/\/secure.gravatar.com\/avatar\/68cfafa5f44617fea54071e215026e0ff06be366c3d54a8425f04fdcb86f8c5f?s=96&d=mm&r=g\",\"contentUrl\":\"https:\/\/secure.gravatar.com\/avatar\/68cfafa5f44617fea54071e215026e0ff06be366c3d54a8425f04fdcb86f8c5f?s=96&d=mm&r=g\",\"caption\":\"@sscc\"},\"url\":\"https:\/\/www.padreeustaquio.com.br\/es\/author\/sscc\/\"}]}<\/script>\n<!-- \/ Yoast SEO plugin. -->","yoast_head_json":{"title":"Un manuscrito del Padre Eustaquio est\u00e1 catalogado entre las pertenencias del Beato Padre Eustaquio.","robots":{"index":"index","follow":"follow","max-snippet":"max-snippet:-1","max-image-preview":"max-image-preview:large","max-video-preview":"max-video-preview:-1"},"canonical":"https:\/\/www.padreeustaquio.com.br\/es\/manuscrito-del-padre-eustace-y-catalogado-entre-las-pertenencias-del-beato\/","og_locale":"es_ES","og_type":"article","og_title":"Manuscrito de Padre Eust\u00e1quio \u00e9 catalogado entre pertences do Beato - Padre Eust\u00e1quio","og_description":"Um manuscrito de Padre Eust\u00e1quio foi recuperado e relacionado durante o trabalho de cataloga\u00e7\u00e3o que est\u00e1 acontecendo com os pertences do Beato. Em um peda\u00e7o de papel com pauta \u00e9 poss\u00edvel ler uma das ora\u00e7\u00f5es compostas pelo Bem-Aventurado. O texto pede a intercess\u00e3o de S\u00e3o Jos\u00e9 e de Maria Sant\u00edssima para nossas ora\u00e7\u00f5es. Ele pede ainda alegria, for\u00e7a, \u00e2nimo e paci\u00eancia. Terminando a ora\u00e7\u00e3o com esperan\u00e7a de um dia alcan\u00e7ar a coroa eterna. Esta \u00e9 apenas uma das dezenas de ora\u00e7\u00f5es compostas pelo Beato. O peda\u00e7o de papel, assim como os outros objetos catalogados pela vice-postula\u00e7\u00e3o, far\u00e1 parte de um [&hellip;]","og_url":"https:\/\/www.padreeustaquio.com.br\/es\/manuscrito-del-padre-eustace-y-catalogado-entre-las-pertenencias-del-beato\/","og_site_name":"Padre Eust\u00e1quio","article_publisher":"https:\/\/www.facebook.com\/beatopadreeustaquio\/","article_published_time":"2021-04-29T10:17:42+00:00","og_image":[{"width":748,"height":394,"url":"https:\/\/www.padreeustaquio.com.br\/wp-content\/uploads\/2021\/04\/Manuscrito-de-padre-eustaquio.jpg","type":"image\/jpeg"}],"author":"@sscc","twitter_card":"summary_large_image","twitter_creator":"@beatopeustaquio","twitter_site":"@beatopeustaquio","twitter_misc":{"Escrito por":"@sscc","Tiempo de lectura":"1 minuto"},"schema":{"@context":"https:\/\/schema.org","@graph":[{"@type":"Article","@id":"https:\/\/www.padreeustaquio.com.br\/manuscrito-de-padre-eustaquio-e-catalogado-entre-pertences-do-beato\/#article","isPartOf":{"@id":"https:\/\/www.padreeustaquio.com.br\/manuscrito-de-padre-eustaquio-e-catalogado-entre-pertences-do-beato\/"},"author":{"name":"@sscc","@id":"https:\/\/www.padreeustaquio.com.br\/#\/schema\/person\/a2a51db1d00f1a7af0204a0f1ddb1566"},"headline":"Manuscrito de Padre Eust\u00e1quio \u00e9 catalogado entre pertences do Beato","datePublished":"2021-04-29T10:17:42+00:00","mainEntityOfPage":{"@id":"https:\/\/www.padreeustaquio.com.br\/manuscrito-de-padre-eustaquio-e-catalogado-entre-pertences-do-beato\/"},"wordCount":267,"commentCount":0,"publisher":{"@id":"https:\/\/www.padreeustaquio.com.br\/#organization"},"image":{"@id":"https:\/\/www.padreeustaquio.com.br\/manuscrito-de-padre-eustaquio-e-catalogado-entre-pertences-do-beato\/#primaryimage"},"thumbnailUrl":"https:\/\/www.padreeustaquio.com.br\/wp-content\/uploads\/2021\/04\/Manuscrito-de-padre-eustaquio.jpg","articleSection":["Not\u00edcias"],"inLanguage":"es","potentialAction":[{"@type":"CommentAction","name":"Comment","target":["https:\/\/www.padreeustaquio.com.br\/manuscrito-de-padre-eustaquio-e-catalogado-entre-pertences-do-beato\/#respond"]}]},{"@type":"WebPage","@id":"https:\/\/www.padreeustaquio.com.br\/manuscrito-de-padre-eustaquio-e-catalogado-entre-pertences-do-beato\/","url":"https:\/\/www.padreeustaquio.com.br\/manuscrito-de-padre-eustaquio-e-catalogado-entre-pertences-do-beato\/","name":"Un manuscrito del Padre Eustaquio est\u00e1 catalogado entre las pertenencias del Beato Padre Eustaquio.","isPartOf":{"@id":"https:\/\/www.padreeustaquio.com.br\/#website"},"primaryImageOfPage":{"@id":"https:\/\/www.padreeustaquio.com.br\/manuscrito-de-padre-eustaquio-e-catalogado-entre-pertences-do-beato\/#primaryimage"},"image":{"@id":"https:\/\/www.padreeustaquio.com.br\/manuscrito-de-padre-eustaquio-e-catalogado-entre-pertences-do-beato\/#primaryimage"},"thumbnailUrl":"https:\/\/www.padreeustaquio.com.br\/wp-content\/uploads\/2021\/04\/Manuscrito-de-padre-eustaquio.jpg","datePublished":"2021-04-29T10:17:42+00:00","breadcrumb":{"@id":"https:\/\/www.padreeustaquio.com.br\/manuscrito-de-padre-eustaquio-e-catalogado-entre-pertences-do-beato\/#breadcrumb"},"inLanguage":"es","potentialAction":[{"@type":"ReadAction","target":["https:\/\/www.padreeustaquio.com.br\/manuscrito-de-padre-eustaquio-e-catalogado-entre-pertences-do-beato\/"]}]},{"@type":"ImageObject","inLanguage":"es","@id":"https:\/\/www.padreeustaquio.com.br\/manuscrito-de-padre-eustaquio-e-catalogado-entre-pertences-do-beato\/#primaryimage","url":"https:\/\/www.padreeustaquio.com.br\/wp-content\/uploads\/2021\/04\/Manuscrito-de-padre-eustaquio.jpg","contentUrl":"https:\/\/www.padreeustaquio.com.br\/wp-content\/uploads\/2021\/04\/Manuscrito-de-padre-eustaquio.jpg","width":748,"height":394},{"@type":"BreadcrumbList","@id":"https:\/\/www.padreeustaquio.com.br\/manuscrito-de-padre-eustaquio-e-catalogado-entre-pertences-do-beato\/#breadcrumb","itemListElement":[{"@type":"ListItem","position":1,"name":"In\u00edcio","item":"https:\/\/www.padreeustaquio.com.br\/"},{"@type":"ListItem","position":2,"name":"Manuscrito de Padre Eust\u00e1quio \u00e9 catalogado entre pertences do Beato"}]},{"@type":"WebSite","@id":"https:\/\/www.padreeustaquio.com.br\/#website","url":"https:\/\/www.padreeustaquio.com.br\/","name":"Padre Eustace","description":"Salud y Paz","publisher":{"@id":"https:\/\/www.padreeustaquio.com.br\/#organization"},"potentialAction":[{"@type":"SearchAction","target":{"@type":"EntryPoint","urlTemplate":"https:\/\/www.padreeustaquio.com.br\/?s={search_term_string}"},"query-input":{"@type":"PropertyValueSpecification","valueRequired":true,"valueName":"search_term_string"}}],"inLanguage":"es"},{"@type":"Organization","@id":"https:\/\/www.padreeustaquio.com.br\/#organization","name":"Padre Eustace","url":"https:\/\/www.padreeustaquio.com.br\/","logo":{"@type":"ImageObject","inLanguage":"es","@id":"https:\/\/www.padreeustaquio.com.br\/#\/schema\/logo\/image\/","url":"https:\/\/www.padreeustaquio.com.br\/wp-content\/uploads\/2019\/08\/marca.png","contentUrl":"https:\/\/www.padreeustaquio.com.br\/wp-content\/uploads\/2019\/08\/marca.png","width":350,"height":400,"caption":"Padre Eust\u00e1quio"},"image":{"@id":"https:\/\/www.padreeustaquio.com.br\/#\/schema\/logo\/image\/"},"sameAs":["https:\/\/www.facebook.com\/beatopadreeustaquio\/","https:\/\/x.com\/beatopeustaquio","https:\/\/www.instagram.com\/beatopadreeustaquio\/","https:\/\/www.youtube.com\/channel\/UCRhw7vfabnajwLxb1ZXMeIw"]},{"@type":"Person","@id":"https:\/\/www.padreeustaquio.com.br\/#\/schema\/person\/a2a51db1d00f1a7af0204a0f1ddb1566","name":"@sscc","image":{"@type":"ImageObject","inLanguage":"es","@id":"https:\/\/secure.gravatar.com\/avatar\/68cfafa5f44617fea54071e215026e0ff06be366c3d54a8425f04fdcb86f8c5f?s=96&d=mm&r=g","url":"https:\/\/secure.gravatar.com\/avatar\/68cfafa5f44617fea54071e215026e0ff06be366c3d54a8425f04fdcb86f8c5f?s=96&d=mm&r=g","contentUrl":"https:\/\/secure.gravatar.com\/avatar\/68cfafa5f44617fea54071e215026e0ff06be366c3d54a8425f04fdcb86f8c5f?s=96&d=mm&r=g","caption":"@sscc"},"url":"https:\/\/www.padreeustaquio.com.br\/es\/author\/sscc\/"}]}},"_links":{"self":[{"href":"https:\/\/www.padreeustaquio.com.br\/es\/wp-json\/wp\/v2\/posts\/5704","targetHints":{"allow":["GET"]}}],"collection":[{"href":"https:\/\/www.padreeustaquio.com.br\/es\/wp-json\/wp\/v2\/posts"}],"about":[{"href":"https:\/\/www.padreeustaquio.com.br\/es\/wp-json\/wp\/v2\/types\/post"}],"author":[{"embeddable":true,"href":"https:\/\/www.padreeustaquio.com.br\/es\/wp-json\/wp\/v2\/users\/2"}],"replies":[{"embeddable":true,"href":"https:\/\/www.padreeustaquio.com.br\/es\/wp-json\/wp\/v2\/comments?post=5704"}],"version-history":[{"count":0,"href":"https:\/\/www.padreeustaquio.com.br\/es\/wp-json\/wp\/v2\/posts\/5704\/revisions"}],"wp:featuredmedia":[{"embeddable":true,"href":"https:\/\/www.padreeustaquio.com.br\/es\/wp-json\/wp\/v2\/media\/5706"}],"wp:attachment":[{"href":"https:\/\/www.padreeustaquio.com.br\/es\/wp-json\/wp\/v2\/media?parent=5704"}],"wp:term":[{"taxonomy":"category","embeddable":true,"href":"https:\/\/www.padreeustaquio.com.br\/es\/wp-json\/wp\/v2\/categories?post=5704"},{"taxonomy":"post_tag","embeddable":true,"href":"https:\/\/www.padreeustaquio.com.br\/es\/wp-json\/wp\/v2\/tags?post=5704"}],"curies":[{"name":"wp","href":"https:\/\/api.w.org\/{rel}","templated":true}]}}