{"id":5697,"date":"2021-04-27T07:04:13","date_gmt":"2021-04-27T10:04:13","guid":{"rendered":"https:\/\/www.padreeustaquio.com.br\/?p=5697"},"modified":"2021-04-25T20:11:31","modified_gmt":"2021-04-25T23:11:31","slug":"este-grupo-de-whatsapp-fue-creado-para-difundir-la-devocion-al-beato-padre-eustaquio","status":"publish","type":"post","link":"https:\/\/www.padreeustaquio.com.br\/es\/este-grupo-de-whatsapp-fue-creado-para-difundir-la-devocion-al-beato-padre-eustaquio\/","title":{"rendered":"Se ha creado un grupo de WhatsApp para difundir la devoci\u00f3n al Beato Padre Eustaquio."},"content":{"rendered":"<p>Se est\u00e1 creando un grupo de WhatsApp para difundir la devoci\u00f3n al Beato Padre Eustaquio. En \u00e9l, los usuarios podr\u00e1n seguir diariamente contenido valioso sobre el Beato Padre y fortalecer la devoci\u00f3n al sacerdote holand\u00e9s.<\/p>\n<p>El grupo se lanzar\u00e1 oficialmente el 30 de abril, en honor al d\u00eda del mes dedicado al Padre Eust\u00e1quio. En este nuevo canal, los devotos podr\u00e1n seguir la Novena Perpetua al Padre Eust\u00e1quio, conocer su vida desde la infancia y profundizar su fe a trav\u00e9s de reflexiones escritas por el propio Beato sobre la vida espiritual y la catequesis de la Iglesia.<\/p>\n<p>Unirse al grupo es muy sencillo, s\u00f3lo... <a href=\"https:\/\/chat.whatsapp.com\/LRWDBaCqilI9zRzKe6AoWP\">HAGA CLIC AQU\u00cd<\/a> y solicitar unirse al grupo.<\/p>\n<p>Puedes ayudarnos a difundir este nuevo canal dedicado al Bendito. \u00a1Es muy sencillo! Copia el siguiente mensaje y comp\u00e1rtelo en WhatsApp con tus amigos y familiares.<\/p>\n<p>&nbsp;<\/p>\n<p>\u00bfTe gustar\u00eda saber m\u00e1s sobre la historia del Beato Padre Eustaquio, misionero de la Salud y la Paz? \u00danete a nuestro grupo EXCLUSIVO sobre el Beato. Para ello, simplemente haz clic en el siguiente enlace y solicita unirte al grupo. \u00a1Es gratis! <a href=\"https:\/\/chat.whatsapp.com\/LRWDBaCqilI9zRzKe6AoWP\">https:\/\/chat.whatsapp.com\/LRWDBaCqilI9zRzKe6AoWP<\/a><\/p>","protected":false},"excerpt":{"rendered":"<p>Um grupo de WhatsApp est\u00e1 sendo criado com o objetivo de divulgar a devo\u00e7\u00e3o ao Bem-Aventurado Padre Eust\u00e1quio. Nele ser\u00e1 poss\u00edvel acompanhar, diariamente, conte\u00fados ricos sobre o Beato e fortalecer a devo\u00e7\u00e3o ao padre holand\u00eas. O grupo come\u00e7a a funcionar efetivamente no dia 30 de Abril, em homenagem ao dia do m\u00eas destinado ao Padre Eust\u00e1quio. Neste novo canal os devotos poder\u00e3o acompanhar a Novena Perp\u00e9tua de Padre Eust\u00e1quio, conhecer a hist\u00f3ria dele, desde a inf\u00e2ncia e aprofundar na f\u00e9 por meio de reflex\u00f5es escritas pelo pr\u00f3prio Beato sobre a vida espiritual e a catequese da igreja. Para participar do [&hellip;]<\/p>\n","protected":false},"author":2,"featured_media":5698,"comment_status":"open","ping_status":"closed","sticky":false,"template":"","format":"standard","meta":{"_acf_changed":false,"footnotes":""},"categories":[611],"tags":[],"class_list":["post-5697","post","type-post","status-publish","format-standard","has-post-thumbnail","hentry","category-noticias"],"acf":[],"yoast_head":"<!-- This site is optimized with the Yoast SEO plugin v27.2 - https:\/\/yoast.com\/product\/yoast-seo-wordpress\/ -->\n<title>Grupo de WhatsApp \u00e9 criado para divulgar devo\u00e7\u00e3o ao Beato Padre Eust\u00e1quio - Padre Eust\u00e1quio<\/title>\n<meta name=\"robots\" content=\"index, follow, max-snippet:-1, max-image-preview:large, max-video-preview:-1\" \/>\n<link rel=\"canonical\" href=\"https:\/\/www.padreeustaquio.com.br\/es\/este-grupo-de-whatsapp-fue-creado-para-difundir-la-devocion-al-beato-padre-eustaquio\/\" \/>\n<meta property=\"og:locale\" content=\"es_ES\" \/>\n<meta property=\"og:type\" content=\"article\" \/>\n<meta property=\"og:title\" content=\"Grupo de WhatsApp \u00e9 criado para divulgar devo\u00e7\u00e3o ao Beato Padre Eust\u00e1quio - Padre Eust\u00e1quio\" \/>\n<meta property=\"og:description\" content=\"Um grupo de WhatsApp est\u00e1 sendo criado com o objetivo de divulgar a devo\u00e7\u00e3o ao Bem-Aventurado Padre Eust\u00e1quio. Nele ser\u00e1 poss\u00edvel acompanhar, diariamente, conte\u00fados ricos sobre o Beato e fortalecer a devo\u00e7\u00e3o ao padre holand\u00eas. O grupo come\u00e7a a funcionar efetivamente no dia 30 de Abril, em homenagem ao dia do m\u00eas destinado ao Padre Eust\u00e1quio. Neste novo canal os devotos poder\u00e3o acompanhar a Novena Perp\u00e9tua de Padre Eust\u00e1quio, conhecer a hist\u00f3ria dele, desde a inf\u00e2ncia e aprofundar na f\u00e9 por meio de reflex\u00f5es escritas pelo pr\u00f3prio Beato sobre a vida espiritual e a catequese da igreja. Para participar do [&hellip;]\" \/>\n<meta property=\"og:url\" content=\"https:\/\/www.padreeustaquio.com.br\/es\/este-grupo-de-whatsapp-fue-creado-para-difundir-la-devocion-al-beato-padre-eustaquio\/\" \/>\n<meta property=\"og:site_name\" content=\"Padre Eust\u00e1quio\" \/>\n<meta property=\"article:publisher\" content=\"https:\/\/www.facebook.com\/beatopadreeustaquio\/\" \/>\n<meta property=\"article:published_time\" content=\"2021-04-27T10:04:13+00:00\" \/>\n<meta property=\"og:image\" content=\"https:\/\/www.padreeustaquio.com.br\/wp-content\/uploads\/2021\/04\/grupo-whatsapp-padre-eustaquio-gratuito-fe-e-interatividade.jpg\" \/>\n\t<meta property=\"og:image:width\" content=\"1920\" \/>\n\t<meta property=\"og:image:height\" content=\"1280\" \/>\n\t<meta property=\"og:image:type\" content=\"image\/jpeg\" \/>\n<meta name=\"author\" content=\"@sscc\" \/>\n<meta name=\"twitter:card\" content=\"summary_large_image\" \/>\n<meta name=\"twitter:creator\" content=\"@beatopeustaquio\" \/>\n<meta name=\"twitter:site\" content=\"@beatopeustaquio\" \/>\n<meta name=\"twitter:label1\" content=\"Escrito por\" \/>\n\t<meta name=\"twitter:data1\" content=\"@sscc\" \/>\n\t<meta name=\"twitter:label2\" content=\"Tiempo de lectura\" \/>\n\t<meta name=\"twitter:data2\" content=\"1 minuto\" \/>\n<script type=\"application\/ld+json\" class=\"yoast-schema-graph\">{\"@context\":\"https:\/\/schema.org\",\"@graph\":[{\"@type\":\"Article\",\"@id\":\"https:\/\/www.padreeustaquio.com.br\/grupo-de-whatsapp-e-criado-para-divulgar-devocao-ao-beato-padre-eustaquio\/#article\",\"isPartOf\":{\"@id\":\"https:\/\/www.padreeustaquio.com.br\/grupo-de-whatsapp-e-criado-para-divulgar-devocao-ao-beato-padre-eustaquio\/\"},\"author\":{\"name\":\"@sscc\",\"@id\":\"https:\/\/www.padreeustaquio.com.br\/#\/schema\/person\/a2a51db1d00f1a7af0204a0f1ddb1566\"},\"headline\":\"Grupo de WhatsApp \u00e9 criado para divulgar devo\u00e7\u00e3o ao Beato Padre Eust\u00e1quio\",\"datePublished\":\"2021-04-27T10:04:13+00:00\",\"mainEntityOfPage\":{\"@id\":\"https:\/\/www.padreeustaquio.com.br\/grupo-de-whatsapp-e-criado-para-divulgar-devocao-ao-beato-padre-eustaquio\/\"},\"wordCount\":228,\"commentCount\":0,\"publisher\":{\"@id\":\"https:\/\/www.padreeustaquio.com.br\/#organization\"},\"image\":{\"@id\":\"https:\/\/www.padreeustaquio.com.br\/grupo-de-whatsapp-e-criado-para-divulgar-devocao-ao-beato-padre-eustaquio\/#primaryimage\"},\"thumbnailUrl\":\"https:\/\/www.padreeustaquio.com.br\/wp-content\/uploads\/2021\/04\/grupo-whatsapp-padre-eustaquio-gratuito-fe-e-interatividade.jpg\",\"articleSection\":[\"Not\u00edcias\"],\"inLanguage\":\"es\",\"potentialAction\":[{\"@type\":\"CommentAction\",\"name\":\"Comment\",\"target\":[\"https:\/\/www.padreeustaquio.com.br\/grupo-de-whatsapp-e-criado-para-divulgar-devocao-ao-beato-padre-eustaquio\/#respond\"]}]},{\"@type\":\"WebPage\",\"@id\":\"https:\/\/www.padreeustaquio.com.br\/grupo-de-whatsapp-e-criado-para-divulgar-devocao-ao-beato-padre-eustaquio\/\",\"url\":\"https:\/\/www.padreeustaquio.com.br\/grupo-de-whatsapp-e-criado-para-divulgar-devocao-ao-beato-padre-eustaquio\/\",\"name\":\"Grupo de WhatsApp \u00e9 criado para divulgar devo\u00e7\u00e3o ao Beato Padre Eust\u00e1quio - Padre Eust\u00e1quio\",\"isPartOf\":{\"@id\":\"https:\/\/www.padreeustaquio.com.br\/#website\"},\"primaryImageOfPage\":{\"@id\":\"https:\/\/www.padreeustaquio.com.br\/grupo-de-whatsapp-e-criado-para-divulgar-devocao-ao-beato-padre-eustaquio\/#primaryimage\"},\"image\":{\"@id\":\"https:\/\/www.padreeustaquio.com.br\/grupo-de-whatsapp-e-criado-para-divulgar-devocao-ao-beato-padre-eustaquio\/#primaryimage\"},\"thumbnailUrl\":\"https:\/\/www.padreeustaquio.com.br\/wp-content\/uploads\/2021\/04\/grupo-whatsapp-padre-eustaquio-gratuito-fe-e-interatividade.jpg\",\"datePublished\":\"2021-04-27T10:04:13+00:00\",\"breadcrumb\":{\"@id\":\"https:\/\/www.padreeustaquio.com.br\/grupo-de-whatsapp-e-criado-para-divulgar-devocao-ao-beato-padre-eustaquio\/#breadcrumb\"},\"inLanguage\":\"es\",\"potentialAction\":[{\"@type\":\"ReadAction\",\"target\":[\"https:\/\/www.padreeustaquio.com.br\/grupo-de-whatsapp-e-criado-para-divulgar-devocao-ao-beato-padre-eustaquio\/\"]}]},{\"@type\":\"ImageObject\",\"inLanguage\":\"es\",\"@id\":\"https:\/\/www.padreeustaquio.com.br\/grupo-de-whatsapp-e-criado-para-divulgar-devocao-ao-beato-padre-eustaquio\/#primaryimage\",\"url\":\"https:\/\/www.padreeustaquio.com.br\/wp-content\/uploads\/2021\/04\/grupo-whatsapp-padre-eustaquio-gratuito-fe-e-interatividade.jpg\",\"contentUrl\":\"https:\/\/www.padreeustaquio.com.br\/wp-content\/uploads\/2021\/04\/grupo-whatsapp-padre-eustaquio-gratuito-fe-e-interatividade.jpg\",\"width\":1920,\"height\":1280},{\"@type\":\"BreadcrumbList\",\"@id\":\"https:\/\/www.padreeustaquio.com.br\/grupo-de-whatsapp-e-criado-para-divulgar-devocao-ao-beato-padre-eustaquio\/#breadcrumb\",\"itemListElement\":[{\"@type\":\"ListItem\",\"position\":1,\"name\":\"In\u00edcio\",\"item\":\"https:\/\/www.padreeustaquio.com.br\/\"},{\"@type\":\"ListItem\",\"position\":2,\"name\":\"Grupo de WhatsApp \u00e9 criado para divulgar devo\u00e7\u00e3o ao Beato Padre Eust\u00e1quio\"}]},{\"@type\":\"WebSite\",\"@id\":\"https:\/\/www.padreeustaquio.com.br\/#website\",\"url\":\"https:\/\/www.padreeustaquio.com.br\/\",\"name\":\"Padre Eust\u00e1quio\",\"description\":\"Sa\u00fade e Paz\",\"publisher\":{\"@id\":\"https:\/\/www.padreeustaquio.com.br\/#organization\"},\"potentialAction\":[{\"@type\":\"SearchAction\",\"target\":{\"@type\":\"EntryPoint\",\"urlTemplate\":\"https:\/\/www.padreeustaquio.com.br\/?s={search_term_string}\"},\"query-input\":{\"@type\":\"PropertyValueSpecification\",\"valueRequired\":true,\"valueName\":\"search_term_string\"}}],\"inLanguage\":\"es\"},{\"@type\":\"Organization\",\"@id\":\"https:\/\/www.padreeustaquio.com.br\/#organization\",\"name\":\"Padre Eust\u00e1quio\",\"url\":\"https:\/\/www.padreeustaquio.com.br\/\",\"logo\":{\"@type\":\"ImageObject\",\"inLanguage\":\"es\",\"@id\":\"https:\/\/www.padreeustaquio.com.br\/#\/schema\/logo\/image\/\",\"url\":\"https:\/\/www.padreeustaquio.com.br\/wp-content\/uploads\/2019\/08\/marca.png\",\"contentUrl\":\"https:\/\/www.padreeustaquio.com.br\/wp-content\/uploads\/2019\/08\/marca.png\",\"width\":350,\"height\":400,\"caption\":\"Padre Eust\u00e1quio\"},\"image\":{\"@id\":\"https:\/\/www.padreeustaquio.com.br\/#\/schema\/logo\/image\/\"},\"sameAs\":[\"https:\/\/www.facebook.com\/beatopadreeustaquio\/\",\"https:\/\/x.com\/beatopeustaquio\",\"https:\/\/www.instagram.com\/beatopadreeustaquio\/\",\"https:\/\/www.youtube.com\/channel\/UCRhw7vfabnajwLxb1ZXMeIw\"]},{\"@type\":\"Person\",\"@id\":\"https:\/\/www.padreeustaquio.com.br\/#\/schema\/person\/a2a51db1d00f1a7af0204a0f1ddb1566\",\"name\":\"@sscc\",\"image\":{\"@type\":\"ImageObject\",\"inLanguage\":\"es\",\"@id\":\"https:\/\/secure.gravatar.com\/avatar\/68cfafa5f44617fea54071e215026e0ff06be366c3d54a8425f04fdcb86f8c5f?s=96&d=mm&r=g\",\"url\":\"https:\/\/secure.gravatar.com\/avatar\/68cfafa5f44617fea54071e215026e0ff06be366c3d54a8425f04fdcb86f8c5f?s=96&d=mm&r=g\",\"contentUrl\":\"https:\/\/secure.gravatar.com\/avatar\/68cfafa5f44617fea54071e215026e0ff06be366c3d54a8425f04fdcb86f8c5f?s=96&d=mm&r=g\",\"caption\":\"@sscc\"},\"url\":\"https:\/\/www.padreeustaquio.com.br\/es\/author\/sscc\/\"}]}<\/script>\n<!-- \/ Yoast SEO plugin. -->","yoast_head_json":{"title":"Se ha creado un grupo de WhatsApp para difundir la devoci\u00f3n al Beato Padre Eustaquio - Padre Eustaquio.","robots":{"index":"index","follow":"follow","max-snippet":"max-snippet:-1","max-image-preview":"max-image-preview:large","max-video-preview":"max-video-preview:-1"},"canonical":"https:\/\/www.padreeustaquio.com.br\/es\/este-grupo-de-whatsapp-fue-creado-para-difundir-la-devocion-al-beato-padre-eustaquio\/","og_locale":"es_ES","og_type":"article","og_title":"Grupo de WhatsApp \u00e9 criado para divulgar devo\u00e7\u00e3o ao Beato Padre Eust\u00e1quio - Padre Eust\u00e1quio","og_description":"Um grupo de WhatsApp est\u00e1 sendo criado com o objetivo de divulgar a devo\u00e7\u00e3o ao Bem-Aventurado Padre Eust\u00e1quio. Nele ser\u00e1 poss\u00edvel acompanhar, diariamente, conte\u00fados ricos sobre o Beato e fortalecer a devo\u00e7\u00e3o ao padre holand\u00eas. O grupo come\u00e7a a funcionar efetivamente no dia 30 de Abril, em homenagem ao dia do m\u00eas destinado ao Padre Eust\u00e1quio. Neste novo canal os devotos poder\u00e3o acompanhar a Novena Perp\u00e9tua de Padre Eust\u00e1quio, conhecer a hist\u00f3ria dele, desde a inf\u00e2ncia e aprofundar na f\u00e9 por meio de reflex\u00f5es escritas pelo pr\u00f3prio Beato sobre a vida espiritual e a catequese da igreja. Para participar do [&hellip;]","og_url":"https:\/\/www.padreeustaquio.com.br\/es\/este-grupo-de-whatsapp-fue-creado-para-difundir-la-devocion-al-beato-padre-eustaquio\/","og_site_name":"Padre Eust\u00e1quio","article_publisher":"https:\/\/www.facebook.com\/beatopadreeustaquio\/","article_published_time":"2021-04-27T10:04:13+00:00","og_image":[{"width":1920,"height":1280,"url":"https:\/\/www.padreeustaquio.com.br\/wp-content\/uploads\/2021\/04\/grupo-whatsapp-padre-eustaquio-gratuito-fe-e-interatividade.jpg","type":"image\/jpeg"}],"author":"@sscc","twitter_card":"summary_large_image","twitter_creator":"@beatopeustaquio","twitter_site":"@beatopeustaquio","twitter_misc":{"Escrito por":"@sscc","Tiempo de lectura":"1 minuto"},"schema":{"@context":"https:\/\/schema.org","@graph":[{"@type":"Article","@id":"https:\/\/www.padreeustaquio.com.br\/grupo-de-whatsapp-e-criado-para-divulgar-devocao-ao-beato-padre-eustaquio\/#article","isPartOf":{"@id":"https:\/\/www.padreeustaquio.com.br\/grupo-de-whatsapp-e-criado-para-divulgar-devocao-ao-beato-padre-eustaquio\/"},"author":{"name":"@sscc","@id":"https:\/\/www.padreeustaquio.com.br\/#\/schema\/person\/a2a51db1d00f1a7af0204a0f1ddb1566"},"headline":"Grupo de WhatsApp \u00e9 criado para divulgar devo\u00e7\u00e3o ao Beato Padre Eust\u00e1quio","datePublished":"2021-04-27T10:04:13+00:00","mainEntityOfPage":{"@id":"https:\/\/www.padreeustaquio.com.br\/grupo-de-whatsapp-e-criado-para-divulgar-devocao-ao-beato-padre-eustaquio\/"},"wordCount":228,"commentCount":0,"publisher":{"@id":"https:\/\/www.padreeustaquio.com.br\/#organization"},"image":{"@id":"https:\/\/www.padreeustaquio.com.br\/grupo-de-whatsapp-e-criado-para-divulgar-devocao-ao-beato-padre-eustaquio\/#primaryimage"},"thumbnailUrl":"https:\/\/www.padreeustaquio.com.br\/wp-content\/uploads\/2021\/04\/grupo-whatsapp-padre-eustaquio-gratuito-fe-e-interatividade.jpg","articleSection":["Not\u00edcias"],"inLanguage":"es","potentialAction":[{"@type":"CommentAction","name":"Comment","target":["https:\/\/www.padreeustaquio.com.br\/grupo-de-whatsapp-e-criado-para-divulgar-devocao-ao-beato-padre-eustaquio\/#respond"]}]},{"@type":"WebPage","@id":"https:\/\/www.padreeustaquio.com.br\/grupo-de-whatsapp-e-criado-para-divulgar-devocao-ao-beato-padre-eustaquio\/","url":"https:\/\/www.padreeustaquio.com.br\/grupo-de-whatsapp-e-criado-para-divulgar-devocao-ao-beato-padre-eustaquio\/","name":"Se ha creado un grupo de WhatsApp para difundir la devoci\u00f3n al Beato Padre Eustaquio - Padre Eustaquio.","isPartOf":{"@id":"https:\/\/www.padreeustaquio.com.br\/#website"},"primaryImageOfPage":{"@id":"https:\/\/www.padreeustaquio.com.br\/grupo-de-whatsapp-e-criado-para-divulgar-devocao-ao-beato-padre-eustaquio\/#primaryimage"},"image":{"@id":"https:\/\/www.padreeustaquio.com.br\/grupo-de-whatsapp-e-criado-para-divulgar-devocao-ao-beato-padre-eustaquio\/#primaryimage"},"thumbnailUrl":"https:\/\/www.padreeustaquio.com.br\/wp-content\/uploads\/2021\/04\/grupo-whatsapp-padre-eustaquio-gratuito-fe-e-interatividade.jpg","datePublished":"2021-04-27T10:04:13+00:00","breadcrumb":{"@id":"https:\/\/www.padreeustaquio.com.br\/grupo-de-whatsapp-e-criado-para-divulgar-devocao-ao-beato-padre-eustaquio\/#breadcrumb"},"inLanguage":"es","potentialAction":[{"@type":"ReadAction","target":["https:\/\/www.padreeustaquio.com.br\/grupo-de-whatsapp-e-criado-para-divulgar-devocao-ao-beato-padre-eustaquio\/"]}]},{"@type":"ImageObject","inLanguage":"es","@id":"https:\/\/www.padreeustaquio.com.br\/grupo-de-whatsapp-e-criado-para-divulgar-devocao-ao-beato-padre-eustaquio\/#primaryimage","url":"https:\/\/www.padreeustaquio.com.br\/wp-content\/uploads\/2021\/04\/grupo-whatsapp-padre-eustaquio-gratuito-fe-e-interatividade.jpg","contentUrl":"https:\/\/www.padreeustaquio.com.br\/wp-content\/uploads\/2021\/04\/grupo-whatsapp-padre-eustaquio-gratuito-fe-e-interatividade.jpg","width":1920,"height":1280},{"@type":"BreadcrumbList","@id":"https:\/\/www.padreeustaquio.com.br\/grupo-de-whatsapp-e-criado-para-divulgar-devocao-ao-beato-padre-eustaquio\/#breadcrumb","itemListElement":[{"@type":"ListItem","position":1,"name":"In\u00edcio","item":"https:\/\/www.padreeustaquio.com.br\/"},{"@type":"ListItem","position":2,"name":"Grupo de WhatsApp \u00e9 criado para divulgar devo\u00e7\u00e3o ao Beato Padre Eust\u00e1quio"}]},{"@type":"WebSite","@id":"https:\/\/www.padreeustaquio.com.br\/#website","url":"https:\/\/www.padreeustaquio.com.br\/","name":"Padre Eustace","description":"Salud y Paz","publisher":{"@id":"https:\/\/www.padreeustaquio.com.br\/#organization"},"potentialAction":[{"@type":"SearchAction","target":{"@type":"EntryPoint","urlTemplate":"https:\/\/www.padreeustaquio.com.br\/?s={search_term_string}"},"query-input":{"@type":"PropertyValueSpecification","valueRequired":true,"valueName":"search_term_string"}}],"inLanguage":"es"},{"@type":"Organization","@id":"https:\/\/www.padreeustaquio.com.br\/#organization","name":"Padre Eustace","url":"https:\/\/www.padreeustaquio.com.br\/","logo":{"@type":"ImageObject","inLanguage":"es","@id":"https:\/\/www.padreeustaquio.com.br\/#\/schema\/logo\/image\/","url":"https:\/\/www.padreeustaquio.com.br\/wp-content\/uploads\/2019\/08\/marca.png","contentUrl":"https:\/\/www.padreeustaquio.com.br\/wp-content\/uploads\/2019\/08\/marca.png","width":350,"height":400,"caption":"Padre Eust\u00e1quio"},"image":{"@id":"https:\/\/www.padreeustaquio.com.br\/#\/schema\/logo\/image\/"},"sameAs":["https:\/\/www.facebook.com\/beatopadreeustaquio\/","https:\/\/x.com\/beatopeustaquio","https:\/\/www.instagram.com\/beatopadreeustaquio\/","https:\/\/www.youtube.com\/channel\/UCRhw7vfabnajwLxb1ZXMeIw"]},{"@type":"Person","@id":"https:\/\/www.padreeustaquio.com.br\/#\/schema\/person\/a2a51db1d00f1a7af0204a0f1ddb1566","name":"@sscc","image":{"@type":"ImageObject","inLanguage":"es","@id":"https:\/\/secure.gravatar.com\/avatar\/68cfafa5f44617fea54071e215026e0ff06be366c3d54a8425f04fdcb86f8c5f?s=96&d=mm&r=g","url":"https:\/\/secure.gravatar.com\/avatar\/68cfafa5f44617fea54071e215026e0ff06be366c3d54a8425f04fdcb86f8c5f?s=96&d=mm&r=g","contentUrl":"https:\/\/secure.gravatar.com\/avatar\/68cfafa5f44617fea54071e215026e0ff06be366c3d54a8425f04fdcb86f8c5f?s=96&d=mm&r=g","caption":"@sscc"},"url":"https:\/\/www.padreeustaquio.com.br\/es\/author\/sscc\/"}]}},"_links":{"self":[{"href":"https:\/\/www.padreeustaquio.com.br\/es\/wp-json\/wp\/v2\/posts\/5697","targetHints":{"allow":["GET"]}}],"collection":[{"href":"https:\/\/www.padreeustaquio.com.br\/es\/wp-json\/wp\/v2\/posts"}],"about":[{"href":"https:\/\/www.padreeustaquio.com.br\/es\/wp-json\/wp\/v2\/types\/post"}],"author":[{"embeddable":true,"href":"https:\/\/www.padreeustaquio.com.br\/es\/wp-json\/wp\/v2\/users\/2"}],"replies":[{"embeddable":true,"href":"https:\/\/www.padreeustaquio.com.br\/es\/wp-json\/wp\/v2\/comments?post=5697"}],"version-history":[{"count":0,"href":"https:\/\/www.padreeustaquio.com.br\/es\/wp-json\/wp\/v2\/posts\/5697\/revisions"}],"wp:featuredmedia":[{"embeddable":true,"href":"https:\/\/www.padreeustaquio.com.br\/es\/wp-json\/wp\/v2\/media\/5698"}],"wp:attachment":[{"href":"https:\/\/www.padreeustaquio.com.br\/es\/wp-json\/wp\/v2\/media?parent=5697"}],"wp:term":[{"taxonomy":"category","embeddable":true,"href":"https:\/\/www.padreeustaquio.com.br\/es\/wp-json\/wp\/v2\/categories?post=5697"},{"taxonomy":"post_tag","embeddable":true,"href":"https:\/\/www.padreeustaquio.com.br\/es\/wp-json\/wp\/v2\/tags?post=5697"}],"curies":[{"name":"wp","href":"https:\/\/api.w.org\/{rel}","templated":true}]}}