{"id":5669,"date":"2021-04-23T05:20:10","date_gmt":"2021-04-23T08:20:10","guid":{"rendered":"https:\/\/www.padreeustaquio.com.br\/?p=5669"},"modified":"2021-04-22T20:22:20","modified_gmt":"2021-04-22T23:22:20","slug":"nuevamente-se-realizan-misas-presenciales-en-el-santuario-de-salud-y-paz","status":"publish","type":"post","link":"https:\/\/www.padreeustaquio.com.br\/es\/nuevamente-se-realizan-misas-presenciales-en-el-santuario-de-salud-y-paz\/","title":{"rendered":"Nuevamente se est\u00e1n celebrando misas presenciales en el Santuario de Salud y Paz."},"content":{"rendered":"<p>Las misas presenciales en el Santuario de Salud y Paz, Iglesia Padre Eust\u00e1quio, se reanudar\u00e1n este s\u00e1bado 24 de abril. Esta decisi\u00f3n se tom\u00f3 despu\u00e9s de que el alcalde de Belo Horizonte, Alexandre Kalil, anunciara el lunes 19 la reapertura del comercio en la capital de Minas Gerais. Seg\u00fan la resoluci\u00f3n municipal, las iglesias ahora pueden abrir al p\u00fablico para sus servicios.<\/p>\n<p>Con respecto al regreso de las misas presenciales, la Arquidi\u00f3cesis de Belo Horizonte public\u00f3 nuevas directrices para las iglesias el mi\u00e9rcoles 21 de abril. El documento, firmado por el obispo auxiliar de la capital, Dom Joaquim Giovani Mol Guimar\u00e3es, enfatiza la importancia de cumplir con las disposiciones de las autoridades sanitarias para preservar la seguridad de todos.<\/p>\n<p>Debido a estas nuevas normas, se reducir\u00e1 el n\u00famero de personas permitidas dentro de la iglesia durante un servicio. Solo 130 podr\u00e1n asistir a cada misa, respetando la definici\u00f3n de las autoridades p\u00fablicas de 7 m\u00b2 por persona dentro de la iglesia.<\/p>\n<p>Adem\u00e1s, el documento mantiene precauciones b\u00e1sicas como el control de temperatura a la entrada, la higienizaci\u00f3n de manos y zapatos y el uso obligatorio de mascarilla en todo momento.<\/p>\n<p>Se recomienda que los ni\u00f1os y las personas mayores de 60 a\u00f1os no participen en celebraciones presenciales. Tambi\u00e9n se proh\u00edbe la asistencia a misa a quienes presenten s\u00edntomas gripales.<\/p>\n<p>Con la reducci\u00f3n del n\u00famero de participantes por celebraci\u00f3n, el Santuario de Salud y Paz aumentar\u00e1 el n\u00famero de misas, con el objetivo de atender al mayor n\u00famero de fieles posible.<\/p>\n<p>Para participar en las celebraciones, es obligatorio obtener una entrada. Estar\u00e1 disponible aqu\u00ed, en nuestra p\u00e1gina web (p\u00e1gina principal) o en la oficina parroquial.<\/p>\n<p>Recuerden que continuaremos transmitiendo las misas diariamente a trav\u00e9s de... <a href=\"https:\/\/www.youtube.com\/channel\/UCRhw7vfabnajwLxb1ZXMeIw\">Canal Padre Eust\u00e1quio<\/a>, en YouTube, para aquellos que no puedan asistir presencialmente a las celebraciones.<\/p>\n<p><strong>Aqu\u00ed est\u00e1n los horarios de las celebraciones:<\/strong><\/p>\n<p>De martes a viernes, <strong>7 a. m.<\/strong><br \/>\nDe lunes a viernes <strong>7 p. m.<\/strong> <em>(transmitido por el Canal Padre Eust\u00e1quio)<\/em><br \/>\nS\u00e1bado <strong>6 p. m.<\/strong> <em>(transmitido por el Canal Padre Eust\u00e1quio)<\/em><br \/>\nDomingo <strong>\u2013 7:30 am <\/strong><br \/>\n<strong>\u00a0 \u00a0 \u00a0 \u00a0 \u00a0 \u00a0 \u00a0 \u00a0 \u00a0 \u2013 10 a. m.<\/strong><em> (transmitido por el Canal Padre Eust\u00e1quio)<\/em><br \/>\n<strong>\u00a0 \u00a0 \u00a0 \u00a0 \u00a0 \u00a0 \u00a0 \u00a0 \u00a0 \u2013 4 p. m.<\/strong><br \/>\n<strong>\u00a0 \u00a0 \u00a0 \u00a0 \u00a0 \u00a0 \u00a0 \u00a0 \u00a0 \u2013 6 p. m.<\/strong><em> (transmitido por el Canal Padre Eust\u00e1quio)<\/em><\/p>\n<p>Para obtener m\u00e1s informaci\u00f3n sobre la obtenci\u00f3n de entradas para las misas, comun\u00edquese con la oficina parroquial del Santuario de Salud y Paz al (31) 3462-6557.<\/p>","protected":false},"excerpt":{"rendered":"<p>As missas presenciais no Santu\u00e1rio Sa\u00fade e Paz, Igreja Padre Eust\u00e1quio, voltam a acontecer neste s\u00e1bado, 24 de abril. A defini\u00e7\u00e3o ocorreu ap\u00f3s o prefeito de Belo Horizonte, Alexandre Kalil, anunciar na segunda-feira, 19, a reabertura do comercio na capital Mineira. Pela resolu\u00e7\u00e3o da prefeitura, as igrejas j\u00e1 podem abrir ao p\u00fablico para as celebra\u00e7\u00f5es. Para a volta das missas presenciais, a Arquidiocese de Belo Horizonte, divulgou na quarta-feira, 21 de Abril, novas orienta\u00e7\u00f5es para as igrejas. O documento, assinado pelo bispo auxiliar da capital, Dom Joaquim Giovani Mol Guimar\u00e3es, salienta a import\u00e2ncia de cumprir as determina\u00e7\u00f5es das autoridades sanit\u00e1rias, [&hellip;]<\/p>\n","protected":false},"author":2,"featured_media":4716,"comment_status":"open","ping_status":"closed","sticky":false,"template":"","format":"standard","meta":{"_acf_changed":false,"footnotes":""},"categories":[611],"tags":[],"class_list":["post-5669","post","type-post","status-publish","format-standard","has-post-thumbnail","hentry","category-noticias"],"acf":[],"yoast_head":"<!-- This site is optimized with the Yoast SEO plugin v27.2 - https:\/\/yoast.com\/product\/yoast-seo-wordpress\/ -->\n<title>Missas presenciais voltam a ser realizadas no Santu\u00e1rio Sa\u00fade e Paz - Padre Eust\u00e1quio<\/title>\n<meta name=\"robots\" content=\"index, follow, max-snippet:-1, max-image-preview:large, max-video-preview:-1\" \/>\n<link rel=\"canonical\" href=\"https:\/\/www.padreeustaquio.com.br\/es\/nuevamente-se-realizan-misas-presenciales-en-el-santuario-de-salud-y-paz\/\" \/>\n<meta property=\"og:locale\" content=\"es_ES\" \/>\n<meta property=\"og:type\" content=\"article\" \/>\n<meta property=\"og:title\" content=\"Missas presenciais voltam a ser realizadas no Santu\u00e1rio Sa\u00fade e Paz - Padre Eust\u00e1quio\" \/>\n<meta property=\"og:description\" content=\"As missas presenciais no Santu\u00e1rio Sa\u00fade e Paz, Igreja Padre Eust\u00e1quio, voltam a acontecer neste s\u00e1bado, 24 de abril. A defini\u00e7\u00e3o ocorreu ap\u00f3s o prefeito de Belo Horizonte, Alexandre Kalil, anunciar na segunda-feira, 19, a reabertura do comercio na capital Mineira. Pela resolu\u00e7\u00e3o da prefeitura, as igrejas j\u00e1 podem abrir ao p\u00fablico para as celebra\u00e7\u00f5es. Para a volta das missas presenciais, a Arquidiocese de Belo Horizonte, divulgou na quarta-feira, 21 de Abril, novas orienta\u00e7\u00f5es para as igrejas. O documento, assinado pelo bispo auxiliar da capital, Dom Joaquim Giovani Mol Guimar\u00e3es, salienta a import\u00e2ncia de cumprir as determina\u00e7\u00f5es das autoridades sanit\u00e1rias, [&hellip;]\" \/>\n<meta property=\"og:url\" content=\"https:\/\/www.padreeustaquio.com.br\/es\/nuevamente-se-realizan-misas-presenciales-en-el-santuario-de-salud-y-paz\/\" \/>\n<meta property=\"og:site_name\" content=\"Padre Eust\u00e1quio\" \/>\n<meta property=\"article:publisher\" content=\"https:\/\/www.facebook.com\/beatopadreeustaquio\/\" \/>\n<meta property=\"article:published_time\" content=\"2021-04-23T08:20:10+00:00\" \/>\n<meta property=\"og:image\" content=\"https:\/\/www.padreeustaquio.com.br\/wp-content\/uploads\/2020\/10\/MISSAS-PRESENC.-DIA-DE-SEMANA.jpg\" \/>\n\t<meta property=\"og:image:width\" content=\"748\" \/>\n\t<meta property=\"og:image:height\" content=\"394\" \/>\n\t<meta property=\"og:image:type\" content=\"image\/jpeg\" \/>\n<meta name=\"author\" content=\"@sscc\" \/>\n<meta name=\"twitter:card\" content=\"summary_large_image\" \/>\n<meta name=\"twitter:creator\" content=\"@beatopeustaquio\" \/>\n<meta name=\"twitter:site\" content=\"@beatopeustaquio\" \/>\n<meta name=\"twitter:label1\" content=\"Escrito por\" \/>\n\t<meta name=\"twitter:data1\" content=\"@sscc\" \/>\n\t<meta name=\"twitter:label2\" content=\"Tiempo de lectura\" \/>\n\t<meta name=\"twitter:data2\" content=\"2 minutos\" \/>\n<script type=\"application\/ld+json\" class=\"yoast-schema-graph\">{\"@context\":\"https:\/\/schema.org\",\"@graph\":[{\"@type\":\"Article\",\"@id\":\"https:\/\/www.padreeustaquio.com.br\/missas-presenciais-voltam-a-ser-realizadas-no-santuario-saude-e-paz\/#article\",\"isPartOf\":{\"@id\":\"https:\/\/www.padreeustaquio.com.br\/missas-presenciais-voltam-a-ser-realizadas-no-santuario-saude-e-paz\/\"},\"author\":{\"name\":\"@sscc\",\"@id\":\"https:\/\/www.padreeustaquio.com.br\/#\/schema\/person\/a2a51db1d00f1a7af0204a0f1ddb1566\"},\"headline\":\"Missas presenciais voltam a ser realizadas no Santu\u00e1rio Sa\u00fade e Paz\",\"datePublished\":\"2021-04-23T08:20:10+00:00\",\"mainEntityOfPage\":{\"@id\":\"https:\/\/www.padreeustaquio.com.br\/missas-presenciais-voltam-a-ser-realizadas-no-santuario-saude-e-paz\/\"},\"wordCount\":412,\"commentCount\":0,\"publisher\":{\"@id\":\"https:\/\/www.padreeustaquio.com.br\/#organization\"},\"image\":{\"@id\":\"https:\/\/www.padreeustaquio.com.br\/missas-presenciais-voltam-a-ser-realizadas-no-santuario-saude-e-paz\/#primaryimage\"},\"thumbnailUrl\":\"https:\/\/www.padreeustaquio.com.br\/wp-content\/uploads\/2020\/10\/MISSAS-PRESENC.-DIA-DE-SEMANA.jpg\",\"articleSection\":[\"Not\u00edcias\"],\"inLanguage\":\"es\",\"potentialAction\":[{\"@type\":\"CommentAction\",\"name\":\"Comment\",\"target\":[\"https:\/\/www.padreeustaquio.com.br\/missas-presenciais-voltam-a-ser-realizadas-no-santuario-saude-e-paz\/#respond\"]}]},{\"@type\":\"WebPage\",\"@id\":\"https:\/\/www.padreeustaquio.com.br\/missas-presenciais-voltam-a-ser-realizadas-no-santuario-saude-e-paz\/\",\"url\":\"https:\/\/www.padreeustaquio.com.br\/missas-presenciais-voltam-a-ser-realizadas-no-santuario-saude-e-paz\/\",\"name\":\"Missas presenciais voltam a ser realizadas no Santu\u00e1rio Sa\u00fade e Paz - Padre Eust\u00e1quio\",\"isPartOf\":{\"@id\":\"https:\/\/www.padreeustaquio.com.br\/#website\"},\"primaryImageOfPage\":{\"@id\":\"https:\/\/www.padreeustaquio.com.br\/missas-presenciais-voltam-a-ser-realizadas-no-santuario-saude-e-paz\/#primaryimage\"},\"image\":{\"@id\":\"https:\/\/www.padreeustaquio.com.br\/missas-presenciais-voltam-a-ser-realizadas-no-santuario-saude-e-paz\/#primaryimage\"},\"thumbnailUrl\":\"https:\/\/www.padreeustaquio.com.br\/wp-content\/uploads\/2020\/10\/MISSAS-PRESENC.-DIA-DE-SEMANA.jpg\",\"datePublished\":\"2021-04-23T08:20:10+00:00\",\"breadcrumb\":{\"@id\":\"https:\/\/www.padreeustaquio.com.br\/missas-presenciais-voltam-a-ser-realizadas-no-santuario-saude-e-paz\/#breadcrumb\"},\"inLanguage\":\"es\",\"potentialAction\":[{\"@type\":\"ReadAction\",\"target\":[\"https:\/\/www.padreeustaquio.com.br\/missas-presenciais-voltam-a-ser-realizadas-no-santuario-saude-e-paz\/\"]}]},{\"@type\":\"ImageObject\",\"inLanguage\":\"es\",\"@id\":\"https:\/\/www.padreeustaquio.com.br\/missas-presenciais-voltam-a-ser-realizadas-no-santuario-saude-e-paz\/#primaryimage\",\"url\":\"https:\/\/www.padreeustaquio.com.br\/wp-content\/uploads\/2020\/10\/MISSAS-PRESENC.-DIA-DE-SEMANA.jpg\",\"contentUrl\":\"https:\/\/www.padreeustaquio.com.br\/wp-content\/uploads\/2020\/10\/MISSAS-PRESENC.-DIA-DE-SEMANA.jpg\",\"width\":748,\"height\":394,\"caption\":\"Foto tirada em setembro de 2020 quando foi autorizada a primeira reabertura das igrejas.\"},{\"@type\":\"BreadcrumbList\",\"@id\":\"https:\/\/www.padreeustaquio.com.br\/missas-presenciais-voltam-a-ser-realizadas-no-santuario-saude-e-paz\/#breadcrumb\",\"itemListElement\":[{\"@type\":\"ListItem\",\"position\":1,\"name\":\"In\u00edcio\",\"item\":\"https:\/\/www.padreeustaquio.com.br\/\"},{\"@type\":\"ListItem\",\"position\":2,\"name\":\"Missas presenciais voltam a ser realizadas no Santu\u00e1rio Sa\u00fade e Paz\"}]},{\"@type\":\"WebSite\",\"@id\":\"https:\/\/www.padreeustaquio.com.br\/#website\",\"url\":\"https:\/\/www.padreeustaquio.com.br\/\",\"name\":\"Padre Eust\u00e1quio\",\"description\":\"Sa\u00fade e Paz\",\"publisher\":{\"@id\":\"https:\/\/www.padreeustaquio.com.br\/#organization\"},\"potentialAction\":[{\"@type\":\"SearchAction\",\"target\":{\"@type\":\"EntryPoint\",\"urlTemplate\":\"https:\/\/www.padreeustaquio.com.br\/?s={search_term_string}\"},\"query-input\":{\"@type\":\"PropertyValueSpecification\",\"valueRequired\":true,\"valueName\":\"search_term_string\"}}],\"inLanguage\":\"es\"},{\"@type\":\"Organization\",\"@id\":\"https:\/\/www.padreeustaquio.com.br\/#organization\",\"name\":\"Padre Eust\u00e1quio\",\"url\":\"https:\/\/www.padreeustaquio.com.br\/\",\"logo\":{\"@type\":\"ImageObject\",\"inLanguage\":\"es\",\"@id\":\"https:\/\/www.padreeustaquio.com.br\/#\/schema\/logo\/image\/\",\"url\":\"https:\/\/www.padreeustaquio.com.br\/wp-content\/uploads\/2019\/08\/marca.png\",\"contentUrl\":\"https:\/\/www.padreeustaquio.com.br\/wp-content\/uploads\/2019\/08\/marca.png\",\"width\":350,\"height\":400,\"caption\":\"Padre Eust\u00e1quio\"},\"image\":{\"@id\":\"https:\/\/www.padreeustaquio.com.br\/#\/schema\/logo\/image\/\"},\"sameAs\":[\"https:\/\/www.facebook.com\/beatopadreeustaquio\/\",\"https:\/\/x.com\/beatopeustaquio\",\"https:\/\/www.instagram.com\/beatopadreeustaquio\/\",\"https:\/\/www.youtube.com\/channel\/UCRhw7vfabnajwLxb1ZXMeIw\"]},{\"@type\":\"Person\",\"@id\":\"https:\/\/www.padreeustaquio.com.br\/#\/schema\/person\/a2a51db1d00f1a7af0204a0f1ddb1566\",\"name\":\"@sscc\",\"image\":{\"@type\":\"ImageObject\",\"inLanguage\":\"es\",\"@id\":\"https:\/\/secure.gravatar.com\/avatar\/68cfafa5f44617fea54071e215026e0ff06be366c3d54a8425f04fdcb86f8c5f?s=96&d=mm&r=g\",\"url\":\"https:\/\/secure.gravatar.com\/avatar\/68cfafa5f44617fea54071e215026e0ff06be366c3d54a8425f04fdcb86f8c5f?s=96&d=mm&r=g\",\"contentUrl\":\"https:\/\/secure.gravatar.com\/avatar\/68cfafa5f44617fea54071e215026e0ff06be366c3d54a8425f04fdcb86f8c5f?s=96&d=mm&r=g\",\"caption\":\"@sscc\"},\"url\":\"https:\/\/www.padreeustaquio.com.br\/es\/author\/sscc\/\"}]}<\/script>\n<!-- \/ Yoast SEO plugin. -->","yoast_head_json":{"title":"Se reanudan las misas presenciales en el Santuario de Salud y Paz - Padre Eust\u00e1quio","robots":{"index":"index","follow":"follow","max-snippet":"max-snippet:-1","max-image-preview":"max-image-preview:large","max-video-preview":"max-video-preview:-1"},"canonical":"https:\/\/www.padreeustaquio.com.br\/es\/nuevamente-se-realizan-misas-presenciales-en-el-santuario-de-salud-y-paz\/","og_locale":"es_ES","og_type":"article","og_title":"Missas presenciais voltam a ser realizadas no Santu\u00e1rio Sa\u00fade e Paz - Padre Eust\u00e1quio","og_description":"As missas presenciais no Santu\u00e1rio Sa\u00fade e Paz, Igreja Padre Eust\u00e1quio, voltam a acontecer neste s\u00e1bado, 24 de abril. A defini\u00e7\u00e3o ocorreu ap\u00f3s o prefeito de Belo Horizonte, Alexandre Kalil, anunciar na segunda-feira, 19, a reabertura do comercio na capital Mineira. Pela resolu\u00e7\u00e3o da prefeitura, as igrejas j\u00e1 podem abrir ao p\u00fablico para as celebra\u00e7\u00f5es. Para a volta das missas presenciais, a Arquidiocese de Belo Horizonte, divulgou na quarta-feira, 21 de Abril, novas orienta\u00e7\u00f5es para as igrejas. O documento, assinado pelo bispo auxiliar da capital, Dom Joaquim Giovani Mol Guimar\u00e3es, salienta a import\u00e2ncia de cumprir as determina\u00e7\u00f5es das autoridades sanit\u00e1rias, [&hellip;]","og_url":"https:\/\/www.padreeustaquio.com.br\/es\/nuevamente-se-realizan-misas-presenciales-en-el-santuario-de-salud-y-paz\/","og_site_name":"Padre Eust\u00e1quio","article_publisher":"https:\/\/www.facebook.com\/beatopadreeustaquio\/","article_published_time":"2021-04-23T08:20:10+00:00","og_image":[{"width":748,"height":394,"url":"https:\/\/www.padreeustaquio.com.br\/wp-content\/uploads\/2020\/10\/MISSAS-PRESENC.-DIA-DE-SEMANA.jpg","type":"image\/jpeg"}],"author":"@sscc","twitter_card":"summary_large_image","twitter_creator":"@beatopeustaquio","twitter_site":"@beatopeustaquio","twitter_misc":{"Escrito por":"@sscc","Tiempo de lectura":"2 minutos"},"schema":{"@context":"https:\/\/schema.org","@graph":[{"@type":"Article","@id":"https:\/\/www.padreeustaquio.com.br\/missas-presenciais-voltam-a-ser-realizadas-no-santuario-saude-e-paz\/#article","isPartOf":{"@id":"https:\/\/www.padreeustaquio.com.br\/missas-presenciais-voltam-a-ser-realizadas-no-santuario-saude-e-paz\/"},"author":{"name":"@sscc","@id":"https:\/\/www.padreeustaquio.com.br\/#\/schema\/person\/a2a51db1d00f1a7af0204a0f1ddb1566"},"headline":"Missas presenciais voltam a ser realizadas no Santu\u00e1rio Sa\u00fade e Paz","datePublished":"2021-04-23T08:20:10+00:00","mainEntityOfPage":{"@id":"https:\/\/www.padreeustaquio.com.br\/missas-presenciais-voltam-a-ser-realizadas-no-santuario-saude-e-paz\/"},"wordCount":412,"commentCount":0,"publisher":{"@id":"https:\/\/www.padreeustaquio.com.br\/#organization"},"image":{"@id":"https:\/\/www.padreeustaquio.com.br\/missas-presenciais-voltam-a-ser-realizadas-no-santuario-saude-e-paz\/#primaryimage"},"thumbnailUrl":"https:\/\/www.padreeustaquio.com.br\/wp-content\/uploads\/2020\/10\/MISSAS-PRESENC.-DIA-DE-SEMANA.jpg","articleSection":["Not\u00edcias"],"inLanguage":"es","potentialAction":[{"@type":"CommentAction","name":"Comment","target":["https:\/\/www.padreeustaquio.com.br\/missas-presenciais-voltam-a-ser-realizadas-no-santuario-saude-e-paz\/#respond"]}]},{"@type":"WebPage","@id":"https:\/\/www.padreeustaquio.com.br\/missas-presenciais-voltam-a-ser-realizadas-no-santuario-saude-e-paz\/","url":"https:\/\/www.padreeustaquio.com.br\/missas-presenciais-voltam-a-ser-realizadas-no-santuario-saude-e-paz\/","name":"Se reanudan las misas presenciales en el Santuario de Salud y Paz - Padre Eust\u00e1quio","isPartOf":{"@id":"https:\/\/www.padreeustaquio.com.br\/#website"},"primaryImageOfPage":{"@id":"https:\/\/www.padreeustaquio.com.br\/missas-presenciais-voltam-a-ser-realizadas-no-santuario-saude-e-paz\/#primaryimage"},"image":{"@id":"https:\/\/www.padreeustaquio.com.br\/missas-presenciais-voltam-a-ser-realizadas-no-santuario-saude-e-paz\/#primaryimage"},"thumbnailUrl":"https:\/\/www.padreeustaquio.com.br\/wp-content\/uploads\/2020\/10\/MISSAS-PRESENC.-DIA-DE-SEMANA.jpg","datePublished":"2021-04-23T08:20:10+00:00","breadcrumb":{"@id":"https:\/\/www.padreeustaquio.com.br\/missas-presenciais-voltam-a-ser-realizadas-no-santuario-saude-e-paz\/#breadcrumb"},"inLanguage":"es","potentialAction":[{"@type":"ReadAction","target":["https:\/\/www.padreeustaquio.com.br\/missas-presenciais-voltam-a-ser-realizadas-no-santuario-saude-e-paz\/"]}]},{"@type":"ImageObject","inLanguage":"es","@id":"https:\/\/www.padreeustaquio.com.br\/missas-presenciais-voltam-a-ser-realizadas-no-santuario-saude-e-paz\/#primaryimage","url":"https:\/\/www.padreeustaquio.com.br\/wp-content\/uploads\/2020\/10\/MISSAS-PRESENC.-DIA-DE-SEMANA.jpg","contentUrl":"https:\/\/www.padreeustaquio.com.br\/wp-content\/uploads\/2020\/10\/MISSAS-PRESENC.-DIA-DE-SEMANA.jpg","width":748,"height":394,"caption":"Foto tirada em setembro de 2020 quando foi autorizada a primeira reabertura das igrejas."},{"@type":"BreadcrumbList","@id":"https:\/\/www.padreeustaquio.com.br\/missas-presenciais-voltam-a-ser-realizadas-no-santuario-saude-e-paz\/#breadcrumb","itemListElement":[{"@type":"ListItem","position":1,"name":"In\u00edcio","item":"https:\/\/www.padreeustaquio.com.br\/"},{"@type":"ListItem","position":2,"name":"Missas presenciais voltam a ser realizadas no Santu\u00e1rio Sa\u00fade e Paz"}]},{"@type":"WebSite","@id":"https:\/\/www.padreeustaquio.com.br\/#website","url":"https:\/\/www.padreeustaquio.com.br\/","name":"Padre Eustace","description":"Salud y Paz","publisher":{"@id":"https:\/\/www.padreeustaquio.com.br\/#organization"},"potentialAction":[{"@type":"SearchAction","target":{"@type":"EntryPoint","urlTemplate":"https:\/\/www.padreeustaquio.com.br\/?s={search_term_string}"},"query-input":{"@type":"PropertyValueSpecification","valueRequired":true,"valueName":"search_term_string"}}],"inLanguage":"es"},{"@type":"Organization","@id":"https:\/\/www.padreeustaquio.com.br\/#organization","name":"Padre Eustace","url":"https:\/\/www.padreeustaquio.com.br\/","logo":{"@type":"ImageObject","inLanguage":"es","@id":"https:\/\/www.padreeustaquio.com.br\/#\/schema\/logo\/image\/","url":"https:\/\/www.padreeustaquio.com.br\/wp-content\/uploads\/2019\/08\/marca.png","contentUrl":"https:\/\/www.padreeustaquio.com.br\/wp-content\/uploads\/2019\/08\/marca.png","width":350,"height":400,"caption":"Padre Eust\u00e1quio"},"image":{"@id":"https:\/\/www.padreeustaquio.com.br\/#\/schema\/logo\/image\/"},"sameAs":["https:\/\/www.facebook.com\/beatopadreeustaquio\/","https:\/\/x.com\/beatopeustaquio","https:\/\/www.instagram.com\/beatopadreeustaquio\/","https:\/\/www.youtube.com\/channel\/UCRhw7vfabnajwLxb1ZXMeIw"]},{"@type":"Person","@id":"https:\/\/www.padreeustaquio.com.br\/#\/schema\/person\/a2a51db1d00f1a7af0204a0f1ddb1566","name":"@sscc","image":{"@type":"ImageObject","inLanguage":"es","@id":"https:\/\/secure.gravatar.com\/avatar\/68cfafa5f44617fea54071e215026e0ff06be366c3d54a8425f04fdcb86f8c5f?s=96&d=mm&r=g","url":"https:\/\/secure.gravatar.com\/avatar\/68cfafa5f44617fea54071e215026e0ff06be366c3d54a8425f04fdcb86f8c5f?s=96&d=mm&r=g","contentUrl":"https:\/\/secure.gravatar.com\/avatar\/68cfafa5f44617fea54071e215026e0ff06be366c3d54a8425f04fdcb86f8c5f?s=96&d=mm&r=g","caption":"@sscc"},"url":"https:\/\/www.padreeustaquio.com.br\/es\/author\/sscc\/"}]}},"_links":{"self":[{"href":"https:\/\/www.padreeustaquio.com.br\/es\/wp-json\/wp\/v2\/posts\/5669","targetHints":{"allow":["GET"]}}],"collection":[{"href":"https:\/\/www.padreeustaquio.com.br\/es\/wp-json\/wp\/v2\/posts"}],"about":[{"href":"https:\/\/www.padreeustaquio.com.br\/es\/wp-json\/wp\/v2\/types\/post"}],"author":[{"embeddable":true,"href":"https:\/\/www.padreeustaquio.com.br\/es\/wp-json\/wp\/v2\/users\/2"}],"replies":[{"embeddable":true,"href":"https:\/\/www.padreeustaquio.com.br\/es\/wp-json\/wp\/v2\/comments?post=5669"}],"version-history":[{"count":0,"href":"https:\/\/www.padreeustaquio.com.br\/es\/wp-json\/wp\/v2\/posts\/5669\/revisions"}],"wp:featuredmedia":[{"embeddable":true,"href":"https:\/\/www.padreeustaquio.com.br\/es\/wp-json\/wp\/v2\/media\/4716"}],"wp:attachment":[{"href":"https:\/\/www.padreeustaquio.com.br\/es\/wp-json\/wp\/v2\/media?parent=5669"}],"wp:term":[{"taxonomy":"category","embeddable":true,"href":"https:\/\/www.padreeustaquio.com.br\/es\/wp-json\/wp\/v2\/categories?post=5669"},{"taxonomy":"post_tag","embeddable":true,"href":"https:\/\/www.padreeustaquio.com.br\/es\/wp-json\/wp\/v2\/tags?post=5669"}],"curies":[{"name":"wp","href":"https:\/\/api.w.org\/{rel}","templated":true}]}}