{"id":5634,"date":"2021-04-17T19:44:08","date_gmt":"2021-04-17T22:44:08","guid":{"rendered":"https:\/\/www.padreeustaquio.com.br\/?p=5634"},"modified":"2021-04-17T19:44:08","modified_gmt":"2021-04-17T22:44:08","slug":"itinerario-celebratorio-del-tercer-domingo-de-pascua","status":"publish","type":"post","link":"https:\/\/www.padreeustaquio.com.br\/es\/itinerario-celebratorio-del-tercer-domingo-de-pascua\/","title":{"rendered":"Itinerario de celebraci\u00f3n \u2013 Tercer Domingo de Pascua"},"content":{"rendered":"<p>Las comunidades de fe de la capital de Minas Gerais celebran el tercer domingo de Pascua este fin de semana. Por ello, la Arquidi\u00f3cesis de Belo Horizonte contribuye a sus oraciones en casa, en familia, proporcion\u00e1ndoles una gu\u00eda para celebrar este evento. <strong>Domingo del encuentro de Cristo resucitado con la comunidad de Jerusal\u00e9n.<\/strong>, producido por la Hermana Penha Carpanedo, de la Congregaci\u00f3n de las Disc\u00edpulas del Divino Maestro (Apostolado Lit\u00fargico), editora de la Revista Liturgia y miembro de la Red Celebra para la animaci\u00f3n lit\u00fargica.<\/p>\n<p>Para recibir los guiones semanales, enviar un mensaje al WhatsApp de la Secretar\u00eda Arquidiocesana de Liturgia: (31) 98634-0614.<\/p>\n<p><em><strong>\u201cEl Tiempo Pascual nace de la Vigilia; all\u00ed se pasa del luto a la alegr\u00eda, del ayuno a la fiesta, de la tristeza a la celebraci\u00f3n, de la muerte a la vida. Tiempo de alegr\u00eda, de acci\u00f3n de gracias, de profundizaci\u00f3n en el significado del misterio cristiano y de la vida en Cristo, del misterio de la Iglesia y, en consecuencia, del misterio de la comunidad cristiana, el Tiempo Pascual es el tiempo espiritual por excelencia del a\u00f1o lit\u00fargico.\u00a0<\/strong><a href=\"https:\/\/tinyurl.com\/8hr892bk\" data-auth=\"NotApplicable\" data-linkindex=\"0\">https:\/\/tinyurl.com\/8hr892bk<\/a><strong>)<\/strong><\/em><\/p>\n<p><strong>Haga clic en los archivos para descargar la Gu\u00eda de Celebraci\u00f3n:<\/strong><\/p>\n<p><a href=\"https:\/\/arquidiocesebh.org.br\/wp-content\/uploads\/2021\/04\/impressao-3o-domingo-da-pascoa.pdf\">Itinerario de Celebraci\u00f3n \u2013 3er Domingo de Pascua \u2013 Versi\u00f3n Imprimible<\/a><\/p>\n<p><a href=\"https:\/\/arquidiocesebh.org.br\/wp-content\/uploads\/2021\/04\/impressao-3o-domingo-da-pascoa.pdf\">Itinerario de Celebraci\u00f3n \u2013 3er Domingo de Pascua \u2013 Versi\u00f3n M\u00f3vil<\/a><\/p>","protected":false},"excerpt":{"rendered":"<p>As comunidades de f\u00e9 da capital mineira celebram, neste fim de semana, o 3\u00ba Domingo da P\u00e1scoa. Por isso, a Arquidiocese de Belo Horizonte, contribui com as suas ora\u00e7\u00f5es em casa, com a sua fam\u00edlia, disponibilizando o roteiro para celebrar o Domingo do encontro do ressuscitado com a comunidade de Jerusal\u00e9m, produzido pela Irm\u00e3 Penha Carpanedo,\u00a0da Congrega\u00e7\u00e3o Disc\u00edpulas do Divino Mestre (Apostolado lit\u00fargico), redatora da Revista de Liturgia e membro da Rede Celebra de anima\u00e7\u00e3o lit\u00fargica. Para receber os roteiros semanalmente, envie mensagem para o WhatsApp do Secretariado Arquidiocesano de Liturgia: (31) 98634-0614. \u201cO Tempo Pascal nasce da Vig\u00edlia; a\u00ed [&hellip;]<\/p>\n","protected":false},"author":2,"featured_media":5635,"comment_status":"open","ping_status":"closed","sticky":false,"template":"","format":"standard","meta":{"_acf_changed":false,"footnotes":""},"categories":[611],"tags":[],"class_list":["post-5634","post","type-post","status-publish","format-standard","has-post-thumbnail","hentry","category-noticias"],"acf":[],"yoast_head":"<!-- This site is optimized with the Yoast SEO plugin v27.2 - https:\/\/yoast.com\/product\/yoast-seo-wordpress\/ -->\n<title>Roteiro Celebrativo - Terceiro Domingo da P\u00e1scoa - Padre Eust\u00e1quio<\/title>\n<meta name=\"robots\" content=\"index, follow, max-snippet:-1, max-image-preview:large, max-video-preview:-1\" \/>\n<link rel=\"canonical\" href=\"https:\/\/www.padreeustaquio.com.br\/es\/itinerario-celebratorio-del-tercer-domingo-de-pascua\/\" \/>\n<meta property=\"og:locale\" content=\"es_ES\" \/>\n<meta property=\"og:type\" content=\"article\" \/>\n<meta property=\"og:title\" content=\"Roteiro Celebrativo - Terceiro Domingo da P\u00e1scoa - Padre Eust\u00e1quio\" \/>\n<meta property=\"og:description\" content=\"As comunidades de f\u00e9 da capital mineira celebram, neste fim de semana, o 3\u00ba Domingo da P\u00e1scoa. Por isso, a Arquidiocese de Belo Horizonte, contribui com as suas ora\u00e7\u00f5es em casa, com a sua fam\u00edlia, disponibilizando o roteiro para celebrar o Domingo do encontro do ressuscitado com a comunidade de Jerusal\u00e9m, produzido pela Irm\u00e3 Penha Carpanedo,\u00a0da Congrega\u00e7\u00e3o Disc\u00edpulas do Divino Mestre (Apostolado lit\u00fargico), redatora da Revista de Liturgia e membro da Rede Celebra de anima\u00e7\u00e3o lit\u00fargica. Para receber os roteiros semanalmente, envie mensagem para o WhatsApp do Secretariado Arquidiocesano de Liturgia: (31) 98634-0614. \u201cO Tempo Pascal nasce da Vig\u00edlia; a\u00ed [&hellip;]\" \/>\n<meta property=\"og:url\" content=\"https:\/\/www.padreeustaquio.com.br\/es\/itinerario-celebratorio-del-tercer-domingo-de-pascua\/\" \/>\n<meta property=\"og:site_name\" content=\"Padre Eust\u00e1quio\" \/>\n<meta property=\"article:publisher\" content=\"https:\/\/www.facebook.com\/beatopadreeustaquio\/\" \/>\n<meta property=\"article:published_time\" content=\"2021-04-17T22:44:08+00:00\" \/>\n<meta property=\"og:image\" content=\"https:\/\/www.padreeustaquio.com.br\/wp-content\/uploads\/2021\/04\/Roteiro-celeb.-TERCEIRO-dom.-pas.jpg\" \/>\n\t<meta property=\"og:image:width\" content=\"748\" \/>\n\t<meta property=\"og:image:height\" content=\"394\" \/>\n\t<meta property=\"og:image:type\" content=\"image\/jpeg\" \/>\n<meta name=\"author\" content=\"@sscc\" \/>\n<meta name=\"twitter:card\" content=\"summary_large_image\" \/>\n<meta name=\"twitter:creator\" content=\"@beatopeustaquio\" \/>\n<meta name=\"twitter:site\" content=\"@beatopeustaquio\" \/>\n<meta name=\"twitter:label1\" content=\"Escrito por\" \/>\n\t<meta name=\"twitter:data1\" content=\"@sscc\" \/>\n\t<meta name=\"twitter:label2\" content=\"Tiempo de lectura\" \/>\n\t<meta name=\"twitter:data2\" content=\"1 minuto\" \/>\n<script type=\"application\/ld+json\" class=\"yoast-schema-graph\">{\"@context\":\"https:\/\/schema.org\",\"@graph\":[{\"@type\":\"Article\",\"@id\":\"https:\/\/www.padreeustaquio.com.br\/roteiro-celebrativo-terceiro-domingo-da-pascoa\/#article\",\"isPartOf\":{\"@id\":\"https:\/\/www.padreeustaquio.com.br\/roteiro-celebrativo-terceiro-domingo-da-pascoa\/\"},\"author\":{\"name\":\"@sscc\",\"@id\":\"https:\/\/www.padreeustaquio.com.br\/#\/schema\/person\/a2a51db1d00f1a7af0204a0f1ddb1566\"},\"headline\":\"Roteiro Celebrativo &#8211; Terceiro Domingo da P\u00e1scoa\",\"datePublished\":\"2021-04-17T22:44:08+00:00\",\"mainEntityOfPage\":{\"@id\":\"https:\/\/www.padreeustaquio.com.br\/roteiro-celebrativo-terceiro-domingo-da-pascoa\/\"},\"wordCount\":220,\"commentCount\":0,\"publisher\":{\"@id\":\"https:\/\/www.padreeustaquio.com.br\/#organization\"},\"image\":{\"@id\":\"https:\/\/www.padreeustaquio.com.br\/roteiro-celebrativo-terceiro-domingo-da-pascoa\/#primaryimage\"},\"thumbnailUrl\":\"https:\/\/www.padreeustaquio.com.br\/wp-content\/uploads\/2021\/04\/Roteiro-celeb.-TERCEIRO-dom.-pas.jpg\",\"articleSection\":[\"Not\u00edcias\"],\"inLanguage\":\"es\",\"potentialAction\":[{\"@type\":\"CommentAction\",\"name\":\"Comment\",\"target\":[\"https:\/\/www.padreeustaquio.com.br\/roteiro-celebrativo-terceiro-domingo-da-pascoa\/#respond\"]}]},{\"@type\":\"WebPage\",\"@id\":\"https:\/\/www.padreeustaquio.com.br\/roteiro-celebrativo-terceiro-domingo-da-pascoa\/\",\"url\":\"https:\/\/www.padreeustaquio.com.br\/roteiro-celebrativo-terceiro-domingo-da-pascoa\/\",\"name\":\"Roteiro Celebrativo - Terceiro Domingo da P\u00e1scoa - Padre Eust\u00e1quio\",\"isPartOf\":{\"@id\":\"https:\/\/www.padreeustaquio.com.br\/#website\"},\"primaryImageOfPage\":{\"@id\":\"https:\/\/www.padreeustaquio.com.br\/roteiro-celebrativo-terceiro-domingo-da-pascoa\/#primaryimage\"},\"image\":{\"@id\":\"https:\/\/www.padreeustaquio.com.br\/roteiro-celebrativo-terceiro-domingo-da-pascoa\/#primaryimage\"},\"thumbnailUrl\":\"https:\/\/www.padreeustaquio.com.br\/wp-content\/uploads\/2021\/04\/Roteiro-celeb.-TERCEIRO-dom.-pas.jpg\",\"datePublished\":\"2021-04-17T22:44:08+00:00\",\"breadcrumb\":{\"@id\":\"https:\/\/www.padreeustaquio.com.br\/roteiro-celebrativo-terceiro-domingo-da-pascoa\/#breadcrumb\"},\"inLanguage\":\"es\",\"potentialAction\":[{\"@type\":\"ReadAction\",\"target\":[\"https:\/\/www.padreeustaquio.com.br\/roteiro-celebrativo-terceiro-domingo-da-pascoa\/\"]}]},{\"@type\":\"ImageObject\",\"inLanguage\":\"es\",\"@id\":\"https:\/\/www.padreeustaquio.com.br\/roteiro-celebrativo-terceiro-domingo-da-pascoa\/#primaryimage\",\"url\":\"https:\/\/www.padreeustaquio.com.br\/wp-content\/uploads\/2021\/04\/Roteiro-celeb.-TERCEIRO-dom.-pas.jpg\",\"contentUrl\":\"https:\/\/www.padreeustaquio.com.br\/wp-content\/uploads\/2021\/04\/Roteiro-celeb.-TERCEIRO-dom.-pas.jpg\",\"width\":748,\"height\":394},{\"@type\":\"BreadcrumbList\",\"@id\":\"https:\/\/www.padreeustaquio.com.br\/roteiro-celebrativo-terceiro-domingo-da-pascoa\/#breadcrumb\",\"itemListElement\":[{\"@type\":\"ListItem\",\"position\":1,\"name\":\"In\u00edcio\",\"item\":\"https:\/\/www.padreeustaquio.com.br\/\"},{\"@type\":\"ListItem\",\"position\":2,\"name\":\"Roteiro Celebrativo &#8211; Terceiro Domingo da P\u00e1scoa\"}]},{\"@type\":\"WebSite\",\"@id\":\"https:\/\/www.padreeustaquio.com.br\/#website\",\"url\":\"https:\/\/www.padreeustaquio.com.br\/\",\"name\":\"Padre Eust\u00e1quio\",\"description\":\"Sa\u00fade e Paz\",\"publisher\":{\"@id\":\"https:\/\/www.padreeustaquio.com.br\/#organization\"},\"potentialAction\":[{\"@type\":\"SearchAction\",\"target\":{\"@type\":\"EntryPoint\",\"urlTemplate\":\"https:\/\/www.padreeustaquio.com.br\/?s={search_term_string}\"},\"query-input\":{\"@type\":\"PropertyValueSpecification\",\"valueRequired\":true,\"valueName\":\"search_term_string\"}}],\"inLanguage\":\"es\"},{\"@type\":\"Organization\",\"@id\":\"https:\/\/www.padreeustaquio.com.br\/#organization\",\"name\":\"Padre Eust\u00e1quio\",\"url\":\"https:\/\/www.padreeustaquio.com.br\/\",\"logo\":{\"@type\":\"ImageObject\",\"inLanguage\":\"es\",\"@id\":\"https:\/\/www.padreeustaquio.com.br\/#\/schema\/logo\/image\/\",\"url\":\"https:\/\/www.padreeustaquio.com.br\/wp-content\/uploads\/2019\/08\/marca.png\",\"contentUrl\":\"https:\/\/www.padreeustaquio.com.br\/wp-content\/uploads\/2019\/08\/marca.png\",\"width\":350,\"height\":400,\"caption\":\"Padre Eust\u00e1quio\"},\"image\":{\"@id\":\"https:\/\/www.padreeustaquio.com.br\/#\/schema\/logo\/image\/\"},\"sameAs\":[\"https:\/\/www.facebook.com\/beatopadreeustaquio\/\",\"https:\/\/x.com\/beatopeustaquio\",\"https:\/\/www.instagram.com\/beatopadreeustaquio\/\",\"https:\/\/www.youtube.com\/channel\/UCRhw7vfabnajwLxb1ZXMeIw\"]},{\"@type\":\"Person\",\"@id\":\"https:\/\/www.padreeustaquio.com.br\/#\/schema\/person\/a2a51db1d00f1a7af0204a0f1ddb1566\",\"name\":\"@sscc\",\"image\":{\"@type\":\"ImageObject\",\"inLanguage\":\"es\",\"@id\":\"https:\/\/secure.gravatar.com\/avatar\/68cfafa5f44617fea54071e215026e0ff06be366c3d54a8425f04fdcb86f8c5f?s=96&d=mm&r=g\",\"url\":\"https:\/\/secure.gravatar.com\/avatar\/68cfafa5f44617fea54071e215026e0ff06be366c3d54a8425f04fdcb86f8c5f?s=96&d=mm&r=g\",\"contentUrl\":\"https:\/\/secure.gravatar.com\/avatar\/68cfafa5f44617fea54071e215026e0ff06be366c3d54a8425f04fdcb86f8c5f?s=96&d=mm&r=g\",\"caption\":\"@sscc\"},\"url\":\"https:\/\/www.padreeustaquio.com.br\/es\/author\/sscc\/\"}]}<\/script>\n<!-- \/ Yoast SEO plugin. -->","yoast_head_json":{"title":"Itinerario Celebrativo - Tercer Domingo de Pascua - Padre Eust\u00e1quio","robots":{"index":"index","follow":"follow","max-snippet":"max-snippet:-1","max-image-preview":"max-image-preview:large","max-video-preview":"max-video-preview:-1"},"canonical":"https:\/\/www.padreeustaquio.com.br\/es\/itinerario-celebratorio-del-tercer-domingo-de-pascua\/","og_locale":"es_ES","og_type":"article","og_title":"Roteiro Celebrativo - Terceiro Domingo da P\u00e1scoa - Padre Eust\u00e1quio","og_description":"As comunidades de f\u00e9 da capital mineira celebram, neste fim de semana, o 3\u00ba Domingo da P\u00e1scoa. Por isso, a Arquidiocese de Belo Horizonte, contribui com as suas ora\u00e7\u00f5es em casa, com a sua fam\u00edlia, disponibilizando o roteiro para celebrar o Domingo do encontro do ressuscitado com a comunidade de Jerusal\u00e9m, produzido pela Irm\u00e3 Penha Carpanedo,\u00a0da Congrega\u00e7\u00e3o Disc\u00edpulas do Divino Mestre (Apostolado lit\u00fargico), redatora da Revista de Liturgia e membro da Rede Celebra de anima\u00e7\u00e3o lit\u00fargica. Para receber os roteiros semanalmente, envie mensagem para o WhatsApp do Secretariado Arquidiocesano de Liturgia: (31) 98634-0614. \u201cO Tempo Pascal nasce da Vig\u00edlia; a\u00ed [&hellip;]","og_url":"https:\/\/www.padreeustaquio.com.br\/es\/itinerario-celebratorio-del-tercer-domingo-de-pascua\/","og_site_name":"Padre Eust\u00e1quio","article_publisher":"https:\/\/www.facebook.com\/beatopadreeustaquio\/","article_published_time":"2021-04-17T22:44:08+00:00","og_image":[{"width":748,"height":394,"url":"https:\/\/www.padreeustaquio.com.br\/wp-content\/uploads\/2021\/04\/Roteiro-celeb.-TERCEIRO-dom.-pas.jpg","type":"image\/jpeg"}],"author":"@sscc","twitter_card":"summary_large_image","twitter_creator":"@beatopeustaquio","twitter_site":"@beatopeustaquio","twitter_misc":{"Escrito por":"@sscc","Tiempo de lectura":"1 minuto"},"schema":{"@context":"https:\/\/schema.org","@graph":[{"@type":"Article","@id":"https:\/\/www.padreeustaquio.com.br\/roteiro-celebrativo-terceiro-domingo-da-pascoa\/#article","isPartOf":{"@id":"https:\/\/www.padreeustaquio.com.br\/roteiro-celebrativo-terceiro-domingo-da-pascoa\/"},"author":{"name":"@sscc","@id":"https:\/\/www.padreeustaquio.com.br\/#\/schema\/person\/a2a51db1d00f1a7af0204a0f1ddb1566"},"headline":"Roteiro Celebrativo &#8211; Terceiro Domingo da P\u00e1scoa","datePublished":"2021-04-17T22:44:08+00:00","mainEntityOfPage":{"@id":"https:\/\/www.padreeustaquio.com.br\/roteiro-celebrativo-terceiro-domingo-da-pascoa\/"},"wordCount":220,"commentCount":0,"publisher":{"@id":"https:\/\/www.padreeustaquio.com.br\/#organization"},"image":{"@id":"https:\/\/www.padreeustaquio.com.br\/roteiro-celebrativo-terceiro-domingo-da-pascoa\/#primaryimage"},"thumbnailUrl":"https:\/\/www.padreeustaquio.com.br\/wp-content\/uploads\/2021\/04\/Roteiro-celeb.-TERCEIRO-dom.-pas.jpg","articleSection":["Not\u00edcias"],"inLanguage":"es","potentialAction":[{"@type":"CommentAction","name":"Comment","target":["https:\/\/www.padreeustaquio.com.br\/roteiro-celebrativo-terceiro-domingo-da-pascoa\/#respond"]}]},{"@type":"WebPage","@id":"https:\/\/www.padreeustaquio.com.br\/roteiro-celebrativo-terceiro-domingo-da-pascoa\/","url":"https:\/\/www.padreeustaquio.com.br\/roteiro-celebrativo-terceiro-domingo-da-pascoa\/","name":"Itinerario Celebrativo - Tercer Domingo de Pascua - Padre Eust\u00e1quio","isPartOf":{"@id":"https:\/\/www.padreeustaquio.com.br\/#website"},"primaryImageOfPage":{"@id":"https:\/\/www.padreeustaquio.com.br\/roteiro-celebrativo-terceiro-domingo-da-pascoa\/#primaryimage"},"image":{"@id":"https:\/\/www.padreeustaquio.com.br\/roteiro-celebrativo-terceiro-domingo-da-pascoa\/#primaryimage"},"thumbnailUrl":"https:\/\/www.padreeustaquio.com.br\/wp-content\/uploads\/2021\/04\/Roteiro-celeb.-TERCEIRO-dom.-pas.jpg","datePublished":"2021-04-17T22:44:08+00:00","breadcrumb":{"@id":"https:\/\/www.padreeustaquio.com.br\/roteiro-celebrativo-terceiro-domingo-da-pascoa\/#breadcrumb"},"inLanguage":"es","potentialAction":[{"@type":"ReadAction","target":["https:\/\/www.padreeustaquio.com.br\/roteiro-celebrativo-terceiro-domingo-da-pascoa\/"]}]},{"@type":"ImageObject","inLanguage":"es","@id":"https:\/\/www.padreeustaquio.com.br\/roteiro-celebrativo-terceiro-domingo-da-pascoa\/#primaryimage","url":"https:\/\/www.padreeustaquio.com.br\/wp-content\/uploads\/2021\/04\/Roteiro-celeb.-TERCEIRO-dom.-pas.jpg","contentUrl":"https:\/\/www.padreeustaquio.com.br\/wp-content\/uploads\/2021\/04\/Roteiro-celeb.-TERCEIRO-dom.-pas.jpg","width":748,"height":394},{"@type":"BreadcrumbList","@id":"https:\/\/www.padreeustaquio.com.br\/roteiro-celebrativo-terceiro-domingo-da-pascoa\/#breadcrumb","itemListElement":[{"@type":"ListItem","position":1,"name":"In\u00edcio","item":"https:\/\/www.padreeustaquio.com.br\/"},{"@type":"ListItem","position":2,"name":"Roteiro Celebrativo &#8211; Terceiro Domingo da P\u00e1scoa"}]},{"@type":"WebSite","@id":"https:\/\/www.padreeustaquio.com.br\/#website","url":"https:\/\/www.padreeustaquio.com.br\/","name":"Padre Eustace","description":"Salud y Paz","publisher":{"@id":"https:\/\/www.padreeustaquio.com.br\/#organization"},"potentialAction":[{"@type":"SearchAction","target":{"@type":"EntryPoint","urlTemplate":"https:\/\/www.padreeustaquio.com.br\/?s={search_term_string}"},"query-input":{"@type":"PropertyValueSpecification","valueRequired":true,"valueName":"search_term_string"}}],"inLanguage":"es"},{"@type":"Organization","@id":"https:\/\/www.padreeustaquio.com.br\/#organization","name":"Padre Eustace","url":"https:\/\/www.padreeustaquio.com.br\/","logo":{"@type":"ImageObject","inLanguage":"es","@id":"https:\/\/www.padreeustaquio.com.br\/#\/schema\/logo\/image\/","url":"https:\/\/www.padreeustaquio.com.br\/wp-content\/uploads\/2019\/08\/marca.png","contentUrl":"https:\/\/www.padreeustaquio.com.br\/wp-content\/uploads\/2019\/08\/marca.png","width":350,"height":400,"caption":"Padre Eust\u00e1quio"},"image":{"@id":"https:\/\/www.padreeustaquio.com.br\/#\/schema\/logo\/image\/"},"sameAs":["https:\/\/www.facebook.com\/beatopadreeustaquio\/","https:\/\/x.com\/beatopeustaquio","https:\/\/www.instagram.com\/beatopadreeustaquio\/","https:\/\/www.youtube.com\/channel\/UCRhw7vfabnajwLxb1ZXMeIw"]},{"@type":"Person","@id":"https:\/\/www.padreeustaquio.com.br\/#\/schema\/person\/a2a51db1d00f1a7af0204a0f1ddb1566","name":"@sscc","image":{"@type":"ImageObject","inLanguage":"es","@id":"https:\/\/secure.gravatar.com\/avatar\/68cfafa5f44617fea54071e215026e0ff06be366c3d54a8425f04fdcb86f8c5f?s=96&d=mm&r=g","url":"https:\/\/secure.gravatar.com\/avatar\/68cfafa5f44617fea54071e215026e0ff06be366c3d54a8425f04fdcb86f8c5f?s=96&d=mm&r=g","contentUrl":"https:\/\/secure.gravatar.com\/avatar\/68cfafa5f44617fea54071e215026e0ff06be366c3d54a8425f04fdcb86f8c5f?s=96&d=mm&r=g","caption":"@sscc"},"url":"https:\/\/www.padreeustaquio.com.br\/es\/author\/sscc\/"}]}},"_links":{"self":[{"href":"https:\/\/www.padreeustaquio.com.br\/es\/wp-json\/wp\/v2\/posts\/5634","targetHints":{"allow":["GET"]}}],"collection":[{"href":"https:\/\/www.padreeustaquio.com.br\/es\/wp-json\/wp\/v2\/posts"}],"about":[{"href":"https:\/\/www.padreeustaquio.com.br\/es\/wp-json\/wp\/v2\/types\/post"}],"author":[{"embeddable":true,"href":"https:\/\/www.padreeustaquio.com.br\/es\/wp-json\/wp\/v2\/users\/2"}],"replies":[{"embeddable":true,"href":"https:\/\/www.padreeustaquio.com.br\/es\/wp-json\/wp\/v2\/comments?post=5634"}],"version-history":[{"count":0,"href":"https:\/\/www.padreeustaquio.com.br\/es\/wp-json\/wp\/v2\/posts\/5634\/revisions"}],"wp:featuredmedia":[{"embeddable":true,"href":"https:\/\/www.padreeustaquio.com.br\/es\/wp-json\/wp\/v2\/media\/5635"}],"wp:attachment":[{"href":"https:\/\/www.padreeustaquio.com.br\/es\/wp-json\/wp\/v2\/media?parent=5634"}],"wp:term":[{"taxonomy":"category","embeddable":true,"href":"https:\/\/www.padreeustaquio.com.br\/es\/wp-json\/wp\/v2\/categories?post=5634"},{"taxonomy":"post_tag","embeddable":true,"href":"https:\/\/www.padreeustaquio.com.br\/es\/wp-json\/wp\/v2\/tags?post=5634"}],"curies":[{"name":"wp","href":"https:\/\/api.w.org\/{rel}","templated":true}]}}