{"id":5616,"date":"2021-04-21T07:26:18","date_gmt":"2021-04-21T10:26:18","guid":{"rendered":"https:\/\/www.padreeustaquio.com.br\/?p=5616"},"modified":"2021-04-15T11:59:28","modified_gmt":"2021-04-15T14:59:28","slug":"hace-72-anos-el-barrio-donde-se-ubica-el-santuario-recibio-el-nombre-de-padre-eustaquio","status":"publish","type":"post","link":"https:\/\/www.padreeustaquio.com.br\/es\/hace-72-anos-el-barrio-donde-se-ubica-el-santuario-recibio-el-nombre-de-padre-eustaquio\/","title":{"rendered":"Hace setenta y dos a\u00f1os el barrio donde se ubica el Santuario recibi\u00f3 el nombre de \u201cPadre Eust\u00e1quio\u201d.\u201d"},"content":{"rendered":"<p>En abril de 1949, hace 72 a\u00f1os, el Padre Eust\u00e1quio fue homenajeado al llevar su nombre al barrio donde vivi\u00f3 los \u00faltimos meses de su vida.<\/p>\n<p>Los registros parroquiales de la Parroquia Sagrados Corazones establecen que:<\/p>\n<blockquote><p><em>\u201cEl 16 de agosto de 1948, el Sr. Jos\u00e9 Geraldo de Oliveira present\u00f3 al Ayuntamiento el siguiente proyecto: \u201cLa zona antes conocida como &#039;Vila Progresso&#039; pasar\u00e1 a llamarse &#039;Barrio Padre Eust\u00e1quio&#039;\u201c. Esto se hizo realidad en abril de 1949.\u201d<\/em><\/p><\/blockquote>\n<p>Ubicado en la regi\u00f3n noroeste de Belo Horizonte, el barrio que hoy lleva el nombre del beato se form\u00f3 a partir de la uni\u00f3n de varias aldeas: Progresso, Celeste Imp\u00e9rio, Santa Rita y Futura. Todas datan de la d\u00e9cada de 1920.<\/p>\n<p>Al llegar a Belo Horizonte, el Padre Eust\u00e1quio resid\u00eda en el barrio Celeste Imp\u00e9rio y oficiaba misas en la capilla de Cristo Rey. Permaneci\u00f3 en la capital de Minas Gerais menos de dos a\u00f1os, pero se gan\u00f3 la admiraci\u00f3n de los fieles.<\/p>\n<p>Por la historia de vida del sacerdote holand\u00e9s y la devoci\u00f3n de la poblaci\u00f3n, no s\u00f3lo el barrio tom\u00f3 el nombre del Bendito, sino tambi\u00e9n la calle m\u00e1s importante de la regi\u00f3n, que antiguamente se llamaba Estrada de Contagem.<\/p>\n<p>El barrio Padre Eust\u00e1quio cuenta actualmente con aproximadamente 28.000 habitantes.<\/p>","protected":false},"excerpt":{"rendered":"<p>Em abril de 1949, h\u00e1 72 anos, Padre Eust\u00e1quio era homenageado tendo o bairro onde morou os \u00faltimos meses de vida, denominado com seu nome. Consta nos livros de tombo da Par\u00f3quia dos Sagrados Cora\u00e7\u00f5es que: &#8220;Aos 16.08.1948 o Sr. Jos\u00e9 Geraldo de Oliveira apresenta \u00e0 c\u00e2mara Municipal o seguinte Projeto: \u201cpassa a denominar-se \u201cBairro Padre Eust\u00e1quio\u201d a at\u00e9 agora denominada \u201cVila Progresso\u201d. E isto tornou-se realidade em abril de 1949.&#8221; Localizado na regi\u00e3o Noroeste de Belo Horizonte, o Bairro que hoje ganha o nome do beato, foi formado a partir da uni\u00e3o de v\u00e1rias vilas: Progresso, Celeste Imp\u00e9rio, Santa [&hellip;]<\/p>\n","protected":false},"author":2,"featured_media":5618,"comment_status":"open","ping_status":"closed","sticky":false,"template":"","format":"standard","meta":{"_acf_changed":false,"footnotes":""},"categories":[611],"tags":[],"class_list":["post-5616","post","type-post","status-publish","format-standard","has-post-thumbnail","hentry","category-noticias"],"acf":[],"yoast_head":"<!-- This site is optimized with the Yoast SEO plugin v27.2 - https:\/\/yoast.com\/product\/yoast-seo-wordpress\/ -->\n<title>H\u00e1 72 anos bairro onde fica o Santu\u00e1rio ganhava o nome de &quot;Padre Eust\u00e1quio&quot; - Padre Eust\u00e1quio<\/title>\n<meta name=\"robots\" content=\"index, follow, max-snippet:-1, max-image-preview:large, max-video-preview:-1\" \/>\n<link rel=\"canonical\" href=\"https:\/\/www.padreeustaquio.com.br\/es\/hace-72-anos-el-barrio-donde-se-ubica-el-santuario-recibio-el-nombre-de-padre-eustaquio\/\" \/>\n<meta property=\"og:locale\" content=\"es_ES\" \/>\n<meta property=\"og:type\" content=\"article\" \/>\n<meta property=\"og:title\" content=\"H\u00e1 72 anos bairro onde fica o Santu\u00e1rio ganhava o nome de &quot;Padre Eust\u00e1quio&quot; - Padre Eust\u00e1quio\" \/>\n<meta property=\"og:description\" content=\"Em abril de 1949, h\u00e1 72 anos, Padre Eust\u00e1quio era homenageado tendo o bairro onde morou os \u00faltimos meses de vida, denominado com seu nome. Consta nos livros de tombo da Par\u00f3quia dos Sagrados Cora\u00e7\u00f5es que: &#8220;Aos 16.08.1948 o Sr. Jos\u00e9 Geraldo de Oliveira apresenta \u00e0 c\u00e2mara Municipal o seguinte Projeto: \u201cpassa a denominar-se \u201cBairro Padre Eust\u00e1quio\u201d a at\u00e9 agora denominada \u201cVila Progresso\u201d. E isto tornou-se realidade em abril de 1949.&#8221; Localizado na regi\u00e3o Noroeste de Belo Horizonte, o Bairro que hoje ganha o nome do beato, foi formado a partir da uni\u00e3o de v\u00e1rias vilas: Progresso, Celeste Imp\u00e9rio, Santa [&hellip;]\" \/>\n<meta property=\"og:url\" content=\"https:\/\/www.padreeustaquio.com.br\/es\/hace-72-anos-el-barrio-donde-se-ubica-el-santuario-recibio-el-nombre-de-padre-eustaquio\/\" \/>\n<meta property=\"og:site_name\" content=\"Padre Eust\u00e1quio\" \/>\n<meta property=\"article:publisher\" content=\"https:\/\/www.facebook.com\/beatopadreeustaquio\/\" \/>\n<meta property=\"article:published_time\" content=\"2021-04-21T10:26:18+00:00\" \/>\n<meta property=\"og:image\" content=\"https:\/\/www.padreeustaquio.com.br\/wp-content\/uploads\/2021\/04\/Bairro-Padre-Eustaquio.jpg\" \/>\n\t<meta property=\"og:image:width\" content=\"748\" \/>\n\t<meta property=\"og:image:height\" content=\"394\" \/>\n\t<meta property=\"og:image:type\" content=\"image\/jpeg\" \/>\n<meta name=\"author\" content=\"@sscc\" \/>\n<meta name=\"twitter:card\" content=\"summary_large_image\" \/>\n<meta name=\"twitter:creator\" content=\"@beatopeustaquio\" \/>\n<meta name=\"twitter:site\" content=\"@beatopeustaquio\" \/>\n<meta name=\"twitter:label1\" content=\"Escrito por\" \/>\n\t<meta name=\"twitter:data1\" content=\"@sscc\" \/>\n\t<meta name=\"twitter:label2\" content=\"Tiempo de lectura\" \/>\n\t<meta name=\"twitter:data2\" content=\"1 minuto\" \/>\n<script type=\"application\/ld+json\" class=\"yoast-schema-graph\">{\"@context\":\"https:\/\/schema.org\",\"@graph\":[{\"@type\":\"Article\",\"@id\":\"https:\/\/www.padreeustaquio.com.br\/ha-72-anos-bairro-onde-fica-o-santuario-ganhava-o-nome-de-padre-eustaquio\/#article\",\"isPartOf\":{\"@id\":\"https:\/\/www.padreeustaquio.com.br\/ha-72-anos-bairro-onde-fica-o-santuario-ganhava-o-nome-de-padre-eustaquio\/\"},\"author\":{\"name\":\"@sscc\",\"@id\":\"https:\/\/www.padreeustaquio.com.br\/#\/schema\/person\/a2a51db1d00f1a7af0204a0f1ddb1566\"},\"headline\":\"H\u00e1 72 anos bairro onde fica o Santu\u00e1rio ganhava o nome de &#8220;Padre Eust\u00e1quio&#8221;\",\"datePublished\":\"2021-04-21T10:26:18+00:00\",\"mainEntityOfPage\":{\"@id\":\"https:\/\/www.padreeustaquio.com.br\/ha-72-anos-bairro-onde-fica-o-santuario-ganhava-o-nome-de-padre-eustaquio\/\"},\"wordCount\":226,\"commentCount\":0,\"publisher\":{\"@id\":\"https:\/\/www.padreeustaquio.com.br\/#organization\"},\"image\":{\"@id\":\"https:\/\/www.padreeustaquio.com.br\/ha-72-anos-bairro-onde-fica-o-santuario-ganhava-o-nome-de-padre-eustaquio\/#primaryimage\"},\"thumbnailUrl\":\"https:\/\/www.padreeustaquio.com.br\/wp-content\/uploads\/2021\/04\/Bairro-Padre-Eustaquio.jpg\",\"articleSection\":[\"Not\u00edcias\"],\"inLanguage\":\"es\",\"potentialAction\":[{\"@type\":\"CommentAction\",\"name\":\"Comment\",\"target\":[\"https:\/\/www.padreeustaquio.com.br\/ha-72-anos-bairro-onde-fica-o-santuario-ganhava-o-nome-de-padre-eustaquio\/#respond\"]}]},{\"@type\":\"WebPage\",\"@id\":\"https:\/\/www.padreeustaquio.com.br\/ha-72-anos-bairro-onde-fica-o-santuario-ganhava-o-nome-de-padre-eustaquio\/\",\"url\":\"https:\/\/www.padreeustaquio.com.br\/ha-72-anos-bairro-onde-fica-o-santuario-ganhava-o-nome-de-padre-eustaquio\/\",\"name\":\"H\u00e1 72 anos bairro onde fica o Santu\u00e1rio ganhava o nome de \\\"Padre Eust\u00e1quio\\\" - Padre Eust\u00e1quio\",\"isPartOf\":{\"@id\":\"https:\/\/www.padreeustaquio.com.br\/#website\"},\"primaryImageOfPage\":{\"@id\":\"https:\/\/www.padreeustaquio.com.br\/ha-72-anos-bairro-onde-fica-o-santuario-ganhava-o-nome-de-padre-eustaquio\/#primaryimage\"},\"image\":{\"@id\":\"https:\/\/www.padreeustaquio.com.br\/ha-72-anos-bairro-onde-fica-o-santuario-ganhava-o-nome-de-padre-eustaquio\/#primaryimage\"},\"thumbnailUrl\":\"https:\/\/www.padreeustaquio.com.br\/wp-content\/uploads\/2021\/04\/Bairro-Padre-Eustaquio.jpg\",\"datePublished\":\"2021-04-21T10:26:18+00:00\",\"breadcrumb\":{\"@id\":\"https:\/\/www.padreeustaquio.com.br\/ha-72-anos-bairro-onde-fica-o-santuario-ganhava-o-nome-de-padre-eustaquio\/#breadcrumb\"},\"inLanguage\":\"es\",\"potentialAction\":[{\"@type\":\"ReadAction\",\"target\":[\"https:\/\/www.padreeustaquio.com.br\/ha-72-anos-bairro-onde-fica-o-santuario-ganhava-o-nome-de-padre-eustaquio\/\"]}]},{\"@type\":\"ImageObject\",\"inLanguage\":\"es\",\"@id\":\"https:\/\/www.padreeustaquio.com.br\/ha-72-anos-bairro-onde-fica-o-santuario-ganhava-o-nome-de-padre-eustaquio\/#primaryimage\",\"url\":\"https:\/\/www.padreeustaquio.com.br\/wp-content\/uploads\/2021\/04\/Bairro-Padre-Eustaquio.jpg\",\"contentUrl\":\"https:\/\/www.padreeustaquio.com.br\/wp-content\/uploads\/2021\/04\/Bairro-Padre-Eustaquio.jpg\",\"width\":748,\"height\":394},{\"@type\":\"BreadcrumbList\",\"@id\":\"https:\/\/www.padreeustaquio.com.br\/ha-72-anos-bairro-onde-fica-o-santuario-ganhava-o-nome-de-padre-eustaquio\/#breadcrumb\",\"itemListElement\":[{\"@type\":\"ListItem\",\"position\":1,\"name\":\"In\u00edcio\",\"item\":\"https:\/\/www.padreeustaquio.com.br\/\"},{\"@type\":\"ListItem\",\"position\":2,\"name\":\"H\u00e1 72 anos bairro onde fica o Santu\u00e1rio ganhava o nome de &#8220;Padre Eust\u00e1quio&#8221;\"}]},{\"@type\":\"WebSite\",\"@id\":\"https:\/\/www.padreeustaquio.com.br\/#website\",\"url\":\"https:\/\/www.padreeustaquio.com.br\/\",\"name\":\"Padre Eust\u00e1quio\",\"description\":\"Sa\u00fade e Paz\",\"publisher\":{\"@id\":\"https:\/\/www.padreeustaquio.com.br\/#organization\"},\"potentialAction\":[{\"@type\":\"SearchAction\",\"target\":{\"@type\":\"EntryPoint\",\"urlTemplate\":\"https:\/\/www.padreeustaquio.com.br\/?s={search_term_string}\"},\"query-input\":{\"@type\":\"PropertyValueSpecification\",\"valueRequired\":true,\"valueName\":\"search_term_string\"}}],\"inLanguage\":\"es\"},{\"@type\":\"Organization\",\"@id\":\"https:\/\/www.padreeustaquio.com.br\/#organization\",\"name\":\"Padre Eust\u00e1quio\",\"url\":\"https:\/\/www.padreeustaquio.com.br\/\",\"logo\":{\"@type\":\"ImageObject\",\"inLanguage\":\"es\",\"@id\":\"https:\/\/www.padreeustaquio.com.br\/#\/schema\/logo\/image\/\",\"url\":\"https:\/\/www.padreeustaquio.com.br\/wp-content\/uploads\/2019\/08\/marca.png\",\"contentUrl\":\"https:\/\/www.padreeustaquio.com.br\/wp-content\/uploads\/2019\/08\/marca.png\",\"width\":350,\"height\":400,\"caption\":\"Padre Eust\u00e1quio\"},\"image\":{\"@id\":\"https:\/\/www.padreeustaquio.com.br\/#\/schema\/logo\/image\/\"},\"sameAs\":[\"https:\/\/www.facebook.com\/beatopadreeustaquio\/\",\"https:\/\/x.com\/beatopeustaquio\",\"https:\/\/www.instagram.com\/beatopadreeustaquio\/\",\"https:\/\/www.youtube.com\/channel\/UCRhw7vfabnajwLxb1ZXMeIw\"]},{\"@type\":\"Person\",\"@id\":\"https:\/\/www.padreeustaquio.com.br\/#\/schema\/person\/a2a51db1d00f1a7af0204a0f1ddb1566\",\"name\":\"@sscc\",\"image\":{\"@type\":\"ImageObject\",\"inLanguage\":\"es\",\"@id\":\"https:\/\/secure.gravatar.com\/avatar\/68cfafa5f44617fea54071e215026e0ff06be366c3d54a8425f04fdcb86f8c5f?s=96&d=mm&r=g\",\"url\":\"https:\/\/secure.gravatar.com\/avatar\/68cfafa5f44617fea54071e215026e0ff06be366c3d54a8425f04fdcb86f8c5f?s=96&d=mm&r=g\",\"contentUrl\":\"https:\/\/secure.gravatar.com\/avatar\/68cfafa5f44617fea54071e215026e0ff06be366c3d54a8425f04fdcb86f8c5f?s=96&d=mm&r=g\",\"caption\":\"@sscc\"},\"url\":\"https:\/\/www.padreeustaquio.com.br\/es\/author\/sscc\/\"}]}<\/script>\n<!-- \/ Yoast SEO plugin. -->","yoast_head_json":{"title":"Hace 72 a\u00f1os, el barrio donde se ubica el Santuario recibi\u00f3 el nombre de &quot;Padre Eust\u00e1quio&quot; - Padre Eust\u00e1quio","robots":{"index":"index","follow":"follow","max-snippet":"max-snippet:-1","max-image-preview":"max-image-preview:large","max-video-preview":"max-video-preview:-1"},"canonical":"https:\/\/www.padreeustaquio.com.br\/es\/hace-72-anos-el-barrio-donde-se-ubica-el-santuario-recibio-el-nombre-de-padre-eustaquio\/","og_locale":"es_ES","og_type":"article","og_title":"H\u00e1 72 anos bairro onde fica o Santu\u00e1rio ganhava o nome de \"Padre Eust\u00e1quio\" - Padre Eust\u00e1quio","og_description":"Em abril de 1949, h\u00e1 72 anos, Padre Eust\u00e1quio era homenageado tendo o bairro onde morou os \u00faltimos meses de vida, denominado com seu nome. Consta nos livros de tombo da Par\u00f3quia dos Sagrados Cora\u00e7\u00f5es que: &#8220;Aos 16.08.1948 o Sr. Jos\u00e9 Geraldo de Oliveira apresenta \u00e0 c\u00e2mara Municipal o seguinte Projeto: \u201cpassa a denominar-se \u201cBairro Padre Eust\u00e1quio\u201d a at\u00e9 agora denominada \u201cVila Progresso\u201d. E isto tornou-se realidade em abril de 1949.&#8221; Localizado na regi\u00e3o Noroeste de Belo Horizonte, o Bairro que hoje ganha o nome do beato, foi formado a partir da uni\u00e3o de v\u00e1rias vilas: Progresso, Celeste Imp\u00e9rio, Santa [&hellip;]","og_url":"https:\/\/www.padreeustaquio.com.br\/es\/hace-72-anos-el-barrio-donde-se-ubica-el-santuario-recibio-el-nombre-de-padre-eustaquio\/","og_site_name":"Padre Eust\u00e1quio","article_publisher":"https:\/\/www.facebook.com\/beatopadreeustaquio\/","article_published_time":"2021-04-21T10:26:18+00:00","og_image":[{"width":748,"height":394,"url":"https:\/\/www.padreeustaquio.com.br\/wp-content\/uploads\/2021\/04\/Bairro-Padre-Eustaquio.jpg","type":"image\/jpeg"}],"author":"@sscc","twitter_card":"summary_large_image","twitter_creator":"@beatopeustaquio","twitter_site":"@beatopeustaquio","twitter_misc":{"Escrito por":"@sscc","Tiempo de lectura":"1 minuto"},"schema":{"@context":"https:\/\/schema.org","@graph":[{"@type":"Article","@id":"https:\/\/www.padreeustaquio.com.br\/ha-72-anos-bairro-onde-fica-o-santuario-ganhava-o-nome-de-padre-eustaquio\/#article","isPartOf":{"@id":"https:\/\/www.padreeustaquio.com.br\/ha-72-anos-bairro-onde-fica-o-santuario-ganhava-o-nome-de-padre-eustaquio\/"},"author":{"name":"@sscc","@id":"https:\/\/www.padreeustaquio.com.br\/#\/schema\/person\/a2a51db1d00f1a7af0204a0f1ddb1566"},"headline":"H\u00e1 72 anos bairro onde fica o Santu\u00e1rio ganhava o nome de &#8220;Padre Eust\u00e1quio&#8221;","datePublished":"2021-04-21T10:26:18+00:00","mainEntityOfPage":{"@id":"https:\/\/www.padreeustaquio.com.br\/ha-72-anos-bairro-onde-fica-o-santuario-ganhava-o-nome-de-padre-eustaquio\/"},"wordCount":226,"commentCount":0,"publisher":{"@id":"https:\/\/www.padreeustaquio.com.br\/#organization"},"image":{"@id":"https:\/\/www.padreeustaquio.com.br\/ha-72-anos-bairro-onde-fica-o-santuario-ganhava-o-nome-de-padre-eustaquio\/#primaryimage"},"thumbnailUrl":"https:\/\/www.padreeustaquio.com.br\/wp-content\/uploads\/2021\/04\/Bairro-Padre-Eustaquio.jpg","articleSection":["Not\u00edcias"],"inLanguage":"es","potentialAction":[{"@type":"CommentAction","name":"Comment","target":["https:\/\/www.padreeustaquio.com.br\/ha-72-anos-bairro-onde-fica-o-santuario-ganhava-o-nome-de-padre-eustaquio\/#respond"]}]},{"@type":"WebPage","@id":"https:\/\/www.padreeustaquio.com.br\/ha-72-anos-bairro-onde-fica-o-santuario-ganhava-o-nome-de-padre-eustaquio\/","url":"https:\/\/www.padreeustaquio.com.br\/ha-72-anos-bairro-onde-fica-o-santuario-ganhava-o-nome-de-padre-eustaquio\/","name":"Hace 72 a\u00f1os, el barrio donde se ubica el Santuario recibi\u00f3 el nombre de &quot;Padre Eust\u00e1quio&quot; - Padre Eust\u00e1quio","isPartOf":{"@id":"https:\/\/www.padreeustaquio.com.br\/#website"},"primaryImageOfPage":{"@id":"https:\/\/www.padreeustaquio.com.br\/ha-72-anos-bairro-onde-fica-o-santuario-ganhava-o-nome-de-padre-eustaquio\/#primaryimage"},"image":{"@id":"https:\/\/www.padreeustaquio.com.br\/ha-72-anos-bairro-onde-fica-o-santuario-ganhava-o-nome-de-padre-eustaquio\/#primaryimage"},"thumbnailUrl":"https:\/\/www.padreeustaquio.com.br\/wp-content\/uploads\/2021\/04\/Bairro-Padre-Eustaquio.jpg","datePublished":"2021-04-21T10:26:18+00:00","breadcrumb":{"@id":"https:\/\/www.padreeustaquio.com.br\/ha-72-anos-bairro-onde-fica-o-santuario-ganhava-o-nome-de-padre-eustaquio\/#breadcrumb"},"inLanguage":"es","potentialAction":[{"@type":"ReadAction","target":["https:\/\/www.padreeustaquio.com.br\/ha-72-anos-bairro-onde-fica-o-santuario-ganhava-o-nome-de-padre-eustaquio\/"]}]},{"@type":"ImageObject","inLanguage":"es","@id":"https:\/\/www.padreeustaquio.com.br\/ha-72-anos-bairro-onde-fica-o-santuario-ganhava-o-nome-de-padre-eustaquio\/#primaryimage","url":"https:\/\/www.padreeustaquio.com.br\/wp-content\/uploads\/2021\/04\/Bairro-Padre-Eustaquio.jpg","contentUrl":"https:\/\/www.padreeustaquio.com.br\/wp-content\/uploads\/2021\/04\/Bairro-Padre-Eustaquio.jpg","width":748,"height":394},{"@type":"BreadcrumbList","@id":"https:\/\/www.padreeustaquio.com.br\/ha-72-anos-bairro-onde-fica-o-santuario-ganhava-o-nome-de-padre-eustaquio\/#breadcrumb","itemListElement":[{"@type":"ListItem","position":1,"name":"In\u00edcio","item":"https:\/\/www.padreeustaquio.com.br\/"},{"@type":"ListItem","position":2,"name":"H\u00e1 72 anos bairro onde fica o Santu\u00e1rio ganhava o nome de &#8220;Padre Eust\u00e1quio&#8221;"}]},{"@type":"WebSite","@id":"https:\/\/www.padreeustaquio.com.br\/#website","url":"https:\/\/www.padreeustaquio.com.br\/","name":"Padre Eustace","description":"Salud y Paz","publisher":{"@id":"https:\/\/www.padreeustaquio.com.br\/#organization"},"potentialAction":[{"@type":"SearchAction","target":{"@type":"EntryPoint","urlTemplate":"https:\/\/www.padreeustaquio.com.br\/?s={search_term_string}"},"query-input":{"@type":"PropertyValueSpecification","valueRequired":true,"valueName":"search_term_string"}}],"inLanguage":"es"},{"@type":"Organization","@id":"https:\/\/www.padreeustaquio.com.br\/#organization","name":"Padre Eustace","url":"https:\/\/www.padreeustaquio.com.br\/","logo":{"@type":"ImageObject","inLanguage":"es","@id":"https:\/\/www.padreeustaquio.com.br\/#\/schema\/logo\/image\/","url":"https:\/\/www.padreeustaquio.com.br\/wp-content\/uploads\/2019\/08\/marca.png","contentUrl":"https:\/\/www.padreeustaquio.com.br\/wp-content\/uploads\/2019\/08\/marca.png","width":350,"height":400,"caption":"Padre Eust\u00e1quio"},"image":{"@id":"https:\/\/www.padreeustaquio.com.br\/#\/schema\/logo\/image\/"},"sameAs":["https:\/\/www.facebook.com\/beatopadreeustaquio\/","https:\/\/x.com\/beatopeustaquio","https:\/\/www.instagram.com\/beatopadreeustaquio\/","https:\/\/www.youtube.com\/channel\/UCRhw7vfabnajwLxb1ZXMeIw"]},{"@type":"Person","@id":"https:\/\/www.padreeustaquio.com.br\/#\/schema\/person\/a2a51db1d00f1a7af0204a0f1ddb1566","name":"@sscc","image":{"@type":"ImageObject","inLanguage":"es","@id":"https:\/\/secure.gravatar.com\/avatar\/68cfafa5f44617fea54071e215026e0ff06be366c3d54a8425f04fdcb86f8c5f?s=96&d=mm&r=g","url":"https:\/\/secure.gravatar.com\/avatar\/68cfafa5f44617fea54071e215026e0ff06be366c3d54a8425f04fdcb86f8c5f?s=96&d=mm&r=g","contentUrl":"https:\/\/secure.gravatar.com\/avatar\/68cfafa5f44617fea54071e215026e0ff06be366c3d54a8425f04fdcb86f8c5f?s=96&d=mm&r=g","caption":"@sscc"},"url":"https:\/\/www.padreeustaquio.com.br\/es\/author\/sscc\/"}]}},"_links":{"self":[{"href":"https:\/\/www.padreeustaquio.com.br\/es\/wp-json\/wp\/v2\/posts\/5616","targetHints":{"allow":["GET"]}}],"collection":[{"href":"https:\/\/www.padreeustaquio.com.br\/es\/wp-json\/wp\/v2\/posts"}],"about":[{"href":"https:\/\/www.padreeustaquio.com.br\/es\/wp-json\/wp\/v2\/types\/post"}],"author":[{"embeddable":true,"href":"https:\/\/www.padreeustaquio.com.br\/es\/wp-json\/wp\/v2\/users\/2"}],"replies":[{"embeddable":true,"href":"https:\/\/www.padreeustaquio.com.br\/es\/wp-json\/wp\/v2\/comments?post=5616"}],"version-history":[{"count":0,"href":"https:\/\/www.padreeustaquio.com.br\/es\/wp-json\/wp\/v2\/posts\/5616\/revisions"}],"wp:featuredmedia":[{"embeddable":true,"href":"https:\/\/www.padreeustaquio.com.br\/es\/wp-json\/wp\/v2\/media\/5618"}],"wp:attachment":[{"href":"https:\/\/www.padreeustaquio.com.br\/es\/wp-json\/wp\/v2\/media?parent=5616"}],"wp:term":[{"taxonomy":"category","embeddable":true,"href":"https:\/\/www.padreeustaquio.com.br\/es\/wp-json\/wp\/v2\/categories?post=5616"},{"taxonomy":"post_tag","embeddable":true,"href":"https:\/\/www.padreeustaquio.com.br\/es\/wp-json\/wp\/v2\/tags?post=5616"}],"curies":[{"name":"wp","href":"https:\/\/api.w.org\/{rel}","templated":true}]}}