{"id":5593,"date":"2021-04-22T06:45:32","date_gmt":"2021-04-22T09:45:32","guid":{"rendered":"https:\/\/www.padreeustaquio.com.br\/?p=5593"},"modified":"2021-04-14T11:58:12","modified_gmt":"2021-04-14T14:58:12","slug":"el-sermon-del-padre-eustaquio-pronunciado-en-1934-habla-de-estar-en-la-presencia-de-dios","status":"publish","type":"post","link":"https:\/\/www.padreeustaquio.com.br\/es\/el-sermon-del-padre-eustaquio-pronunciado-en-1934-habla-de-estar-en-la-presencia-de-dios\/","title":{"rendered":"El serm\u00f3n del padre Eust\u00e1quio de 1934 habla de &quot;estar en la presencia de Dios&quot;.\u201c"},"content":{"rendered":"<p>Un serm\u00f3n del Padre Eust\u00e1quio, fechado en 1934, cuando a\u00fan se encontraba en \u00c1gua Suja (actual Romaria\/MG), en la regi\u00f3n del Tri\u00e1ngulo Mineiro, ofrece una hermosa reflexi\u00f3n sobre la importancia de estar siempre en la presencia de Dios. El texto se encontr\u00f3 en uno de los boletines de la Parroquia de los Sagrados Corazones de Belo Horizonte (1945\/1946).<\/p>\n<p>En tiempos dif\u00edciles como los que vivimos hoy, este texto reconforta el coraz\u00f3n y el alma. A continuaci\u00f3n, un extracto de esta homil\u00eda.<\/p>\n<p><em><strong>\u201c&quot;En medio de vosotros hab\u00eda uno a quien no conoc\u00e9is.&quot;.<\/strong><\/em><\/p>\n<p><em>Si os preguntara cu\u00e1l de todos los animales tiene la vista m\u00e1s aguda, responder\u00edais que el \u00e1guila, que puede contemplar el mismo sol, y el lince, que desde las m\u00e1s altas monta\u00f1as descubre su presa en los valles y precipicios m\u00e1s profundos. <\/em><\/p>\n<p><em>Son hermosos ojos, lo admito, pero conozco otros mejores. Se dice que, entre los hombres, la mirada de C\u00e9sar Augusto era llameante y aterradora, y que la de Tiberio era tan penetrante que pod\u00eda leer e incluso escribir en la oscuridad de la noche. Esos ojos eran extraordinarios, pero los hay a\u00fan mejores. <\/em><\/p>\n<p><em>Los historiadores mencionan que un tal Estrab\u00f3n pod\u00eda ver con claridad desde una distancia de cinco kil\u00f3metros. Esto puede sorprenderte, pero hay algo a\u00fan mejor. Mientras San Ambrosio estaba en Mil\u00e1n, pudo ver lo que suced\u00eda en otra ciudad lejana, oculta tras los Alpes. De hecho, anunci\u00f3 la muerte de San Mart\u00edn el mismo d\u00eda y a la misma hora en que exhal\u00f3 su \u00faltimo aliento.<\/em><\/p>\n<p><em>\u00bfQuieres algo a\u00fan m\u00e1s admirable? San Antonio, San Felipe Neri, Santa Catalina de Siena y muchos otros penetraron en lo m\u00e1s profundo del coraz\u00f3n. Debemos reconocer que esos ojos eran extraordinarios, pero los hay a\u00fan m\u00e1s penetrantes. <\/em><\/p>\n<p><em>Conozco una mirada que nada puede detener; que todo lo ve a trav\u00e9s de la m\u00e1s densa oscuridad y las mayores distancias, y que no se puede evitar. \u00bfQu\u00e9 ojos son estos? La Sagrada Escritura dice: \u201cLos ojos del Se\u00f1or son m\u00e1s brillantes que el sol; ven todos los caminos del hombre y penetran las profundidades del abismo\u201d.<\/em><\/p>\n<p><em>Se puede, astutamente y con excusas, cubrir la mirada de los hombres. As\u00ed fue como Isaac fue enga\u00f1ado con la piel de una cabra; as\u00ed fue como Lab\u00e1n enga\u00f1\u00f3 a Jacob, d\u00e1ndole a Lea en lugar de Raquel como esposa; as\u00ed fue como Jacob enga\u00f1\u00f3 a Amasa con fingidas muestras de amistad.<\/em><\/p>\n<p><em>As\u00ed, Dios no puede ser enga\u00f1ado; por mucho que el hombre disimule, se cubra o se esconda, la mirada de Dios lo penetra todo, y para \u00c9l no hay oscuridad. El hombre ve las cosas cuando aparecen, pero Dios ve el coraz\u00f3n mismo. Aunque el pecador intente escapar de \u00c9l, escondi\u00e9ndose en las cuevas de las monta\u00f1as, en lo profundo de los bosques m\u00e1s oscuros o en la guarida de las fieras; aunque invoque una oscuridad m\u00e1s densa que la de la tierra de Egipto, la mirada de Dios lo seguir\u00e1 a todas partes, contando todos sus pasos.<\/em><\/p>\n<p><em>\u201dSi subo al cielo \u2014dice el salmista\u2014, all\u00ed est\u00e1s t\u00fa; si desciendo a las profundidades, all\u00ed est\u00e1s t\u00fa. Si tomo mis alas y habito en el extremo del mar, incluso all\u00ed me guiar\u00e1 tu mano\u00bb.\u201d<\/em><\/p>\n<p><em>Ahora bien, si les pregunto: \u00bfcreen en esta verdad? Me responder\u00e1n: \u00a1Creo! Los felicito por ello, porque si la creen firmemente, si siempre piensan en esta presencia divina, nunca caer\u00e1n en pecado. San Agust\u00edn nos lo afirma: \u201cNecesitamos vivir conforme a la justicia y la equidad, porque todo lo que hacemos est\u00e1 en presencia del Juez, que todo lo ve\u201d.<\/em><\/p>\n<p><em>En efecto, cristianos, imaginen a un ladr\u00f3n que ya est\u00e1 a punto de robar; \u00bfcreen que si de repente ve al juez, no abandonar\u00e1 inmediatamente su mala intenci\u00f3n y huir\u00e1? Imaginen a una esposa, a punto de olvidar sus deberes, y a quien su esposo se le aparece de repente; \u00bfcreen que esperar\u00e1 a que su esposo sea testigo de su deshonra? <\/em><\/p>\n<p><em>Ahora bien, si la humilde presencia de un hombre basta para despertar en el coraz\u00f3n el recuerdo del deber, \u00bfqu\u00e9 ser\u00e1 entonces la presencia de Dios, juez y vengador? Ser\u00eda apropiado invocar el testimonio de todos los santos. Todos podr\u00edan decir, con el salmista: \u201cSiempre tuve al Se\u00f1or delante de m\u00ed\u201d. <\/em><\/p>\n<p><em>Estos sentimientos de presencia divina, que nunca perdieron, ni siquiera en el sue\u00f1o, fueron el incentivo de su santidad. \u00bfDesean purificarse cada vez m\u00e1s, volverse m\u00e1s blancos que la nieve? Para que ninguna mancha, en el coraz\u00f3n ni en el alma, ofendiera a los &quot;ojos santos&quot; que los vieron, fue por esta raz\u00f3n, sobre todo, que los santos alcanzaron una perfecci\u00f3n tan grande, que maravilla al mundo.<\/em><\/p>\n<p><em>Por el contrario, los malvados llegaron a serlo porque olvidaron la presencia divina y, por lo tanto, despreciaron el freno m\u00e1s poderoso para las pasiones. El Profeta Rey nos asegura esta verdad: \u201cNo permaneci\u00f3 en la presencia de Dios; por lo tanto, sus caminos se contaminaron\u201d.<\/em><\/p>\n<p><em>As\u00ed, a Nuestra Se\u00f1ora se le atribuye una santidad muy particular, gracias a la presencia continua de Dios. Jes\u00fas, Dios-hombre, jugaba y trabajaba a su alrededor.\u201d<\/em><\/p>\n<p>&nbsp;<\/p>\n<p>Texto tomado del Bolet\u00edn de la Parroquia de los Sagrados Corazones. Publicaciones del 21 y 28 de julio de 1946.<\/p>","protected":false},"excerpt":{"rendered":"<p>Um serm\u00e3o de Padre Eust\u00e1quio, datado de 1934, quando ele ainda estava em \u00c1gua Suja (atual cidade de Romaria\/MG) no Tri\u00e2ngulo Mineiro, traz uma bela reflex\u00e3o sobre a import\u00e2ncia de estarmos sempre na presen\u00e7a de Deus. O texto foi encontrado em um dos boletins da Matriz dos Sagrados Cora\u00e7\u00f5es, em Belo Horizonte (1945\/1946). Em tempos dif\u00edceis como o que vivemos hoje, o texto traz um alento para o cora\u00e7\u00e3o e para a alma. A seguir, acompanhe um trecho retirado dessa homilia. &#8220;No meio de v\u00f3s esteve quem v\u00f3s n\u00e3o conheceis. Se eu vos perguntar, qual \u00e9 de todos os animais, [&hellip;]<\/p>\n","protected":false},"author":2,"featured_media":5595,"comment_status":"open","ping_status":"closed","sticky":false,"template":"","format":"standard","meta":{"_acf_changed":false,"footnotes":""},"categories":[611],"tags":[],"class_list":["post-5593","post","type-post","status-publish","format-standard","has-post-thumbnail","hentry","category-noticias"],"acf":[],"yoast_head":"<!-- This site is optimized with the Yoast SEO plugin v27.2 - https:\/\/yoast.com\/product\/yoast-seo-wordpress\/ -->\n<title>Serm\u00e3o de Padre Eust\u00e1quio feito em 1934 fala sobre &quot;estar na presen\u00e7a de Deus&quot; - Padre Eust\u00e1quio<\/title>\n<meta name=\"robots\" content=\"index, follow, max-snippet:-1, max-image-preview:large, max-video-preview:-1\" \/>\n<link rel=\"canonical\" href=\"https:\/\/www.padreeustaquio.com.br\/es\/el-sermon-del-padre-eustaquio-pronunciado-en-1934-habla-de-estar-en-la-presencia-de-dios\/\" \/>\n<meta property=\"og:locale\" content=\"es_ES\" \/>\n<meta property=\"og:type\" content=\"article\" \/>\n<meta property=\"og:title\" content=\"Serm\u00e3o de Padre Eust\u00e1quio feito em 1934 fala sobre &quot;estar na presen\u00e7a de Deus&quot; - Padre Eust\u00e1quio\" \/>\n<meta property=\"og:description\" content=\"Um serm\u00e3o de Padre Eust\u00e1quio, datado de 1934, quando ele ainda estava em \u00c1gua Suja (atual cidade de Romaria\/MG) no Tri\u00e2ngulo Mineiro, traz uma bela reflex\u00e3o sobre a import\u00e2ncia de estarmos sempre na presen\u00e7a de Deus. O texto foi encontrado em um dos boletins da Matriz dos Sagrados Cora\u00e7\u00f5es, em Belo Horizonte (1945\/1946). Em tempos dif\u00edceis como o que vivemos hoje, o texto traz um alento para o cora\u00e7\u00e3o e para a alma. A seguir, acompanhe um trecho retirado dessa homilia. &#8220;No meio de v\u00f3s esteve quem v\u00f3s n\u00e3o conheceis. Se eu vos perguntar, qual \u00e9 de todos os animais, [&hellip;]\" \/>\n<meta property=\"og:url\" content=\"https:\/\/www.padreeustaquio.com.br\/es\/el-sermon-del-padre-eustaquio-pronunciado-en-1934-habla-de-estar-en-la-presencia-de-dios\/\" \/>\n<meta property=\"og:site_name\" content=\"Padre Eust\u00e1quio\" \/>\n<meta property=\"article:publisher\" content=\"https:\/\/www.facebook.com\/beatopadreeustaquio\/\" \/>\n<meta property=\"article:published_time\" content=\"2021-04-22T09:45:32+00:00\" \/>\n<meta property=\"og:image\" content=\"https:\/\/www.padreeustaquio.com.br\/wp-content\/uploads\/2021\/04\/Pe-em-Romaria-Reflexao.jpg\" \/>\n\t<meta property=\"og:image:width\" content=\"748\" \/>\n\t<meta property=\"og:image:height\" content=\"394\" \/>\n\t<meta property=\"og:image:type\" content=\"image\/jpeg\" \/>\n<meta name=\"author\" content=\"@sscc\" \/>\n<meta name=\"twitter:card\" content=\"summary_large_image\" \/>\n<meta name=\"twitter:creator\" content=\"@beatopeustaquio\" \/>\n<meta name=\"twitter:site\" content=\"@beatopeustaquio\" \/>\n<meta name=\"twitter:label1\" content=\"Escrito por\" \/>\n\t<meta name=\"twitter:data1\" content=\"@sscc\" \/>\n\t<meta name=\"twitter:label2\" content=\"Tiempo de lectura\" \/>\n\t<meta name=\"twitter:data2\" content=\"5 minutos\" \/>\n<script type=\"application\/ld+json\" class=\"yoast-schema-graph\">{\"@context\":\"https:\/\/schema.org\",\"@graph\":[{\"@type\":\"Article\",\"@id\":\"https:\/\/www.padreeustaquio.com.br\/sermao-de-padre-eustaquio-feito-em-1934-fala-sobre-estar-na-presenca-de-deus\/#article\",\"isPartOf\":{\"@id\":\"https:\/\/www.padreeustaquio.com.br\/sermao-de-padre-eustaquio-feito-em-1934-fala-sobre-estar-na-presenca-de-deus\/\"},\"author\":{\"name\":\"@sscc\",\"@id\":\"https:\/\/www.padreeustaquio.com.br\/#\/schema\/person\/a2a51db1d00f1a7af0204a0f1ddb1566\"},\"headline\":\"Serm\u00e3o de Padre Eust\u00e1quio feito em 1934 fala sobre &#8220;estar na presen\u00e7a de Deus&#8221;\",\"datePublished\":\"2021-04-22T09:45:32+00:00\",\"mainEntityOfPage\":{\"@id\":\"https:\/\/www.padreeustaquio.com.br\/sermao-de-padre-eustaquio-feito-em-1934-fala-sobre-estar-na-presenca-de-deus\/\"},\"wordCount\":940,\"commentCount\":0,\"publisher\":{\"@id\":\"https:\/\/www.padreeustaquio.com.br\/#organization\"},\"image\":{\"@id\":\"https:\/\/www.padreeustaquio.com.br\/sermao-de-padre-eustaquio-feito-em-1934-fala-sobre-estar-na-presenca-de-deus\/#primaryimage\"},\"thumbnailUrl\":\"https:\/\/www.padreeustaquio.com.br\/wp-content\/uploads\/2021\/04\/Pe-em-Romaria-Reflexao.jpg\",\"articleSection\":[\"Not\u00edcias\"],\"inLanguage\":\"es\",\"potentialAction\":[{\"@type\":\"CommentAction\",\"name\":\"Comment\",\"target\":[\"https:\/\/www.padreeustaquio.com.br\/sermao-de-padre-eustaquio-feito-em-1934-fala-sobre-estar-na-presenca-de-deus\/#respond\"]}]},{\"@type\":\"WebPage\",\"@id\":\"https:\/\/www.padreeustaquio.com.br\/sermao-de-padre-eustaquio-feito-em-1934-fala-sobre-estar-na-presenca-de-deus\/\",\"url\":\"https:\/\/www.padreeustaquio.com.br\/sermao-de-padre-eustaquio-feito-em-1934-fala-sobre-estar-na-presenca-de-deus\/\",\"name\":\"Serm\u00e3o de Padre Eust\u00e1quio feito em 1934 fala sobre \\\"estar na presen\u00e7a de Deus\\\" - Padre Eust\u00e1quio\",\"isPartOf\":{\"@id\":\"https:\/\/www.padreeustaquio.com.br\/#website\"},\"primaryImageOfPage\":{\"@id\":\"https:\/\/www.padreeustaquio.com.br\/sermao-de-padre-eustaquio-feito-em-1934-fala-sobre-estar-na-presenca-de-deus\/#primaryimage\"},\"image\":{\"@id\":\"https:\/\/www.padreeustaquio.com.br\/sermao-de-padre-eustaquio-feito-em-1934-fala-sobre-estar-na-presenca-de-deus\/#primaryimage\"},\"thumbnailUrl\":\"https:\/\/www.padreeustaquio.com.br\/wp-content\/uploads\/2021\/04\/Pe-em-Romaria-Reflexao.jpg\",\"datePublished\":\"2021-04-22T09:45:32+00:00\",\"breadcrumb\":{\"@id\":\"https:\/\/www.padreeustaquio.com.br\/sermao-de-padre-eustaquio-feito-em-1934-fala-sobre-estar-na-presenca-de-deus\/#breadcrumb\"},\"inLanguage\":\"es\",\"potentialAction\":[{\"@type\":\"ReadAction\",\"target\":[\"https:\/\/www.padreeustaquio.com.br\/sermao-de-padre-eustaquio-feito-em-1934-fala-sobre-estar-na-presenca-de-deus\/\"]}]},{\"@type\":\"ImageObject\",\"inLanguage\":\"es\",\"@id\":\"https:\/\/www.padreeustaquio.com.br\/sermao-de-padre-eustaquio-feito-em-1934-fala-sobre-estar-na-presenca-de-deus\/#primaryimage\",\"url\":\"https:\/\/www.padreeustaquio.com.br\/wp-content\/uploads\/2021\/04\/Pe-em-Romaria-Reflexao.jpg\",\"contentUrl\":\"https:\/\/www.padreeustaquio.com.br\/wp-content\/uploads\/2021\/04\/Pe-em-Romaria-Reflexao.jpg\",\"width\":748,\"height\":394,\"caption\":\"Padre Eust\u00e1quio viveu em \u00c1gua Suja (Romaria) de 1925 a 1935.\"},{\"@type\":\"BreadcrumbList\",\"@id\":\"https:\/\/www.padreeustaquio.com.br\/sermao-de-padre-eustaquio-feito-em-1934-fala-sobre-estar-na-presenca-de-deus\/#breadcrumb\",\"itemListElement\":[{\"@type\":\"ListItem\",\"position\":1,\"name\":\"In\u00edcio\",\"item\":\"https:\/\/www.padreeustaquio.com.br\/\"},{\"@type\":\"ListItem\",\"position\":2,\"name\":\"Serm\u00e3o de Padre Eust\u00e1quio feito em 1934 fala sobre &#8220;estar na presen\u00e7a de Deus&#8221;\"}]},{\"@type\":\"WebSite\",\"@id\":\"https:\/\/www.padreeustaquio.com.br\/#website\",\"url\":\"https:\/\/www.padreeustaquio.com.br\/\",\"name\":\"Padre Eust\u00e1quio\",\"description\":\"Sa\u00fade e Paz\",\"publisher\":{\"@id\":\"https:\/\/www.padreeustaquio.com.br\/#organization\"},\"potentialAction\":[{\"@type\":\"SearchAction\",\"target\":{\"@type\":\"EntryPoint\",\"urlTemplate\":\"https:\/\/www.padreeustaquio.com.br\/?s={search_term_string}\"},\"query-input\":{\"@type\":\"PropertyValueSpecification\",\"valueRequired\":true,\"valueName\":\"search_term_string\"}}],\"inLanguage\":\"es\"},{\"@type\":\"Organization\",\"@id\":\"https:\/\/www.padreeustaquio.com.br\/#organization\",\"name\":\"Padre Eust\u00e1quio\",\"url\":\"https:\/\/www.padreeustaquio.com.br\/\",\"logo\":{\"@type\":\"ImageObject\",\"inLanguage\":\"es\",\"@id\":\"https:\/\/www.padreeustaquio.com.br\/#\/schema\/logo\/image\/\",\"url\":\"https:\/\/www.padreeustaquio.com.br\/wp-content\/uploads\/2019\/08\/marca.png\",\"contentUrl\":\"https:\/\/www.padreeustaquio.com.br\/wp-content\/uploads\/2019\/08\/marca.png\",\"width\":350,\"height\":400,\"caption\":\"Padre Eust\u00e1quio\"},\"image\":{\"@id\":\"https:\/\/www.padreeustaquio.com.br\/#\/schema\/logo\/image\/\"},\"sameAs\":[\"https:\/\/www.facebook.com\/beatopadreeustaquio\/\",\"https:\/\/x.com\/beatopeustaquio\",\"https:\/\/www.instagram.com\/beatopadreeustaquio\/\",\"https:\/\/www.youtube.com\/channel\/UCRhw7vfabnajwLxb1ZXMeIw\"]},{\"@type\":\"Person\",\"@id\":\"https:\/\/www.padreeustaquio.com.br\/#\/schema\/person\/a2a51db1d00f1a7af0204a0f1ddb1566\",\"name\":\"@sscc\",\"image\":{\"@type\":\"ImageObject\",\"inLanguage\":\"es\",\"@id\":\"https:\/\/secure.gravatar.com\/avatar\/68cfafa5f44617fea54071e215026e0ff06be366c3d54a8425f04fdcb86f8c5f?s=96&d=mm&r=g\",\"url\":\"https:\/\/secure.gravatar.com\/avatar\/68cfafa5f44617fea54071e215026e0ff06be366c3d54a8425f04fdcb86f8c5f?s=96&d=mm&r=g\",\"contentUrl\":\"https:\/\/secure.gravatar.com\/avatar\/68cfafa5f44617fea54071e215026e0ff06be366c3d54a8425f04fdcb86f8c5f?s=96&d=mm&r=g\",\"caption\":\"@sscc\"},\"url\":\"https:\/\/www.padreeustaquio.com.br\/es\/author\/sscc\/\"}]}<\/script>\n<!-- \/ Yoast SEO plugin. -->","yoast_head_json":{"title":"El serm\u00f3n del Padre Eust\u00e1quio de 1934 habla de &quot;estar en la presencia de Dios&quot; - Padre Eust\u00e1quio","robots":{"index":"index","follow":"follow","max-snippet":"max-snippet:-1","max-image-preview":"max-image-preview:large","max-video-preview":"max-video-preview:-1"},"canonical":"https:\/\/www.padreeustaquio.com.br\/es\/el-sermon-del-padre-eustaquio-pronunciado-en-1934-habla-de-estar-en-la-presencia-de-dios\/","og_locale":"es_ES","og_type":"article","og_title":"Serm\u00e3o de Padre Eust\u00e1quio feito em 1934 fala sobre \"estar na presen\u00e7a de Deus\" - Padre Eust\u00e1quio","og_description":"Um serm\u00e3o de Padre Eust\u00e1quio, datado de 1934, quando ele ainda estava em \u00c1gua Suja (atual cidade de Romaria\/MG) no Tri\u00e2ngulo Mineiro, traz uma bela reflex\u00e3o sobre a import\u00e2ncia de estarmos sempre na presen\u00e7a de Deus. O texto foi encontrado em um dos boletins da Matriz dos Sagrados Cora\u00e7\u00f5es, em Belo Horizonte (1945\/1946). Em tempos dif\u00edceis como o que vivemos hoje, o texto traz um alento para o cora\u00e7\u00e3o e para a alma. A seguir, acompanhe um trecho retirado dessa homilia. &#8220;No meio de v\u00f3s esteve quem v\u00f3s n\u00e3o conheceis. Se eu vos perguntar, qual \u00e9 de todos os animais, [&hellip;]","og_url":"https:\/\/www.padreeustaquio.com.br\/es\/el-sermon-del-padre-eustaquio-pronunciado-en-1934-habla-de-estar-en-la-presencia-de-dios\/","og_site_name":"Padre Eust\u00e1quio","article_publisher":"https:\/\/www.facebook.com\/beatopadreeustaquio\/","article_published_time":"2021-04-22T09:45:32+00:00","og_image":[{"width":748,"height":394,"url":"https:\/\/www.padreeustaquio.com.br\/wp-content\/uploads\/2021\/04\/Pe-em-Romaria-Reflexao.jpg","type":"image\/jpeg"}],"author":"@sscc","twitter_card":"summary_large_image","twitter_creator":"@beatopeustaquio","twitter_site":"@beatopeustaquio","twitter_misc":{"Escrito por":"@sscc","Tiempo de lectura":"5 minutos"},"schema":{"@context":"https:\/\/schema.org","@graph":[{"@type":"Article","@id":"https:\/\/www.padreeustaquio.com.br\/sermao-de-padre-eustaquio-feito-em-1934-fala-sobre-estar-na-presenca-de-deus\/#article","isPartOf":{"@id":"https:\/\/www.padreeustaquio.com.br\/sermao-de-padre-eustaquio-feito-em-1934-fala-sobre-estar-na-presenca-de-deus\/"},"author":{"name":"@sscc","@id":"https:\/\/www.padreeustaquio.com.br\/#\/schema\/person\/a2a51db1d00f1a7af0204a0f1ddb1566"},"headline":"Serm\u00e3o de Padre Eust\u00e1quio feito em 1934 fala sobre &#8220;estar na presen\u00e7a de Deus&#8221;","datePublished":"2021-04-22T09:45:32+00:00","mainEntityOfPage":{"@id":"https:\/\/www.padreeustaquio.com.br\/sermao-de-padre-eustaquio-feito-em-1934-fala-sobre-estar-na-presenca-de-deus\/"},"wordCount":940,"commentCount":0,"publisher":{"@id":"https:\/\/www.padreeustaquio.com.br\/#organization"},"image":{"@id":"https:\/\/www.padreeustaquio.com.br\/sermao-de-padre-eustaquio-feito-em-1934-fala-sobre-estar-na-presenca-de-deus\/#primaryimage"},"thumbnailUrl":"https:\/\/www.padreeustaquio.com.br\/wp-content\/uploads\/2021\/04\/Pe-em-Romaria-Reflexao.jpg","articleSection":["Not\u00edcias"],"inLanguage":"es","potentialAction":[{"@type":"CommentAction","name":"Comment","target":["https:\/\/www.padreeustaquio.com.br\/sermao-de-padre-eustaquio-feito-em-1934-fala-sobre-estar-na-presenca-de-deus\/#respond"]}]},{"@type":"WebPage","@id":"https:\/\/www.padreeustaquio.com.br\/sermao-de-padre-eustaquio-feito-em-1934-fala-sobre-estar-na-presenca-de-deus\/","url":"https:\/\/www.padreeustaquio.com.br\/sermao-de-padre-eustaquio-feito-em-1934-fala-sobre-estar-na-presenca-de-deus\/","name":"El serm\u00f3n del Padre Eust\u00e1quio de 1934 habla de &quot;estar en la presencia de Dios&quot; - Padre Eust\u00e1quio","isPartOf":{"@id":"https:\/\/www.padreeustaquio.com.br\/#website"},"primaryImageOfPage":{"@id":"https:\/\/www.padreeustaquio.com.br\/sermao-de-padre-eustaquio-feito-em-1934-fala-sobre-estar-na-presenca-de-deus\/#primaryimage"},"image":{"@id":"https:\/\/www.padreeustaquio.com.br\/sermao-de-padre-eustaquio-feito-em-1934-fala-sobre-estar-na-presenca-de-deus\/#primaryimage"},"thumbnailUrl":"https:\/\/www.padreeustaquio.com.br\/wp-content\/uploads\/2021\/04\/Pe-em-Romaria-Reflexao.jpg","datePublished":"2021-04-22T09:45:32+00:00","breadcrumb":{"@id":"https:\/\/www.padreeustaquio.com.br\/sermao-de-padre-eustaquio-feito-em-1934-fala-sobre-estar-na-presenca-de-deus\/#breadcrumb"},"inLanguage":"es","potentialAction":[{"@type":"ReadAction","target":["https:\/\/www.padreeustaquio.com.br\/sermao-de-padre-eustaquio-feito-em-1934-fala-sobre-estar-na-presenca-de-deus\/"]}]},{"@type":"ImageObject","inLanguage":"es","@id":"https:\/\/www.padreeustaquio.com.br\/sermao-de-padre-eustaquio-feito-em-1934-fala-sobre-estar-na-presenca-de-deus\/#primaryimage","url":"https:\/\/www.padreeustaquio.com.br\/wp-content\/uploads\/2021\/04\/Pe-em-Romaria-Reflexao.jpg","contentUrl":"https:\/\/www.padreeustaquio.com.br\/wp-content\/uploads\/2021\/04\/Pe-em-Romaria-Reflexao.jpg","width":748,"height":394,"caption":"Padre Eust\u00e1quio viveu em \u00c1gua Suja (Romaria) de 1925 a 1935."},{"@type":"BreadcrumbList","@id":"https:\/\/www.padreeustaquio.com.br\/sermao-de-padre-eustaquio-feito-em-1934-fala-sobre-estar-na-presenca-de-deus\/#breadcrumb","itemListElement":[{"@type":"ListItem","position":1,"name":"In\u00edcio","item":"https:\/\/www.padreeustaquio.com.br\/"},{"@type":"ListItem","position":2,"name":"Serm\u00e3o de Padre Eust\u00e1quio feito em 1934 fala sobre &#8220;estar na presen\u00e7a de Deus&#8221;"}]},{"@type":"WebSite","@id":"https:\/\/www.padreeustaquio.com.br\/#website","url":"https:\/\/www.padreeustaquio.com.br\/","name":"Padre Eustace","description":"Salud y Paz","publisher":{"@id":"https:\/\/www.padreeustaquio.com.br\/#organization"},"potentialAction":[{"@type":"SearchAction","target":{"@type":"EntryPoint","urlTemplate":"https:\/\/www.padreeustaquio.com.br\/?s={search_term_string}"},"query-input":{"@type":"PropertyValueSpecification","valueRequired":true,"valueName":"search_term_string"}}],"inLanguage":"es"},{"@type":"Organization","@id":"https:\/\/www.padreeustaquio.com.br\/#organization","name":"Padre Eustace","url":"https:\/\/www.padreeustaquio.com.br\/","logo":{"@type":"ImageObject","inLanguage":"es","@id":"https:\/\/www.padreeustaquio.com.br\/#\/schema\/logo\/image\/","url":"https:\/\/www.padreeustaquio.com.br\/wp-content\/uploads\/2019\/08\/marca.png","contentUrl":"https:\/\/www.padreeustaquio.com.br\/wp-content\/uploads\/2019\/08\/marca.png","width":350,"height":400,"caption":"Padre Eust\u00e1quio"},"image":{"@id":"https:\/\/www.padreeustaquio.com.br\/#\/schema\/logo\/image\/"},"sameAs":["https:\/\/www.facebook.com\/beatopadreeustaquio\/","https:\/\/x.com\/beatopeustaquio","https:\/\/www.instagram.com\/beatopadreeustaquio\/","https:\/\/www.youtube.com\/channel\/UCRhw7vfabnajwLxb1ZXMeIw"]},{"@type":"Person","@id":"https:\/\/www.padreeustaquio.com.br\/#\/schema\/person\/a2a51db1d00f1a7af0204a0f1ddb1566","name":"@sscc","image":{"@type":"ImageObject","inLanguage":"es","@id":"https:\/\/secure.gravatar.com\/avatar\/68cfafa5f44617fea54071e215026e0ff06be366c3d54a8425f04fdcb86f8c5f?s=96&d=mm&r=g","url":"https:\/\/secure.gravatar.com\/avatar\/68cfafa5f44617fea54071e215026e0ff06be366c3d54a8425f04fdcb86f8c5f?s=96&d=mm&r=g","contentUrl":"https:\/\/secure.gravatar.com\/avatar\/68cfafa5f44617fea54071e215026e0ff06be366c3d54a8425f04fdcb86f8c5f?s=96&d=mm&r=g","caption":"@sscc"},"url":"https:\/\/www.padreeustaquio.com.br\/es\/author\/sscc\/"}]}},"_links":{"self":[{"href":"https:\/\/www.padreeustaquio.com.br\/es\/wp-json\/wp\/v2\/posts\/5593","targetHints":{"allow":["GET"]}}],"collection":[{"href":"https:\/\/www.padreeustaquio.com.br\/es\/wp-json\/wp\/v2\/posts"}],"about":[{"href":"https:\/\/www.padreeustaquio.com.br\/es\/wp-json\/wp\/v2\/types\/post"}],"author":[{"embeddable":true,"href":"https:\/\/www.padreeustaquio.com.br\/es\/wp-json\/wp\/v2\/users\/2"}],"replies":[{"embeddable":true,"href":"https:\/\/www.padreeustaquio.com.br\/es\/wp-json\/wp\/v2\/comments?post=5593"}],"version-history":[{"count":0,"href":"https:\/\/www.padreeustaquio.com.br\/es\/wp-json\/wp\/v2\/posts\/5593\/revisions"}],"wp:featuredmedia":[{"embeddable":true,"href":"https:\/\/www.padreeustaquio.com.br\/es\/wp-json\/wp\/v2\/media\/5595"}],"wp:attachment":[{"href":"https:\/\/www.padreeustaquio.com.br\/es\/wp-json\/wp\/v2\/media?parent=5593"}],"wp:term":[{"taxonomy":"category","embeddable":true,"href":"https:\/\/www.padreeustaquio.com.br\/es\/wp-json\/wp\/v2\/categories?post=5593"},{"taxonomy":"post_tag","embeddable":true,"href":"https:\/\/www.padreeustaquio.com.br\/es\/wp-json\/wp\/v2\/tags?post=5593"}],"curies":[{"name":"wp","href":"https:\/\/api.w.org\/{rel}","templated":true}]}}