{"id":5535,"date":"2021-04-15T06:55:01","date_gmt":"2021-04-15T09:55:01","guid":{"rendered":"https:\/\/www.padreeustaquio.com.br\/?p=5535"},"modified":"2021-04-12T11:34:17","modified_gmt":"2021-04-12T14:34:17","slug":"el-texto-del-padre-eustaquio-nos-invita-a-vivir-el-tiempo-pascual","status":"publish","type":"post","link":"https:\/\/www.padreeustaquio.com.br\/es\/el-texto-del-padre-eustaquio-nos-invita-a-vivir-el-tiempo-pascual\/","title":{"rendered":"El texto del Padre Eustaquio nos invita a vivir el Tiempo Pascual."},"content":{"rendered":"<p>Actualmente vivimos el tiempo pascual, un per\u00edodo lit\u00fargico que abarca 50 d\u00edas desde el Domingo de Pascua hasta Pentecost\u00e9s. Este tiempo nos invita a seguir reflexionando sobre la resurrecci\u00f3n de Jes\u00fas y lo que representa en nuestras vidas.<\/p>\n<p>La Vicepostulaci\u00f3n de la Causa de Canonizaci\u00f3n del Beato Padre Eust\u00e1quio encontr\u00f3 en los archivos del Santuario de la Salud y la Paz una homil\u00eda del Beato Padre que habla sobre la resurrecci\u00f3n de Jes\u00fas. Lea un extracto a continuaci\u00f3n:<\/p>\n<p><strong>La Resurrecci\u00f3n<\/strong><\/p>\n<p><em>\u201cJusto ayer, envuelta en el oscuro manto del luto, de la consternaci\u00f3n del dolor, la Santa Iglesia llor\u00f3 amargamente la muerte del autor de la vida. Con toda la pompa f\u00fanebre de sus incomparables ceremonias de duelo, conmemor\u00f3 el acontecimiento m\u00e1s tr\u00e1gico jam\u00e1s registrado en el mundo.<\/em><\/p>\n<p><em>Hoy, sin embargo, vestida con los m\u00e1s festivos galas, sus altares adornados con el m\u00e1s brillante esplendor, la Santa Iglesia anuncia la alegr\u00eda y la satisfacci\u00f3n de todo el universo, al ver al Autor de la naturaleza regresar de la tierra, quien, rompiendo los grilletes de la muerte, glorioso y triunfante para siempre, se levant\u00f3 de su tumba funeraria, como hab\u00eda dicho.<\/em><\/p>\n<p><strong><em>Surrexit non est hic\u00b9<\/em><\/strong><\/p>\n<p><em>\u00a1Qu\u00e9 hermoso, qu\u00e9 sublime es el cumplimiento de los sabios designios de la sabidur\u00eda increada! Toda la gloria, toda la grandeza y majestad de los potentados de la tierra, y los pobres hombres parecen ignorarla, queda sepultada con ellos en su tumba, prontamente olvidada, mientras que es en la tumba, por as\u00ed decirlo, donde comienzan la gloria, la grandeza y la majestad del Rey del Cielo.<\/em><\/p>\n<p><em>La gloriosa Resurrecci\u00f3n de Jesucristo es la prueba clara, el testimonio aut\u00e9ntico de su divinidad.<\/em><\/p>\n<p><em>En su Pasi\u00f3n, Jes\u00fas perdi\u00f3 completamente los cuatro bienes que el hombre puede poseer en la tierra: perdi\u00f3 sus vestidos, hasta la desnudez m\u00e1s completa; perdi\u00f3 su reputaci\u00f3n y fue sometido al m\u00e1s abominable desprecio; perdi\u00f3 su floreciente salud por toda clase de maltratos; y, finalmente, perdi\u00f3 su vida m\u00e1s preciosa, por la muerte m\u00e1s atroz imaginable.<\/em><\/p>\n<p><em>Ahora, sin embargo, al salir vivo del sepulcro, recibe con abundancia todo lo que hab\u00eda perdido. \u00a1Empobrecido, he aqu\u00ed que es sumamente rico y Se\u00f1or de toda la tierra! Aquel que se llam\u00f3 gusano, oprobio de los hombres, he aqu\u00ed que est\u00e1 coronado de gloria, sentado a la diestra del Padre. Aquel que, poco antes, era var\u00f3n de dolores y experimentado en quebranto, he aqu\u00ed que est\u00e1 dotado de nuevas fuerzas y de vida inmortal e impasible. <\/em><em>Finalmente, Aquel que hab\u00eda sido muerto de la manera m\u00e1s cruel y despreciable, he aqu\u00ed que resucita por su propio poder, dotado de sutileza, agilidad y claridad, hecho primicia de todos los que duermen en la esperanza de resucitar tambi\u00e9n un d\u00eda a imitaci\u00f3n del Redentor.<\/em><\/p>\n<p><em><strong>Christus resurrexit a mortuis primitiae dormientibus\u00b2<\/strong><\/em><\/p>\n<p><em>Alegr\u00e9monos en Jesucristo, pero tambi\u00e9n alegr\u00e9monos en nosotros mismos, pues su Resurrecci\u00f3n es prenda y modelo de la nuestra. S\u00ed, llegar\u00e1 la hora en que resucitaremos como Nuestro Se\u00f1or Jesucristo, y ning\u00fan cat\u00f3lico se atreve a dudarlo.<\/em><\/p>\n<p><em>Esto consol\u00f3 al santo Job en su momento de prueba. \u201cLo s\u00e9\u201d, dijo, y digamos lo mismo en medio de las cruces y tribulaciones de esta vida presente: \u00abS\u00e9 que mi Redentor vive y que, en el \u00faltimo d\u00eda, me levantar\u00e9 de la tierra, me revestir\u00e9 de mi piel y en mi propia carne ver\u00e9 a mi Dios\u00bb. Esta esperanza habita en mi coraz\u00f3n.<\/em><\/p>\n<p><em>En efecto, hermanos y hermanas, nuestro destino no es la tierra ni el sepulcro, porque nuestro destino, por mucho que la pobre humanidad yerre y albergue pensamientos vanos e ideas ilusorias, es la vida eterna, pero la vida con Cristo y con Cristo resucitado. <\/em><em>\u00a1Aleluya!\u201d<br \/>\n<\/em><\/p>\n<p><em><br \/>\n\u00b9Surrexit non est hic (sic) \u2013 traducci\u00f3n libre del lat\u00edn: \u201cHa resucitado, no est\u00e1 aqu\u00ed\u201d<br \/>\n\u00b2Christus resurrexit a mortuis primitiae dormientibus (sic) \u2013 traducci\u00f3n libre del lat\u00edn: \u201dCristo resucit\u00f3 de entre los muertos\u201d<br \/>\n<\/em><\/p>\n<p>&nbsp;<\/p>\n<p>Texto tomado del &quot;Bolet\u00edn de la Parroquia Sagrados Corazones&quot;, publicado el 18 de enero de 1948.<\/p>","protected":false},"excerpt":{"rendered":"<p>Estamos vivendo o Tempo Pascal, per\u00edodo lit\u00fargico que abrange 50 dias ap\u00f3s o Domingo de P\u00e1scoa, at\u00e9 o dia de Pentecostes. Este momento nos convida a continuar refletindo sobre a ressurrei\u00e7\u00e3o de Jesus e o que ela representa em nossas vidas. A Vice-postula\u00e7\u00e3o da Causa de Canoniza\u00e7\u00e3o do Beato Padre Eust\u00e1quio encontrou em arquivos do Santu\u00e1rio Sa\u00fade e Paz, uma homilia do Bem-aventurado que fala sobre a ressurrei\u00e7\u00e3o de Jesus. Leia um trecho a seguir: A Ressurrei\u00e7\u00e3o &#8220;Ainda ontem, envolta no negro manto do luto, da consterna\u00e7\u00e3o da dor, a Santa Igreja amargamente chorava a morte do autor da vida. [&hellip;]<\/p>\n","protected":false},"author":2,"featured_media":5536,"comment_status":"open","ping_status":"closed","sticky":false,"template":"","format":"standard","meta":{"_acf_changed":false,"footnotes":""},"categories":[611],"tags":[],"class_list":["post-5535","post","type-post","status-publish","format-standard","has-post-thumbnail","hentry","category-noticias"],"acf":[],"yoast_head":"<!-- This site is optimized with the Yoast SEO plugin v27.2 - https:\/\/yoast.com\/product\/yoast-seo-wordpress\/ -->\n<title>Texto de Padre Eust\u00e1quio nos convida a viver o Tempo Pascal - Padre Eust\u00e1quio<\/title>\n<meta name=\"robots\" content=\"index, follow, max-snippet:-1, max-image-preview:large, max-video-preview:-1\" \/>\n<link rel=\"canonical\" href=\"https:\/\/www.padreeustaquio.com.br\/es\/el-texto-del-padre-eustaquio-nos-invita-a-vivir-el-tiempo-pascual\/\" \/>\n<meta property=\"og:locale\" content=\"es_ES\" \/>\n<meta property=\"og:type\" content=\"article\" \/>\n<meta property=\"og:title\" content=\"Texto de Padre Eust\u00e1quio nos convida a viver o Tempo Pascal - Padre Eust\u00e1quio\" \/>\n<meta property=\"og:description\" content=\"Estamos vivendo o Tempo Pascal, per\u00edodo lit\u00fargico que abrange 50 dias ap\u00f3s o Domingo de P\u00e1scoa, at\u00e9 o dia de Pentecostes. Este momento nos convida a continuar refletindo sobre a ressurrei\u00e7\u00e3o de Jesus e o que ela representa em nossas vidas. A Vice-postula\u00e7\u00e3o da Causa de Canoniza\u00e7\u00e3o do Beato Padre Eust\u00e1quio encontrou em arquivos do Santu\u00e1rio Sa\u00fade e Paz, uma homilia do Bem-aventurado que fala sobre a ressurrei\u00e7\u00e3o de Jesus. Leia um trecho a seguir: A Ressurrei\u00e7\u00e3o &#8220;Ainda ontem, envolta no negro manto do luto, da consterna\u00e7\u00e3o da dor, a Santa Igreja amargamente chorava a morte do autor da vida. [&hellip;]\" \/>\n<meta property=\"og:url\" content=\"https:\/\/www.padreeustaquio.com.br\/es\/el-texto-del-padre-eustaquio-nos-invita-a-vivir-el-tiempo-pascual\/\" \/>\n<meta property=\"og:site_name\" content=\"Padre Eust\u00e1quio\" \/>\n<meta property=\"article:publisher\" content=\"https:\/\/www.facebook.com\/beatopadreeustaquio\/\" \/>\n<meta property=\"article:published_time\" content=\"2021-04-15T09:55:01+00:00\" \/>\n<meta property=\"og:image\" content=\"https:\/\/www.padreeustaquio.com.br\/wp-content\/uploads\/2021\/04\/PE-e-a-Ressurreicao.jpg\" \/>\n\t<meta property=\"og:image:width\" content=\"748\" \/>\n\t<meta property=\"og:image:height\" content=\"394\" \/>\n\t<meta property=\"og:image:type\" content=\"image\/jpeg\" \/>\n<meta name=\"author\" content=\"@sscc\" \/>\n<meta name=\"twitter:card\" content=\"summary_large_image\" \/>\n<meta name=\"twitter:creator\" content=\"@beatopeustaquio\" \/>\n<meta name=\"twitter:site\" content=\"@beatopeustaquio\" \/>\n<meta name=\"twitter:label1\" content=\"Escrito por\" \/>\n\t<meta name=\"twitter:data1\" content=\"@sscc\" \/>\n\t<meta name=\"twitter:label2\" content=\"Tiempo de lectura\" \/>\n\t<meta name=\"twitter:data2\" content=\"3 minutos\" \/>\n<script type=\"application\/ld+json\" class=\"yoast-schema-graph\">{\"@context\":\"https:\/\/schema.org\",\"@graph\":[{\"@type\":\"Article\",\"@id\":\"https:\/\/www.padreeustaquio.com.br\/texto-de-padre-eustaquio-nos-convida-a-viver-o-tempo-pascal\/#article\",\"isPartOf\":{\"@id\":\"https:\/\/www.padreeustaquio.com.br\/texto-de-padre-eustaquio-nos-convida-a-viver-o-tempo-pascal\/\"},\"author\":{\"name\":\"@sscc\",\"@id\":\"https:\/\/www.padreeustaquio.com.br\/#\/schema\/person\/a2a51db1d00f1a7af0204a0f1ddb1566\"},\"headline\":\"Texto de Padre Eust\u00e1quio nos convida a viver o Tempo Pascal\",\"datePublished\":\"2021-04-15T09:55:01+00:00\",\"mainEntityOfPage\":{\"@id\":\"https:\/\/www.padreeustaquio.com.br\/texto-de-padre-eustaquio-nos-convida-a-viver-o-tempo-pascal\/\"},\"wordCount\":701,\"commentCount\":0,\"publisher\":{\"@id\":\"https:\/\/www.padreeustaquio.com.br\/#organization\"},\"image\":{\"@id\":\"https:\/\/www.padreeustaquio.com.br\/texto-de-padre-eustaquio-nos-convida-a-viver-o-tempo-pascal\/#primaryimage\"},\"thumbnailUrl\":\"https:\/\/www.padreeustaquio.com.br\/wp-content\/uploads\/2021\/04\/PE-e-a-Ressurreicao.jpg\",\"articleSection\":[\"Not\u00edcias\"],\"inLanguage\":\"es\",\"potentialAction\":[{\"@type\":\"CommentAction\",\"name\":\"Comment\",\"target\":[\"https:\/\/www.padreeustaquio.com.br\/texto-de-padre-eustaquio-nos-convida-a-viver-o-tempo-pascal\/#respond\"]}]},{\"@type\":\"WebPage\",\"@id\":\"https:\/\/www.padreeustaquio.com.br\/texto-de-padre-eustaquio-nos-convida-a-viver-o-tempo-pascal\/\",\"url\":\"https:\/\/www.padreeustaquio.com.br\/texto-de-padre-eustaquio-nos-convida-a-viver-o-tempo-pascal\/\",\"name\":\"Texto de Padre Eust\u00e1quio nos convida a viver o Tempo Pascal - Padre Eust\u00e1quio\",\"isPartOf\":{\"@id\":\"https:\/\/www.padreeustaquio.com.br\/#website\"},\"primaryImageOfPage\":{\"@id\":\"https:\/\/www.padreeustaquio.com.br\/texto-de-padre-eustaquio-nos-convida-a-viver-o-tempo-pascal\/#primaryimage\"},\"image\":{\"@id\":\"https:\/\/www.padreeustaquio.com.br\/texto-de-padre-eustaquio-nos-convida-a-viver-o-tempo-pascal\/#primaryimage\"},\"thumbnailUrl\":\"https:\/\/www.padreeustaquio.com.br\/wp-content\/uploads\/2021\/04\/PE-e-a-Ressurreicao.jpg\",\"datePublished\":\"2021-04-15T09:55:01+00:00\",\"breadcrumb\":{\"@id\":\"https:\/\/www.padreeustaquio.com.br\/texto-de-padre-eustaquio-nos-convida-a-viver-o-tempo-pascal\/#breadcrumb\"},\"inLanguage\":\"es\",\"potentialAction\":[{\"@type\":\"ReadAction\",\"target\":[\"https:\/\/www.padreeustaquio.com.br\/texto-de-padre-eustaquio-nos-convida-a-viver-o-tempo-pascal\/\"]}]},{\"@type\":\"ImageObject\",\"inLanguage\":\"es\",\"@id\":\"https:\/\/www.padreeustaquio.com.br\/texto-de-padre-eustaquio-nos-convida-a-viver-o-tempo-pascal\/#primaryimage\",\"url\":\"https:\/\/www.padreeustaquio.com.br\/wp-content\/uploads\/2021\/04\/PE-e-a-Ressurreicao.jpg\",\"contentUrl\":\"https:\/\/www.padreeustaquio.com.br\/wp-content\/uploads\/2021\/04\/PE-e-a-Ressurreicao.jpg\",\"width\":748,\"height\":394},{\"@type\":\"BreadcrumbList\",\"@id\":\"https:\/\/www.padreeustaquio.com.br\/texto-de-padre-eustaquio-nos-convida-a-viver-o-tempo-pascal\/#breadcrumb\",\"itemListElement\":[{\"@type\":\"ListItem\",\"position\":1,\"name\":\"In\u00edcio\",\"item\":\"https:\/\/www.padreeustaquio.com.br\/\"},{\"@type\":\"ListItem\",\"position\":2,\"name\":\"Texto de Padre Eust\u00e1quio nos convida a viver o Tempo Pascal\"}]},{\"@type\":\"WebSite\",\"@id\":\"https:\/\/www.padreeustaquio.com.br\/#website\",\"url\":\"https:\/\/www.padreeustaquio.com.br\/\",\"name\":\"Padre Eust\u00e1quio\",\"description\":\"Sa\u00fade e Paz\",\"publisher\":{\"@id\":\"https:\/\/www.padreeustaquio.com.br\/#organization\"},\"potentialAction\":[{\"@type\":\"SearchAction\",\"target\":{\"@type\":\"EntryPoint\",\"urlTemplate\":\"https:\/\/www.padreeustaquio.com.br\/?s={search_term_string}\"},\"query-input\":{\"@type\":\"PropertyValueSpecification\",\"valueRequired\":true,\"valueName\":\"search_term_string\"}}],\"inLanguage\":\"es\"},{\"@type\":\"Organization\",\"@id\":\"https:\/\/www.padreeustaquio.com.br\/#organization\",\"name\":\"Padre Eust\u00e1quio\",\"url\":\"https:\/\/www.padreeustaquio.com.br\/\",\"logo\":{\"@type\":\"ImageObject\",\"inLanguage\":\"es\",\"@id\":\"https:\/\/www.padreeustaquio.com.br\/#\/schema\/logo\/image\/\",\"url\":\"https:\/\/www.padreeustaquio.com.br\/wp-content\/uploads\/2019\/08\/marca.png\",\"contentUrl\":\"https:\/\/www.padreeustaquio.com.br\/wp-content\/uploads\/2019\/08\/marca.png\",\"width\":350,\"height\":400,\"caption\":\"Padre Eust\u00e1quio\"},\"image\":{\"@id\":\"https:\/\/www.padreeustaquio.com.br\/#\/schema\/logo\/image\/\"},\"sameAs\":[\"https:\/\/www.facebook.com\/beatopadreeustaquio\/\",\"https:\/\/x.com\/beatopeustaquio\",\"https:\/\/www.instagram.com\/beatopadreeustaquio\/\",\"https:\/\/www.youtube.com\/channel\/UCRhw7vfabnajwLxb1ZXMeIw\"]},{\"@type\":\"Person\",\"@id\":\"https:\/\/www.padreeustaquio.com.br\/#\/schema\/person\/a2a51db1d00f1a7af0204a0f1ddb1566\",\"name\":\"@sscc\",\"image\":{\"@type\":\"ImageObject\",\"inLanguage\":\"es\",\"@id\":\"https:\/\/secure.gravatar.com\/avatar\/68cfafa5f44617fea54071e215026e0ff06be366c3d54a8425f04fdcb86f8c5f?s=96&d=mm&r=g\",\"url\":\"https:\/\/secure.gravatar.com\/avatar\/68cfafa5f44617fea54071e215026e0ff06be366c3d54a8425f04fdcb86f8c5f?s=96&d=mm&r=g\",\"contentUrl\":\"https:\/\/secure.gravatar.com\/avatar\/68cfafa5f44617fea54071e215026e0ff06be366c3d54a8425f04fdcb86f8c5f?s=96&d=mm&r=g\",\"caption\":\"@sscc\"},\"url\":\"https:\/\/www.padreeustaquio.com.br\/es\/author\/sscc\/\"}]}<\/script>\n<!-- \/ Yoast SEO plugin. -->","yoast_head_json":{"title":"El texto del Padre Eustace nos invita a vivir el Tiempo Pascual - Padre Eustace","robots":{"index":"index","follow":"follow","max-snippet":"max-snippet:-1","max-image-preview":"max-image-preview:large","max-video-preview":"max-video-preview:-1"},"canonical":"https:\/\/www.padreeustaquio.com.br\/es\/el-texto-del-padre-eustaquio-nos-invita-a-vivir-el-tiempo-pascual\/","og_locale":"es_ES","og_type":"article","og_title":"Texto de Padre Eust\u00e1quio nos convida a viver o Tempo Pascal - Padre Eust\u00e1quio","og_description":"Estamos vivendo o Tempo Pascal, per\u00edodo lit\u00fargico que abrange 50 dias ap\u00f3s o Domingo de P\u00e1scoa, at\u00e9 o dia de Pentecostes. Este momento nos convida a continuar refletindo sobre a ressurrei\u00e7\u00e3o de Jesus e o que ela representa em nossas vidas. A Vice-postula\u00e7\u00e3o da Causa de Canoniza\u00e7\u00e3o do Beato Padre Eust\u00e1quio encontrou em arquivos do Santu\u00e1rio Sa\u00fade e Paz, uma homilia do Bem-aventurado que fala sobre a ressurrei\u00e7\u00e3o de Jesus. Leia um trecho a seguir: A Ressurrei\u00e7\u00e3o &#8220;Ainda ontem, envolta no negro manto do luto, da consterna\u00e7\u00e3o da dor, a Santa Igreja amargamente chorava a morte do autor da vida. [&hellip;]","og_url":"https:\/\/www.padreeustaquio.com.br\/es\/el-texto-del-padre-eustaquio-nos-invita-a-vivir-el-tiempo-pascual\/","og_site_name":"Padre Eust\u00e1quio","article_publisher":"https:\/\/www.facebook.com\/beatopadreeustaquio\/","article_published_time":"2021-04-15T09:55:01+00:00","og_image":[{"width":748,"height":394,"url":"https:\/\/www.padreeustaquio.com.br\/wp-content\/uploads\/2021\/04\/PE-e-a-Ressurreicao.jpg","type":"image\/jpeg"}],"author":"@sscc","twitter_card":"summary_large_image","twitter_creator":"@beatopeustaquio","twitter_site":"@beatopeustaquio","twitter_misc":{"Escrito por":"@sscc","Tiempo de lectura":"3 minutos"},"schema":{"@context":"https:\/\/schema.org","@graph":[{"@type":"Article","@id":"https:\/\/www.padreeustaquio.com.br\/texto-de-padre-eustaquio-nos-convida-a-viver-o-tempo-pascal\/#article","isPartOf":{"@id":"https:\/\/www.padreeustaquio.com.br\/texto-de-padre-eustaquio-nos-convida-a-viver-o-tempo-pascal\/"},"author":{"name":"@sscc","@id":"https:\/\/www.padreeustaquio.com.br\/#\/schema\/person\/a2a51db1d00f1a7af0204a0f1ddb1566"},"headline":"Texto de Padre Eust\u00e1quio nos convida a viver o Tempo Pascal","datePublished":"2021-04-15T09:55:01+00:00","mainEntityOfPage":{"@id":"https:\/\/www.padreeustaquio.com.br\/texto-de-padre-eustaquio-nos-convida-a-viver-o-tempo-pascal\/"},"wordCount":701,"commentCount":0,"publisher":{"@id":"https:\/\/www.padreeustaquio.com.br\/#organization"},"image":{"@id":"https:\/\/www.padreeustaquio.com.br\/texto-de-padre-eustaquio-nos-convida-a-viver-o-tempo-pascal\/#primaryimage"},"thumbnailUrl":"https:\/\/www.padreeustaquio.com.br\/wp-content\/uploads\/2021\/04\/PE-e-a-Ressurreicao.jpg","articleSection":["Not\u00edcias"],"inLanguage":"es","potentialAction":[{"@type":"CommentAction","name":"Comment","target":["https:\/\/www.padreeustaquio.com.br\/texto-de-padre-eustaquio-nos-convida-a-viver-o-tempo-pascal\/#respond"]}]},{"@type":"WebPage","@id":"https:\/\/www.padreeustaquio.com.br\/texto-de-padre-eustaquio-nos-convida-a-viver-o-tempo-pascal\/","url":"https:\/\/www.padreeustaquio.com.br\/texto-de-padre-eustaquio-nos-convida-a-viver-o-tempo-pascal\/","name":"El texto del Padre Eustace nos invita a vivir el Tiempo Pascual - Padre Eustace","isPartOf":{"@id":"https:\/\/www.padreeustaquio.com.br\/#website"},"primaryImageOfPage":{"@id":"https:\/\/www.padreeustaquio.com.br\/texto-de-padre-eustaquio-nos-convida-a-viver-o-tempo-pascal\/#primaryimage"},"image":{"@id":"https:\/\/www.padreeustaquio.com.br\/texto-de-padre-eustaquio-nos-convida-a-viver-o-tempo-pascal\/#primaryimage"},"thumbnailUrl":"https:\/\/www.padreeustaquio.com.br\/wp-content\/uploads\/2021\/04\/PE-e-a-Ressurreicao.jpg","datePublished":"2021-04-15T09:55:01+00:00","breadcrumb":{"@id":"https:\/\/www.padreeustaquio.com.br\/texto-de-padre-eustaquio-nos-convida-a-viver-o-tempo-pascal\/#breadcrumb"},"inLanguage":"es","potentialAction":[{"@type":"ReadAction","target":["https:\/\/www.padreeustaquio.com.br\/texto-de-padre-eustaquio-nos-convida-a-viver-o-tempo-pascal\/"]}]},{"@type":"ImageObject","inLanguage":"es","@id":"https:\/\/www.padreeustaquio.com.br\/texto-de-padre-eustaquio-nos-convida-a-viver-o-tempo-pascal\/#primaryimage","url":"https:\/\/www.padreeustaquio.com.br\/wp-content\/uploads\/2021\/04\/PE-e-a-Ressurreicao.jpg","contentUrl":"https:\/\/www.padreeustaquio.com.br\/wp-content\/uploads\/2021\/04\/PE-e-a-Ressurreicao.jpg","width":748,"height":394},{"@type":"BreadcrumbList","@id":"https:\/\/www.padreeustaquio.com.br\/texto-de-padre-eustaquio-nos-convida-a-viver-o-tempo-pascal\/#breadcrumb","itemListElement":[{"@type":"ListItem","position":1,"name":"In\u00edcio","item":"https:\/\/www.padreeustaquio.com.br\/"},{"@type":"ListItem","position":2,"name":"Texto de Padre Eust\u00e1quio nos convida a viver o Tempo Pascal"}]},{"@type":"WebSite","@id":"https:\/\/www.padreeustaquio.com.br\/#website","url":"https:\/\/www.padreeustaquio.com.br\/","name":"Padre Eustace","description":"Salud y Paz","publisher":{"@id":"https:\/\/www.padreeustaquio.com.br\/#organization"},"potentialAction":[{"@type":"SearchAction","target":{"@type":"EntryPoint","urlTemplate":"https:\/\/www.padreeustaquio.com.br\/?s={search_term_string}"},"query-input":{"@type":"PropertyValueSpecification","valueRequired":true,"valueName":"search_term_string"}}],"inLanguage":"es"},{"@type":"Organization","@id":"https:\/\/www.padreeustaquio.com.br\/#organization","name":"Padre Eustace","url":"https:\/\/www.padreeustaquio.com.br\/","logo":{"@type":"ImageObject","inLanguage":"es","@id":"https:\/\/www.padreeustaquio.com.br\/#\/schema\/logo\/image\/","url":"https:\/\/www.padreeustaquio.com.br\/wp-content\/uploads\/2019\/08\/marca.png","contentUrl":"https:\/\/www.padreeustaquio.com.br\/wp-content\/uploads\/2019\/08\/marca.png","width":350,"height":400,"caption":"Padre Eust\u00e1quio"},"image":{"@id":"https:\/\/www.padreeustaquio.com.br\/#\/schema\/logo\/image\/"},"sameAs":["https:\/\/www.facebook.com\/beatopadreeustaquio\/","https:\/\/x.com\/beatopeustaquio","https:\/\/www.instagram.com\/beatopadreeustaquio\/","https:\/\/www.youtube.com\/channel\/UCRhw7vfabnajwLxb1ZXMeIw"]},{"@type":"Person","@id":"https:\/\/www.padreeustaquio.com.br\/#\/schema\/person\/a2a51db1d00f1a7af0204a0f1ddb1566","name":"@sscc","image":{"@type":"ImageObject","inLanguage":"es","@id":"https:\/\/secure.gravatar.com\/avatar\/68cfafa5f44617fea54071e215026e0ff06be366c3d54a8425f04fdcb86f8c5f?s=96&d=mm&r=g","url":"https:\/\/secure.gravatar.com\/avatar\/68cfafa5f44617fea54071e215026e0ff06be366c3d54a8425f04fdcb86f8c5f?s=96&d=mm&r=g","contentUrl":"https:\/\/secure.gravatar.com\/avatar\/68cfafa5f44617fea54071e215026e0ff06be366c3d54a8425f04fdcb86f8c5f?s=96&d=mm&r=g","caption":"@sscc"},"url":"https:\/\/www.padreeustaquio.com.br\/es\/author\/sscc\/"}]}},"_links":{"self":[{"href":"https:\/\/www.padreeustaquio.com.br\/es\/wp-json\/wp\/v2\/posts\/5535","targetHints":{"allow":["GET"]}}],"collection":[{"href":"https:\/\/www.padreeustaquio.com.br\/es\/wp-json\/wp\/v2\/posts"}],"about":[{"href":"https:\/\/www.padreeustaquio.com.br\/es\/wp-json\/wp\/v2\/types\/post"}],"author":[{"embeddable":true,"href":"https:\/\/www.padreeustaquio.com.br\/es\/wp-json\/wp\/v2\/users\/2"}],"replies":[{"embeddable":true,"href":"https:\/\/www.padreeustaquio.com.br\/es\/wp-json\/wp\/v2\/comments?post=5535"}],"version-history":[{"count":0,"href":"https:\/\/www.padreeustaquio.com.br\/es\/wp-json\/wp\/v2\/posts\/5535\/revisions"}],"wp:featuredmedia":[{"embeddable":true,"href":"https:\/\/www.padreeustaquio.com.br\/es\/wp-json\/wp\/v2\/media\/5536"}],"wp:attachment":[{"href":"https:\/\/www.padreeustaquio.com.br\/es\/wp-json\/wp\/v2\/media?parent=5535"}],"wp:term":[{"taxonomy":"category","embeddable":true,"href":"https:\/\/www.padreeustaquio.com.br\/es\/wp-json\/wp\/v2\/categories?post=5535"},{"taxonomy":"post_tag","embeddable":true,"href":"https:\/\/www.padreeustaquio.com.br\/es\/wp-json\/wp\/v2\/tags?post=5535"}],"curies":[{"name":"wp","href":"https:\/\/api.w.org\/{rel}","templated":true}]}}