{"id":5505,"date":"2021-04-13T07:01:44","date_gmt":"2021-04-13T10:01:44","guid":{"rendered":"https:\/\/www.padreeustaquio.com.br\/?p=5505"},"modified":"2021-04-13T09:45:28","modified_gmt":"2021-04-13T12:45:28","slug":"nuevo-sitio-web-ofrece-meditaciones-diarias-con-el-padre-lucio-dumont-prado-ss-cc","status":"publish","type":"post","link":"https:\/\/www.padreeustaquio.com.br\/es\/nuevo-sitio-web-ofrece-meditaciones-diarias-con-el-padre-lucio-dumont-prado-ss-cc\/","title":{"rendered":"NUEVA FUNCI\u00d3N \u2013 El sitio web ofrece meditaciones diarias con el Padre L\u00facio Dumont Prado, ss.cc."},"content":{"rendered":"<p>A partir de ahora, en la p\u00e1gina inicial de nuestro sitio web, podr\u00e9is encontrar una pesta\u00f1a para acceder a los podcasts del Padre L\u00facio Dumont Prado, ss.cc, con reflexiones sobre el Evangelio de cada d\u00eda.<\/p>\n<p>\u201c&quot;Con Mar\u00eda en Oraci\u00f3n&quot; es el nombre del podcast que ofrece meditaciones diarias sobre la Palabra del Se\u00f1or. Es una manera de mantener una conexi\u00f3n m\u00e1s cercana con Dios y con lo que la Biblia nos ense\u00f1a.<\/p>\n<p>El Padre L\u00facio se hizo conocido por los devotos del Padre Eust\u00e1quio por haber sido el vicepostulador de la Causa de Canonizaci\u00f3n del Beato de 1997 a 2008, participando activamente en la ceremonia de Beatificaci\u00f3n, realizada en 2006 en el estadio Mineir\u00e3o, en Belo Horizonte.<\/p>\n<p>El Padre L\u00facio es responsable de la Adoraci\u00f3n al Sant\u00edsimo Sacramento, que se realiza todos los domingos a las 16:00 h en el Santuario de Salud y Paz. Debido a la pandemia, la adoraci\u00f3n se suspendi\u00f3, pero en cuanto pase todo esto, se reanudar\u00e1 en la iglesia del Padre Eust\u00e1quio.<\/p>\n<p>Para escuchar diariamente las grabaciones de audio producidas por el Padre L\u00facio, simplemente haga clic en el bot\u00f3n con su foto, que aparece en el [link\/platform]. <a href=\"https:\/\/www.padreeustaquio.com.br\/es\/\">p\u00e1gina de inicio<\/a> Este sitio, en la esquina derecha de la pantalla. Si quieres escuchar el podcast con la reflexi\u00f3n del evangelio de hoy, simplemente... <a href=\"https:\/\/anchor.fm\/viver-segundo-o-espirito\">haga clic aqu\u00ed<\/a>.<\/p>","protected":false},"excerpt":{"rendered":"<p>A partir de agora, na p\u00e1gina inicial do nosso site, \u00e9 poss\u00edvel encontrar uma aba para acessar aos Podcast&#8217;s do Padre L\u00facio Dumont Prado, ss.cc, com reflex\u00f5es do evangelho feitas para cada dia. \u201cCom Maria em ora\u00e7\u00e3o\u201d \u00e9 o nome do Podcast que traz medita\u00e7\u00f5es di\u00e1rias sobre a Palavra do Senhor. Uma forma de manter um contato mais pr\u00f3ximo com Deus e com o que a B\u00edblia nos ensina. Padre L\u00facio ficou conhecido pelos devotos de Padre Eust\u00e1quio por ter sido o vice-postulador da Causa de Canoniza\u00e7\u00e3o do Beato de 1997 \u00e0 2008, participando ativamente da cerim\u00f4nia de Beatifica\u00e7\u00e3o, realizada [&hellip;]<\/p>\n","protected":false},"author":2,"featured_media":5506,"comment_status":"open","ping_status":"closed","sticky":false,"template":"","format":"standard","meta":{"_acf_changed":false,"footnotes":""},"categories":[611],"tags":[],"class_list":["post-5505","post","type-post","status-publish","format-standard","has-post-thumbnail","hentry","category-noticias"],"acf":[],"yoast_head":"<!-- This site is optimized with the Yoast SEO plugin v27.2 - https:\/\/yoast.com\/product\/yoast-seo-wordpress\/ -->\n<title>NOVIDADE - Site traz medita\u00e7\u00f5es di\u00e1rias com Padre L\u00facio Dumont Prado, ss.cc. - Padre Eust\u00e1quio<\/title>\n<meta name=\"robots\" content=\"index, follow, max-snippet:-1, max-image-preview:large, max-video-preview:-1\" \/>\n<link rel=\"canonical\" href=\"https:\/\/www.padreeustaquio.com.br\/es\/nuevo-sitio-web-ofrece-meditaciones-diarias-con-el-padre-lucio-dumont-prado-ss-cc\/\" \/>\n<meta property=\"og:locale\" content=\"es_ES\" \/>\n<meta property=\"og:type\" content=\"article\" \/>\n<meta property=\"og:title\" content=\"NOVIDADE - Site traz medita\u00e7\u00f5es di\u00e1rias com Padre L\u00facio Dumont Prado, ss.cc. - Padre Eust\u00e1quio\" \/>\n<meta property=\"og:description\" content=\"A partir de agora, na p\u00e1gina inicial do nosso site, \u00e9 poss\u00edvel encontrar uma aba para acessar aos Podcast&#8217;s do Padre L\u00facio Dumont Prado, ss.cc, com reflex\u00f5es do evangelho feitas para cada dia. \u201cCom Maria em ora\u00e7\u00e3o\u201d \u00e9 o nome do Podcast que traz medita\u00e7\u00f5es di\u00e1rias sobre a Palavra do Senhor. Uma forma de manter um contato mais pr\u00f3ximo com Deus e com o que a B\u00edblia nos ensina. Padre L\u00facio ficou conhecido pelos devotos de Padre Eust\u00e1quio por ter sido o vice-postulador da Causa de Canoniza\u00e7\u00e3o do Beato de 1997 \u00e0 2008, participando ativamente da cerim\u00f4nia de Beatifica\u00e7\u00e3o, realizada [&hellip;]\" \/>\n<meta property=\"og:url\" content=\"https:\/\/www.padreeustaquio.com.br\/es\/nuevo-sitio-web-ofrece-meditaciones-diarias-con-el-padre-lucio-dumont-prado-ss-cc\/\" \/>\n<meta property=\"og:site_name\" content=\"Padre Eust\u00e1quio\" \/>\n<meta property=\"article:publisher\" content=\"https:\/\/www.facebook.com\/beatopadreeustaquio\/\" \/>\n<meta property=\"article:published_time\" content=\"2021-04-13T10:01:44+00:00\" \/>\n<meta property=\"article:modified_time\" content=\"2021-04-13T12:45:28+00:00\" \/>\n<meta property=\"og:image\" content=\"https:\/\/www.padreeustaquio.com.br\/wp-content\/uploads\/2021\/04\/PODCAST-PADRE-LUCIO.jpg\" \/>\n\t<meta property=\"og:image:width\" content=\"748\" \/>\n\t<meta property=\"og:image:height\" content=\"394\" \/>\n\t<meta property=\"og:image:type\" content=\"image\/jpeg\" \/>\n<meta name=\"author\" content=\"@sscc\" \/>\n<meta name=\"twitter:card\" content=\"summary_large_image\" \/>\n<meta name=\"twitter:creator\" content=\"@beatopeustaquio\" \/>\n<meta name=\"twitter:site\" content=\"@beatopeustaquio\" \/>\n<meta name=\"twitter:label1\" content=\"Escrito por\" \/>\n\t<meta name=\"twitter:data1\" content=\"@sscc\" \/>\n\t<meta name=\"twitter:label2\" content=\"Tiempo de lectura\" \/>\n\t<meta name=\"twitter:data2\" content=\"1 minuto\" \/>\n<script type=\"application\/ld+json\" class=\"yoast-schema-graph\">{\"@context\":\"https:\/\/schema.org\",\"@graph\":[{\"@type\":\"Article\",\"@id\":\"https:\/\/www.padreeustaquio.com.br\/novidade-site-traz-meditacoes-diarias-com-padre-lucio-dumont-prado-ss-cc\/#article\",\"isPartOf\":{\"@id\":\"https:\/\/www.padreeustaquio.com.br\/novidade-site-traz-meditacoes-diarias-com-padre-lucio-dumont-prado-ss-cc\/\"},\"author\":{\"name\":\"@sscc\",\"@id\":\"https:\/\/www.padreeustaquio.com.br\/#\/schema\/person\/a2a51db1d00f1a7af0204a0f1ddb1566\"},\"headline\":\"NOVIDADE &#8211; Site traz medita\u00e7\u00f5es di\u00e1rias com Padre L\u00facio Dumont Prado, ss.cc.\",\"datePublished\":\"2021-04-13T10:01:44+00:00\",\"dateModified\":\"2021-04-13T12:45:28+00:00\",\"mainEntityOfPage\":{\"@id\":\"https:\/\/www.padreeustaquio.com.br\/novidade-site-traz-meditacoes-diarias-com-padre-lucio-dumont-prado-ss-cc\/\"},\"wordCount\":236,\"commentCount\":0,\"publisher\":{\"@id\":\"https:\/\/www.padreeustaquio.com.br\/#organization\"},\"image\":{\"@id\":\"https:\/\/www.padreeustaquio.com.br\/novidade-site-traz-meditacoes-diarias-com-padre-lucio-dumont-prado-ss-cc\/#primaryimage\"},\"thumbnailUrl\":\"https:\/\/www.padreeustaquio.com.br\/wp-content\/uploads\/2021\/04\/PODCAST-PADRE-LUCIO.jpg\",\"articleSection\":[\"Not\u00edcias\"],\"inLanguage\":\"es\",\"potentialAction\":[{\"@type\":\"CommentAction\",\"name\":\"Comment\",\"target\":[\"https:\/\/www.padreeustaquio.com.br\/novidade-site-traz-meditacoes-diarias-com-padre-lucio-dumont-prado-ss-cc\/#respond\"]}]},{\"@type\":\"WebPage\",\"@id\":\"https:\/\/www.padreeustaquio.com.br\/novidade-site-traz-meditacoes-diarias-com-padre-lucio-dumont-prado-ss-cc\/\",\"url\":\"https:\/\/www.padreeustaquio.com.br\/novidade-site-traz-meditacoes-diarias-com-padre-lucio-dumont-prado-ss-cc\/\",\"name\":\"NOVIDADE - Site traz medita\u00e7\u00f5es di\u00e1rias com Padre L\u00facio Dumont Prado, ss.cc. - Padre Eust\u00e1quio\",\"isPartOf\":{\"@id\":\"https:\/\/www.padreeustaquio.com.br\/#website\"},\"primaryImageOfPage\":{\"@id\":\"https:\/\/www.padreeustaquio.com.br\/novidade-site-traz-meditacoes-diarias-com-padre-lucio-dumont-prado-ss-cc\/#primaryimage\"},\"image\":{\"@id\":\"https:\/\/www.padreeustaquio.com.br\/novidade-site-traz-meditacoes-diarias-com-padre-lucio-dumont-prado-ss-cc\/#primaryimage\"},\"thumbnailUrl\":\"https:\/\/www.padreeustaquio.com.br\/wp-content\/uploads\/2021\/04\/PODCAST-PADRE-LUCIO.jpg\",\"datePublished\":\"2021-04-13T10:01:44+00:00\",\"dateModified\":\"2021-04-13T12:45:28+00:00\",\"breadcrumb\":{\"@id\":\"https:\/\/www.padreeustaquio.com.br\/novidade-site-traz-meditacoes-diarias-com-padre-lucio-dumont-prado-ss-cc\/#breadcrumb\"},\"inLanguage\":\"es\",\"potentialAction\":[{\"@type\":\"ReadAction\",\"target\":[\"https:\/\/www.padreeustaquio.com.br\/novidade-site-traz-meditacoes-diarias-com-padre-lucio-dumont-prado-ss-cc\/\"]}]},{\"@type\":\"ImageObject\",\"inLanguage\":\"es\",\"@id\":\"https:\/\/www.padreeustaquio.com.br\/novidade-site-traz-meditacoes-diarias-com-padre-lucio-dumont-prado-ss-cc\/#primaryimage\",\"url\":\"https:\/\/www.padreeustaquio.com.br\/wp-content\/uploads\/2021\/04\/PODCAST-PADRE-LUCIO.jpg\",\"contentUrl\":\"https:\/\/www.padreeustaquio.com.br\/wp-content\/uploads\/2021\/04\/PODCAST-PADRE-LUCIO.jpg\",\"width\":748,\"height\":394},{\"@type\":\"BreadcrumbList\",\"@id\":\"https:\/\/www.padreeustaquio.com.br\/novidade-site-traz-meditacoes-diarias-com-padre-lucio-dumont-prado-ss-cc\/#breadcrumb\",\"itemListElement\":[{\"@type\":\"ListItem\",\"position\":1,\"name\":\"In\u00edcio\",\"item\":\"https:\/\/www.padreeustaquio.com.br\/\"},{\"@type\":\"ListItem\",\"position\":2,\"name\":\"NOVIDADE &#8211; Site traz medita\u00e7\u00f5es di\u00e1rias com Padre L\u00facio Dumont Prado, ss.cc.\"}]},{\"@type\":\"WebSite\",\"@id\":\"https:\/\/www.padreeustaquio.com.br\/#website\",\"url\":\"https:\/\/www.padreeustaquio.com.br\/\",\"name\":\"Padre Eust\u00e1quio\",\"description\":\"Sa\u00fade e Paz\",\"publisher\":{\"@id\":\"https:\/\/www.padreeustaquio.com.br\/#organization\"},\"potentialAction\":[{\"@type\":\"SearchAction\",\"target\":{\"@type\":\"EntryPoint\",\"urlTemplate\":\"https:\/\/www.padreeustaquio.com.br\/?s={search_term_string}\"},\"query-input\":{\"@type\":\"PropertyValueSpecification\",\"valueRequired\":true,\"valueName\":\"search_term_string\"}}],\"inLanguage\":\"es\"},{\"@type\":\"Organization\",\"@id\":\"https:\/\/www.padreeustaquio.com.br\/#organization\",\"name\":\"Padre Eust\u00e1quio\",\"url\":\"https:\/\/www.padreeustaquio.com.br\/\",\"logo\":{\"@type\":\"ImageObject\",\"inLanguage\":\"es\",\"@id\":\"https:\/\/www.padreeustaquio.com.br\/#\/schema\/logo\/image\/\",\"url\":\"https:\/\/www.padreeustaquio.com.br\/wp-content\/uploads\/2019\/08\/marca.png\",\"contentUrl\":\"https:\/\/www.padreeustaquio.com.br\/wp-content\/uploads\/2019\/08\/marca.png\",\"width\":350,\"height\":400,\"caption\":\"Padre Eust\u00e1quio\"},\"image\":{\"@id\":\"https:\/\/www.padreeustaquio.com.br\/#\/schema\/logo\/image\/\"},\"sameAs\":[\"https:\/\/www.facebook.com\/beatopadreeustaquio\/\",\"https:\/\/x.com\/beatopeustaquio\",\"https:\/\/www.instagram.com\/beatopadreeustaquio\/\",\"https:\/\/www.youtube.com\/channel\/UCRhw7vfabnajwLxb1ZXMeIw\"]},{\"@type\":\"Person\",\"@id\":\"https:\/\/www.padreeustaquio.com.br\/#\/schema\/person\/a2a51db1d00f1a7af0204a0f1ddb1566\",\"name\":\"@sscc\",\"image\":{\"@type\":\"ImageObject\",\"inLanguage\":\"es\",\"@id\":\"https:\/\/secure.gravatar.com\/avatar\/68cfafa5f44617fea54071e215026e0ff06be366c3d54a8425f04fdcb86f8c5f?s=96&d=mm&r=g\",\"url\":\"https:\/\/secure.gravatar.com\/avatar\/68cfafa5f44617fea54071e215026e0ff06be366c3d54a8425f04fdcb86f8c5f?s=96&d=mm&r=g\",\"contentUrl\":\"https:\/\/secure.gravatar.com\/avatar\/68cfafa5f44617fea54071e215026e0ff06be366c3d54a8425f04fdcb86f8c5f?s=96&d=mm&r=g\",\"caption\":\"@sscc\"},\"url\":\"https:\/\/www.padreeustaquio.com.br\/es\/author\/sscc\/\"}]}<\/script>\n<!-- \/ Yoast SEO plugin. -->","yoast_head_json":{"title":"NOVEDAD - Sitio web ofrece meditaciones diarias con el Padre L\u00facio Dumont Prado, ss.cc. - Padre Eust\u00e1quio","robots":{"index":"index","follow":"follow","max-snippet":"max-snippet:-1","max-image-preview":"max-image-preview:large","max-video-preview":"max-video-preview:-1"},"canonical":"https:\/\/www.padreeustaquio.com.br\/es\/nuevo-sitio-web-ofrece-meditaciones-diarias-con-el-padre-lucio-dumont-prado-ss-cc\/","og_locale":"es_ES","og_type":"article","og_title":"NOVIDADE - Site traz medita\u00e7\u00f5es di\u00e1rias com Padre L\u00facio Dumont Prado, ss.cc. - Padre Eust\u00e1quio","og_description":"A partir de agora, na p\u00e1gina inicial do nosso site, \u00e9 poss\u00edvel encontrar uma aba para acessar aos Podcast&#8217;s do Padre L\u00facio Dumont Prado, ss.cc, com reflex\u00f5es do evangelho feitas para cada dia. \u201cCom Maria em ora\u00e7\u00e3o\u201d \u00e9 o nome do Podcast que traz medita\u00e7\u00f5es di\u00e1rias sobre a Palavra do Senhor. Uma forma de manter um contato mais pr\u00f3ximo com Deus e com o que a B\u00edblia nos ensina. Padre L\u00facio ficou conhecido pelos devotos de Padre Eust\u00e1quio por ter sido o vice-postulador da Causa de Canoniza\u00e7\u00e3o do Beato de 1997 \u00e0 2008, participando ativamente da cerim\u00f4nia de Beatifica\u00e7\u00e3o, realizada [&hellip;]","og_url":"https:\/\/www.padreeustaquio.com.br\/es\/nuevo-sitio-web-ofrece-meditaciones-diarias-con-el-padre-lucio-dumont-prado-ss-cc\/","og_site_name":"Padre Eust\u00e1quio","article_publisher":"https:\/\/www.facebook.com\/beatopadreeustaquio\/","article_published_time":"2021-04-13T10:01:44+00:00","article_modified_time":"2021-04-13T12:45:28+00:00","og_image":[{"width":748,"height":394,"url":"https:\/\/www.padreeustaquio.com.br\/wp-content\/uploads\/2021\/04\/PODCAST-PADRE-LUCIO.jpg","type":"image\/jpeg"}],"author":"@sscc","twitter_card":"summary_large_image","twitter_creator":"@beatopeustaquio","twitter_site":"@beatopeustaquio","twitter_misc":{"Escrito por":"@sscc","Tiempo de lectura":"1 minuto"},"schema":{"@context":"https:\/\/schema.org","@graph":[{"@type":"Article","@id":"https:\/\/www.padreeustaquio.com.br\/novidade-site-traz-meditacoes-diarias-com-padre-lucio-dumont-prado-ss-cc\/#article","isPartOf":{"@id":"https:\/\/www.padreeustaquio.com.br\/novidade-site-traz-meditacoes-diarias-com-padre-lucio-dumont-prado-ss-cc\/"},"author":{"name":"@sscc","@id":"https:\/\/www.padreeustaquio.com.br\/#\/schema\/person\/a2a51db1d00f1a7af0204a0f1ddb1566"},"headline":"NOVIDADE &#8211; Site traz medita\u00e7\u00f5es di\u00e1rias com Padre L\u00facio Dumont Prado, ss.cc.","datePublished":"2021-04-13T10:01:44+00:00","dateModified":"2021-04-13T12:45:28+00:00","mainEntityOfPage":{"@id":"https:\/\/www.padreeustaquio.com.br\/novidade-site-traz-meditacoes-diarias-com-padre-lucio-dumont-prado-ss-cc\/"},"wordCount":236,"commentCount":0,"publisher":{"@id":"https:\/\/www.padreeustaquio.com.br\/#organization"},"image":{"@id":"https:\/\/www.padreeustaquio.com.br\/novidade-site-traz-meditacoes-diarias-com-padre-lucio-dumont-prado-ss-cc\/#primaryimage"},"thumbnailUrl":"https:\/\/www.padreeustaquio.com.br\/wp-content\/uploads\/2021\/04\/PODCAST-PADRE-LUCIO.jpg","articleSection":["Not\u00edcias"],"inLanguage":"es","potentialAction":[{"@type":"CommentAction","name":"Comment","target":["https:\/\/www.padreeustaquio.com.br\/novidade-site-traz-meditacoes-diarias-com-padre-lucio-dumont-prado-ss-cc\/#respond"]}]},{"@type":"WebPage","@id":"https:\/\/www.padreeustaquio.com.br\/novidade-site-traz-meditacoes-diarias-com-padre-lucio-dumont-prado-ss-cc\/","url":"https:\/\/www.padreeustaquio.com.br\/novidade-site-traz-meditacoes-diarias-com-padre-lucio-dumont-prado-ss-cc\/","name":"NOVEDAD - Sitio web ofrece meditaciones diarias con el Padre L\u00facio Dumont Prado, ss.cc. - Padre Eust\u00e1quio","isPartOf":{"@id":"https:\/\/www.padreeustaquio.com.br\/#website"},"primaryImageOfPage":{"@id":"https:\/\/www.padreeustaquio.com.br\/novidade-site-traz-meditacoes-diarias-com-padre-lucio-dumont-prado-ss-cc\/#primaryimage"},"image":{"@id":"https:\/\/www.padreeustaquio.com.br\/novidade-site-traz-meditacoes-diarias-com-padre-lucio-dumont-prado-ss-cc\/#primaryimage"},"thumbnailUrl":"https:\/\/www.padreeustaquio.com.br\/wp-content\/uploads\/2021\/04\/PODCAST-PADRE-LUCIO.jpg","datePublished":"2021-04-13T10:01:44+00:00","dateModified":"2021-04-13T12:45:28+00:00","breadcrumb":{"@id":"https:\/\/www.padreeustaquio.com.br\/novidade-site-traz-meditacoes-diarias-com-padre-lucio-dumont-prado-ss-cc\/#breadcrumb"},"inLanguage":"es","potentialAction":[{"@type":"ReadAction","target":["https:\/\/www.padreeustaquio.com.br\/novidade-site-traz-meditacoes-diarias-com-padre-lucio-dumont-prado-ss-cc\/"]}]},{"@type":"ImageObject","inLanguage":"es","@id":"https:\/\/www.padreeustaquio.com.br\/novidade-site-traz-meditacoes-diarias-com-padre-lucio-dumont-prado-ss-cc\/#primaryimage","url":"https:\/\/www.padreeustaquio.com.br\/wp-content\/uploads\/2021\/04\/PODCAST-PADRE-LUCIO.jpg","contentUrl":"https:\/\/www.padreeustaquio.com.br\/wp-content\/uploads\/2021\/04\/PODCAST-PADRE-LUCIO.jpg","width":748,"height":394},{"@type":"BreadcrumbList","@id":"https:\/\/www.padreeustaquio.com.br\/novidade-site-traz-meditacoes-diarias-com-padre-lucio-dumont-prado-ss-cc\/#breadcrumb","itemListElement":[{"@type":"ListItem","position":1,"name":"In\u00edcio","item":"https:\/\/www.padreeustaquio.com.br\/"},{"@type":"ListItem","position":2,"name":"NOVIDADE &#8211; Site traz medita\u00e7\u00f5es di\u00e1rias com Padre L\u00facio Dumont Prado, ss.cc."}]},{"@type":"WebSite","@id":"https:\/\/www.padreeustaquio.com.br\/#website","url":"https:\/\/www.padreeustaquio.com.br\/","name":"Padre Eustace","description":"Salud y Paz","publisher":{"@id":"https:\/\/www.padreeustaquio.com.br\/#organization"},"potentialAction":[{"@type":"SearchAction","target":{"@type":"EntryPoint","urlTemplate":"https:\/\/www.padreeustaquio.com.br\/?s={search_term_string}"},"query-input":{"@type":"PropertyValueSpecification","valueRequired":true,"valueName":"search_term_string"}}],"inLanguage":"es"},{"@type":"Organization","@id":"https:\/\/www.padreeustaquio.com.br\/#organization","name":"Padre Eustace","url":"https:\/\/www.padreeustaquio.com.br\/","logo":{"@type":"ImageObject","inLanguage":"es","@id":"https:\/\/www.padreeustaquio.com.br\/#\/schema\/logo\/image\/","url":"https:\/\/www.padreeustaquio.com.br\/wp-content\/uploads\/2019\/08\/marca.png","contentUrl":"https:\/\/www.padreeustaquio.com.br\/wp-content\/uploads\/2019\/08\/marca.png","width":350,"height":400,"caption":"Padre Eust\u00e1quio"},"image":{"@id":"https:\/\/www.padreeustaquio.com.br\/#\/schema\/logo\/image\/"},"sameAs":["https:\/\/www.facebook.com\/beatopadreeustaquio\/","https:\/\/x.com\/beatopeustaquio","https:\/\/www.instagram.com\/beatopadreeustaquio\/","https:\/\/www.youtube.com\/channel\/UCRhw7vfabnajwLxb1ZXMeIw"]},{"@type":"Person","@id":"https:\/\/www.padreeustaquio.com.br\/#\/schema\/person\/a2a51db1d00f1a7af0204a0f1ddb1566","name":"@sscc","image":{"@type":"ImageObject","inLanguage":"es","@id":"https:\/\/secure.gravatar.com\/avatar\/68cfafa5f44617fea54071e215026e0ff06be366c3d54a8425f04fdcb86f8c5f?s=96&d=mm&r=g","url":"https:\/\/secure.gravatar.com\/avatar\/68cfafa5f44617fea54071e215026e0ff06be366c3d54a8425f04fdcb86f8c5f?s=96&d=mm&r=g","contentUrl":"https:\/\/secure.gravatar.com\/avatar\/68cfafa5f44617fea54071e215026e0ff06be366c3d54a8425f04fdcb86f8c5f?s=96&d=mm&r=g","caption":"@sscc"},"url":"https:\/\/www.padreeustaquio.com.br\/es\/author\/sscc\/"}]}},"_links":{"self":[{"href":"https:\/\/www.padreeustaquio.com.br\/es\/wp-json\/wp\/v2\/posts\/5505","targetHints":{"allow":["GET"]}}],"collection":[{"href":"https:\/\/www.padreeustaquio.com.br\/es\/wp-json\/wp\/v2\/posts"}],"about":[{"href":"https:\/\/www.padreeustaquio.com.br\/es\/wp-json\/wp\/v2\/types\/post"}],"author":[{"embeddable":true,"href":"https:\/\/www.padreeustaquio.com.br\/es\/wp-json\/wp\/v2\/users\/2"}],"replies":[{"embeddable":true,"href":"https:\/\/www.padreeustaquio.com.br\/es\/wp-json\/wp\/v2\/comments?post=5505"}],"version-history":[{"count":0,"href":"https:\/\/www.padreeustaquio.com.br\/es\/wp-json\/wp\/v2\/posts\/5505\/revisions"}],"wp:featuredmedia":[{"embeddable":true,"href":"https:\/\/www.padreeustaquio.com.br\/es\/wp-json\/wp\/v2\/media\/5506"}],"wp:attachment":[{"href":"https:\/\/www.padreeustaquio.com.br\/es\/wp-json\/wp\/v2\/media?parent=5505"}],"wp:term":[{"taxonomy":"category","embeddable":true,"href":"https:\/\/www.padreeustaquio.com.br\/es\/wp-json\/wp\/v2\/categories?post=5505"},{"taxonomy":"post_tag","embeddable":true,"href":"https:\/\/www.padreeustaquio.com.br\/es\/wp-json\/wp\/v2\/tags?post=5505"}],"curies":[{"name":"wp","href":"https:\/\/api.w.org\/{rel}","templated":true}]}}