{"id":5471,"date":"2021-04-08T07:20:53","date_gmt":"2021-04-08T10:20:53","guid":{"rendered":"https:\/\/www.padreeustaquio.com.br\/?p=5471"},"modified":"2021-04-09T20:54:35","modified_gmt":"2021-04-09T23:54:35","slug":"el-dia-del-fundador-de-los-sagrados-corazones-se-celebra-en-la-iglesia-del-padre-eustaquio","status":"publish","type":"post","link":"https:\/\/www.padreeustaquio.com.br\/es\/el-dia-del-fundador-de-los-sagrados-corazones-se-celebra-en-la-iglesia-del-padre-eustaquio\/","title":{"rendered":"En la Iglesia Padre Eustaquio se celebra la Fiesta del Fundador de los Sagrados Corazones."},"content":{"rendered":"<p class=\"tw-data-text tw-text-large XcVN5d tw-ta\" dir=\"ltr\" data-placeholder=\"Tradu\u00e7\u00e3o\"><span lang=\"pt\">Hermanos y hermanas, miembros de la Congregaci\u00f3n de los Sagrados Corazones, se reunieron para un momento de Adoraci\u00f3n ante el sagrario de la capilla del Sant\u00edsimo Sacramento en el Santuario de la Salud y la Paz en Belo Horizonte. El momento fue de reflexi\u00f3n sobre la vida del fundador de la Congregaci\u00f3n, el Padre Jos\u00e9 Maria Coudrin. En el d\u00eda en que se conmemora al &quot;Buen Padre&quot;, como lo llaman sus hermanos y hermanas,...<\/span><span lang=\"pt\"> Leyeron el texto proporcionado por la Comisi\u00f3n para el Patrimonio Espiritual e Hist\u00f3rico de los Sagrados Corazones.<\/span><\/p>\n<p class=\"tw-data-text tw-text-large XcVN5d tw-ta\" dir=\"ltr\" data-placeholder=\"Tradu\u00e7\u00e3o\"><span lang=\"pt\">El s\u00e1bado, d\u00eda en que celebramos la Pascua de Pierre Coudrin, la Pastoral Juvenil Vocacional de las Hermanas realiz\u00f3 una <em>\u2018&#039;vivir&#039;\u2019<\/em> En la iglesia del Padre Eust\u00e1quio, la Hermana Vera Regina dos Santos y el Padre Vicente Hern\u00e1ndez Castell\u00f3, en una entrevista, hablaron sobre la vida del fundador como inspiraci\u00f3n para hoy, especialmente en estos tiempos de pandemia. La transmisi\u00f3n en vivo fue realizada por... <a href=\"https:\/\/www.youtube.com\/channel\/UCRhw7vfabnajwLxb1ZXMeIw\">Canal Padre Eust\u00e1quio<\/a> Se transmiti\u00f3 en YouTube y cont\u00f3 con personas de varias partes de Brasil y otros lugares. <em>(<a href=\"https:\/\/www.youtube.com\/watch?v=8gUMeMb70n0&amp;list=PL7SBzddW7Uzmvf_4mnJFgNAjKP6S5CS1a&amp;index=23\">rese\u00f1a aqu\u00ed<\/a>)<\/em><\/span><\/p>\n<p class=\"tw-data-text tw-text-large XcVN5d tw-ta\" dir=\"ltr\" data-placeholder=\"Tradu\u00e7\u00e3o\"><span lang=\"pt\">Adem\u00e1s del Santuario de Salud y Paz, los hermanos de Catuji\/MG tambi\u00e9n celebraron a su padre fundador. El hermano Gleison Oliveira recibi\u00f3 los primeros ministerios, ac\u00f3lito y lector, el d\u00eda de la festividad del Fundador, durante una celebraci\u00f3n eucar\u00edstica presidida por el padre Jo\u00e3o Lucas Barbosa, ss.cc. Normalmente, es el provincial quien confiere los primeros ministerios a los hermanos; sin embargo, debido a la pandemia, el provincial, padre Osv\u00e2nio Mariano, ss.cc., no pudo viajar para asistir a la ceremonia.<\/span><\/p>\n<h6 id=\"tw-target-text\" class=\"tw-data-text tw-text-large XcVN5d tw-ta\" dir=\"ltr\" data-placeholder=\"Tradu\u00e7\u00e3o\"><span lang=\"pt\">\u00a0<\/span><\/h6>","protected":false},"excerpt":{"rendered":"<p>Irm\u00e3s e irm\u00e3os, membros da Congrega\u00e7\u00e3o dos Sagrados Cora\u00e7\u00f5es, se reuniram para realizar um momento de Adora\u00e7\u00e3o, diante do sacr\u00e1rio da capela do Sant\u00edssimo, no Santu\u00e1rio da Sa\u00fade e Paz, em Belo Horizonte. O momento foi de reflex\u00e3o em torno da vida do fundador da Congrega\u00e7\u00e3o, Padre Jos\u00e9 Maria Coudrin. No dia em que se comemora o &#8220;Bom pai&#8221;, como \u00e9 chamado pelos irm\u00e3os, eles fizeram leituras do texto oferecido pela Comiss\u00e3o do Patrim\u00f4nio Espiritual e Hist\u00f3rico dos Sagrados Cora\u00e7\u00f5es. J\u00e1 no s\u00e1bado, dia em que celebramos a P\u00e1scoa de Pierre Coudrin, a Pastoral Vocacional Juvenil das Irm\u00e3s realizou uma [&hellip;]<\/p>\n","protected":false},"author":2,"featured_media":5472,"comment_status":"open","ping_status":"closed","sticky":false,"template":"","format":"standard","meta":{"_acf_changed":false,"footnotes":""},"categories":[611],"tags":[],"class_list":["post-5471","post","type-post","status-publish","format-standard","has-post-thumbnail","hentry","category-noticias"],"acf":[],"yoast_head":"<!-- This site is optimized with the Yoast SEO plugin v27.2 - https:\/\/yoast.com\/product\/yoast-seo-wordpress\/ -->\n<title>Dia do fundador dos Sagrados Cora\u00e7\u00f5es \u00e9 comemorado na igreja do Padre Eust\u00e1quio - Padre Eust\u00e1quio<\/title>\n<meta name=\"robots\" content=\"index, follow, max-snippet:-1, max-image-preview:large, max-video-preview:-1\" \/>\n<link rel=\"canonical\" href=\"https:\/\/www.padreeustaquio.com.br\/es\/el-dia-del-fundador-de-los-sagrados-corazones-se-celebra-en-la-iglesia-del-padre-eustaquio\/\" \/>\n<meta property=\"og:locale\" content=\"es_ES\" \/>\n<meta property=\"og:type\" content=\"article\" \/>\n<meta property=\"og:title\" content=\"Dia do fundador dos Sagrados Cora\u00e7\u00f5es \u00e9 comemorado na igreja do Padre Eust\u00e1quio - Padre Eust\u00e1quio\" \/>\n<meta property=\"og:description\" content=\"Irm\u00e3s e irm\u00e3os, membros da Congrega\u00e7\u00e3o dos Sagrados Cora\u00e7\u00f5es, se reuniram para realizar um momento de Adora\u00e7\u00e3o, diante do sacr\u00e1rio da capela do Sant\u00edssimo, no Santu\u00e1rio da Sa\u00fade e Paz, em Belo Horizonte. O momento foi de reflex\u00e3o em torno da vida do fundador da Congrega\u00e7\u00e3o, Padre Jos\u00e9 Maria Coudrin. No dia em que se comemora o &#8220;Bom pai&#8221;, como \u00e9 chamado pelos irm\u00e3os, eles fizeram leituras do texto oferecido pela Comiss\u00e3o do Patrim\u00f4nio Espiritual e Hist\u00f3rico dos Sagrados Cora\u00e7\u00f5es. J\u00e1 no s\u00e1bado, dia em que celebramos a P\u00e1scoa de Pierre Coudrin, a Pastoral Vocacional Juvenil das Irm\u00e3s realizou uma [&hellip;]\" \/>\n<meta property=\"og:url\" content=\"https:\/\/www.padreeustaquio.com.br\/es\/el-dia-del-fundador-de-los-sagrados-corazones-se-celebra-en-la-iglesia-del-padre-eustaquio\/\" \/>\n<meta property=\"og:site_name\" content=\"Padre Eust\u00e1quio\" \/>\n<meta property=\"article:publisher\" content=\"https:\/\/www.facebook.com\/beatopadreeustaquio\/\" \/>\n<meta property=\"article:published_time\" content=\"2021-04-08T10:20:53+00:00\" \/>\n<meta property=\"article:modified_time\" content=\"2021-04-09T23:54:35+00:00\" \/>\n<meta property=\"og:image\" content=\"https:\/\/www.padreeustaquio.com.br\/wp-content\/uploads\/2021\/04\/irmaos-comemoram-dia-do-Fundador.jpeg\" \/>\n\t<meta property=\"og:image:width\" content=\"620\" \/>\n\t<meta property=\"og:image:height\" content=\"464\" \/>\n\t<meta property=\"og:image:type\" content=\"image\/jpeg\" \/>\n<meta name=\"author\" content=\"@sscc\" \/>\n<meta name=\"twitter:card\" content=\"summary_large_image\" \/>\n<meta name=\"twitter:creator\" content=\"@beatopeustaquio\" \/>\n<meta name=\"twitter:site\" content=\"@beatopeustaquio\" \/>\n<meta name=\"twitter:label1\" content=\"Escrito por\" \/>\n\t<meta name=\"twitter:data1\" content=\"@sscc\" \/>\n\t<meta name=\"twitter:label2\" content=\"Tiempo de lectura\" \/>\n\t<meta name=\"twitter:data2\" content=\"1 minuto\" \/>\n<script type=\"application\/ld+json\" class=\"yoast-schema-graph\">{\"@context\":\"https:\/\/schema.org\",\"@graph\":[{\"@type\":\"Article\",\"@id\":\"https:\/\/www.padreeustaquio.com.br\/dia-do-fundador-dos-sagrados-coracoes-e-comemorado-na-igreja-do-padre-eustaquio\/#article\",\"isPartOf\":{\"@id\":\"https:\/\/www.padreeustaquio.com.br\/dia-do-fundador-dos-sagrados-coracoes-e-comemorado-na-igreja-do-padre-eustaquio\/\"},\"author\":{\"name\":\"@sscc\",\"@id\":\"https:\/\/www.padreeustaquio.com.br\/#\/schema\/person\/a2a51db1d00f1a7af0204a0f1ddb1566\"},\"headline\":\"Dia do fundador dos Sagrados Cora\u00e7\u00f5es \u00e9 comemorado na igreja do Padre Eust\u00e1quio\",\"datePublished\":\"2021-04-08T10:20:53+00:00\",\"dateModified\":\"2021-04-09T23:54:35+00:00\",\"mainEntityOfPage\":{\"@id\":\"https:\/\/www.padreeustaquio.com.br\/dia-do-fundador-dos-sagrados-coracoes-e-comemorado-na-igreja-do-padre-eustaquio\/\"},\"wordCount\":288,\"commentCount\":0,\"publisher\":{\"@id\":\"https:\/\/www.padreeustaquio.com.br\/#organization\"},\"image\":{\"@id\":\"https:\/\/www.padreeustaquio.com.br\/dia-do-fundador-dos-sagrados-coracoes-e-comemorado-na-igreja-do-padre-eustaquio\/#primaryimage\"},\"thumbnailUrl\":\"https:\/\/www.padreeustaquio.com.br\/wp-content\/uploads\/2021\/04\/irmaos-comemoram-dia-do-Fundador.jpeg\",\"articleSection\":[\"Not\u00edcias\"],\"inLanguage\":\"es\",\"potentialAction\":[{\"@type\":\"CommentAction\",\"name\":\"Comment\",\"target\":[\"https:\/\/www.padreeustaquio.com.br\/dia-do-fundador-dos-sagrados-coracoes-e-comemorado-na-igreja-do-padre-eustaquio\/#respond\"]}]},{\"@type\":\"WebPage\",\"@id\":\"https:\/\/www.padreeustaquio.com.br\/dia-do-fundador-dos-sagrados-coracoes-e-comemorado-na-igreja-do-padre-eustaquio\/\",\"url\":\"https:\/\/www.padreeustaquio.com.br\/dia-do-fundador-dos-sagrados-coracoes-e-comemorado-na-igreja-do-padre-eustaquio\/\",\"name\":\"Dia do fundador dos Sagrados Cora\u00e7\u00f5es \u00e9 comemorado na igreja do Padre Eust\u00e1quio - Padre Eust\u00e1quio\",\"isPartOf\":{\"@id\":\"https:\/\/www.padreeustaquio.com.br\/#website\"},\"primaryImageOfPage\":{\"@id\":\"https:\/\/www.padreeustaquio.com.br\/dia-do-fundador-dos-sagrados-coracoes-e-comemorado-na-igreja-do-padre-eustaquio\/#primaryimage\"},\"image\":{\"@id\":\"https:\/\/www.padreeustaquio.com.br\/dia-do-fundador-dos-sagrados-coracoes-e-comemorado-na-igreja-do-padre-eustaquio\/#primaryimage\"},\"thumbnailUrl\":\"https:\/\/www.padreeustaquio.com.br\/wp-content\/uploads\/2021\/04\/irmaos-comemoram-dia-do-Fundador.jpeg\",\"datePublished\":\"2021-04-08T10:20:53+00:00\",\"dateModified\":\"2021-04-09T23:54:35+00:00\",\"breadcrumb\":{\"@id\":\"https:\/\/www.padreeustaquio.com.br\/dia-do-fundador-dos-sagrados-coracoes-e-comemorado-na-igreja-do-padre-eustaquio\/#breadcrumb\"},\"inLanguage\":\"es\",\"potentialAction\":[{\"@type\":\"ReadAction\",\"target\":[\"https:\/\/www.padreeustaquio.com.br\/dia-do-fundador-dos-sagrados-coracoes-e-comemorado-na-igreja-do-padre-eustaquio\/\"]}]},{\"@type\":\"ImageObject\",\"inLanguage\":\"es\",\"@id\":\"https:\/\/www.padreeustaquio.com.br\/dia-do-fundador-dos-sagrados-coracoes-e-comemorado-na-igreja-do-padre-eustaquio\/#primaryimage\",\"url\":\"https:\/\/www.padreeustaquio.com.br\/wp-content\/uploads\/2021\/04\/irmaos-comemoram-dia-do-Fundador.jpeg\",\"contentUrl\":\"https:\/\/www.padreeustaquio.com.br\/wp-content\/uploads\/2021\/04\/irmaos-comemoram-dia-do-Fundador.jpeg\",\"width\":620,\"height\":464},{\"@type\":\"BreadcrumbList\",\"@id\":\"https:\/\/www.padreeustaquio.com.br\/dia-do-fundador-dos-sagrados-coracoes-e-comemorado-na-igreja-do-padre-eustaquio\/#breadcrumb\",\"itemListElement\":[{\"@type\":\"ListItem\",\"position\":1,\"name\":\"In\u00edcio\",\"item\":\"https:\/\/www.padreeustaquio.com.br\/\"},{\"@type\":\"ListItem\",\"position\":2,\"name\":\"Dia do fundador dos Sagrados Cora\u00e7\u00f5es \u00e9 comemorado na igreja do Padre Eust\u00e1quio\"}]},{\"@type\":\"WebSite\",\"@id\":\"https:\/\/www.padreeustaquio.com.br\/#website\",\"url\":\"https:\/\/www.padreeustaquio.com.br\/\",\"name\":\"Padre Eust\u00e1quio\",\"description\":\"Sa\u00fade e Paz\",\"publisher\":{\"@id\":\"https:\/\/www.padreeustaquio.com.br\/#organization\"},\"potentialAction\":[{\"@type\":\"SearchAction\",\"target\":{\"@type\":\"EntryPoint\",\"urlTemplate\":\"https:\/\/www.padreeustaquio.com.br\/?s={search_term_string}\"},\"query-input\":{\"@type\":\"PropertyValueSpecification\",\"valueRequired\":true,\"valueName\":\"search_term_string\"}}],\"inLanguage\":\"es\"},{\"@type\":\"Organization\",\"@id\":\"https:\/\/www.padreeustaquio.com.br\/#organization\",\"name\":\"Padre Eust\u00e1quio\",\"url\":\"https:\/\/www.padreeustaquio.com.br\/\",\"logo\":{\"@type\":\"ImageObject\",\"inLanguage\":\"es\",\"@id\":\"https:\/\/www.padreeustaquio.com.br\/#\/schema\/logo\/image\/\",\"url\":\"https:\/\/www.padreeustaquio.com.br\/wp-content\/uploads\/2019\/08\/marca.png\",\"contentUrl\":\"https:\/\/www.padreeustaquio.com.br\/wp-content\/uploads\/2019\/08\/marca.png\",\"width\":350,\"height\":400,\"caption\":\"Padre Eust\u00e1quio\"},\"image\":{\"@id\":\"https:\/\/www.padreeustaquio.com.br\/#\/schema\/logo\/image\/\"},\"sameAs\":[\"https:\/\/www.facebook.com\/beatopadreeustaquio\/\",\"https:\/\/x.com\/beatopeustaquio\",\"https:\/\/www.instagram.com\/beatopadreeustaquio\/\",\"https:\/\/www.youtube.com\/channel\/UCRhw7vfabnajwLxb1ZXMeIw\"]},{\"@type\":\"Person\",\"@id\":\"https:\/\/www.padreeustaquio.com.br\/#\/schema\/person\/a2a51db1d00f1a7af0204a0f1ddb1566\",\"name\":\"@sscc\",\"image\":{\"@type\":\"ImageObject\",\"inLanguage\":\"es\",\"@id\":\"https:\/\/secure.gravatar.com\/avatar\/68cfafa5f44617fea54071e215026e0ff06be366c3d54a8425f04fdcb86f8c5f?s=96&d=mm&r=g\",\"url\":\"https:\/\/secure.gravatar.com\/avatar\/68cfafa5f44617fea54071e215026e0ff06be366c3d54a8425f04fdcb86f8c5f?s=96&d=mm&r=g\",\"contentUrl\":\"https:\/\/secure.gravatar.com\/avatar\/68cfafa5f44617fea54071e215026e0ff06be366c3d54a8425f04fdcb86f8c5f?s=96&d=mm&r=g\",\"caption\":\"@sscc\"},\"url\":\"https:\/\/www.padreeustaquio.com.br\/es\/author\/sscc\/\"}]}<\/script>\n<!-- \/ Yoast SEO plugin. -->","yoast_head_json":{"title":"Se celebra la Fiesta del Fundador de los Sagrados Corazones en la Iglesia Padre Eust\u00e1quio - Padre Eust\u00e1quio","robots":{"index":"index","follow":"follow","max-snippet":"max-snippet:-1","max-image-preview":"max-image-preview:large","max-video-preview":"max-video-preview:-1"},"canonical":"https:\/\/www.padreeustaquio.com.br\/es\/el-dia-del-fundador-de-los-sagrados-corazones-se-celebra-en-la-iglesia-del-padre-eustaquio\/","og_locale":"es_ES","og_type":"article","og_title":"Dia do fundador dos Sagrados Cora\u00e7\u00f5es \u00e9 comemorado na igreja do Padre Eust\u00e1quio - Padre Eust\u00e1quio","og_description":"Irm\u00e3s e irm\u00e3os, membros da Congrega\u00e7\u00e3o dos Sagrados Cora\u00e7\u00f5es, se reuniram para realizar um momento de Adora\u00e7\u00e3o, diante do sacr\u00e1rio da capela do Sant\u00edssimo, no Santu\u00e1rio da Sa\u00fade e Paz, em Belo Horizonte. O momento foi de reflex\u00e3o em torno da vida do fundador da Congrega\u00e7\u00e3o, Padre Jos\u00e9 Maria Coudrin. No dia em que se comemora o &#8220;Bom pai&#8221;, como \u00e9 chamado pelos irm\u00e3os, eles fizeram leituras do texto oferecido pela Comiss\u00e3o do Patrim\u00f4nio Espiritual e Hist\u00f3rico dos Sagrados Cora\u00e7\u00f5es. J\u00e1 no s\u00e1bado, dia em que celebramos a P\u00e1scoa de Pierre Coudrin, a Pastoral Vocacional Juvenil das Irm\u00e3s realizou uma [&hellip;]","og_url":"https:\/\/www.padreeustaquio.com.br\/es\/el-dia-del-fundador-de-los-sagrados-corazones-se-celebra-en-la-iglesia-del-padre-eustaquio\/","og_site_name":"Padre Eust\u00e1quio","article_publisher":"https:\/\/www.facebook.com\/beatopadreeustaquio\/","article_published_time":"2021-04-08T10:20:53+00:00","article_modified_time":"2021-04-09T23:54:35+00:00","og_image":[{"width":620,"height":464,"url":"https:\/\/www.padreeustaquio.com.br\/wp-content\/uploads\/2021\/04\/irmaos-comemoram-dia-do-Fundador.jpeg","type":"image\/jpeg"}],"author":"@sscc","twitter_card":"summary_large_image","twitter_creator":"@beatopeustaquio","twitter_site":"@beatopeustaquio","twitter_misc":{"Escrito por":"@sscc","Tiempo de lectura":"1 minuto"},"schema":{"@context":"https:\/\/schema.org","@graph":[{"@type":"Article","@id":"https:\/\/www.padreeustaquio.com.br\/dia-do-fundador-dos-sagrados-coracoes-e-comemorado-na-igreja-do-padre-eustaquio\/#article","isPartOf":{"@id":"https:\/\/www.padreeustaquio.com.br\/dia-do-fundador-dos-sagrados-coracoes-e-comemorado-na-igreja-do-padre-eustaquio\/"},"author":{"name":"@sscc","@id":"https:\/\/www.padreeustaquio.com.br\/#\/schema\/person\/a2a51db1d00f1a7af0204a0f1ddb1566"},"headline":"Dia do fundador dos Sagrados Cora\u00e7\u00f5es \u00e9 comemorado na igreja do Padre Eust\u00e1quio","datePublished":"2021-04-08T10:20:53+00:00","dateModified":"2021-04-09T23:54:35+00:00","mainEntityOfPage":{"@id":"https:\/\/www.padreeustaquio.com.br\/dia-do-fundador-dos-sagrados-coracoes-e-comemorado-na-igreja-do-padre-eustaquio\/"},"wordCount":288,"commentCount":0,"publisher":{"@id":"https:\/\/www.padreeustaquio.com.br\/#organization"},"image":{"@id":"https:\/\/www.padreeustaquio.com.br\/dia-do-fundador-dos-sagrados-coracoes-e-comemorado-na-igreja-do-padre-eustaquio\/#primaryimage"},"thumbnailUrl":"https:\/\/www.padreeustaquio.com.br\/wp-content\/uploads\/2021\/04\/irmaos-comemoram-dia-do-Fundador.jpeg","articleSection":["Not\u00edcias"],"inLanguage":"es","potentialAction":[{"@type":"CommentAction","name":"Comment","target":["https:\/\/www.padreeustaquio.com.br\/dia-do-fundador-dos-sagrados-coracoes-e-comemorado-na-igreja-do-padre-eustaquio\/#respond"]}]},{"@type":"WebPage","@id":"https:\/\/www.padreeustaquio.com.br\/dia-do-fundador-dos-sagrados-coracoes-e-comemorado-na-igreja-do-padre-eustaquio\/","url":"https:\/\/www.padreeustaquio.com.br\/dia-do-fundador-dos-sagrados-coracoes-e-comemorado-na-igreja-do-padre-eustaquio\/","name":"Se celebra la Fiesta del Fundador de los Sagrados Corazones en la Iglesia Padre Eust\u00e1quio - Padre Eust\u00e1quio","isPartOf":{"@id":"https:\/\/www.padreeustaquio.com.br\/#website"},"primaryImageOfPage":{"@id":"https:\/\/www.padreeustaquio.com.br\/dia-do-fundador-dos-sagrados-coracoes-e-comemorado-na-igreja-do-padre-eustaquio\/#primaryimage"},"image":{"@id":"https:\/\/www.padreeustaquio.com.br\/dia-do-fundador-dos-sagrados-coracoes-e-comemorado-na-igreja-do-padre-eustaquio\/#primaryimage"},"thumbnailUrl":"https:\/\/www.padreeustaquio.com.br\/wp-content\/uploads\/2021\/04\/irmaos-comemoram-dia-do-Fundador.jpeg","datePublished":"2021-04-08T10:20:53+00:00","dateModified":"2021-04-09T23:54:35+00:00","breadcrumb":{"@id":"https:\/\/www.padreeustaquio.com.br\/dia-do-fundador-dos-sagrados-coracoes-e-comemorado-na-igreja-do-padre-eustaquio\/#breadcrumb"},"inLanguage":"es","potentialAction":[{"@type":"ReadAction","target":["https:\/\/www.padreeustaquio.com.br\/dia-do-fundador-dos-sagrados-coracoes-e-comemorado-na-igreja-do-padre-eustaquio\/"]}]},{"@type":"ImageObject","inLanguage":"es","@id":"https:\/\/www.padreeustaquio.com.br\/dia-do-fundador-dos-sagrados-coracoes-e-comemorado-na-igreja-do-padre-eustaquio\/#primaryimage","url":"https:\/\/www.padreeustaquio.com.br\/wp-content\/uploads\/2021\/04\/irmaos-comemoram-dia-do-Fundador.jpeg","contentUrl":"https:\/\/www.padreeustaquio.com.br\/wp-content\/uploads\/2021\/04\/irmaos-comemoram-dia-do-Fundador.jpeg","width":620,"height":464},{"@type":"BreadcrumbList","@id":"https:\/\/www.padreeustaquio.com.br\/dia-do-fundador-dos-sagrados-coracoes-e-comemorado-na-igreja-do-padre-eustaquio\/#breadcrumb","itemListElement":[{"@type":"ListItem","position":1,"name":"In\u00edcio","item":"https:\/\/www.padreeustaquio.com.br\/"},{"@type":"ListItem","position":2,"name":"Dia do fundador dos Sagrados Cora\u00e7\u00f5es \u00e9 comemorado na igreja do Padre Eust\u00e1quio"}]},{"@type":"WebSite","@id":"https:\/\/www.padreeustaquio.com.br\/#website","url":"https:\/\/www.padreeustaquio.com.br\/","name":"Padre Eustace","description":"Salud y Paz","publisher":{"@id":"https:\/\/www.padreeustaquio.com.br\/#organization"},"potentialAction":[{"@type":"SearchAction","target":{"@type":"EntryPoint","urlTemplate":"https:\/\/www.padreeustaquio.com.br\/?s={search_term_string}"},"query-input":{"@type":"PropertyValueSpecification","valueRequired":true,"valueName":"search_term_string"}}],"inLanguage":"es"},{"@type":"Organization","@id":"https:\/\/www.padreeustaquio.com.br\/#organization","name":"Padre Eustace","url":"https:\/\/www.padreeustaquio.com.br\/","logo":{"@type":"ImageObject","inLanguage":"es","@id":"https:\/\/www.padreeustaquio.com.br\/#\/schema\/logo\/image\/","url":"https:\/\/www.padreeustaquio.com.br\/wp-content\/uploads\/2019\/08\/marca.png","contentUrl":"https:\/\/www.padreeustaquio.com.br\/wp-content\/uploads\/2019\/08\/marca.png","width":350,"height":400,"caption":"Padre Eust\u00e1quio"},"image":{"@id":"https:\/\/www.padreeustaquio.com.br\/#\/schema\/logo\/image\/"},"sameAs":["https:\/\/www.facebook.com\/beatopadreeustaquio\/","https:\/\/x.com\/beatopeustaquio","https:\/\/www.instagram.com\/beatopadreeustaquio\/","https:\/\/www.youtube.com\/channel\/UCRhw7vfabnajwLxb1ZXMeIw"]},{"@type":"Person","@id":"https:\/\/www.padreeustaquio.com.br\/#\/schema\/person\/a2a51db1d00f1a7af0204a0f1ddb1566","name":"@sscc","image":{"@type":"ImageObject","inLanguage":"es","@id":"https:\/\/secure.gravatar.com\/avatar\/68cfafa5f44617fea54071e215026e0ff06be366c3d54a8425f04fdcb86f8c5f?s=96&d=mm&r=g","url":"https:\/\/secure.gravatar.com\/avatar\/68cfafa5f44617fea54071e215026e0ff06be366c3d54a8425f04fdcb86f8c5f?s=96&d=mm&r=g","contentUrl":"https:\/\/secure.gravatar.com\/avatar\/68cfafa5f44617fea54071e215026e0ff06be366c3d54a8425f04fdcb86f8c5f?s=96&d=mm&r=g","caption":"@sscc"},"url":"https:\/\/www.padreeustaquio.com.br\/es\/author\/sscc\/"}]}},"_links":{"self":[{"href":"https:\/\/www.padreeustaquio.com.br\/es\/wp-json\/wp\/v2\/posts\/5471","targetHints":{"allow":["GET"]}}],"collection":[{"href":"https:\/\/www.padreeustaquio.com.br\/es\/wp-json\/wp\/v2\/posts"}],"about":[{"href":"https:\/\/www.padreeustaquio.com.br\/es\/wp-json\/wp\/v2\/types\/post"}],"author":[{"embeddable":true,"href":"https:\/\/www.padreeustaquio.com.br\/es\/wp-json\/wp\/v2\/users\/2"}],"replies":[{"embeddable":true,"href":"https:\/\/www.padreeustaquio.com.br\/es\/wp-json\/wp\/v2\/comments?post=5471"}],"version-history":[{"count":0,"href":"https:\/\/www.padreeustaquio.com.br\/es\/wp-json\/wp\/v2\/posts\/5471\/revisions"}],"wp:featuredmedia":[{"embeddable":true,"href":"https:\/\/www.padreeustaquio.com.br\/es\/wp-json\/wp\/v2\/media\/5472"}],"wp:attachment":[{"href":"https:\/\/www.padreeustaquio.com.br\/es\/wp-json\/wp\/v2\/media?parent=5471"}],"wp:term":[{"taxonomy":"category","embeddable":true,"href":"https:\/\/www.padreeustaquio.com.br\/es\/wp-json\/wp\/v2\/categories?post=5471"},{"taxonomy":"post_tag","embeddable":true,"href":"https:\/\/www.padreeustaquio.com.br\/es\/wp-json\/wp\/v2\/tags?post=5471"}],"curies":[{"name":"wp","href":"https:\/\/api.w.org\/{rel}","templated":true}]}}