{"id":5421,"date":"2021-04-06T07:54:04","date_gmt":"2021-04-06T10:54:04","guid":{"rendered":"https:\/\/www.padreeustaquio.com.br\/?p=5421"},"modified":"2021-04-04T21:05:20","modified_gmt":"2021-04-05T00:05:20","slug":"un-libro-de-la-arquidiocesis-de-belo-horizonte-incluye-un-capitulo-sobre-el-padre-eustaquio","status":"publish","type":"post","link":"https:\/\/www.padreeustaquio.com.br\/es\/un-libro-de-la-arquidiocesis-de-belo-horizonte-incluye-un-capitulo-sobre-el-padre-eustaquio\/","title":{"rendered":"Libro de la Arquidi\u00f3cesis de Belo Horizonte incluye un cap\u00edtulo sobre el Padre Eust\u00e1quio."},"content":{"rendered":"<p>En conmemoraci\u00f3n del centenario de la Arquidi\u00f3cesis de Belo Horizonte, celebrado en febrero de este a\u00f1o, se cre\u00f3 una colecci\u00f3n de publicaciones que presenta toda la historia de la Arquidi\u00f3cesis, destacando una mirada al pasado, el presente y las expectativas de futuro del municipio. La serie consta de diez libros, publicados anualmente; el primero se public\u00f3 en 2013.<\/p>\n<p>El n\u00famero 5, publicado este a\u00f1o, se centra en la vida consagrada. El volumen se divide en dos partes. Esta ofrece un panorama de la historia de las personas consagradas y de las primeras congregaciones fundadas en Belo Horizonte. Presenta las 50 congregaciones masculinas de la ciudad. La segunda parte se centra en las congregaciones femeninas, de las cuales existen m\u00e1s de 100 en la capital de Minas Gerais, desde las que exist\u00edan en el pasado hasta las que ya est\u00e1n establecidas.<\/p>\n<p>En el libro, publicado este a\u00f1o, uno de los cap\u00edtulos estuvo dedicado a la Congregaci\u00f3n de los Sagrados Corazones. El pasaje fue escrito por el vicepostulador de la Causa de Canonizaci\u00f3n del Beato Padre Eustaquio, Padre Vin\u00edcius Maciel, ss.cc.<\/p>\n<p>En este cap\u00edtulo, se puede aprender sobre el origen de la Congregaci\u00f3n de los Sagrados Corazones, su llegada a Brasil y la fundaci\u00f3n de la parroquia en Belo Horizonte por el Padre Eust\u00e1quio. Para los devotos del Beato, el libro tambi\u00e9n incluye un pasaje que narra la beatificaci\u00f3n del sacerdote holand\u00e9s durante la XII Torcida de Deus (Fiesta de los Ap\u00f3stoles), celebrada en 2006.<\/p>\n<p>Si le interesa saber m\u00e1s sobre las congregaciones de Belo Horizonte y la Arquidi\u00f3cesis, puede adquirir los libros en el rectorado de la PUC Minas. El n\u00famero de contacto es (31) 3319-4200.<\/p>","protected":false},"excerpt":{"rendered":"<p>Em comemora\u00e7\u00e3o ao centen\u00e1rio da Arquidiocese de Belo Horizonte, que foi celebrado em fevereiro deste ano, foi idealizada uma cole\u00e7\u00e3o de publica\u00e7\u00f5es que traz toda a hist\u00f3ria da Arquidiocese, destacando um olhar sobre o passado, o presente e as expectativas para o futuro no munic\u00edpio. A s\u00e9rie conta com dez livros, lan\u00e7ados anualmente, o primeiro foi publicado em 2013. A edi\u00e7\u00e3o n\u00famero 5, lan\u00e7ada este ano, traz como tema a vida consagrada. O volume foi dividido em dois fasc\u00edculos. Este mostra uma vis\u00e3o geral da hist\u00f3ria dos consagrados e as primeiras congrega\u00e7\u00f5es fundadas em Belo Horizonte. Ele apresenta as 50 [&hellip;]<\/p>\n","protected":false},"author":2,"featured_media":5422,"comment_status":"open","ping_status":"closed","sticky":false,"template":"","format":"standard","meta":{"_acf_changed":false,"footnotes":""},"categories":[611],"tags":[],"class_list":["post-5421","post","type-post","status-publish","format-standard","has-post-thumbnail","hentry","category-noticias"],"acf":[],"yoast_head":"<!-- This site is optimized with the Yoast SEO plugin v27.2 - https:\/\/yoast.com\/product\/yoast-seo-wordpress\/ -->\n<title>Livro da Arquidiocese de Belo Horizonte traz cap\u00edtulo sobre Padre Eust\u00e1quio - Padre Eust\u00e1quio<\/title>\n<meta name=\"robots\" content=\"index, follow, max-snippet:-1, max-image-preview:large, max-video-preview:-1\" \/>\n<link rel=\"canonical\" href=\"https:\/\/www.padreeustaquio.com.br\/es\/un-libro-de-la-arquidiocesis-de-belo-horizonte-incluye-un-capitulo-sobre-el-padre-eustaquio\/\" \/>\n<meta property=\"og:locale\" content=\"es_ES\" \/>\n<meta property=\"og:type\" content=\"article\" \/>\n<meta property=\"og:title\" content=\"Livro da Arquidiocese de Belo Horizonte traz cap\u00edtulo sobre Padre Eust\u00e1quio - Padre Eust\u00e1quio\" \/>\n<meta property=\"og:description\" content=\"Em comemora\u00e7\u00e3o ao centen\u00e1rio da Arquidiocese de Belo Horizonte, que foi celebrado em fevereiro deste ano, foi idealizada uma cole\u00e7\u00e3o de publica\u00e7\u00f5es que traz toda a hist\u00f3ria da Arquidiocese, destacando um olhar sobre o passado, o presente e as expectativas para o futuro no munic\u00edpio. A s\u00e9rie conta com dez livros, lan\u00e7ados anualmente, o primeiro foi publicado em 2013. A edi\u00e7\u00e3o n\u00famero 5, lan\u00e7ada este ano, traz como tema a vida consagrada. O volume foi dividido em dois fasc\u00edculos. Este mostra uma vis\u00e3o geral da hist\u00f3ria dos consagrados e as primeiras congrega\u00e7\u00f5es fundadas em Belo Horizonte. Ele apresenta as 50 [&hellip;]\" \/>\n<meta property=\"og:url\" content=\"https:\/\/www.padreeustaquio.com.br\/es\/un-libro-de-la-arquidiocesis-de-belo-horizonte-incluye-un-capitulo-sobre-el-padre-eustaquio\/\" \/>\n<meta property=\"og:site_name\" content=\"Padre Eust\u00e1quio\" \/>\n<meta property=\"article:publisher\" content=\"https:\/\/www.facebook.com\/beatopadreeustaquio\/\" \/>\n<meta property=\"article:published_time\" content=\"2021-04-06T10:54:04+00:00\" \/>\n<meta property=\"og:image\" content=\"https:\/\/www.padreeustaquio.com.br\/wp-content\/uploads\/2021\/04\/livro-arquidiocese.jpg\" \/>\n\t<meta property=\"og:image:width\" content=\"748\" \/>\n\t<meta property=\"og:image:height\" content=\"394\" \/>\n\t<meta property=\"og:image:type\" content=\"image\/jpeg\" \/>\n<meta name=\"author\" content=\"@sscc\" \/>\n<meta name=\"twitter:card\" content=\"summary_large_image\" \/>\n<meta name=\"twitter:creator\" content=\"@beatopeustaquio\" \/>\n<meta name=\"twitter:site\" content=\"@beatopeustaquio\" \/>\n<meta name=\"twitter:label1\" content=\"Escrito por\" \/>\n\t<meta name=\"twitter:data1\" content=\"@sscc\" \/>\n\t<meta name=\"twitter:label2\" content=\"Tiempo de lectura\" \/>\n\t<meta name=\"twitter:data2\" content=\"1 minuto\" \/>\n<script type=\"application\/ld+json\" class=\"yoast-schema-graph\">{\"@context\":\"https:\/\/schema.org\",\"@graph\":[{\"@type\":\"Article\",\"@id\":\"https:\/\/www.padreeustaquio.com.br\/livro-da-arquidiocese-de-belo-horizonte-traz-capitulo-sobre-padre-eustaquio\/#article\",\"isPartOf\":{\"@id\":\"https:\/\/www.padreeustaquio.com.br\/livro-da-arquidiocese-de-belo-horizonte-traz-capitulo-sobre-padre-eustaquio\/\"},\"author\":{\"name\":\"@sscc\",\"@id\":\"https:\/\/www.padreeustaquio.com.br\/#\/schema\/person\/a2a51db1d00f1a7af0204a0f1ddb1566\"},\"headline\":\"Livro da Arquidiocese de Belo Horizonte traz cap\u00edtulo sobre Padre Eust\u00e1quio\",\"datePublished\":\"2021-04-06T10:54:04+00:00\",\"mainEntityOfPage\":{\"@id\":\"https:\/\/www.padreeustaquio.com.br\/livro-da-arquidiocese-de-belo-horizonte-traz-capitulo-sobre-padre-eustaquio\/\"},\"wordCount\":291,\"commentCount\":0,\"publisher\":{\"@id\":\"https:\/\/www.padreeustaquio.com.br\/#organization\"},\"image\":{\"@id\":\"https:\/\/www.padreeustaquio.com.br\/livro-da-arquidiocese-de-belo-horizonte-traz-capitulo-sobre-padre-eustaquio\/#primaryimage\"},\"thumbnailUrl\":\"https:\/\/www.padreeustaquio.com.br\/wp-content\/uploads\/2021\/04\/livro-arquidiocese.jpg\",\"articleSection\":[\"Not\u00edcias\"],\"inLanguage\":\"es\",\"potentialAction\":[{\"@type\":\"CommentAction\",\"name\":\"Comment\",\"target\":[\"https:\/\/www.padreeustaquio.com.br\/livro-da-arquidiocese-de-belo-horizonte-traz-capitulo-sobre-padre-eustaquio\/#respond\"]}]},{\"@type\":\"WebPage\",\"@id\":\"https:\/\/www.padreeustaquio.com.br\/livro-da-arquidiocese-de-belo-horizonte-traz-capitulo-sobre-padre-eustaquio\/\",\"url\":\"https:\/\/www.padreeustaquio.com.br\/livro-da-arquidiocese-de-belo-horizonte-traz-capitulo-sobre-padre-eustaquio\/\",\"name\":\"Livro da Arquidiocese de Belo Horizonte traz cap\u00edtulo sobre Padre Eust\u00e1quio - Padre Eust\u00e1quio\",\"isPartOf\":{\"@id\":\"https:\/\/www.padreeustaquio.com.br\/#website\"},\"primaryImageOfPage\":{\"@id\":\"https:\/\/www.padreeustaquio.com.br\/livro-da-arquidiocese-de-belo-horizonte-traz-capitulo-sobre-padre-eustaquio\/#primaryimage\"},\"image\":{\"@id\":\"https:\/\/www.padreeustaquio.com.br\/livro-da-arquidiocese-de-belo-horizonte-traz-capitulo-sobre-padre-eustaquio\/#primaryimage\"},\"thumbnailUrl\":\"https:\/\/www.padreeustaquio.com.br\/wp-content\/uploads\/2021\/04\/livro-arquidiocese.jpg\",\"datePublished\":\"2021-04-06T10:54:04+00:00\",\"breadcrumb\":{\"@id\":\"https:\/\/www.padreeustaquio.com.br\/livro-da-arquidiocese-de-belo-horizonte-traz-capitulo-sobre-padre-eustaquio\/#breadcrumb\"},\"inLanguage\":\"es\",\"potentialAction\":[{\"@type\":\"ReadAction\",\"target\":[\"https:\/\/www.padreeustaquio.com.br\/livro-da-arquidiocese-de-belo-horizonte-traz-capitulo-sobre-padre-eustaquio\/\"]}]},{\"@type\":\"ImageObject\",\"inLanguage\":\"es\",\"@id\":\"https:\/\/www.padreeustaquio.com.br\/livro-da-arquidiocese-de-belo-horizonte-traz-capitulo-sobre-padre-eustaquio\/#primaryimage\",\"url\":\"https:\/\/www.padreeustaquio.com.br\/wp-content\/uploads\/2021\/04\/livro-arquidiocese.jpg\",\"contentUrl\":\"https:\/\/www.padreeustaquio.com.br\/wp-content\/uploads\/2021\/04\/livro-arquidiocese.jpg\",\"width\":748,\"height\":394},{\"@type\":\"BreadcrumbList\",\"@id\":\"https:\/\/www.padreeustaquio.com.br\/livro-da-arquidiocese-de-belo-horizonte-traz-capitulo-sobre-padre-eustaquio\/#breadcrumb\",\"itemListElement\":[{\"@type\":\"ListItem\",\"position\":1,\"name\":\"In\u00edcio\",\"item\":\"https:\/\/www.padreeustaquio.com.br\/\"},{\"@type\":\"ListItem\",\"position\":2,\"name\":\"Livro da Arquidiocese de Belo Horizonte traz cap\u00edtulo sobre Padre Eust\u00e1quio\"}]},{\"@type\":\"WebSite\",\"@id\":\"https:\/\/www.padreeustaquio.com.br\/#website\",\"url\":\"https:\/\/www.padreeustaquio.com.br\/\",\"name\":\"Padre Eust\u00e1quio\",\"description\":\"Sa\u00fade e Paz\",\"publisher\":{\"@id\":\"https:\/\/www.padreeustaquio.com.br\/#organization\"},\"potentialAction\":[{\"@type\":\"SearchAction\",\"target\":{\"@type\":\"EntryPoint\",\"urlTemplate\":\"https:\/\/www.padreeustaquio.com.br\/?s={search_term_string}\"},\"query-input\":{\"@type\":\"PropertyValueSpecification\",\"valueRequired\":true,\"valueName\":\"search_term_string\"}}],\"inLanguage\":\"es\"},{\"@type\":\"Organization\",\"@id\":\"https:\/\/www.padreeustaquio.com.br\/#organization\",\"name\":\"Padre Eust\u00e1quio\",\"url\":\"https:\/\/www.padreeustaquio.com.br\/\",\"logo\":{\"@type\":\"ImageObject\",\"inLanguage\":\"es\",\"@id\":\"https:\/\/www.padreeustaquio.com.br\/#\/schema\/logo\/image\/\",\"url\":\"https:\/\/www.padreeustaquio.com.br\/wp-content\/uploads\/2019\/08\/marca.png\",\"contentUrl\":\"https:\/\/www.padreeustaquio.com.br\/wp-content\/uploads\/2019\/08\/marca.png\",\"width\":350,\"height\":400,\"caption\":\"Padre Eust\u00e1quio\"},\"image\":{\"@id\":\"https:\/\/www.padreeustaquio.com.br\/#\/schema\/logo\/image\/\"},\"sameAs\":[\"https:\/\/www.facebook.com\/beatopadreeustaquio\/\",\"https:\/\/x.com\/beatopeustaquio\",\"https:\/\/www.instagram.com\/beatopadreeustaquio\/\",\"https:\/\/www.youtube.com\/channel\/UCRhw7vfabnajwLxb1ZXMeIw\"]},{\"@type\":\"Person\",\"@id\":\"https:\/\/www.padreeustaquio.com.br\/#\/schema\/person\/a2a51db1d00f1a7af0204a0f1ddb1566\",\"name\":\"@sscc\",\"image\":{\"@type\":\"ImageObject\",\"inLanguage\":\"es\",\"@id\":\"https:\/\/secure.gravatar.com\/avatar\/68cfafa5f44617fea54071e215026e0ff06be366c3d54a8425f04fdcb86f8c5f?s=96&d=mm&r=g\",\"url\":\"https:\/\/secure.gravatar.com\/avatar\/68cfafa5f44617fea54071e215026e0ff06be366c3d54a8425f04fdcb86f8c5f?s=96&d=mm&r=g\",\"contentUrl\":\"https:\/\/secure.gravatar.com\/avatar\/68cfafa5f44617fea54071e215026e0ff06be366c3d54a8425f04fdcb86f8c5f?s=96&d=mm&r=g\",\"caption\":\"@sscc\"},\"url\":\"https:\/\/www.padreeustaquio.com.br\/es\/author\/sscc\/\"}]}<\/script>\n<!-- \/ Yoast SEO plugin. -->","yoast_head_json":{"title":"Libro de la Arquidi\u00f3cesis de Belo Horizonte incluye un cap\u00edtulo sobre el Padre Eust\u00e1quio - Padre Eust\u00e1quio","robots":{"index":"index","follow":"follow","max-snippet":"max-snippet:-1","max-image-preview":"max-image-preview:large","max-video-preview":"max-video-preview:-1"},"canonical":"https:\/\/www.padreeustaquio.com.br\/es\/un-libro-de-la-arquidiocesis-de-belo-horizonte-incluye-un-capitulo-sobre-el-padre-eustaquio\/","og_locale":"es_ES","og_type":"article","og_title":"Livro da Arquidiocese de Belo Horizonte traz cap\u00edtulo sobre Padre Eust\u00e1quio - Padre Eust\u00e1quio","og_description":"Em comemora\u00e7\u00e3o ao centen\u00e1rio da Arquidiocese de Belo Horizonte, que foi celebrado em fevereiro deste ano, foi idealizada uma cole\u00e7\u00e3o de publica\u00e7\u00f5es que traz toda a hist\u00f3ria da Arquidiocese, destacando um olhar sobre o passado, o presente e as expectativas para o futuro no munic\u00edpio. A s\u00e9rie conta com dez livros, lan\u00e7ados anualmente, o primeiro foi publicado em 2013. A edi\u00e7\u00e3o n\u00famero 5, lan\u00e7ada este ano, traz como tema a vida consagrada. O volume foi dividido em dois fasc\u00edculos. Este mostra uma vis\u00e3o geral da hist\u00f3ria dos consagrados e as primeiras congrega\u00e7\u00f5es fundadas em Belo Horizonte. Ele apresenta as 50 [&hellip;]","og_url":"https:\/\/www.padreeustaquio.com.br\/es\/un-libro-de-la-arquidiocesis-de-belo-horizonte-incluye-un-capitulo-sobre-el-padre-eustaquio\/","og_site_name":"Padre Eust\u00e1quio","article_publisher":"https:\/\/www.facebook.com\/beatopadreeustaquio\/","article_published_time":"2021-04-06T10:54:04+00:00","og_image":[{"width":748,"height":394,"url":"https:\/\/www.padreeustaquio.com.br\/wp-content\/uploads\/2021\/04\/livro-arquidiocese.jpg","type":"image\/jpeg"}],"author":"@sscc","twitter_card":"summary_large_image","twitter_creator":"@beatopeustaquio","twitter_site":"@beatopeustaquio","twitter_misc":{"Escrito por":"@sscc","Tiempo de lectura":"1 minuto"},"schema":{"@context":"https:\/\/schema.org","@graph":[{"@type":"Article","@id":"https:\/\/www.padreeustaquio.com.br\/livro-da-arquidiocese-de-belo-horizonte-traz-capitulo-sobre-padre-eustaquio\/#article","isPartOf":{"@id":"https:\/\/www.padreeustaquio.com.br\/livro-da-arquidiocese-de-belo-horizonte-traz-capitulo-sobre-padre-eustaquio\/"},"author":{"name":"@sscc","@id":"https:\/\/www.padreeustaquio.com.br\/#\/schema\/person\/a2a51db1d00f1a7af0204a0f1ddb1566"},"headline":"Livro da Arquidiocese de Belo Horizonte traz cap\u00edtulo sobre Padre Eust\u00e1quio","datePublished":"2021-04-06T10:54:04+00:00","mainEntityOfPage":{"@id":"https:\/\/www.padreeustaquio.com.br\/livro-da-arquidiocese-de-belo-horizonte-traz-capitulo-sobre-padre-eustaquio\/"},"wordCount":291,"commentCount":0,"publisher":{"@id":"https:\/\/www.padreeustaquio.com.br\/#organization"},"image":{"@id":"https:\/\/www.padreeustaquio.com.br\/livro-da-arquidiocese-de-belo-horizonte-traz-capitulo-sobre-padre-eustaquio\/#primaryimage"},"thumbnailUrl":"https:\/\/www.padreeustaquio.com.br\/wp-content\/uploads\/2021\/04\/livro-arquidiocese.jpg","articleSection":["Not\u00edcias"],"inLanguage":"es","potentialAction":[{"@type":"CommentAction","name":"Comment","target":["https:\/\/www.padreeustaquio.com.br\/livro-da-arquidiocese-de-belo-horizonte-traz-capitulo-sobre-padre-eustaquio\/#respond"]}]},{"@type":"WebPage","@id":"https:\/\/www.padreeustaquio.com.br\/livro-da-arquidiocese-de-belo-horizonte-traz-capitulo-sobre-padre-eustaquio\/","url":"https:\/\/www.padreeustaquio.com.br\/livro-da-arquidiocese-de-belo-horizonte-traz-capitulo-sobre-padre-eustaquio\/","name":"Libro de la Arquidi\u00f3cesis de Belo Horizonte incluye un cap\u00edtulo sobre el Padre Eust\u00e1quio - Padre Eust\u00e1quio","isPartOf":{"@id":"https:\/\/www.padreeustaquio.com.br\/#website"},"primaryImageOfPage":{"@id":"https:\/\/www.padreeustaquio.com.br\/livro-da-arquidiocese-de-belo-horizonte-traz-capitulo-sobre-padre-eustaquio\/#primaryimage"},"image":{"@id":"https:\/\/www.padreeustaquio.com.br\/livro-da-arquidiocese-de-belo-horizonte-traz-capitulo-sobre-padre-eustaquio\/#primaryimage"},"thumbnailUrl":"https:\/\/www.padreeustaquio.com.br\/wp-content\/uploads\/2021\/04\/livro-arquidiocese.jpg","datePublished":"2021-04-06T10:54:04+00:00","breadcrumb":{"@id":"https:\/\/www.padreeustaquio.com.br\/livro-da-arquidiocese-de-belo-horizonte-traz-capitulo-sobre-padre-eustaquio\/#breadcrumb"},"inLanguage":"es","potentialAction":[{"@type":"ReadAction","target":["https:\/\/www.padreeustaquio.com.br\/livro-da-arquidiocese-de-belo-horizonte-traz-capitulo-sobre-padre-eustaquio\/"]}]},{"@type":"ImageObject","inLanguage":"es","@id":"https:\/\/www.padreeustaquio.com.br\/livro-da-arquidiocese-de-belo-horizonte-traz-capitulo-sobre-padre-eustaquio\/#primaryimage","url":"https:\/\/www.padreeustaquio.com.br\/wp-content\/uploads\/2021\/04\/livro-arquidiocese.jpg","contentUrl":"https:\/\/www.padreeustaquio.com.br\/wp-content\/uploads\/2021\/04\/livro-arquidiocese.jpg","width":748,"height":394},{"@type":"BreadcrumbList","@id":"https:\/\/www.padreeustaquio.com.br\/livro-da-arquidiocese-de-belo-horizonte-traz-capitulo-sobre-padre-eustaquio\/#breadcrumb","itemListElement":[{"@type":"ListItem","position":1,"name":"In\u00edcio","item":"https:\/\/www.padreeustaquio.com.br\/"},{"@type":"ListItem","position":2,"name":"Livro da Arquidiocese de Belo Horizonte traz cap\u00edtulo sobre Padre Eust\u00e1quio"}]},{"@type":"WebSite","@id":"https:\/\/www.padreeustaquio.com.br\/#website","url":"https:\/\/www.padreeustaquio.com.br\/","name":"Padre Eustace","description":"Salud y Paz","publisher":{"@id":"https:\/\/www.padreeustaquio.com.br\/#organization"},"potentialAction":[{"@type":"SearchAction","target":{"@type":"EntryPoint","urlTemplate":"https:\/\/www.padreeustaquio.com.br\/?s={search_term_string}"},"query-input":{"@type":"PropertyValueSpecification","valueRequired":true,"valueName":"search_term_string"}}],"inLanguage":"es"},{"@type":"Organization","@id":"https:\/\/www.padreeustaquio.com.br\/#organization","name":"Padre Eustace","url":"https:\/\/www.padreeustaquio.com.br\/","logo":{"@type":"ImageObject","inLanguage":"es","@id":"https:\/\/www.padreeustaquio.com.br\/#\/schema\/logo\/image\/","url":"https:\/\/www.padreeustaquio.com.br\/wp-content\/uploads\/2019\/08\/marca.png","contentUrl":"https:\/\/www.padreeustaquio.com.br\/wp-content\/uploads\/2019\/08\/marca.png","width":350,"height":400,"caption":"Padre Eust\u00e1quio"},"image":{"@id":"https:\/\/www.padreeustaquio.com.br\/#\/schema\/logo\/image\/"},"sameAs":["https:\/\/www.facebook.com\/beatopadreeustaquio\/","https:\/\/x.com\/beatopeustaquio","https:\/\/www.instagram.com\/beatopadreeustaquio\/","https:\/\/www.youtube.com\/channel\/UCRhw7vfabnajwLxb1ZXMeIw"]},{"@type":"Person","@id":"https:\/\/www.padreeustaquio.com.br\/#\/schema\/person\/a2a51db1d00f1a7af0204a0f1ddb1566","name":"@sscc","image":{"@type":"ImageObject","inLanguage":"es","@id":"https:\/\/secure.gravatar.com\/avatar\/68cfafa5f44617fea54071e215026e0ff06be366c3d54a8425f04fdcb86f8c5f?s=96&d=mm&r=g","url":"https:\/\/secure.gravatar.com\/avatar\/68cfafa5f44617fea54071e215026e0ff06be366c3d54a8425f04fdcb86f8c5f?s=96&d=mm&r=g","contentUrl":"https:\/\/secure.gravatar.com\/avatar\/68cfafa5f44617fea54071e215026e0ff06be366c3d54a8425f04fdcb86f8c5f?s=96&d=mm&r=g","caption":"@sscc"},"url":"https:\/\/www.padreeustaquio.com.br\/es\/author\/sscc\/"}]}},"_links":{"self":[{"href":"https:\/\/www.padreeustaquio.com.br\/es\/wp-json\/wp\/v2\/posts\/5421","targetHints":{"allow":["GET"]}}],"collection":[{"href":"https:\/\/www.padreeustaquio.com.br\/es\/wp-json\/wp\/v2\/posts"}],"about":[{"href":"https:\/\/www.padreeustaquio.com.br\/es\/wp-json\/wp\/v2\/types\/post"}],"author":[{"embeddable":true,"href":"https:\/\/www.padreeustaquio.com.br\/es\/wp-json\/wp\/v2\/users\/2"}],"replies":[{"embeddable":true,"href":"https:\/\/www.padreeustaquio.com.br\/es\/wp-json\/wp\/v2\/comments?post=5421"}],"version-history":[{"count":0,"href":"https:\/\/www.padreeustaquio.com.br\/es\/wp-json\/wp\/v2\/posts\/5421\/revisions"}],"wp:featuredmedia":[{"embeddable":true,"href":"https:\/\/www.padreeustaquio.com.br\/es\/wp-json\/wp\/v2\/media\/5422"}],"wp:attachment":[{"href":"https:\/\/www.padreeustaquio.com.br\/es\/wp-json\/wp\/v2\/media?parent=5421"}],"wp:term":[{"taxonomy":"category","embeddable":true,"href":"https:\/\/www.padreeustaquio.com.br\/es\/wp-json\/wp\/v2\/categories?post=5421"},{"taxonomy":"post_tag","embeddable":true,"href":"https:\/\/www.padreeustaquio.com.br\/es\/wp-json\/wp\/v2\/tags?post=5421"}],"curies":[{"name":"wp","href":"https:\/\/api.w.org\/{rel}","templated":true}]}}