{"id":5416,"date":"2021-04-05T08:10:42","date_gmt":"2021-04-05T11:10:42","guid":{"rendered":"https:\/\/www.padreeustaquio.com.br\/?p=5416"},"modified":"2021-04-04T20:42:58","modified_gmt":"2021-04-04T23:42:58","slug":"el-altar-del-santuario-de-salud-y-paz-esta-en-renovacion","status":"publish","type":"post","link":"https:\/\/www.padreeustaquio.com.br\/es\/el-altar-del-santuario-de-salud-y-paz-esta-en-renovacion\/","title":{"rendered":"Altar del Santuario de la Salud y la Paz en remodelaci\u00f3n."},"content":{"rendered":"<p>El altar del Santuario de la Salud y la Paz, la iglesia del Padre Eust\u00e1quio, fue renovado al final de la Cuaresma. El resultado se revel\u00f3 el pasado fin de semana durante el Triduo Pascual. En su lugar, Jes\u00fas Resucitado da paso a Cristo Crucificado, quien durante muchos a\u00f1os form\u00f3 parte del presbiterio de la iglesia.<\/p>\n<p>Esta obra forma parte del proceso de recuperaci\u00f3n de las ra\u00edces del Santuario de Salud y Paz, que busca que la iglesia se acerque lo m\u00e1s posible al proyecto concebido por el Beato Padre Eust\u00e1quio antes de su fallecimiento. La renovaci\u00f3n fue posible gracias a la donaci\u00f3n de una familia devota del Beato Padre.<\/p>\n<p>La cruz en el altar de las iglesias representa a Cristo en el centro de la acci\u00f3n lit\u00fargica en su misterio pascual. Si quieres saber m\u00e1s sobre este simbolismo, <a href=\"https:\/\/www.padreeustaquio.com.br\/es\/el-significado-de-jesus-crucificado-en-los-altares-de-las-iglesias\/\">Haga clic aqu\u00ed.<\/a><\/p>","protected":false},"excerpt":{"rendered":"<p>O Altar do Santu\u00e1rio Sa\u00fade e Paz, igreja do Padre Eust\u00e1quio, passou por uma reforma no fim dessa Quaresma. O resultado foi revelado neste final de semana, durante o Tr\u00edduo Pascal. No local, Jesus Ressuscitado d\u00e1 lugar ao Crucificado, que por muitos anos comp\u00f4s o presbit\u00e9rio da igreja. A obra faz parte do processo de resgate das ra\u00edzes do Santu\u00e1rio Sa\u00fade e Paz, que busca voltar a igreja o mais pr\u00f3ximo ao projeto sonhado pelo Beato Padre Eust\u00e1quio antes de morrer. A reforma s\u00f3 foi poss\u00edvel gra\u00e7as a doa\u00e7\u00e3o de uma fam\u00edlia devota do Bem-aventurado. A Cruz no altar das [&hellip;]<\/p>\n","protected":false},"author":2,"featured_media":5418,"comment_status":"open","ping_status":"closed","sticky":false,"template":"","format":"standard","meta":{"_acf_changed":false,"footnotes":""},"categories":[611],"tags":[],"class_list":["post-5416","post","type-post","status-publish","format-standard","has-post-thumbnail","hentry","category-noticias"],"acf":[],"yoast_head":"<!-- This site is optimized with the Yoast SEO plugin v27.2 - https:\/\/yoast.com\/product\/yoast-seo-wordpress\/ -->\n<title>Altar do Santu\u00e1rio Sa\u00fade e Paz passa por reforma - Padre Eust\u00e1quio<\/title>\n<meta name=\"robots\" content=\"index, follow, max-snippet:-1, max-image-preview:large, max-video-preview:-1\" \/>\n<link rel=\"canonical\" href=\"https:\/\/www.padreeustaquio.com.br\/es\/el-altar-del-santuario-de-salud-y-paz-esta-en-renovacion\/\" \/>\n<meta property=\"og:locale\" content=\"es_ES\" \/>\n<meta property=\"og:type\" content=\"article\" \/>\n<meta property=\"og:title\" content=\"Altar do Santu\u00e1rio Sa\u00fade e Paz passa por reforma - Padre Eust\u00e1quio\" \/>\n<meta property=\"og:description\" content=\"O Altar do Santu\u00e1rio Sa\u00fade e Paz, igreja do Padre Eust\u00e1quio, passou por uma reforma no fim dessa Quaresma. O resultado foi revelado neste final de semana, durante o Tr\u00edduo Pascal. No local, Jesus Ressuscitado d\u00e1 lugar ao Crucificado, que por muitos anos comp\u00f4s o presbit\u00e9rio da igreja. A obra faz parte do processo de resgate das ra\u00edzes do Santu\u00e1rio Sa\u00fade e Paz, que busca voltar a igreja o mais pr\u00f3ximo ao projeto sonhado pelo Beato Padre Eust\u00e1quio antes de morrer. A reforma s\u00f3 foi poss\u00edvel gra\u00e7as a doa\u00e7\u00e3o de uma fam\u00edlia devota do Bem-aventurado. A Cruz no altar das [&hellip;]\" \/>\n<meta property=\"og:url\" content=\"https:\/\/www.padreeustaquio.com.br\/es\/el-altar-del-santuario-de-salud-y-paz-esta-en-renovacion\/\" \/>\n<meta property=\"og:site_name\" content=\"Padre Eust\u00e1quio\" \/>\n<meta property=\"article:publisher\" content=\"https:\/\/www.facebook.com\/beatopadreeustaquio\/\" \/>\n<meta property=\"article:published_time\" content=\"2021-04-05T11:10:42+00:00\" \/>\n<meta property=\"og:image\" content=\"https:\/\/www.padreeustaquio.com.br\/wp-content\/uploads\/2021\/04\/reforma-altar.jpg\" \/>\n\t<meta property=\"og:image:width\" content=\"748\" \/>\n\t<meta property=\"og:image:height\" content=\"394\" \/>\n\t<meta property=\"og:image:type\" content=\"image\/jpeg\" \/>\n<meta name=\"author\" content=\"@sscc\" \/>\n<meta name=\"twitter:card\" content=\"summary_large_image\" \/>\n<meta name=\"twitter:creator\" content=\"@beatopeustaquio\" \/>\n<meta name=\"twitter:site\" content=\"@beatopeustaquio\" \/>\n<meta name=\"twitter:label1\" content=\"Escrito por\" \/>\n\t<meta name=\"twitter:data1\" content=\"@sscc\" \/>\n\t<meta name=\"twitter:label2\" content=\"Tiempo de lectura\" \/>\n\t<meta name=\"twitter:data2\" content=\"1 minuto\" \/>\n<script type=\"application\/ld+json\" class=\"yoast-schema-graph\">{\"@context\":\"https:\/\/schema.org\",\"@graph\":[{\"@type\":\"Article\",\"@id\":\"https:\/\/www.padreeustaquio.com.br\/altar-do-santuario-saude-e-paz-passa-por-reforma\/#article\",\"isPartOf\":{\"@id\":\"https:\/\/www.padreeustaquio.com.br\/altar-do-santuario-saude-e-paz-passa-por-reforma\/\"},\"author\":{\"name\":\"@sscc\",\"@id\":\"https:\/\/www.padreeustaquio.com.br\/#\/schema\/person\/a2a51db1d00f1a7af0204a0f1ddb1566\"},\"headline\":\"Altar do Santu\u00e1rio Sa\u00fade e Paz passa por reforma\",\"datePublished\":\"2021-04-05T11:10:42+00:00\",\"mainEntityOfPage\":{\"@id\":\"https:\/\/www.padreeustaquio.com.br\/altar-do-santuario-saude-e-paz-passa-por-reforma\/\"},\"wordCount\":151,\"commentCount\":0,\"publisher\":{\"@id\":\"https:\/\/www.padreeustaquio.com.br\/#organization\"},\"image\":{\"@id\":\"https:\/\/www.padreeustaquio.com.br\/altar-do-santuario-saude-e-paz-passa-por-reforma\/#primaryimage\"},\"thumbnailUrl\":\"https:\/\/www.padreeustaquio.com.br\/wp-content\/uploads\/2021\/04\/reforma-altar.jpg\",\"articleSection\":[\"Not\u00edcias\"],\"inLanguage\":\"es\",\"potentialAction\":[{\"@type\":\"CommentAction\",\"name\":\"Comment\",\"target\":[\"https:\/\/www.padreeustaquio.com.br\/altar-do-santuario-saude-e-paz-passa-por-reforma\/#respond\"]}]},{\"@type\":\"WebPage\",\"@id\":\"https:\/\/www.padreeustaquio.com.br\/altar-do-santuario-saude-e-paz-passa-por-reforma\/\",\"url\":\"https:\/\/www.padreeustaquio.com.br\/altar-do-santuario-saude-e-paz-passa-por-reforma\/\",\"name\":\"Altar do Santu\u00e1rio Sa\u00fade e Paz passa por reforma - Padre Eust\u00e1quio\",\"isPartOf\":{\"@id\":\"https:\/\/www.padreeustaquio.com.br\/#website\"},\"primaryImageOfPage\":{\"@id\":\"https:\/\/www.padreeustaquio.com.br\/altar-do-santuario-saude-e-paz-passa-por-reforma\/#primaryimage\"},\"image\":{\"@id\":\"https:\/\/www.padreeustaquio.com.br\/altar-do-santuario-saude-e-paz-passa-por-reforma\/#primaryimage\"},\"thumbnailUrl\":\"https:\/\/www.padreeustaquio.com.br\/wp-content\/uploads\/2021\/04\/reforma-altar.jpg\",\"datePublished\":\"2021-04-05T11:10:42+00:00\",\"breadcrumb\":{\"@id\":\"https:\/\/www.padreeustaquio.com.br\/altar-do-santuario-saude-e-paz-passa-por-reforma\/#breadcrumb\"},\"inLanguage\":\"es\",\"potentialAction\":[{\"@type\":\"ReadAction\",\"target\":[\"https:\/\/www.padreeustaquio.com.br\/altar-do-santuario-saude-e-paz-passa-por-reforma\/\"]}]},{\"@type\":\"ImageObject\",\"inLanguage\":\"es\",\"@id\":\"https:\/\/www.padreeustaquio.com.br\/altar-do-santuario-saude-e-paz-passa-por-reforma\/#primaryimage\",\"url\":\"https:\/\/www.padreeustaquio.com.br\/wp-content\/uploads\/2021\/04\/reforma-altar.jpg\",\"contentUrl\":\"https:\/\/www.padreeustaquio.com.br\/wp-content\/uploads\/2021\/04\/reforma-altar.jpg\",\"width\":748,\"height\":394},{\"@type\":\"BreadcrumbList\",\"@id\":\"https:\/\/www.padreeustaquio.com.br\/altar-do-santuario-saude-e-paz-passa-por-reforma\/#breadcrumb\",\"itemListElement\":[{\"@type\":\"ListItem\",\"position\":1,\"name\":\"In\u00edcio\",\"item\":\"https:\/\/www.padreeustaquio.com.br\/\"},{\"@type\":\"ListItem\",\"position\":2,\"name\":\"Altar do Santu\u00e1rio Sa\u00fade e Paz passa por reforma\"}]},{\"@type\":\"WebSite\",\"@id\":\"https:\/\/www.padreeustaquio.com.br\/#website\",\"url\":\"https:\/\/www.padreeustaquio.com.br\/\",\"name\":\"Padre Eust\u00e1quio\",\"description\":\"Sa\u00fade e Paz\",\"publisher\":{\"@id\":\"https:\/\/www.padreeustaquio.com.br\/#organization\"},\"potentialAction\":[{\"@type\":\"SearchAction\",\"target\":{\"@type\":\"EntryPoint\",\"urlTemplate\":\"https:\/\/www.padreeustaquio.com.br\/?s={search_term_string}\"},\"query-input\":{\"@type\":\"PropertyValueSpecification\",\"valueRequired\":true,\"valueName\":\"search_term_string\"}}],\"inLanguage\":\"es\"},{\"@type\":\"Organization\",\"@id\":\"https:\/\/www.padreeustaquio.com.br\/#organization\",\"name\":\"Padre Eust\u00e1quio\",\"url\":\"https:\/\/www.padreeustaquio.com.br\/\",\"logo\":{\"@type\":\"ImageObject\",\"inLanguage\":\"es\",\"@id\":\"https:\/\/www.padreeustaquio.com.br\/#\/schema\/logo\/image\/\",\"url\":\"https:\/\/www.padreeustaquio.com.br\/wp-content\/uploads\/2019\/08\/marca.png\",\"contentUrl\":\"https:\/\/www.padreeustaquio.com.br\/wp-content\/uploads\/2019\/08\/marca.png\",\"width\":350,\"height\":400,\"caption\":\"Padre Eust\u00e1quio\"},\"image\":{\"@id\":\"https:\/\/www.padreeustaquio.com.br\/#\/schema\/logo\/image\/\"},\"sameAs\":[\"https:\/\/www.facebook.com\/beatopadreeustaquio\/\",\"https:\/\/x.com\/beatopeustaquio\",\"https:\/\/www.instagram.com\/beatopadreeustaquio\/\",\"https:\/\/www.youtube.com\/channel\/UCRhw7vfabnajwLxb1ZXMeIw\"]},{\"@type\":\"Person\",\"@id\":\"https:\/\/www.padreeustaquio.com.br\/#\/schema\/person\/a2a51db1d00f1a7af0204a0f1ddb1566\",\"name\":\"@sscc\",\"image\":{\"@type\":\"ImageObject\",\"inLanguage\":\"es\",\"@id\":\"https:\/\/secure.gravatar.com\/avatar\/68cfafa5f44617fea54071e215026e0ff06be366c3d54a8425f04fdcb86f8c5f?s=96&d=mm&r=g\",\"url\":\"https:\/\/secure.gravatar.com\/avatar\/68cfafa5f44617fea54071e215026e0ff06be366c3d54a8425f04fdcb86f8c5f?s=96&d=mm&r=g\",\"contentUrl\":\"https:\/\/secure.gravatar.com\/avatar\/68cfafa5f44617fea54071e215026e0ff06be366c3d54a8425f04fdcb86f8c5f?s=96&d=mm&r=g\",\"caption\":\"@sscc\"},\"url\":\"https:\/\/www.padreeustaquio.com.br\/es\/author\/sscc\/\"}]}<\/script>\n<!-- \/ Yoast SEO plugin. -->","yoast_head_json":{"title":"Altar del Santuario de la Salud y la Paz en proceso de renovaci\u00f3n - Padre Eust\u00e1quio","robots":{"index":"index","follow":"follow","max-snippet":"max-snippet:-1","max-image-preview":"max-image-preview:large","max-video-preview":"max-video-preview:-1"},"canonical":"https:\/\/www.padreeustaquio.com.br\/es\/el-altar-del-santuario-de-salud-y-paz-esta-en-renovacion\/","og_locale":"es_ES","og_type":"article","og_title":"Altar do Santu\u00e1rio Sa\u00fade e Paz passa por reforma - Padre Eust\u00e1quio","og_description":"O Altar do Santu\u00e1rio Sa\u00fade e Paz, igreja do Padre Eust\u00e1quio, passou por uma reforma no fim dessa Quaresma. O resultado foi revelado neste final de semana, durante o Tr\u00edduo Pascal. No local, Jesus Ressuscitado d\u00e1 lugar ao Crucificado, que por muitos anos comp\u00f4s o presbit\u00e9rio da igreja. A obra faz parte do processo de resgate das ra\u00edzes do Santu\u00e1rio Sa\u00fade e Paz, que busca voltar a igreja o mais pr\u00f3ximo ao projeto sonhado pelo Beato Padre Eust\u00e1quio antes de morrer. A reforma s\u00f3 foi poss\u00edvel gra\u00e7as a doa\u00e7\u00e3o de uma fam\u00edlia devota do Bem-aventurado. A Cruz no altar das [&hellip;]","og_url":"https:\/\/www.padreeustaquio.com.br\/es\/el-altar-del-santuario-de-salud-y-paz-esta-en-renovacion\/","og_site_name":"Padre Eust\u00e1quio","article_publisher":"https:\/\/www.facebook.com\/beatopadreeustaquio\/","article_published_time":"2021-04-05T11:10:42+00:00","og_image":[{"width":748,"height":394,"url":"https:\/\/www.padreeustaquio.com.br\/wp-content\/uploads\/2021\/04\/reforma-altar.jpg","type":"image\/jpeg"}],"author":"@sscc","twitter_card":"summary_large_image","twitter_creator":"@beatopeustaquio","twitter_site":"@beatopeustaquio","twitter_misc":{"Escrito por":"@sscc","Tiempo de lectura":"1 minuto"},"schema":{"@context":"https:\/\/schema.org","@graph":[{"@type":"Article","@id":"https:\/\/www.padreeustaquio.com.br\/altar-do-santuario-saude-e-paz-passa-por-reforma\/#article","isPartOf":{"@id":"https:\/\/www.padreeustaquio.com.br\/altar-do-santuario-saude-e-paz-passa-por-reforma\/"},"author":{"name":"@sscc","@id":"https:\/\/www.padreeustaquio.com.br\/#\/schema\/person\/a2a51db1d00f1a7af0204a0f1ddb1566"},"headline":"Altar do Santu\u00e1rio Sa\u00fade e Paz passa por reforma","datePublished":"2021-04-05T11:10:42+00:00","mainEntityOfPage":{"@id":"https:\/\/www.padreeustaquio.com.br\/altar-do-santuario-saude-e-paz-passa-por-reforma\/"},"wordCount":151,"commentCount":0,"publisher":{"@id":"https:\/\/www.padreeustaquio.com.br\/#organization"},"image":{"@id":"https:\/\/www.padreeustaquio.com.br\/altar-do-santuario-saude-e-paz-passa-por-reforma\/#primaryimage"},"thumbnailUrl":"https:\/\/www.padreeustaquio.com.br\/wp-content\/uploads\/2021\/04\/reforma-altar.jpg","articleSection":["Not\u00edcias"],"inLanguage":"es","potentialAction":[{"@type":"CommentAction","name":"Comment","target":["https:\/\/www.padreeustaquio.com.br\/altar-do-santuario-saude-e-paz-passa-por-reforma\/#respond"]}]},{"@type":"WebPage","@id":"https:\/\/www.padreeustaquio.com.br\/altar-do-santuario-saude-e-paz-passa-por-reforma\/","url":"https:\/\/www.padreeustaquio.com.br\/altar-do-santuario-saude-e-paz-passa-por-reforma\/","name":"Altar del Santuario de la Salud y la Paz en proceso de renovaci\u00f3n - Padre Eust\u00e1quio","isPartOf":{"@id":"https:\/\/www.padreeustaquio.com.br\/#website"},"primaryImageOfPage":{"@id":"https:\/\/www.padreeustaquio.com.br\/altar-do-santuario-saude-e-paz-passa-por-reforma\/#primaryimage"},"image":{"@id":"https:\/\/www.padreeustaquio.com.br\/altar-do-santuario-saude-e-paz-passa-por-reforma\/#primaryimage"},"thumbnailUrl":"https:\/\/www.padreeustaquio.com.br\/wp-content\/uploads\/2021\/04\/reforma-altar.jpg","datePublished":"2021-04-05T11:10:42+00:00","breadcrumb":{"@id":"https:\/\/www.padreeustaquio.com.br\/altar-do-santuario-saude-e-paz-passa-por-reforma\/#breadcrumb"},"inLanguage":"es","potentialAction":[{"@type":"ReadAction","target":["https:\/\/www.padreeustaquio.com.br\/altar-do-santuario-saude-e-paz-passa-por-reforma\/"]}]},{"@type":"ImageObject","inLanguage":"es","@id":"https:\/\/www.padreeustaquio.com.br\/altar-do-santuario-saude-e-paz-passa-por-reforma\/#primaryimage","url":"https:\/\/www.padreeustaquio.com.br\/wp-content\/uploads\/2021\/04\/reforma-altar.jpg","contentUrl":"https:\/\/www.padreeustaquio.com.br\/wp-content\/uploads\/2021\/04\/reforma-altar.jpg","width":748,"height":394},{"@type":"BreadcrumbList","@id":"https:\/\/www.padreeustaquio.com.br\/altar-do-santuario-saude-e-paz-passa-por-reforma\/#breadcrumb","itemListElement":[{"@type":"ListItem","position":1,"name":"In\u00edcio","item":"https:\/\/www.padreeustaquio.com.br\/"},{"@type":"ListItem","position":2,"name":"Altar do Santu\u00e1rio Sa\u00fade e Paz passa por reforma"}]},{"@type":"WebSite","@id":"https:\/\/www.padreeustaquio.com.br\/#website","url":"https:\/\/www.padreeustaquio.com.br\/","name":"Padre Eustace","description":"Salud y Paz","publisher":{"@id":"https:\/\/www.padreeustaquio.com.br\/#organization"},"potentialAction":[{"@type":"SearchAction","target":{"@type":"EntryPoint","urlTemplate":"https:\/\/www.padreeustaquio.com.br\/?s={search_term_string}"},"query-input":{"@type":"PropertyValueSpecification","valueRequired":true,"valueName":"search_term_string"}}],"inLanguage":"es"},{"@type":"Organization","@id":"https:\/\/www.padreeustaquio.com.br\/#organization","name":"Padre Eustace","url":"https:\/\/www.padreeustaquio.com.br\/","logo":{"@type":"ImageObject","inLanguage":"es","@id":"https:\/\/www.padreeustaquio.com.br\/#\/schema\/logo\/image\/","url":"https:\/\/www.padreeustaquio.com.br\/wp-content\/uploads\/2019\/08\/marca.png","contentUrl":"https:\/\/www.padreeustaquio.com.br\/wp-content\/uploads\/2019\/08\/marca.png","width":350,"height":400,"caption":"Padre Eust\u00e1quio"},"image":{"@id":"https:\/\/www.padreeustaquio.com.br\/#\/schema\/logo\/image\/"},"sameAs":["https:\/\/www.facebook.com\/beatopadreeustaquio\/","https:\/\/x.com\/beatopeustaquio","https:\/\/www.instagram.com\/beatopadreeustaquio\/","https:\/\/www.youtube.com\/channel\/UCRhw7vfabnajwLxb1ZXMeIw"]},{"@type":"Person","@id":"https:\/\/www.padreeustaquio.com.br\/#\/schema\/person\/a2a51db1d00f1a7af0204a0f1ddb1566","name":"@sscc","image":{"@type":"ImageObject","inLanguage":"es","@id":"https:\/\/secure.gravatar.com\/avatar\/68cfafa5f44617fea54071e215026e0ff06be366c3d54a8425f04fdcb86f8c5f?s=96&d=mm&r=g","url":"https:\/\/secure.gravatar.com\/avatar\/68cfafa5f44617fea54071e215026e0ff06be366c3d54a8425f04fdcb86f8c5f?s=96&d=mm&r=g","contentUrl":"https:\/\/secure.gravatar.com\/avatar\/68cfafa5f44617fea54071e215026e0ff06be366c3d54a8425f04fdcb86f8c5f?s=96&d=mm&r=g","caption":"@sscc"},"url":"https:\/\/www.padreeustaquio.com.br\/es\/author\/sscc\/"}]}},"_links":{"self":[{"href":"https:\/\/www.padreeustaquio.com.br\/es\/wp-json\/wp\/v2\/posts\/5416","targetHints":{"allow":["GET"]}}],"collection":[{"href":"https:\/\/www.padreeustaquio.com.br\/es\/wp-json\/wp\/v2\/posts"}],"about":[{"href":"https:\/\/www.padreeustaquio.com.br\/es\/wp-json\/wp\/v2\/types\/post"}],"author":[{"embeddable":true,"href":"https:\/\/www.padreeustaquio.com.br\/es\/wp-json\/wp\/v2\/users\/2"}],"replies":[{"embeddable":true,"href":"https:\/\/www.padreeustaquio.com.br\/es\/wp-json\/wp\/v2\/comments?post=5416"}],"version-history":[{"count":0,"href":"https:\/\/www.padreeustaquio.com.br\/es\/wp-json\/wp\/v2\/posts\/5416\/revisions"}],"wp:featuredmedia":[{"embeddable":true,"href":"https:\/\/www.padreeustaquio.com.br\/es\/wp-json\/wp\/v2\/media\/5418"}],"wp:attachment":[{"href":"https:\/\/www.padreeustaquio.com.br\/es\/wp-json\/wp\/v2\/media?parent=5416"}],"wp:term":[{"taxonomy":"category","embeddable":true,"href":"https:\/\/www.padreeustaquio.com.br\/es\/wp-json\/wp\/v2\/categories?post=5416"},{"taxonomy":"post_tag","embeddable":true,"href":"https:\/\/www.padreeustaquio.com.br\/es\/wp-json\/wp\/v2\/tags?post=5416"}],"curies":[{"name":"wp","href":"https:\/\/api.w.org\/{rel}","templated":true}]}}