{"id":5397,"date":"2021-04-03T19:00:00","date_gmt":"2021-04-03T22:00:00","guid":{"rendered":"https:\/\/www.padreeustaquio.com.br\/?p=5397"},"modified":"2021-04-02T12:03:08","modified_gmt":"2021-04-02T15:03:08","slug":"domingo-de-pascua-celebra-en-casa-el-domingo-en-conmemoracion-de-la-resurreccion-del-senor","status":"publish","type":"post","link":"https:\/\/www.padreeustaquio.com.br\/es\/domingo-de-pascua-celebra-en-casa-el-domingo-en-conmemoracion-de-la-resurreccion-del-senor\/","title":{"rendered":"Domingo de Pascua \u2013 celebremos en casa el domingo en conmemoraci\u00f3n de la Resurrecci\u00f3n del Se\u00f1or."},"content":{"rendered":"<p>Las comunidades de fe de la Arquidi\u00f3cesis de Belo Horizonte celebran el Domingo de Pascua el 4 de abril. Para contribuir a sus oraciones en familia, la Arquidi\u00f3cesis pone a su disposici\u00f3n una gu\u00eda para celebrar el Domingo de Pascua en casa, elaborada por la Hermana Penha Carpanedo, de la Congregaci\u00f3n de las Disc\u00edpulas del Divino Maestro (Apostolado Lit\u00fargico), editora de la Revista Liturgia y miembro de la Red Celebra para la animaci\u00f3n lit\u00fargica.<\/p>\n<p>Aqu\u00ed ten\u00e9is un enlace para acceder a las pautas y canciones incluidas en el itinerario:\u00a0<a href=\"https:\/\/tinyurl.com\/hz5emndw\" data-auth=\"NotApplicable\" data-linkindex=\"0\">https:\/\/tinyurl.com\/hz5emndw<\/a><\/p>\n<p>Para recibir los guiones semanales, enviar un mensaje al WhatsApp de la Secretar\u00eda Arquidiocesana de Liturgia: (31) 98634-0614.<\/p>\n<p><em>\u201cEl Tiempo Pascual nace de la Vigilia; all\u00ed se pasa del luto a la alegr\u00eda, del ayuno a la fiesta, de la tristeza a la celebraci\u00f3n, de la muerte a la vida. Tiempo de alegr\u00eda, de acci\u00f3n de gracias, de profundizaci\u00f3n en el significado del misterio cristiano y de la vida en Cristo, del misterio de la Iglesia y, en consecuencia, del misterio de la comunidad cristiana, el Tiempo Pascual es el tiempo espiritual por excelencia del a\u00f1o lit\u00fargico.\u201d<\/em> <strong>(cf.:\u00a0<a href=\"https:\/\/tinyurl.com\/8hr892bk\" data-auth=\"NotApplicable\" data-linkindex=\"1\">https:\/\/tinyurl.com\/8hr892bk<\/a>)<\/strong><\/p>\n<p><strong>Descarga tu itinerario de celebraci\u00f3n:\u00a0<\/strong><a href=\"https:\/\/arquidiocesebh.org.br\/wp-content\/uploads\/2021\/03\/impressao-domingo-da-pascoa.pdf\">GUI\u00d3N DE CELEBRACI\u00d3N \u2013 DOMINGO DE PASCUA \u2013 PARA IMPRIMIR<\/a><\/p>\n<p><a href=\"https:\/\/arquidiocesebh.org.br\/wp-content\/uploads\/2021\/03\/celular-domingo-da-pascoa.pdf\">GUI\u00d3N DE CELEBRACI\u00d3N \u2013 DOMINGO DE PASCUA \u2013 PARA TEL\u00c9FONO M\u00d3VIL<\/a><\/p>\n<p>&nbsp;<\/p>\n<h6><strong>Fuente: <em>arquidiocesebh.org.br<\/em><\/strong><\/h6>","protected":false},"excerpt":{"rendered":"<p>As comunidades de f\u00e9 da Arquidiocese de Belo Horizonte celebram, no dia\u00a004 de abril, o\u00a0Domingo da P\u00e1scoa. E, afim de contribuir com as suas ora\u00e7\u00f5es em casa, com a sua fam\u00edlia, a Arquidiocese de Belo Horizonte, disponibiliza o roteiro para celebrar em casa o Domingo da mem\u00f3ria da Ressurrei\u00e7\u00e3o do Senhor, produzido pela Irm\u00e3 Penha Carpanedo,\u00a0da Congrega\u00e7\u00e3o Disc\u00edpulas do Divino Mestre (Apostolado lit\u00fargico), redatora da Revista de Liturgia e membro da Rede Celebra de anima\u00e7\u00e3o lit\u00fargica. Link para ter acesso \u00e0s orienta\u00e7\u00f5es e aos cantos presentes no roteiro:\u00a0https:\/\/tinyurl.com\/hz5emndw Para receber os roteiros semanalmente, envie mensagem para o WhatsApp do Secretariado [&hellip;]<\/p>\n","protected":false},"author":2,"featured_media":5398,"comment_status":"open","ping_status":"closed","sticky":false,"template":"","format":"standard","meta":{"_acf_changed":false,"footnotes":""},"categories":[611],"tags":[],"class_list":["post-5397","post","type-post","status-publish","format-standard","has-post-thumbnail","hentry","category-noticias"],"acf":[],"yoast_head":"<!-- This site is optimized with the Yoast SEO plugin v27.2 - https:\/\/yoast.com\/product\/yoast-seo-wordpress\/ -->\n<title>Domingo da P\u00e1scoa - celebre em casa o Domingo da mem\u00f3ria da Ressurrei\u00e7\u00e3o do Senhor - Padre Eust\u00e1quio<\/title>\n<meta name=\"robots\" content=\"index, follow, max-snippet:-1, max-image-preview:large, max-video-preview:-1\" \/>\n<link rel=\"canonical\" href=\"https:\/\/www.padreeustaquio.com.br\/es\/domingo-de-pascua-celebra-en-casa-el-domingo-en-conmemoracion-de-la-resurreccion-del-senor\/\" \/>\n<meta property=\"og:locale\" content=\"es_ES\" \/>\n<meta property=\"og:type\" content=\"article\" \/>\n<meta property=\"og:title\" content=\"Domingo da P\u00e1scoa - celebre em casa o Domingo da mem\u00f3ria da Ressurrei\u00e7\u00e3o do Senhor - Padre Eust\u00e1quio\" \/>\n<meta property=\"og:description\" content=\"As comunidades de f\u00e9 da Arquidiocese de Belo Horizonte celebram, no dia\u00a004 de abril, o\u00a0Domingo da P\u00e1scoa. E, afim de contribuir com as suas ora\u00e7\u00f5es em casa, com a sua fam\u00edlia, a Arquidiocese de Belo Horizonte, disponibiliza o roteiro para celebrar em casa o Domingo da mem\u00f3ria da Ressurrei\u00e7\u00e3o do Senhor, produzido pela Irm\u00e3 Penha Carpanedo,\u00a0da Congrega\u00e7\u00e3o Disc\u00edpulas do Divino Mestre (Apostolado lit\u00fargico), redatora da Revista de Liturgia e membro da Rede Celebra de anima\u00e7\u00e3o lit\u00fargica. Link para ter acesso \u00e0s orienta\u00e7\u00f5es e aos cantos presentes no roteiro:\u00a0https:\/\/tinyurl.com\/hz5emndw Para receber os roteiros semanalmente, envie mensagem para o WhatsApp do Secretariado [&hellip;]\" \/>\n<meta property=\"og:url\" content=\"https:\/\/www.padreeustaquio.com.br\/es\/domingo-de-pascua-celebra-en-casa-el-domingo-en-conmemoracion-de-la-resurreccion-del-senor\/\" \/>\n<meta property=\"og:site_name\" content=\"Padre Eust\u00e1quio\" \/>\n<meta property=\"article:publisher\" content=\"https:\/\/www.facebook.com\/beatopadreeustaquio\/\" \/>\n<meta property=\"article:published_time\" content=\"2021-04-03T22:00:00+00:00\" \/>\n<meta property=\"og:image\" content=\"https:\/\/www.padreeustaquio.com.br\/wp-content\/uploads\/2021\/04\/Roteiro-celebrativo-domingo-pascoa.jpg\" \/>\n\t<meta property=\"og:image:width\" content=\"748\" \/>\n\t<meta property=\"og:image:height\" content=\"394\" \/>\n\t<meta property=\"og:image:type\" content=\"image\/jpeg\" \/>\n<meta name=\"author\" content=\"@sscc\" \/>\n<meta name=\"twitter:card\" content=\"summary_large_image\" \/>\n<meta name=\"twitter:creator\" content=\"@beatopeustaquio\" \/>\n<meta name=\"twitter:site\" content=\"@beatopeustaquio\" \/>\n<meta name=\"twitter:label1\" content=\"Escrito por\" \/>\n\t<meta name=\"twitter:data1\" content=\"@sscc\" \/>\n\t<meta name=\"twitter:label2\" content=\"Tiempo de lectura\" \/>\n\t<meta name=\"twitter:data2\" content=\"1 minuto\" \/>\n<script type=\"application\/ld+json\" class=\"yoast-schema-graph\">{\"@context\":\"https:\/\/schema.org\",\"@graph\":[{\"@type\":\"Article\",\"@id\":\"https:\/\/www.padreeustaquio.com.br\/domingo-da-pascoa-celebre-em-casa-o-domingo-da-memoria-da-ressurreicao-do-senhor\/#article\",\"isPartOf\":{\"@id\":\"https:\/\/www.padreeustaquio.com.br\/domingo-da-pascoa-celebre-em-casa-o-domingo-da-memoria-da-ressurreicao-do-senhor\/\"},\"author\":{\"name\":\"@sscc\",\"@id\":\"https:\/\/www.padreeustaquio.com.br\/#\/schema\/person\/a2a51db1d00f1a7af0204a0f1ddb1566\"},\"headline\":\"Domingo da P\u00e1scoa &#8211; celebre em casa o Domingo da mem\u00f3ria da Ressurrei\u00e7\u00e3o do Senhor\",\"datePublished\":\"2021-04-03T22:00:00+00:00\",\"mainEntityOfPage\":{\"@id\":\"https:\/\/www.padreeustaquio.com.br\/domingo-da-pascoa-celebre-em-casa-o-domingo-da-memoria-da-ressurreicao-do-senhor\/\"},\"wordCount\":249,\"commentCount\":0,\"publisher\":{\"@id\":\"https:\/\/www.padreeustaquio.com.br\/#organization\"},\"image\":{\"@id\":\"https:\/\/www.padreeustaquio.com.br\/domingo-da-pascoa-celebre-em-casa-o-domingo-da-memoria-da-ressurreicao-do-senhor\/#primaryimage\"},\"thumbnailUrl\":\"https:\/\/www.padreeustaquio.com.br\/wp-content\/uploads\/2021\/04\/Roteiro-celebrativo-domingo-pascoa.jpg\",\"articleSection\":[\"Not\u00edcias\"],\"inLanguage\":\"es\",\"potentialAction\":[{\"@type\":\"CommentAction\",\"name\":\"Comment\",\"target\":[\"https:\/\/www.padreeustaquio.com.br\/domingo-da-pascoa-celebre-em-casa-o-domingo-da-memoria-da-ressurreicao-do-senhor\/#respond\"]}]},{\"@type\":\"WebPage\",\"@id\":\"https:\/\/www.padreeustaquio.com.br\/domingo-da-pascoa-celebre-em-casa-o-domingo-da-memoria-da-ressurreicao-do-senhor\/\",\"url\":\"https:\/\/www.padreeustaquio.com.br\/domingo-da-pascoa-celebre-em-casa-o-domingo-da-memoria-da-ressurreicao-do-senhor\/\",\"name\":\"Domingo da P\u00e1scoa - celebre em casa o Domingo da mem\u00f3ria da Ressurrei\u00e7\u00e3o do Senhor - Padre Eust\u00e1quio\",\"isPartOf\":{\"@id\":\"https:\/\/www.padreeustaquio.com.br\/#website\"},\"primaryImageOfPage\":{\"@id\":\"https:\/\/www.padreeustaquio.com.br\/domingo-da-pascoa-celebre-em-casa-o-domingo-da-memoria-da-ressurreicao-do-senhor\/#primaryimage\"},\"image\":{\"@id\":\"https:\/\/www.padreeustaquio.com.br\/domingo-da-pascoa-celebre-em-casa-o-domingo-da-memoria-da-ressurreicao-do-senhor\/#primaryimage\"},\"thumbnailUrl\":\"https:\/\/www.padreeustaquio.com.br\/wp-content\/uploads\/2021\/04\/Roteiro-celebrativo-domingo-pascoa.jpg\",\"datePublished\":\"2021-04-03T22:00:00+00:00\",\"breadcrumb\":{\"@id\":\"https:\/\/www.padreeustaquio.com.br\/domingo-da-pascoa-celebre-em-casa-o-domingo-da-memoria-da-ressurreicao-do-senhor\/#breadcrumb\"},\"inLanguage\":\"es\",\"potentialAction\":[{\"@type\":\"ReadAction\",\"target\":[\"https:\/\/www.padreeustaquio.com.br\/domingo-da-pascoa-celebre-em-casa-o-domingo-da-memoria-da-ressurreicao-do-senhor\/\"]}]},{\"@type\":\"ImageObject\",\"inLanguage\":\"es\",\"@id\":\"https:\/\/www.padreeustaquio.com.br\/domingo-da-pascoa-celebre-em-casa-o-domingo-da-memoria-da-ressurreicao-do-senhor\/#primaryimage\",\"url\":\"https:\/\/www.padreeustaquio.com.br\/wp-content\/uploads\/2021\/04\/Roteiro-celebrativo-domingo-pascoa.jpg\",\"contentUrl\":\"https:\/\/www.padreeustaquio.com.br\/wp-content\/uploads\/2021\/04\/Roteiro-celebrativo-domingo-pascoa.jpg\",\"width\":748,\"height\":394},{\"@type\":\"BreadcrumbList\",\"@id\":\"https:\/\/www.padreeustaquio.com.br\/domingo-da-pascoa-celebre-em-casa-o-domingo-da-memoria-da-ressurreicao-do-senhor\/#breadcrumb\",\"itemListElement\":[{\"@type\":\"ListItem\",\"position\":1,\"name\":\"In\u00edcio\",\"item\":\"https:\/\/www.padreeustaquio.com.br\/\"},{\"@type\":\"ListItem\",\"position\":2,\"name\":\"Domingo da P\u00e1scoa &#8211; celebre em casa o Domingo da mem\u00f3ria da Ressurrei\u00e7\u00e3o do Senhor\"}]},{\"@type\":\"WebSite\",\"@id\":\"https:\/\/www.padreeustaquio.com.br\/#website\",\"url\":\"https:\/\/www.padreeustaquio.com.br\/\",\"name\":\"Padre Eust\u00e1quio\",\"description\":\"Sa\u00fade e Paz\",\"publisher\":{\"@id\":\"https:\/\/www.padreeustaquio.com.br\/#organization\"},\"potentialAction\":[{\"@type\":\"SearchAction\",\"target\":{\"@type\":\"EntryPoint\",\"urlTemplate\":\"https:\/\/www.padreeustaquio.com.br\/?s={search_term_string}\"},\"query-input\":{\"@type\":\"PropertyValueSpecification\",\"valueRequired\":true,\"valueName\":\"search_term_string\"}}],\"inLanguage\":\"es\"},{\"@type\":\"Organization\",\"@id\":\"https:\/\/www.padreeustaquio.com.br\/#organization\",\"name\":\"Padre Eust\u00e1quio\",\"url\":\"https:\/\/www.padreeustaquio.com.br\/\",\"logo\":{\"@type\":\"ImageObject\",\"inLanguage\":\"es\",\"@id\":\"https:\/\/www.padreeustaquio.com.br\/#\/schema\/logo\/image\/\",\"url\":\"https:\/\/www.padreeustaquio.com.br\/wp-content\/uploads\/2019\/08\/marca.png\",\"contentUrl\":\"https:\/\/www.padreeustaquio.com.br\/wp-content\/uploads\/2019\/08\/marca.png\",\"width\":350,\"height\":400,\"caption\":\"Padre Eust\u00e1quio\"},\"image\":{\"@id\":\"https:\/\/www.padreeustaquio.com.br\/#\/schema\/logo\/image\/\"},\"sameAs\":[\"https:\/\/www.facebook.com\/beatopadreeustaquio\/\",\"https:\/\/x.com\/beatopeustaquio\",\"https:\/\/www.instagram.com\/beatopadreeustaquio\/\",\"https:\/\/www.youtube.com\/channel\/UCRhw7vfabnajwLxb1ZXMeIw\"]},{\"@type\":\"Person\",\"@id\":\"https:\/\/www.padreeustaquio.com.br\/#\/schema\/person\/a2a51db1d00f1a7af0204a0f1ddb1566\",\"name\":\"@sscc\",\"image\":{\"@type\":\"ImageObject\",\"inLanguage\":\"es\",\"@id\":\"https:\/\/secure.gravatar.com\/avatar\/68cfafa5f44617fea54071e215026e0ff06be366c3d54a8425f04fdcb86f8c5f?s=96&d=mm&r=g\",\"url\":\"https:\/\/secure.gravatar.com\/avatar\/68cfafa5f44617fea54071e215026e0ff06be366c3d54a8425f04fdcb86f8c5f?s=96&d=mm&r=g\",\"contentUrl\":\"https:\/\/secure.gravatar.com\/avatar\/68cfafa5f44617fea54071e215026e0ff06be366c3d54a8425f04fdcb86f8c5f?s=96&d=mm&r=g\",\"caption\":\"@sscc\"},\"url\":\"https:\/\/www.padreeustaquio.com.br\/es\/author\/sscc\/\"}]}<\/script>\n<!-- \/ Yoast SEO plugin. -->","yoast_head_json":{"title":"Domingo de Pascua - celebrar en casa el Domingo conmemorativo de la Resurrecci\u00f3n del Se\u00f1or - Padre Eust\u00e1quio","robots":{"index":"index","follow":"follow","max-snippet":"max-snippet:-1","max-image-preview":"max-image-preview:large","max-video-preview":"max-video-preview:-1"},"canonical":"https:\/\/www.padreeustaquio.com.br\/es\/domingo-de-pascua-celebra-en-casa-el-domingo-en-conmemoracion-de-la-resurreccion-del-senor\/","og_locale":"es_ES","og_type":"article","og_title":"Domingo da P\u00e1scoa - celebre em casa o Domingo da mem\u00f3ria da Ressurrei\u00e7\u00e3o do Senhor - Padre Eust\u00e1quio","og_description":"As comunidades de f\u00e9 da Arquidiocese de Belo Horizonte celebram, no dia\u00a004 de abril, o\u00a0Domingo da P\u00e1scoa. E, afim de contribuir com as suas ora\u00e7\u00f5es em casa, com a sua fam\u00edlia, a Arquidiocese de Belo Horizonte, disponibiliza o roteiro para celebrar em casa o Domingo da mem\u00f3ria da Ressurrei\u00e7\u00e3o do Senhor, produzido pela Irm\u00e3 Penha Carpanedo,\u00a0da Congrega\u00e7\u00e3o Disc\u00edpulas do Divino Mestre (Apostolado lit\u00fargico), redatora da Revista de Liturgia e membro da Rede Celebra de anima\u00e7\u00e3o lit\u00fargica. Link para ter acesso \u00e0s orienta\u00e7\u00f5es e aos cantos presentes no roteiro:\u00a0https:\/\/tinyurl.com\/hz5emndw Para receber os roteiros semanalmente, envie mensagem para o WhatsApp do Secretariado [&hellip;]","og_url":"https:\/\/www.padreeustaquio.com.br\/es\/domingo-de-pascua-celebra-en-casa-el-domingo-en-conmemoracion-de-la-resurreccion-del-senor\/","og_site_name":"Padre Eust\u00e1quio","article_publisher":"https:\/\/www.facebook.com\/beatopadreeustaquio\/","article_published_time":"2021-04-03T22:00:00+00:00","og_image":[{"width":748,"height":394,"url":"https:\/\/www.padreeustaquio.com.br\/wp-content\/uploads\/2021\/04\/Roteiro-celebrativo-domingo-pascoa.jpg","type":"image\/jpeg"}],"author":"@sscc","twitter_card":"summary_large_image","twitter_creator":"@beatopeustaquio","twitter_site":"@beatopeustaquio","twitter_misc":{"Escrito por":"@sscc","Tiempo de lectura":"1 minuto"},"schema":{"@context":"https:\/\/schema.org","@graph":[{"@type":"Article","@id":"https:\/\/www.padreeustaquio.com.br\/domingo-da-pascoa-celebre-em-casa-o-domingo-da-memoria-da-ressurreicao-do-senhor\/#article","isPartOf":{"@id":"https:\/\/www.padreeustaquio.com.br\/domingo-da-pascoa-celebre-em-casa-o-domingo-da-memoria-da-ressurreicao-do-senhor\/"},"author":{"name":"@sscc","@id":"https:\/\/www.padreeustaquio.com.br\/#\/schema\/person\/a2a51db1d00f1a7af0204a0f1ddb1566"},"headline":"Domingo da P\u00e1scoa &#8211; celebre em casa o Domingo da mem\u00f3ria da Ressurrei\u00e7\u00e3o do Senhor","datePublished":"2021-04-03T22:00:00+00:00","mainEntityOfPage":{"@id":"https:\/\/www.padreeustaquio.com.br\/domingo-da-pascoa-celebre-em-casa-o-domingo-da-memoria-da-ressurreicao-do-senhor\/"},"wordCount":249,"commentCount":0,"publisher":{"@id":"https:\/\/www.padreeustaquio.com.br\/#organization"},"image":{"@id":"https:\/\/www.padreeustaquio.com.br\/domingo-da-pascoa-celebre-em-casa-o-domingo-da-memoria-da-ressurreicao-do-senhor\/#primaryimage"},"thumbnailUrl":"https:\/\/www.padreeustaquio.com.br\/wp-content\/uploads\/2021\/04\/Roteiro-celebrativo-domingo-pascoa.jpg","articleSection":["Not\u00edcias"],"inLanguage":"es","potentialAction":[{"@type":"CommentAction","name":"Comment","target":["https:\/\/www.padreeustaquio.com.br\/domingo-da-pascoa-celebre-em-casa-o-domingo-da-memoria-da-ressurreicao-do-senhor\/#respond"]}]},{"@type":"WebPage","@id":"https:\/\/www.padreeustaquio.com.br\/domingo-da-pascoa-celebre-em-casa-o-domingo-da-memoria-da-ressurreicao-do-senhor\/","url":"https:\/\/www.padreeustaquio.com.br\/domingo-da-pascoa-celebre-em-casa-o-domingo-da-memoria-da-ressurreicao-do-senhor\/","name":"Domingo de Pascua - celebrar en casa el Domingo conmemorativo de la Resurrecci\u00f3n del Se\u00f1or - Padre Eust\u00e1quio","isPartOf":{"@id":"https:\/\/www.padreeustaquio.com.br\/#website"},"primaryImageOfPage":{"@id":"https:\/\/www.padreeustaquio.com.br\/domingo-da-pascoa-celebre-em-casa-o-domingo-da-memoria-da-ressurreicao-do-senhor\/#primaryimage"},"image":{"@id":"https:\/\/www.padreeustaquio.com.br\/domingo-da-pascoa-celebre-em-casa-o-domingo-da-memoria-da-ressurreicao-do-senhor\/#primaryimage"},"thumbnailUrl":"https:\/\/www.padreeustaquio.com.br\/wp-content\/uploads\/2021\/04\/Roteiro-celebrativo-domingo-pascoa.jpg","datePublished":"2021-04-03T22:00:00+00:00","breadcrumb":{"@id":"https:\/\/www.padreeustaquio.com.br\/domingo-da-pascoa-celebre-em-casa-o-domingo-da-memoria-da-ressurreicao-do-senhor\/#breadcrumb"},"inLanguage":"es","potentialAction":[{"@type":"ReadAction","target":["https:\/\/www.padreeustaquio.com.br\/domingo-da-pascoa-celebre-em-casa-o-domingo-da-memoria-da-ressurreicao-do-senhor\/"]}]},{"@type":"ImageObject","inLanguage":"es","@id":"https:\/\/www.padreeustaquio.com.br\/domingo-da-pascoa-celebre-em-casa-o-domingo-da-memoria-da-ressurreicao-do-senhor\/#primaryimage","url":"https:\/\/www.padreeustaquio.com.br\/wp-content\/uploads\/2021\/04\/Roteiro-celebrativo-domingo-pascoa.jpg","contentUrl":"https:\/\/www.padreeustaquio.com.br\/wp-content\/uploads\/2021\/04\/Roteiro-celebrativo-domingo-pascoa.jpg","width":748,"height":394},{"@type":"BreadcrumbList","@id":"https:\/\/www.padreeustaquio.com.br\/domingo-da-pascoa-celebre-em-casa-o-domingo-da-memoria-da-ressurreicao-do-senhor\/#breadcrumb","itemListElement":[{"@type":"ListItem","position":1,"name":"In\u00edcio","item":"https:\/\/www.padreeustaquio.com.br\/"},{"@type":"ListItem","position":2,"name":"Domingo da P\u00e1scoa &#8211; celebre em casa o Domingo da mem\u00f3ria da Ressurrei\u00e7\u00e3o do Senhor"}]},{"@type":"WebSite","@id":"https:\/\/www.padreeustaquio.com.br\/#website","url":"https:\/\/www.padreeustaquio.com.br\/","name":"Padre Eustace","description":"Salud y Paz","publisher":{"@id":"https:\/\/www.padreeustaquio.com.br\/#organization"},"potentialAction":[{"@type":"SearchAction","target":{"@type":"EntryPoint","urlTemplate":"https:\/\/www.padreeustaquio.com.br\/?s={search_term_string}"},"query-input":{"@type":"PropertyValueSpecification","valueRequired":true,"valueName":"search_term_string"}}],"inLanguage":"es"},{"@type":"Organization","@id":"https:\/\/www.padreeustaquio.com.br\/#organization","name":"Padre Eustace","url":"https:\/\/www.padreeustaquio.com.br\/","logo":{"@type":"ImageObject","inLanguage":"es","@id":"https:\/\/www.padreeustaquio.com.br\/#\/schema\/logo\/image\/","url":"https:\/\/www.padreeustaquio.com.br\/wp-content\/uploads\/2019\/08\/marca.png","contentUrl":"https:\/\/www.padreeustaquio.com.br\/wp-content\/uploads\/2019\/08\/marca.png","width":350,"height":400,"caption":"Padre Eust\u00e1quio"},"image":{"@id":"https:\/\/www.padreeustaquio.com.br\/#\/schema\/logo\/image\/"},"sameAs":["https:\/\/www.facebook.com\/beatopadreeustaquio\/","https:\/\/x.com\/beatopeustaquio","https:\/\/www.instagram.com\/beatopadreeustaquio\/","https:\/\/www.youtube.com\/channel\/UCRhw7vfabnajwLxb1ZXMeIw"]},{"@type":"Person","@id":"https:\/\/www.padreeustaquio.com.br\/#\/schema\/person\/a2a51db1d00f1a7af0204a0f1ddb1566","name":"@sscc","image":{"@type":"ImageObject","inLanguage":"es","@id":"https:\/\/secure.gravatar.com\/avatar\/68cfafa5f44617fea54071e215026e0ff06be366c3d54a8425f04fdcb86f8c5f?s=96&d=mm&r=g","url":"https:\/\/secure.gravatar.com\/avatar\/68cfafa5f44617fea54071e215026e0ff06be366c3d54a8425f04fdcb86f8c5f?s=96&d=mm&r=g","contentUrl":"https:\/\/secure.gravatar.com\/avatar\/68cfafa5f44617fea54071e215026e0ff06be366c3d54a8425f04fdcb86f8c5f?s=96&d=mm&r=g","caption":"@sscc"},"url":"https:\/\/www.padreeustaquio.com.br\/es\/author\/sscc\/"}]}},"_links":{"self":[{"href":"https:\/\/www.padreeustaquio.com.br\/es\/wp-json\/wp\/v2\/posts\/5397","targetHints":{"allow":["GET"]}}],"collection":[{"href":"https:\/\/www.padreeustaquio.com.br\/es\/wp-json\/wp\/v2\/posts"}],"about":[{"href":"https:\/\/www.padreeustaquio.com.br\/es\/wp-json\/wp\/v2\/types\/post"}],"author":[{"embeddable":true,"href":"https:\/\/www.padreeustaquio.com.br\/es\/wp-json\/wp\/v2\/users\/2"}],"replies":[{"embeddable":true,"href":"https:\/\/www.padreeustaquio.com.br\/es\/wp-json\/wp\/v2\/comments?post=5397"}],"version-history":[{"count":0,"href":"https:\/\/www.padreeustaquio.com.br\/es\/wp-json\/wp\/v2\/posts\/5397\/revisions"}],"wp:featuredmedia":[{"embeddable":true,"href":"https:\/\/www.padreeustaquio.com.br\/es\/wp-json\/wp\/v2\/media\/5398"}],"wp:attachment":[{"href":"https:\/\/www.padreeustaquio.com.br\/es\/wp-json\/wp\/v2\/media?parent=5397"}],"wp:term":[{"taxonomy":"category","embeddable":true,"href":"https:\/\/www.padreeustaquio.com.br\/es\/wp-json\/wp\/v2\/categories?post=5397"},{"taxonomy":"post_tag","embeddable":true,"href":"https:\/\/www.padreeustaquio.com.br\/es\/wp-json\/wp\/v2\/tags?post=5397"}],"curies":[{"name":"wp","href":"https:\/\/api.w.org\/{rel}","templated":true}]}}