{"id":5393,"date":"2021-04-02T11:26:14","date_gmt":"2021-04-02T14:26:14","guid":{"rendered":"https:\/\/www.padreeustaquio.com.br\/?p=5393"},"modified":"2021-04-02T14:31:18","modified_gmt":"2021-04-02T17:31:18","slug":"la-homilia-del-padre-eustaquio-durante-la-semana-santa-de-1943-parece-hecha-a-medida-para-nuestros-dias","status":"publish","type":"post","link":"https:\/\/www.padreeustaquio.com.br\/es\/la-homilia-del-padre-eustaquio-durante-la-semana-santa-de-1943-parece-hecha-a-medida-para-nuestros-dias\/","title":{"rendered":"La homil\u00eda del Padre Eustaquio durante la Semana Santa de 1943 parece hecha a medida para nuestros d\u00edas."},"content":{"rendered":"<p>Por segundo a\u00f1o consecutivo, celebramos la Pasi\u00f3n y Muerte de Jes\u00fas en nuestros hogares. Las celebraciones, a puerta cerrada, reflejan la realidad que vivimos hoy en Brasil, con la muerte de casi cuatro mil personas al d\u00eda debido a la pandemia del coronavirus. Todo el pa\u00eds sufre este dolor.<\/p>\n<p>Para ayudar a la reflexi\u00f3n sobre este d\u00eda, el equipo de la Causa de Canonizaci\u00f3n encontr\u00f3 extractos de una homil\u00eda pronunciada por el Padre Eust\u00e1quio durante la Semana Santa de 1943. A pesar de haber sido escrito hace 78 a\u00f1os, el texto parece haber sido escrito para el tiempo en que vivimos hoy, un tiempo de tanto sufrimiento y dolor.<\/p>\n<p><strong>Vea lo que escribi\u00f3 el Padre Eust\u00e1quio:<\/strong><\/p>\n<p><em>\u201cEl mundo vive una \u00e9poca de derramamiento de sangre, una \u00e9poca de l\u00e1grimas. Los hijos lloran por sus padres, y los padres lloran por sus hijos. \u00a1Cu\u00e1nto dolor, cu\u00e1nto sufrimiento en los corazones de los hombres!<\/em><\/p>\n<p><em>\u00bfY qu\u00e9 remedios hay para estos dolores? \u00bfPodr\u00e1n los placeres mundanos proporcionar el consuelo que nos falta? \u00bfPodr\u00e1n el entretenimiento \u2014cine, bailes, conciertos\u2014 aliviarlos? Solo nos hacen olvidar por un momento, \u00bfpero nos consuelan? \u00a1No! \u00a1Mil veces no! No hay b\u00e1lsamo en este mundo que pueda calmarnos, que pueda quitarnos el dolor del alma, ni siquiera por un instante.<\/em><\/p>\n<p><em>\u00a1Pero no desesperemos! Existe una fuente muy poderosa de abundante b\u00e1lsamo que no solo alivia nuestras penas, sino que las transforma en alegr\u00eda. Esta fuente es nuestra religi\u00f3n, y en particular, la meditaci\u00f3n sobre la pasi\u00f3n y muerte de Nuestro Se\u00f1or.<\/em><\/p>\n<p><em>\u00bfNunca has probado la dulzura de meditar en la Pasi\u00f3n del Se\u00f1or? \u00bfSabes lo que significa unir tus l\u00e1grimas con las de Jes\u00fas? \u00a1Unamos nuestras penas a las de Jes\u00fas! \u00a1Comparemos nuestras penas con las suyas! En el momento de nuestro sufrimiento, imaginemos a Jes\u00fas colgado en la cruz, exclamando: &quot;\u00a1Oh, los que pas\u00e1is por aqu\u00ed, mirad si hay pena como la m\u00eda!&quot;<\/em><\/p>\n<p><em>Meditar en los sufrimientos de Jes\u00fas no solo alivia los nuestros, sino que los elimina y los reemplaza con alegr\u00eda. En este tiempo de Pasi\u00f3n, acudamos cada vez m\u00e1s a los Santos Sacramentos. Sobre todo, acerqu\u00e9monos a la mesa de la comuni\u00f3n, pues la presencia de Jes\u00fas purifica nuestro coraz\u00f3n de toda culpa.<\/em><\/p>\n<p><em>\u00bfQu\u00e9 mejor explicaci\u00f3n del sufrimiento en el mundo que la misma pasi\u00f3n y muerte de nuestro Se\u00f1or? \u00c9l quiso ser como nosotros, a quienes la Divina Providencia env\u00eda el sufrimiento para nuestro propio bien.<\/em><\/p>\n<p><em>Convirt\u00e1monos a Dios con todo nuestro coraz\u00f3n, reza la Iglesia tantas veces en el breviario. \u00a1Que el verdadero Rey, Cristo Jes\u00fas, reine en sus corazones y en sus familias! \u00a1Renuncien a la maldad de nuestros tiempos, que tanto ha provocado la ira de Dios!<\/em><\/p>\n<p><em>Lejos de nosotros estar en un esp\u00edritu mundano, y decir: &quot;Cuando oig\u00e1is hoy la voz de Dios, no endurezc\u00e1is vuestros corazones&quot;.\u201c<\/em><\/p>\n<p>&nbsp;<\/p>\n<p>Extractos tomados del &quot;Bolet\u00edn de la Parroquia de los Sagrados Corazones&quot;, publicado el 7 de abril de 1946.<\/p>","protected":false},"excerpt":{"rendered":"<p>Pelo segundo ano consecutivo, celebramos a Paix\u00e3o e Morte de Jesus em nossas casas. As celebra\u00e7\u00f5es, fechadas ao p\u00fablico, \u00e9 um reflexo da realidade que vivemos hoje no Brasil, com a morte de quase quatro mil pessoas por dia, por causa da pandemia do Coronavirus. O pa\u00eds inteiro sofre esta dor. Para ajudar na reflex\u00e3o deste dia, a equipe da Causa de Canoniza\u00e7\u00e3o encontrou trechos de uma homilia feita por Padre Eust\u00e1quio durante a Semana Santa de 1943. Apesar de ter sido escrito h\u00e1 78 anos, o texto parece ter sido feito para o tempo em que vivemos hoje, tempo [&hellip;]<\/p>\n","protected":false},"author":2,"featured_media":5394,"comment_status":"open","ping_status":"closed","sticky":false,"template":"","format":"standard","meta":{"_acf_changed":false,"footnotes":""},"categories":[611],"tags":[],"class_list":["post-5393","post","type-post","status-publish","format-standard","has-post-thumbnail","hentry","category-noticias"],"acf":[],"yoast_head":"<!-- This site is optimized with the Yoast SEO plugin v27.2 - https:\/\/yoast.com\/product\/yoast-seo-wordpress\/ -->\n<title>Homilia de Padre Eust\u00e1quio na Semana Santa de 1943 parece feita para os dias atuais - Padre Eust\u00e1quio<\/title>\n<meta name=\"robots\" content=\"index, follow, max-snippet:-1, max-image-preview:large, max-video-preview:-1\" \/>\n<link rel=\"canonical\" href=\"https:\/\/www.padreeustaquio.com.br\/es\/la-homilia-del-padre-eustaquio-durante-la-semana-santa-de-1943-parece-hecha-a-medida-para-nuestros-dias\/\" \/>\n<meta property=\"og:locale\" content=\"es_ES\" \/>\n<meta property=\"og:type\" content=\"article\" \/>\n<meta property=\"og:title\" content=\"Homilia de Padre Eust\u00e1quio na Semana Santa de 1943 parece feita para os dias atuais - Padre Eust\u00e1quio\" \/>\n<meta property=\"og:description\" content=\"Pelo segundo ano consecutivo, celebramos a Paix\u00e3o e Morte de Jesus em nossas casas. As celebra\u00e7\u00f5es, fechadas ao p\u00fablico, \u00e9 um reflexo da realidade que vivemos hoje no Brasil, com a morte de quase quatro mil pessoas por dia, por causa da pandemia do Coronavirus. O pa\u00eds inteiro sofre esta dor. Para ajudar na reflex\u00e3o deste dia, a equipe da Causa de Canoniza\u00e7\u00e3o encontrou trechos de uma homilia feita por Padre Eust\u00e1quio durante a Semana Santa de 1943. Apesar de ter sido escrito h\u00e1 78 anos, o texto parece ter sido feito para o tempo em que vivemos hoje, tempo [&hellip;]\" \/>\n<meta property=\"og:url\" content=\"https:\/\/www.padreeustaquio.com.br\/es\/la-homilia-del-padre-eustaquio-durante-la-semana-santa-de-1943-parece-hecha-a-medida-para-nuestros-dias\/\" \/>\n<meta property=\"og:site_name\" content=\"Padre Eust\u00e1quio\" \/>\n<meta property=\"article:publisher\" content=\"https:\/\/www.facebook.com\/beatopadreeustaquio\/\" \/>\n<meta property=\"article:published_time\" content=\"2021-04-02T14:26:14+00:00\" \/>\n<meta property=\"article:modified_time\" content=\"2021-04-02T17:31:18+00:00\" \/>\n<meta property=\"og:image\" content=\"https:\/\/www.padreeustaquio.com.br\/wp-content\/uploads\/2021\/04\/capela-cristo-rei.jpg\" \/>\n\t<meta property=\"og:image:width\" content=\"748\" \/>\n\t<meta property=\"og:image:height\" content=\"394\" \/>\n\t<meta property=\"og:image:type\" content=\"image\/jpeg\" \/>\n<meta name=\"author\" content=\"@sscc\" \/>\n<meta name=\"twitter:card\" content=\"summary_large_image\" \/>\n<meta name=\"twitter:creator\" content=\"@beatopeustaquio\" \/>\n<meta name=\"twitter:site\" content=\"@beatopeustaquio\" \/>\n<meta name=\"twitter:label1\" content=\"Escrito por\" \/>\n\t<meta name=\"twitter:data1\" content=\"@sscc\" \/>\n\t<meta name=\"twitter:label2\" content=\"Tiempo de lectura\" \/>\n\t<meta name=\"twitter:data2\" content=\"3 minutos\" \/>\n<script type=\"application\/ld+json\" class=\"yoast-schema-graph\">{\"@context\":\"https:\/\/schema.org\",\"@graph\":[{\"@type\":\"Article\",\"@id\":\"https:\/\/www.padreeustaquio.com.br\/homilia-de-padre-eustaquio-na-semana-santa-de-1943-parece-feita-para-os-dias-atuais\/#article\",\"isPartOf\":{\"@id\":\"https:\/\/www.padreeustaquio.com.br\/homilia-de-padre-eustaquio-na-semana-santa-de-1943-parece-feita-para-os-dias-atuais\/\"},\"author\":{\"name\":\"@sscc\",\"@id\":\"https:\/\/www.padreeustaquio.com.br\/#\/schema\/person\/a2a51db1d00f1a7af0204a0f1ddb1566\"},\"headline\":\"Homilia de Padre Eust\u00e1quio na Semana Santa de 1943 parece feita para os dias atuais\",\"datePublished\":\"2021-04-02T14:26:14+00:00\",\"dateModified\":\"2021-04-02T17:31:18+00:00\",\"mainEntityOfPage\":{\"@id\":\"https:\/\/www.padreeustaquio.com.br\/homilia-de-padre-eustaquio-na-semana-santa-de-1943-parece-feita-para-os-dias-atuais\/\"},\"wordCount\":527,\"commentCount\":0,\"publisher\":{\"@id\":\"https:\/\/www.padreeustaquio.com.br\/#organization\"},\"image\":{\"@id\":\"https:\/\/www.padreeustaquio.com.br\/homilia-de-padre-eustaquio-na-semana-santa-de-1943-parece-feita-para-os-dias-atuais\/#primaryimage\"},\"thumbnailUrl\":\"https:\/\/www.padreeustaquio.com.br\/wp-content\/uploads\/2021\/04\/capela-cristo-rei.jpg\",\"articleSection\":[\"Not\u00edcias\"],\"inLanguage\":\"es\",\"potentialAction\":[{\"@type\":\"CommentAction\",\"name\":\"Comment\",\"target\":[\"https:\/\/www.padreeustaquio.com.br\/homilia-de-padre-eustaquio-na-semana-santa-de-1943-parece-feita-para-os-dias-atuais\/#respond\"]}]},{\"@type\":\"WebPage\",\"@id\":\"https:\/\/www.padreeustaquio.com.br\/homilia-de-padre-eustaquio-na-semana-santa-de-1943-parece-feita-para-os-dias-atuais\/\",\"url\":\"https:\/\/www.padreeustaquio.com.br\/homilia-de-padre-eustaquio-na-semana-santa-de-1943-parece-feita-para-os-dias-atuais\/\",\"name\":\"Homilia de Padre Eust\u00e1quio na Semana Santa de 1943 parece feita para os dias atuais - Padre Eust\u00e1quio\",\"isPartOf\":{\"@id\":\"https:\/\/www.padreeustaquio.com.br\/#website\"},\"primaryImageOfPage\":{\"@id\":\"https:\/\/www.padreeustaquio.com.br\/homilia-de-padre-eustaquio-na-semana-santa-de-1943-parece-feita-para-os-dias-atuais\/#primaryimage\"},\"image\":{\"@id\":\"https:\/\/www.padreeustaquio.com.br\/homilia-de-padre-eustaquio-na-semana-santa-de-1943-parece-feita-para-os-dias-atuais\/#primaryimage\"},\"thumbnailUrl\":\"https:\/\/www.padreeustaquio.com.br\/wp-content\/uploads\/2021\/04\/capela-cristo-rei.jpg\",\"datePublished\":\"2021-04-02T14:26:14+00:00\",\"dateModified\":\"2021-04-02T17:31:18+00:00\",\"breadcrumb\":{\"@id\":\"https:\/\/www.padreeustaquio.com.br\/homilia-de-padre-eustaquio-na-semana-santa-de-1943-parece-feita-para-os-dias-atuais\/#breadcrumb\"},\"inLanguage\":\"es\",\"potentialAction\":[{\"@type\":\"ReadAction\",\"target\":[\"https:\/\/www.padreeustaquio.com.br\/homilia-de-padre-eustaquio-na-semana-santa-de-1943-parece-feita-para-os-dias-atuais\/\"]}]},{\"@type\":\"ImageObject\",\"inLanguage\":\"es\",\"@id\":\"https:\/\/www.padreeustaquio.com.br\/homilia-de-padre-eustaquio-na-semana-santa-de-1943-parece-feita-para-os-dias-atuais\/#primaryimage\",\"url\":\"https:\/\/www.padreeustaquio.com.br\/wp-content\/uploads\/2021\/04\/capela-cristo-rei.jpg\",\"contentUrl\":\"https:\/\/www.padreeustaquio.com.br\/wp-content\/uploads\/2021\/04\/capela-cristo-rei.jpg\",\"width\":748,\"height\":394},{\"@type\":\"BreadcrumbList\",\"@id\":\"https:\/\/www.padreeustaquio.com.br\/homilia-de-padre-eustaquio-na-semana-santa-de-1943-parece-feita-para-os-dias-atuais\/#breadcrumb\",\"itemListElement\":[{\"@type\":\"ListItem\",\"position\":1,\"name\":\"In\u00edcio\",\"item\":\"https:\/\/www.padreeustaquio.com.br\/\"},{\"@type\":\"ListItem\",\"position\":2,\"name\":\"Homilia de Padre Eust\u00e1quio na Semana Santa de 1943 parece feita para os dias atuais\"}]},{\"@type\":\"WebSite\",\"@id\":\"https:\/\/www.padreeustaquio.com.br\/#website\",\"url\":\"https:\/\/www.padreeustaquio.com.br\/\",\"name\":\"Padre Eust\u00e1quio\",\"description\":\"Sa\u00fade e Paz\",\"publisher\":{\"@id\":\"https:\/\/www.padreeustaquio.com.br\/#organization\"},\"potentialAction\":[{\"@type\":\"SearchAction\",\"target\":{\"@type\":\"EntryPoint\",\"urlTemplate\":\"https:\/\/www.padreeustaquio.com.br\/?s={search_term_string}\"},\"query-input\":{\"@type\":\"PropertyValueSpecification\",\"valueRequired\":true,\"valueName\":\"search_term_string\"}}],\"inLanguage\":\"es\"},{\"@type\":\"Organization\",\"@id\":\"https:\/\/www.padreeustaquio.com.br\/#organization\",\"name\":\"Padre Eust\u00e1quio\",\"url\":\"https:\/\/www.padreeustaquio.com.br\/\",\"logo\":{\"@type\":\"ImageObject\",\"inLanguage\":\"es\",\"@id\":\"https:\/\/www.padreeustaquio.com.br\/#\/schema\/logo\/image\/\",\"url\":\"https:\/\/www.padreeustaquio.com.br\/wp-content\/uploads\/2019\/08\/marca.png\",\"contentUrl\":\"https:\/\/www.padreeustaquio.com.br\/wp-content\/uploads\/2019\/08\/marca.png\",\"width\":350,\"height\":400,\"caption\":\"Padre Eust\u00e1quio\"},\"image\":{\"@id\":\"https:\/\/www.padreeustaquio.com.br\/#\/schema\/logo\/image\/\"},\"sameAs\":[\"https:\/\/www.facebook.com\/beatopadreeustaquio\/\",\"https:\/\/x.com\/beatopeustaquio\",\"https:\/\/www.instagram.com\/beatopadreeustaquio\/\",\"https:\/\/www.youtube.com\/channel\/UCRhw7vfabnajwLxb1ZXMeIw\"]},{\"@type\":\"Person\",\"@id\":\"https:\/\/www.padreeustaquio.com.br\/#\/schema\/person\/a2a51db1d00f1a7af0204a0f1ddb1566\",\"name\":\"@sscc\",\"image\":{\"@type\":\"ImageObject\",\"inLanguage\":\"es\",\"@id\":\"https:\/\/secure.gravatar.com\/avatar\/68cfafa5f44617fea54071e215026e0ff06be366c3d54a8425f04fdcb86f8c5f?s=96&d=mm&r=g\",\"url\":\"https:\/\/secure.gravatar.com\/avatar\/68cfafa5f44617fea54071e215026e0ff06be366c3d54a8425f04fdcb86f8c5f?s=96&d=mm&r=g\",\"contentUrl\":\"https:\/\/secure.gravatar.com\/avatar\/68cfafa5f44617fea54071e215026e0ff06be366c3d54a8425f04fdcb86f8c5f?s=96&d=mm&r=g\",\"caption\":\"@sscc\"},\"url\":\"https:\/\/www.padreeustaquio.com.br\/es\/author\/sscc\/\"}]}<\/script>\n<!-- \/ Yoast SEO plugin. -->","yoast_head_json":{"title":"La homil\u00eda del Padre Eust\u00e1quio durante la Semana Santa de 1943 parece hecha a medida para hoy - Padre Eust\u00e1quio","robots":{"index":"index","follow":"follow","max-snippet":"max-snippet:-1","max-image-preview":"max-image-preview:large","max-video-preview":"max-video-preview:-1"},"canonical":"https:\/\/www.padreeustaquio.com.br\/es\/la-homilia-del-padre-eustaquio-durante-la-semana-santa-de-1943-parece-hecha-a-medida-para-nuestros-dias\/","og_locale":"es_ES","og_type":"article","og_title":"Homilia de Padre Eust\u00e1quio na Semana Santa de 1943 parece feita para os dias atuais - Padre Eust\u00e1quio","og_description":"Pelo segundo ano consecutivo, celebramos a Paix\u00e3o e Morte de Jesus em nossas casas. As celebra\u00e7\u00f5es, fechadas ao p\u00fablico, \u00e9 um reflexo da realidade que vivemos hoje no Brasil, com a morte de quase quatro mil pessoas por dia, por causa da pandemia do Coronavirus. O pa\u00eds inteiro sofre esta dor. Para ajudar na reflex\u00e3o deste dia, a equipe da Causa de Canoniza\u00e7\u00e3o encontrou trechos de uma homilia feita por Padre Eust\u00e1quio durante a Semana Santa de 1943. Apesar de ter sido escrito h\u00e1 78 anos, o texto parece ter sido feito para o tempo em que vivemos hoje, tempo [&hellip;]","og_url":"https:\/\/www.padreeustaquio.com.br\/es\/la-homilia-del-padre-eustaquio-durante-la-semana-santa-de-1943-parece-hecha-a-medida-para-nuestros-dias\/","og_site_name":"Padre Eust\u00e1quio","article_publisher":"https:\/\/www.facebook.com\/beatopadreeustaquio\/","article_published_time":"2021-04-02T14:26:14+00:00","article_modified_time":"2021-04-02T17:31:18+00:00","og_image":[{"width":748,"height":394,"url":"https:\/\/www.padreeustaquio.com.br\/wp-content\/uploads\/2021\/04\/capela-cristo-rei.jpg","type":"image\/jpeg"}],"author":"@sscc","twitter_card":"summary_large_image","twitter_creator":"@beatopeustaquio","twitter_site":"@beatopeustaquio","twitter_misc":{"Escrito por":"@sscc","Tiempo de lectura":"3 minutos"},"schema":{"@context":"https:\/\/schema.org","@graph":[{"@type":"Article","@id":"https:\/\/www.padreeustaquio.com.br\/homilia-de-padre-eustaquio-na-semana-santa-de-1943-parece-feita-para-os-dias-atuais\/#article","isPartOf":{"@id":"https:\/\/www.padreeustaquio.com.br\/homilia-de-padre-eustaquio-na-semana-santa-de-1943-parece-feita-para-os-dias-atuais\/"},"author":{"name":"@sscc","@id":"https:\/\/www.padreeustaquio.com.br\/#\/schema\/person\/a2a51db1d00f1a7af0204a0f1ddb1566"},"headline":"Homilia de Padre Eust\u00e1quio na Semana Santa de 1943 parece feita para os dias atuais","datePublished":"2021-04-02T14:26:14+00:00","dateModified":"2021-04-02T17:31:18+00:00","mainEntityOfPage":{"@id":"https:\/\/www.padreeustaquio.com.br\/homilia-de-padre-eustaquio-na-semana-santa-de-1943-parece-feita-para-os-dias-atuais\/"},"wordCount":527,"commentCount":0,"publisher":{"@id":"https:\/\/www.padreeustaquio.com.br\/#organization"},"image":{"@id":"https:\/\/www.padreeustaquio.com.br\/homilia-de-padre-eustaquio-na-semana-santa-de-1943-parece-feita-para-os-dias-atuais\/#primaryimage"},"thumbnailUrl":"https:\/\/www.padreeustaquio.com.br\/wp-content\/uploads\/2021\/04\/capela-cristo-rei.jpg","articleSection":["Not\u00edcias"],"inLanguage":"es","potentialAction":[{"@type":"CommentAction","name":"Comment","target":["https:\/\/www.padreeustaquio.com.br\/homilia-de-padre-eustaquio-na-semana-santa-de-1943-parece-feita-para-os-dias-atuais\/#respond"]}]},{"@type":"WebPage","@id":"https:\/\/www.padreeustaquio.com.br\/homilia-de-padre-eustaquio-na-semana-santa-de-1943-parece-feita-para-os-dias-atuais\/","url":"https:\/\/www.padreeustaquio.com.br\/homilia-de-padre-eustaquio-na-semana-santa-de-1943-parece-feita-para-os-dias-atuais\/","name":"La homil\u00eda del Padre Eust\u00e1quio durante la Semana Santa de 1943 parece hecha a medida para hoy - Padre Eust\u00e1quio","isPartOf":{"@id":"https:\/\/www.padreeustaquio.com.br\/#website"},"primaryImageOfPage":{"@id":"https:\/\/www.padreeustaquio.com.br\/homilia-de-padre-eustaquio-na-semana-santa-de-1943-parece-feita-para-os-dias-atuais\/#primaryimage"},"image":{"@id":"https:\/\/www.padreeustaquio.com.br\/homilia-de-padre-eustaquio-na-semana-santa-de-1943-parece-feita-para-os-dias-atuais\/#primaryimage"},"thumbnailUrl":"https:\/\/www.padreeustaquio.com.br\/wp-content\/uploads\/2021\/04\/capela-cristo-rei.jpg","datePublished":"2021-04-02T14:26:14+00:00","dateModified":"2021-04-02T17:31:18+00:00","breadcrumb":{"@id":"https:\/\/www.padreeustaquio.com.br\/homilia-de-padre-eustaquio-na-semana-santa-de-1943-parece-feita-para-os-dias-atuais\/#breadcrumb"},"inLanguage":"es","potentialAction":[{"@type":"ReadAction","target":["https:\/\/www.padreeustaquio.com.br\/homilia-de-padre-eustaquio-na-semana-santa-de-1943-parece-feita-para-os-dias-atuais\/"]}]},{"@type":"ImageObject","inLanguage":"es","@id":"https:\/\/www.padreeustaquio.com.br\/homilia-de-padre-eustaquio-na-semana-santa-de-1943-parece-feita-para-os-dias-atuais\/#primaryimage","url":"https:\/\/www.padreeustaquio.com.br\/wp-content\/uploads\/2021\/04\/capela-cristo-rei.jpg","contentUrl":"https:\/\/www.padreeustaquio.com.br\/wp-content\/uploads\/2021\/04\/capela-cristo-rei.jpg","width":748,"height":394},{"@type":"BreadcrumbList","@id":"https:\/\/www.padreeustaquio.com.br\/homilia-de-padre-eustaquio-na-semana-santa-de-1943-parece-feita-para-os-dias-atuais\/#breadcrumb","itemListElement":[{"@type":"ListItem","position":1,"name":"In\u00edcio","item":"https:\/\/www.padreeustaquio.com.br\/"},{"@type":"ListItem","position":2,"name":"Homilia de Padre Eust\u00e1quio na Semana Santa de 1943 parece feita para os dias atuais"}]},{"@type":"WebSite","@id":"https:\/\/www.padreeustaquio.com.br\/#website","url":"https:\/\/www.padreeustaquio.com.br\/","name":"Padre Eustace","description":"Salud y Paz","publisher":{"@id":"https:\/\/www.padreeustaquio.com.br\/#organization"},"potentialAction":[{"@type":"SearchAction","target":{"@type":"EntryPoint","urlTemplate":"https:\/\/www.padreeustaquio.com.br\/?s={search_term_string}"},"query-input":{"@type":"PropertyValueSpecification","valueRequired":true,"valueName":"search_term_string"}}],"inLanguage":"es"},{"@type":"Organization","@id":"https:\/\/www.padreeustaquio.com.br\/#organization","name":"Padre Eustace","url":"https:\/\/www.padreeustaquio.com.br\/","logo":{"@type":"ImageObject","inLanguage":"es","@id":"https:\/\/www.padreeustaquio.com.br\/#\/schema\/logo\/image\/","url":"https:\/\/www.padreeustaquio.com.br\/wp-content\/uploads\/2019\/08\/marca.png","contentUrl":"https:\/\/www.padreeustaquio.com.br\/wp-content\/uploads\/2019\/08\/marca.png","width":350,"height":400,"caption":"Padre Eust\u00e1quio"},"image":{"@id":"https:\/\/www.padreeustaquio.com.br\/#\/schema\/logo\/image\/"},"sameAs":["https:\/\/www.facebook.com\/beatopadreeustaquio\/","https:\/\/x.com\/beatopeustaquio","https:\/\/www.instagram.com\/beatopadreeustaquio\/","https:\/\/www.youtube.com\/channel\/UCRhw7vfabnajwLxb1ZXMeIw"]},{"@type":"Person","@id":"https:\/\/www.padreeustaquio.com.br\/#\/schema\/person\/a2a51db1d00f1a7af0204a0f1ddb1566","name":"@sscc","image":{"@type":"ImageObject","inLanguage":"es","@id":"https:\/\/secure.gravatar.com\/avatar\/68cfafa5f44617fea54071e215026e0ff06be366c3d54a8425f04fdcb86f8c5f?s=96&d=mm&r=g","url":"https:\/\/secure.gravatar.com\/avatar\/68cfafa5f44617fea54071e215026e0ff06be366c3d54a8425f04fdcb86f8c5f?s=96&d=mm&r=g","contentUrl":"https:\/\/secure.gravatar.com\/avatar\/68cfafa5f44617fea54071e215026e0ff06be366c3d54a8425f04fdcb86f8c5f?s=96&d=mm&r=g","caption":"@sscc"},"url":"https:\/\/www.padreeustaquio.com.br\/es\/author\/sscc\/"}]}},"_links":{"self":[{"href":"https:\/\/www.padreeustaquio.com.br\/es\/wp-json\/wp\/v2\/posts\/5393","targetHints":{"allow":["GET"]}}],"collection":[{"href":"https:\/\/www.padreeustaquio.com.br\/es\/wp-json\/wp\/v2\/posts"}],"about":[{"href":"https:\/\/www.padreeustaquio.com.br\/es\/wp-json\/wp\/v2\/types\/post"}],"author":[{"embeddable":true,"href":"https:\/\/www.padreeustaquio.com.br\/es\/wp-json\/wp\/v2\/users\/2"}],"replies":[{"embeddable":true,"href":"https:\/\/www.padreeustaquio.com.br\/es\/wp-json\/wp\/v2\/comments?post=5393"}],"version-history":[{"count":0,"href":"https:\/\/www.padreeustaquio.com.br\/es\/wp-json\/wp\/v2\/posts\/5393\/revisions"}],"wp:featuredmedia":[{"embeddable":true,"href":"https:\/\/www.padreeustaquio.com.br\/es\/wp-json\/wp\/v2\/media\/5394"}],"wp:attachment":[{"href":"https:\/\/www.padreeustaquio.com.br\/es\/wp-json\/wp\/v2\/media?parent=5393"}],"wp:term":[{"taxonomy":"category","embeddable":true,"href":"https:\/\/www.padreeustaquio.com.br\/es\/wp-json\/wp\/v2\/categories?post=5393"},{"taxonomy":"post_tag","embeddable":true,"href":"https:\/\/www.padreeustaquio.com.br\/es\/wp-json\/wp\/v2\/tags?post=5393"}],"curies":[{"name":"wp","href":"https:\/\/api.w.org\/{rel}","templated":true}]}}