{"id":5386,"date":"2021-04-01T11:51:04","date_gmt":"2021-04-01T14:51:04","guid":{"rendered":"https:\/\/www.padreeustaquio.com.br\/?p=5386"},"modified":"2021-04-01T11:51:04","modified_gmt":"2021-04-01T14:51:04","slug":"participa-del-triduo-pascual-a-traves-del-canal-padre-eustaquio","status":"publish","type":"post","link":"https:\/\/www.padreeustaquio.com.br\/es\/participa-del-triduo-pascual-a-traves-del-canal-padre-eustaquio\/","title":{"rendered":"Participe del Triduo Pascual a trav\u00e9s del Canal Padre Eust\u00e1quio."},"content":{"rendered":"<p>Hemos llegado al momento lit\u00fargico m\u00e1s importante de la Iglesia Cat\u00f3lica: la celebraci\u00f3n de la muerte y resurrecci\u00f3n de Jes\u00fas. Este per\u00edodo, conocido como el Triduo Pascual, se extiende desde la tarde del Jueves Santo hasta la noche del S\u00e1bado Santo.<\/p>\n<p>Debido a la Pandemia del Coronavirus, las celebraciones no podr\u00e1n realizarse presencialmente, pero s\u00ed ser\u00e1n transmitidas. <a href=\"https:\/\/www.padreeustaquio.com.br\/es\/transmissoes\/\">aqu\u00ed en nuestro sitio web<\/a> y en el canal de YouTube Padre Eust\u00e1quio.<\/p>\n<p>Este a\u00f1o, las misas de los jueves y s\u00e1bados comenzar\u00e1n antes, a las 18 horas, debido al toque de queda vigente en Minas Gerais como consecuencia de la &quot;ola morada&quot; decretada por el estado con medidas para combatir el Covid-19.<\/p>\n<p><strong>El Triduo Pascual:<\/strong><\/p>\n<p>El Triduo comienza con la celebraci\u00f3n de la Cena Pascual el jueves por la noche, donde recordamos la gran despedida con el gesto concreto del Lavatorio de Pies, que muestra la disposici\u00f3n de Jes\u00fas a servir a la humanidad. Ese d\u00eda tambi\u00e9n se celebra la Eucarist\u00eda. La misa comenzar\u00e1 a las 18:00 h.<\/p>\n<p>El Viernes Santo se conmemora la muerte de Jes\u00fas. Ese d\u00eda, la iglesia no celebra la Eucarist\u00eda, pero hay una Adoraci\u00f3n a la Cruz a las 15:00 h. En el Santuario de la Salud y la Paz, tambi\u00e9n se celebrar\u00e1 el Serm\u00f3n del Entierro, que se transmitir\u00e1 a las 18:00 h.<\/p>\n<p>El s\u00e1bado celebramos la Vigilia Pascual, donde celebramos la victoria de Cristo sobre la muerte. La muerte ha sido vencida, y la iglesia conmemora esta victoria de Cristo. La vigilia concluye el Triduo de Semana Santa y tambi\u00e9n se celebrar\u00e1 a las 18:00 h.<\/p>","protected":false},"excerpt":{"rendered":"<p>Chegamos ao momento lit\u00fargico mais importante da Igreja Cat\u00f3lica, a celebra\u00e7\u00e3o da morte e ressurrei\u00e7\u00e3o de Jesus. Este per\u00edodo conhecido como Tr\u00edduo Pascal, abrange da tarde da Quinta-feira Santa at\u00e9 a noite do S\u00e1bado de Aleluia. Devido a Pandemia do Coronav\u00edrus, as celebra\u00e7\u00f5es n\u00e3o poder\u00e3o acontecer presencialmente, mas ser\u00e3o transmitidas aqui em nosso site e no YouTube Canal Padre Eust\u00e1quio. Este ano as missas de quinta e s\u00e1bado v\u00e3o come\u00e7ar mais cedo, \u00e0s 18h, devido ao toque de recolher que est\u00e1 acontecendo em Minas Gerias em fun\u00e7\u00e3o da &#8220;onda roxa&#8221; decretada pelo estado com medidas de enfrentamento \u00e0 Covid-19. O [&hellip;]<\/p>\n","protected":false},"author":2,"featured_media":5387,"comment_status":"open","ping_status":"closed","sticky":false,"template":"","format":"standard","meta":{"_acf_changed":false,"footnotes":""},"categories":[611],"tags":[],"class_list":["post-5386","post","type-post","status-publish","format-standard","has-post-thumbnail","hentry","category-noticias"],"acf":[],"yoast_head":"<!-- This site is optimized with the Yoast SEO plugin v27.2 - https:\/\/yoast.com\/product\/yoast-seo-wordpress\/ -->\n<title>Participe do Tr\u00edduo Pascal pelo Canal Padre Eust\u00e1quio - Padre Eust\u00e1quio<\/title>\n<meta name=\"robots\" content=\"index, follow, max-snippet:-1, max-image-preview:large, max-video-preview:-1\" \/>\n<link rel=\"canonical\" href=\"https:\/\/www.padreeustaquio.com.br\/es\/participa-del-triduo-pascual-a-traves-del-canal-padre-eustaquio\/\" \/>\n<meta property=\"og:locale\" content=\"es_ES\" \/>\n<meta property=\"og:type\" content=\"article\" \/>\n<meta property=\"og:title\" content=\"Participe do Tr\u00edduo Pascal pelo Canal Padre Eust\u00e1quio - Padre Eust\u00e1quio\" \/>\n<meta property=\"og:description\" content=\"Chegamos ao momento lit\u00fargico mais importante da Igreja Cat\u00f3lica, a celebra\u00e7\u00e3o da morte e ressurrei\u00e7\u00e3o de Jesus. Este per\u00edodo conhecido como Tr\u00edduo Pascal, abrange da tarde da Quinta-feira Santa at\u00e9 a noite do S\u00e1bado de Aleluia. Devido a Pandemia do Coronav\u00edrus, as celebra\u00e7\u00f5es n\u00e3o poder\u00e3o acontecer presencialmente, mas ser\u00e3o transmitidas aqui em nosso site e no YouTube Canal Padre Eust\u00e1quio. Este ano as missas de quinta e s\u00e1bado v\u00e3o come\u00e7ar mais cedo, \u00e0s 18h, devido ao toque de recolher que est\u00e1 acontecendo em Minas Gerias em fun\u00e7\u00e3o da &#8220;onda roxa&#8221; decretada pelo estado com medidas de enfrentamento \u00e0 Covid-19. O [&hellip;]\" \/>\n<meta property=\"og:url\" content=\"https:\/\/www.padreeustaquio.com.br\/es\/participa-del-triduo-pascual-a-traves-del-canal-padre-eustaquio\/\" \/>\n<meta property=\"og:site_name\" content=\"Padre Eust\u00e1quio\" \/>\n<meta property=\"article:publisher\" content=\"https:\/\/www.facebook.com\/beatopadreeustaquio\/\" \/>\n<meta property=\"article:published_time\" content=\"2021-04-01T14:51:04+00:00\" \/>\n<meta property=\"og:image\" content=\"https:\/\/www.padreeustaquio.com.br\/wp-content\/uploads\/2021\/04\/Cristo-Ressurreto.jpeg\" \/>\n\t<meta property=\"og:image:width\" content=\"1238\" \/>\n\t<meta property=\"og:image:height\" content=\"650\" \/>\n\t<meta property=\"og:image:type\" content=\"image\/jpeg\" \/>\n<meta name=\"author\" content=\"@sscc\" \/>\n<meta name=\"twitter:card\" content=\"summary_large_image\" \/>\n<meta name=\"twitter:creator\" content=\"@beatopeustaquio\" \/>\n<meta name=\"twitter:site\" content=\"@beatopeustaquio\" \/>\n<meta name=\"twitter:label1\" content=\"Escrito por\" \/>\n\t<meta name=\"twitter:data1\" content=\"@sscc\" \/>\n\t<meta name=\"twitter:label2\" content=\"Tiempo de lectura\" \/>\n\t<meta name=\"twitter:data2\" content=\"1 minuto\" \/>\n<script type=\"application\/ld+json\" class=\"yoast-schema-graph\">{\"@context\":\"https:\/\/schema.org\",\"@graph\":[{\"@type\":\"Article\",\"@id\":\"https:\/\/www.padreeustaquio.com.br\/participe-do-triduo-pascal-pelo-canal-padre-eustaquio\/#article\",\"isPartOf\":{\"@id\":\"https:\/\/www.padreeustaquio.com.br\/participe-do-triduo-pascal-pelo-canal-padre-eustaquio\/\"},\"author\":{\"name\":\"@sscc\",\"@id\":\"https:\/\/www.padreeustaquio.com.br\/#\/schema\/person\/a2a51db1d00f1a7af0204a0f1ddb1566\"},\"headline\":\"Participe do Tr\u00edduo Pascal pelo Canal Padre Eust\u00e1quio\",\"datePublished\":\"2021-04-01T14:51:04+00:00\",\"mainEntityOfPage\":{\"@id\":\"https:\/\/www.padreeustaquio.com.br\/participe-do-triduo-pascal-pelo-canal-padre-eustaquio\/\"},\"wordCount\":276,\"commentCount\":0,\"publisher\":{\"@id\":\"https:\/\/www.padreeustaquio.com.br\/#organization\"},\"image\":{\"@id\":\"https:\/\/www.padreeustaquio.com.br\/participe-do-triduo-pascal-pelo-canal-padre-eustaquio\/#primaryimage\"},\"thumbnailUrl\":\"https:\/\/www.padreeustaquio.com.br\/wp-content\/uploads\/2021\/04\/Cristo-Ressurreto.jpeg\",\"articleSection\":[\"Not\u00edcias\"],\"inLanguage\":\"es\",\"potentialAction\":[{\"@type\":\"CommentAction\",\"name\":\"Comment\",\"target\":[\"https:\/\/www.padreeustaquio.com.br\/participe-do-triduo-pascal-pelo-canal-padre-eustaquio\/#respond\"]}]},{\"@type\":\"WebPage\",\"@id\":\"https:\/\/www.padreeustaquio.com.br\/participe-do-triduo-pascal-pelo-canal-padre-eustaquio\/\",\"url\":\"https:\/\/www.padreeustaquio.com.br\/participe-do-triduo-pascal-pelo-canal-padre-eustaquio\/\",\"name\":\"Participe do Tr\u00edduo Pascal pelo Canal Padre Eust\u00e1quio - Padre Eust\u00e1quio\",\"isPartOf\":{\"@id\":\"https:\/\/www.padreeustaquio.com.br\/#website\"},\"primaryImageOfPage\":{\"@id\":\"https:\/\/www.padreeustaquio.com.br\/participe-do-triduo-pascal-pelo-canal-padre-eustaquio\/#primaryimage\"},\"image\":{\"@id\":\"https:\/\/www.padreeustaquio.com.br\/participe-do-triduo-pascal-pelo-canal-padre-eustaquio\/#primaryimage\"},\"thumbnailUrl\":\"https:\/\/www.padreeustaquio.com.br\/wp-content\/uploads\/2021\/04\/Cristo-Ressurreto.jpeg\",\"datePublished\":\"2021-04-01T14:51:04+00:00\",\"breadcrumb\":{\"@id\":\"https:\/\/www.padreeustaquio.com.br\/participe-do-triduo-pascal-pelo-canal-padre-eustaquio\/#breadcrumb\"},\"inLanguage\":\"es\",\"potentialAction\":[{\"@type\":\"ReadAction\",\"target\":[\"https:\/\/www.padreeustaquio.com.br\/participe-do-triduo-pascal-pelo-canal-padre-eustaquio\/\"]}]},{\"@type\":\"ImageObject\",\"inLanguage\":\"es\",\"@id\":\"https:\/\/www.padreeustaquio.com.br\/participe-do-triduo-pascal-pelo-canal-padre-eustaquio\/#primaryimage\",\"url\":\"https:\/\/www.padreeustaquio.com.br\/wp-content\/uploads\/2021\/04\/Cristo-Ressurreto.jpeg\",\"contentUrl\":\"https:\/\/www.padreeustaquio.com.br\/wp-content\/uploads\/2021\/04\/Cristo-Ressurreto.jpeg\",\"width\":1238,\"height\":650},{\"@type\":\"BreadcrumbList\",\"@id\":\"https:\/\/www.padreeustaquio.com.br\/participe-do-triduo-pascal-pelo-canal-padre-eustaquio\/#breadcrumb\",\"itemListElement\":[{\"@type\":\"ListItem\",\"position\":1,\"name\":\"In\u00edcio\",\"item\":\"https:\/\/www.padreeustaquio.com.br\/\"},{\"@type\":\"ListItem\",\"position\":2,\"name\":\"Participe do Tr\u00edduo Pascal pelo Canal Padre Eust\u00e1quio\"}]},{\"@type\":\"WebSite\",\"@id\":\"https:\/\/www.padreeustaquio.com.br\/#website\",\"url\":\"https:\/\/www.padreeustaquio.com.br\/\",\"name\":\"Padre Eust\u00e1quio\",\"description\":\"Sa\u00fade e Paz\",\"publisher\":{\"@id\":\"https:\/\/www.padreeustaquio.com.br\/#organization\"},\"potentialAction\":[{\"@type\":\"SearchAction\",\"target\":{\"@type\":\"EntryPoint\",\"urlTemplate\":\"https:\/\/www.padreeustaquio.com.br\/?s={search_term_string}\"},\"query-input\":{\"@type\":\"PropertyValueSpecification\",\"valueRequired\":true,\"valueName\":\"search_term_string\"}}],\"inLanguage\":\"es\"},{\"@type\":\"Organization\",\"@id\":\"https:\/\/www.padreeustaquio.com.br\/#organization\",\"name\":\"Padre Eust\u00e1quio\",\"url\":\"https:\/\/www.padreeustaquio.com.br\/\",\"logo\":{\"@type\":\"ImageObject\",\"inLanguage\":\"es\",\"@id\":\"https:\/\/www.padreeustaquio.com.br\/#\/schema\/logo\/image\/\",\"url\":\"https:\/\/www.padreeustaquio.com.br\/wp-content\/uploads\/2019\/08\/marca.png\",\"contentUrl\":\"https:\/\/www.padreeustaquio.com.br\/wp-content\/uploads\/2019\/08\/marca.png\",\"width\":350,\"height\":400,\"caption\":\"Padre Eust\u00e1quio\"},\"image\":{\"@id\":\"https:\/\/www.padreeustaquio.com.br\/#\/schema\/logo\/image\/\"},\"sameAs\":[\"https:\/\/www.facebook.com\/beatopadreeustaquio\/\",\"https:\/\/x.com\/beatopeustaquio\",\"https:\/\/www.instagram.com\/beatopadreeustaquio\/\",\"https:\/\/www.youtube.com\/channel\/UCRhw7vfabnajwLxb1ZXMeIw\"]},{\"@type\":\"Person\",\"@id\":\"https:\/\/www.padreeustaquio.com.br\/#\/schema\/person\/a2a51db1d00f1a7af0204a0f1ddb1566\",\"name\":\"@sscc\",\"image\":{\"@type\":\"ImageObject\",\"inLanguage\":\"es\",\"@id\":\"https:\/\/secure.gravatar.com\/avatar\/68cfafa5f44617fea54071e215026e0ff06be366c3d54a8425f04fdcb86f8c5f?s=96&d=mm&r=g\",\"url\":\"https:\/\/secure.gravatar.com\/avatar\/68cfafa5f44617fea54071e215026e0ff06be366c3d54a8425f04fdcb86f8c5f?s=96&d=mm&r=g\",\"contentUrl\":\"https:\/\/secure.gravatar.com\/avatar\/68cfafa5f44617fea54071e215026e0ff06be366c3d54a8425f04fdcb86f8c5f?s=96&d=mm&r=g\",\"caption\":\"@sscc\"},\"url\":\"https:\/\/www.padreeustaquio.com.br\/es\/author\/sscc\/\"}]}<\/script>\n<!-- \/ Yoast SEO plugin. -->","yoast_head_json":{"title":"Participa del Triduo Pascual a trav\u00e9s del Canal Padre Eust\u00e1quio - Padre Eust\u00e1quio","robots":{"index":"index","follow":"follow","max-snippet":"max-snippet:-1","max-image-preview":"max-image-preview:large","max-video-preview":"max-video-preview:-1"},"canonical":"https:\/\/www.padreeustaquio.com.br\/es\/participa-del-triduo-pascual-a-traves-del-canal-padre-eustaquio\/","og_locale":"es_ES","og_type":"article","og_title":"Participe do Tr\u00edduo Pascal pelo Canal Padre Eust\u00e1quio - Padre Eust\u00e1quio","og_description":"Chegamos ao momento lit\u00fargico mais importante da Igreja Cat\u00f3lica, a celebra\u00e7\u00e3o da morte e ressurrei\u00e7\u00e3o de Jesus. Este per\u00edodo conhecido como Tr\u00edduo Pascal, abrange da tarde da Quinta-feira Santa at\u00e9 a noite do S\u00e1bado de Aleluia. Devido a Pandemia do Coronav\u00edrus, as celebra\u00e7\u00f5es n\u00e3o poder\u00e3o acontecer presencialmente, mas ser\u00e3o transmitidas aqui em nosso site e no YouTube Canal Padre Eust\u00e1quio. Este ano as missas de quinta e s\u00e1bado v\u00e3o come\u00e7ar mais cedo, \u00e0s 18h, devido ao toque de recolher que est\u00e1 acontecendo em Minas Gerias em fun\u00e7\u00e3o da &#8220;onda roxa&#8221; decretada pelo estado com medidas de enfrentamento \u00e0 Covid-19. O [&hellip;]","og_url":"https:\/\/www.padreeustaquio.com.br\/es\/participa-del-triduo-pascual-a-traves-del-canal-padre-eustaquio\/","og_site_name":"Padre Eust\u00e1quio","article_publisher":"https:\/\/www.facebook.com\/beatopadreeustaquio\/","article_published_time":"2021-04-01T14:51:04+00:00","og_image":[{"width":1238,"height":650,"url":"https:\/\/www.padreeustaquio.com.br\/wp-content\/uploads\/2021\/04\/Cristo-Ressurreto.jpeg","type":"image\/jpeg"}],"author":"@sscc","twitter_card":"summary_large_image","twitter_creator":"@beatopeustaquio","twitter_site":"@beatopeustaquio","twitter_misc":{"Escrito por":"@sscc","Tiempo de lectura":"1 minuto"},"schema":{"@context":"https:\/\/schema.org","@graph":[{"@type":"Article","@id":"https:\/\/www.padreeustaquio.com.br\/participe-do-triduo-pascal-pelo-canal-padre-eustaquio\/#article","isPartOf":{"@id":"https:\/\/www.padreeustaquio.com.br\/participe-do-triduo-pascal-pelo-canal-padre-eustaquio\/"},"author":{"name":"@sscc","@id":"https:\/\/www.padreeustaquio.com.br\/#\/schema\/person\/a2a51db1d00f1a7af0204a0f1ddb1566"},"headline":"Participe do Tr\u00edduo Pascal pelo Canal Padre Eust\u00e1quio","datePublished":"2021-04-01T14:51:04+00:00","mainEntityOfPage":{"@id":"https:\/\/www.padreeustaquio.com.br\/participe-do-triduo-pascal-pelo-canal-padre-eustaquio\/"},"wordCount":276,"commentCount":0,"publisher":{"@id":"https:\/\/www.padreeustaquio.com.br\/#organization"},"image":{"@id":"https:\/\/www.padreeustaquio.com.br\/participe-do-triduo-pascal-pelo-canal-padre-eustaquio\/#primaryimage"},"thumbnailUrl":"https:\/\/www.padreeustaquio.com.br\/wp-content\/uploads\/2021\/04\/Cristo-Ressurreto.jpeg","articleSection":["Not\u00edcias"],"inLanguage":"es","potentialAction":[{"@type":"CommentAction","name":"Comment","target":["https:\/\/www.padreeustaquio.com.br\/participe-do-triduo-pascal-pelo-canal-padre-eustaquio\/#respond"]}]},{"@type":"WebPage","@id":"https:\/\/www.padreeustaquio.com.br\/participe-do-triduo-pascal-pelo-canal-padre-eustaquio\/","url":"https:\/\/www.padreeustaquio.com.br\/participe-do-triduo-pascal-pelo-canal-padre-eustaquio\/","name":"Participa del Triduo Pascual a trav\u00e9s del Canal Padre Eust\u00e1quio - Padre Eust\u00e1quio","isPartOf":{"@id":"https:\/\/www.padreeustaquio.com.br\/#website"},"primaryImageOfPage":{"@id":"https:\/\/www.padreeustaquio.com.br\/participe-do-triduo-pascal-pelo-canal-padre-eustaquio\/#primaryimage"},"image":{"@id":"https:\/\/www.padreeustaquio.com.br\/participe-do-triduo-pascal-pelo-canal-padre-eustaquio\/#primaryimage"},"thumbnailUrl":"https:\/\/www.padreeustaquio.com.br\/wp-content\/uploads\/2021\/04\/Cristo-Ressurreto.jpeg","datePublished":"2021-04-01T14:51:04+00:00","breadcrumb":{"@id":"https:\/\/www.padreeustaquio.com.br\/participe-do-triduo-pascal-pelo-canal-padre-eustaquio\/#breadcrumb"},"inLanguage":"es","potentialAction":[{"@type":"ReadAction","target":["https:\/\/www.padreeustaquio.com.br\/participe-do-triduo-pascal-pelo-canal-padre-eustaquio\/"]}]},{"@type":"ImageObject","inLanguage":"es","@id":"https:\/\/www.padreeustaquio.com.br\/participe-do-triduo-pascal-pelo-canal-padre-eustaquio\/#primaryimage","url":"https:\/\/www.padreeustaquio.com.br\/wp-content\/uploads\/2021\/04\/Cristo-Ressurreto.jpeg","contentUrl":"https:\/\/www.padreeustaquio.com.br\/wp-content\/uploads\/2021\/04\/Cristo-Ressurreto.jpeg","width":1238,"height":650},{"@type":"BreadcrumbList","@id":"https:\/\/www.padreeustaquio.com.br\/participe-do-triduo-pascal-pelo-canal-padre-eustaquio\/#breadcrumb","itemListElement":[{"@type":"ListItem","position":1,"name":"In\u00edcio","item":"https:\/\/www.padreeustaquio.com.br\/"},{"@type":"ListItem","position":2,"name":"Participe do Tr\u00edduo Pascal pelo Canal Padre Eust\u00e1quio"}]},{"@type":"WebSite","@id":"https:\/\/www.padreeustaquio.com.br\/#website","url":"https:\/\/www.padreeustaquio.com.br\/","name":"Padre Eustace","description":"Salud y Paz","publisher":{"@id":"https:\/\/www.padreeustaquio.com.br\/#organization"},"potentialAction":[{"@type":"SearchAction","target":{"@type":"EntryPoint","urlTemplate":"https:\/\/www.padreeustaquio.com.br\/?s={search_term_string}"},"query-input":{"@type":"PropertyValueSpecification","valueRequired":true,"valueName":"search_term_string"}}],"inLanguage":"es"},{"@type":"Organization","@id":"https:\/\/www.padreeustaquio.com.br\/#organization","name":"Padre Eustace","url":"https:\/\/www.padreeustaquio.com.br\/","logo":{"@type":"ImageObject","inLanguage":"es","@id":"https:\/\/www.padreeustaquio.com.br\/#\/schema\/logo\/image\/","url":"https:\/\/www.padreeustaquio.com.br\/wp-content\/uploads\/2019\/08\/marca.png","contentUrl":"https:\/\/www.padreeustaquio.com.br\/wp-content\/uploads\/2019\/08\/marca.png","width":350,"height":400,"caption":"Padre Eust\u00e1quio"},"image":{"@id":"https:\/\/www.padreeustaquio.com.br\/#\/schema\/logo\/image\/"},"sameAs":["https:\/\/www.facebook.com\/beatopadreeustaquio\/","https:\/\/x.com\/beatopeustaquio","https:\/\/www.instagram.com\/beatopadreeustaquio\/","https:\/\/www.youtube.com\/channel\/UCRhw7vfabnajwLxb1ZXMeIw"]},{"@type":"Person","@id":"https:\/\/www.padreeustaquio.com.br\/#\/schema\/person\/a2a51db1d00f1a7af0204a0f1ddb1566","name":"@sscc","image":{"@type":"ImageObject","inLanguage":"es","@id":"https:\/\/secure.gravatar.com\/avatar\/68cfafa5f44617fea54071e215026e0ff06be366c3d54a8425f04fdcb86f8c5f?s=96&d=mm&r=g","url":"https:\/\/secure.gravatar.com\/avatar\/68cfafa5f44617fea54071e215026e0ff06be366c3d54a8425f04fdcb86f8c5f?s=96&d=mm&r=g","contentUrl":"https:\/\/secure.gravatar.com\/avatar\/68cfafa5f44617fea54071e215026e0ff06be366c3d54a8425f04fdcb86f8c5f?s=96&d=mm&r=g","caption":"@sscc"},"url":"https:\/\/www.padreeustaquio.com.br\/es\/author\/sscc\/"}]}},"_links":{"self":[{"href":"https:\/\/www.padreeustaquio.com.br\/es\/wp-json\/wp\/v2\/posts\/5386","targetHints":{"allow":["GET"]}}],"collection":[{"href":"https:\/\/www.padreeustaquio.com.br\/es\/wp-json\/wp\/v2\/posts"}],"about":[{"href":"https:\/\/www.padreeustaquio.com.br\/es\/wp-json\/wp\/v2\/types\/post"}],"author":[{"embeddable":true,"href":"https:\/\/www.padreeustaquio.com.br\/es\/wp-json\/wp\/v2\/users\/2"}],"replies":[{"embeddable":true,"href":"https:\/\/www.padreeustaquio.com.br\/es\/wp-json\/wp\/v2\/comments?post=5386"}],"version-history":[{"count":0,"href":"https:\/\/www.padreeustaquio.com.br\/es\/wp-json\/wp\/v2\/posts\/5386\/revisions"}],"wp:featuredmedia":[{"embeddable":true,"href":"https:\/\/www.padreeustaquio.com.br\/es\/wp-json\/wp\/v2\/media\/5387"}],"wp:attachment":[{"href":"https:\/\/www.padreeustaquio.com.br\/es\/wp-json\/wp\/v2\/media?parent=5386"}],"wp:term":[{"taxonomy":"category","embeddable":true,"href":"https:\/\/www.padreeustaquio.com.br\/es\/wp-json\/wp\/v2\/categories?post=5386"},{"taxonomy":"post_tag","embeddable":true,"href":"https:\/\/www.padreeustaquio.com.br\/es\/wp-json\/wp\/v2\/tags?post=5386"}],"curies":[{"name":"wp","href":"https:\/\/api.w.org\/{rel}","templated":true}]}}