{"id":5381,"date":"2021-03-31T16:42:08","date_gmt":"2021-03-31T19:42:08","guid":{"rendered":"https:\/\/www.padreeustaquio.com.br\/?p=5381"},"modified":"2021-03-31T16:42:08","modified_gmt":"2021-03-31T19:42:08","slug":"la-vela-familiar-ya-esta-disponible-en-el-santuario","status":"publish","type":"post","link":"https:\/\/www.padreeustaquio.com.br\/es\/la-vela-familiar-ya-esta-disponible-en-el-santuario\/","title":{"rendered":"La Vela Familiar ya est\u00e1 disponible en el Santuario."},"content":{"rendered":"<p><span style=\"font-size: 1.1429rem;\">Uno de los s\u00edmbolos m\u00e1s importantes de la Pascua es el Cirio Pascual. Representa la &quot;Luz del mundo&quot;, que proviene de Cristo resucitado. Para simbolizar esta luz en nuestros hogares, es posible comprar una versi\u00f3n m\u00e1s peque\u00f1a del cirio para las familias.<\/span><\/p>\n<p>El Cirio Pascual Familiar se basa en la vela tradicional que se usa en las iglesias para las celebraciones, pero en un tama\u00f1o mucho m\u00e1s peque\u00f1o. Los miembros de la familia pueden encenderlo durante todo el a\u00f1o cuando se re\u00fanen para orar.<\/p>\n<p>Dado que la tienda del Padre Eust\u00e1quio est\u00e1 cerrada debido al nuevo decreto de la Ola P\u00farpura, puede comprar su Cirio Pascual Familiar en la oficina parroquial del Santuario de Salud y Paz. El costo es de R$10.00.<\/p>\n<p>Para m\u00e1s informaci\u00f3n llame al (31) 3462-6557<\/p>","protected":false},"excerpt":{"rendered":"<p>Um dos s\u00edmbolos mais importantes da P\u00e1scoa \u00e9 o C\u00edrio Pascal. Ele representa a \u201cLuz do mundo\u201d, vinda do Cristo ressuscitado. E para simbolizar essa luz nas nossas casas, \u00e9 poss\u00edvel adquirir a vela em vers\u00e3o reduzida, para as fam\u00edlias. O C\u00edrio Pascal da Fam\u00edlia \u00e9 baseado na vela tradicional usada nas igrejas em celebra\u00e7\u00f5es, no entanto, em um tamanho bem menor. Ele pode ser aceso durante todo o ano pelas pessoas da casa, quando elas se re\u00fanem para ora\u00e7\u00f5es. Como a Loja do Padre Eust\u00e1quio est\u00e1 \u00a0fechada devido ao novo decreto da Onda Roxa, voc\u00ea pode adquirir seu C\u00edrio [&hellip;]<\/p>\n","protected":false},"author":2,"featured_media":5382,"comment_status":"open","ping_status":"closed","sticky":false,"template":"","format":"standard","meta":{"_acf_changed":false,"footnotes":""},"categories":[611],"tags":[],"class_list":["post-5381","post","type-post","status-publish","format-standard","has-post-thumbnail","hentry","category-noticias"],"acf":[],"yoast_head":"<!-- This site is optimized with the Yoast SEO plugin v27.2 - https:\/\/yoast.com\/product\/yoast-seo-wordpress\/ -->\n<title>C\u00edrio da Fam\u00edlia j\u00e1 est\u00e1 dispon\u00edvel no Santu\u00e1rio - Padre Eust\u00e1quio<\/title>\n<meta name=\"robots\" content=\"index, follow, max-snippet:-1, max-image-preview:large, max-video-preview:-1\" \/>\n<link rel=\"canonical\" href=\"https:\/\/www.padreeustaquio.com.br\/es\/la-vela-familiar-ya-esta-disponible-en-el-santuario\/\" \/>\n<meta property=\"og:locale\" content=\"es_ES\" \/>\n<meta property=\"og:type\" content=\"article\" \/>\n<meta property=\"og:title\" content=\"C\u00edrio da Fam\u00edlia j\u00e1 est\u00e1 dispon\u00edvel no Santu\u00e1rio - Padre Eust\u00e1quio\" \/>\n<meta property=\"og:description\" content=\"Um dos s\u00edmbolos mais importantes da P\u00e1scoa \u00e9 o C\u00edrio Pascal. Ele representa a \u201cLuz do mundo\u201d, vinda do Cristo ressuscitado. E para simbolizar essa luz nas nossas casas, \u00e9 poss\u00edvel adquirir a vela em vers\u00e3o reduzida, para as fam\u00edlias. O C\u00edrio Pascal da Fam\u00edlia \u00e9 baseado na vela tradicional usada nas igrejas em celebra\u00e7\u00f5es, no entanto, em um tamanho bem menor. Ele pode ser aceso durante todo o ano pelas pessoas da casa, quando elas se re\u00fanem para ora\u00e7\u00f5es. Como a Loja do Padre Eust\u00e1quio est\u00e1 \u00a0fechada devido ao novo decreto da Onda Roxa, voc\u00ea pode adquirir seu C\u00edrio [&hellip;]\" \/>\n<meta property=\"og:url\" content=\"https:\/\/www.padreeustaquio.com.br\/es\/la-vela-familiar-ya-esta-disponible-en-el-santuario\/\" \/>\n<meta property=\"og:site_name\" content=\"Padre Eust\u00e1quio\" \/>\n<meta property=\"article:publisher\" content=\"https:\/\/www.facebook.com\/beatopadreeustaquio\/\" \/>\n<meta property=\"article:published_time\" content=\"2021-03-31T19:42:08+00:00\" \/>\n<meta property=\"og:image\" content=\"https:\/\/www.padreeustaquio.com.br\/wp-content\/uploads\/2021\/03\/0B3AC256-3E18-406A-AEA6-BFC9B0C91290.jpeg\" \/>\n\t<meta property=\"og:image:width\" content=\"1280\" \/>\n\t<meta property=\"og:image:height\" content=\"958\" \/>\n\t<meta property=\"og:image:type\" content=\"image\/jpeg\" \/>\n<meta name=\"author\" content=\"@sscc\" \/>\n<meta name=\"twitter:card\" content=\"summary_large_image\" \/>\n<meta name=\"twitter:creator\" content=\"@beatopeustaquio\" \/>\n<meta name=\"twitter:site\" content=\"@beatopeustaquio\" \/>\n<meta name=\"twitter:label1\" content=\"Escrito por\" \/>\n\t<meta name=\"twitter:data1\" content=\"@sscc\" \/>\n\t<meta name=\"twitter:label2\" content=\"Tiempo de lectura\" \/>\n\t<meta name=\"twitter:data2\" content=\"1 minuto\" \/>\n<script type=\"application\/ld+json\" class=\"yoast-schema-graph\">{\"@context\":\"https:\/\/schema.org\",\"@graph\":[{\"@type\":\"Article\",\"@id\":\"https:\/\/www.padreeustaquio.com.br\/cirio-da-familia-ja-esta-disponivel-no-santuario\/#article\",\"isPartOf\":{\"@id\":\"https:\/\/www.padreeustaquio.com.br\/cirio-da-familia-ja-esta-disponivel-no-santuario\/\"},\"author\":{\"name\":\"@sscc\",\"@id\":\"https:\/\/www.padreeustaquio.com.br\/#\/schema\/person\/a2a51db1d00f1a7af0204a0f1ddb1566\"},\"headline\":\"C\u00edrio da Fam\u00edlia j\u00e1 est\u00e1 dispon\u00edvel no Santu\u00e1rio\",\"datePublished\":\"2021-03-31T19:42:08+00:00\",\"mainEntityOfPage\":{\"@id\":\"https:\/\/www.padreeustaquio.com.br\/cirio-da-familia-ja-esta-disponivel-no-santuario\/\"},\"wordCount\":146,\"commentCount\":0,\"publisher\":{\"@id\":\"https:\/\/www.padreeustaquio.com.br\/#organization\"},\"image\":{\"@id\":\"https:\/\/www.padreeustaquio.com.br\/cirio-da-familia-ja-esta-disponivel-no-santuario\/#primaryimage\"},\"thumbnailUrl\":\"https:\/\/www.padreeustaquio.com.br\/wp-content\/uploads\/2021\/03\/0B3AC256-3E18-406A-AEA6-BFC9B0C91290.jpeg\",\"articleSection\":[\"Not\u00edcias\"],\"inLanguage\":\"es\",\"potentialAction\":[{\"@type\":\"CommentAction\",\"name\":\"Comment\",\"target\":[\"https:\/\/www.padreeustaquio.com.br\/cirio-da-familia-ja-esta-disponivel-no-santuario\/#respond\"]}]},{\"@type\":\"WebPage\",\"@id\":\"https:\/\/www.padreeustaquio.com.br\/cirio-da-familia-ja-esta-disponivel-no-santuario\/\",\"url\":\"https:\/\/www.padreeustaquio.com.br\/cirio-da-familia-ja-esta-disponivel-no-santuario\/\",\"name\":\"C\u00edrio da Fam\u00edlia j\u00e1 est\u00e1 dispon\u00edvel no Santu\u00e1rio - Padre Eust\u00e1quio\",\"isPartOf\":{\"@id\":\"https:\/\/www.padreeustaquio.com.br\/#website\"},\"primaryImageOfPage\":{\"@id\":\"https:\/\/www.padreeustaquio.com.br\/cirio-da-familia-ja-esta-disponivel-no-santuario\/#primaryimage\"},\"image\":{\"@id\":\"https:\/\/www.padreeustaquio.com.br\/cirio-da-familia-ja-esta-disponivel-no-santuario\/#primaryimage\"},\"thumbnailUrl\":\"https:\/\/www.padreeustaquio.com.br\/wp-content\/uploads\/2021\/03\/0B3AC256-3E18-406A-AEA6-BFC9B0C91290.jpeg\",\"datePublished\":\"2021-03-31T19:42:08+00:00\",\"breadcrumb\":{\"@id\":\"https:\/\/www.padreeustaquio.com.br\/cirio-da-familia-ja-esta-disponivel-no-santuario\/#breadcrumb\"},\"inLanguage\":\"es\",\"potentialAction\":[{\"@type\":\"ReadAction\",\"target\":[\"https:\/\/www.padreeustaquio.com.br\/cirio-da-familia-ja-esta-disponivel-no-santuario\/\"]}]},{\"@type\":\"ImageObject\",\"inLanguage\":\"es\",\"@id\":\"https:\/\/www.padreeustaquio.com.br\/cirio-da-familia-ja-esta-disponivel-no-santuario\/#primaryimage\",\"url\":\"https:\/\/www.padreeustaquio.com.br\/wp-content\/uploads\/2021\/03\/0B3AC256-3E18-406A-AEA6-BFC9B0C91290.jpeg\",\"contentUrl\":\"https:\/\/www.padreeustaquio.com.br\/wp-content\/uploads\/2021\/03\/0B3AC256-3E18-406A-AEA6-BFC9B0C91290.jpeg\",\"width\":1280,\"height\":958},{\"@type\":\"BreadcrumbList\",\"@id\":\"https:\/\/www.padreeustaquio.com.br\/cirio-da-familia-ja-esta-disponivel-no-santuario\/#breadcrumb\",\"itemListElement\":[{\"@type\":\"ListItem\",\"position\":1,\"name\":\"In\u00edcio\",\"item\":\"https:\/\/www.padreeustaquio.com.br\/\"},{\"@type\":\"ListItem\",\"position\":2,\"name\":\"C\u00edrio da Fam\u00edlia j\u00e1 est\u00e1 dispon\u00edvel no Santu\u00e1rio\"}]},{\"@type\":\"WebSite\",\"@id\":\"https:\/\/www.padreeustaquio.com.br\/#website\",\"url\":\"https:\/\/www.padreeustaquio.com.br\/\",\"name\":\"Padre Eust\u00e1quio\",\"description\":\"Sa\u00fade e Paz\",\"publisher\":{\"@id\":\"https:\/\/www.padreeustaquio.com.br\/#organization\"},\"potentialAction\":[{\"@type\":\"SearchAction\",\"target\":{\"@type\":\"EntryPoint\",\"urlTemplate\":\"https:\/\/www.padreeustaquio.com.br\/?s={search_term_string}\"},\"query-input\":{\"@type\":\"PropertyValueSpecification\",\"valueRequired\":true,\"valueName\":\"search_term_string\"}}],\"inLanguage\":\"es\"},{\"@type\":\"Organization\",\"@id\":\"https:\/\/www.padreeustaquio.com.br\/#organization\",\"name\":\"Padre Eust\u00e1quio\",\"url\":\"https:\/\/www.padreeustaquio.com.br\/\",\"logo\":{\"@type\":\"ImageObject\",\"inLanguage\":\"es\",\"@id\":\"https:\/\/www.padreeustaquio.com.br\/#\/schema\/logo\/image\/\",\"url\":\"https:\/\/www.padreeustaquio.com.br\/wp-content\/uploads\/2019\/08\/marca.png\",\"contentUrl\":\"https:\/\/www.padreeustaquio.com.br\/wp-content\/uploads\/2019\/08\/marca.png\",\"width\":350,\"height\":400,\"caption\":\"Padre Eust\u00e1quio\"},\"image\":{\"@id\":\"https:\/\/www.padreeustaquio.com.br\/#\/schema\/logo\/image\/\"},\"sameAs\":[\"https:\/\/www.facebook.com\/beatopadreeustaquio\/\",\"https:\/\/x.com\/beatopeustaquio\",\"https:\/\/www.instagram.com\/beatopadreeustaquio\/\",\"https:\/\/www.youtube.com\/channel\/UCRhw7vfabnajwLxb1ZXMeIw\"]},{\"@type\":\"Person\",\"@id\":\"https:\/\/www.padreeustaquio.com.br\/#\/schema\/person\/a2a51db1d00f1a7af0204a0f1ddb1566\",\"name\":\"@sscc\",\"image\":{\"@type\":\"ImageObject\",\"inLanguage\":\"es\",\"@id\":\"https:\/\/secure.gravatar.com\/avatar\/68cfafa5f44617fea54071e215026e0ff06be366c3d54a8425f04fdcb86f8c5f?s=96&d=mm&r=g\",\"url\":\"https:\/\/secure.gravatar.com\/avatar\/68cfafa5f44617fea54071e215026e0ff06be366c3d54a8425f04fdcb86f8c5f?s=96&d=mm&r=g\",\"contentUrl\":\"https:\/\/secure.gravatar.com\/avatar\/68cfafa5f44617fea54071e215026e0ff06be366c3d54a8425f04fdcb86f8c5f?s=96&d=mm&r=g\",\"caption\":\"@sscc\"},\"url\":\"https:\/\/www.padreeustaquio.com.br\/es\/author\/sscc\/\"}]}<\/script>\n<!-- \/ Yoast SEO plugin. -->","yoast_head_json":{"title":"La Vela Familiar ya est\u00e1 disponible en el Santuario - Padre Eust\u00e1quio","robots":{"index":"index","follow":"follow","max-snippet":"max-snippet:-1","max-image-preview":"max-image-preview:large","max-video-preview":"max-video-preview:-1"},"canonical":"https:\/\/www.padreeustaquio.com.br\/es\/la-vela-familiar-ya-esta-disponible-en-el-santuario\/","og_locale":"es_ES","og_type":"article","og_title":"C\u00edrio da Fam\u00edlia j\u00e1 est\u00e1 dispon\u00edvel no Santu\u00e1rio - Padre Eust\u00e1quio","og_description":"Um dos s\u00edmbolos mais importantes da P\u00e1scoa \u00e9 o C\u00edrio Pascal. Ele representa a \u201cLuz do mundo\u201d, vinda do Cristo ressuscitado. E para simbolizar essa luz nas nossas casas, \u00e9 poss\u00edvel adquirir a vela em vers\u00e3o reduzida, para as fam\u00edlias. O C\u00edrio Pascal da Fam\u00edlia \u00e9 baseado na vela tradicional usada nas igrejas em celebra\u00e7\u00f5es, no entanto, em um tamanho bem menor. Ele pode ser aceso durante todo o ano pelas pessoas da casa, quando elas se re\u00fanem para ora\u00e7\u00f5es. Como a Loja do Padre Eust\u00e1quio est\u00e1 \u00a0fechada devido ao novo decreto da Onda Roxa, voc\u00ea pode adquirir seu C\u00edrio [&hellip;]","og_url":"https:\/\/www.padreeustaquio.com.br\/es\/la-vela-familiar-ya-esta-disponible-en-el-santuario\/","og_site_name":"Padre Eust\u00e1quio","article_publisher":"https:\/\/www.facebook.com\/beatopadreeustaquio\/","article_published_time":"2021-03-31T19:42:08+00:00","og_image":[{"width":1280,"height":958,"url":"https:\/\/www.padreeustaquio.com.br\/wp-content\/uploads\/2021\/03\/0B3AC256-3E18-406A-AEA6-BFC9B0C91290.jpeg","type":"image\/jpeg"}],"author":"@sscc","twitter_card":"summary_large_image","twitter_creator":"@beatopeustaquio","twitter_site":"@beatopeustaquio","twitter_misc":{"Escrito por":"@sscc","Tiempo de lectura":"1 minuto"},"schema":{"@context":"https:\/\/schema.org","@graph":[{"@type":"Article","@id":"https:\/\/www.padreeustaquio.com.br\/cirio-da-familia-ja-esta-disponivel-no-santuario\/#article","isPartOf":{"@id":"https:\/\/www.padreeustaquio.com.br\/cirio-da-familia-ja-esta-disponivel-no-santuario\/"},"author":{"name":"@sscc","@id":"https:\/\/www.padreeustaquio.com.br\/#\/schema\/person\/a2a51db1d00f1a7af0204a0f1ddb1566"},"headline":"C\u00edrio da Fam\u00edlia j\u00e1 est\u00e1 dispon\u00edvel no Santu\u00e1rio","datePublished":"2021-03-31T19:42:08+00:00","mainEntityOfPage":{"@id":"https:\/\/www.padreeustaquio.com.br\/cirio-da-familia-ja-esta-disponivel-no-santuario\/"},"wordCount":146,"commentCount":0,"publisher":{"@id":"https:\/\/www.padreeustaquio.com.br\/#organization"},"image":{"@id":"https:\/\/www.padreeustaquio.com.br\/cirio-da-familia-ja-esta-disponivel-no-santuario\/#primaryimage"},"thumbnailUrl":"https:\/\/www.padreeustaquio.com.br\/wp-content\/uploads\/2021\/03\/0B3AC256-3E18-406A-AEA6-BFC9B0C91290.jpeg","articleSection":["Not\u00edcias"],"inLanguage":"es","potentialAction":[{"@type":"CommentAction","name":"Comment","target":["https:\/\/www.padreeustaquio.com.br\/cirio-da-familia-ja-esta-disponivel-no-santuario\/#respond"]}]},{"@type":"WebPage","@id":"https:\/\/www.padreeustaquio.com.br\/cirio-da-familia-ja-esta-disponivel-no-santuario\/","url":"https:\/\/www.padreeustaquio.com.br\/cirio-da-familia-ja-esta-disponivel-no-santuario\/","name":"La Vela Familiar ya est\u00e1 disponible en el Santuario - Padre Eust\u00e1quio","isPartOf":{"@id":"https:\/\/www.padreeustaquio.com.br\/#website"},"primaryImageOfPage":{"@id":"https:\/\/www.padreeustaquio.com.br\/cirio-da-familia-ja-esta-disponivel-no-santuario\/#primaryimage"},"image":{"@id":"https:\/\/www.padreeustaquio.com.br\/cirio-da-familia-ja-esta-disponivel-no-santuario\/#primaryimage"},"thumbnailUrl":"https:\/\/www.padreeustaquio.com.br\/wp-content\/uploads\/2021\/03\/0B3AC256-3E18-406A-AEA6-BFC9B0C91290.jpeg","datePublished":"2021-03-31T19:42:08+00:00","breadcrumb":{"@id":"https:\/\/www.padreeustaquio.com.br\/cirio-da-familia-ja-esta-disponivel-no-santuario\/#breadcrumb"},"inLanguage":"es","potentialAction":[{"@type":"ReadAction","target":["https:\/\/www.padreeustaquio.com.br\/cirio-da-familia-ja-esta-disponivel-no-santuario\/"]}]},{"@type":"ImageObject","inLanguage":"es","@id":"https:\/\/www.padreeustaquio.com.br\/cirio-da-familia-ja-esta-disponivel-no-santuario\/#primaryimage","url":"https:\/\/www.padreeustaquio.com.br\/wp-content\/uploads\/2021\/03\/0B3AC256-3E18-406A-AEA6-BFC9B0C91290.jpeg","contentUrl":"https:\/\/www.padreeustaquio.com.br\/wp-content\/uploads\/2021\/03\/0B3AC256-3E18-406A-AEA6-BFC9B0C91290.jpeg","width":1280,"height":958},{"@type":"BreadcrumbList","@id":"https:\/\/www.padreeustaquio.com.br\/cirio-da-familia-ja-esta-disponivel-no-santuario\/#breadcrumb","itemListElement":[{"@type":"ListItem","position":1,"name":"In\u00edcio","item":"https:\/\/www.padreeustaquio.com.br\/"},{"@type":"ListItem","position":2,"name":"C\u00edrio da Fam\u00edlia j\u00e1 est\u00e1 dispon\u00edvel no Santu\u00e1rio"}]},{"@type":"WebSite","@id":"https:\/\/www.padreeustaquio.com.br\/#website","url":"https:\/\/www.padreeustaquio.com.br\/","name":"Padre Eustace","description":"Salud y Paz","publisher":{"@id":"https:\/\/www.padreeustaquio.com.br\/#organization"},"potentialAction":[{"@type":"SearchAction","target":{"@type":"EntryPoint","urlTemplate":"https:\/\/www.padreeustaquio.com.br\/?s={search_term_string}"},"query-input":{"@type":"PropertyValueSpecification","valueRequired":true,"valueName":"search_term_string"}}],"inLanguage":"es"},{"@type":"Organization","@id":"https:\/\/www.padreeustaquio.com.br\/#organization","name":"Padre Eustace","url":"https:\/\/www.padreeustaquio.com.br\/","logo":{"@type":"ImageObject","inLanguage":"es","@id":"https:\/\/www.padreeustaquio.com.br\/#\/schema\/logo\/image\/","url":"https:\/\/www.padreeustaquio.com.br\/wp-content\/uploads\/2019\/08\/marca.png","contentUrl":"https:\/\/www.padreeustaquio.com.br\/wp-content\/uploads\/2019\/08\/marca.png","width":350,"height":400,"caption":"Padre Eust\u00e1quio"},"image":{"@id":"https:\/\/www.padreeustaquio.com.br\/#\/schema\/logo\/image\/"},"sameAs":["https:\/\/www.facebook.com\/beatopadreeustaquio\/","https:\/\/x.com\/beatopeustaquio","https:\/\/www.instagram.com\/beatopadreeustaquio\/","https:\/\/www.youtube.com\/channel\/UCRhw7vfabnajwLxb1ZXMeIw"]},{"@type":"Person","@id":"https:\/\/www.padreeustaquio.com.br\/#\/schema\/person\/a2a51db1d00f1a7af0204a0f1ddb1566","name":"@sscc","image":{"@type":"ImageObject","inLanguage":"es","@id":"https:\/\/secure.gravatar.com\/avatar\/68cfafa5f44617fea54071e215026e0ff06be366c3d54a8425f04fdcb86f8c5f?s=96&d=mm&r=g","url":"https:\/\/secure.gravatar.com\/avatar\/68cfafa5f44617fea54071e215026e0ff06be366c3d54a8425f04fdcb86f8c5f?s=96&d=mm&r=g","contentUrl":"https:\/\/secure.gravatar.com\/avatar\/68cfafa5f44617fea54071e215026e0ff06be366c3d54a8425f04fdcb86f8c5f?s=96&d=mm&r=g","caption":"@sscc"},"url":"https:\/\/www.padreeustaquio.com.br\/es\/author\/sscc\/"}]}},"_links":{"self":[{"href":"https:\/\/www.padreeustaquio.com.br\/es\/wp-json\/wp\/v2\/posts\/5381","targetHints":{"allow":["GET"]}}],"collection":[{"href":"https:\/\/www.padreeustaquio.com.br\/es\/wp-json\/wp\/v2\/posts"}],"about":[{"href":"https:\/\/www.padreeustaquio.com.br\/es\/wp-json\/wp\/v2\/types\/post"}],"author":[{"embeddable":true,"href":"https:\/\/www.padreeustaquio.com.br\/es\/wp-json\/wp\/v2\/users\/2"}],"replies":[{"embeddable":true,"href":"https:\/\/www.padreeustaquio.com.br\/es\/wp-json\/wp\/v2\/comments?post=5381"}],"version-history":[{"count":0,"href":"https:\/\/www.padreeustaquio.com.br\/es\/wp-json\/wp\/v2\/posts\/5381\/revisions"}],"wp:featuredmedia":[{"embeddable":true,"href":"https:\/\/www.padreeustaquio.com.br\/es\/wp-json\/wp\/v2\/media\/5382"}],"wp:attachment":[{"href":"https:\/\/www.padreeustaquio.com.br\/es\/wp-json\/wp\/v2\/media?parent=5381"}],"wp:term":[{"taxonomy":"category","embeddable":true,"href":"https:\/\/www.padreeustaquio.com.br\/es\/wp-json\/wp\/v2\/categories?post=5381"},{"taxonomy":"post_tag","embeddable":true,"href":"https:\/\/www.padreeustaquio.com.br\/es\/wp-json\/wp\/v2\/tags?post=5381"}],"curies":[{"name":"wp","href":"https:\/\/api.w.org\/{rel}","templated":true}]}}