{"id":5338,"date":"2021-03-26T10:18:17","date_gmt":"2021-03-26T13:18:17","guid":{"rendered":"https:\/\/www.padreeustaquio.com.br\/?p=5338"},"modified":"2021-03-26T10:18:17","modified_gmt":"2021-03-26T13:18:17","slug":"se-restaura-la-capilla-de-san-jose-en-el-santuario-de-la-salud-y-la-paz","status":"publish","type":"post","link":"https:\/\/www.padreeustaquio.com.br\/es\/se-restaura-la-capilla-de-san-jose-en-el-santuario-de-la-salud-y-la-paz\/","title":{"rendered":"Se restaura la Capilla San Jos\u00e9 en el Santuario de Salud y Paz."},"content":{"rendered":"<p>La Capilla de San Jos\u00e9, ubicada en una de las naves del Santuario de la Salud y la Paz, la iglesia del Padre Eust\u00e1quio, ha sido restaurada. Ahora cuenta con un altar dedicado exclusivamente al santo. La restauraci\u00f3n no requiri\u00f3 obras, solo la reorganizaci\u00f3n de algunas im\u00e1genes que anteriormente se exhib\u00edan en la capilla.<\/p>\n<p>Desde la colocaci\u00f3n de la primera piedra de la iglesia, el Padre Eust\u00e1quio so\u00f1\u00f3 con construir una capilla interior para San Jos\u00e9. Al construirse la iglesia, el espacio se destin\u00f3 a este fin. Sin embargo, con el tiempo, la esencia de la Capilla de San Jos\u00e9 se perdi\u00f3.<\/p>\n<p>El cambio forma parte de un proceso de recuperaci\u00f3n de las ra\u00edces del Santuario de Salud y Paz. Esto se debe a que, antes de morir, el Beato Padre Eustace dej\u00f3 escritos que detallaban c\u00f3mo quer\u00eda que se construyera la iglesia.<\/p>","protected":false},"excerpt":{"rendered":"<p>A Capela S\u00e3o Jos\u00e9 que fica em uma das naves do Santu\u00e1rio Sa\u00fade e Paz, a igreja do Padre Eust\u00e1quio, foi restaurada. No local, agora, existe um altar dedicado exclusivamente ao Santo. Para a restaura\u00e7\u00e3o, n\u00e3o foi necess\u00e1rio fazer nenhuma obra, apenas o remanejamento de algumas imagens que estavam dispostas na capela. Desde o lan\u00e7amento da pedra fundamental da igreja, Padre Eust\u00e1quio tinha o sonho de construir uma capela interna para o S\u00e3o Jos\u00e9. Quando a igreja foi erguida o espa\u00e7o foi, ent\u00e3o, destinado para isso. No entanto, com o tempo, a ess\u00eancia da Capela de S\u00e3o Jos\u00e9 acabou se [&hellip;]<\/p>\n","protected":false},"author":2,"featured_media":5339,"comment_status":"open","ping_status":"closed","sticky":false,"template":"","format":"standard","meta":{"_acf_changed":false,"footnotes":""},"categories":[611],"tags":[],"class_list":["post-5338","post","type-post","status-publish","format-standard","has-post-thumbnail","hentry","category-noticias"],"acf":[],"yoast_head":"<!-- This site is optimized with the Yoast SEO plugin v27.2 - https:\/\/yoast.com\/product\/yoast-seo-wordpress\/ -->\n<title>Capela S\u00e3o Jos\u00e9 \u00e9 restaurada no Santu\u00e1rio Sa\u00fade e Paz - Padre Eust\u00e1quio<\/title>\n<meta name=\"robots\" content=\"index, follow, max-snippet:-1, max-image-preview:large, max-video-preview:-1\" \/>\n<link rel=\"canonical\" href=\"https:\/\/www.padreeustaquio.com.br\/es\/se-restaura-la-capilla-de-san-jose-en-el-santuario-de-la-salud-y-la-paz\/\" \/>\n<meta property=\"og:locale\" content=\"es_ES\" \/>\n<meta property=\"og:type\" content=\"article\" \/>\n<meta property=\"og:title\" content=\"Capela S\u00e3o Jos\u00e9 \u00e9 restaurada no Santu\u00e1rio Sa\u00fade e Paz - Padre Eust\u00e1quio\" \/>\n<meta property=\"og:description\" content=\"A Capela S\u00e3o Jos\u00e9 que fica em uma das naves do Santu\u00e1rio Sa\u00fade e Paz, a igreja do Padre Eust\u00e1quio, foi restaurada. No local, agora, existe um altar dedicado exclusivamente ao Santo. Para a restaura\u00e7\u00e3o, n\u00e3o foi necess\u00e1rio fazer nenhuma obra, apenas o remanejamento de algumas imagens que estavam dispostas na capela. Desde o lan\u00e7amento da pedra fundamental da igreja, Padre Eust\u00e1quio tinha o sonho de construir uma capela interna para o S\u00e3o Jos\u00e9. Quando a igreja foi erguida o espa\u00e7o foi, ent\u00e3o, destinado para isso. No entanto, com o tempo, a ess\u00eancia da Capela de S\u00e3o Jos\u00e9 acabou se [&hellip;]\" \/>\n<meta property=\"og:url\" content=\"https:\/\/www.padreeustaquio.com.br\/es\/se-restaura-la-capilla-de-san-jose-en-el-santuario-de-la-salud-y-la-paz\/\" \/>\n<meta property=\"og:site_name\" content=\"Padre Eust\u00e1quio\" \/>\n<meta property=\"article:publisher\" content=\"https:\/\/www.facebook.com\/beatopadreeustaquio\/\" \/>\n<meta property=\"article:published_time\" content=\"2021-03-26T13:18:17+00:00\" \/>\n<meta property=\"og:image\" content=\"https:\/\/www.padreeustaquio.com.br\/wp-content\/uploads\/2021\/03\/capela-sao-jose.jpg\" \/>\n\t<meta property=\"og:image:width\" content=\"748\" \/>\n\t<meta property=\"og:image:height\" content=\"394\" \/>\n\t<meta property=\"og:image:type\" content=\"image\/jpeg\" \/>\n<meta name=\"author\" content=\"@sscc\" \/>\n<meta name=\"twitter:card\" content=\"summary_large_image\" \/>\n<meta name=\"twitter:creator\" content=\"@beatopeustaquio\" \/>\n<meta name=\"twitter:site\" content=\"@beatopeustaquio\" \/>\n<meta name=\"twitter:label1\" content=\"Escrito por\" \/>\n\t<meta name=\"twitter:data1\" content=\"@sscc\" \/>\n\t<meta name=\"twitter:label2\" content=\"Tiempo de lectura\" \/>\n\t<meta name=\"twitter:data2\" content=\"1 minuto\" \/>\n<script type=\"application\/ld+json\" class=\"yoast-schema-graph\">{\"@context\":\"https:\/\/schema.org\",\"@graph\":[{\"@type\":\"Article\",\"@id\":\"https:\/\/www.padreeustaquio.com.br\/capela-sao-jose-e-restaurada-no-santuario-saude-e-paz\/#article\",\"isPartOf\":{\"@id\":\"https:\/\/www.padreeustaquio.com.br\/capela-sao-jose-e-restaurada-no-santuario-saude-e-paz\/\"},\"author\":{\"name\":\"@sscc\",\"@id\":\"https:\/\/www.padreeustaquio.com.br\/#\/schema\/person\/a2a51db1d00f1a7af0204a0f1ddb1566\"},\"headline\":\"Capela S\u00e3o Jos\u00e9 \u00e9 restaurada no Santu\u00e1rio Sa\u00fade e Paz\",\"datePublished\":\"2021-03-26T13:18:17+00:00\",\"mainEntityOfPage\":{\"@id\":\"https:\/\/www.padreeustaquio.com.br\/capela-sao-jose-e-restaurada-no-santuario-saude-e-paz\/\"},\"wordCount\":169,\"commentCount\":0,\"publisher\":{\"@id\":\"https:\/\/www.padreeustaquio.com.br\/#organization\"},\"image\":{\"@id\":\"https:\/\/www.padreeustaquio.com.br\/capela-sao-jose-e-restaurada-no-santuario-saude-e-paz\/#primaryimage\"},\"thumbnailUrl\":\"https:\/\/www.padreeustaquio.com.br\/wp-content\/uploads\/2021\/03\/capela-sao-jose.jpg\",\"articleSection\":[\"Not\u00edcias\"],\"inLanguage\":\"es\",\"potentialAction\":[{\"@type\":\"CommentAction\",\"name\":\"Comment\",\"target\":[\"https:\/\/www.padreeustaquio.com.br\/capela-sao-jose-e-restaurada-no-santuario-saude-e-paz\/#respond\"]}]},{\"@type\":\"WebPage\",\"@id\":\"https:\/\/www.padreeustaquio.com.br\/capela-sao-jose-e-restaurada-no-santuario-saude-e-paz\/\",\"url\":\"https:\/\/www.padreeustaquio.com.br\/capela-sao-jose-e-restaurada-no-santuario-saude-e-paz\/\",\"name\":\"Capela S\u00e3o Jos\u00e9 \u00e9 restaurada no Santu\u00e1rio Sa\u00fade e Paz - Padre Eust\u00e1quio\",\"isPartOf\":{\"@id\":\"https:\/\/www.padreeustaquio.com.br\/#website\"},\"primaryImageOfPage\":{\"@id\":\"https:\/\/www.padreeustaquio.com.br\/capela-sao-jose-e-restaurada-no-santuario-saude-e-paz\/#primaryimage\"},\"image\":{\"@id\":\"https:\/\/www.padreeustaquio.com.br\/capela-sao-jose-e-restaurada-no-santuario-saude-e-paz\/#primaryimage\"},\"thumbnailUrl\":\"https:\/\/www.padreeustaquio.com.br\/wp-content\/uploads\/2021\/03\/capela-sao-jose.jpg\",\"datePublished\":\"2021-03-26T13:18:17+00:00\",\"breadcrumb\":{\"@id\":\"https:\/\/www.padreeustaquio.com.br\/capela-sao-jose-e-restaurada-no-santuario-saude-e-paz\/#breadcrumb\"},\"inLanguage\":\"es\",\"potentialAction\":[{\"@type\":\"ReadAction\",\"target\":[\"https:\/\/www.padreeustaquio.com.br\/capela-sao-jose-e-restaurada-no-santuario-saude-e-paz\/\"]}]},{\"@type\":\"ImageObject\",\"inLanguage\":\"es\",\"@id\":\"https:\/\/www.padreeustaquio.com.br\/capela-sao-jose-e-restaurada-no-santuario-saude-e-paz\/#primaryimage\",\"url\":\"https:\/\/www.padreeustaquio.com.br\/wp-content\/uploads\/2021\/03\/capela-sao-jose.jpg\",\"contentUrl\":\"https:\/\/www.padreeustaquio.com.br\/wp-content\/uploads\/2021\/03\/capela-sao-jose.jpg\",\"width\":748,\"height\":394},{\"@type\":\"BreadcrumbList\",\"@id\":\"https:\/\/www.padreeustaquio.com.br\/capela-sao-jose-e-restaurada-no-santuario-saude-e-paz\/#breadcrumb\",\"itemListElement\":[{\"@type\":\"ListItem\",\"position\":1,\"name\":\"In\u00edcio\",\"item\":\"https:\/\/www.padreeustaquio.com.br\/\"},{\"@type\":\"ListItem\",\"position\":2,\"name\":\"Capela S\u00e3o Jos\u00e9 \u00e9 restaurada no Santu\u00e1rio Sa\u00fade e Paz\"}]},{\"@type\":\"WebSite\",\"@id\":\"https:\/\/www.padreeustaquio.com.br\/#website\",\"url\":\"https:\/\/www.padreeustaquio.com.br\/\",\"name\":\"Padre Eust\u00e1quio\",\"description\":\"Sa\u00fade e Paz\",\"publisher\":{\"@id\":\"https:\/\/www.padreeustaquio.com.br\/#organization\"},\"potentialAction\":[{\"@type\":\"SearchAction\",\"target\":{\"@type\":\"EntryPoint\",\"urlTemplate\":\"https:\/\/www.padreeustaquio.com.br\/?s={search_term_string}\"},\"query-input\":{\"@type\":\"PropertyValueSpecification\",\"valueRequired\":true,\"valueName\":\"search_term_string\"}}],\"inLanguage\":\"es\"},{\"@type\":\"Organization\",\"@id\":\"https:\/\/www.padreeustaquio.com.br\/#organization\",\"name\":\"Padre Eust\u00e1quio\",\"url\":\"https:\/\/www.padreeustaquio.com.br\/\",\"logo\":{\"@type\":\"ImageObject\",\"inLanguage\":\"es\",\"@id\":\"https:\/\/www.padreeustaquio.com.br\/#\/schema\/logo\/image\/\",\"url\":\"https:\/\/www.padreeustaquio.com.br\/wp-content\/uploads\/2019\/08\/marca.png\",\"contentUrl\":\"https:\/\/www.padreeustaquio.com.br\/wp-content\/uploads\/2019\/08\/marca.png\",\"width\":350,\"height\":400,\"caption\":\"Padre Eust\u00e1quio\"},\"image\":{\"@id\":\"https:\/\/www.padreeustaquio.com.br\/#\/schema\/logo\/image\/\"},\"sameAs\":[\"https:\/\/www.facebook.com\/beatopadreeustaquio\/\",\"https:\/\/x.com\/beatopeustaquio\",\"https:\/\/www.instagram.com\/beatopadreeustaquio\/\",\"https:\/\/www.youtube.com\/channel\/UCRhw7vfabnajwLxb1ZXMeIw\"]},{\"@type\":\"Person\",\"@id\":\"https:\/\/www.padreeustaquio.com.br\/#\/schema\/person\/a2a51db1d00f1a7af0204a0f1ddb1566\",\"name\":\"@sscc\",\"image\":{\"@type\":\"ImageObject\",\"inLanguage\":\"es\",\"@id\":\"https:\/\/secure.gravatar.com\/avatar\/68cfafa5f44617fea54071e215026e0ff06be366c3d54a8425f04fdcb86f8c5f?s=96&d=mm&r=g\",\"url\":\"https:\/\/secure.gravatar.com\/avatar\/68cfafa5f44617fea54071e215026e0ff06be366c3d54a8425f04fdcb86f8c5f?s=96&d=mm&r=g\",\"contentUrl\":\"https:\/\/secure.gravatar.com\/avatar\/68cfafa5f44617fea54071e215026e0ff06be366c3d54a8425f04fdcb86f8c5f?s=96&d=mm&r=g\",\"caption\":\"@sscc\"},\"url\":\"https:\/\/www.padreeustaquio.com.br\/es\/author\/sscc\/\"}]}<\/script>\n<!-- \/ Yoast SEO plugin. -->","yoast_head_json":{"title":"Restauran la Capilla San Jos\u00e9 en el Santuario de Salud y Paz - Padre Eust\u00e1quio","robots":{"index":"index","follow":"follow","max-snippet":"max-snippet:-1","max-image-preview":"max-image-preview:large","max-video-preview":"max-video-preview:-1"},"canonical":"https:\/\/www.padreeustaquio.com.br\/es\/se-restaura-la-capilla-de-san-jose-en-el-santuario-de-la-salud-y-la-paz\/","og_locale":"es_ES","og_type":"article","og_title":"Capela S\u00e3o Jos\u00e9 \u00e9 restaurada no Santu\u00e1rio Sa\u00fade e Paz - Padre Eust\u00e1quio","og_description":"A Capela S\u00e3o Jos\u00e9 que fica em uma das naves do Santu\u00e1rio Sa\u00fade e Paz, a igreja do Padre Eust\u00e1quio, foi restaurada. No local, agora, existe um altar dedicado exclusivamente ao Santo. Para a restaura\u00e7\u00e3o, n\u00e3o foi necess\u00e1rio fazer nenhuma obra, apenas o remanejamento de algumas imagens que estavam dispostas na capela. Desde o lan\u00e7amento da pedra fundamental da igreja, Padre Eust\u00e1quio tinha o sonho de construir uma capela interna para o S\u00e3o Jos\u00e9. Quando a igreja foi erguida o espa\u00e7o foi, ent\u00e3o, destinado para isso. No entanto, com o tempo, a ess\u00eancia da Capela de S\u00e3o Jos\u00e9 acabou se [&hellip;]","og_url":"https:\/\/www.padreeustaquio.com.br\/es\/se-restaura-la-capilla-de-san-jose-en-el-santuario-de-la-salud-y-la-paz\/","og_site_name":"Padre Eust\u00e1quio","article_publisher":"https:\/\/www.facebook.com\/beatopadreeustaquio\/","article_published_time":"2021-03-26T13:18:17+00:00","og_image":[{"width":748,"height":394,"url":"https:\/\/www.padreeustaquio.com.br\/wp-content\/uploads\/2021\/03\/capela-sao-jose.jpg","type":"image\/jpeg"}],"author":"@sscc","twitter_card":"summary_large_image","twitter_creator":"@beatopeustaquio","twitter_site":"@beatopeustaquio","twitter_misc":{"Escrito por":"@sscc","Tiempo de lectura":"1 minuto"},"schema":{"@context":"https:\/\/schema.org","@graph":[{"@type":"Article","@id":"https:\/\/www.padreeustaquio.com.br\/capela-sao-jose-e-restaurada-no-santuario-saude-e-paz\/#article","isPartOf":{"@id":"https:\/\/www.padreeustaquio.com.br\/capela-sao-jose-e-restaurada-no-santuario-saude-e-paz\/"},"author":{"name":"@sscc","@id":"https:\/\/www.padreeustaquio.com.br\/#\/schema\/person\/a2a51db1d00f1a7af0204a0f1ddb1566"},"headline":"Capela S\u00e3o Jos\u00e9 \u00e9 restaurada no Santu\u00e1rio Sa\u00fade e Paz","datePublished":"2021-03-26T13:18:17+00:00","mainEntityOfPage":{"@id":"https:\/\/www.padreeustaquio.com.br\/capela-sao-jose-e-restaurada-no-santuario-saude-e-paz\/"},"wordCount":169,"commentCount":0,"publisher":{"@id":"https:\/\/www.padreeustaquio.com.br\/#organization"},"image":{"@id":"https:\/\/www.padreeustaquio.com.br\/capela-sao-jose-e-restaurada-no-santuario-saude-e-paz\/#primaryimage"},"thumbnailUrl":"https:\/\/www.padreeustaquio.com.br\/wp-content\/uploads\/2021\/03\/capela-sao-jose.jpg","articleSection":["Not\u00edcias"],"inLanguage":"es","potentialAction":[{"@type":"CommentAction","name":"Comment","target":["https:\/\/www.padreeustaquio.com.br\/capela-sao-jose-e-restaurada-no-santuario-saude-e-paz\/#respond"]}]},{"@type":"WebPage","@id":"https:\/\/www.padreeustaquio.com.br\/capela-sao-jose-e-restaurada-no-santuario-saude-e-paz\/","url":"https:\/\/www.padreeustaquio.com.br\/capela-sao-jose-e-restaurada-no-santuario-saude-e-paz\/","name":"Restauran la Capilla San Jos\u00e9 en el Santuario de Salud y Paz - Padre Eust\u00e1quio","isPartOf":{"@id":"https:\/\/www.padreeustaquio.com.br\/#website"},"primaryImageOfPage":{"@id":"https:\/\/www.padreeustaquio.com.br\/capela-sao-jose-e-restaurada-no-santuario-saude-e-paz\/#primaryimage"},"image":{"@id":"https:\/\/www.padreeustaquio.com.br\/capela-sao-jose-e-restaurada-no-santuario-saude-e-paz\/#primaryimage"},"thumbnailUrl":"https:\/\/www.padreeustaquio.com.br\/wp-content\/uploads\/2021\/03\/capela-sao-jose.jpg","datePublished":"2021-03-26T13:18:17+00:00","breadcrumb":{"@id":"https:\/\/www.padreeustaquio.com.br\/capela-sao-jose-e-restaurada-no-santuario-saude-e-paz\/#breadcrumb"},"inLanguage":"es","potentialAction":[{"@type":"ReadAction","target":["https:\/\/www.padreeustaquio.com.br\/capela-sao-jose-e-restaurada-no-santuario-saude-e-paz\/"]}]},{"@type":"ImageObject","inLanguage":"es","@id":"https:\/\/www.padreeustaquio.com.br\/capela-sao-jose-e-restaurada-no-santuario-saude-e-paz\/#primaryimage","url":"https:\/\/www.padreeustaquio.com.br\/wp-content\/uploads\/2021\/03\/capela-sao-jose.jpg","contentUrl":"https:\/\/www.padreeustaquio.com.br\/wp-content\/uploads\/2021\/03\/capela-sao-jose.jpg","width":748,"height":394},{"@type":"BreadcrumbList","@id":"https:\/\/www.padreeustaquio.com.br\/capela-sao-jose-e-restaurada-no-santuario-saude-e-paz\/#breadcrumb","itemListElement":[{"@type":"ListItem","position":1,"name":"In\u00edcio","item":"https:\/\/www.padreeustaquio.com.br\/"},{"@type":"ListItem","position":2,"name":"Capela S\u00e3o Jos\u00e9 \u00e9 restaurada no Santu\u00e1rio Sa\u00fade e Paz"}]},{"@type":"WebSite","@id":"https:\/\/www.padreeustaquio.com.br\/#website","url":"https:\/\/www.padreeustaquio.com.br\/","name":"Padre Eustace","description":"Salud y Paz","publisher":{"@id":"https:\/\/www.padreeustaquio.com.br\/#organization"},"potentialAction":[{"@type":"SearchAction","target":{"@type":"EntryPoint","urlTemplate":"https:\/\/www.padreeustaquio.com.br\/?s={search_term_string}"},"query-input":{"@type":"PropertyValueSpecification","valueRequired":true,"valueName":"search_term_string"}}],"inLanguage":"es"},{"@type":"Organization","@id":"https:\/\/www.padreeustaquio.com.br\/#organization","name":"Padre Eustace","url":"https:\/\/www.padreeustaquio.com.br\/","logo":{"@type":"ImageObject","inLanguage":"es","@id":"https:\/\/www.padreeustaquio.com.br\/#\/schema\/logo\/image\/","url":"https:\/\/www.padreeustaquio.com.br\/wp-content\/uploads\/2019\/08\/marca.png","contentUrl":"https:\/\/www.padreeustaquio.com.br\/wp-content\/uploads\/2019\/08\/marca.png","width":350,"height":400,"caption":"Padre Eust\u00e1quio"},"image":{"@id":"https:\/\/www.padreeustaquio.com.br\/#\/schema\/logo\/image\/"},"sameAs":["https:\/\/www.facebook.com\/beatopadreeustaquio\/","https:\/\/x.com\/beatopeustaquio","https:\/\/www.instagram.com\/beatopadreeustaquio\/","https:\/\/www.youtube.com\/channel\/UCRhw7vfabnajwLxb1ZXMeIw"]},{"@type":"Person","@id":"https:\/\/www.padreeustaquio.com.br\/#\/schema\/person\/a2a51db1d00f1a7af0204a0f1ddb1566","name":"@sscc","image":{"@type":"ImageObject","inLanguage":"es","@id":"https:\/\/secure.gravatar.com\/avatar\/68cfafa5f44617fea54071e215026e0ff06be366c3d54a8425f04fdcb86f8c5f?s=96&d=mm&r=g","url":"https:\/\/secure.gravatar.com\/avatar\/68cfafa5f44617fea54071e215026e0ff06be366c3d54a8425f04fdcb86f8c5f?s=96&d=mm&r=g","contentUrl":"https:\/\/secure.gravatar.com\/avatar\/68cfafa5f44617fea54071e215026e0ff06be366c3d54a8425f04fdcb86f8c5f?s=96&d=mm&r=g","caption":"@sscc"},"url":"https:\/\/www.padreeustaquio.com.br\/es\/author\/sscc\/"}]}},"_links":{"self":[{"href":"https:\/\/www.padreeustaquio.com.br\/es\/wp-json\/wp\/v2\/posts\/5338","targetHints":{"allow":["GET"]}}],"collection":[{"href":"https:\/\/www.padreeustaquio.com.br\/es\/wp-json\/wp\/v2\/posts"}],"about":[{"href":"https:\/\/www.padreeustaquio.com.br\/es\/wp-json\/wp\/v2\/types\/post"}],"author":[{"embeddable":true,"href":"https:\/\/www.padreeustaquio.com.br\/es\/wp-json\/wp\/v2\/users\/2"}],"replies":[{"embeddable":true,"href":"https:\/\/www.padreeustaquio.com.br\/es\/wp-json\/wp\/v2\/comments?post=5338"}],"version-history":[{"count":0,"href":"https:\/\/www.padreeustaquio.com.br\/es\/wp-json\/wp\/v2\/posts\/5338\/revisions"}],"wp:featuredmedia":[{"embeddable":true,"href":"https:\/\/www.padreeustaquio.com.br\/es\/wp-json\/wp\/v2\/media\/5339"}],"wp:attachment":[{"href":"https:\/\/www.padreeustaquio.com.br\/es\/wp-json\/wp\/v2\/media?parent=5338"}],"wp:term":[{"taxonomy":"category","embeddable":true,"href":"https:\/\/www.padreeustaquio.com.br\/es\/wp-json\/wp\/v2\/categories?post=5338"},{"taxonomy":"post_tag","embeddable":true,"href":"https:\/\/www.padreeustaquio.com.br\/es\/wp-json\/wp\/v2\/tags?post=5338"}],"curies":[{"name":"wp","href":"https:\/\/api.w.org\/{rel}","templated":true}]}}