{"id":5314,"date":"2021-03-22T07:38:00","date_gmt":"2021-03-22T10:38:00","guid":{"rendered":"https:\/\/www.padreeustaquio.com.br\/?p=5314"},"modified":"2021-03-22T10:13:08","modified_gmt":"2021-03-22T13:13:08","slug":"la-iglesia-de-san-jose-es-elevada-a-santuario","status":"publish","type":"post","link":"https:\/\/www.padreeustaquio.com.br\/es\/la-iglesia-de-san-jose-es-elevada-a-santuario\/","title":{"rendered":"La Iglesia de San Jos\u00e9 es elevada a Santuario."},"content":{"rendered":"<p>La Iglesia de San Jos\u00e9, lugar elegido en septiembre de 1943 para albergar la celebraci\u00f3n de la Misa del S\u00e9ptimo D\u00eda del Padre Eustaquio, fue elevada a Santuario el d\u00eda de su santo patrono, el 19 de marzo, el pasado viernes.<br \/><br \/>El solemne anuncio fue hecho por el arzobispo metropolitano de Belo Horizonte y presidente de la Conferencia Nacional de Obispos de Brasil (CNBB), Dom Walmor Oliveira de Azevedo, quien presidi\u00f3 la misa en la iglesia ubicada en el centro de la capital minera, sin la presencia de fieles debido al agravamiento de la pandemia.<br \/><br \/>La celebraci\u00f3n eucar\u00edstica de la creaci\u00f3n de<strong>\u00a0<\/strong>El Santuario Arquidiocesano de San Jos\u00e9 tambi\u00e9n conmemora las celebraciones del 150 aniversario de la proclamaci\u00f3n de San Jos\u00e9 como patrono de la Iglesia.<br \/><br \/><strong>Elevaci\u00f3n al Santuario<\/strong><\/p>\r\n\r\n\r\n\r\n<p>Una iglesia u otro lugar sagrado se convierte en santuario cuando un gran n\u00famero de fieles, por alguna raz\u00f3n especial de piedad, hacen peregrinaciones all\u00ed, con la aprobaci\u00f3n de la autoridad de la Iglesia local (obispo o arzobispo).<\/p>\r\n\r\n\r\n\r\n<p>En el territorio de la Arquidi\u00f3cesis de Belo Horizonte, que abarca 28 municipios, hay 11 santuarios, cinco de ellos en la capital, entre ellos el Santuario de la Salud y la Paz, la iglesia del Padre Eust\u00e1quio.<br \/><br \/>El p\u00e1rroco de la parroquia de S\u00e3o Jos\u00e9 y actual rector del santuario, el sacerdote redentorista Jos\u00e9 Cl\u00e1udio Teixeira, destaca el reconocimiento y recuerda que la iglesia es un centro de peregrinaci\u00f3n tanto para los residentes como para los habitantes de los municipios vecinos: \u201cEs un lugar de evangelizaci\u00f3n, de fe, que desde hace mucho tiempo ha sido un santuario en el coraz\u00f3n de la gente. Antes de la pandemia del nuevo coronavirus, unas mil personas asist\u00edan a la misa dominical\u201d.<\/p>\r\n\r\n\r\n\r\n<p>&nbsp;<\/p>\r\n\r\n\r\n\r\n<p><strong><em>***con informaci\u00f3n del diario Estado de Minas (em.com.br)<\/em><\/strong><\/p>","protected":false},"excerpt":{"rendered":"<p>A igreja de S\u00e3o Jos\u00e9, local que foi escolhido em setembro de 1943 para acolher a celebra\u00e7\u00e3o da Missa de 7\u00ba dia de Padre Eust\u00e1quio, foi elevada a Santu\u00e1rio no dia do seu padroeiro, 19 de mar\u00e7o, \u00faltima sexta-feira. O an\u00fancio solene foi feito pelo arcebispo metropolitano de Belo Horizonte e presidente da Confer\u00eancia Nacional dos Bispos do Brasil (CNBB), dom Walmor Oliveira de Azevedo, que presidiu a missa no templo que fica no centro da capital mineira, sem a presen\u00e7a de fi\u00e9is por causa do agravamento da pandemia. A celebra\u00e7\u00e3o eucar\u00edstica de cria\u00e7\u00e3o do\u00a0Santu\u00e1rio Arquidiocesano S\u00e3o Jos\u00e9\u00a0marca tamb\u00e9m as [&hellip;]<\/p>\n","protected":false},"author":2,"featured_media":5315,"comment_status":"open","ping_status":"closed","sticky":false,"template":"","format":"standard","meta":{"_acf_changed":false,"footnotes":""},"categories":[611],"tags":[],"class_list":["post-5314","post","type-post","status-publish","format-standard","has-post-thumbnail","hentry","category-noticias"],"acf":[],"yoast_head":"<!-- This site is optimized with the Yoast SEO plugin v27.2 - https:\/\/yoast.com\/product\/yoast-seo-wordpress\/ -->\n<title>Igreja de S\u00e3o Jos\u00e9 \u00e9 elevada a Santu\u00e1rio - Padre Eust\u00e1quio<\/title>\n<meta name=\"robots\" content=\"index, follow, max-snippet:-1, max-image-preview:large, max-video-preview:-1\" \/>\n<link rel=\"canonical\" href=\"https:\/\/www.padreeustaquio.com.br\/es\/la-iglesia-de-san-jose-es-elevada-a-santuario\/\" \/>\n<meta property=\"og:locale\" content=\"es_ES\" \/>\n<meta property=\"og:type\" content=\"article\" \/>\n<meta property=\"og:title\" content=\"Igreja de S\u00e3o Jos\u00e9 \u00e9 elevada a Santu\u00e1rio - Padre Eust\u00e1quio\" \/>\n<meta property=\"og:description\" content=\"A igreja de S\u00e3o Jos\u00e9, local que foi escolhido em setembro de 1943 para acolher a celebra\u00e7\u00e3o da Missa de 7\u00ba dia de Padre Eust\u00e1quio, foi elevada a Santu\u00e1rio no dia do seu padroeiro, 19 de mar\u00e7o, \u00faltima sexta-feira. O an\u00fancio solene foi feito pelo arcebispo metropolitano de Belo Horizonte e presidente da Confer\u00eancia Nacional dos Bispos do Brasil (CNBB), dom Walmor Oliveira de Azevedo, que presidiu a missa no templo que fica no centro da capital mineira, sem a presen\u00e7a de fi\u00e9is por causa do agravamento da pandemia. A celebra\u00e7\u00e3o eucar\u00edstica de cria\u00e7\u00e3o do\u00a0Santu\u00e1rio Arquidiocesano S\u00e3o Jos\u00e9\u00a0marca tamb\u00e9m as [&hellip;]\" \/>\n<meta property=\"og:url\" content=\"https:\/\/www.padreeustaquio.com.br\/es\/la-iglesia-de-san-jose-es-elevada-a-santuario\/\" \/>\n<meta property=\"og:site_name\" content=\"Padre Eust\u00e1quio\" \/>\n<meta property=\"article:publisher\" content=\"https:\/\/www.facebook.com\/beatopadreeustaquio\/\" \/>\n<meta property=\"article:published_time\" content=\"2021-03-22T10:38:00+00:00\" \/>\n<meta property=\"article:modified_time\" content=\"2021-03-22T13:13:08+00:00\" \/>\n<meta property=\"og:image\" content=\"https:\/\/www.padreeustaquio.com.br\/wp-content\/uploads\/2021\/03\/Santuario-Sao-Jose.jpg\" \/>\n\t<meta property=\"og:image:width\" content=\"748\" \/>\n\t<meta property=\"og:image:height\" content=\"394\" \/>\n\t<meta property=\"og:image:type\" content=\"image\/jpeg\" \/>\n<meta name=\"author\" content=\"@sscc\" \/>\n<meta name=\"twitter:card\" content=\"summary_large_image\" \/>\n<meta name=\"twitter:creator\" content=\"@beatopeustaquio\" \/>\n<meta name=\"twitter:site\" content=\"@beatopeustaquio\" \/>\n<meta name=\"twitter:label1\" content=\"Escrito por\" \/>\n\t<meta name=\"twitter:data1\" content=\"@sscc\" \/>\n\t<meta name=\"twitter:label2\" content=\"Tiempo de lectura\" \/>\n\t<meta name=\"twitter:data2\" content=\"2 minutos\" \/>\n<script type=\"application\/ld+json\" class=\"yoast-schema-graph\">{\"@context\":\"https:\/\/schema.org\",\"@graph\":[{\"@type\":\"Article\",\"@id\":\"https:\/\/www.padreeustaquio.com.br\/igreja-de-sao-jose-e-elevada-a-santuario\/#article\",\"isPartOf\":{\"@id\":\"https:\/\/www.padreeustaquio.com.br\/igreja-de-sao-jose-e-elevada-a-santuario\/\"},\"author\":{\"name\":\"@sscc\",\"@id\":\"https:\/\/www.padreeustaquio.com.br\/#\/schema\/person\/a2a51db1d00f1a7af0204a0f1ddb1566\"},\"headline\":\"Igreja de S\u00e3o Jos\u00e9 \u00e9 elevada a Santu\u00e1rio\",\"datePublished\":\"2021-03-22T10:38:00+00:00\",\"dateModified\":\"2021-03-22T13:13:08+00:00\",\"mainEntityOfPage\":{\"@id\":\"https:\/\/www.padreeustaquio.com.br\/igreja-de-sao-jose-e-elevada-a-santuario\/\"},\"wordCount\":309,\"commentCount\":0,\"publisher\":{\"@id\":\"https:\/\/www.padreeustaquio.com.br\/#organization\"},\"image\":{\"@id\":\"https:\/\/www.padreeustaquio.com.br\/igreja-de-sao-jose-e-elevada-a-santuario\/#primaryimage\"},\"thumbnailUrl\":\"https:\/\/www.padreeustaquio.com.br\/wp-content\/uploads\/2021\/03\/Santuario-Sao-Jose.jpg\",\"articleSection\":[\"Not\u00edcias\"],\"inLanguage\":\"es\",\"potentialAction\":[{\"@type\":\"CommentAction\",\"name\":\"Comment\",\"target\":[\"https:\/\/www.padreeustaquio.com.br\/igreja-de-sao-jose-e-elevada-a-santuario\/#respond\"]}]},{\"@type\":\"WebPage\",\"@id\":\"https:\/\/www.padreeustaquio.com.br\/igreja-de-sao-jose-e-elevada-a-santuario\/\",\"url\":\"https:\/\/www.padreeustaquio.com.br\/igreja-de-sao-jose-e-elevada-a-santuario\/\",\"name\":\"Igreja de S\u00e3o Jos\u00e9 \u00e9 elevada a Santu\u00e1rio - Padre Eust\u00e1quio\",\"isPartOf\":{\"@id\":\"https:\/\/www.padreeustaquio.com.br\/#website\"},\"primaryImageOfPage\":{\"@id\":\"https:\/\/www.padreeustaquio.com.br\/igreja-de-sao-jose-e-elevada-a-santuario\/#primaryimage\"},\"image\":{\"@id\":\"https:\/\/www.padreeustaquio.com.br\/igreja-de-sao-jose-e-elevada-a-santuario\/#primaryimage\"},\"thumbnailUrl\":\"https:\/\/www.padreeustaquio.com.br\/wp-content\/uploads\/2021\/03\/Santuario-Sao-Jose.jpg\",\"datePublished\":\"2021-03-22T10:38:00+00:00\",\"dateModified\":\"2021-03-22T13:13:08+00:00\",\"breadcrumb\":{\"@id\":\"https:\/\/www.padreeustaquio.com.br\/igreja-de-sao-jose-e-elevada-a-santuario\/#breadcrumb\"},\"inLanguage\":\"es\",\"potentialAction\":[{\"@type\":\"ReadAction\",\"target\":[\"https:\/\/www.padreeustaquio.com.br\/igreja-de-sao-jose-e-elevada-a-santuario\/\"]}]},{\"@type\":\"ImageObject\",\"inLanguage\":\"es\",\"@id\":\"https:\/\/www.padreeustaquio.com.br\/igreja-de-sao-jose-e-elevada-a-santuario\/#primaryimage\",\"url\":\"https:\/\/www.padreeustaquio.com.br\/wp-content\/uploads\/2021\/03\/Santuario-Sao-Jose.jpg\",\"contentUrl\":\"https:\/\/www.padreeustaquio.com.br\/wp-content\/uploads\/2021\/03\/Santuario-Sao-Jose.jpg\",\"width\":748,\"height\":394,\"caption\":\"Foto: Santu\u00e1rio Arquidiocesano de S\u00e3o Jos\u00e9\"},{\"@type\":\"BreadcrumbList\",\"@id\":\"https:\/\/www.padreeustaquio.com.br\/igreja-de-sao-jose-e-elevada-a-santuario\/#breadcrumb\",\"itemListElement\":[{\"@type\":\"ListItem\",\"position\":1,\"name\":\"In\u00edcio\",\"item\":\"https:\/\/www.padreeustaquio.com.br\/\"},{\"@type\":\"ListItem\",\"position\":2,\"name\":\"Igreja de S\u00e3o Jos\u00e9 \u00e9 elevada a Santu\u00e1rio\"}]},{\"@type\":\"WebSite\",\"@id\":\"https:\/\/www.padreeustaquio.com.br\/#website\",\"url\":\"https:\/\/www.padreeustaquio.com.br\/\",\"name\":\"Padre Eust\u00e1quio\",\"description\":\"Sa\u00fade e Paz\",\"publisher\":{\"@id\":\"https:\/\/www.padreeustaquio.com.br\/#organization\"},\"potentialAction\":[{\"@type\":\"SearchAction\",\"target\":{\"@type\":\"EntryPoint\",\"urlTemplate\":\"https:\/\/www.padreeustaquio.com.br\/?s={search_term_string}\"},\"query-input\":{\"@type\":\"PropertyValueSpecification\",\"valueRequired\":true,\"valueName\":\"search_term_string\"}}],\"inLanguage\":\"es\"},{\"@type\":\"Organization\",\"@id\":\"https:\/\/www.padreeustaquio.com.br\/#organization\",\"name\":\"Padre Eust\u00e1quio\",\"url\":\"https:\/\/www.padreeustaquio.com.br\/\",\"logo\":{\"@type\":\"ImageObject\",\"inLanguage\":\"es\",\"@id\":\"https:\/\/www.padreeustaquio.com.br\/#\/schema\/logo\/image\/\",\"url\":\"https:\/\/www.padreeustaquio.com.br\/wp-content\/uploads\/2019\/08\/marca.png\",\"contentUrl\":\"https:\/\/www.padreeustaquio.com.br\/wp-content\/uploads\/2019\/08\/marca.png\",\"width\":350,\"height\":400,\"caption\":\"Padre Eust\u00e1quio\"},\"image\":{\"@id\":\"https:\/\/www.padreeustaquio.com.br\/#\/schema\/logo\/image\/\"},\"sameAs\":[\"https:\/\/www.facebook.com\/beatopadreeustaquio\/\",\"https:\/\/x.com\/beatopeustaquio\",\"https:\/\/www.instagram.com\/beatopadreeustaquio\/\",\"https:\/\/www.youtube.com\/channel\/UCRhw7vfabnajwLxb1ZXMeIw\"]},{\"@type\":\"Person\",\"@id\":\"https:\/\/www.padreeustaquio.com.br\/#\/schema\/person\/a2a51db1d00f1a7af0204a0f1ddb1566\",\"name\":\"@sscc\",\"image\":{\"@type\":\"ImageObject\",\"inLanguage\":\"es\",\"@id\":\"https:\/\/secure.gravatar.com\/avatar\/68cfafa5f44617fea54071e215026e0ff06be366c3d54a8425f04fdcb86f8c5f?s=96&d=mm&r=g\",\"url\":\"https:\/\/secure.gravatar.com\/avatar\/68cfafa5f44617fea54071e215026e0ff06be366c3d54a8425f04fdcb86f8c5f?s=96&d=mm&r=g\",\"contentUrl\":\"https:\/\/secure.gravatar.com\/avatar\/68cfafa5f44617fea54071e215026e0ff06be366c3d54a8425f04fdcb86f8c5f?s=96&d=mm&r=g\",\"caption\":\"@sscc\"},\"url\":\"https:\/\/www.padreeustaquio.com.br\/es\/author\/sscc\/\"}]}<\/script>\n<!-- \/ Yoast SEO plugin. -->","yoast_head_json":{"title":"La Iglesia de San Jos\u00e9 es elevada a Santuario - Padre Eust\u00e1quio","robots":{"index":"index","follow":"follow","max-snippet":"max-snippet:-1","max-image-preview":"max-image-preview:large","max-video-preview":"max-video-preview:-1"},"canonical":"https:\/\/www.padreeustaquio.com.br\/es\/la-iglesia-de-san-jose-es-elevada-a-santuario\/","og_locale":"es_ES","og_type":"article","og_title":"Igreja de S\u00e3o Jos\u00e9 \u00e9 elevada a Santu\u00e1rio - Padre Eust\u00e1quio","og_description":"A igreja de S\u00e3o Jos\u00e9, local que foi escolhido em setembro de 1943 para acolher a celebra\u00e7\u00e3o da Missa de 7\u00ba dia de Padre Eust\u00e1quio, foi elevada a Santu\u00e1rio no dia do seu padroeiro, 19 de mar\u00e7o, \u00faltima sexta-feira. O an\u00fancio solene foi feito pelo arcebispo metropolitano de Belo Horizonte e presidente da Confer\u00eancia Nacional dos Bispos do Brasil (CNBB), dom Walmor Oliveira de Azevedo, que presidiu a missa no templo que fica no centro da capital mineira, sem a presen\u00e7a de fi\u00e9is por causa do agravamento da pandemia. A celebra\u00e7\u00e3o eucar\u00edstica de cria\u00e7\u00e3o do\u00a0Santu\u00e1rio Arquidiocesano S\u00e3o Jos\u00e9\u00a0marca tamb\u00e9m as [&hellip;]","og_url":"https:\/\/www.padreeustaquio.com.br\/es\/la-iglesia-de-san-jose-es-elevada-a-santuario\/","og_site_name":"Padre Eust\u00e1quio","article_publisher":"https:\/\/www.facebook.com\/beatopadreeustaquio\/","article_published_time":"2021-03-22T10:38:00+00:00","article_modified_time":"2021-03-22T13:13:08+00:00","og_image":[{"width":748,"height":394,"url":"https:\/\/www.padreeustaquio.com.br\/wp-content\/uploads\/2021\/03\/Santuario-Sao-Jose.jpg","type":"image\/jpeg"}],"author":"@sscc","twitter_card":"summary_large_image","twitter_creator":"@beatopeustaquio","twitter_site":"@beatopeustaquio","twitter_misc":{"Escrito por":"@sscc","Tiempo de lectura":"2 minutos"},"schema":{"@context":"https:\/\/schema.org","@graph":[{"@type":"Article","@id":"https:\/\/www.padreeustaquio.com.br\/igreja-de-sao-jose-e-elevada-a-santuario\/#article","isPartOf":{"@id":"https:\/\/www.padreeustaquio.com.br\/igreja-de-sao-jose-e-elevada-a-santuario\/"},"author":{"name":"@sscc","@id":"https:\/\/www.padreeustaquio.com.br\/#\/schema\/person\/a2a51db1d00f1a7af0204a0f1ddb1566"},"headline":"Igreja de S\u00e3o Jos\u00e9 \u00e9 elevada a Santu\u00e1rio","datePublished":"2021-03-22T10:38:00+00:00","dateModified":"2021-03-22T13:13:08+00:00","mainEntityOfPage":{"@id":"https:\/\/www.padreeustaquio.com.br\/igreja-de-sao-jose-e-elevada-a-santuario\/"},"wordCount":309,"commentCount":0,"publisher":{"@id":"https:\/\/www.padreeustaquio.com.br\/#organization"},"image":{"@id":"https:\/\/www.padreeustaquio.com.br\/igreja-de-sao-jose-e-elevada-a-santuario\/#primaryimage"},"thumbnailUrl":"https:\/\/www.padreeustaquio.com.br\/wp-content\/uploads\/2021\/03\/Santuario-Sao-Jose.jpg","articleSection":["Not\u00edcias"],"inLanguage":"es","potentialAction":[{"@type":"CommentAction","name":"Comment","target":["https:\/\/www.padreeustaquio.com.br\/igreja-de-sao-jose-e-elevada-a-santuario\/#respond"]}]},{"@type":"WebPage","@id":"https:\/\/www.padreeustaquio.com.br\/igreja-de-sao-jose-e-elevada-a-santuario\/","url":"https:\/\/www.padreeustaquio.com.br\/igreja-de-sao-jose-e-elevada-a-santuario\/","name":"La Iglesia de San Jos\u00e9 es elevada a Santuario - Padre Eust\u00e1quio","isPartOf":{"@id":"https:\/\/www.padreeustaquio.com.br\/#website"},"primaryImageOfPage":{"@id":"https:\/\/www.padreeustaquio.com.br\/igreja-de-sao-jose-e-elevada-a-santuario\/#primaryimage"},"image":{"@id":"https:\/\/www.padreeustaquio.com.br\/igreja-de-sao-jose-e-elevada-a-santuario\/#primaryimage"},"thumbnailUrl":"https:\/\/www.padreeustaquio.com.br\/wp-content\/uploads\/2021\/03\/Santuario-Sao-Jose.jpg","datePublished":"2021-03-22T10:38:00+00:00","dateModified":"2021-03-22T13:13:08+00:00","breadcrumb":{"@id":"https:\/\/www.padreeustaquio.com.br\/igreja-de-sao-jose-e-elevada-a-santuario\/#breadcrumb"},"inLanguage":"es","potentialAction":[{"@type":"ReadAction","target":["https:\/\/www.padreeustaquio.com.br\/igreja-de-sao-jose-e-elevada-a-santuario\/"]}]},{"@type":"ImageObject","inLanguage":"es","@id":"https:\/\/www.padreeustaquio.com.br\/igreja-de-sao-jose-e-elevada-a-santuario\/#primaryimage","url":"https:\/\/www.padreeustaquio.com.br\/wp-content\/uploads\/2021\/03\/Santuario-Sao-Jose.jpg","contentUrl":"https:\/\/www.padreeustaquio.com.br\/wp-content\/uploads\/2021\/03\/Santuario-Sao-Jose.jpg","width":748,"height":394,"caption":"Foto: Santu\u00e1rio Arquidiocesano de S\u00e3o Jos\u00e9"},{"@type":"BreadcrumbList","@id":"https:\/\/www.padreeustaquio.com.br\/igreja-de-sao-jose-e-elevada-a-santuario\/#breadcrumb","itemListElement":[{"@type":"ListItem","position":1,"name":"In\u00edcio","item":"https:\/\/www.padreeustaquio.com.br\/"},{"@type":"ListItem","position":2,"name":"Igreja de S\u00e3o Jos\u00e9 \u00e9 elevada a Santu\u00e1rio"}]},{"@type":"WebSite","@id":"https:\/\/www.padreeustaquio.com.br\/#website","url":"https:\/\/www.padreeustaquio.com.br\/","name":"Padre Eustace","description":"Salud y Paz","publisher":{"@id":"https:\/\/www.padreeustaquio.com.br\/#organization"},"potentialAction":[{"@type":"SearchAction","target":{"@type":"EntryPoint","urlTemplate":"https:\/\/www.padreeustaquio.com.br\/?s={search_term_string}"},"query-input":{"@type":"PropertyValueSpecification","valueRequired":true,"valueName":"search_term_string"}}],"inLanguage":"es"},{"@type":"Organization","@id":"https:\/\/www.padreeustaquio.com.br\/#organization","name":"Padre Eustace","url":"https:\/\/www.padreeustaquio.com.br\/","logo":{"@type":"ImageObject","inLanguage":"es","@id":"https:\/\/www.padreeustaquio.com.br\/#\/schema\/logo\/image\/","url":"https:\/\/www.padreeustaquio.com.br\/wp-content\/uploads\/2019\/08\/marca.png","contentUrl":"https:\/\/www.padreeustaquio.com.br\/wp-content\/uploads\/2019\/08\/marca.png","width":350,"height":400,"caption":"Padre Eust\u00e1quio"},"image":{"@id":"https:\/\/www.padreeustaquio.com.br\/#\/schema\/logo\/image\/"},"sameAs":["https:\/\/www.facebook.com\/beatopadreeustaquio\/","https:\/\/x.com\/beatopeustaquio","https:\/\/www.instagram.com\/beatopadreeustaquio\/","https:\/\/www.youtube.com\/channel\/UCRhw7vfabnajwLxb1ZXMeIw"]},{"@type":"Person","@id":"https:\/\/www.padreeustaquio.com.br\/#\/schema\/person\/a2a51db1d00f1a7af0204a0f1ddb1566","name":"@sscc","image":{"@type":"ImageObject","inLanguage":"es","@id":"https:\/\/secure.gravatar.com\/avatar\/68cfafa5f44617fea54071e215026e0ff06be366c3d54a8425f04fdcb86f8c5f?s=96&d=mm&r=g","url":"https:\/\/secure.gravatar.com\/avatar\/68cfafa5f44617fea54071e215026e0ff06be366c3d54a8425f04fdcb86f8c5f?s=96&d=mm&r=g","contentUrl":"https:\/\/secure.gravatar.com\/avatar\/68cfafa5f44617fea54071e215026e0ff06be366c3d54a8425f04fdcb86f8c5f?s=96&d=mm&r=g","caption":"@sscc"},"url":"https:\/\/www.padreeustaquio.com.br\/es\/author\/sscc\/"}]}},"_links":{"self":[{"href":"https:\/\/www.padreeustaquio.com.br\/es\/wp-json\/wp\/v2\/posts\/5314","targetHints":{"allow":["GET"]}}],"collection":[{"href":"https:\/\/www.padreeustaquio.com.br\/es\/wp-json\/wp\/v2\/posts"}],"about":[{"href":"https:\/\/www.padreeustaquio.com.br\/es\/wp-json\/wp\/v2\/types\/post"}],"author":[{"embeddable":true,"href":"https:\/\/www.padreeustaquio.com.br\/es\/wp-json\/wp\/v2\/users\/2"}],"replies":[{"embeddable":true,"href":"https:\/\/www.padreeustaquio.com.br\/es\/wp-json\/wp\/v2\/comments?post=5314"}],"version-history":[{"count":0,"href":"https:\/\/www.padreeustaquio.com.br\/es\/wp-json\/wp\/v2\/posts\/5314\/revisions"}],"wp:featuredmedia":[{"embeddable":true,"href":"https:\/\/www.padreeustaquio.com.br\/es\/wp-json\/wp\/v2\/media\/5315"}],"wp:attachment":[{"href":"https:\/\/www.padreeustaquio.com.br\/es\/wp-json\/wp\/v2\/media?parent=5314"}],"wp:term":[{"taxonomy":"category","embeddable":true,"href":"https:\/\/www.padreeustaquio.com.br\/es\/wp-json\/wp\/v2\/categories?post=5314"},{"taxonomy":"post_tag","embeddable":true,"href":"https:\/\/www.padreeustaquio.com.br\/es\/wp-json\/wp\/v2\/tags?post=5314"}],"curies":[{"name":"wp","href":"https:\/\/api.w.org\/{rel}","templated":true}]}}