{"id":5308,"date":"2021-03-23T06:38:00","date_gmt":"2021-03-23T09:38:00","guid":{"rendered":"https:\/\/www.padreeustaquio.com.br\/?p=5308"},"modified":"2021-03-21T17:06:49","modified_gmt":"2021-03-21T20:06:49","slug":"la-causa-de-canonizacion-y-las-obras-sociales-del-padre-eustaquio-ya-estan-recibiendo-donaciones-via-pix","status":"publish","type":"post","link":"https:\/\/www.padreeustaquio.com.br\/es\/la-causa-de-canonizacion-y-las-obras-sociales-del-padre-eustaquio-ya-estan-recibiendo-donaciones-via-pix\/","title":{"rendered":"La Causa de Canonizaci\u00f3n y Obras Sociales del Padre Eust\u00e1quio ahora est\u00e1n aceptando donaciones a trav\u00e9s de PIX."},"content":{"rendered":"<p>El nuevo m\u00e9todo de pago instant\u00e1neo, creado por el Banco Central, es una opci\u00f3n adicional a TED y DOC para que particulares y empresas transfieran fondos, realicen o reciban pagos y donaciones. Con Pix, las transacciones se completan en menos de 10 segundos, utilizando \u00fanicamente aplicaciones m\u00f3viles.<\/p>\n\n\n\n<p>El servicio est\u00e1 disponible las 24 horas, todos los d\u00edas, incluidos los fines de semana. Las transacciones se realizan de forma r\u00e1pida y gratuita para particulares, incluidos los aut\u00f3nomos.<\/p>\n\n\n\n<p>Para hacer una donaci\u00f3n a la Causa de Canonizaci\u00f3n, simplemente acceda a la aplicaci\u00f3n de su banco en su tel\u00e9fono m\u00f3vil, seleccione la opci\u00f3n &quot;PIX&quot; para transferencias e ingrese la clave PIX de la Vicepostulaci\u00f3n, que es el n\u00famero de WhatsApp: <strong>(31) 99545-1943.<\/strong><br>El dinero recaudado se utiliza para financiar el proceso de canonizaci\u00f3n del Beato Padre Eustaquio, para ayudar a mantener las transmisiones en l\u00ednea de las celebraciones y para apoyar el trabajo que realizan los Centros de Cuidado Infantil Padre Eustaquio, que actualmente atienden a 260 ni\u00f1os, y las Damas de la Caridad, que asisten a m\u00e1s de 120 familias que viven en situaci\u00f3n de pobreza.<\/p>\n\n\n\n<p>Haz una donaci\u00f3n y ay\u00fadanos a continuar esta labor:<br><strong>Clave PIX: (31) 99545-1943<\/strong><\/p>\n\n\n\n<p>Si lo prefieres, realiza un dep\u00f3sito o transferencia bancaria:<br><strong>Banco Federal de Ahorros<\/strong><br><strong>Ag: <\/strong>0089<br><strong>Op.<\/strong> 013<br><strong>Cuenta:<\/strong> 48.086-7<br><strong>CNPJ:<\/strong> 17.193.756\/0001-05 \u2013 <strong>Padre Eust\u00e1quio Acci\u00f3n Social<\/strong><\/p>\n\n\n\n<p><\/p>\n\n\n\n<p><strong><em>**con informaci\u00f3n (sobre PIX) de economia.uol.com.br<\/em><\/strong><\/p>","protected":false},"excerpt":{"rendered":"<p>O novo meio de pagamento instant\u00e2neo, criado pelo Banco Central, \u00e9 uma op\u00e7\u00e3o a mais al\u00e9m do TED e do DOC, para pessoas e empresas fazerem transfer\u00eancias de valores, realizarem ou receberem pagamentos e doa\u00e7\u00f5es. Com o Pix as transa\u00e7\u00f5es s\u00e3o feitas em menos de 10 segundos, usando apenas aplicativos de celular. O servi\u00e7o \u00e9 dispon\u00edvel 24 horas por dia, todos os dias, inclusive finais de semana. As transa\u00e7\u00f5es s\u00e3o conclu\u00eddas rapidamente e de forma gratuita para pessoas f\u00edsicas, inclusive MEIs (microempreendedores individuais). Para fazer uma doa\u00e7\u00e3o para a Causa de Canoniza\u00e7\u00e3o basta entrar no aplicativo do seu banco, pelo [&hellip;]<\/p>\n","protected":false},"author":2,"featured_media":5309,"comment_status":"open","ping_status":"closed","sticky":false,"template":"","format":"standard","meta":{"_acf_changed":false,"footnotes":""},"categories":[611],"tags":[],"class_list":["post-5308","post","type-post","status-publish","format-standard","has-post-thumbnail","hentry","category-noticias"],"acf":[],"yoast_head":"<!-- This site is optimized with the Yoast SEO plugin v27.2 - https:\/\/yoast.com\/product\/yoast-seo-wordpress\/ -->\n<title>Causa de Canoniza\u00e7\u00e3o e Obras Sociais de Padre Eust\u00e1quio j\u00e1 recebem doa\u00e7\u00f5es via PIX - Padre Eust\u00e1quio<\/title>\n<meta name=\"robots\" content=\"index, follow, max-snippet:-1, max-image-preview:large, max-video-preview:-1\" \/>\n<link rel=\"canonical\" href=\"https:\/\/www.padreeustaquio.com.br\/es\/la-causa-de-canonizacion-y-las-obras-sociales-del-padre-eustaquio-ya-estan-recibiendo-donaciones-via-pix\/\" \/>\n<meta property=\"og:locale\" content=\"es_ES\" \/>\n<meta property=\"og:type\" content=\"article\" \/>\n<meta property=\"og:title\" content=\"Causa de Canoniza\u00e7\u00e3o e Obras Sociais de Padre Eust\u00e1quio j\u00e1 recebem doa\u00e7\u00f5es via PIX - Padre Eust\u00e1quio\" \/>\n<meta property=\"og:description\" content=\"O novo meio de pagamento instant\u00e2neo, criado pelo Banco Central, \u00e9 uma op\u00e7\u00e3o a mais al\u00e9m do TED e do DOC, para pessoas e empresas fazerem transfer\u00eancias de valores, realizarem ou receberem pagamentos e doa\u00e7\u00f5es. Com o Pix as transa\u00e7\u00f5es s\u00e3o feitas em menos de 10 segundos, usando apenas aplicativos de celular. O servi\u00e7o \u00e9 dispon\u00edvel 24 horas por dia, todos os dias, inclusive finais de semana. As transa\u00e7\u00f5es s\u00e3o conclu\u00eddas rapidamente e de forma gratuita para pessoas f\u00edsicas, inclusive MEIs (microempreendedores individuais). Para fazer uma doa\u00e7\u00e3o para a Causa de Canoniza\u00e7\u00e3o basta entrar no aplicativo do seu banco, pelo [&hellip;]\" \/>\n<meta property=\"og:url\" content=\"https:\/\/www.padreeustaquio.com.br\/es\/la-causa-de-canonizacion-y-las-obras-sociales-del-padre-eustaquio-ya-estan-recibiendo-donaciones-via-pix\/\" \/>\n<meta property=\"og:site_name\" content=\"Padre Eust\u00e1quio\" \/>\n<meta property=\"article:publisher\" content=\"https:\/\/www.facebook.com\/beatopadreeustaquio\/\" \/>\n<meta property=\"article:published_time\" content=\"2021-03-23T09:38:00+00:00\" \/>\n<meta property=\"og:image\" content=\"https:\/\/www.padreeustaquio.com.br\/wp-content\/uploads\/2021\/03\/Doacao-PIX.jpg\" \/>\n\t<meta property=\"og:image:width\" content=\"748\" \/>\n\t<meta property=\"og:image:height\" content=\"394\" \/>\n\t<meta property=\"og:image:type\" content=\"image\/jpeg\" \/>\n<meta name=\"author\" content=\"@sscc\" \/>\n<meta name=\"twitter:card\" content=\"summary_large_image\" \/>\n<meta name=\"twitter:creator\" content=\"@beatopeustaquio\" \/>\n<meta name=\"twitter:site\" content=\"@beatopeustaquio\" \/>\n<meta name=\"twitter:label1\" content=\"Escrito por\" \/>\n\t<meta name=\"twitter:data1\" content=\"@sscc\" \/>\n\t<meta name=\"twitter:label2\" content=\"Tiempo de lectura\" \/>\n\t<meta name=\"twitter:data2\" content=\"1 minuto\" \/>\n<script type=\"application\/ld+json\" class=\"yoast-schema-graph\">{\"@context\":\"https:\/\/schema.org\",\"@graph\":[{\"@type\":\"Article\",\"@id\":\"https:\/\/www.padreeustaquio.com.br\/causa-de-canonizacao-e-obras-sociais-de-padre-eustaquio-ja-recebem-doacoes-via-pix\/#article\",\"isPartOf\":{\"@id\":\"https:\/\/www.padreeustaquio.com.br\/causa-de-canonizacao-e-obras-sociais-de-padre-eustaquio-ja-recebem-doacoes-via-pix\/\"},\"author\":{\"name\":\"@sscc\",\"@id\":\"https:\/\/www.padreeustaquio.com.br\/#\/schema\/person\/a2a51db1d00f1a7af0204a0f1ddb1566\"},\"headline\":\"Causa de Canoniza\u00e7\u00e3o e Obras Sociais de Padre Eust\u00e1quio j\u00e1 recebem doa\u00e7\u00f5es via PIX\",\"datePublished\":\"2021-03-23T09:38:00+00:00\",\"mainEntityOfPage\":{\"@id\":\"https:\/\/www.padreeustaquio.com.br\/causa-de-canonizacao-e-obras-sociais-de-padre-eustaquio-ja-recebem-doacoes-via-pix\/\"},\"wordCount\":267,\"commentCount\":0,\"publisher\":{\"@id\":\"https:\/\/www.padreeustaquio.com.br\/#organization\"},\"image\":{\"@id\":\"https:\/\/www.padreeustaquio.com.br\/causa-de-canonizacao-e-obras-sociais-de-padre-eustaquio-ja-recebem-doacoes-via-pix\/#primaryimage\"},\"thumbnailUrl\":\"https:\/\/www.padreeustaquio.com.br\/wp-content\/uploads\/2021\/03\/Doacao-PIX.jpg\",\"articleSection\":[\"Not\u00edcias\"],\"inLanguage\":\"es\",\"potentialAction\":[{\"@type\":\"CommentAction\",\"name\":\"Comment\",\"target\":[\"https:\/\/www.padreeustaquio.com.br\/causa-de-canonizacao-e-obras-sociais-de-padre-eustaquio-ja-recebem-doacoes-via-pix\/#respond\"]}]},{\"@type\":\"WebPage\",\"@id\":\"https:\/\/www.padreeustaquio.com.br\/causa-de-canonizacao-e-obras-sociais-de-padre-eustaquio-ja-recebem-doacoes-via-pix\/\",\"url\":\"https:\/\/www.padreeustaquio.com.br\/causa-de-canonizacao-e-obras-sociais-de-padre-eustaquio-ja-recebem-doacoes-via-pix\/\",\"name\":\"Causa de Canoniza\u00e7\u00e3o e Obras Sociais de Padre Eust\u00e1quio j\u00e1 recebem doa\u00e7\u00f5es via PIX - Padre Eust\u00e1quio\",\"isPartOf\":{\"@id\":\"https:\/\/www.padreeustaquio.com.br\/#website\"},\"primaryImageOfPage\":{\"@id\":\"https:\/\/www.padreeustaquio.com.br\/causa-de-canonizacao-e-obras-sociais-de-padre-eustaquio-ja-recebem-doacoes-via-pix\/#primaryimage\"},\"image\":{\"@id\":\"https:\/\/www.padreeustaquio.com.br\/causa-de-canonizacao-e-obras-sociais-de-padre-eustaquio-ja-recebem-doacoes-via-pix\/#primaryimage\"},\"thumbnailUrl\":\"https:\/\/www.padreeustaquio.com.br\/wp-content\/uploads\/2021\/03\/Doacao-PIX.jpg\",\"datePublished\":\"2021-03-23T09:38:00+00:00\",\"breadcrumb\":{\"@id\":\"https:\/\/www.padreeustaquio.com.br\/causa-de-canonizacao-e-obras-sociais-de-padre-eustaquio-ja-recebem-doacoes-via-pix\/#breadcrumb\"},\"inLanguage\":\"es\",\"potentialAction\":[{\"@type\":\"ReadAction\",\"target\":[\"https:\/\/www.padreeustaquio.com.br\/causa-de-canonizacao-e-obras-sociais-de-padre-eustaquio-ja-recebem-doacoes-via-pix\/\"]}]},{\"@type\":\"ImageObject\",\"inLanguage\":\"es\",\"@id\":\"https:\/\/www.padreeustaquio.com.br\/causa-de-canonizacao-e-obras-sociais-de-padre-eustaquio-ja-recebem-doacoes-via-pix\/#primaryimage\",\"url\":\"https:\/\/www.padreeustaquio.com.br\/wp-content\/uploads\/2021\/03\/Doacao-PIX.jpg\",\"contentUrl\":\"https:\/\/www.padreeustaquio.com.br\/wp-content\/uploads\/2021\/03\/Doacao-PIX.jpg\",\"width\":748,\"height\":394},{\"@type\":\"BreadcrumbList\",\"@id\":\"https:\/\/www.padreeustaquio.com.br\/causa-de-canonizacao-e-obras-sociais-de-padre-eustaquio-ja-recebem-doacoes-via-pix\/#breadcrumb\",\"itemListElement\":[{\"@type\":\"ListItem\",\"position\":1,\"name\":\"In\u00edcio\",\"item\":\"https:\/\/www.padreeustaquio.com.br\/\"},{\"@type\":\"ListItem\",\"position\":2,\"name\":\"Causa de Canoniza\u00e7\u00e3o e Obras Sociais de Padre Eust\u00e1quio j\u00e1 recebem doa\u00e7\u00f5es via PIX\"}]},{\"@type\":\"WebSite\",\"@id\":\"https:\/\/www.padreeustaquio.com.br\/#website\",\"url\":\"https:\/\/www.padreeustaquio.com.br\/\",\"name\":\"Padre Eust\u00e1quio\",\"description\":\"Sa\u00fade e Paz\",\"publisher\":{\"@id\":\"https:\/\/www.padreeustaquio.com.br\/#organization\"},\"potentialAction\":[{\"@type\":\"SearchAction\",\"target\":{\"@type\":\"EntryPoint\",\"urlTemplate\":\"https:\/\/www.padreeustaquio.com.br\/?s={search_term_string}\"},\"query-input\":{\"@type\":\"PropertyValueSpecification\",\"valueRequired\":true,\"valueName\":\"search_term_string\"}}],\"inLanguage\":\"es\"},{\"@type\":\"Organization\",\"@id\":\"https:\/\/www.padreeustaquio.com.br\/#organization\",\"name\":\"Padre Eust\u00e1quio\",\"url\":\"https:\/\/www.padreeustaquio.com.br\/\",\"logo\":{\"@type\":\"ImageObject\",\"inLanguage\":\"es\",\"@id\":\"https:\/\/www.padreeustaquio.com.br\/#\/schema\/logo\/image\/\",\"url\":\"https:\/\/www.padreeustaquio.com.br\/wp-content\/uploads\/2019\/08\/marca.png\",\"contentUrl\":\"https:\/\/www.padreeustaquio.com.br\/wp-content\/uploads\/2019\/08\/marca.png\",\"width\":350,\"height\":400,\"caption\":\"Padre Eust\u00e1quio\"},\"image\":{\"@id\":\"https:\/\/www.padreeustaquio.com.br\/#\/schema\/logo\/image\/\"},\"sameAs\":[\"https:\/\/www.facebook.com\/beatopadreeustaquio\/\",\"https:\/\/x.com\/beatopeustaquio\",\"https:\/\/www.instagram.com\/beatopadreeustaquio\/\",\"https:\/\/www.youtube.com\/channel\/UCRhw7vfabnajwLxb1ZXMeIw\"]},{\"@type\":\"Person\",\"@id\":\"https:\/\/www.padreeustaquio.com.br\/#\/schema\/person\/a2a51db1d00f1a7af0204a0f1ddb1566\",\"name\":\"@sscc\",\"image\":{\"@type\":\"ImageObject\",\"inLanguage\":\"es\",\"@id\":\"https:\/\/secure.gravatar.com\/avatar\/68cfafa5f44617fea54071e215026e0ff06be366c3d54a8425f04fdcb86f8c5f?s=96&d=mm&r=g\",\"url\":\"https:\/\/secure.gravatar.com\/avatar\/68cfafa5f44617fea54071e215026e0ff06be366c3d54a8425f04fdcb86f8c5f?s=96&d=mm&r=g\",\"contentUrl\":\"https:\/\/secure.gravatar.com\/avatar\/68cfafa5f44617fea54071e215026e0ff06be366c3d54a8425f04fdcb86f8c5f?s=96&d=mm&r=g\",\"caption\":\"@sscc\"},\"url\":\"https:\/\/www.padreeustaquio.com.br\/es\/author\/sscc\/\"}]}<\/script>\n<!-- \/ Yoast SEO plugin. -->","yoast_head_json":{"title":"La Causa de Canonizaci\u00f3n y Obras Sociales del Padre Eust\u00e1quio ahora aceptan donaciones v\u00eda PIX - Padre Eust\u00e1quio","robots":{"index":"index","follow":"follow","max-snippet":"max-snippet:-1","max-image-preview":"max-image-preview:large","max-video-preview":"max-video-preview:-1"},"canonical":"https:\/\/www.padreeustaquio.com.br\/es\/la-causa-de-canonizacion-y-las-obras-sociales-del-padre-eustaquio-ya-estan-recibiendo-donaciones-via-pix\/","og_locale":"es_ES","og_type":"article","og_title":"Causa de Canoniza\u00e7\u00e3o e Obras Sociais de Padre Eust\u00e1quio j\u00e1 recebem doa\u00e7\u00f5es via PIX - Padre Eust\u00e1quio","og_description":"O novo meio de pagamento instant\u00e2neo, criado pelo Banco Central, \u00e9 uma op\u00e7\u00e3o a mais al\u00e9m do TED e do DOC, para pessoas e empresas fazerem transfer\u00eancias de valores, realizarem ou receberem pagamentos e doa\u00e7\u00f5es. Com o Pix as transa\u00e7\u00f5es s\u00e3o feitas em menos de 10 segundos, usando apenas aplicativos de celular. O servi\u00e7o \u00e9 dispon\u00edvel 24 horas por dia, todos os dias, inclusive finais de semana. As transa\u00e7\u00f5es s\u00e3o conclu\u00eddas rapidamente e de forma gratuita para pessoas f\u00edsicas, inclusive MEIs (microempreendedores individuais). Para fazer uma doa\u00e7\u00e3o para a Causa de Canoniza\u00e7\u00e3o basta entrar no aplicativo do seu banco, pelo [&hellip;]","og_url":"https:\/\/www.padreeustaquio.com.br\/es\/la-causa-de-canonizacion-y-las-obras-sociales-del-padre-eustaquio-ya-estan-recibiendo-donaciones-via-pix\/","og_site_name":"Padre Eust\u00e1quio","article_publisher":"https:\/\/www.facebook.com\/beatopadreeustaquio\/","article_published_time":"2021-03-23T09:38:00+00:00","og_image":[{"width":748,"height":394,"url":"https:\/\/www.padreeustaquio.com.br\/wp-content\/uploads\/2021\/03\/Doacao-PIX.jpg","type":"image\/jpeg"}],"author":"@sscc","twitter_card":"summary_large_image","twitter_creator":"@beatopeustaquio","twitter_site":"@beatopeustaquio","twitter_misc":{"Escrito por":"@sscc","Tiempo de lectura":"1 minuto"},"schema":{"@context":"https:\/\/schema.org","@graph":[{"@type":"Article","@id":"https:\/\/www.padreeustaquio.com.br\/causa-de-canonizacao-e-obras-sociais-de-padre-eustaquio-ja-recebem-doacoes-via-pix\/#article","isPartOf":{"@id":"https:\/\/www.padreeustaquio.com.br\/causa-de-canonizacao-e-obras-sociais-de-padre-eustaquio-ja-recebem-doacoes-via-pix\/"},"author":{"name":"@sscc","@id":"https:\/\/www.padreeustaquio.com.br\/#\/schema\/person\/a2a51db1d00f1a7af0204a0f1ddb1566"},"headline":"Causa de Canoniza\u00e7\u00e3o e Obras Sociais de Padre Eust\u00e1quio j\u00e1 recebem doa\u00e7\u00f5es via PIX","datePublished":"2021-03-23T09:38:00+00:00","mainEntityOfPage":{"@id":"https:\/\/www.padreeustaquio.com.br\/causa-de-canonizacao-e-obras-sociais-de-padre-eustaquio-ja-recebem-doacoes-via-pix\/"},"wordCount":267,"commentCount":0,"publisher":{"@id":"https:\/\/www.padreeustaquio.com.br\/#organization"},"image":{"@id":"https:\/\/www.padreeustaquio.com.br\/causa-de-canonizacao-e-obras-sociais-de-padre-eustaquio-ja-recebem-doacoes-via-pix\/#primaryimage"},"thumbnailUrl":"https:\/\/www.padreeustaquio.com.br\/wp-content\/uploads\/2021\/03\/Doacao-PIX.jpg","articleSection":["Not\u00edcias"],"inLanguage":"es","potentialAction":[{"@type":"CommentAction","name":"Comment","target":["https:\/\/www.padreeustaquio.com.br\/causa-de-canonizacao-e-obras-sociais-de-padre-eustaquio-ja-recebem-doacoes-via-pix\/#respond"]}]},{"@type":"WebPage","@id":"https:\/\/www.padreeustaquio.com.br\/causa-de-canonizacao-e-obras-sociais-de-padre-eustaquio-ja-recebem-doacoes-via-pix\/","url":"https:\/\/www.padreeustaquio.com.br\/causa-de-canonizacao-e-obras-sociais-de-padre-eustaquio-ja-recebem-doacoes-via-pix\/","name":"La Causa de Canonizaci\u00f3n y Obras Sociales del Padre Eust\u00e1quio ahora aceptan donaciones v\u00eda PIX - Padre Eust\u00e1quio","isPartOf":{"@id":"https:\/\/www.padreeustaquio.com.br\/#website"},"primaryImageOfPage":{"@id":"https:\/\/www.padreeustaquio.com.br\/causa-de-canonizacao-e-obras-sociais-de-padre-eustaquio-ja-recebem-doacoes-via-pix\/#primaryimage"},"image":{"@id":"https:\/\/www.padreeustaquio.com.br\/causa-de-canonizacao-e-obras-sociais-de-padre-eustaquio-ja-recebem-doacoes-via-pix\/#primaryimage"},"thumbnailUrl":"https:\/\/www.padreeustaquio.com.br\/wp-content\/uploads\/2021\/03\/Doacao-PIX.jpg","datePublished":"2021-03-23T09:38:00+00:00","breadcrumb":{"@id":"https:\/\/www.padreeustaquio.com.br\/causa-de-canonizacao-e-obras-sociais-de-padre-eustaquio-ja-recebem-doacoes-via-pix\/#breadcrumb"},"inLanguage":"es","potentialAction":[{"@type":"ReadAction","target":["https:\/\/www.padreeustaquio.com.br\/causa-de-canonizacao-e-obras-sociais-de-padre-eustaquio-ja-recebem-doacoes-via-pix\/"]}]},{"@type":"ImageObject","inLanguage":"es","@id":"https:\/\/www.padreeustaquio.com.br\/causa-de-canonizacao-e-obras-sociais-de-padre-eustaquio-ja-recebem-doacoes-via-pix\/#primaryimage","url":"https:\/\/www.padreeustaquio.com.br\/wp-content\/uploads\/2021\/03\/Doacao-PIX.jpg","contentUrl":"https:\/\/www.padreeustaquio.com.br\/wp-content\/uploads\/2021\/03\/Doacao-PIX.jpg","width":748,"height":394},{"@type":"BreadcrumbList","@id":"https:\/\/www.padreeustaquio.com.br\/causa-de-canonizacao-e-obras-sociais-de-padre-eustaquio-ja-recebem-doacoes-via-pix\/#breadcrumb","itemListElement":[{"@type":"ListItem","position":1,"name":"In\u00edcio","item":"https:\/\/www.padreeustaquio.com.br\/"},{"@type":"ListItem","position":2,"name":"Causa de Canoniza\u00e7\u00e3o e Obras Sociais de Padre Eust\u00e1quio j\u00e1 recebem doa\u00e7\u00f5es via PIX"}]},{"@type":"WebSite","@id":"https:\/\/www.padreeustaquio.com.br\/#website","url":"https:\/\/www.padreeustaquio.com.br\/","name":"Padre Eustace","description":"Salud y Paz","publisher":{"@id":"https:\/\/www.padreeustaquio.com.br\/#organization"},"potentialAction":[{"@type":"SearchAction","target":{"@type":"EntryPoint","urlTemplate":"https:\/\/www.padreeustaquio.com.br\/?s={search_term_string}"},"query-input":{"@type":"PropertyValueSpecification","valueRequired":true,"valueName":"search_term_string"}}],"inLanguage":"es"},{"@type":"Organization","@id":"https:\/\/www.padreeustaquio.com.br\/#organization","name":"Padre Eustace","url":"https:\/\/www.padreeustaquio.com.br\/","logo":{"@type":"ImageObject","inLanguage":"es","@id":"https:\/\/www.padreeustaquio.com.br\/#\/schema\/logo\/image\/","url":"https:\/\/www.padreeustaquio.com.br\/wp-content\/uploads\/2019\/08\/marca.png","contentUrl":"https:\/\/www.padreeustaquio.com.br\/wp-content\/uploads\/2019\/08\/marca.png","width":350,"height":400,"caption":"Padre Eust\u00e1quio"},"image":{"@id":"https:\/\/www.padreeustaquio.com.br\/#\/schema\/logo\/image\/"},"sameAs":["https:\/\/www.facebook.com\/beatopadreeustaquio\/","https:\/\/x.com\/beatopeustaquio","https:\/\/www.instagram.com\/beatopadreeustaquio\/","https:\/\/www.youtube.com\/channel\/UCRhw7vfabnajwLxb1ZXMeIw"]},{"@type":"Person","@id":"https:\/\/www.padreeustaquio.com.br\/#\/schema\/person\/a2a51db1d00f1a7af0204a0f1ddb1566","name":"@sscc","image":{"@type":"ImageObject","inLanguage":"es","@id":"https:\/\/secure.gravatar.com\/avatar\/68cfafa5f44617fea54071e215026e0ff06be366c3d54a8425f04fdcb86f8c5f?s=96&d=mm&r=g","url":"https:\/\/secure.gravatar.com\/avatar\/68cfafa5f44617fea54071e215026e0ff06be366c3d54a8425f04fdcb86f8c5f?s=96&d=mm&r=g","contentUrl":"https:\/\/secure.gravatar.com\/avatar\/68cfafa5f44617fea54071e215026e0ff06be366c3d54a8425f04fdcb86f8c5f?s=96&d=mm&r=g","caption":"@sscc"},"url":"https:\/\/www.padreeustaquio.com.br\/es\/author\/sscc\/"}]}},"_links":{"self":[{"href":"https:\/\/www.padreeustaquio.com.br\/es\/wp-json\/wp\/v2\/posts\/5308","targetHints":{"allow":["GET"]}}],"collection":[{"href":"https:\/\/www.padreeustaquio.com.br\/es\/wp-json\/wp\/v2\/posts"}],"about":[{"href":"https:\/\/www.padreeustaquio.com.br\/es\/wp-json\/wp\/v2\/types\/post"}],"author":[{"embeddable":true,"href":"https:\/\/www.padreeustaquio.com.br\/es\/wp-json\/wp\/v2\/users\/2"}],"replies":[{"embeddable":true,"href":"https:\/\/www.padreeustaquio.com.br\/es\/wp-json\/wp\/v2\/comments?post=5308"}],"version-history":[{"count":0,"href":"https:\/\/www.padreeustaquio.com.br\/es\/wp-json\/wp\/v2\/posts\/5308\/revisions"}],"wp:featuredmedia":[{"embeddable":true,"href":"https:\/\/www.padreeustaquio.com.br\/es\/wp-json\/wp\/v2\/media\/5309"}],"wp:attachment":[{"href":"https:\/\/www.padreeustaquio.com.br\/es\/wp-json\/wp\/v2\/media?parent=5308"}],"wp:term":[{"taxonomy":"category","embeddable":true,"href":"https:\/\/www.padreeustaquio.com.br\/es\/wp-json\/wp\/v2\/categories?post=5308"},{"taxonomy":"post_tag","embeddable":true,"href":"https:\/\/www.padreeustaquio.com.br\/es\/wp-json\/wp\/v2\/tags?post=5308"}],"curies":[{"name":"wp","href":"https:\/\/api.w.org\/{rel}","templated":true}]}}